{"id":20976,"date":"2024-12-16T16:41:25","date_gmt":"2024-12-16T13:41:25","guid":{"rendered":"https:\/\/denizcankizil.tr\/uncategorized-tr\/yanginin-ofkesini-esinden-cikardi\/"},"modified":"2024-12-16T16:41:25","modified_gmt":"2024-12-16T13:41:25","slug":"yanginin-ofkesini-esinden-cikardi","status":"publish","type":"post","link":"http:\/\/denizcankizil.tr\/en\/haberler\/antalya\/yanginin-ofkesini-esinden-cikardi\/","title":{"rendered":"Yang\u0131n\u0131n \u00f6fkesini e\u015finden \u00e7\u0131kard\u0131"},"content":{"rendered":"<p>Yang\u0131n, saat 14.00 s\u0131ralar\u0131nda Antalya&#8217;n\u0131n Kepez il\u00e7esi Baraj Mahallesi 5899 sokak \u00fczerinde bulunan bir ikametin depo olarak kullan\u0131lan ayr\u0131 b\u00f6l\u00fcm\u00fcnde meydana geldi. \u0130kamet bah\u00e7esinde bulunan ayr\u0131 b\u00f6l\u00fcmden dumanlar \u00e7\u0131kt\u0131\u011f\u0131n\u0131 g\u00f6ren vatanda\u015flar 112 Acil \u00c7a\u011fr\u0131 Merkezini arad\u0131. K\u0131sa s\u00fcrede verilen adrese gelen Antalya B\u00fcy\u00fck\u015fehir Belediyesi \u0130tfaiye Daire Ba\u015fkanl\u0131\u011f\u0131&#8217;na ba\u011fl\u0131 ekipler alevlere m\u00fcdahale ederek k\u0131sa s\u00fcrede s\u00f6nd\u00fcrd\u00fc. Yap\u0131lan so\u011futma \u00e7al\u0131\u015fmas\u0131n\u0131n ard\u0131ndan i\u00e7indeki malzemelerde yanan depo kullan\u0131lamaz hale geldi.<\/p>\n<p>\u00d6fkesini gen\u00e7 kad\u0131ndan \u00e7\u0131kard\u0131<br \/>\nBu s\u0131rada itfaiye ekiplerinin s\u00f6nd\u00fcrme \u00e7al\u0131\u015fmas\u0131n\u0131 izleyen ismi \u00f6\u011frenilemeyen ikamet sahibi \u00f6fkesini olay an\u0131nda evde olmayan ve elektrikli motosikletle gelen e\u015finden \u00e7\u0131kard\u0131. Gen\u00e7 kad\u0131n\u0131 motosikletten indiren yere yat\u0131ran \u015fah\u0131s e\u015fini darp etmeye ba\u015flad\u0131. Gen\u00e7 kad\u0131n olay yerinde bulunan ve yang\u0131na m\u00fcdahale eden itfaiye ekipleri taraf\u0131ndan \u00f6fkeli adam\u0131n elinden al\u0131nd\u0131. \u0130tfaiye ekiplerinin ay\u0131rd\u0131\u011f\u0131 adam elektrikli bisiklete binerek ayr\u0131l\u0131rken, gen\u00e7 kad\u0131n ise ikamet i\u00e7erisine girdi.<\/p>\n<p>Kaynak: www.kanalv.com.tr Haber Sitesinden Al\u0131nm\u0131\u015ft\u0131r.<\/p>","protected":false},"excerpt":{"rendered":"<p>Yang\u0131n, saat 14.00 s\u0131ralar\u0131nda Antalya&#8217;n\u0131n Kepez il\u00e7esi Baraj Mahallesi 5899 sokak \u00fczerinde bulunan bir ikametin depo olarak kullan\u0131lan ayr\u0131 b\u00f6l\u00fcm\u00fcnde meydana geldi. \u0130kamet bah\u00e7esinde bulunan ayr\u0131 b\u00f6l\u00fcmden dumanlar \u00e7\u0131kt\u0131\u011f\u0131n\u0131 g\u00f6ren vatanda\u015flar 112 Acil \u00c7a\u011fr\u0131 Merkezini arad\u0131. K\u0131sa s\u00fcrede verilen adrese gelen Antalya B\u00fcy\u00fck\u015fehir Belediyesi \u0130tfaiye Daire Ba\u015fkanl\u0131\u011f\u0131&#8217;na ba\u011fl\u0131 ekipler alevlere m\u00fcdahale ederek k\u0131sa s\u00fcrede s\u00f6nd\u00fcrd\u00fc. Yap\u0131lan so\u011futma \u00e7al\u0131\u015fmas\u0131n\u0131n ard\u0131ndan i\u00e7indeki malzemelerde yanan depo kullan\u0131lamaz hale geldi. \u00d6fkesini gen\u00e7 kad\u0131ndan \u00e7\u0131kard\u0131 Bu s\u0131rada itfaiye ekiplerinin s\u00f6nd\u00fcrme \u00e7al\u0131\u015fmas\u0131n\u0131 izleyen ismi \u00f6\u011frenilemeyen ikamet sahibi \u00f6fkesini olay an\u0131nda evde olmayan ve elektrikli motosikletle gelen e\u015finden \u00e7\u0131kard\u0131. Gen\u00e7 kad\u0131n\u0131 motosikletten indiren yere yat\u0131ran \u015fah\u0131s e\u015fini darp etmeye ba\u015flad\u0131. Gen\u00e7 kad\u0131n olay yerinde bulunan ve yang\u0131na m\u00fcdahale eden itfaiye ekipleri taraf\u0131ndan \u00f6fkeli adam\u0131n elinden al\u0131nd\u0131. \u0130tfaiye ekiplerinin ay\u0131rd\u0131\u011f\u0131 adam elektrikli bisiklete binerek ayr\u0131l\u0131rken, gen\u00e7 kad\u0131n ise ikamet i\u00e7erisine girdi. Kaynak: www.kanalv.com.tr Haber Sitesinden Al\u0131nm\u0131\u015ft\u0131r.<\/p>","protected":false},"author":0,"featured_media":20977,"comment_status":"open","ping_status":"open","sticky":false,"template":"","format":"standard","meta":{"_acf_changed":false,"footnotes":""},"categories":[26,535],"tags":[],"class_list":["post-20976","post","type-post","status-publish","format-standard","has-post-thumbnail","hentry","category-antalya","category-uncategorized-tr"],"acf":[],"yoast_head":"<!-- This site is optimized with the Yoast SEO Premium plugin v26.6 (Yoast SEO v27.1.1) - https:\/\/yoast.com\/product\/yoast-seo-premium-wordpress\/ -->\n<title>Yang\u0131n\u0131n \u00f6fkesini e\u015finden \u00e7\u0131kard\u0131 - Av. Deniz Can K\u0131z\u0131l<\/title>\n<meta name=\"robots\" content=\"index, follow, max-snippet:-1, max-image-preview:large, max-video-preview:-1\" \/>\n<link rel=\"canonical\" href=\"http:\/\/denizcankizil.tr\/en\/haberler\/antalya\/yanginin-ofkesini-esinden-cikardi\/\" \/>\n<meta property=\"og:locale\" content=\"en_GB\" \/>\n<meta property=\"og:type\" content=\"article\" \/>\n<meta property=\"og:title\" content=\"Yang\u0131n\u0131n \u00f6fkesini e\u015finden \u00e7\u0131kard\u0131\" \/>\n<meta property=\"og:description\" content=\"Yang\u0131n, saat 14.00 s\u0131ralar\u0131nda Antalya&#8217;n\u0131n Kepez il\u00e7esi Baraj Mahallesi 5899 sokak \u00fczerinde bulunan bir ikametin depo olarak kullan\u0131lan ayr\u0131 b\u00f6l\u00fcm\u00fcnde meydana geldi. \u0130kamet bah\u00e7esinde bulunan ayr\u0131 b\u00f6l\u00fcmden dumanlar \u00e7\u0131kt\u0131\u011f\u0131n\u0131 g\u00f6ren vatanda\u015flar 112 Acil \u00c7a\u011fr\u0131 Merkezini arad\u0131. K\u0131sa s\u00fcrede verilen adrese gelen Antalya B\u00fcy\u00fck\u015fehir Belediyesi \u0130tfaiye Daire Ba\u015fkanl\u0131\u011f\u0131&#8217;na ba\u011fl\u0131 ekipler alevlere m\u00fcdahale ederek k\u0131sa s\u00fcrede s\u00f6nd\u00fcrd\u00fc. Yap\u0131lan so\u011futma \u00e7al\u0131\u015fmas\u0131n\u0131n ard\u0131ndan i\u00e7indeki malzemelerde yanan depo kullan\u0131lamaz hale geldi. \u00d6fkesini gen\u00e7 kad\u0131ndan \u00e7\u0131kard\u0131 Bu s\u0131rada itfaiye ekiplerinin s\u00f6nd\u00fcrme \u00e7al\u0131\u015fmas\u0131n\u0131 izleyen ismi \u00f6\u011frenilemeyen ikamet sahibi \u00f6fkesini olay an\u0131nda evde olmayan ve elektrikli motosikletle gelen e\u015finden \u00e7\u0131kard\u0131. Gen\u00e7 kad\u0131n\u0131 motosikletten indiren yere yat\u0131ran \u015fah\u0131s e\u015fini darp etmeye ba\u015flad\u0131. Gen\u00e7 kad\u0131n olay yerinde bulunan ve yang\u0131na m\u00fcdahale eden itfaiye ekipleri taraf\u0131ndan \u00f6fkeli adam\u0131n elinden al\u0131nd\u0131. \u0130tfaiye ekiplerinin ay\u0131rd\u0131\u011f\u0131 adam elektrikli bisiklete binerek ayr\u0131l\u0131rken, gen\u00e7 kad\u0131n ise ikamet i\u00e7erisine girdi. Kaynak: www.kanalv.com.tr Haber Sitesinden Al\u0131nm\u0131\u015ft\u0131r.\" \/>\n<meta property=\"og:url\" content=\"http:\/\/denizcankizil.tr\/en\/haberler\/antalya\/yanginin-ofkesini-esinden-cikardi\/\" \/>\n<meta property=\"og:site_name\" content=\"Av. Deniz Can K\u0131z\u0131l\" \/>\n<meta property=\"article:published_time\" content=\"2024-12-16T13:41:25+00:00\" \/>\n<meta property=\"og:image\" content=\"http:\/\/denizcankizil.tr\/wp-content\/uploads\/2024\/12\/3619-01-yHDbWO.jpeg\" \/>\n\t<meta property=\"og:image:width\" content=\"1280\" \/>\n\t<meta property=\"og:image:height\" content=\"720\" \/>\n\t<meta property=\"og:image:type\" content=\"image\/jpeg\" \/>\n<meta name=\"twitter:card\" content=\"summary_large_image\" \/>\n<meta name=\"twitter:label1\" content=\"Estimated reading time\" \/>\n\t<meta name=\"twitter:data1\" content=\"1 minute\" \/>\n<script type=\"application\/ld+json\" class=\"yoast-schema-graph\">{\"@context\":\"https:\/\/schema.org\",\"@graph\":[{\"@type\":\"Article\",\"@id\":\"http:\/\/denizcankizil.tr\/uk\/haberler\/antalya\/yanginin-ofkesini-esinden-cikardi\/#article\",\"isPartOf\":{\"@id\":\"http:\/\/denizcankizil.tr\/uk\/haberler\/antalya\/yanginin-ofkesini-esinden-cikardi\/\"},\"author\":{\"name\":\"\",\"@id\":\"\"},\"headline\":\"Yang\u0131n\u0131n \u00f6fkesini e\u015finden \u00e7\u0131kard\u0131\",\"datePublished\":\"2024-12-16T13:41:25+00:00\",\"mainEntityOfPage\":{\"@id\":\"http:\/\/denizcankizil.tr\/uk\/haberler\/antalya\/yanginin-ofkesini-esinden-cikardi\/\"},\"wordCount\":210,\"commentCount\":0,\"publisher\":{\"@id\":\"https:\/\/denizcankizil.tr\/#organization\"},\"image\":{\"@id\":\"http:\/\/denizcankizil.tr\/uk\/haberler\/antalya\/yanginin-ofkesini-esinden-cikardi\/#primaryimage\"},\"thumbnailUrl\":\"http:\/\/denizcankizil.tr\/wp-content\/uploads\/2024\/12\/3619-01-yHDbWO.jpeg\",\"articleSection\":[\"Antalya\",\"Uncategorized\"],\"inLanguage\":\"en-GB\",\"potentialAction\":[{\"@type\":\"CommentAction\",\"name\":\"Comment\",\"target\":[\"http:\/\/denizcankizil.tr\/uk\/haberler\/antalya\/yanginin-ofkesini-esinden-cikardi\/#respond\"]}]},{\"@type\":\"WebPage\",\"@id\":\"http:\/\/denizcankizil.tr\/uk\/haberler\/antalya\/yanginin-ofkesini-esinden-cikardi\/\",\"url\":\"http:\/\/denizcankizil.tr\/uk\/haberler\/antalya\/yanginin-ofkesini-esinden-cikardi\/\",\"name\":\"Yang\u0131n\u0131n \u00f6fkesini e\u015finden \u00e7\u0131kard\u0131 - Av. Deniz Can K\u0131z\u0131l\",\"isPartOf\":{\"@id\":\"https:\/\/denizcankizil.tr\/#website\"},\"primaryImageOfPage\":{\"@id\":\"http:\/\/denizcankizil.tr\/uk\/haberler\/antalya\/yanginin-ofkesini-esinden-cikardi\/#primaryimage\"},\"image\":{\"@id\":\"http:\/\/denizcankizil.tr\/uk\/haberler\/antalya\/yanginin-ofkesini-esinden-cikardi\/#primaryimage\"},\"thumbnailUrl\":\"http:\/\/denizcankizil.tr\/wp-content\/uploads\/2024\/12\/3619-01-yHDbWO.jpeg\",\"datePublished\":\"2024-12-16T13:41:25+00:00\",\"breadcrumb\":{\"@id\":\"http:\/\/denizcankizil.tr\/uk\/haberler\/antalya\/yanginin-ofkesini-esinden-cikardi\/#breadcrumb\"},\"inLanguage\":\"en-GB\",\"potentialAction\":[{\"@type\":\"ReadAction\",\"target\":[\"http:\/\/denizcankizil.tr\/uk\/haberler\/antalya\/yanginin-ofkesini-esinden-cikardi\/\"]}]},{\"@type\":\"ImageObject\",\"inLanguage\":\"en-GB\",\"@id\":\"http:\/\/denizcankizil.tr\/uk\/haberler\/antalya\/yanginin-ofkesini-esinden-cikardi\/#primaryimage\",\"url\":\"http:\/\/denizcankizil.tr\/wp-content\/uploads\/2024\/12\/3619-01-yHDbWO.jpeg\",\"contentUrl\":\"http:\/\/denizcankizil.tr\/wp-content\/uploads\/2024\/12\/3619-01-yHDbWO.jpeg\",\"width\":1280,\"height\":720},{\"@type\":\"BreadcrumbList\",\"@id\":\"http:\/\/denizcankizil.tr\/uk\/haberler\/antalya\/yanginin-ofkesini-esinden-cikardi\/#breadcrumb\",\"itemListElement\":[{\"@type\":\"ListItem\",\"position\":1,\"name\":\"Home\",\"item\":\"https:\/\/denizcankizil.tr\/de\/\"},{\"@type\":\"ListItem\",\"position\":2,\"name\":\"Yang\u0131n\u0131n \u00f6fkesini e\u015finden \u00e7\u0131kard\u0131\"}]},{\"@type\":\"WebSite\",\"@id\":\"https:\/\/denizcankizil.tr\/#website\",\"url\":\"https:\/\/denizcankizil.tr\/\",\"name\":\"Av. Deniz Can K\u0131z\u0131l\",\"description\":\"Avukat Deniz Can K\u0131z\u0131l Antalya Barosu\",\"publisher\":{\"@id\":\"https:\/\/denizcankizil.tr\/#organization\"},\"potentialAction\":[{\"@type\":\"SearchAction\",\"target\":{\"@type\":\"EntryPoint\",\"urlTemplate\":\"https:\/\/denizcankizil.tr\/?s={search_term_string}\"},\"query-input\":{\"@type\":\"PropertyValueSpecification\",\"valueRequired\":true,\"valueName\":\"search_term_string\"}}],\"inLanguage\":\"en-GB\"},{\"@type\":\"Organization\",\"@id\":\"https:\/\/denizcankizil.tr\/#organization\",\"name\":\"Av. Deniz Can K\u0131z\u0131l\",\"url\":\"https:\/\/denizcankizil.tr\/\",\"logo\":{\"@type\":\"ImageObject\",\"inLanguage\":\"en-GB\",\"@id\":\"https:\/\/denizcankizil.tr\/#\/schema\/logo\/image\/\",\"url\":\"http:\/\/denizcankizil.tr\/wp-content\/uploads\/2024\/10\/siyah-logo-svg.svg\",\"contentUrl\":\"http:\/\/denizcankizil.tr\/wp-content\/uploads\/2024\/10\/siyah-logo-svg.svg\",\"width\":1080,\"height\":1080,\"caption\":\"Av. Deniz Can K\u0131z\u0131l\"},\"image\":{\"@id\":\"https:\/\/denizcankizil.tr\/#\/schema\/logo\/image\/\"}}]}<\/script>\n<!-- \/ Yoast SEO Premium plugin. -->","yoast_head_json":{"title":"Yang\u0131n\u0131n \u00f6fkesini e\u015finden \u00e7\u0131kard\u0131 - Av. Deniz Can K\u0131z\u0131l","robots":{"index":"index","follow":"follow","max-snippet":"max-snippet:-1","max-image-preview":"max-image-preview:large","max-video-preview":"max-video-preview:-1"},"canonical":"http:\/\/denizcankizil.tr\/en\/haberler\/antalya\/yanginin-ofkesini-esinden-cikardi\/","og_locale":"en_GB","og_type":"article","og_title":"Yang\u0131n\u0131n \u00f6fkesini e\u015finden \u00e7\u0131kard\u0131","og_description":"Yang\u0131n, saat 14.00 s\u0131ralar\u0131nda Antalya&#8217;n\u0131n Kepez il\u00e7esi Baraj Mahallesi 5899 sokak \u00fczerinde bulunan bir ikametin depo olarak kullan\u0131lan ayr\u0131 b\u00f6l\u00fcm\u00fcnde meydana geldi. \u0130kamet bah\u00e7esinde bulunan ayr\u0131 b\u00f6l\u00fcmden dumanlar \u00e7\u0131kt\u0131\u011f\u0131n\u0131 g\u00f6ren vatanda\u015flar 112 Acil \u00c7a\u011fr\u0131 Merkezini arad\u0131. K\u0131sa s\u00fcrede verilen adrese gelen Antalya B\u00fcy\u00fck\u015fehir Belediyesi \u0130tfaiye Daire Ba\u015fkanl\u0131\u011f\u0131&#8217;na ba\u011fl\u0131 ekipler alevlere m\u00fcdahale ederek k\u0131sa s\u00fcrede s\u00f6nd\u00fcrd\u00fc. Yap\u0131lan so\u011futma \u00e7al\u0131\u015fmas\u0131n\u0131n ard\u0131ndan i\u00e7indeki malzemelerde yanan depo kullan\u0131lamaz hale geldi. \u00d6fkesini gen\u00e7 kad\u0131ndan \u00e7\u0131kard\u0131 Bu s\u0131rada itfaiye ekiplerinin s\u00f6nd\u00fcrme \u00e7al\u0131\u015fmas\u0131n\u0131 izleyen ismi \u00f6\u011frenilemeyen ikamet sahibi \u00f6fkesini olay an\u0131nda evde olmayan ve elektrikli motosikletle gelen e\u015finden \u00e7\u0131kard\u0131. Gen\u00e7 kad\u0131n\u0131 motosikletten indiren yere yat\u0131ran \u015fah\u0131s e\u015fini darp etmeye ba\u015flad\u0131. Gen\u00e7 kad\u0131n olay yerinde bulunan ve yang\u0131na m\u00fcdahale eden itfaiye ekipleri taraf\u0131ndan \u00f6fkeli adam\u0131n elinden al\u0131nd\u0131. \u0130tfaiye ekiplerinin ay\u0131rd\u0131\u011f\u0131 adam elektrikli bisiklete binerek ayr\u0131l\u0131rken, gen\u00e7 kad\u0131n ise ikamet i\u00e7erisine girdi. Kaynak: www.kanalv.com.tr Haber Sitesinden Al\u0131nm\u0131\u015ft\u0131r.","og_url":"http:\/\/denizcankizil.tr\/en\/haberler\/antalya\/yanginin-ofkesini-esinden-cikardi\/","og_site_name":"Av. Deniz Can K\u0131z\u0131l","article_published_time":"2024-12-16T13:41:25+00:00","og_image":[{"width":1280,"height":720,"url":"http:\/\/denizcankizil.tr\/wp-content\/uploads\/2024\/12\/3619-01-yHDbWO.jpeg","type":"image\/jpeg"}],"twitter_card":"summary_large_image","twitter_misc":{"Estimated reading time":"1 minute"},"schema":{"@context":"https:\/\/schema.org","@graph":[{"@type":"Article","@id":"http:\/\/denizcankizil.tr\/uk\/haberler\/antalya\/yanginin-ofkesini-esinden-cikardi\/#article","isPartOf":{"@id":"http:\/\/denizcankizil.tr\/uk\/haberler\/antalya\/yanginin-ofkesini-esinden-cikardi\/"},"author":{"name":"","@id":""},"headline":"Yang\u0131n\u0131n \u00f6fkesini e\u015finden \u00e7\u0131kard\u0131","datePublished":"2024-12-16T13:41:25+00:00","mainEntityOfPage":{"@id":"http:\/\/denizcankizil.tr\/uk\/haberler\/antalya\/yanginin-ofkesini-esinden-cikardi\/"},"wordCount":210,"commentCount":0,"publisher":{"@id":"https:\/\/denizcankizil.tr\/#organization"},"image":{"@id":"http:\/\/denizcankizil.tr\/uk\/haberler\/antalya\/yanginin-ofkesini-esinden-cikardi\/#primaryimage"},"thumbnailUrl":"http:\/\/denizcankizil.tr\/wp-content\/uploads\/2024\/12\/3619-01-yHDbWO.jpeg","articleSection":["Antalya","Uncategorized"],"inLanguage":"en-GB","potentialAction":[{"@type":"CommentAction","name":"Comment","target":["http:\/\/denizcankizil.tr\/uk\/haberler\/antalya\/yanginin-ofkesini-esinden-cikardi\/#respond"]}]},{"@type":"WebPage","@id":"http:\/\/denizcankizil.tr\/uk\/haberler\/antalya\/yanginin-ofkesini-esinden-cikardi\/","url":"http:\/\/denizcankizil.tr\/uk\/haberler\/antalya\/yanginin-ofkesini-esinden-cikardi\/","name":"Yang\u0131n\u0131n \u00f6fkesini e\u015finden \u00e7\u0131kard\u0131 - Av. Deniz Can K\u0131z\u0131l","isPartOf":{"@id":"https:\/\/denizcankizil.tr\/#website"},"primaryImageOfPage":{"@id":"http:\/\/denizcankizil.tr\/uk\/haberler\/antalya\/yanginin-ofkesini-esinden-cikardi\/#primaryimage"},"image":{"@id":"http:\/\/denizcankizil.tr\/uk\/haberler\/antalya\/yanginin-ofkesini-esinden-cikardi\/#primaryimage"},"thumbnailUrl":"http:\/\/denizcankizil.tr\/wp-content\/uploads\/2024\/12\/3619-01-yHDbWO.jpeg","datePublished":"2024-12-16T13:41:25+00:00","breadcrumb":{"@id":"http:\/\/denizcankizil.tr\/uk\/haberler\/antalya\/yanginin-ofkesini-esinden-cikardi\/#breadcrumb"},"inLanguage":"en-GB","potentialAction":[{"@type":"ReadAction","target":["http:\/\/denizcankizil.tr\/uk\/haberler\/antalya\/yanginin-ofkesini-esinden-cikardi\/"]}]},{"@type":"ImageObject","inLanguage":"en-GB","@id":"http:\/\/denizcankizil.tr\/uk\/haberler\/antalya\/yanginin-ofkesini-esinden-cikardi\/#primaryimage","url":"http:\/\/denizcankizil.tr\/wp-content\/uploads\/2024\/12\/3619-01-yHDbWO.jpeg","contentUrl":"http:\/\/denizcankizil.tr\/wp-content\/uploads\/2024\/12\/3619-01-yHDbWO.jpeg","width":1280,"height":720},{"@type":"BreadcrumbList","@id":"http:\/\/denizcankizil.tr\/uk\/haberler\/antalya\/yanginin-ofkesini-esinden-cikardi\/#breadcrumb","itemListElement":[{"@type":"ListItem","position":1,"name":"Home","item":"https:\/\/denizcankizil.tr\/de\/"},{"@type":"ListItem","position":2,"name":"Yang\u0131n\u0131n \u00f6fkesini e\u015finden \u00e7\u0131kard\u0131"}]},{"@type":"WebSite","@id":"https:\/\/denizcankizil.tr\/#website","url":"https:\/\/denizcankizil.tr\/","name":"Av. Deniz Can K\u0131z\u0131l","description":"Avukat Deniz Can K\u0131z\u0131l Antalya Barosu","publisher":{"@id":"https:\/\/denizcankizil.tr\/#organization"},"potentialAction":[{"@type":"SearchAction","target":{"@type":"EntryPoint","urlTemplate":"https:\/\/denizcankizil.tr\/?s={search_term_string}"},"query-input":{"@type":"PropertyValueSpecification","valueRequired":true,"valueName":"search_term_string"}}],"inLanguage":"en-GB"},{"@type":"Organization","@id":"https:\/\/denizcankizil.tr\/#organization","name":"Av. Deniz Can K\u0131z\u0131l","url":"https:\/\/denizcankizil.tr\/","logo":{"@type":"ImageObject","inLanguage":"en-GB","@id":"https:\/\/denizcankizil.tr\/#\/schema\/logo\/image\/","url":"http:\/\/denizcankizil.tr\/wp-content\/uploads\/2024\/10\/siyah-logo-svg.svg","contentUrl":"http:\/\/denizcankizil.tr\/wp-content\/uploads\/2024\/10\/siyah-logo-svg.svg","width":1080,"height":1080,"caption":"Av. Deniz Can K\u0131z\u0131l"},"image":{"@id":"https:\/\/denizcankizil.tr\/#\/schema\/logo\/image\/"}}]}},"_links":{"self":[{"href":"http:\/\/denizcankizil.tr\/en\/wp-json\/wp\/v2\/posts\/20976","targetHints":{"allow":["GET"]}}],"collection":[{"href":"http:\/\/denizcankizil.tr\/en\/wp-json\/wp\/v2\/posts"}],"about":[{"href":"http:\/\/denizcankizil.tr\/en\/wp-json\/wp\/v2\/types\/post"}],"replies":[{"embeddable":true,"href":"http:\/\/denizcankizil.tr\/en\/wp-json\/wp\/v2\/comments?post=20976"}],"version-history":[{"count":0,"href":"http:\/\/denizcankizil.tr\/en\/wp-json\/wp\/v2\/posts\/20976\/revisions"}],"wp:featuredmedia":[{"embeddable":true,"href":"http:\/\/denizcankizil.tr\/en\/wp-json\/wp\/v2\/media\/20977"}],"wp:attachment":[{"href":"http:\/\/denizcankizil.tr\/en\/wp-json\/wp\/v2\/media?parent=20976"}],"wp:term":[{"taxonomy":"category","embeddable":true,"href":"http:\/\/denizcankizil.tr\/en\/wp-json\/wp\/v2\/categories?post=20976"},{"taxonomy":"post_tag","embeddable":true,"href":"http:\/\/denizcankizil.tr\/en\/wp-json\/wp\/v2\/tags?post=20976"}],"curies":[{"name":"wp","href":"https:\/\/api.w.org\/{rel}","templated":true}]}}