{"id":20782,"date":"2024-12-14T16:41:24","date_gmt":"2024-12-14T13:41:24","guid":{"rendered":"https:\/\/denizcankizil.tr\/uncategorized-tr\/topcu-yuzbasi-aker-kemerde-duzenlenen-bir-dizi-etkinlikle-anildi\/"},"modified":"2024-12-14T16:41:24","modified_gmt":"2024-12-14T13:41:24","slug":"topcu-yuzbasi-aker-kemerde-duzenlenen-bir-dizi-etkinlikle-anildi","status":"publish","type":"post","link":"http:\/\/denizcankizil.tr\/en\/haberler\/gundem\/topcu-yuzbasi-aker-kemerde-duzenlenen-bir-dizi-etkinlikle-anildi\/","title":{"rendered":"Top\u00e7u Y\u00fczba\u015f\u0131 Aker, Kemer\u2019de d\u00fczenlenen bir dizi etkinlikle an\u0131ld\u0131"},"content":{"rendered":"<p>Top\u00e7u Y\u00fczba\u015f\u0131 Mustafa Ertu\u011frul Aker\u2019in 13 Aral\u0131k 1917\u2019de Antalya k\u0131y\u0131lar\u0131n\u0131 ya\u011fmalayan Fransa\u2019n\u0131n \u00fcnl\u00fc sava\u015f gemisi Paris 2\u2019yi bat\u0131r\u0131\u015f\u0131n\u0131n y\u0131l d\u00f6n\u00fcm\u00fcnde Antalya Valisi Hulusi \u015eahin\u2019in kat\u0131l\u0131m\u0131yla Kemer\u2019de bir dizi etkinlik d\u00fczenlendi.<\/p>\n<p>\u200bTop\u00e7u Y\u00fczba\u015f\u0131 Mustafa Ertu\u011frul Aker\u2019in 13 Aral\u0131k 1917\u2019de Antalya k\u0131y\u0131lar\u0131n\u0131 ya\u011fmalayan Fransa\u2019n\u0131n \u00fcnl\u00fc sava\u015f gemisi Paris 2\u2019yi bat\u0131r\u0131\u015f\u0131n\u0131n y\u0131l d\u00f6n\u00fcm\u00fcnde Antalya Valisi Hulusi \u015eahin\u2019in kat\u0131l\u0131m\u0131yla Kemer\u2019de bir dizi etkinlik d\u00fczenlendi.\u00a0<\/p>\n<p>\u200bHaberin Al\u0131nt\u0131land\u0131\u011f\u0131 Kaynak: www.iskenderun.org<\/p>","protected":false},"excerpt":{"rendered":"<p>Top\u00e7u Y\u00fczba\u015f\u0131 Mustafa Ertu\u011frul Aker\u2019in 13 Aral\u0131k 1917\u2019de Antalya k\u0131y\u0131lar\u0131n\u0131 ya\u011fmalayan Fransa\u2019n\u0131n \u00fcnl\u00fc sava\u015f gemisi Paris 2\u2019yi bat\u0131r\u0131\u015f\u0131n\u0131n y\u0131l d\u00f6n\u00fcm\u00fcnde Antalya Valisi Hulusi \u015eahin\u2019in kat\u0131l\u0131m\u0131yla Kemer\u2019de bir dizi etkinlik d\u00fczenlendi. \u200bTop\u00e7u Y\u00fczba\u015f\u0131 Mustafa Ertu\u011frul Aker\u2019in 13 Aral\u0131k 1917\u2019de Antalya k\u0131y\u0131lar\u0131n\u0131 ya\u011fmalayan Fransa\u2019n\u0131n \u00fcnl\u00fc sava\u015f gemisi Paris 2\u2019yi bat\u0131r\u0131\u015f\u0131n\u0131n y\u0131l d\u00f6n\u00fcm\u00fcnde Antalya Valisi Hulusi \u015eahin\u2019in kat\u0131l\u0131m\u0131yla Kemer\u2019de bir dizi etkinlik d\u00fczenlendi.\u00a0 \u200bHaberin Al\u0131nt\u0131land\u0131\u011f\u0131 Kaynak: www.iskenderun.org<\/p>","protected":false},"author":0,"featured_media":0,"comment_status":"open","ping_status":"open","sticky":false,"template":"","format":"standard","meta":{"_acf_changed":false,"footnotes":""},"categories":[24,535],"tags":[],"class_list":["post-20782","post","type-post","status-publish","format-standard","has-post-thumbnail","hentry","category-gundem","category-uncategorized-tr"],"acf":[],"yoast_head":"<!-- This site is optimized with the Yoast SEO Premium plugin v26.6 (Yoast SEO v27.1.1) - https:\/\/yoast.com\/product\/yoast-seo-premium-wordpress\/ -->\n<title>Top\u00e7u Y\u00fczba\u015f\u0131 Aker, Kemer\u2019de d\u00fczenlenen bir dizi etkinlikle an\u0131ld\u0131 - Av. Deniz Can K\u0131z\u0131l<\/title>\n<meta name=\"robots\" content=\"index, follow, max-snippet:-1, max-image-preview:large, max-video-preview:-1\" \/>\n<link rel=\"canonical\" href=\"https:\/\/denizcankizil.tr\/en\/haberler\/gundem\/topcu-yuzbasi-aker-kemerde-duzenlenen-bir-dizi-etkinlikle-anildi\/\" \/>\n<meta property=\"og:locale\" content=\"en_GB\" \/>\n<meta property=\"og:type\" content=\"article\" \/>\n<meta property=\"og:title\" content=\"Top\u00e7u Y\u00fczba\u015f\u0131 Aker, Kemer\u2019de d\u00fczenlenen bir dizi etkinlikle an\u0131ld\u0131\" \/>\n<meta property=\"og:description\" content=\"Top\u00e7u Y\u00fczba\u015f\u0131 Mustafa Ertu\u011frul Aker\u2019in 13 Aral\u0131k 1917\u2019de Antalya k\u0131y\u0131lar\u0131n\u0131 ya\u011fmalayan Fransa\u2019n\u0131n \u00fcnl\u00fc sava\u015f gemisi Paris 2\u2019yi bat\u0131r\u0131\u015f\u0131n\u0131n y\u0131l d\u00f6n\u00fcm\u00fcnde Antalya Valisi Hulusi \u015eahin\u2019in kat\u0131l\u0131m\u0131yla Kemer\u2019de bir dizi etkinlik d\u00fczenlendi. \u200bTop\u00e7u Y\u00fczba\u015f\u0131 Mustafa Ertu\u011frul Aker\u2019in 13 Aral\u0131k 1917\u2019de Antalya k\u0131y\u0131lar\u0131n\u0131 ya\u011fmalayan Fransa\u2019n\u0131n \u00fcnl\u00fc sava\u015f gemisi Paris 2\u2019yi bat\u0131r\u0131\u015f\u0131n\u0131n y\u0131l d\u00f6n\u00fcm\u00fcnde Antalya Valisi Hulusi \u015eahin\u2019in kat\u0131l\u0131m\u0131yla Kemer\u2019de bir dizi etkinlik d\u00fczenlendi.\u00a0 \u200bHaberin Al\u0131nt\u0131land\u0131\u011f\u0131 Kaynak: www.iskenderun.org\" \/>\n<meta property=\"og:url\" content=\"https:\/\/denizcankizil.tr\/en\/haberler\/gundem\/topcu-yuzbasi-aker-kemerde-duzenlenen-bir-dizi-etkinlikle-anildi\/\" \/>\n<meta property=\"og:site_name\" content=\"Av. Deniz Can K\u0131z\u0131l\" \/>\n<meta property=\"article:published_time\" content=\"2024-12-14T13:41:24+00:00\" \/>\n<meta name=\"twitter:card\" content=\"summary_large_image\" \/>\n<meta name=\"twitter:label1\" content=\"Estimated reading time\" \/>\n\t<meta name=\"twitter:data1\" content=\"1 minute\" \/>\n<script type=\"application\/ld+json\" class=\"yoast-schema-graph\">{\"@context\":\"https:\/\/schema.org\",\"@graph\":[{\"@type\":\"Article\",\"@id\":\"https:\/\/denizcankizil.tr\/ru\/haberler\/gundem\/topcu-yuzbasi-aker-kemerde-duzenlenen-bir-dizi-etkinlikle-anildi\/#article\",\"isPartOf\":{\"@id\":\"https:\/\/denizcankizil.tr\/ru\/haberler\/gundem\/topcu-yuzbasi-aker-kemerde-duzenlenen-bir-dizi-etkinlikle-anildi\/\"},\"author\":{\"name\":\"\",\"@id\":\"\"},\"headline\":\"Top\u00e7u Y\u00fczba\u015f\u0131 Aker, Kemer\u2019de d\u00fczenlenen bir dizi etkinlikle an\u0131ld\u0131\",\"datePublished\":\"2024-12-14T13:41:24+00:00\",\"mainEntityOfPage\":{\"@id\":\"https:\/\/denizcankizil.tr\/ru\/haberler\/gundem\/topcu-yuzbasi-aker-kemerde-duzenlenen-bir-dizi-etkinlikle-anildi\/\"},\"wordCount\":128,\"commentCount\":0,\"publisher\":{\"@id\":\"https:\/\/denizcankizil.tr\/de\/#organization\"},\"articleSection\":[\"G\u00fcndem\",\"Uncategorized\"],\"inLanguage\":\"en-GB\",\"potentialAction\":[{\"@type\":\"CommentAction\",\"name\":\"Comment\",\"target\":[\"https:\/\/denizcankizil.tr\/ru\/haberler\/gundem\/topcu-yuzbasi-aker-kemerde-duzenlenen-bir-dizi-etkinlikle-anildi\/#respond\"]}]},{\"@type\":\"WebPage\",\"@id\":\"https:\/\/denizcankizil.tr\/ru\/haberler\/gundem\/topcu-yuzbasi-aker-kemerde-duzenlenen-bir-dizi-etkinlikle-anildi\/\",\"url\":\"https:\/\/denizcankizil.tr\/ru\/haberler\/gundem\/topcu-yuzbasi-aker-kemerde-duzenlenen-bir-dizi-etkinlikle-anildi\/\",\"name\":\"Top\u00e7u Y\u00fczba\u015f\u0131 Aker, Kemer\u2019de d\u00fczenlenen bir dizi etkinlikle an\u0131ld\u0131 - Av. Deniz Can K\u0131z\u0131l\",\"isPartOf\":{\"@id\":\"https:\/\/denizcankizil.tr\/de\/#website\"},\"datePublished\":\"2024-12-14T13:41:24+00:00\",\"breadcrumb\":{\"@id\":\"https:\/\/denizcankizil.tr\/ru\/haberler\/gundem\/topcu-yuzbasi-aker-kemerde-duzenlenen-bir-dizi-etkinlikle-anildi\/#breadcrumb\"},\"inLanguage\":\"en-GB\",\"potentialAction\":[{\"@type\":\"ReadAction\",\"target\":[\"https:\/\/denizcankizil.tr\/ru\/haberler\/gundem\/topcu-yuzbasi-aker-kemerde-duzenlenen-bir-dizi-etkinlikle-anildi\/\"]}]},{\"@type\":\"BreadcrumbList\",\"@id\":\"https:\/\/denizcankizil.tr\/ru\/haberler\/gundem\/topcu-yuzbasi-aker-kemerde-duzenlenen-bir-dizi-etkinlikle-anildi\/#breadcrumb\",\"itemListElement\":[{\"@type\":\"ListItem\",\"position\":1,\"name\":\"Home\",\"item\":\"https:\/\/denizcankizil.tr\/de\/\"},{\"@type\":\"ListItem\",\"position\":2,\"name\":\"Top\u00e7u Y\u00fczba\u015f\u0131 Aker, Kemer\u2019de d\u00fczenlenen bir dizi etkinlikle an\u0131ld\u0131\"}]},{\"@type\":\"WebSite\",\"@id\":\"https:\/\/denizcankizil.tr\/de\/#website\",\"url\":\"https:\/\/denizcankizil.tr\/de\/\",\"name\":\"Av. Deniz Can K\u0131z\u0131l\",\"description\":\"Avukat Deniz Can K\u0131z\u0131l Antalya Barosu\",\"publisher\":{\"@id\":\"https:\/\/denizcankizil.tr\/de\/#organization\"},\"potentialAction\":[{\"@type\":\"SearchAction\",\"target\":{\"@type\":\"EntryPoint\",\"urlTemplate\":\"https:\/\/denizcankizil.tr\/de\/?s={search_term_string}\"},\"query-input\":{\"@type\":\"PropertyValueSpecification\",\"valueRequired\":true,\"valueName\":\"search_term_string\"}}],\"inLanguage\":\"en-GB\"},{\"@type\":\"Organization\",\"@id\":\"https:\/\/denizcankizil.tr\/de\/#organization\",\"name\":\"Av. Deniz Can K\u0131z\u0131l\",\"url\":\"https:\/\/denizcankizil.tr\/de\/\",\"logo\":{\"@type\":\"ImageObject\",\"inLanguage\":\"en-GB\",\"@id\":\"https:\/\/denizcankizil.tr\/de\/#\/schema\/logo\/image\/\",\"url\":\"http:\/\/denizcankizil.tr\/wp-content\/uploads\/2024\/10\/siyah-logo-svg.svg\",\"contentUrl\":\"http:\/\/denizcankizil.tr\/wp-content\/uploads\/2024\/10\/siyah-logo-svg.svg\",\"width\":1080,\"height\":1080,\"caption\":\"Av. Deniz Can K\u0131z\u0131l\"},\"image\":{\"@id\":\"https:\/\/denizcankizil.tr\/de\/#\/schema\/logo\/image\/\"}}]}<\/script>\n<!-- \/ Yoast SEO Premium plugin. -->","yoast_head_json":{"title":"Top\u00e7u Y\u00fczba\u015f\u0131 Aker, Kemer\u2019de d\u00fczenlenen bir dizi etkinlikle an\u0131ld\u0131 - Av. Deniz Can K\u0131z\u0131l","robots":{"index":"index","follow":"follow","max-snippet":"max-snippet:-1","max-image-preview":"max-image-preview:large","max-video-preview":"max-video-preview:-1"},"canonical":"https:\/\/denizcankizil.tr\/en\/haberler\/gundem\/topcu-yuzbasi-aker-kemerde-duzenlenen-bir-dizi-etkinlikle-anildi\/","og_locale":"en_GB","og_type":"article","og_title":"Top\u00e7u Y\u00fczba\u015f\u0131 Aker, Kemer\u2019de d\u00fczenlenen bir dizi etkinlikle an\u0131ld\u0131","og_description":"Top\u00e7u Y\u00fczba\u015f\u0131 Mustafa Ertu\u011frul Aker\u2019in 13 Aral\u0131k 1917\u2019de Antalya k\u0131y\u0131lar\u0131n\u0131 ya\u011fmalayan Fransa\u2019n\u0131n \u00fcnl\u00fc sava\u015f gemisi Paris 2\u2019yi bat\u0131r\u0131\u015f\u0131n\u0131n y\u0131l d\u00f6n\u00fcm\u00fcnde Antalya Valisi Hulusi \u015eahin\u2019in kat\u0131l\u0131m\u0131yla Kemer\u2019de bir dizi etkinlik d\u00fczenlendi. \u200bTop\u00e7u Y\u00fczba\u015f\u0131 Mustafa Ertu\u011frul Aker\u2019in 13 Aral\u0131k 1917\u2019de Antalya k\u0131y\u0131lar\u0131n\u0131 ya\u011fmalayan Fransa\u2019n\u0131n \u00fcnl\u00fc sava\u015f gemisi Paris 2\u2019yi bat\u0131r\u0131\u015f\u0131n\u0131n y\u0131l d\u00f6n\u00fcm\u00fcnde Antalya Valisi Hulusi \u015eahin\u2019in kat\u0131l\u0131m\u0131yla Kemer\u2019de bir dizi etkinlik d\u00fczenlendi.\u00a0 \u200bHaberin Al\u0131nt\u0131land\u0131\u011f\u0131 Kaynak: www.iskenderun.org","og_url":"https:\/\/denizcankizil.tr\/en\/haberler\/gundem\/topcu-yuzbasi-aker-kemerde-duzenlenen-bir-dizi-etkinlikle-anildi\/","og_site_name":"Av. Deniz Can K\u0131z\u0131l","article_published_time":"2024-12-14T13:41:24+00:00","twitter_card":"summary_large_image","twitter_misc":{"Estimated reading time":"1 minute"},"schema":{"@context":"https:\/\/schema.org","@graph":[{"@type":"Article","@id":"https:\/\/denizcankizil.tr\/ru\/haberler\/gundem\/topcu-yuzbasi-aker-kemerde-duzenlenen-bir-dizi-etkinlikle-anildi\/#article","isPartOf":{"@id":"https:\/\/denizcankizil.tr\/ru\/haberler\/gundem\/topcu-yuzbasi-aker-kemerde-duzenlenen-bir-dizi-etkinlikle-anildi\/"},"author":{"name":"","@id":""},"headline":"Top\u00e7u Y\u00fczba\u015f\u0131 Aker, Kemer\u2019de d\u00fczenlenen bir dizi etkinlikle an\u0131ld\u0131","datePublished":"2024-12-14T13:41:24+00:00","mainEntityOfPage":{"@id":"https:\/\/denizcankizil.tr\/ru\/haberler\/gundem\/topcu-yuzbasi-aker-kemerde-duzenlenen-bir-dizi-etkinlikle-anildi\/"},"wordCount":128,"commentCount":0,"publisher":{"@id":"https:\/\/denizcankizil.tr\/de\/#organization"},"articleSection":["G\u00fcndem","Uncategorized"],"inLanguage":"en-GB","potentialAction":[{"@type":"CommentAction","name":"Comment","target":["https:\/\/denizcankizil.tr\/ru\/haberler\/gundem\/topcu-yuzbasi-aker-kemerde-duzenlenen-bir-dizi-etkinlikle-anildi\/#respond"]}]},{"@type":"WebPage","@id":"https:\/\/denizcankizil.tr\/ru\/haberler\/gundem\/topcu-yuzbasi-aker-kemerde-duzenlenen-bir-dizi-etkinlikle-anildi\/","url":"https:\/\/denizcankizil.tr\/ru\/haberler\/gundem\/topcu-yuzbasi-aker-kemerde-duzenlenen-bir-dizi-etkinlikle-anildi\/","name":"Top\u00e7u Y\u00fczba\u015f\u0131 Aker, Kemer\u2019de d\u00fczenlenen bir dizi etkinlikle an\u0131ld\u0131 - Av. Deniz Can K\u0131z\u0131l","isPartOf":{"@id":"https:\/\/denizcankizil.tr\/de\/#website"},"datePublished":"2024-12-14T13:41:24+00:00","breadcrumb":{"@id":"https:\/\/denizcankizil.tr\/ru\/haberler\/gundem\/topcu-yuzbasi-aker-kemerde-duzenlenen-bir-dizi-etkinlikle-anildi\/#breadcrumb"},"inLanguage":"en-GB","potentialAction":[{"@type":"ReadAction","target":["https:\/\/denizcankizil.tr\/ru\/haberler\/gundem\/topcu-yuzbasi-aker-kemerde-duzenlenen-bir-dizi-etkinlikle-anildi\/"]}]},{"@type":"BreadcrumbList","@id":"https:\/\/denizcankizil.tr\/ru\/haberler\/gundem\/topcu-yuzbasi-aker-kemerde-duzenlenen-bir-dizi-etkinlikle-anildi\/#breadcrumb","itemListElement":[{"@type":"ListItem","position":1,"name":"Home","item":"https:\/\/denizcankizil.tr\/de\/"},{"@type":"ListItem","position":2,"name":"Top\u00e7u Y\u00fczba\u015f\u0131 Aker, Kemer\u2019de d\u00fczenlenen bir dizi etkinlikle an\u0131ld\u0131"}]},{"@type":"WebSite","@id":"https:\/\/denizcankizil.tr\/de\/#website","url":"https:\/\/denizcankizil.tr\/de\/","name":"Av. Deniz Can K\u0131z\u0131l","description":"Avukat Deniz Can K\u0131z\u0131l Antalya Barosu","publisher":{"@id":"https:\/\/denizcankizil.tr\/de\/#organization"},"potentialAction":[{"@type":"SearchAction","target":{"@type":"EntryPoint","urlTemplate":"https:\/\/denizcankizil.tr\/de\/?s={search_term_string}"},"query-input":{"@type":"PropertyValueSpecification","valueRequired":true,"valueName":"search_term_string"}}],"inLanguage":"en-GB"},{"@type":"Organization","@id":"https:\/\/denizcankizil.tr\/de\/#organization","name":"Av. Deniz Can K\u0131z\u0131l","url":"https:\/\/denizcankizil.tr\/de\/","logo":{"@type":"ImageObject","inLanguage":"en-GB","@id":"https:\/\/denizcankizil.tr\/de\/#\/schema\/logo\/image\/","url":"http:\/\/denizcankizil.tr\/wp-content\/uploads\/2024\/10\/siyah-logo-svg.svg","contentUrl":"http:\/\/denizcankizil.tr\/wp-content\/uploads\/2024\/10\/siyah-logo-svg.svg","width":1080,"height":1080,"caption":"Av. Deniz Can K\u0131z\u0131l"},"image":{"@id":"https:\/\/denizcankizil.tr\/de\/#\/schema\/logo\/image\/"}}]}},"_links":{"self":[{"href":"http:\/\/denizcankizil.tr\/en\/wp-json\/wp\/v2\/posts\/20782","targetHints":{"allow":["GET"]}}],"collection":[{"href":"http:\/\/denizcankizil.tr\/en\/wp-json\/wp\/v2\/posts"}],"about":[{"href":"http:\/\/denizcankizil.tr\/en\/wp-json\/wp\/v2\/types\/post"}],"replies":[{"embeddable":true,"href":"http:\/\/denizcankizil.tr\/en\/wp-json\/wp\/v2\/comments?post=20782"}],"version-history":[{"count":0,"href":"http:\/\/denizcankizil.tr\/en\/wp-json\/wp\/v2\/posts\/20782\/revisions"}],"wp:attachment":[{"href":"http:\/\/denizcankizil.tr\/en\/wp-json\/wp\/v2\/media?parent=20782"}],"wp:term":[{"taxonomy":"category","embeddable":true,"href":"http:\/\/denizcankizil.tr\/en\/wp-json\/wp\/v2\/categories?post=20782"},{"taxonomy":"post_tag","embeddable":true,"href":"http:\/\/denizcankizil.tr\/en\/wp-json\/wp\/v2\/tags?post=20782"}],"curies":[{"name":"wp","href":"https:\/\/api.w.org\/{rel}","templated":true}]}}