{"id":20264,"date":"2024-12-11T21:41:25","date_gmt":"2024-12-11T18:41:25","guid":{"rendered":"https:\/\/denizcankizil.tr\/uncategorized-tr\/whatsapp-instagram-ve-facebook-coktu-uygulamalara-giriste-sorunlar-yasaniyor\/"},"modified":"2024-12-11T21:41:25","modified_gmt":"2024-12-11T18:41:25","slug":"whatsapp-instagram-ve-facebook-coktu-uygulamalara-giriste-sorunlar-yasaniyor","status":"publish","type":"post","link":"http:\/\/denizcankizil.tr\/en\/haberler\/gundem\/whatsapp-instagram-ve-facebook-coktu-uygulamalara-giriste-sorunlar-yasaniyor\/","title":{"rendered":"WhatsApp, Instagram ve Facebook \u00e7\u00f6kt\u00fc! Uygulamalara giri\u015fte sorunlar ya\u015fan\u0131yor"},"content":{"rendered":"<p>D\u00fcnyan\u0131n en pop\u00fcler sosyal medya uygulamalar\u0131 olan WhatsApp, Instagram ve Facebook&#8217; giri\u015flerde sorun ya\u015fan\u0131yor. S\u00f6z konusu problemin nedeni hakk\u0131nda hen\u00fcz resmi bir a\u00e7\u0131klama gelmedi.<\/p>\n<p>G\u0130R\u0130\u015e YAPILAMADI\u00a0<\/p>\n<p>D\u00fcnyan\u0131n en yayg\u0131n mesajla\u015fma platformlar\u0131ndan WhatsApp k\u0131sa s\u00fcreli eri\u015fim sorunu sorunu ya\u015fad\u0131. T\u00fcrkiye saati ile 20:50 sular\u0131nda \u00e7al\u0131\u015fmayan WhatsApp&#8217;a uygulamadan ya da web \u00fczerinden 15 dakika s\u00fcresince ula\u015fabilmek m\u00fcmk\u00fcn olmad\u0131. Eri\u015fim sorunu 21:02 itibariyle d\u00fczelmeye ba\u015flad\u0131. Facebook ve Instagram&#8217;a giri\u015flerde ise hala sorun ya\u015fan\u0131yor.\u00a0<\/p>\n<p>BAKANLIKTAN A\u00c7IKLAMA GELD\u0130\u00a0<\/p>\n<p>Ula\u015ft\u0131rma ve Altyap\u0131 Bakan Yard\u0131mc\u0131s\u0131 \u00d6mer Fatih Sayan ya\u015fanan sorunla ilgili, &#8220;Whatsapp servislerinde global bir hizmet kesintisi oldu\u011fu Ulusal Siber Olaylara M\u00fcdahale Merkezimiz TRCert taraf\u0131ndan raporlanm\u0131\u015ft\u0131r. Ekiplerimiz s\u00fcreci takip etmektedir&#8221; dedi.\u00a0<\/p>\n<p>\u200bSosyal medya denince akla ilk gelen uygulamalardan olan WhatsApp, Instagram ve Facebook&#8217;ta eri\u015fim sorunu ya\u015fan\u0131yor\u00a0<\/p>\n<p>\u200bHaberin Al\u0131nt\u0131land\u0131\u011f\u0131 Kaynak: www.antalyakorfez.com<\/p>","protected":false},"excerpt":{"rendered":"<p>D\u00fcnyan\u0131n en pop\u00fcler sosyal medya uygulamalar\u0131 olan WhatsApp, Instagram ve Facebook&#8217; giri\u015flerde sorun ya\u015fan\u0131yor. S\u00f6z konusu problemin nedeni hakk\u0131nda hen\u00fcz resmi bir a\u00e7\u0131klama gelmedi. G\u0130R\u0130\u015e YAPILAMADI\u00a0 D\u00fcnyan\u0131n en yayg\u0131n mesajla\u015fma platformlar\u0131ndan WhatsApp k\u0131sa s\u00fcreli eri\u015fim sorunu sorunu ya\u015fad\u0131. T\u00fcrkiye saati ile 20:50 sular\u0131nda \u00e7al\u0131\u015fmayan WhatsApp&#8217;a uygulamadan ya da web \u00fczerinden 15 dakika s\u00fcresince ula\u015fabilmek m\u00fcmk\u00fcn olmad\u0131. Eri\u015fim sorunu 21:02 itibariyle d\u00fczelmeye ba\u015flad\u0131. Facebook ve Instagram&#8217;a giri\u015flerde ise hala sorun ya\u015fan\u0131yor.\u00a0 BAKANLIKTAN A\u00c7IKLAMA GELD\u0130\u00a0 Ula\u015ft\u0131rma ve Altyap\u0131 Bakan Yard\u0131mc\u0131s\u0131 \u00d6mer Fatih Sayan ya\u015fanan sorunla ilgili, &#8220;Whatsapp servislerinde global bir hizmet kesintisi oldu\u011fu Ulusal Siber Olaylara M\u00fcdahale Merkezimiz TRCert taraf\u0131ndan raporlanm\u0131\u015ft\u0131r. Ekiplerimiz s\u00fcreci takip etmektedir&#8221; dedi.\u00a0 \u200bSosyal medya denince akla ilk gelen uygulamalardan olan WhatsApp, Instagram ve Facebook&#8217;ta eri\u015fim sorunu ya\u015fan\u0131yor\u00a0 \u200bHaberin Al\u0131nt\u0131land\u0131\u011f\u0131 Kaynak: www.antalyakorfez.com<\/p>","protected":false},"author":0,"featured_media":0,"comment_status":"open","ping_status":"open","sticky":false,"template":"","format":"standard","meta":{"_acf_changed":false,"footnotes":""},"categories":[24,535],"tags":[],"class_list":["post-20264","post","type-post","status-publish","format-standard","has-post-thumbnail","hentry","category-gundem","category-uncategorized-tr"],"acf":[],"yoast_head":"<!-- This site is optimized with the Yoast SEO Premium plugin v26.6 (Yoast SEO v27.1.1) - https:\/\/yoast.com\/product\/yoast-seo-premium-wordpress\/ -->\n<title>WhatsApp, Instagram ve Facebook \u00e7\u00f6kt\u00fc! Uygulamalara giri\u015fte sorunlar ya\u015fan\u0131yor - Av. Deniz Can K\u0131z\u0131l<\/title>\n<meta name=\"robots\" content=\"index, follow, max-snippet:-1, max-image-preview:large, max-video-preview:-1\" \/>\n<link rel=\"canonical\" href=\"https:\/\/denizcankizil.tr\/en\/haberler\/gundem\/whatsapp-instagram-ve-facebook-coktu-uygulamalara-giriste-sorunlar-yasaniyor\/\" \/>\n<meta property=\"og:locale\" content=\"en_GB\" \/>\n<meta property=\"og:type\" content=\"article\" \/>\n<meta property=\"og:title\" content=\"WhatsApp, Instagram ve Facebook \u00e7\u00f6kt\u00fc! Uygulamalara giri\u015fte sorunlar ya\u015fan\u0131yor\" \/>\n<meta property=\"og:description\" content=\"D\u00fcnyan\u0131n en pop\u00fcler sosyal medya uygulamalar\u0131 olan WhatsApp, Instagram ve Facebook&#8217; giri\u015flerde sorun ya\u015fan\u0131yor. S\u00f6z konusu problemin nedeni hakk\u0131nda hen\u00fcz resmi bir a\u00e7\u0131klama gelmedi. G\u0130R\u0130\u015e YAPILAMADI\u00a0 D\u00fcnyan\u0131n en yayg\u0131n mesajla\u015fma platformlar\u0131ndan WhatsApp k\u0131sa s\u00fcreli eri\u015fim sorunu sorunu ya\u015fad\u0131. T\u00fcrkiye saati ile 20:50 sular\u0131nda \u00e7al\u0131\u015fmayan WhatsApp&#8217;a uygulamadan ya da web \u00fczerinden 15 dakika s\u00fcresince ula\u015fabilmek m\u00fcmk\u00fcn olmad\u0131. Eri\u015fim sorunu 21:02 itibariyle d\u00fczelmeye ba\u015flad\u0131. Facebook ve Instagram&#8217;a giri\u015flerde ise hala sorun ya\u015fan\u0131yor.\u00a0 BAKANLIKTAN A\u00c7IKLAMA GELD\u0130\u00a0 Ula\u015ft\u0131rma ve Altyap\u0131 Bakan Yard\u0131mc\u0131s\u0131 \u00d6mer Fatih Sayan ya\u015fanan sorunla ilgili, &#8220;Whatsapp servislerinde global bir hizmet kesintisi oldu\u011fu Ulusal Siber Olaylara M\u00fcdahale Merkezimiz TRCert taraf\u0131ndan raporlanm\u0131\u015ft\u0131r. Ekiplerimiz s\u00fcreci takip etmektedir&#8221; dedi.\u00a0 \u200bSosyal medya denince akla ilk gelen uygulamalardan olan WhatsApp, Instagram ve Facebook&#8217;ta eri\u015fim sorunu ya\u015fan\u0131yor\u00a0 \u200bHaberin Al\u0131nt\u0131land\u0131\u011f\u0131 Kaynak: www.antalyakorfez.com\" \/>\n<meta property=\"og:url\" content=\"https:\/\/denizcankizil.tr\/en\/haberler\/gundem\/whatsapp-instagram-ve-facebook-coktu-uygulamalara-giriste-sorunlar-yasaniyor\/\" \/>\n<meta property=\"og:site_name\" content=\"Av. Deniz Can K\u0131z\u0131l\" \/>\n<meta property=\"article:published_time\" content=\"2024-12-11T18:41:25+00:00\" \/>\n<meta name=\"twitter:card\" content=\"summary_large_image\" \/>\n<meta name=\"twitter:label1\" content=\"Estimated reading time\" \/>\n\t<meta name=\"twitter:data1\" content=\"1 minute\" \/>\n<script type=\"application\/ld+json\" class=\"yoast-schema-graph\">{\"@context\":\"https:\/\/schema.org\",\"@graph\":[{\"@type\":\"Article\",\"@id\":\"https:\/\/denizcankizil.tr\/de\/haberler\/gundem\/whatsapp-instagram-ve-facebook-coktu-uygulamalara-giriste-sorunlar-yasaniyor\/#article\",\"isPartOf\":{\"@id\":\"https:\/\/denizcankizil.tr\/de\/haberler\/gundem\/whatsapp-instagram-ve-facebook-coktu-uygulamalara-giriste-sorunlar-yasaniyor\/\"},\"author\":{\"name\":\"\",\"@id\":\"\"},\"headline\":\"WhatsApp, Instagram ve Facebook \u00e7\u00f6kt\u00fc! Uygulamalara giri\u015fte sorunlar ya\u015fan\u0131yor\",\"datePublished\":\"2024-12-11T18:41:25+00:00\",\"mainEntityOfPage\":{\"@id\":\"https:\/\/denizcankizil.tr\/de\/haberler\/gundem\/whatsapp-instagram-ve-facebook-coktu-uygulamalara-giriste-sorunlar-yasaniyor\/\"},\"wordCount\":187,\"commentCount\":0,\"publisher\":{\"@id\":\"https:\/\/denizcankizil.tr\/de\/#organization\"},\"articleSection\":[\"G\u00fcndem\",\"Uncategorized\"],\"inLanguage\":\"en-GB\",\"potentialAction\":[{\"@type\":\"CommentAction\",\"name\":\"Comment\",\"target\":[\"https:\/\/denizcankizil.tr\/de\/haberler\/gundem\/whatsapp-instagram-ve-facebook-coktu-uygulamalara-giriste-sorunlar-yasaniyor\/#respond\"]}]},{\"@type\":\"WebPage\",\"@id\":\"https:\/\/denizcankizil.tr\/de\/haberler\/gundem\/whatsapp-instagram-ve-facebook-coktu-uygulamalara-giriste-sorunlar-yasaniyor\/\",\"url\":\"https:\/\/denizcankizil.tr\/de\/haberler\/gundem\/whatsapp-instagram-ve-facebook-coktu-uygulamalara-giriste-sorunlar-yasaniyor\/\",\"name\":\"WhatsApp, Instagram ve Facebook \u00e7\u00f6kt\u00fc! Uygulamalara giri\u015fte sorunlar ya\u015fan\u0131yor - Av. Deniz Can K\u0131z\u0131l\",\"isPartOf\":{\"@id\":\"https:\/\/denizcankizil.tr\/de\/#website\"},\"datePublished\":\"2024-12-11T18:41:25+00:00\",\"breadcrumb\":{\"@id\":\"https:\/\/denizcankizil.tr\/de\/haberler\/gundem\/whatsapp-instagram-ve-facebook-coktu-uygulamalara-giriste-sorunlar-yasaniyor\/#breadcrumb\"},\"inLanguage\":\"en-GB\",\"potentialAction\":[{\"@type\":\"ReadAction\",\"target\":[\"https:\/\/denizcankizil.tr\/de\/haberler\/gundem\/whatsapp-instagram-ve-facebook-coktu-uygulamalara-giriste-sorunlar-yasaniyor\/\"]}]},{\"@type\":\"BreadcrumbList\",\"@id\":\"https:\/\/denizcankizil.tr\/de\/haberler\/gundem\/whatsapp-instagram-ve-facebook-coktu-uygulamalara-giriste-sorunlar-yasaniyor\/#breadcrumb\",\"itemListElement\":[{\"@type\":\"ListItem\",\"position\":1,\"name\":\"Home\",\"item\":\"https:\/\/denizcankizil.tr\/de\/\"},{\"@type\":\"ListItem\",\"position\":2,\"name\":\"WhatsApp, Instagram ve Facebook \u00e7\u00f6kt\u00fc! Uygulamalara giri\u015fte sorunlar ya\u015fan\u0131yor\"}]},{\"@type\":\"WebSite\",\"@id\":\"https:\/\/denizcankizil.tr\/de\/#website\",\"url\":\"https:\/\/denizcankizil.tr\/de\/\",\"name\":\"Av. Deniz Can K\u0131z\u0131l\",\"description\":\"Avukat Deniz Can K\u0131z\u0131l Antalya Barosu\",\"publisher\":{\"@id\":\"https:\/\/denizcankizil.tr\/de\/#organization\"},\"potentialAction\":[{\"@type\":\"SearchAction\",\"target\":{\"@type\":\"EntryPoint\",\"urlTemplate\":\"https:\/\/denizcankizil.tr\/de\/?s={search_term_string}\"},\"query-input\":{\"@type\":\"PropertyValueSpecification\",\"valueRequired\":true,\"valueName\":\"search_term_string\"}}],\"inLanguage\":\"en-GB\"},{\"@type\":\"Organization\",\"@id\":\"https:\/\/denizcankizil.tr\/de\/#organization\",\"name\":\"Av. Deniz Can K\u0131z\u0131l\",\"url\":\"https:\/\/denizcankizil.tr\/de\/\",\"logo\":{\"@type\":\"ImageObject\",\"inLanguage\":\"en-GB\",\"@id\":\"https:\/\/denizcankizil.tr\/de\/#\/schema\/logo\/image\/\",\"url\":\"http:\/\/denizcankizil.tr\/wp-content\/uploads\/2024\/10\/siyah-logo-svg.svg\",\"contentUrl\":\"http:\/\/denizcankizil.tr\/wp-content\/uploads\/2024\/10\/siyah-logo-svg.svg\",\"width\":1080,\"height\":1080,\"caption\":\"Av. Deniz Can K\u0131z\u0131l\"},\"image\":{\"@id\":\"https:\/\/denizcankizil.tr\/de\/#\/schema\/logo\/image\/\"}}]}<\/script>\n<!-- \/ Yoast SEO Premium plugin. -->","yoast_head_json":{"title":"WhatsApp, Instagram ve Facebook \u00e7\u00f6kt\u00fc! Uygulamalara giri\u015fte sorunlar ya\u015fan\u0131yor - Av. Deniz Can K\u0131z\u0131l","robots":{"index":"index","follow":"follow","max-snippet":"max-snippet:-1","max-image-preview":"max-image-preview:large","max-video-preview":"max-video-preview:-1"},"canonical":"https:\/\/denizcankizil.tr\/en\/haberler\/gundem\/whatsapp-instagram-ve-facebook-coktu-uygulamalara-giriste-sorunlar-yasaniyor\/","og_locale":"en_GB","og_type":"article","og_title":"WhatsApp, Instagram ve Facebook \u00e7\u00f6kt\u00fc! Uygulamalara giri\u015fte sorunlar ya\u015fan\u0131yor","og_description":"D\u00fcnyan\u0131n en pop\u00fcler sosyal medya uygulamalar\u0131 olan WhatsApp, Instagram ve Facebook&#8217; giri\u015flerde sorun ya\u015fan\u0131yor. S\u00f6z konusu problemin nedeni hakk\u0131nda hen\u00fcz resmi bir a\u00e7\u0131klama gelmedi. G\u0130R\u0130\u015e YAPILAMADI\u00a0 D\u00fcnyan\u0131n en yayg\u0131n mesajla\u015fma platformlar\u0131ndan WhatsApp k\u0131sa s\u00fcreli eri\u015fim sorunu sorunu ya\u015fad\u0131. T\u00fcrkiye saati ile 20:50 sular\u0131nda \u00e7al\u0131\u015fmayan WhatsApp&#8217;a uygulamadan ya da web \u00fczerinden 15 dakika s\u00fcresince ula\u015fabilmek m\u00fcmk\u00fcn olmad\u0131. Eri\u015fim sorunu 21:02 itibariyle d\u00fczelmeye ba\u015flad\u0131. Facebook ve Instagram&#8217;a giri\u015flerde ise hala sorun ya\u015fan\u0131yor.\u00a0 BAKANLIKTAN A\u00c7IKLAMA GELD\u0130\u00a0 Ula\u015ft\u0131rma ve Altyap\u0131 Bakan Yard\u0131mc\u0131s\u0131 \u00d6mer Fatih Sayan ya\u015fanan sorunla ilgili, &#8220;Whatsapp servislerinde global bir hizmet kesintisi oldu\u011fu Ulusal Siber Olaylara M\u00fcdahale Merkezimiz TRCert taraf\u0131ndan raporlanm\u0131\u015ft\u0131r. Ekiplerimiz s\u00fcreci takip etmektedir&#8221; dedi.\u00a0 \u200bSosyal medya denince akla ilk gelen uygulamalardan olan WhatsApp, Instagram ve Facebook&#8217;ta eri\u015fim sorunu ya\u015fan\u0131yor\u00a0 \u200bHaberin Al\u0131nt\u0131land\u0131\u011f\u0131 Kaynak: www.antalyakorfez.com","og_url":"https:\/\/denizcankizil.tr\/en\/haberler\/gundem\/whatsapp-instagram-ve-facebook-coktu-uygulamalara-giriste-sorunlar-yasaniyor\/","og_site_name":"Av. Deniz Can K\u0131z\u0131l","article_published_time":"2024-12-11T18:41:25+00:00","twitter_card":"summary_large_image","twitter_misc":{"Estimated reading time":"1 minute"},"schema":{"@context":"https:\/\/schema.org","@graph":[{"@type":"Article","@id":"https:\/\/denizcankizil.tr\/de\/haberler\/gundem\/whatsapp-instagram-ve-facebook-coktu-uygulamalara-giriste-sorunlar-yasaniyor\/#article","isPartOf":{"@id":"https:\/\/denizcankizil.tr\/de\/haberler\/gundem\/whatsapp-instagram-ve-facebook-coktu-uygulamalara-giriste-sorunlar-yasaniyor\/"},"author":{"name":"","@id":""},"headline":"WhatsApp, Instagram ve Facebook \u00e7\u00f6kt\u00fc! Uygulamalara giri\u015fte sorunlar ya\u015fan\u0131yor","datePublished":"2024-12-11T18:41:25+00:00","mainEntityOfPage":{"@id":"https:\/\/denizcankizil.tr\/de\/haberler\/gundem\/whatsapp-instagram-ve-facebook-coktu-uygulamalara-giriste-sorunlar-yasaniyor\/"},"wordCount":187,"commentCount":0,"publisher":{"@id":"https:\/\/denizcankizil.tr\/de\/#organization"},"articleSection":["G\u00fcndem","Uncategorized"],"inLanguage":"en-GB","potentialAction":[{"@type":"CommentAction","name":"Comment","target":["https:\/\/denizcankizil.tr\/de\/haberler\/gundem\/whatsapp-instagram-ve-facebook-coktu-uygulamalara-giriste-sorunlar-yasaniyor\/#respond"]}]},{"@type":"WebPage","@id":"https:\/\/denizcankizil.tr\/de\/haberler\/gundem\/whatsapp-instagram-ve-facebook-coktu-uygulamalara-giriste-sorunlar-yasaniyor\/","url":"https:\/\/denizcankizil.tr\/de\/haberler\/gundem\/whatsapp-instagram-ve-facebook-coktu-uygulamalara-giriste-sorunlar-yasaniyor\/","name":"WhatsApp, Instagram ve Facebook \u00e7\u00f6kt\u00fc! Uygulamalara giri\u015fte sorunlar ya\u015fan\u0131yor - Av. Deniz Can K\u0131z\u0131l","isPartOf":{"@id":"https:\/\/denizcankizil.tr\/de\/#website"},"datePublished":"2024-12-11T18:41:25+00:00","breadcrumb":{"@id":"https:\/\/denizcankizil.tr\/de\/haberler\/gundem\/whatsapp-instagram-ve-facebook-coktu-uygulamalara-giriste-sorunlar-yasaniyor\/#breadcrumb"},"inLanguage":"en-GB","potentialAction":[{"@type":"ReadAction","target":["https:\/\/denizcankizil.tr\/de\/haberler\/gundem\/whatsapp-instagram-ve-facebook-coktu-uygulamalara-giriste-sorunlar-yasaniyor\/"]}]},{"@type":"BreadcrumbList","@id":"https:\/\/denizcankizil.tr\/de\/haberler\/gundem\/whatsapp-instagram-ve-facebook-coktu-uygulamalara-giriste-sorunlar-yasaniyor\/#breadcrumb","itemListElement":[{"@type":"ListItem","position":1,"name":"Home","item":"https:\/\/denizcankizil.tr\/de\/"},{"@type":"ListItem","position":2,"name":"WhatsApp, Instagram ve Facebook \u00e7\u00f6kt\u00fc! Uygulamalara giri\u015fte sorunlar ya\u015fan\u0131yor"}]},{"@type":"WebSite","@id":"https:\/\/denizcankizil.tr\/de\/#website","url":"https:\/\/denizcankizil.tr\/de\/","name":"Av. Deniz Can K\u0131z\u0131l","description":"Avukat Deniz Can K\u0131z\u0131l Antalya Barosu","publisher":{"@id":"https:\/\/denizcankizil.tr\/de\/#organization"},"potentialAction":[{"@type":"SearchAction","target":{"@type":"EntryPoint","urlTemplate":"https:\/\/denizcankizil.tr\/de\/?s={search_term_string}"},"query-input":{"@type":"PropertyValueSpecification","valueRequired":true,"valueName":"search_term_string"}}],"inLanguage":"en-GB"},{"@type":"Organization","@id":"https:\/\/denizcankizil.tr\/de\/#organization","name":"Av. Deniz Can K\u0131z\u0131l","url":"https:\/\/denizcankizil.tr\/de\/","logo":{"@type":"ImageObject","inLanguage":"en-GB","@id":"https:\/\/denizcankizil.tr\/de\/#\/schema\/logo\/image\/","url":"http:\/\/denizcankizil.tr\/wp-content\/uploads\/2024\/10\/siyah-logo-svg.svg","contentUrl":"http:\/\/denizcankizil.tr\/wp-content\/uploads\/2024\/10\/siyah-logo-svg.svg","width":1080,"height":1080,"caption":"Av. Deniz Can K\u0131z\u0131l"},"image":{"@id":"https:\/\/denizcankizil.tr\/de\/#\/schema\/logo\/image\/"}}]}},"_links":{"self":[{"href":"http:\/\/denizcankizil.tr\/en\/wp-json\/wp\/v2\/posts\/20264","targetHints":{"allow":["GET"]}}],"collection":[{"href":"http:\/\/denizcankizil.tr\/en\/wp-json\/wp\/v2\/posts"}],"about":[{"href":"http:\/\/denizcankizil.tr\/en\/wp-json\/wp\/v2\/types\/post"}],"replies":[{"embeddable":true,"href":"http:\/\/denizcankizil.tr\/en\/wp-json\/wp\/v2\/comments?post=20264"}],"version-history":[{"count":0,"href":"http:\/\/denizcankizil.tr\/en\/wp-json\/wp\/v2\/posts\/20264\/revisions"}],"wp:attachment":[{"href":"http:\/\/denizcankizil.tr\/en\/wp-json\/wp\/v2\/media?parent=20264"}],"wp:term":[{"taxonomy":"category","embeddable":true,"href":"http:\/\/denizcankizil.tr\/en\/wp-json\/wp\/v2\/categories?post=20264"},{"taxonomy":"post_tag","embeddable":true,"href":"http:\/\/denizcankizil.tr\/en\/wp-json\/wp\/v2\/tags?post=20264"}],"curies":[{"name":"wp","href":"https:\/\/api.w.org\/{rel}","templated":true}]}}