{"id":20228,"date":"2024-12-11T14:41:31","date_gmt":"2024-12-11T11:41:31","guid":{"rendered":"https:\/\/denizcankizil.tr\/uncategorized-tr\/pazar-yerini-mesken-tutan-aileye-mudahale\/"},"modified":"2024-12-11T14:41:31","modified_gmt":"2024-12-11T11:41:31","slug":"pazar-yerini-mesken-tutan-aileye-mudahale","status":"publish","type":"post","link":"http:\/\/denizcankizil.tr\/en\/haberler\/antalya\/pazar-yerini-mesken-tutan-aileye-mudahale\/","title":{"rendered":"Pazar yerini mesken tutan aileye m\u00fcdahale"},"content":{"rendered":"<p>Konyaalt\u0131 il\u00e7esinde kapal\u0131 pazar yerini mesken tutarak 2 g\u00fcnd\u00fcr vatanda\u015flardan yard\u0131m toplayan ve \u00e7ocuklar\u0131n\u0131 pazar \u00e7e\u015fmesinde y\u0131kad\u0131klar\u0131 g\u00f6r\u00fcnt\u00fcler sosyal medyaya d\u00fc\u015fen 6 \u00e7ocuklu aileyi g\u00f6ren vatanda\u015flar, polis ve belediyeyi aray\u0131p ihbarda bulundu. \u0130hbar \u00fczerine harekete ge\u00e7en Antalya B\u00fcy\u00fck\u015fehir Belediyesi Zab\u0131ta ekibi, emniyet g\u00fc\u00e7leri ve Sosyal Hizmetler \u0130l M\u00fcd\u00fcrl\u00fc\u011f\u00fc ekipleri; ya\u015flar\u0131 2 ile 12 aras\u0131nda de\u011fi\u015fen 6 \u00e7ocuk ve anne babaya yard\u0131m edip b\u00f6lgeden uzakla\u015ft\u0131rmak istedi. M\u00fcdahale s\u0131ras\u0131nda kad\u0131n ve \u00e7ocuklar ekiplerle gitmek isterken H.Y., polis ekiplerine zorluk \u00e7\u0131kard\u0131. \u0130smi \u00f6\u011frenilemeyen kad\u0131n, \u00e7ocuklar\u0131 ve e\u015fyalar\u0131n\u0131 alarak araca binerken H.Y. kendi arac\u0131n\u0131 tekmeleyip zarar vererek gitmelerini engellemek istedi.<\/p>\n<p>\u00c7ocuklar ve kad\u0131n, g\u00fcvenlik g\u00fc\u00e7lerinin g\u00f6zetiminde araca al\u0131narak b\u00f6lgeden g\u00f6t\u00fcr\u00fcld\u00fc. H.Y. isimli adam ise olay yerinden arac\u0131na binerek uzakla\u015ft\u0131.<br \/>\nAilenin Ankara&#8217;dan geldi\u011fi, Antalya&#8217;da bir ikametlerinin olmad\u0131\u011f\u0131, anne ve baban\u0131n \u00e7al\u0131\u015fmad\u0131\u011f\u0131, baban\u0131n i\u015f bulunmas\u0131 teklifini de kabul etmedi\u011fi \u00f6\u011frenildi. Konyaalt\u0131 Kaymakaml\u0131\u011f\u0131 ve Sosyal Hizmetler \u0130l M\u00fcd\u00fcrl\u00fc\u011f\u00fc ekiplerinin ortak \u00e7al\u0131\u015fmas\u0131 sonucunda anne ve 6 \u00e7ocu\u011fun otob\u00fcs biletleri temin edilerek memleketleri Ankara&#8217;ya g\u00f6nderilirken, baban\u0131n da arac\u0131yla Ankara&#8217;ya d\u00f6nd\u00fc\u011f\u00fc bildirildi.<\/p>\n<p>Kaynak: www.kanalv.com.tr Haber Sitesinden Al\u0131nm\u0131\u015ft\u0131r.<\/p>","protected":false},"excerpt":{"rendered":"<p>Konyaalt\u0131 il\u00e7esinde kapal\u0131 pazar yerini mesken tutarak 2 g\u00fcnd\u00fcr vatanda\u015flardan yard\u0131m toplayan ve \u00e7ocuklar\u0131n\u0131 pazar \u00e7e\u015fmesinde y\u0131kad\u0131klar\u0131 g\u00f6r\u00fcnt\u00fcler sosyal medyaya d\u00fc\u015fen 6 \u00e7ocuklu aileyi g\u00f6ren vatanda\u015flar, polis ve belediyeyi aray\u0131p ihbarda bulundu. \u0130hbar \u00fczerine harekete ge\u00e7en Antalya B\u00fcy\u00fck\u015fehir Belediyesi Zab\u0131ta ekibi, emniyet g\u00fc\u00e7leri ve Sosyal Hizmetler \u0130l M\u00fcd\u00fcrl\u00fc\u011f\u00fc ekipleri; ya\u015flar\u0131 2 ile 12 aras\u0131nda de\u011fi\u015fen 6 \u00e7ocuk ve anne babaya yard\u0131m edip b\u00f6lgeden uzakla\u015ft\u0131rmak istedi. M\u00fcdahale s\u0131ras\u0131nda kad\u0131n ve \u00e7ocuklar ekiplerle gitmek isterken H.Y., polis ekiplerine zorluk \u00e7\u0131kard\u0131. \u0130smi \u00f6\u011frenilemeyen kad\u0131n, \u00e7ocuklar\u0131 ve e\u015fyalar\u0131n\u0131 alarak araca binerken H.Y. kendi arac\u0131n\u0131 tekmeleyip zarar vererek gitmelerini engellemek istedi. \u00c7ocuklar ve kad\u0131n, g\u00fcvenlik g\u00fc\u00e7lerinin g\u00f6zetiminde araca al\u0131narak b\u00f6lgeden g\u00f6t\u00fcr\u00fcld\u00fc. H.Y. isimli adam ise olay yerinden arac\u0131na binerek uzakla\u015ft\u0131. Ailenin Ankara&#8217;dan geldi\u011fi, Antalya&#8217;da bir ikametlerinin olmad\u0131\u011f\u0131, anne ve baban\u0131n \u00e7al\u0131\u015fmad\u0131\u011f\u0131, baban\u0131n i\u015f bulunmas\u0131 teklifini de kabul etmedi\u011fi \u00f6\u011frenildi. Konyaalt\u0131 Kaymakaml\u0131\u011f\u0131 ve Sosyal Hizmetler \u0130l M\u00fcd\u00fcrl\u00fc\u011f\u00fc ekiplerinin ortak \u00e7al\u0131\u015fmas\u0131 sonucunda anne ve 6 \u00e7ocu\u011fun otob\u00fcs biletleri temin edilerek memleketleri Ankara&#8217;ya g\u00f6nderilirken, baban\u0131n da arac\u0131yla Ankara&#8217;ya d\u00f6nd\u00fc\u011f\u00fc bildirildi. Kaynak: www.kanalv.com.tr Haber Sitesinden Al\u0131nm\u0131\u015ft\u0131r.<\/p>","protected":false},"author":0,"featured_media":20229,"comment_status":"open","ping_status":"open","sticky":false,"template":"","format":"standard","meta":{"_acf_changed":false,"footnotes":""},"categories":[26,535],"tags":[],"class_list":["post-20228","post","type-post","status-publish","format-standard","has-post-thumbnail","hentry","category-antalya","category-uncategorized-tr"],"acf":[],"yoast_head":"<!-- This site is optimized with the Yoast SEO Premium plugin v26.6 (Yoast SEO v27.1.1) - https:\/\/yoast.com\/product\/yoast-seo-premium-wordpress\/ -->\n<title>Pazar yerini mesken tutan aileye m\u00fcdahale - Av. Deniz Can K\u0131z\u0131l<\/title>\n<meta name=\"robots\" content=\"index, follow, max-snippet:-1, max-image-preview:large, max-video-preview:-1\" \/>\n<link rel=\"canonical\" href=\"https:\/\/denizcankizil.tr\/en\/haberler\/antalya\/pazar-yerini-mesken-tutan-aileye-mudahale\/\" \/>\n<meta property=\"og:locale\" content=\"en_GB\" \/>\n<meta property=\"og:type\" content=\"article\" \/>\n<meta property=\"og:title\" content=\"Pazar yerini mesken tutan aileye m\u00fcdahale\" \/>\n<meta property=\"og:description\" content=\"Konyaalt\u0131 il\u00e7esinde kapal\u0131 pazar yerini mesken tutarak 2 g\u00fcnd\u00fcr vatanda\u015flardan yard\u0131m toplayan ve \u00e7ocuklar\u0131n\u0131 pazar \u00e7e\u015fmesinde y\u0131kad\u0131klar\u0131 g\u00f6r\u00fcnt\u00fcler sosyal medyaya d\u00fc\u015fen 6 \u00e7ocuklu aileyi g\u00f6ren vatanda\u015flar, polis ve belediyeyi aray\u0131p ihbarda bulundu. \u0130hbar \u00fczerine harekete ge\u00e7en Antalya B\u00fcy\u00fck\u015fehir Belediyesi Zab\u0131ta ekibi, emniyet g\u00fc\u00e7leri ve Sosyal Hizmetler \u0130l M\u00fcd\u00fcrl\u00fc\u011f\u00fc ekipleri; ya\u015flar\u0131 2 ile 12 aras\u0131nda de\u011fi\u015fen 6 \u00e7ocuk ve anne babaya yard\u0131m edip b\u00f6lgeden uzakla\u015ft\u0131rmak istedi. M\u00fcdahale s\u0131ras\u0131nda kad\u0131n ve \u00e7ocuklar ekiplerle gitmek isterken H.Y., polis ekiplerine zorluk \u00e7\u0131kard\u0131. \u0130smi \u00f6\u011frenilemeyen kad\u0131n, \u00e7ocuklar\u0131 ve e\u015fyalar\u0131n\u0131 alarak araca binerken H.Y. kendi arac\u0131n\u0131 tekmeleyip zarar vererek gitmelerini engellemek istedi. \u00c7ocuklar ve kad\u0131n, g\u00fcvenlik g\u00fc\u00e7lerinin g\u00f6zetiminde araca al\u0131narak b\u00f6lgeden g\u00f6t\u00fcr\u00fcld\u00fc. H.Y. isimli adam ise olay yerinden arac\u0131na binerek uzakla\u015ft\u0131. Ailenin Ankara&#8217;dan geldi\u011fi, Antalya&#8217;da bir ikametlerinin olmad\u0131\u011f\u0131, anne ve baban\u0131n \u00e7al\u0131\u015fmad\u0131\u011f\u0131, baban\u0131n i\u015f bulunmas\u0131 teklifini de kabul etmedi\u011fi \u00f6\u011frenildi. Konyaalt\u0131 Kaymakaml\u0131\u011f\u0131 ve Sosyal Hizmetler \u0130l M\u00fcd\u00fcrl\u00fc\u011f\u00fc ekiplerinin ortak \u00e7al\u0131\u015fmas\u0131 sonucunda anne ve 6 \u00e7ocu\u011fun otob\u00fcs biletleri temin edilerek memleketleri Ankara&#8217;ya g\u00f6nderilirken, baban\u0131n da arac\u0131yla Ankara&#8217;ya d\u00f6nd\u00fc\u011f\u00fc bildirildi. Kaynak: www.kanalv.com.tr Haber Sitesinden Al\u0131nm\u0131\u015ft\u0131r.\" \/>\n<meta property=\"og:url\" content=\"https:\/\/denizcankizil.tr\/en\/haberler\/antalya\/pazar-yerini-mesken-tutan-aileye-mudahale\/\" \/>\n<meta property=\"og:site_name\" content=\"Av. Deniz Can K\u0131z\u0131l\" \/>\n<meta property=\"article:published_time\" content=\"2024-12-11T11:41:31+00:00\" \/>\n<meta property=\"og:image\" content=\"https:\/\/denizcankizil.tr\/wp-content\/uploads\/2024\/12\/3536-01-Zj65Se.jpeg\" \/>\n\t<meta property=\"og:image:width\" content=\"1280\" \/>\n\t<meta property=\"og:image:height\" content=\"720\" \/>\n\t<meta property=\"og:image:type\" content=\"image\/jpeg\" \/>\n<meta name=\"twitter:card\" content=\"summary_large_image\" \/>\n<meta name=\"twitter:label1\" content=\"Estimated reading time\" \/>\n\t<meta name=\"twitter:data1\" content=\"1 minute\" \/>\n<script type=\"application\/ld+json\" class=\"yoast-schema-graph\">{\"@context\":\"https:\/\/schema.org\",\"@graph\":[{\"@type\":\"Article\",\"@id\":\"https:\/\/denizcankizil.tr\/ru\/haberler\/antalya\/pazar-yerini-mesken-tutan-aileye-mudahale\/#article\",\"isPartOf\":{\"@id\":\"https:\/\/denizcankizil.tr\/ru\/haberler\/antalya\/pazar-yerini-mesken-tutan-aileye-mudahale\/\"},\"author\":{\"name\":\"\",\"@id\":\"\"},\"headline\":\"Pazar yerini mesken tutan aileye m\u00fcdahale\",\"datePublished\":\"2024-12-11T11:41:31+00:00\",\"mainEntityOfPage\":{\"@id\":\"https:\/\/denizcankizil.tr\/ru\/haberler\/antalya\/pazar-yerini-mesken-tutan-aileye-mudahale\/\"},\"wordCount\":246,\"commentCount\":0,\"publisher\":{\"@id\":\"https:\/\/denizcankizil.tr\/de\/#organization\"},\"image\":{\"@id\":\"https:\/\/denizcankizil.tr\/ru\/haberler\/antalya\/pazar-yerini-mesken-tutan-aileye-mudahale\/#primaryimage\"},\"thumbnailUrl\":\"http:\/\/denizcankizil.tr\/wp-content\/uploads\/2024\/12\/3536-01-Zj65Se.jpeg\",\"articleSection\":[\"Antalya\",\"Uncategorized\"],\"inLanguage\":\"en-GB\",\"potentialAction\":[{\"@type\":\"CommentAction\",\"name\":\"Comment\",\"target\":[\"https:\/\/denizcankizil.tr\/ru\/haberler\/antalya\/pazar-yerini-mesken-tutan-aileye-mudahale\/#respond\"]}]},{\"@type\":\"WebPage\",\"@id\":\"https:\/\/denizcankizil.tr\/ru\/haberler\/antalya\/pazar-yerini-mesken-tutan-aileye-mudahale\/\",\"url\":\"https:\/\/denizcankizil.tr\/ru\/haberler\/antalya\/pazar-yerini-mesken-tutan-aileye-mudahale\/\",\"name\":\"Pazar yerini mesken tutan aileye m\u00fcdahale - Av. Deniz Can K\u0131z\u0131l\",\"isPartOf\":{\"@id\":\"https:\/\/denizcankizil.tr\/de\/#website\"},\"primaryImageOfPage\":{\"@id\":\"https:\/\/denizcankizil.tr\/ru\/haberler\/antalya\/pazar-yerini-mesken-tutan-aileye-mudahale\/#primaryimage\"},\"image\":{\"@id\":\"https:\/\/denizcankizil.tr\/ru\/haberler\/antalya\/pazar-yerini-mesken-tutan-aileye-mudahale\/#primaryimage\"},\"thumbnailUrl\":\"http:\/\/denizcankizil.tr\/wp-content\/uploads\/2024\/12\/3536-01-Zj65Se.jpeg\",\"datePublished\":\"2024-12-11T11:41:31+00:00\",\"breadcrumb\":{\"@id\":\"https:\/\/denizcankizil.tr\/ru\/haberler\/antalya\/pazar-yerini-mesken-tutan-aileye-mudahale\/#breadcrumb\"},\"inLanguage\":\"en-GB\",\"potentialAction\":[{\"@type\":\"ReadAction\",\"target\":[\"https:\/\/denizcankizil.tr\/ru\/haberler\/antalya\/pazar-yerini-mesken-tutan-aileye-mudahale\/\"]}]},{\"@type\":\"ImageObject\",\"inLanguage\":\"en-GB\",\"@id\":\"https:\/\/denizcankizil.tr\/ru\/haberler\/antalya\/pazar-yerini-mesken-tutan-aileye-mudahale\/#primaryimage\",\"url\":\"http:\/\/denizcankizil.tr\/wp-content\/uploads\/2024\/12\/3536-01-Zj65Se.jpeg\",\"contentUrl\":\"http:\/\/denizcankizil.tr\/wp-content\/uploads\/2024\/12\/3536-01-Zj65Se.jpeg\",\"width\":1280,\"height\":720},{\"@type\":\"BreadcrumbList\",\"@id\":\"https:\/\/denizcankizil.tr\/ru\/haberler\/antalya\/pazar-yerini-mesken-tutan-aileye-mudahale\/#breadcrumb\",\"itemListElement\":[{\"@type\":\"ListItem\",\"position\":1,\"name\":\"Home\",\"item\":\"https:\/\/denizcankizil.tr\/de\/\"},{\"@type\":\"ListItem\",\"position\":2,\"name\":\"Pazar yerini mesken tutan aileye m\u00fcdahale\"}]},{\"@type\":\"WebSite\",\"@id\":\"https:\/\/denizcankizil.tr\/de\/#website\",\"url\":\"https:\/\/denizcankizil.tr\/de\/\",\"name\":\"Av. Deniz Can K\u0131z\u0131l\",\"description\":\"Avukat Deniz Can K\u0131z\u0131l Antalya Barosu\",\"publisher\":{\"@id\":\"https:\/\/denizcankizil.tr\/de\/#organization\"},\"potentialAction\":[{\"@type\":\"SearchAction\",\"target\":{\"@type\":\"EntryPoint\",\"urlTemplate\":\"https:\/\/denizcankizil.tr\/de\/?s={search_term_string}\"},\"query-input\":{\"@type\":\"PropertyValueSpecification\",\"valueRequired\":true,\"valueName\":\"search_term_string\"}}],\"inLanguage\":\"en-GB\"},{\"@type\":\"Organization\",\"@id\":\"https:\/\/denizcankizil.tr\/de\/#organization\",\"name\":\"Av. Deniz Can K\u0131z\u0131l\",\"url\":\"https:\/\/denizcankizil.tr\/de\/\",\"logo\":{\"@type\":\"ImageObject\",\"inLanguage\":\"en-GB\",\"@id\":\"https:\/\/denizcankizil.tr\/de\/#\/schema\/logo\/image\/\",\"url\":\"http:\/\/denizcankizil.tr\/wp-content\/uploads\/2024\/10\/siyah-logo-svg.svg\",\"contentUrl\":\"http:\/\/denizcankizil.tr\/wp-content\/uploads\/2024\/10\/siyah-logo-svg.svg\",\"width\":1080,\"height\":1080,\"caption\":\"Av. Deniz Can K\u0131z\u0131l\"},\"image\":{\"@id\":\"https:\/\/denizcankizil.tr\/de\/#\/schema\/logo\/image\/\"}}]}<\/script>\n<!-- \/ Yoast SEO Premium plugin. -->","yoast_head_json":{"title":"Pazar yerini mesken tutan aileye m\u00fcdahale - Av. Deniz Can K\u0131z\u0131l","robots":{"index":"index","follow":"follow","max-snippet":"max-snippet:-1","max-image-preview":"max-image-preview:large","max-video-preview":"max-video-preview:-1"},"canonical":"https:\/\/denizcankizil.tr\/en\/haberler\/antalya\/pazar-yerini-mesken-tutan-aileye-mudahale\/","og_locale":"en_GB","og_type":"article","og_title":"Pazar yerini mesken tutan aileye m\u00fcdahale","og_description":"Konyaalt\u0131 il\u00e7esinde kapal\u0131 pazar yerini mesken tutarak 2 g\u00fcnd\u00fcr vatanda\u015flardan yard\u0131m toplayan ve \u00e7ocuklar\u0131n\u0131 pazar \u00e7e\u015fmesinde y\u0131kad\u0131klar\u0131 g\u00f6r\u00fcnt\u00fcler sosyal medyaya d\u00fc\u015fen 6 \u00e7ocuklu aileyi g\u00f6ren vatanda\u015flar, polis ve belediyeyi aray\u0131p ihbarda bulundu. \u0130hbar \u00fczerine harekete ge\u00e7en Antalya B\u00fcy\u00fck\u015fehir Belediyesi Zab\u0131ta ekibi, emniyet g\u00fc\u00e7leri ve Sosyal Hizmetler \u0130l M\u00fcd\u00fcrl\u00fc\u011f\u00fc ekipleri; ya\u015flar\u0131 2 ile 12 aras\u0131nda de\u011fi\u015fen 6 \u00e7ocuk ve anne babaya yard\u0131m edip b\u00f6lgeden uzakla\u015ft\u0131rmak istedi. M\u00fcdahale s\u0131ras\u0131nda kad\u0131n ve \u00e7ocuklar ekiplerle gitmek isterken H.Y., polis ekiplerine zorluk \u00e7\u0131kard\u0131. \u0130smi \u00f6\u011frenilemeyen kad\u0131n, \u00e7ocuklar\u0131 ve e\u015fyalar\u0131n\u0131 alarak araca binerken H.Y. kendi arac\u0131n\u0131 tekmeleyip zarar vererek gitmelerini engellemek istedi. \u00c7ocuklar ve kad\u0131n, g\u00fcvenlik g\u00fc\u00e7lerinin g\u00f6zetiminde araca al\u0131narak b\u00f6lgeden g\u00f6t\u00fcr\u00fcld\u00fc. H.Y. isimli adam ise olay yerinden arac\u0131na binerek uzakla\u015ft\u0131. Ailenin Ankara&#8217;dan geldi\u011fi, Antalya&#8217;da bir ikametlerinin olmad\u0131\u011f\u0131, anne ve baban\u0131n \u00e7al\u0131\u015fmad\u0131\u011f\u0131, baban\u0131n i\u015f bulunmas\u0131 teklifini de kabul etmedi\u011fi \u00f6\u011frenildi. Konyaalt\u0131 Kaymakaml\u0131\u011f\u0131 ve Sosyal Hizmetler \u0130l M\u00fcd\u00fcrl\u00fc\u011f\u00fc ekiplerinin ortak \u00e7al\u0131\u015fmas\u0131 sonucunda anne ve 6 \u00e7ocu\u011fun otob\u00fcs biletleri temin edilerek memleketleri Ankara&#8217;ya g\u00f6nderilirken, baban\u0131n da arac\u0131yla Ankara&#8217;ya d\u00f6nd\u00fc\u011f\u00fc bildirildi. Kaynak: www.kanalv.com.tr Haber Sitesinden Al\u0131nm\u0131\u015ft\u0131r.","og_url":"https:\/\/denizcankizil.tr\/en\/haberler\/antalya\/pazar-yerini-mesken-tutan-aileye-mudahale\/","og_site_name":"Av. Deniz Can K\u0131z\u0131l","article_published_time":"2024-12-11T11:41:31+00:00","og_image":[{"width":1280,"height":720,"url":"https:\/\/denizcankizil.tr\/wp-content\/uploads\/2024\/12\/3536-01-Zj65Se.jpeg","type":"image\/jpeg"}],"twitter_card":"summary_large_image","twitter_misc":{"Estimated reading time":"1 minute"},"schema":{"@context":"https:\/\/schema.org","@graph":[{"@type":"Article","@id":"https:\/\/denizcankizil.tr\/ru\/haberler\/antalya\/pazar-yerini-mesken-tutan-aileye-mudahale\/#article","isPartOf":{"@id":"https:\/\/denizcankizil.tr\/ru\/haberler\/antalya\/pazar-yerini-mesken-tutan-aileye-mudahale\/"},"author":{"name":"","@id":""},"headline":"Pazar yerini mesken tutan aileye m\u00fcdahale","datePublished":"2024-12-11T11:41:31+00:00","mainEntityOfPage":{"@id":"https:\/\/denizcankizil.tr\/ru\/haberler\/antalya\/pazar-yerini-mesken-tutan-aileye-mudahale\/"},"wordCount":246,"commentCount":0,"publisher":{"@id":"https:\/\/denizcankizil.tr\/de\/#organization"},"image":{"@id":"https:\/\/denizcankizil.tr\/ru\/haberler\/antalya\/pazar-yerini-mesken-tutan-aileye-mudahale\/#primaryimage"},"thumbnailUrl":"http:\/\/denizcankizil.tr\/wp-content\/uploads\/2024\/12\/3536-01-Zj65Se.jpeg","articleSection":["Antalya","Uncategorized"],"inLanguage":"en-GB","potentialAction":[{"@type":"CommentAction","name":"Comment","target":["https:\/\/denizcankizil.tr\/ru\/haberler\/antalya\/pazar-yerini-mesken-tutan-aileye-mudahale\/#respond"]}]},{"@type":"WebPage","@id":"https:\/\/denizcankizil.tr\/ru\/haberler\/antalya\/pazar-yerini-mesken-tutan-aileye-mudahale\/","url":"https:\/\/denizcankizil.tr\/ru\/haberler\/antalya\/pazar-yerini-mesken-tutan-aileye-mudahale\/","name":"Pazar yerini mesken tutan aileye m\u00fcdahale - Av. Deniz Can K\u0131z\u0131l","isPartOf":{"@id":"https:\/\/denizcankizil.tr\/de\/#website"},"primaryImageOfPage":{"@id":"https:\/\/denizcankizil.tr\/ru\/haberler\/antalya\/pazar-yerini-mesken-tutan-aileye-mudahale\/#primaryimage"},"image":{"@id":"https:\/\/denizcankizil.tr\/ru\/haberler\/antalya\/pazar-yerini-mesken-tutan-aileye-mudahale\/#primaryimage"},"thumbnailUrl":"http:\/\/denizcankizil.tr\/wp-content\/uploads\/2024\/12\/3536-01-Zj65Se.jpeg","datePublished":"2024-12-11T11:41:31+00:00","breadcrumb":{"@id":"https:\/\/denizcankizil.tr\/ru\/haberler\/antalya\/pazar-yerini-mesken-tutan-aileye-mudahale\/#breadcrumb"},"inLanguage":"en-GB","potentialAction":[{"@type":"ReadAction","target":["https:\/\/denizcankizil.tr\/ru\/haberler\/antalya\/pazar-yerini-mesken-tutan-aileye-mudahale\/"]}]},{"@type":"ImageObject","inLanguage":"en-GB","@id":"https:\/\/denizcankizil.tr\/ru\/haberler\/antalya\/pazar-yerini-mesken-tutan-aileye-mudahale\/#primaryimage","url":"http:\/\/denizcankizil.tr\/wp-content\/uploads\/2024\/12\/3536-01-Zj65Se.jpeg","contentUrl":"http:\/\/denizcankizil.tr\/wp-content\/uploads\/2024\/12\/3536-01-Zj65Se.jpeg","width":1280,"height":720},{"@type":"BreadcrumbList","@id":"https:\/\/denizcankizil.tr\/ru\/haberler\/antalya\/pazar-yerini-mesken-tutan-aileye-mudahale\/#breadcrumb","itemListElement":[{"@type":"ListItem","position":1,"name":"Home","item":"https:\/\/denizcankizil.tr\/de\/"},{"@type":"ListItem","position":2,"name":"Pazar yerini mesken tutan aileye m\u00fcdahale"}]},{"@type":"WebSite","@id":"https:\/\/denizcankizil.tr\/de\/#website","url":"https:\/\/denizcankizil.tr\/de\/","name":"Av. Deniz Can K\u0131z\u0131l","description":"Avukat Deniz Can K\u0131z\u0131l Antalya Barosu","publisher":{"@id":"https:\/\/denizcankizil.tr\/de\/#organization"},"potentialAction":[{"@type":"SearchAction","target":{"@type":"EntryPoint","urlTemplate":"https:\/\/denizcankizil.tr\/de\/?s={search_term_string}"},"query-input":{"@type":"PropertyValueSpecification","valueRequired":true,"valueName":"search_term_string"}}],"inLanguage":"en-GB"},{"@type":"Organization","@id":"https:\/\/denizcankizil.tr\/de\/#organization","name":"Av. Deniz Can K\u0131z\u0131l","url":"https:\/\/denizcankizil.tr\/de\/","logo":{"@type":"ImageObject","inLanguage":"en-GB","@id":"https:\/\/denizcankizil.tr\/de\/#\/schema\/logo\/image\/","url":"http:\/\/denizcankizil.tr\/wp-content\/uploads\/2024\/10\/siyah-logo-svg.svg","contentUrl":"http:\/\/denizcankizil.tr\/wp-content\/uploads\/2024\/10\/siyah-logo-svg.svg","width":1080,"height":1080,"caption":"Av. Deniz Can K\u0131z\u0131l"},"image":{"@id":"https:\/\/denizcankizil.tr\/de\/#\/schema\/logo\/image\/"}}]}},"_links":{"self":[{"href":"http:\/\/denizcankizil.tr\/en\/wp-json\/wp\/v2\/posts\/20228","targetHints":{"allow":["GET"]}}],"collection":[{"href":"http:\/\/denizcankizil.tr\/en\/wp-json\/wp\/v2\/posts"}],"about":[{"href":"http:\/\/denizcankizil.tr\/en\/wp-json\/wp\/v2\/types\/post"}],"replies":[{"embeddable":true,"href":"http:\/\/denizcankizil.tr\/en\/wp-json\/wp\/v2\/comments?post=20228"}],"version-history":[{"count":0,"href":"http:\/\/denizcankizil.tr\/en\/wp-json\/wp\/v2\/posts\/20228\/revisions"}],"wp:featuredmedia":[{"embeddable":true,"href":"http:\/\/denizcankizil.tr\/en\/wp-json\/wp\/v2\/media\/20229"}],"wp:attachment":[{"href":"http:\/\/denizcankizil.tr\/en\/wp-json\/wp\/v2\/media?parent=20228"}],"wp:term":[{"taxonomy":"category","embeddable":true,"href":"http:\/\/denizcankizil.tr\/en\/wp-json\/wp\/v2\/categories?post=20228"},{"taxonomy":"post_tag","embeddable":true,"href":"http:\/\/denizcankizil.tr\/en\/wp-json\/wp\/v2\/tags?post=20228"}],"curies":[{"name":"wp","href":"https:\/\/api.w.org\/{rel}","templated":true}]}}