{"id":19699,"date":"2024-12-07T17:41:47","date_gmt":"2024-12-07T14:41:47","guid":{"rendered":"https:\/\/denizcankizil.tr\/uncategorized-tr\/mugla-buyuksehir-kutuphanelerinde-okuma-ve-calisma-alanlarina-yogun-ilgi\/"},"modified":"2024-12-07T17:41:47","modified_gmt":"2024-12-07T14:41:47","slug":"mugla-buyuksehir-kutuphanelerinde-okuma-ve-calisma-alanlarina-yogun-ilgi","status":"publish","type":"post","link":"http:\/\/denizcankizil.tr\/en\/haberler\/gundem\/mugla-buyuksehir-kutuphanelerinde-okuma-ve-calisma-alanlarina-yogun-ilgi\/","title":{"rendered":"Mu\u011fla B\u00fcy\u00fck\u015fehir K\u00fct\u00fcphaneleri\u2019nde Okuma ve \u00c7al\u0131\u015fma Alanlar\u0131na Yo\u011fun \u0130lgi"},"content":{"rendered":"<p>Mu\u011fla B\u00fcy\u00fck\u015fehir Belediyesi taraf\u0131ndan T\u00fcrkan Saylan \u00c7a\u011fda\u015f Ya\u015fam Merkezi i\u00e7erisinde 2020 y\u0131l\u0131n\u0131n Haziran ay\u0131nda faaliyete ge\u00e7irilen k\u00fct\u00fcphaneler her ya\u015ftan vatanda\u015fa sundu\u011fu hizmetlerle ilgi g\u00f6rmeye devam ediyor.<\/p>\n<p>\u200bMu\u011fla B\u00fcy\u00fck\u015fehir Belediyesi taraf\u0131ndan T\u00fcrkan Saylan \u00c7a\u011fda\u015f Ya\u015fam Merkezi i\u00e7erisinde 2020 y\u0131l\u0131n\u0131n Haziran ay\u0131nda faaliyete ge\u00e7irilen k\u00fct\u00fcphaneler her ya\u015ftan vatanda\u015fa sundu\u011fu hizmetlerle ilgi g\u00f6rmeye devam ediyor.\u00a0<\/p>\n<p>\u200bHaberin Al\u0131nt\u0131land\u0131\u011f\u0131 Kaynak: www.iskenderun.org<\/p>","protected":false},"excerpt":{"rendered":"<p>Mu\u011fla B\u00fcy\u00fck\u015fehir Belediyesi taraf\u0131ndan T\u00fcrkan Saylan \u00c7a\u011fda\u015f Ya\u015fam Merkezi i\u00e7erisinde 2020 y\u0131l\u0131n\u0131n Haziran ay\u0131nda faaliyete ge\u00e7irilen k\u00fct\u00fcphaneler her ya\u015ftan vatanda\u015fa sundu\u011fu hizmetlerle ilgi g\u00f6rmeye devam ediyor. \u200bMu\u011fla B\u00fcy\u00fck\u015fehir Belediyesi taraf\u0131ndan T\u00fcrkan Saylan \u00c7a\u011fda\u015f Ya\u015fam Merkezi i\u00e7erisinde 2020 y\u0131l\u0131n\u0131n Haziran ay\u0131nda faaliyete ge\u00e7irilen k\u00fct\u00fcphaneler her ya\u015ftan vatanda\u015fa sundu\u011fu hizmetlerle ilgi g\u00f6rmeye devam ediyor.\u00a0 \u200bHaberin Al\u0131nt\u0131land\u0131\u011f\u0131 Kaynak: www.iskenderun.org<\/p>","protected":false},"author":0,"featured_media":0,"comment_status":"open","ping_status":"open","sticky":false,"template":"","format":"standard","meta":{"_acf_changed":false,"footnotes":""},"categories":[24,535],"tags":[],"class_list":["post-19699","post","type-post","status-publish","format-standard","has-post-thumbnail","hentry","category-gundem","category-uncategorized-tr"],"acf":[],"yoast_head":"<!-- This site is optimized with the Yoast SEO Premium plugin v26.6 (Yoast SEO v27.1.1) - https:\/\/yoast.com\/product\/yoast-seo-premium-wordpress\/ -->\n<title>Mu\u011fla B\u00fcy\u00fck\u015fehir K\u00fct\u00fcphaneleri\u2019nde Okuma ve \u00c7al\u0131\u015fma Alanlar\u0131na Yo\u011fun \u0130lgi - Av. Deniz Can K\u0131z\u0131l<\/title>\n<meta name=\"robots\" content=\"index, follow, max-snippet:-1, max-image-preview:large, max-video-preview:-1\" \/>\n<link rel=\"canonical\" href=\"https:\/\/denizcankizil.tr\/en\/haberler\/gundem\/mugla-buyuksehir-kutuphanelerinde-okuma-ve-calisma-alanlarina-yogun-ilgi\/\" \/>\n<meta property=\"og:locale\" content=\"en_GB\" \/>\n<meta property=\"og:type\" content=\"article\" \/>\n<meta property=\"og:title\" content=\"Mu\u011fla B\u00fcy\u00fck\u015fehir K\u00fct\u00fcphaneleri\u2019nde Okuma ve \u00c7al\u0131\u015fma Alanlar\u0131na Yo\u011fun \u0130lgi\" \/>\n<meta property=\"og:description\" content=\"Mu\u011fla B\u00fcy\u00fck\u015fehir Belediyesi taraf\u0131ndan T\u00fcrkan Saylan \u00c7a\u011fda\u015f Ya\u015fam Merkezi i\u00e7erisinde 2020 y\u0131l\u0131n\u0131n Haziran ay\u0131nda faaliyete ge\u00e7irilen k\u00fct\u00fcphaneler her ya\u015ftan vatanda\u015fa sundu\u011fu hizmetlerle ilgi g\u00f6rmeye devam ediyor. \u200bMu\u011fla B\u00fcy\u00fck\u015fehir Belediyesi taraf\u0131ndan T\u00fcrkan Saylan \u00c7a\u011fda\u015f Ya\u015fam Merkezi i\u00e7erisinde 2020 y\u0131l\u0131n\u0131n Haziran ay\u0131nda faaliyete ge\u00e7irilen k\u00fct\u00fcphaneler her ya\u015ftan vatanda\u015fa sundu\u011fu hizmetlerle ilgi g\u00f6rmeye devam ediyor.\u00a0 \u200bHaberin Al\u0131nt\u0131land\u0131\u011f\u0131 Kaynak: www.iskenderun.org\" \/>\n<meta property=\"og:url\" content=\"https:\/\/denizcankizil.tr\/en\/haberler\/gundem\/mugla-buyuksehir-kutuphanelerinde-okuma-ve-calisma-alanlarina-yogun-ilgi\/\" \/>\n<meta property=\"og:site_name\" content=\"Av. Deniz Can K\u0131z\u0131l\" \/>\n<meta property=\"article:published_time\" content=\"2024-12-07T14:41:47+00:00\" \/>\n<meta name=\"twitter:card\" content=\"summary_large_image\" \/>\n<script type=\"application\/ld+json\" class=\"yoast-schema-graph\">{\"@context\":\"https:\/\/schema.org\",\"@graph\":[{\"@type\":\"Article\",\"@id\":\"https:\/\/denizcankizil.tr\/de\/haberler\/gundem\/mugla-buyuksehir-kutuphanelerinde-okuma-ve-calisma-alanlarina-yogun-ilgi\/#article\",\"isPartOf\":{\"@id\":\"https:\/\/denizcankizil.tr\/de\/haberler\/gundem\/mugla-buyuksehir-kutuphanelerinde-okuma-ve-calisma-alanlarina-yogun-ilgi\/\"},\"author\":{\"name\":\"\",\"@id\":\"\"},\"headline\":\"Mu\u011fla B\u00fcy\u00fck\u015fehir K\u00fct\u00fcphaneleri\u2019nde Okuma ve \u00c7al\u0131\u015fma Alanlar\u0131na Yo\u011fun \u0130lgi\",\"datePublished\":\"2024-12-07T14:41:47+00:00\",\"mainEntityOfPage\":{\"@id\":\"https:\/\/denizcankizil.tr\/de\/haberler\/gundem\/mugla-buyuksehir-kutuphanelerinde-okuma-ve-calisma-alanlarina-yogun-ilgi\/\"},\"wordCount\":117,\"commentCount\":0,\"publisher\":{\"@id\":\"https:\/\/denizcankizil.tr\/de\/#organization\"},\"articleSection\":[\"G\u00fcndem\",\"Uncategorized\"],\"inLanguage\":\"en-GB\",\"potentialAction\":[{\"@type\":\"CommentAction\",\"name\":\"Comment\",\"target\":[\"https:\/\/denizcankizil.tr\/de\/haberler\/gundem\/mugla-buyuksehir-kutuphanelerinde-okuma-ve-calisma-alanlarina-yogun-ilgi\/#respond\"]}]},{\"@type\":\"WebPage\",\"@id\":\"https:\/\/denizcankizil.tr\/de\/haberler\/gundem\/mugla-buyuksehir-kutuphanelerinde-okuma-ve-calisma-alanlarina-yogun-ilgi\/\",\"url\":\"https:\/\/denizcankizil.tr\/de\/haberler\/gundem\/mugla-buyuksehir-kutuphanelerinde-okuma-ve-calisma-alanlarina-yogun-ilgi\/\",\"name\":\"Mu\u011fla B\u00fcy\u00fck\u015fehir K\u00fct\u00fcphaneleri\u2019nde Okuma ve \u00c7al\u0131\u015fma Alanlar\u0131na Yo\u011fun \u0130lgi - Av. Deniz Can K\u0131z\u0131l\",\"isPartOf\":{\"@id\":\"https:\/\/denizcankizil.tr\/de\/#website\"},\"datePublished\":\"2024-12-07T14:41:47+00:00\",\"breadcrumb\":{\"@id\":\"https:\/\/denizcankizil.tr\/de\/haberler\/gundem\/mugla-buyuksehir-kutuphanelerinde-okuma-ve-calisma-alanlarina-yogun-ilgi\/#breadcrumb\"},\"inLanguage\":\"en-GB\",\"potentialAction\":[{\"@type\":\"ReadAction\",\"target\":[\"https:\/\/denizcankizil.tr\/de\/haberler\/gundem\/mugla-buyuksehir-kutuphanelerinde-okuma-ve-calisma-alanlarina-yogun-ilgi\/\"]}]},{\"@type\":\"BreadcrumbList\",\"@id\":\"https:\/\/denizcankizil.tr\/de\/haberler\/gundem\/mugla-buyuksehir-kutuphanelerinde-okuma-ve-calisma-alanlarina-yogun-ilgi\/#breadcrumb\",\"itemListElement\":[{\"@type\":\"ListItem\",\"position\":1,\"name\":\"Home\",\"item\":\"https:\/\/denizcankizil.tr\/de\/\"},{\"@type\":\"ListItem\",\"position\":2,\"name\":\"Mu\u011fla B\u00fcy\u00fck\u015fehir K\u00fct\u00fcphaneleri\u2019nde Okuma ve \u00c7al\u0131\u015fma Alanlar\u0131na Yo\u011fun \u0130lgi\"}]},{\"@type\":\"WebSite\",\"@id\":\"https:\/\/denizcankizil.tr\/de\/#website\",\"url\":\"https:\/\/denizcankizil.tr\/de\/\",\"name\":\"Av. Deniz Can K\u0131z\u0131l\",\"description\":\"Avukat Deniz Can K\u0131z\u0131l Antalya Barosu\",\"publisher\":{\"@id\":\"https:\/\/denizcankizil.tr\/de\/#organization\"},\"potentialAction\":[{\"@type\":\"SearchAction\",\"target\":{\"@type\":\"EntryPoint\",\"urlTemplate\":\"https:\/\/denizcankizil.tr\/de\/?s={search_term_string}\"},\"query-input\":{\"@type\":\"PropertyValueSpecification\",\"valueRequired\":true,\"valueName\":\"search_term_string\"}}],\"inLanguage\":\"en-GB\"},{\"@type\":\"Organization\",\"@id\":\"https:\/\/denizcankizil.tr\/de\/#organization\",\"name\":\"Av. Deniz Can K\u0131z\u0131l\",\"url\":\"https:\/\/denizcankizil.tr\/de\/\",\"logo\":{\"@type\":\"ImageObject\",\"inLanguage\":\"en-GB\",\"@id\":\"https:\/\/denizcankizil.tr\/de\/#\/schema\/logo\/image\/\",\"url\":\"http:\/\/denizcankizil.tr\/wp-content\/uploads\/2024\/10\/siyah-logo-svg.svg\",\"contentUrl\":\"http:\/\/denizcankizil.tr\/wp-content\/uploads\/2024\/10\/siyah-logo-svg.svg\",\"width\":1080,\"height\":1080,\"caption\":\"Av. Deniz Can K\u0131z\u0131l\"},\"image\":{\"@id\":\"https:\/\/denizcankizil.tr\/de\/#\/schema\/logo\/image\/\"}}]}<\/script>\n<!-- \/ Yoast SEO Premium plugin. -->","yoast_head_json":{"title":"Mu\u011fla B\u00fcy\u00fck\u015fehir K\u00fct\u00fcphaneleri\u2019nde Okuma ve \u00c7al\u0131\u015fma Alanlar\u0131na Yo\u011fun \u0130lgi - Av. Deniz Can K\u0131z\u0131l","robots":{"index":"index","follow":"follow","max-snippet":"max-snippet:-1","max-image-preview":"max-image-preview:large","max-video-preview":"max-video-preview:-1"},"canonical":"https:\/\/denizcankizil.tr\/en\/haberler\/gundem\/mugla-buyuksehir-kutuphanelerinde-okuma-ve-calisma-alanlarina-yogun-ilgi\/","og_locale":"en_GB","og_type":"article","og_title":"Mu\u011fla B\u00fcy\u00fck\u015fehir K\u00fct\u00fcphaneleri\u2019nde Okuma ve \u00c7al\u0131\u015fma Alanlar\u0131na Yo\u011fun \u0130lgi","og_description":"Mu\u011fla B\u00fcy\u00fck\u015fehir Belediyesi taraf\u0131ndan T\u00fcrkan Saylan \u00c7a\u011fda\u015f Ya\u015fam Merkezi i\u00e7erisinde 2020 y\u0131l\u0131n\u0131n Haziran ay\u0131nda faaliyete ge\u00e7irilen k\u00fct\u00fcphaneler her ya\u015ftan vatanda\u015fa sundu\u011fu hizmetlerle ilgi g\u00f6rmeye devam ediyor. \u200bMu\u011fla B\u00fcy\u00fck\u015fehir Belediyesi taraf\u0131ndan T\u00fcrkan Saylan \u00c7a\u011fda\u015f Ya\u015fam Merkezi i\u00e7erisinde 2020 y\u0131l\u0131n\u0131n Haziran ay\u0131nda faaliyete ge\u00e7irilen k\u00fct\u00fcphaneler her ya\u015ftan vatanda\u015fa sundu\u011fu hizmetlerle ilgi g\u00f6rmeye devam ediyor.\u00a0 \u200bHaberin Al\u0131nt\u0131land\u0131\u011f\u0131 Kaynak: www.iskenderun.org","og_url":"https:\/\/denizcankizil.tr\/en\/haberler\/gundem\/mugla-buyuksehir-kutuphanelerinde-okuma-ve-calisma-alanlarina-yogun-ilgi\/","og_site_name":"Av. Deniz Can K\u0131z\u0131l","article_published_time":"2024-12-07T14:41:47+00:00","twitter_card":"summary_large_image","schema":{"@context":"https:\/\/schema.org","@graph":[{"@type":"Article","@id":"https:\/\/denizcankizil.tr\/de\/haberler\/gundem\/mugla-buyuksehir-kutuphanelerinde-okuma-ve-calisma-alanlarina-yogun-ilgi\/#article","isPartOf":{"@id":"https:\/\/denizcankizil.tr\/de\/haberler\/gundem\/mugla-buyuksehir-kutuphanelerinde-okuma-ve-calisma-alanlarina-yogun-ilgi\/"},"author":{"name":"","@id":""},"headline":"Mu\u011fla B\u00fcy\u00fck\u015fehir K\u00fct\u00fcphaneleri\u2019nde Okuma ve \u00c7al\u0131\u015fma Alanlar\u0131na Yo\u011fun \u0130lgi","datePublished":"2024-12-07T14:41:47+00:00","mainEntityOfPage":{"@id":"https:\/\/denizcankizil.tr\/de\/haberler\/gundem\/mugla-buyuksehir-kutuphanelerinde-okuma-ve-calisma-alanlarina-yogun-ilgi\/"},"wordCount":117,"commentCount":0,"publisher":{"@id":"https:\/\/denizcankizil.tr\/de\/#organization"},"articleSection":["G\u00fcndem","Uncategorized"],"inLanguage":"en-GB","potentialAction":[{"@type":"CommentAction","name":"Comment","target":["https:\/\/denizcankizil.tr\/de\/haberler\/gundem\/mugla-buyuksehir-kutuphanelerinde-okuma-ve-calisma-alanlarina-yogun-ilgi\/#respond"]}]},{"@type":"WebPage","@id":"https:\/\/denizcankizil.tr\/de\/haberler\/gundem\/mugla-buyuksehir-kutuphanelerinde-okuma-ve-calisma-alanlarina-yogun-ilgi\/","url":"https:\/\/denizcankizil.tr\/de\/haberler\/gundem\/mugla-buyuksehir-kutuphanelerinde-okuma-ve-calisma-alanlarina-yogun-ilgi\/","name":"Mu\u011fla B\u00fcy\u00fck\u015fehir K\u00fct\u00fcphaneleri\u2019nde Okuma ve \u00c7al\u0131\u015fma Alanlar\u0131na Yo\u011fun \u0130lgi - Av. Deniz Can K\u0131z\u0131l","isPartOf":{"@id":"https:\/\/denizcankizil.tr\/de\/#website"},"datePublished":"2024-12-07T14:41:47+00:00","breadcrumb":{"@id":"https:\/\/denizcankizil.tr\/de\/haberler\/gundem\/mugla-buyuksehir-kutuphanelerinde-okuma-ve-calisma-alanlarina-yogun-ilgi\/#breadcrumb"},"inLanguage":"en-GB","potentialAction":[{"@type":"ReadAction","target":["https:\/\/denizcankizil.tr\/de\/haberler\/gundem\/mugla-buyuksehir-kutuphanelerinde-okuma-ve-calisma-alanlarina-yogun-ilgi\/"]}]},{"@type":"BreadcrumbList","@id":"https:\/\/denizcankizil.tr\/de\/haberler\/gundem\/mugla-buyuksehir-kutuphanelerinde-okuma-ve-calisma-alanlarina-yogun-ilgi\/#breadcrumb","itemListElement":[{"@type":"ListItem","position":1,"name":"Home","item":"https:\/\/denizcankizil.tr\/de\/"},{"@type":"ListItem","position":2,"name":"Mu\u011fla B\u00fcy\u00fck\u015fehir K\u00fct\u00fcphaneleri\u2019nde Okuma ve \u00c7al\u0131\u015fma Alanlar\u0131na Yo\u011fun \u0130lgi"}]},{"@type":"WebSite","@id":"https:\/\/denizcankizil.tr\/de\/#website","url":"https:\/\/denizcankizil.tr\/de\/","name":"Av. Deniz Can K\u0131z\u0131l","description":"Avukat Deniz Can K\u0131z\u0131l Antalya Barosu","publisher":{"@id":"https:\/\/denizcankizil.tr\/de\/#organization"},"potentialAction":[{"@type":"SearchAction","target":{"@type":"EntryPoint","urlTemplate":"https:\/\/denizcankizil.tr\/de\/?s={search_term_string}"},"query-input":{"@type":"PropertyValueSpecification","valueRequired":true,"valueName":"search_term_string"}}],"inLanguage":"en-GB"},{"@type":"Organization","@id":"https:\/\/denizcankizil.tr\/de\/#organization","name":"Av. Deniz Can K\u0131z\u0131l","url":"https:\/\/denizcankizil.tr\/de\/","logo":{"@type":"ImageObject","inLanguage":"en-GB","@id":"https:\/\/denizcankizil.tr\/de\/#\/schema\/logo\/image\/","url":"http:\/\/denizcankizil.tr\/wp-content\/uploads\/2024\/10\/siyah-logo-svg.svg","contentUrl":"http:\/\/denizcankizil.tr\/wp-content\/uploads\/2024\/10\/siyah-logo-svg.svg","width":1080,"height":1080,"caption":"Av. Deniz Can K\u0131z\u0131l"},"image":{"@id":"https:\/\/denizcankizil.tr\/de\/#\/schema\/logo\/image\/"}}]}},"_links":{"self":[{"href":"http:\/\/denizcankizil.tr\/en\/wp-json\/wp\/v2\/posts\/19699","targetHints":{"allow":["GET"]}}],"collection":[{"href":"http:\/\/denizcankizil.tr\/en\/wp-json\/wp\/v2\/posts"}],"about":[{"href":"http:\/\/denizcankizil.tr\/en\/wp-json\/wp\/v2\/types\/post"}],"replies":[{"embeddable":true,"href":"http:\/\/denizcankizil.tr\/en\/wp-json\/wp\/v2\/comments?post=19699"}],"version-history":[{"count":0,"href":"http:\/\/denizcankizil.tr\/en\/wp-json\/wp\/v2\/posts\/19699\/revisions"}],"wp:attachment":[{"href":"http:\/\/denizcankizil.tr\/en\/wp-json\/wp\/v2\/media?parent=19699"}],"wp:term":[{"taxonomy":"category","embeddable":true,"href":"http:\/\/denizcankizil.tr\/en\/wp-json\/wp\/v2\/categories?post=19699"},{"taxonomy":"post_tag","embeddable":true,"href":"http:\/\/denizcankizil.tr\/en\/wp-json\/wp\/v2\/tags?post=19699"}],"curies":[{"name":"wp","href":"https:\/\/api.w.org\/{rel}","templated":true}]}}