{"id":19398,"date":"2024-12-05T22:41:56","date_gmt":"2024-12-05T19:41:56","guid":{"rendered":"https:\/\/denizcankizil.tr\/uncategorized-tr\/ilcemizi-ortak-akilla-yonetmeye-devam-ediyoruz\/"},"modified":"2024-12-05T22:41:56","modified_gmt":"2024-12-05T19:41:56","slug":"ilcemizi-ortak-akilla-yonetmeye-devam-ediyoruz","status":"publish","type":"post","link":"http:\/\/denizcankizil.tr\/en\/haberler\/gundem\/ilcemizi-ortak-akilla-yonetmeye-devam-ediyoruz\/","title":{"rendered":"\u0130l\u00e7emizi Ortak Ak\u0131lla Y\u00f6netmeye Devam Ediyoruz"},"content":{"rendered":"<p>Malkara \u0130l\u00e7e Kaymakam\u0131 Ey\u00fcp Kayka\u00e7 ve Malkara Belediye Ba\u015fkan\u0131 Nergiz Karaa\u011fa\u00e7l\u0131 \u00d6zt\u00fcrk 5 Aral\u0131k 2024 Per\u015fembe g\u00fcn\u00fc saat 11.00\u2019de Malkara Belediyesi Meclis Salonu\u2019nda, STK Ba\u015fkanlar\u0131 ve Siyasi Parti Ba\u015fkanlar\u0131yla bir araya gelerek il\u00e7emizin kalk\u0131nmas\u0131 ve refah\u0131 i\u00e7in \u00e7al\u0131\u015ftay ger\u00e7ekle\u015ftirdiler.<\/p>\n<p>\u200bMalkara \u0130l\u00e7e Kaymakam\u0131 Ey\u00fcp Kayka\u00e7 ve Malkara Belediye Ba\u015fkan\u0131 Nergiz Karaa\u011fa\u00e7l\u0131 \u00d6zt\u00fcrk 5 Aral\u0131k 2024 Per\u015fembe g\u00fcn\u00fc saat 11.00\u2019de Malkara Belediyesi Meclis Salonu\u2019nda, STK Ba\u015fkanlar\u0131 ve Siyasi Parti Ba\u015fkanlar\u0131yla bir araya gelerek il\u00e7emizin kalk\u0131nmas\u0131 ve refah\u0131 i\u00e7in \u00e7al\u0131\u015ftay ger\u00e7ekle\u015ftirdiler.\u00a0<\/p>\n<p>\u200bHaberin Al\u0131nt\u0131land\u0131\u011f\u0131 Kaynak: www.iskenderun.org<\/p>","protected":false},"excerpt":{"rendered":"<p>Malkara \u0130l\u00e7e Kaymakam\u0131 Ey\u00fcp Kayka\u00e7 ve Malkara Belediye Ba\u015fkan\u0131 Nergiz Karaa\u011fa\u00e7l\u0131 \u00d6zt\u00fcrk 5 Aral\u0131k 2024 Per\u015fembe g\u00fcn\u00fc saat 11.00\u2019de Malkara Belediyesi Meclis Salonu\u2019nda, STK Ba\u015fkanlar\u0131 ve Siyasi Parti Ba\u015fkanlar\u0131yla bir araya gelerek il\u00e7emizin kalk\u0131nmas\u0131 ve refah\u0131 i\u00e7in \u00e7al\u0131\u015ftay ger\u00e7ekle\u015ftirdiler. \u200bMalkara \u0130l\u00e7e Kaymakam\u0131 Ey\u00fcp Kayka\u00e7 ve Malkara Belediye Ba\u015fkan\u0131 Nergiz Karaa\u011fa\u00e7l\u0131 \u00d6zt\u00fcrk 5 Aral\u0131k 2024 Per\u015fembe g\u00fcn\u00fc saat 11.00\u2019de Malkara Belediyesi Meclis Salonu\u2019nda, STK Ba\u015fkanlar\u0131 ve Siyasi Parti Ba\u015fkanlar\u0131yla bir araya gelerek il\u00e7emizin kalk\u0131nmas\u0131 ve refah\u0131 i\u00e7in \u00e7al\u0131\u015ftay ger\u00e7ekle\u015ftirdiler.\u00a0 \u200bHaberin Al\u0131nt\u0131land\u0131\u011f\u0131 Kaynak: www.iskenderun.org<\/p>","protected":false},"author":0,"featured_media":0,"comment_status":"open","ping_status":"open","sticky":false,"template":"","format":"standard","meta":{"_acf_changed":false,"footnotes":""},"categories":[24,535],"tags":[],"class_list":["post-19398","post","type-post","status-publish","format-standard","has-post-thumbnail","hentry","category-gundem","category-uncategorized-tr"],"acf":[],"yoast_head":"<!-- This site is optimized with the Yoast SEO Premium plugin v26.6 (Yoast SEO v27.1.1) - https:\/\/yoast.com\/product\/yoast-seo-premium-wordpress\/ -->\n<title>\u0130l\u00e7emizi Ortak Ak\u0131lla Y\u00f6netmeye Devam Ediyoruz - Av. Deniz Can K\u0131z\u0131l<\/title>\n<meta name=\"robots\" content=\"index, follow, max-snippet:-1, max-image-preview:large, max-video-preview:-1\" \/>\n<link rel=\"canonical\" href=\"https:\/\/denizcankizil.tr\/en\/haberler\/gundem\/ilcemizi-ortak-akilla-yonetmeye-devam-ediyoruz\/\" \/>\n<meta property=\"og:locale\" content=\"en_GB\" \/>\n<meta property=\"og:type\" content=\"article\" \/>\n<meta property=\"og:title\" content=\"\u0130l\u00e7emizi Ortak Ak\u0131lla Y\u00f6netmeye Devam Ediyoruz\" \/>\n<meta property=\"og:description\" content=\"Malkara \u0130l\u00e7e Kaymakam\u0131 Ey\u00fcp Kayka\u00e7 ve Malkara Belediye Ba\u015fkan\u0131 Nergiz Karaa\u011fa\u00e7l\u0131 \u00d6zt\u00fcrk 5 Aral\u0131k 2024 Per\u015fembe g\u00fcn\u00fc saat 11.00\u2019de Malkara Belediyesi Meclis Salonu\u2019nda, STK Ba\u015fkanlar\u0131 ve Siyasi Parti Ba\u015fkanlar\u0131yla bir araya gelerek il\u00e7emizin kalk\u0131nmas\u0131 ve refah\u0131 i\u00e7in \u00e7al\u0131\u015ftay ger\u00e7ekle\u015ftirdiler. \u200bMalkara \u0130l\u00e7e Kaymakam\u0131 Ey\u00fcp Kayka\u00e7 ve Malkara Belediye Ba\u015fkan\u0131 Nergiz Karaa\u011fa\u00e7l\u0131 \u00d6zt\u00fcrk 5 Aral\u0131k 2024 Per\u015fembe g\u00fcn\u00fc saat 11.00\u2019de Malkara Belediyesi Meclis Salonu\u2019nda, STK Ba\u015fkanlar\u0131 ve Siyasi Parti Ba\u015fkanlar\u0131yla bir araya gelerek il\u00e7emizin kalk\u0131nmas\u0131 ve refah\u0131 i\u00e7in \u00e7al\u0131\u015ftay ger\u00e7ekle\u015ftirdiler.\u00a0 \u200bHaberin Al\u0131nt\u0131land\u0131\u011f\u0131 Kaynak: www.iskenderun.org\" \/>\n<meta property=\"og:url\" content=\"https:\/\/denizcankizil.tr\/en\/haberler\/gundem\/ilcemizi-ortak-akilla-yonetmeye-devam-ediyoruz\/\" \/>\n<meta property=\"og:site_name\" content=\"Av. Deniz Can K\u0131z\u0131l\" \/>\n<meta property=\"article:published_time\" content=\"2024-12-05T19:41:56+00:00\" \/>\n<meta name=\"twitter:card\" content=\"summary_large_image\" \/>\n<meta name=\"twitter:label1\" content=\"Estimated reading time\" \/>\n\t<meta name=\"twitter:data1\" content=\"1 minute\" \/>\n<script type=\"application\/ld+json\" class=\"yoast-schema-graph\">{\"@context\":\"https:\/\/schema.org\",\"@graph\":[{\"@type\":\"Article\",\"@id\":\"https:\/\/denizcankizil.tr\/ru\/haberler\/gundem\/ilcemizi-ortak-akilla-yonetmeye-devam-ediyoruz\/#article\",\"isPartOf\":{\"@id\":\"https:\/\/denizcankizil.tr\/ru\/haberler\/gundem\/ilcemizi-ortak-akilla-yonetmeye-devam-ediyoruz\/\"},\"author\":{\"name\":\"\",\"@id\":\"\"},\"headline\":\"\u0130l\u00e7emizi Ortak Ak\u0131lla Y\u00f6netmeye Devam Ediyoruz\",\"datePublished\":\"2024-12-05T19:41:56+00:00\",\"mainEntityOfPage\":{\"@id\":\"https:\/\/denizcankizil.tr\/ru\/haberler\/gundem\/ilcemizi-ortak-akilla-yonetmeye-devam-ediyoruz\/\"},\"wordCount\":129,\"commentCount\":0,\"publisher\":{\"@id\":\"https:\/\/denizcankizil.tr\/de\/#organization\"},\"articleSection\":[\"G\u00fcndem\",\"Uncategorized\"],\"inLanguage\":\"en-GB\",\"potentialAction\":[{\"@type\":\"CommentAction\",\"name\":\"Comment\",\"target\":[\"https:\/\/denizcankizil.tr\/ru\/haberler\/gundem\/ilcemizi-ortak-akilla-yonetmeye-devam-ediyoruz\/#respond\"]}]},{\"@type\":\"WebPage\",\"@id\":\"https:\/\/denizcankizil.tr\/ru\/haberler\/gundem\/ilcemizi-ortak-akilla-yonetmeye-devam-ediyoruz\/\",\"url\":\"https:\/\/denizcankizil.tr\/ru\/haberler\/gundem\/ilcemizi-ortak-akilla-yonetmeye-devam-ediyoruz\/\",\"name\":\"\u0130l\u00e7emizi Ortak Ak\u0131lla Y\u00f6netmeye Devam Ediyoruz - Av. Deniz Can K\u0131z\u0131l\",\"isPartOf\":{\"@id\":\"https:\/\/denizcankizil.tr\/de\/#website\"},\"datePublished\":\"2024-12-05T19:41:56+00:00\",\"breadcrumb\":{\"@id\":\"https:\/\/denizcankizil.tr\/ru\/haberler\/gundem\/ilcemizi-ortak-akilla-yonetmeye-devam-ediyoruz\/#breadcrumb\"},\"inLanguage\":\"en-GB\",\"potentialAction\":[{\"@type\":\"ReadAction\",\"target\":[\"https:\/\/denizcankizil.tr\/ru\/haberler\/gundem\/ilcemizi-ortak-akilla-yonetmeye-devam-ediyoruz\/\"]}]},{\"@type\":\"BreadcrumbList\",\"@id\":\"https:\/\/denizcankizil.tr\/ru\/haberler\/gundem\/ilcemizi-ortak-akilla-yonetmeye-devam-ediyoruz\/#breadcrumb\",\"itemListElement\":[{\"@type\":\"ListItem\",\"position\":1,\"name\":\"Home\",\"item\":\"https:\/\/denizcankizil.tr\/de\/\"},{\"@type\":\"ListItem\",\"position\":2,\"name\":\"\u0130l\u00e7emizi Ortak Ak\u0131lla Y\u00f6netmeye Devam Ediyoruz\"}]},{\"@type\":\"WebSite\",\"@id\":\"https:\/\/denizcankizil.tr\/de\/#website\",\"url\":\"https:\/\/denizcankizil.tr\/de\/\",\"name\":\"Av. Deniz Can K\u0131z\u0131l\",\"description\":\"Avukat Deniz Can K\u0131z\u0131l Antalya Barosu\",\"publisher\":{\"@id\":\"https:\/\/denizcankizil.tr\/de\/#organization\"},\"potentialAction\":[{\"@type\":\"SearchAction\",\"target\":{\"@type\":\"EntryPoint\",\"urlTemplate\":\"https:\/\/denizcankizil.tr\/de\/?s={search_term_string}\"},\"query-input\":{\"@type\":\"PropertyValueSpecification\",\"valueRequired\":true,\"valueName\":\"search_term_string\"}}],\"inLanguage\":\"en-GB\"},{\"@type\":\"Organization\",\"@id\":\"https:\/\/denizcankizil.tr\/de\/#organization\",\"name\":\"Av. Deniz Can K\u0131z\u0131l\",\"url\":\"https:\/\/denizcankizil.tr\/de\/\",\"logo\":{\"@type\":\"ImageObject\",\"inLanguage\":\"en-GB\",\"@id\":\"https:\/\/denizcankizil.tr\/de\/#\/schema\/logo\/image\/\",\"url\":\"http:\/\/denizcankizil.tr\/wp-content\/uploads\/2024\/10\/siyah-logo-svg.svg\",\"contentUrl\":\"http:\/\/denizcankizil.tr\/wp-content\/uploads\/2024\/10\/siyah-logo-svg.svg\",\"width\":1080,\"height\":1080,\"caption\":\"Av. Deniz Can K\u0131z\u0131l\"},\"image\":{\"@id\":\"https:\/\/denizcankizil.tr\/de\/#\/schema\/logo\/image\/\"}}]}<\/script>\n<!-- \/ Yoast SEO Premium plugin. -->","yoast_head_json":{"title":"\u0130l\u00e7emizi Ortak Ak\u0131lla Y\u00f6netmeye Devam Ediyoruz - Av. Deniz Can K\u0131z\u0131l","robots":{"index":"index","follow":"follow","max-snippet":"max-snippet:-1","max-image-preview":"max-image-preview:large","max-video-preview":"max-video-preview:-1"},"canonical":"https:\/\/denizcankizil.tr\/en\/haberler\/gundem\/ilcemizi-ortak-akilla-yonetmeye-devam-ediyoruz\/","og_locale":"en_GB","og_type":"article","og_title":"\u0130l\u00e7emizi Ortak Ak\u0131lla Y\u00f6netmeye Devam Ediyoruz","og_description":"Malkara \u0130l\u00e7e Kaymakam\u0131 Ey\u00fcp Kayka\u00e7 ve Malkara Belediye Ba\u015fkan\u0131 Nergiz Karaa\u011fa\u00e7l\u0131 \u00d6zt\u00fcrk 5 Aral\u0131k 2024 Per\u015fembe g\u00fcn\u00fc saat 11.00\u2019de Malkara Belediyesi Meclis Salonu\u2019nda, STK Ba\u015fkanlar\u0131 ve Siyasi Parti Ba\u015fkanlar\u0131yla bir araya gelerek il\u00e7emizin kalk\u0131nmas\u0131 ve refah\u0131 i\u00e7in \u00e7al\u0131\u015ftay ger\u00e7ekle\u015ftirdiler. \u200bMalkara \u0130l\u00e7e Kaymakam\u0131 Ey\u00fcp Kayka\u00e7 ve Malkara Belediye Ba\u015fkan\u0131 Nergiz Karaa\u011fa\u00e7l\u0131 \u00d6zt\u00fcrk 5 Aral\u0131k 2024 Per\u015fembe g\u00fcn\u00fc saat 11.00\u2019de Malkara Belediyesi Meclis Salonu\u2019nda, STK Ba\u015fkanlar\u0131 ve Siyasi Parti Ba\u015fkanlar\u0131yla bir araya gelerek il\u00e7emizin kalk\u0131nmas\u0131 ve refah\u0131 i\u00e7in \u00e7al\u0131\u015ftay ger\u00e7ekle\u015ftirdiler.\u00a0 \u200bHaberin Al\u0131nt\u0131land\u0131\u011f\u0131 Kaynak: www.iskenderun.org","og_url":"https:\/\/denizcankizil.tr\/en\/haberler\/gundem\/ilcemizi-ortak-akilla-yonetmeye-devam-ediyoruz\/","og_site_name":"Av. Deniz Can K\u0131z\u0131l","article_published_time":"2024-12-05T19:41:56+00:00","twitter_card":"summary_large_image","twitter_misc":{"Estimated reading time":"1 minute"},"schema":{"@context":"https:\/\/schema.org","@graph":[{"@type":"Article","@id":"https:\/\/denizcankizil.tr\/ru\/haberler\/gundem\/ilcemizi-ortak-akilla-yonetmeye-devam-ediyoruz\/#article","isPartOf":{"@id":"https:\/\/denizcankizil.tr\/ru\/haberler\/gundem\/ilcemizi-ortak-akilla-yonetmeye-devam-ediyoruz\/"},"author":{"name":"","@id":""},"headline":"\u0130l\u00e7emizi Ortak Ak\u0131lla Y\u00f6netmeye Devam Ediyoruz","datePublished":"2024-12-05T19:41:56+00:00","mainEntityOfPage":{"@id":"https:\/\/denizcankizil.tr\/ru\/haberler\/gundem\/ilcemizi-ortak-akilla-yonetmeye-devam-ediyoruz\/"},"wordCount":129,"commentCount":0,"publisher":{"@id":"https:\/\/denizcankizil.tr\/de\/#organization"},"articleSection":["G\u00fcndem","Uncategorized"],"inLanguage":"en-GB","potentialAction":[{"@type":"CommentAction","name":"Comment","target":["https:\/\/denizcankizil.tr\/ru\/haberler\/gundem\/ilcemizi-ortak-akilla-yonetmeye-devam-ediyoruz\/#respond"]}]},{"@type":"WebPage","@id":"https:\/\/denizcankizil.tr\/ru\/haberler\/gundem\/ilcemizi-ortak-akilla-yonetmeye-devam-ediyoruz\/","url":"https:\/\/denizcankizil.tr\/ru\/haberler\/gundem\/ilcemizi-ortak-akilla-yonetmeye-devam-ediyoruz\/","name":"\u0130l\u00e7emizi Ortak Ak\u0131lla Y\u00f6netmeye Devam Ediyoruz - Av. Deniz Can K\u0131z\u0131l","isPartOf":{"@id":"https:\/\/denizcankizil.tr\/de\/#website"},"datePublished":"2024-12-05T19:41:56+00:00","breadcrumb":{"@id":"https:\/\/denizcankizil.tr\/ru\/haberler\/gundem\/ilcemizi-ortak-akilla-yonetmeye-devam-ediyoruz\/#breadcrumb"},"inLanguage":"en-GB","potentialAction":[{"@type":"ReadAction","target":["https:\/\/denizcankizil.tr\/ru\/haberler\/gundem\/ilcemizi-ortak-akilla-yonetmeye-devam-ediyoruz\/"]}]},{"@type":"BreadcrumbList","@id":"https:\/\/denizcankizil.tr\/ru\/haberler\/gundem\/ilcemizi-ortak-akilla-yonetmeye-devam-ediyoruz\/#breadcrumb","itemListElement":[{"@type":"ListItem","position":1,"name":"Home","item":"https:\/\/denizcankizil.tr\/de\/"},{"@type":"ListItem","position":2,"name":"\u0130l\u00e7emizi Ortak Ak\u0131lla Y\u00f6netmeye Devam Ediyoruz"}]},{"@type":"WebSite","@id":"https:\/\/denizcankizil.tr\/de\/#website","url":"https:\/\/denizcankizil.tr\/de\/","name":"Av. Deniz Can K\u0131z\u0131l","description":"Avukat Deniz Can K\u0131z\u0131l Antalya Barosu","publisher":{"@id":"https:\/\/denizcankizil.tr\/de\/#organization"},"potentialAction":[{"@type":"SearchAction","target":{"@type":"EntryPoint","urlTemplate":"https:\/\/denizcankizil.tr\/de\/?s={search_term_string}"},"query-input":{"@type":"PropertyValueSpecification","valueRequired":true,"valueName":"search_term_string"}}],"inLanguage":"en-GB"},{"@type":"Organization","@id":"https:\/\/denizcankizil.tr\/de\/#organization","name":"Av. Deniz Can K\u0131z\u0131l","url":"https:\/\/denizcankizil.tr\/de\/","logo":{"@type":"ImageObject","inLanguage":"en-GB","@id":"https:\/\/denizcankizil.tr\/de\/#\/schema\/logo\/image\/","url":"http:\/\/denizcankizil.tr\/wp-content\/uploads\/2024\/10\/siyah-logo-svg.svg","contentUrl":"http:\/\/denizcankizil.tr\/wp-content\/uploads\/2024\/10\/siyah-logo-svg.svg","width":1080,"height":1080,"caption":"Av. Deniz Can K\u0131z\u0131l"},"image":{"@id":"https:\/\/denizcankizil.tr\/de\/#\/schema\/logo\/image\/"}}]}},"_links":{"self":[{"href":"http:\/\/denizcankizil.tr\/en\/wp-json\/wp\/v2\/posts\/19398","targetHints":{"allow":["GET"]}}],"collection":[{"href":"http:\/\/denizcankizil.tr\/en\/wp-json\/wp\/v2\/posts"}],"about":[{"href":"http:\/\/denizcankizil.tr\/en\/wp-json\/wp\/v2\/types\/post"}],"replies":[{"embeddable":true,"href":"http:\/\/denizcankizil.tr\/en\/wp-json\/wp\/v2\/comments?post=19398"}],"version-history":[{"count":0,"href":"http:\/\/denizcankizil.tr\/en\/wp-json\/wp\/v2\/posts\/19398\/revisions"}],"wp:attachment":[{"href":"http:\/\/denizcankizil.tr\/en\/wp-json\/wp\/v2\/media?parent=19398"}],"wp:term":[{"taxonomy":"category","embeddable":true,"href":"http:\/\/denizcankizil.tr\/en\/wp-json\/wp\/v2\/categories?post=19398"},{"taxonomy":"post_tag","embeddable":true,"href":"http:\/\/denizcankizil.tr\/en\/wp-json\/wp\/v2\/tags?post=19398"}],"curies":[{"name":"wp","href":"https:\/\/api.w.org\/{rel}","templated":true}]}}