{"id":19323,"date":"2024-12-05T14:41:52","date_gmt":"2024-12-05T11:41:52","guid":{"rendered":"https:\/\/denizcankizil.tr\/uncategorized-tr\/bayraklida-gelenekten-gelecege-kadin-bulusmalari\/"},"modified":"2024-12-05T14:41:52","modified_gmt":"2024-12-05T11:41:52","slug":"bayraklida-gelenekten-gelecege-kadin-bulusmalari","status":"publish","type":"post","link":"http:\/\/denizcankizil.tr\/en\/haberler\/gundem\/bayraklida-gelenekten-gelecege-kadin-bulusmalari\/","title":{"rendered":"Bayrakl\u0131\u2019da \u2018Gelenekten gelece\u011fe kad\u0131n bulu\u015fmalar\u0131\u2019"},"content":{"rendered":"<p>Bayrakl\u0131 Belediyesi, kad\u0131nlar\u0131n sosyalle\u015fmesi, sanatsal yeteneklerini geli\u015ftirmesi ve k\u00fclt\u00fcrel de\u011ferlerin korunmas\u0131n\u0131 sa\u011flamak amac\u0131yla \u201cGelenekten Gelece\u011fe Kad\u0131n Bulu\u015fmalar\u0131\u201d d\u00fczenleyecek.<\/p>\n<p>\u200bBayrakl\u0131 Belediyesi, kad\u0131nlar\u0131n sosyalle\u015fmesi, sanatsal yeteneklerini geli\u015ftirmesi ve k\u00fclt\u00fcrel de\u011ferlerin korunmas\u0131n\u0131 sa\u011flamak amac\u0131yla \u201cGelenekten Gelece\u011fe Kad\u0131n Bulu\u015fmalar\u0131\u201d d\u00fczenleyecek.\u00a0<\/p>\n<p>\u200bHaberin Al\u0131nt\u0131land\u0131\u011f\u0131 Kaynak: www.iskenderun.org<\/p>","protected":false},"excerpt":{"rendered":"<p>Bayrakl\u0131 Belediyesi, kad\u0131nlar\u0131n sosyalle\u015fmesi, sanatsal yeteneklerini geli\u015ftirmesi ve k\u00fclt\u00fcrel de\u011ferlerin korunmas\u0131n\u0131 sa\u011flamak amac\u0131yla \u201cGelenekten Gelece\u011fe Kad\u0131n Bulu\u015fmalar\u0131\u201d d\u00fczenleyecek. \u200bBayrakl\u0131 Belediyesi, kad\u0131nlar\u0131n sosyalle\u015fmesi, sanatsal yeteneklerini geli\u015ftirmesi ve k\u00fclt\u00fcrel de\u011ferlerin korunmas\u0131n\u0131 sa\u011flamak amac\u0131yla \u201cGelenekten Gelece\u011fe Kad\u0131n Bulu\u015fmalar\u0131\u201d d\u00fczenleyecek.\u00a0 \u200bHaberin Al\u0131nt\u0131land\u0131\u011f\u0131 Kaynak: www.iskenderun.org<\/p>","protected":false},"author":0,"featured_media":0,"comment_status":"open","ping_status":"open","sticky":false,"template":"","format":"standard","meta":{"_acf_changed":false,"footnotes":""},"categories":[24,535],"tags":[],"class_list":["post-19323","post","type-post","status-publish","format-standard","has-post-thumbnail","hentry","category-gundem","category-uncategorized-tr"],"acf":[],"yoast_head":"<!-- This site is optimized with the Yoast SEO Premium plugin v26.6 (Yoast SEO v27.1.1) - https:\/\/yoast.com\/product\/yoast-seo-premium-wordpress\/ -->\n<title>Bayrakl\u0131\u2019da \u2018Gelenekten gelece\u011fe kad\u0131n bulu\u015fmalar\u0131\u2019 - Av. Deniz Can K\u0131z\u0131l<\/title>\n<meta name=\"robots\" content=\"index, follow, max-snippet:-1, max-image-preview:large, max-video-preview:-1\" \/>\n<link rel=\"canonical\" href=\"http:\/\/denizcankizil.tr\/en\/haberler\/gundem\/bayraklida-gelenekten-gelecege-kadin-bulusmalari\/\" \/>\n<meta property=\"og:locale\" content=\"en_GB\" \/>\n<meta property=\"og:type\" content=\"article\" \/>\n<meta property=\"og:title\" content=\"Bayrakl\u0131\u2019da \u2018Gelenekten gelece\u011fe kad\u0131n bulu\u015fmalar\u0131\u2019\" \/>\n<meta property=\"og:description\" content=\"Bayrakl\u0131 Belediyesi, kad\u0131nlar\u0131n sosyalle\u015fmesi, sanatsal yeteneklerini geli\u015ftirmesi ve k\u00fclt\u00fcrel de\u011ferlerin korunmas\u0131n\u0131 sa\u011flamak amac\u0131yla \u201cGelenekten Gelece\u011fe Kad\u0131n Bulu\u015fmalar\u0131\u201d d\u00fczenleyecek. \u200bBayrakl\u0131 Belediyesi, kad\u0131nlar\u0131n sosyalle\u015fmesi, sanatsal yeteneklerini geli\u015ftirmesi ve k\u00fclt\u00fcrel de\u011ferlerin korunmas\u0131n\u0131 sa\u011flamak amac\u0131yla \u201cGelenekten Gelece\u011fe Kad\u0131n Bulu\u015fmalar\u0131\u201d d\u00fczenleyecek.\u00a0 \u200bHaberin Al\u0131nt\u0131land\u0131\u011f\u0131 Kaynak: www.iskenderun.org\" \/>\n<meta property=\"og:url\" content=\"http:\/\/denizcankizil.tr\/en\/haberler\/gundem\/bayraklida-gelenekten-gelecege-kadin-bulusmalari\/\" \/>\n<meta property=\"og:site_name\" content=\"Av. Deniz Can K\u0131z\u0131l\" \/>\n<meta property=\"article:published_time\" content=\"2024-12-05T11:41:52+00:00\" \/>\n<meta name=\"twitter:card\" content=\"summary_large_image\" \/>\n<script type=\"application\/ld+json\" class=\"yoast-schema-graph\">{\"@context\":\"https:\/\/schema.org\",\"@graph\":[{\"@type\":\"Article\",\"@id\":\"http:\/\/denizcankizil.tr\/en\/haberler\/gundem\/bayraklida-gelenekten-gelecege-kadin-bulusmalari\/#article\",\"isPartOf\":{\"@id\":\"http:\/\/denizcankizil.tr\/en\/haberler\/gundem\/bayraklida-gelenekten-gelecege-kadin-bulusmalari\/\"},\"author\":{\"name\":\"\",\"@id\":\"\"},\"headline\":\"Bayrakl\u0131\u2019da \u2018Gelenekten gelece\u011fe kad\u0131n bulu\u015fmalar\u0131\u2019\",\"datePublished\":\"2024-12-05T11:41:52+00:00\",\"mainEntityOfPage\":{\"@id\":\"http:\/\/denizcankizil.tr\/en\/haberler\/gundem\/bayraklida-gelenekten-gelecege-kadin-bulusmalari\/\"},\"wordCount\":81,\"commentCount\":0,\"publisher\":{\"@id\":\"https:\/\/denizcankizil.tr\/#organization\"},\"articleSection\":[\"G\u00fcndem\",\"Uncategorized\"],\"inLanguage\":\"en-GB\",\"potentialAction\":[{\"@type\":\"CommentAction\",\"name\":\"Comment\",\"target\":[\"http:\/\/denizcankizil.tr\/en\/haberler\/gundem\/bayraklida-gelenekten-gelecege-kadin-bulusmalari\/#respond\"]}]},{\"@type\":\"WebPage\",\"@id\":\"http:\/\/denizcankizil.tr\/en\/haberler\/gundem\/bayraklida-gelenekten-gelecege-kadin-bulusmalari\/\",\"url\":\"http:\/\/denizcankizil.tr\/en\/haberler\/gundem\/bayraklida-gelenekten-gelecege-kadin-bulusmalari\/\",\"name\":\"Bayrakl\u0131\u2019da \u2018Gelenekten gelece\u011fe kad\u0131n bulu\u015fmalar\u0131\u2019 - Av. Deniz Can K\u0131z\u0131l\",\"isPartOf\":{\"@id\":\"https:\/\/denizcankizil.tr\/#website\"},\"datePublished\":\"2024-12-05T11:41:52+00:00\",\"breadcrumb\":{\"@id\":\"http:\/\/denizcankizil.tr\/en\/haberler\/gundem\/bayraklida-gelenekten-gelecege-kadin-bulusmalari\/#breadcrumb\"},\"inLanguage\":\"en-GB\",\"potentialAction\":[{\"@type\":\"ReadAction\",\"target\":[\"http:\/\/denizcankizil.tr\/en\/haberler\/gundem\/bayraklida-gelenekten-gelecege-kadin-bulusmalari\/\"]}]},{\"@type\":\"BreadcrumbList\",\"@id\":\"http:\/\/denizcankizil.tr\/en\/haberler\/gundem\/bayraklida-gelenekten-gelecege-kadin-bulusmalari\/#breadcrumb\",\"itemListElement\":[{\"@type\":\"ListItem\",\"position\":1,\"name\":\"Home\",\"item\":\"https:\/\/denizcankizil.tr\/de\/\"},{\"@type\":\"ListItem\",\"position\":2,\"name\":\"Bayrakl\u0131\u2019da \u2018Gelenekten gelece\u011fe kad\u0131n bulu\u015fmalar\u0131\u2019\"}]},{\"@type\":\"WebSite\",\"@id\":\"https:\/\/denizcankizil.tr\/#website\",\"url\":\"https:\/\/denizcankizil.tr\/\",\"name\":\"Av. Deniz Can K\u0131z\u0131l\",\"description\":\"Avukat Deniz Can K\u0131z\u0131l Antalya Barosu\",\"publisher\":{\"@id\":\"https:\/\/denizcankizil.tr\/#organization\"},\"potentialAction\":[{\"@type\":\"SearchAction\",\"target\":{\"@type\":\"EntryPoint\",\"urlTemplate\":\"https:\/\/denizcankizil.tr\/?s={search_term_string}\"},\"query-input\":{\"@type\":\"PropertyValueSpecification\",\"valueRequired\":true,\"valueName\":\"search_term_string\"}}],\"inLanguage\":\"en-GB\"},{\"@type\":\"Organization\",\"@id\":\"https:\/\/denizcankizil.tr\/#organization\",\"name\":\"Av. Deniz Can K\u0131z\u0131l\",\"url\":\"https:\/\/denizcankizil.tr\/\",\"logo\":{\"@type\":\"ImageObject\",\"inLanguage\":\"en-GB\",\"@id\":\"https:\/\/denizcankizil.tr\/#\/schema\/logo\/image\/\",\"url\":\"http:\/\/denizcankizil.tr\/wp-content\/uploads\/2024\/10\/siyah-logo-svg.svg\",\"contentUrl\":\"http:\/\/denizcankizil.tr\/wp-content\/uploads\/2024\/10\/siyah-logo-svg.svg\",\"width\":1080,\"height\":1080,\"caption\":\"Av. Deniz Can K\u0131z\u0131l\"},\"image\":{\"@id\":\"https:\/\/denizcankizil.tr\/#\/schema\/logo\/image\/\"}}]}<\/script>\n<!-- \/ Yoast SEO Premium plugin. -->","yoast_head_json":{"title":"Bayrakl\u0131\u2019da \u2018Gelenekten gelece\u011fe kad\u0131n bulu\u015fmalar\u0131\u2019 - Av. Deniz Can K\u0131z\u0131l","robots":{"index":"index","follow":"follow","max-snippet":"max-snippet:-1","max-image-preview":"max-image-preview:large","max-video-preview":"max-video-preview:-1"},"canonical":"http:\/\/denizcankizil.tr\/en\/haberler\/gundem\/bayraklida-gelenekten-gelecege-kadin-bulusmalari\/","og_locale":"en_GB","og_type":"article","og_title":"Bayrakl\u0131\u2019da \u2018Gelenekten gelece\u011fe kad\u0131n bulu\u015fmalar\u0131\u2019","og_description":"Bayrakl\u0131 Belediyesi, kad\u0131nlar\u0131n sosyalle\u015fmesi, sanatsal yeteneklerini geli\u015ftirmesi ve k\u00fclt\u00fcrel de\u011ferlerin korunmas\u0131n\u0131 sa\u011flamak amac\u0131yla \u201cGelenekten Gelece\u011fe Kad\u0131n Bulu\u015fmalar\u0131\u201d d\u00fczenleyecek. \u200bBayrakl\u0131 Belediyesi, kad\u0131nlar\u0131n sosyalle\u015fmesi, sanatsal yeteneklerini geli\u015ftirmesi ve k\u00fclt\u00fcrel de\u011ferlerin korunmas\u0131n\u0131 sa\u011flamak amac\u0131yla \u201cGelenekten Gelece\u011fe Kad\u0131n Bulu\u015fmalar\u0131\u201d d\u00fczenleyecek.\u00a0 \u200bHaberin Al\u0131nt\u0131land\u0131\u011f\u0131 Kaynak: www.iskenderun.org","og_url":"http:\/\/denizcankizil.tr\/en\/haberler\/gundem\/bayraklida-gelenekten-gelecege-kadin-bulusmalari\/","og_site_name":"Av. Deniz Can K\u0131z\u0131l","article_published_time":"2024-12-05T11:41:52+00:00","twitter_card":"summary_large_image","schema":{"@context":"https:\/\/schema.org","@graph":[{"@type":"Article","@id":"http:\/\/denizcankizil.tr\/en\/haberler\/gundem\/bayraklida-gelenekten-gelecege-kadin-bulusmalari\/#article","isPartOf":{"@id":"http:\/\/denizcankizil.tr\/en\/haberler\/gundem\/bayraklida-gelenekten-gelecege-kadin-bulusmalari\/"},"author":{"name":"","@id":""},"headline":"Bayrakl\u0131\u2019da \u2018Gelenekten gelece\u011fe kad\u0131n bulu\u015fmalar\u0131\u2019","datePublished":"2024-12-05T11:41:52+00:00","mainEntityOfPage":{"@id":"http:\/\/denizcankizil.tr\/en\/haberler\/gundem\/bayraklida-gelenekten-gelecege-kadin-bulusmalari\/"},"wordCount":81,"commentCount":0,"publisher":{"@id":"https:\/\/denizcankizil.tr\/#organization"},"articleSection":["G\u00fcndem","Uncategorized"],"inLanguage":"en-GB","potentialAction":[{"@type":"CommentAction","name":"Comment","target":["http:\/\/denizcankizil.tr\/en\/haberler\/gundem\/bayraklida-gelenekten-gelecege-kadin-bulusmalari\/#respond"]}]},{"@type":"WebPage","@id":"http:\/\/denizcankizil.tr\/en\/haberler\/gundem\/bayraklida-gelenekten-gelecege-kadin-bulusmalari\/","url":"http:\/\/denizcankizil.tr\/en\/haberler\/gundem\/bayraklida-gelenekten-gelecege-kadin-bulusmalari\/","name":"Bayrakl\u0131\u2019da \u2018Gelenekten gelece\u011fe kad\u0131n bulu\u015fmalar\u0131\u2019 - Av. Deniz Can K\u0131z\u0131l","isPartOf":{"@id":"https:\/\/denizcankizil.tr\/#website"},"datePublished":"2024-12-05T11:41:52+00:00","breadcrumb":{"@id":"http:\/\/denizcankizil.tr\/en\/haberler\/gundem\/bayraklida-gelenekten-gelecege-kadin-bulusmalari\/#breadcrumb"},"inLanguage":"en-GB","potentialAction":[{"@type":"ReadAction","target":["http:\/\/denizcankizil.tr\/en\/haberler\/gundem\/bayraklida-gelenekten-gelecege-kadin-bulusmalari\/"]}]},{"@type":"BreadcrumbList","@id":"http:\/\/denizcankizil.tr\/en\/haberler\/gundem\/bayraklida-gelenekten-gelecege-kadin-bulusmalari\/#breadcrumb","itemListElement":[{"@type":"ListItem","position":1,"name":"Home","item":"https:\/\/denizcankizil.tr\/de\/"},{"@type":"ListItem","position":2,"name":"Bayrakl\u0131\u2019da \u2018Gelenekten gelece\u011fe kad\u0131n bulu\u015fmalar\u0131\u2019"}]},{"@type":"WebSite","@id":"https:\/\/denizcankizil.tr\/#website","url":"https:\/\/denizcankizil.tr\/","name":"Av. Deniz Can K\u0131z\u0131l","description":"Avukat Deniz Can K\u0131z\u0131l Antalya Barosu","publisher":{"@id":"https:\/\/denizcankizil.tr\/#organization"},"potentialAction":[{"@type":"SearchAction","target":{"@type":"EntryPoint","urlTemplate":"https:\/\/denizcankizil.tr\/?s={search_term_string}"},"query-input":{"@type":"PropertyValueSpecification","valueRequired":true,"valueName":"search_term_string"}}],"inLanguage":"en-GB"},{"@type":"Organization","@id":"https:\/\/denizcankizil.tr\/#organization","name":"Av. Deniz Can K\u0131z\u0131l","url":"https:\/\/denizcankizil.tr\/","logo":{"@type":"ImageObject","inLanguage":"en-GB","@id":"https:\/\/denizcankizil.tr\/#\/schema\/logo\/image\/","url":"http:\/\/denizcankizil.tr\/wp-content\/uploads\/2024\/10\/siyah-logo-svg.svg","contentUrl":"http:\/\/denizcankizil.tr\/wp-content\/uploads\/2024\/10\/siyah-logo-svg.svg","width":1080,"height":1080,"caption":"Av. Deniz Can K\u0131z\u0131l"},"image":{"@id":"https:\/\/denizcankizil.tr\/#\/schema\/logo\/image\/"}}]}},"_links":{"self":[{"href":"http:\/\/denizcankizil.tr\/en\/wp-json\/wp\/v2\/posts\/19323","targetHints":{"allow":["GET"]}}],"collection":[{"href":"http:\/\/denizcankizil.tr\/en\/wp-json\/wp\/v2\/posts"}],"about":[{"href":"http:\/\/denizcankizil.tr\/en\/wp-json\/wp\/v2\/types\/post"}],"replies":[{"embeddable":true,"href":"http:\/\/denizcankizil.tr\/en\/wp-json\/wp\/v2\/comments?post=19323"}],"version-history":[{"count":0,"href":"http:\/\/denizcankizil.tr\/en\/wp-json\/wp\/v2\/posts\/19323\/revisions"}],"wp:attachment":[{"href":"http:\/\/denizcankizil.tr\/en\/wp-json\/wp\/v2\/media?parent=19323"}],"wp:term":[{"taxonomy":"category","embeddable":true,"href":"http:\/\/denizcankizil.tr\/en\/wp-json\/wp\/v2\/categories?post=19323"},{"taxonomy":"post_tag","embeddable":true,"href":"http:\/\/denizcankizil.tr\/en\/wp-json\/wp\/v2\/tags?post=19323"}],"curies":[{"name":"wp","href":"https:\/\/api.w.org\/{rel}","templated":true}]}}