{"id":19273,"date":"2024-12-05T10:41:56","date_gmt":"2024-12-05T07:41:56","guid":{"rendered":"https:\/\/denizcankizil.tr\/uncategorized-tr\/osmangazide-yilin-son-meclis-toplantisi-yapildi\/"},"modified":"2024-12-05T10:41:56","modified_gmt":"2024-12-05T07:41:56","slug":"osmangazide-yilin-son-meclis-toplantisi-yapildi","status":"publish","type":"post","link":"http:\/\/denizcankizil.tr\/en\/haberler\/gundem\/osmangazide-yilin-son-meclis-toplantisi-yapildi\/","title":{"rendered":"Osmangazi&#8217;de y\u0131l\u0131n son meclis toplant\u0131s\u0131 yap\u0131ld\u0131"},"content":{"rendered":"<p>Osmangazi Belediyesi\u2019nin Aral\u0131k Ay\u0131 Ola\u011fan Meclis Toplant\u0131s\u0131, Osmangazi Belediye Ba\u015fkan\u0131 Erkan Ayd\u0131n\u2019\u0131n ba\u015fkanl\u0131\u011f\u0131nda ger\u00e7ekle\u015ftirildi. Ba\u015fkan Ayd\u0131n, meclis toplant\u0131s\u0131nda yapt\u0131\u011f\u0131 konu\u015fmada il\u00e7edeki kre\u015f say\u0131s\u0131n\u0131 art\u0131racaklar\u0131n\u0131 belirtti.<\/p>\n<p>\u200bOsmangazi Belediyesi\u2019nin Aral\u0131k Ay\u0131 Ola\u011fan Meclis Toplant\u0131s\u0131, Osmangazi Belediye Ba\u015fkan\u0131 Erkan Ayd\u0131n\u2019\u0131n ba\u015fkanl\u0131\u011f\u0131nda ger\u00e7ekle\u015ftirildi. Ba\u015fkan Ayd\u0131n, meclis toplant\u0131s\u0131nda yapt\u0131\u011f\u0131 konu\u015fmada il\u00e7edeki kre\u015f say\u0131s\u0131n\u0131 art\u0131racaklar\u0131n\u0131 belirtti.\u00a0<\/p>\n<p>\u200bHaberin Al\u0131nt\u0131land\u0131\u011f\u0131 Kaynak: www.iskenderun.org<\/p>","protected":false},"excerpt":{"rendered":"<p>Osmangazi Belediyesi\u2019nin Aral\u0131k Ay\u0131 Ola\u011fan Meclis Toplant\u0131s\u0131, Osmangazi Belediye Ba\u015fkan\u0131 Erkan Ayd\u0131n\u2019\u0131n ba\u015fkanl\u0131\u011f\u0131nda ger\u00e7ekle\u015ftirildi. Ba\u015fkan Ayd\u0131n, meclis toplant\u0131s\u0131nda yapt\u0131\u011f\u0131 konu\u015fmada il\u00e7edeki kre\u015f say\u0131s\u0131n\u0131 art\u0131racaklar\u0131n\u0131 belirtti. \u200bOsmangazi Belediyesi\u2019nin Aral\u0131k Ay\u0131 Ola\u011fan Meclis Toplant\u0131s\u0131, Osmangazi Belediye Ba\u015fkan\u0131 Erkan Ayd\u0131n\u2019\u0131n ba\u015fkanl\u0131\u011f\u0131nda ger\u00e7ekle\u015ftirildi. Ba\u015fkan Ayd\u0131n, meclis toplant\u0131s\u0131nda yapt\u0131\u011f\u0131 konu\u015fmada il\u00e7edeki kre\u015f say\u0131s\u0131n\u0131 art\u0131racaklar\u0131n\u0131 belirtti.\u00a0 \u200bHaberin Al\u0131nt\u0131land\u0131\u011f\u0131 Kaynak: www.iskenderun.org<\/p>","protected":false},"author":0,"featured_media":0,"comment_status":"open","ping_status":"open","sticky":false,"template":"","format":"standard","meta":{"_acf_changed":false,"footnotes":""},"categories":[24,535],"tags":[],"class_list":["post-19273","post","type-post","status-publish","format-standard","has-post-thumbnail","hentry","category-gundem","category-uncategorized-tr"],"acf":[],"yoast_head":"<!-- This site is optimized with the Yoast SEO Premium plugin v26.6 (Yoast SEO v27.1.1) - https:\/\/yoast.com\/product\/yoast-seo-premium-wordpress\/ -->\n<title>Osmangazi&#039;de y\u0131l\u0131n son meclis toplant\u0131s\u0131 yap\u0131ld\u0131 - Av. Deniz Can K\u0131z\u0131l<\/title>\n<meta name=\"robots\" content=\"index, follow, max-snippet:-1, max-image-preview:large, max-video-preview:-1\" \/>\n<link rel=\"canonical\" href=\"http:\/\/denizcankizil.tr\/en\/haberler\/gundem\/osmangazide-yilin-son-meclis-toplantisi-yapildi\/\" \/>\n<meta property=\"og:locale\" content=\"en_GB\" \/>\n<meta property=\"og:type\" content=\"article\" \/>\n<meta property=\"og:title\" content=\"Osmangazi&#039;de y\u0131l\u0131n son meclis toplant\u0131s\u0131 yap\u0131ld\u0131\" \/>\n<meta property=\"og:description\" content=\"Osmangazi Belediyesi\u2019nin Aral\u0131k Ay\u0131 Ola\u011fan Meclis Toplant\u0131s\u0131, Osmangazi Belediye Ba\u015fkan\u0131 Erkan Ayd\u0131n\u2019\u0131n ba\u015fkanl\u0131\u011f\u0131nda ger\u00e7ekle\u015ftirildi. Ba\u015fkan Ayd\u0131n, meclis toplant\u0131s\u0131nda yapt\u0131\u011f\u0131 konu\u015fmada il\u00e7edeki kre\u015f say\u0131s\u0131n\u0131 art\u0131racaklar\u0131n\u0131 belirtti. \u200bOsmangazi Belediyesi\u2019nin Aral\u0131k Ay\u0131 Ola\u011fan Meclis Toplant\u0131s\u0131, Osmangazi Belediye Ba\u015fkan\u0131 Erkan Ayd\u0131n\u2019\u0131n ba\u015fkanl\u0131\u011f\u0131nda ger\u00e7ekle\u015ftirildi. Ba\u015fkan Ayd\u0131n, meclis toplant\u0131s\u0131nda yapt\u0131\u011f\u0131 konu\u015fmada il\u00e7edeki kre\u015f say\u0131s\u0131n\u0131 art\u0131racaklar\u0131n\u0131 belirtti.\u00a0 \u200bHaberin Al\u0131nt\u0131land\u0131\u011f\u0131 Kaynak: www.iskenderun.org\" \/>\n<meta property=\"og:url\" content=\"http:\/\/denizcankizil.tr\/en\/haberler\/gundem\/osmangazide-yilin-son-meclis-toplantisi-yapildi\/\" \/>\n<meta property=\"og:site_name\" content=\"Av. Deniz Can K\u0131z\u0131l\" \/>\n<meta property=\"article:published_time\" content=\"2024-12-05T07:41:56+00:00\" \/>\n<meta name=\"twitter:card\" content=\"summary_large_image\" \/>\n<meta name=\"twitter:label1\" content=\"Estimated reading time\" \/>\n\t<meta name=\"twitter:data1\" content=\"1 minute\" \/>\n<script type=\"application\/ld+json\" class=\"yoast-schema-graph\">{\"@context\":\"https:\/\/schema.org\",\"@graph\":[{\"@type\":\"Article\",\"@id\":\"http:\/\/denizcankizil.tr\/en\/haberler\/gundem\/osmangazide-yilin-son-meclis-toplantisi-yapildi\/#article\",\"isPartOf\":{\"@id\":\"http:\/\/denizcankizil.tr\/en\/haberler\/gundem\/osmangazide-yilin-son-meclis-toplantisi-yapildi\/\"},\"author\":{\"name\":\"\",\"@id\":\"\"},\"headline\":\"Osmangazi&#8217;de y\u0131l\u0131n son meclis toplant\u0131s\u0131 yap\u0131ld\u0131\",\"datePublished\":\"2024-12-05T07:41:56+00:00\",\"mainEntityOfPage\":{\"@id\":\"http:\/\/denizcankizil.tr\/en\/haberler\/gundem\/osmangazide-yilin-son-meclis-toplantisi-yapildi\/\"},\"wordCount\":111,\"commentCount\":0,\"publisher\":{\"@id\":\"https:\/\/denizcankizil.tr\/#organization\"},\"articleSection\":[\"G\u00fcndem\",\"Uncategorized\"],\"inLanguage\":\"en-GB\",\"potentialAction\":[{\"@type\":\"CommentAction\",\"name\":\"Comment\",\"target\":[\"http:\/\/denizcankizil.tr\/en\/haberler\/gundem\/osmangazide-yilin-son-meclis-toplantisi-yapildi\/#respond\"]}]},{\"@type\":\"WebPage\",\"@id\":\"http:\/\/denizcankizil.tr\/en\/haberler\/gundem\/osmangazide-yilin-son-meclis-toplantisi-yapildi\/\",\"url\":\"http:\/\/denizcankizil.tr\/en\/haberler\/gundem\/osmangazide-yilin-son-meclis-toplantisi-yapildi\/\",\"name\":\"Osmangazi'de y\u0131l\u0131n son meclis toplant\u0131s\u0131 yap\u0131ld\u0131 - Av. Deniz Can K\u0131z\u0131l\",\"isPartOf\":{\"@id\":\"https:\/\/denizcankizil.tr\/#website\"},\"datePublished\":\"2024-12-05T07:41:56+00:00\",\"breadcrumb\":{\"@id\":\"http:\/\/denizcankizil.tr\/en\/haberler\/gundem\/osmangazide-yilin-son-meclis-toplantisi-yapildi\/#breadcrumb\"},\"inLanguage\":\"en-GB\",\"potentialAction\":[{\"@type\":\"ReadAction\",\"target\":[\"http:\/\/denizcankizil.tr\/en\/haberler\/gundem\/osmangazide-yilin-son-meclis-toplantisi-yapildi\/\"]}]},{\"@type\":\"BreadcrumbList\",\"@id\":\"http:\/\/denizcankizil.tr\/en\/haberler\/gundem\/osmangazide-yilin-son-meclis-toplantisi-yapildi\/#breadcrumb\",\"itemListElement\":[{\"@type\":\"ListItem\",\"position\":1,\"name\":\"Home\",\"item\":\"https:\/\/denizcankizil.tr\/de\/\"},{\"@type\":\"ListItem\",\"position\":2,\"name\":\"Osmangazi&#8217;de y\u0131l\u0131n son meclis toplant\u0131s\u0131 yap\u0131ld\u0131\"}]},{\"@type\":\"WebSite\",\"@id\":\"https:\/\/denizcankizil.tr\/#website\",\"url\":\"https:\/\/denizcankizil.tr\/\",\"name\":\"Av. Deniz Can K\u0131z\u0131l\",\"description\":\"Avukat Deniz Can K\u0131z\u0131l Antalya Barosu\",\"publisher\":{\"@id\":\"https:\/\/denizcankizil.tr\/#organization\"},\"potentialAction\":[{\"@type\":\"SearchAction\",\"target\":{\"@type\":\"EntryPoint\",\"urlTemplate\":\"https:\/\/denizcankizil.tr\/?s={search_term_string}\"},\"query-input\":{\"@type\":\"PropertyValueSpecification\",\"valueRequired\":true,\"valueName\":\"search_term_string\"}}],\"inLanguage\":\"en-GB\"},{\"@type\":\"Organization\",\"@id\":\"https:\/\/denizcankizil.tr\/#organization\",\"name\":\"Av. Deniz Can K\u0131z\u0131l\",\"url\":\"https:\/\/denizcankizil.tr\/\",\"logo\":{\"@type\":\"ImageObject\",\"inLanguage\":\"en-GB\",\"@id\":\"https:\/\/denizcankizil.tr\/#\/schema\/logo\/image\/\",\"url\":\"http:\/\/denizcankizil.tr\/wp-content\/uploads\/2024\/10\/siyah-logo-svg.svg\",\"contentUrl\":\"http:\/\/denizcankizil.tr\/wp-content\/uploads\/2024\/10\/siyah-logo-svg.svg\",\"width\":1080,\"height\":1080,\"caption\":\"Av. Deniz Can K\u0131z\u0131l\"},\"image\":{\"@id\":\"https:\/\/denizcankizil.tr\/#\/schema\/logo\/image\/\"}}]}<\/script>\n<!-- \/ Yoast SEO Premium plugin. -->","yoast_head_json":{"title":"Osmangazi'de y\u0131l\u0131n son meclis toplant\u0131s\u0131 yap\u0131ld\u0131 - Av. Deniz Can K\u0131z\u0131l","robots":{"index":"index","follow":"follow","max-snippet":"max-snippet:-1","max-image-preview":"max-image-preview:large","max-video-preview":"max-video-preview:-1"},"canonical":"http:\/\/denizcankizil.tr\/en\/haberler\/gundem\/osmangazide-yilin-son-meclis-toplantisi-yapildi\/","og_locale":"en_GB","og_type":"article","og_title":"Osmangazi'de y\u0131l\u0131n son meclis toplant\u0131s\u0131 yap\u0131ld\u0131","og_description":"Osmangazi Belediyesi\u2019nin Aral\u0131k Ay\u0131 Ola\u011fan Meclis Toplant\u0131s\u0131, Osmangazi Belediye Ba\u015fkan\u0131 Erkan Ayd\u0131n\u2019\u0131n ba\u015fkanl\u0131\u011f\u0131nda ger\u00e7ekle\u015ftirildi. Ba\u015fkan Ayd\u0131n, meclis toplant\u0131s\u0131nda yapt\u0131\u011f\u0131 konu\u015fmada il\u00e7edeki kre\u015f say\u0131s\u0131n\u0131 art\u0131racaklar\u0131n\u0131 belirtti. \u200bOsmangazi Belediyesi\u2019nin Aral\u0131k Ay\u0131 Ola\u011fan Meclis Toplant\u0131s\u0131, Osmangazi Belediye Ba\u015fkan\u0131 Erkan Ayd\u0131n\u2019\u0131n ba\u015fkanl\u0131\u011f\u0131nda ger\u00e7ekle\u015ftirildi. Ba\u015fkan Ayd\u0131n, meclis toplant\u0131s\u0131nda yapt\u0131\u011f\u0131 konu\u015fmada il\u00e7edeki kre\u015f say\u0131s\u0131n\u0131 art\u0131racaklar\u0131n\u0131 belirtti.\u00a0 \u200bHaberin Al\u0131nt\u0131land\u0131\u011f\u0131 Kaynak: www.iskenderun.org","og_url":"http:\/\/denizcankizil.tr\/en\/haberler\/gundem\/osmangazide-yilin-son-meclis-toplantisi-yapildi\/","og_site_name":"Av. Deniz Can K\u0131z\u0131l","article_published_time":"2024-12-05T07:41:56+00:00","twitter_card":"summary_large_image","twitter_misc":{"Estimated reading time":"1 minute"},"schema":{"@context":"https:\/\/schema.org","@graph":[{"@type":"Article","@id":"http:\/\/denizcankizil.tr\/en\/haberler\/gundem\/osmangazide-yilin-son-meclis-toplantisi-yapildi\/#article","isPartOf":{"@id":"http:\/\/denizcankizil.tr\/en\/haberler\/gundem\/osmangazide-yilin-son-meclis-toplantisi-yapildi\/"},"author":{"name":"","@id":""},"headline":"Osmangazi&#8217;de y\u0131l\u0131n son meclis toplant\u0131s\u0131 yap\u0131ld\u0131","datePublished":"2024-12-05T07:41:56+00:00","mainEntityOfPage":{"@id":"http:\/\/denizcankizil.tr\/en\/haberler\/gundem\/osmangazide-yilin-son-meclis-toplantisi-yapildi\/"},"wordCount":111,"commentCount":0,"publisher":{"@id":"https:\/\/denizcankizil.tr\/#organization"},"articleSection":["G\u00fcndem","Uncategorized"],"inLanguage":"en-GB","potentialAction":[{"@type":"CommentAction","name":"Comment","target":["http:\/\/denizcankizil.tr\/en\/haberler\/gundem\/osmangazide-yilin-son-meclis-toplantisi-yapildi\/#respond"]}]},{"@type":"WebPage","@id":"http:\/\/denizcankizil.tr\/en\/haberler\/gundem\/osmangazide-yilin-son-meclis-toplantisi-yapildi\/","url":"http:\/\/denizcankizil.tr\/en\/haberler\/gundem\/osmangazide-yilin-son-meclis-toplantisi-yapildi\/","name":"Osmangazi'de y\u0131l\u0131n son meclis toplant\u0131s\u0131 yap\u0131ld\u0131 - Av. Deniz Can K\u0131z\u0131l","isPartOf":{"@id":"https:\/\/denizcankizil.tr\/#website"},"datePublished":"2024-12-05T07:41:56+00:00","breadcrumb":{"@id":"http:\/\/denizcankizil.tr\/en\/haberler\/gundem\/osmangazide-yilin-son-meclis-toplantisi-yapildi\/#breadcrumb"},"inLanguage":"en-GB","potentialAction":[{"@type":"ReadAction","target":["http:\/\/denizcankizil.tr\/en\/haberler\/gundem\/osmangazide-yilin-son-meclis-toplantisi-yapildi\/"]}]},{"@type":"BreadcrumbList","@id":"http:\/\/denizcankizil.tr\/en\/haberler\/gundem\/osmangazide-yilin-son-meclis-toplantisi-yapildi\/#breadcrumb","itemListElement":[{"@type":"ListItem","position":1,"name":"Home","item":"https:\/\/denizcankizil.tr\/de\/"},{"@type":"ListItem","position":2,"name":"Osmangazi&#8217;de y\u0131l\u0131n son meclis toplant\u0131s\u0131 yap\u0131ld\u0131"}]},{"@type":"WebSite","@id":"https:\/\/denizcankizil.tr\/#website","url":"https:\/\/denizcankizil.tr\/","name":"Av. Deniz Can K\u0131z\u0131l","description":"Avukat Deniz Can K\u0131z\u0131l Antalya Barosu","publisher":{"@id":"https:\/\/denizcankizil.tr\/#organization"},"potentialAction":[{"@type":"SearchAction","target":{"@type":"EntryPoint","urlTemplate":"https:\/\/denizcankizil.tr\/?s={search_term_string}"},"query-input":{"@type":"PropertyValueSpecification","valueRequired":true,"valueName":"search_term_string"}}],"inLanguage":"en-GB"},{"@type":"Organization","@id":"https:\/\/denizcankizil.tr\/#organization","name":"Av. Deniz Can K\u0131z\u0131l","url":"https:\/\/denizcankizil.tr\/","logo":{"@type":"ImageObject","inLanguage":"en-GB","@id":"https:\/\/denizcankizil.tr\/#\/schema\/logo\/image\/","url":"http:\/\/denizcankizil.tr\/wp-content\/uploads\/2024\/10\/siyah-logo-svg.svg","contentUrl":"http:\/\/denizcankizil.tr\/wp-content\/uploads\/2024\/10\/siyah-logo-svg.svg","width":1080,"height":1080,"caption":"Av. Deniz Can K\u0131z\u0131l"},"image":{"@id":"https:\/\/denizcankizil.tr\/#\/schema\/logo\/image\/"}}]}},"_links":{"self":[{"href":"http:\/\/denizcankizil.tr\/en\/wp-json\/wp\/v2\/posts\/19273","targetHints":{"allow":["GET"]}}],"collection":[{"href":"http:\/\/denizcankizil.tr\/en\/wp-json\/wp\/v2\/posts"}],"about":[{"href":"http:\/\/denizcankizil.tr\/en\/wp-json\/wp\/v2\/types\/post"}],"replies":[{"embeddable":true,"href":"http:\/\/denizcankizil.tr\/en\/wp-json\/wp\/v2\/comments?post=19273"}],"version-history":[{"count":0,"href":"http:\/\/denizcankizil.tr\/en\/wp-json\/wp\/v2\/posts\/19273\/revisions"}],"wp:attachment":[{"href":"http:\/\/denizcankizil.tr\/en\/wp-json\/wp\/v2\/media?parent=19273"}],"wp:term":[{"taxonomy":"category","embeddable":true,"href":"http:\/\/denizcankizil.tr\/en\/wp-json\/wp\/v2\/categories?post=19273"},{"taxonomy":"post_tag","embeddable":true,"href":"http:\/\/denizcankizil.tr\/en\/wp-json\/wp\/v2\/tags?post=19273"}],"curies":[{"name":"wp","href":"https:\/\/api.w.org\/{rel}","templated":true}]}}