{"id":19250,"date":"2024-12-05T09:41:35","date_gmt":"2024-12-05T06:41:35","guid":{"rendered":"https:\/\/denizcankizil.tr\/uncategorized-tr\/oto-galericilerden-yeni-duzenlemeye-itiraz\/"},"modified":"2024-12-05T09:41:35","modified_gmt":"2024-12-05T06:41:35","slug":"oto-galericilerden-yeni-duzenlemeye-itiraz","status":"publish","type":"post","link":"http:\/\/denizcankizil.tr\/en\/haberler\/gundem\/oto-galericilerden-yeni-duzenlemeye-itiraz\/","title":{"rendered":"Oto galericilerden yeni d\u00fczenlemeye itiraz"},"content":{"rendered":"<p>\u0130kinci el ara\u00e7larda sigorta zorunlulu\u011fu getiren d\u00fczenlemeye itiraz eden Antalya Emlak\u00e7\u0131lar ve \u0130\u015f Takip\u00e7ileri Oto Galerisi Esnaf Odas\u0131 Ba\u015fkan\u0131 \u0130smail \u00c7a\u011flar, \u201cBu durum 200 bin ile 1 milyon TL aras\u0131nda ek bir finansman y\u00fck\u00fc olu\u015fturarak i\u015fletmelerimizi zor durumda kalacak. Sadece yakla\u015f\u0131k 40 adet sigorta \u015firketini memnun etmek u\u011fruna 85 bin esnaf\u0131n eme\u011fi ve gelece\u011fi riske at\u0131lacak\u201d dedi.\u00a0<\/p>\n<p>\u0130K\u0130NC\u0130 EL ARA\u00c7 ALIM SATIMLARINDA S\u0130GORTA \u015eARTI\u00a0<\/p>\n<p>Antalya K\u00f6rfez Gazetesi muhabiri Ertu\u011frul G\u00fcn&#8217;\u00fcn haberine g\u00f6re Resmi Gazete\u2019de yay\u0131mlanan karara g\u00f6re, ikinci el ara\u00e7 al\u0131m sat\u0131mlar\u0131nda sigorta \u015fart\u0131 getirildi. Yeni d\u00fczenlemeyle noterler, ara\u00e7 sat\u0131\u015f ve devir i\u015flemlerini, arac\u0131n zorunlu mali sorumluluk sigortas\u0131n\u0131n bulunmas\u0131 ko\u015fuluyla ger\u00e7ekle\u015ftirecek. Tescil edilmi\u015f bir arac\u0131n sat\u0131\u015f veya devir i\u015flemleri, zorunlu mali sorumluluk sigortas\u0131 bulunmamas\u0131 durumunda yap\u0131lamayacak. Arac\u0131 devralan ki\u015finin sigorta yapt\u0131rmad\u0131\u011f\u0131 tespit edilirse noterler i\u015flemi ger\u00e7ekle\u015ftiremeyecek. Noterler d\u0131\u015f\u0131nda ger\u00e7ekle\u015ftirilen her t\u00fcrl\u00fc sat\u0131\u015f ve devir i\u015flemi ge\u00e7ersiz say\u0131lacak. Ancak trafikten \u00e7ekilmi\u015f veya \u00e7ekilecek ara\u00e7lar, bu uygulaman\u0131n kapsam\u0131 d\u0131\u015f\u0131nda b\u0131rak\u0131ld\u0131.<\/p>\n<p>MA\u011eDUR\u0130YET YARATTI<\/p>\n<p>D\u00fczenlemeye itiraz ettiklerini ifade eden Antalya Emlak\u00e7\u0131lar ve \u0130\u015f Takip\u00e7ileri Oto Galerisi Esnaf Odas\u0131 Ba\u015fkan\u0131 \u0130smail \u00c7a\u011flar, \u201cYeni y\u00f6netmelikle, ara\u00e7 devir i\u015flemleri \u00f6ncesinde al\u0131c\u0131n\u0131n trafik sigortas\u0131 yapt\u0131rma zorunlulu\u011fu getirilmi\u015ftir. Trafikte sigortas\u0131z ara\u00e7lar\u0131n dola\u015f\u0131m\u0131n\u0131 engellemeyi ama\u00e7layan bu d\u00fczenlemenin, hakl\u0131 bir niyet ta\u015f\u0131d\u0131\u011f\u0131na inan\u0131yoruz. \u00a0Ancak bu uygulama, biz esnaflar i\u00e7in b\u00fcy\u00fck bir mali y\u00fck ve ciddi bir ma\u011fduriyet yaratm\u0131\u015ft\u0131r. Bizler, \u00fclkemizin ekonomisine katk\u0131 sa\u011flayan, al\u0131n teriyle ayakta kalmaya \u00e7al\u0131\u015fan insanlar\u0131z. Ancak bu yeni d\u00fczenleme ile kullanmad\u0131\u011f\u0131m\u0131z, ara\u00e7 parklar\u0131m\u0131zda yaln\u0131zca sat\u0131\u015f i\u00e7in bekletti\u011fimiz ara\u00e7lar i\u00e7in sigorta yapt\u0131rmak zorunda b\u0131rak\u0131l\u0131yoruz\u201d dedi.\u00a0<\/p>\n<p>D\u00dcZENLEME YIKICI OLDU<\/p>\n<p>D\u00fczenlemenin esnaf\u0131 zor durumda b\u0131rakaca\u011f\u0131n\u0131 belirten \u00c7a\u011flar, \u201cBu durum zaten finansman s\u0131k\u0131nt\u0131s\u0131 \u00e7eken esnaflar i\u00e7in kar\u015f\u0131lanamaz maliyetler do\u011furmaktad\u0131r. 200 bin ile 1 milyon TL aras\u0131nda ek bir finansman y\u00fck\u00fc olu\u015fturarak i\u015fletmelerimizi zor durumda b\u0131rakmaktad\u0131r. Sadece yakla\u015f\u0131k 40 adet sigorta \u015firketini memnun etmek u\u011fruna 85 bin esnaf\u0131n eme\u011fini ve gelece\u011fini riske atmaktad\u0131r. Yetki belgesi alm\u0131\u015f ve T\u00fcrkiye\u2019de toplam say\u0131lar\u0131 85 bin adedi bulan esnaflar\u0131 g\u00f6zetmeden al\u0131nan bu karar bizim i\u00e7in hem ekonomik hem de psikolojik anlamda y\u0131k\u0131c\u0131 olmu\u015ftur. Bu noktada, adil ve uygulanabilir bir \u00e7\u00f6z\u00fcm i\u00e7in \u00e7a\u011fr\u0131da bulunuyoruz\u201d s\u00f6zlerine yer verdi.\u00a0<\/p>\n<p>HAYALLER ZARAR G\u00d6RECEK<\/p>\n<p>Sat\u0131\u015f amac\u0131yla bekleyen ara\u00e7lar i\u00e7in noter i\u015flemlerinde sigorta sorgulamas\u0131 yap\u0131lmamas\u0131, yaln\u0131zca arac\u0131 sat\u0131n alan bireysel kullan\u0131c\u0131lar\u0131n sigorta yapt\u0131rma zorunlulu\u011fu getirilmesi, esnaf\u0131 b\u00fcy\u00fck bir mali y\u00fckten kurtaraca\u011f\u0131n\u0131 belirten \u00c7a\u011flar, \u201cBug\u00fcn bizlerin ya\u015fad\u0131\u011f\u0131 bu sorun yaln\u0131zca ekonomik de\u011fil, ayn\u0131 zamanda mesle\u011fimizi s\u00fcrd\u00fcr\u00fclebilir bir \u015fekilde yapma umudumuzu da tehdit etmektedir. Devletimizin, adaletli ve esnafa destek olan bir anlay\u0131\u015fla hareket ederek, ma\u011fduriyetimizi giderecek \u00e7\u00f6z\u00fcmler \u00fcretece\u011fine inan\u0131yoruz. Bu konuda ivedilikle bir ad\u0131m at\u0131lmas\u0131n\u0131 talep ediyoruz. Unutulmamal\u0131d\u0131r ki, esnaf bu \u00fclkenin bel kemi\u011fidir. Bizler ayakta kalamazsak, yaln\u0131zca bir meslek dal\u0131 de\u011fil, binlerce ailenin eme\u011fi ve hayalleri de zarar g\u00f6recektir\u201d a\u00e7\u0131klamas\u0131nda bulundu.<\/p>\n<p>\u00a0<\/p>\n<p>\u200bResmi Gazete&#8217;de yay\u0131nlanan karara g\u00f6re ikinci el ara\u00e7 al\u0131m sat\u0131mlar\u0131nda sigorta \u015fart\u0131 getirildi. Yap\u0131lan d\u00fczenlemeye kar\u015f\u0131 Antalya Oto Galerisi Esnaf Odas\u0131 Ba\u015fkan\u0131 \u0130smail \u00c7a\u011flar, &#8220;Sadece yakla\u015f\u0131k 40 adet sigorta \u015firketini memnun etmek u\u011fruna 85 bin esnaf\u0131n eme\u011fi ve gelece\u011fi riske at\u0131lacak\u201d dedi.\u00a0<\/p>\n<p>\u200bHaberin Al\u0131nt\u0131land\u0131\u011f\u0131 Kaynak: www.antalyakorfez.com<\/p>","protected":false},"excerpt":{"rendered":"<p>\u0130kinci el ara\u00e7larda sigorta zorunlulu\u011fu getiren d\u00fczenlemeye itiraz eden Antalya Emlak\u00e7\u0131lar ve \u0130\u015f Takip\u00e7ileri Oto Galerisi Esnaf Odas\u0131 Ba\u015fkan\u0131 \u0130smail \u00c7a\u011flar, \u201cBu durum 200 bin ile 1 milyon TL aras\u0131nda ek bir finansman y\u00fck\u00fc olu\u015fturarak i\u015fletmelerimizi zor durumda kalacak. Sadece yakla\u015f\u0131k 40 adet sigorta \u015firketini memnun etmek u\u011fruna 85 bin esnaf\u0131n eme\u011fi ve gelece\u011fi riske at\u0131lacak\u201d dedi.\u00a0 \u0130K\u0130NC\u0130 EL ARA\u00c7 ALIM SATIMLARINDA S\u0130GORTA \u015eARTI\u00a0 Antalya K\u00f6rfez Gazetesi muhabiri Ertu\u011frul G\u00fcn&#8217;\u00fcn haberine g\u00f6re Resmi Gazete\u2019de yay\u0131mlanan karara g\u00f6re, ikinci el ara\u00e7 al\u0131m sat\u0131mlar\u0131nda sigorta \u015fart\u0131 getirildi. Yeni d\u00fczenlemeyle noterler, ara\u00e7 sat\u0131\u015f ve devir i\u015flemlerini, arac\u0131n zorunlu mali sorumluluk sigortas\u0131n\u0131n bulunmas\u0131 ko\u015fuluyla ger\u00e7ekle\u015ftirecek. Tescil edilmi\u015f bir arac\u0131n sat\u0131\u015f veya devir i\u015flemleri, zorunlu mali sorumluluk sigortas\u0131 bulunmamas\u0131 durumunda yap\u0131lamayacak. Arac\u0131 devralan ki\u015finin sigorta yapt\u0131rmad\u0131\u011f\u0131 tespit edilirse noterler i\u015flemi ger\u00e7ekle\u015ftiremeyecek. Noterler d\u0131\u015f\u0131nda ger\u00e7ekle\u015ftirilen her t\u00fcrl\u00fc sat\u0131\u015f ve devir i\u015flemi ge\u00e7ersiz say\u0131lacak. Ancak trafikten \u00e7ekilmi\u015f veya \u00e7ekilecek ara\u00e7lar, bu uygulaman\u0131n kapsam\u0131 d\u0131\u015f\u0131nda b\u0131rak\u0131ld\u0131. MA\u011eDUR\u0130YET YARATTI D\u00fczenlemeye itiraz ettiklerini ifade eden Antalya Emlak\u00e7\u0131lar ve \u0130\u015f Takip\u00e7ileri Oto Galerisi Esnaf Odas\u0131 Ba\u015fkan\u0131 \u0130smail \u00c7a\u011flar, \u201cYeni y\u00f6netmelikle, ara\u00e7 devir i\u015flemleri \u00f6ncesinde al\u0131c\u0131n\u0131n trafik sigortas\u0131 yapt\u0131rma zorunlulu\u011fu getirilmi\u015ftir. Trafikte sigortas\u0131z ara\u00e7lar\u0131n dola\u015f\u0131m\u0131n\u0131 engellemeyi ama\u00e7layan bu d\u00fczenlemenin, hakl\u0131 bir niyet ta\u015f\u0131d\u0131\u011f\u0131na inan\u0131yoruz. \u00a0Ancak bu uygulama, biz esnaflar i\u00e7in b\u00fcy\u00fck bir &hellip;<\/p>","protected":false},"author":0,"featured_media":0,"comment_status":"open","ping_status":"open","sticky":false,"template":"","format":"standard","meta":{"_acf_changed":false,"footnotes":""},"categories":[24,535],"tags":[],"class_list":["post-19250","post","type-post","status-publish","format-standard","has-post-thumbnail","hentry","category-gundem","category-uncategorized-tr"],"acf":[],"yoast_head":"<!-- This site is optimized with the Yoast SEO Premium plugin v26.6 (Yoast SEO v27.1.1) - https:\/\/yoast.com\/product\/yoast-seo-premium-wordpress\/ -->\n<title>Oto galericilerden yeni d\u00fczenlemeye itiraz - Av. Deniz Can K\u0131z\u0131l<\/title>\n<meta name=\"robots\" content=\"index, follow, max-snippet:-1, max-image-preview:large, max-video-preview:-1\" \/>\n<link rel=\"canonical\" href=\"http:\/\/denizcankizil.tr\/en\/haberler\/gundem\/oto-galericilerden-yeni-duzenlemeye-itiraz\/\" \/>\n<meta property=\"og:locale\" content=\"en_GB\" \/>\n<meta property=\"og:type\" content=\"article\" \/>\n<meta property=\"og:title\" content=\"Oto galericilerden yeni d\u00fczenlemeye itiraz\" \/>\n<meta property=\"og:description\" content=\"\u0130kinci el ara\u00e7larda sigorta zorunlulu\u011fu getiren d\u00fczenlemeye itiraz eden Antalya Emlak\u00e7\u0131lar ve \u0130\u015f Takip\u00e7ileri Oto Galerisi Esnaf Odas\u0131 Ba\u015fkan\u0131 \u0130smail \u00c7a\u011flar, \u201cBu durum 200 bin ile 1 milyon TL aras\u0131nda ek bir finansman y\u00fck\u00fc olu\u015fturarak i\u015fletmelerimizi zor durumda kalacak. Sadece yakla\u015f\u0131k 40 adet sigorta \u015firketini memnun etmek u\u011fruna 85 bin esnaf\u0131n eme\u011fi ve gelece\u011fi riske at\u0131lacak\u201d dedi.\u00a0 \u0130K\u0130NC\u0130 EL ARA\u00c7 ALIM SATIMLARINDA S\u0130GORTA \u015eARTI\u00a0 Antalya K\u00f6rfez Gazetesi muhabiri Ertu\u011frul G\u00fcn&#8217;\u00fcn haberine g\u00f6re Resmi Gazete\u2019de yay\u0131mlanan karara g\u00f6re, ikinci el ara\u00e7 al\u0131m sat\u0131mlar\u0131nda sigorta \u015fart\u0131 getirildi. Yeni d\u00fczenlemeyle noterler, ara\u00e7 sat\u0131\u015f ve devir i\u015flemlerini, arac\u0131n zorunlu mali sorumluluk sigortas\u0131n\u0131n bulunmas\u0131 ko\u015fuluyla ger\u00e7ekle\u015ftirecek. Tescil edilmi\u015f bir arac\u0131n sat\u0131\u015f veya devir i\u015flemleri, zorunlu mali sorumluluk sigortas\u0131 bulunmamas\u0131 durumunda yap\u0131lamayacak. Arac\u0131 devralan ki\u015finin sigorta yapt\u0131rmad\u0131\u011f\u0131 tespit edilirse noterler i\u015flemi ger\u00e7ekle\u015ftiremeyecek. Noterler d\u0131\u015f\u0131nda ger\u00e7ekle\u015ftirilen her t\u00fcrl\u00fc sat\u0131\u015f ve devir i\u015flemi ge\u00e7ersiz say\u0131lacak. Ancak trafikten \u00e7ekilmi\u015f veya \u00e7ekilecek ara\u00e7lar, bu uygulaman\u0131n kapsam\u0131 d\u0131\u015f\u0131nda b\u0131rak\u0131ld\u0131. MA\u011eDUR\u0130YET YARATTI D\u00fczenlemeye itiraz ettiklerini ifade eden Antalya Emlak\u00e7\u0131lar ve \u0130\u015f Takip\u00e7ileri Oto Galerisi Esnaf Odas\u0131 Ba\u015fkan\u0131 \u0130smail \u00c7a\u011flar, \u201cYeni y\u00f6netmelikle, ara\u00e7 devir i\u015flemleri \u00f6ncesinde al\u0131c\u0131n\u0131n trafik sigortas\u0131 yapt\u0131rma zorunlulu\u011fu getirilmi\u015ftir. Trafikte sigortas\u0131z ara\u00e7lar\u0131n dola\u015f\u0131m\u0131n\u0131 engellemeyi ama\u00e7layan bu d\u00fczenlemenin, hakl\u0131 bir niyet ta\u015f\u0131d\u0131\u011f\u0131na inan\u0131yoruz. \u00a0Ancak bu uygulama, biz esnaflar i\u00e7in b\u00fcy\u00fck bir &hellip;\" \/>\n<meta property=\"og:url\" content=\"http:\/\/denizcankizil.tr\/en\/haberler\/gundem\/oto-galericilerden-yeni-duzenlemeye-itiraz\/\" \/>\n<meta property=\"og:site_name\" content=\"Av. Deniz Can K\u0131z\u0131l\" \/>\n<meta property=\"article:published_time\" content=\"2024-12-05T06:41:35+00:00\" \/>\n<meta name=\"twitter:card\" content=\"summary_large_image\" \/>\n<meta name=\"twitter:label1\" content=\"Estimated reading time\" \/>\n\t<meta name=\"twitter:data1\" content=\"3 minutes\" \/>\n<script type=\"application\/ld+json\" class=\"yoast-schema-graph\">{\"@context\":\"https:\/\/schema.org\",\"@graph\":[{\"@type\":\"Article\",\"@id\":\"http:\/\/denizcankizil.tr\/en\/haberler\/gundem\/oto-galericilerden-yeni-duzenlemeye-itiraz\/#article\",\"isPartOf\":{\"@id\":\"http:\/\/denizcankizil.tr\/en\/haberler\/gundem\/oto-galericilerden-yeni-duzenlemeye-itiraz\/\"},\"author\":{\"name\":\"\",\"@id\":\"\"},\"headline\":\"Oto galericilerden yeni d\u00fczenlemeye itiraz\",\"datePublished\":\"2024-12-05T06:41:35+00:00\",\"mainEntityOfPage\":{\"@id\":\"http:\/\/denizcankizil.tr\/en\/haberler\/gundem\/oto-galericilerden-yeni-duzenlemeye-itiraz\/\"},\"wordCount\":676,\"commentCount\":0,\"publisher\":{\"@id\":\"https:\/\/denizcankizil.tr\/de\/#organization\"},\"articleSection\":[\"G\u00fcndem\",\"Uncategorized\"],\"inLanguage\":\"en-GB\",\"potentialAction\":[{\"@type\":\"CommentAction\",\"name\":\"Comment\",\"target\":[\"http:\/\/denizcankizil.tr\/en\/haberler\/gundem\/oto-galericilerden-yeni-duzenlemeye-itiraz\/#respond\"]}]},{\"@type\":\"WebPage\",\"@id\":\"http:\/\/denizcankizil.tr\/en\/haberler\/gundem\/oto-galericilerden-yeni-duzenlemeye-itiraz\/\",\"url\":\"http:\/\/denizcankizil.tr\/en\/haberler\/gundem\/oto-galericilerden-yeni-duzenlemeye-itiraz\/\",\"name\":\"Oto galericilerden yeni d\u00fczenlemeye itiraz - Av. Deniz Can K\u0131z\u0131l\",\"isPartOf\":{\"@id\":\"https:\/\/denizcankizil.tr\/de\/#website\"},\"datePublished\":\"2024-12-05T06:41:35+00:00\",\"breadcrumb\":{\"@id\":\"http:\/\/denizcankizil.tr\/en\/haberler\/gundem\/oto-galericilerden-yeni-duzenlemeye-itiraz\/#breadcrumb\"},\"inLanguage\":\"en-GB\",\"potentialAction\":[{\"@type\":\"ReadAction\",\"target\":[\"http:\/\/denizcankizil.tr\/en\/haberler\/gundem\/oto-galericilerden-yeni-duzenlemeye-itiraz\/\"]}]},{\"@type\":\"BreadcrumbList\",\"@id\":\"http:\/\/denizcankizil.tr\/en\/haberler\/gundem\/oto-galericilerden-yeni-duzenlemeye-itiraz\/#breadcrumb\",\"itemListElement\":[{\"@type\":\"ListItem\",\"position\":1,\"name\":\"Home\",\"item\":\"https:\/\/denizcankizil.tr\/de\/\"},{\"@type\":\"ListItem\",\"position\":2,\"name\":\"Oto galericilerden yeni d\u00fczenlemeye itiraz\"}]},{\"@type\":\"WebSite\",\"@id\":\"https:\/\/denizcankizil.tr\/de\/#website\",\"url\":\"https:\/\/denizcankizil.tr\/de\/\",\"name\":\"Av. Deniz Can K\u0131z\u0131l\",\"description\":\"Avukat Deniz Can K\u0131z\u0131l Antalya Barosu\",\"publisher\":{\"@id\":\"https:\/\/denizcankizil.tr\/de\/#organization\"},\"potentialAction\":[{\"@type\":\"SearchAction\",\"target\":{\"@type\":\"EntryPoint\",\"urlTemplate\":\"https:\/\/denizcankizil.tr\/de\/?s={search_term_string}\"},\"query-input\":{\"@type\":\"PropertyValueSpecification\",\"valueRequired\":true,\"valueName\":\"search_term_string\"}}],\"inLanguage\":\"en-GB\"},{\"@type\":\"Organization\",\"@id\":\"https:\/\/denizcankizil.tr\/de\/#organization\",\"name\":\"Av. Deniz Can K\u0131z\u0131l\",\"url\":\"https:\/\/denizcankizil.tr\/de\/\",\"logo\":{\"@type\":\"ImageObject\",\"inLanguage\":\"en-GB\",\"@id\":\"https:\/\/denizcankizil.tr\/de\/#\/schema\/logo\/image\/\",\"url\":\"http:\/\/denizcankizil.tr\/wp-content\/uploads\/2024\/10\/siyah-logo-svg.svg\",\"contentUrl\":\"http:\/\/denizcankizil.tr\/wp-content\/uploads\/2024\/10\/siyah-logo-svg.svg\",\"width\":1080,\"height\":1080,\"caption\":\"Av. Deniz Can K\u0131z\u0131l\"},\"image\":{\"@id\":\"https:\/\/denizcankizil.tr\/de\/#\/schema\/logo\/image\/\"}}]}<\/script>\n<!-- \/ Yoast SEO Premium plugin. -->","yoast_head_json":{"title":"Oto galericilerden yeni d\u00fczenlemeye itiraz - Av. Deniz Can K\u0131z\u0131l","robots":{"index":"index","follow":"follow","max-snippet":"max-snippet:-1","max-image-preview":"max-image-preview:large","max-video-preview":"max-video-preview:-1"},"canonical":"http:\/\/denizcankizil.tr\/en\/haberler\/gundem\/oto-galericilerden-yeni-duzenlemeye-itiraz\/","og_locale":"en_GB","og_type":"article","og_title":"Oto galericilerden yeni d\u00fczenlemeye itiraz","og_description":"\u0130kinci el ara\u00e7larda sigorta zorunlulu\u011fu getiren d\u00fczenlemeye itiraz eden Antalya Emlak\u00e7\u0131lar ve \u0130\u015f Takip\u00e7ileri Oto Galerisi Esnaf Odas\u0131 Ba\u015fkan\u0131 \u0130smail \u00c7a\u011flar, \u201cBu durum 200 bin ile 1 milyon TL aras\u0131nda ek bir finansman y\u00fck\u00fc olu\u015fturarak i\u015fletmelerimizi zor durumda kalacak. Sadece yakla\u015f\u0131k 40 adet sigorta \u015firketini memnun etmek u\u011fruna 85 bin esnaf\u0131n eme\u011fi ve gelece\u011fi riske at\u0131lacak\u201d dedi.\u00a0 \u0130K\u0130NC\u0130 EL ARA\u00c7 ALIM SATIMLARINDA S\u0130GORTA \u015eARTI\u00a0 Antalya K\u00f6rfez Gazetesi muhabiri Ertu\u011frul G\u00fcn&#8217;\u00fcn haberine g\u00f6re Resmi Gazete\u2019de yay\u0131mlanan karara g\u00f6re, ikinci el ara\u00e7 al\u0131m sat\u0131mlar\u0131nda sigorta \u015fart\u0131 getirildi. Yeni d\u00fczenlemeyle noterler, ara\u00e7 sat\u0131\u015f ve devir i\u015flemlerini, arac\u0131n zorunlu mali sorumluluk sigortas\u0131n\u0131n bulunmas\u0131 ko\u015fuluyla ger\u00e7ekle\u015ftirecek. Tescil edilmi\u015f bir arac\u0131n sat\u0131\u015f veya devir i\u015flemleri, zorunlu mali sorumluluk sigortas\u0131 bulunmamas\u0131 durumunda yap\u0131lamayacak. Arac\u0131 devralan ki\u015finin sigorta yapt\u0131rmad\u0131\u011f\u0131 tespit edilirse noterler i\u015flemi ger\u00e7ekle\u015ftiremeyecek. Noterler d\u0131\u015f\u0131nda ger\u00e7ekle\u015ftirilen her t\u00fcrl\u00fc sat\u0131\u015f ve devir i\u015flemi ge\u00e7ersiz say\u0131lacak. Ancak trafikten \u00e7ekilmi\u015f veya \u00e7ekilecek ara\u00e7lar, bu uygulaman\u0131n kapsam\u0131 d\u0131\u015f\u0131nda b\u0131rak\u0131ld\u0131. MA\u011eDUR\u0130YET YARATTI D\u00fczenlemeye itiraz ettiklerini ifade eden Antalya Emlak\u00e7\u0131lar ve \u0130\u015f Takip\u00e7ileri Oto Galerisi Esnaf Odas\u0131 Ba\u015fkan\u0131 \u0130smail \u00c7a\u011flar, \u201cYeni y\u00f6netmelikle, ara\u00e7 devir i\u015flemleri \u00f6ncesinde al\u0131c\u0131n\u0131n trafik sigortas\u0131 yapt\u0131rma zorunlulu\u011fu getirilmi\u015ftir. Trafikte sigortas\u0131z ara\u00e7lar\u0131n dola\u015f\u0131m\u0131n\u0131 engellemeyi ama\u00e7layan bu d\u00fczenlemenin, hakl\u0131 bir niyet ta\u015f\u0131d\u0131\u011f\u0131na inan\u0131yoruz. \u00a0Ancak bu uygulama, biz esnaflar i\u00e7in b\u00fcy\u00fck bir &hellip;","og_url":"http:\/\/denizcankizil.tr\/en\/haberler\/gundem\/oto-galericilerden-yeni-duzenlemeye-itiraz\/","og_site_name":"Av. Deniz Can K\u0131z\u0131l","article_published_time":"2024-12-05T06:41:35+00:00","twitter_card":"summary_large_image","twitter_misc":{"Estimated reading time":"3 minutes"},"schema":{"@context":"https:\/\/schema.org","@graph":[{"@type":"Article","@id":"http:\/\/denizcankizil.tr\/en\/haberler\/gundem\/oto-galericilerden-yeni-duzenlemeye-itiraz\/#article","isPartOf":{"@id":"http:\/\/denizcankizil.tr\/en\/haberler\/gundem\/oto-galericilerden-yeni-duzenlemeye-itiraz\/"},"author":{"name":"","@id":""},"headline":"Oto galericilerden yeni d\u00fczenlemeye itiraz","datePublished":"2024-12-05T06:41:35+00:00","mainEntityOfPage":{"@id":"http:\/\/denizcankizil.tr\/en\/haberler\/gundem\/oto-galericilerden-yeni-duzenlemeye-itiraz\/"},"wordCount":676,"commentCount":0,"publisher":{"@id":"https:\/\/denizcankizil.tr\/de\/#organization"},"articleSection":["G\u00fcndem","Uncategorized"],"inLanguage":"en-GB","potentialAction":[{"@type":"CommentAction","name":"Comment","target":["http:\/\/denizcankizil.tr\/en\/haberler\/gundem\/oto-galericilerden-yeni-duzenlemeye-itiraz\/#respond"]}]},{"@type":"WebPage","@id":"http:\/\/denizcankizil.tr\/en\/haberler\/gundem\/oto-galericilerden-yeni-duzenlemeye-itiraz\/","url":"http:\/\/denizcankizil.tr\/en\/haberler\/gundem\/oto-galericilerden-yeni-duzenlemeye-itiraz\/","name":"Oto galericilerden yeni d\u00fczenlemeye itiraz - Av. Deniz Can K\u0131z\u0131l","isPartOf":{"@id":"https:\/\/denizcankizil.tr\/de\/#website"},"datePublished":"2024-12-05T06:41:35+00:00","breadcrumb":{"@id":"http:\/\/denizcankizil.tr\/en\/haberler\/gundem\/oto-galericilerden-yeni-duzenlemeye-itiraz\/#breadcrumb"},"inLanguage":"en-GB","potentialAction":[{"@type":"ReadAction","target":["http:\/\/denizcankizil.tr\/en\/haberler\/gundem\/oto-galericilerden-yeni-duzenlemeye-itiraz\/"]}]},{"@type":"BreadcrumbList","@id":"http:\/\/denizcankizil.tr\/en\/haberler\/gundem\/oto-galericilerden-yeni-duzenlemeye-itiraz\/#breadcrumb","itemListElement":[{"@type":"ListItem","position":1,"name":"Home","item":"https:\/\/denizcankizil.tr\/de\/"},{"@type":"ListItem","position":2,"name":"Oto galericilerden yeni d\u00fczenlemeye itiraz"}]},{"@type":"WebSite","@id":"https:\/\/denizcankizil.tr\/de\/#website","url":"https:\/\/denizcankizil.tr\/de\/","name":"Av. Deniz Can K\u0131z\u0131l","description":"Avukat Deniz Can K\u0131z\u0131l Antalya Barosu","publisher":{"@id":"https:\/\/denizcankizil.tr\/de\/#organization"},"potentialAction":[{"@type":"SearchAction","target":{"@type":"EntryPoint","urlTemplate":"https:\/\/denizcankizil.tr\/de\/?s={search_term_string}"},"query-input":{"@type":"PropertyValueSpecification","valueRequired":true,"valueName":"search_term_string"}}],"inLanguage":"en-GB"},{"@type":"Organization","@id":"https:\/\/denizcankizil.tr\/de\/#organization","name":"Av. Deniz Can K\u0131z\u0131l","url":"https:\/\/denizcankizil.tr\/de\/","logo":{"@type":"ImageObject","inLanguage":"en-GB","@id":"https:\/\/denizcankizil.tr\/de\/#\/schema\/logo\/image\/","url":"http:\/\/denizcankizil.tr\/wp-content\/uploads\/2024\/10\/siyah-logo-svg.svg","contentUrl":"http:\/\/denizcankizil.tr\/wp-content\/uploads\/2024\/10\/siyah-logo-svg.svg","width":1080,"height":1080,"caption":"Av. Deniz Can K\u0131z\u0131l"},"image":{"@id":"https:\/\/denizcankizil.tr\/de\/#\/schema\/logo\/image\/"}}]}},"_links":{"self":[{"href":"http:\/\/denizcankizil.tr\/en\/wp-json\/wp\/v2\/posts\/19250","targetHints":{"allow":["GET"]}}],"collection":[{"href":"http:\/\/denizcankizil.tr\/en\/wp-json\/wp\/v2\/posts"}],"about":[{"href":"http:\/\/denizcankizil.tr\/en\/wp-json\/wp\/v2\/types\/post"}],"replies":[{"embeddable":true,"href":"http:\/\/denizcankizil.tr\/en\/wp-json\/wp\/v2\/comments?post=19250"}],"version-history":[{"count":0,"href":"http:\/\/denizcankizil.tr\/en\/wp-json\/wp\/v2\/posts\/19250\/revisions"}],"wp:attachment":[{"href":"http:\/\/denizcankizil.tr\/en\/wp-json\/wp\/v2\/media?parent=19250"}],"wp:term":[{"taxonomy":"category","embeddable":true,"href":"http:\/\/denizcankizil.tr\/en\/wp-json\/wp\/v2\/categories?post=19250"},{"taxonomy":"post_tag","embeddable":true,"href":"http:\/\/denizcankizil.tr\/en\/wp-json\/wp\/v2\/tags?post=19250"}],"curies":[{"name":"wp","href":"https:\/\/api.w.org\/{rel}","templated":true}]}}