{"id":18896,"date":"2024-12-03T11:42:20","date_gmt":"2024-12-03T08:42:20","guid":{"rendered":"https:\/\/denizcankizil.tr\/uncategorized-tr\/antalyada-merak-edilen-o-vakif-kuyucu-murad-pasa-bin-abdusselam-vakfi-hakkinda-bilinmeyenler\/"},"modified":"2024-12-03T11:42:20","modified_gmt":"2024-12-03T08:42:20","slug":"antalyada-merak-edilen-o-vakif-kuyucu-murad-pasa-bin-abdusselam-vakfi-hakkinda-bilinmeyenler","status":"publish","type":"post","link":"http:\/\/denizcankizil.tr\/en\/haberler\/gundem\/antalyada-merak-edilen-o-vakif-kuyucu-murad-pasa-bin-abdusselam-vakfi-hakkinda-bilinmeyenler\/","title":{"rendered":"Antalya\u2019da merak edilen o vak\u0131f\u2026 Kuyucu Murad Pa\u015fa Bin Abd\u00fcsselam Vakf\u0131 hakk\u0131nda bilinmeyenler!"},"content":{"rendered":"<p>Antalya Vak\u0131flar B\u00f6lge M\u00fcd\u00fcrl\u00fc\u011f\u00fc, Kepez il\u00e7esinde bulunan Kuyucu Murad Pa\u015fa Bin Abd\u00fcsselam Vakf\u0131\u2019na ait 9 bin 863 m2\u2019lik parseli yap\u0131m veya onar\u0131m kar\u015f\u0131l\u0131\u011f\u0131nda 25 y\u0131l s\u00fcreyle kiralayacak. Plan tadilat\u0131 Kepez Belediyesinin ard\u0131ndan B\u00fcy\u00fck\u015fehir Belediye Meclisinde de kabul edildi. Kuyucu Murad Pa\u015fa Bin Abd\u00fcsselam Vakf\u0131 arazisi \u00fczerindeki yer alan AVM ve ticaret merkezi tart\u0131\u015fma konusuyken ayn\u0131 vak\u0131f K\u0131z\u0131lar\u0131k Mahallesi\u2019nde i\u015fgalci olarak nitelendirdi\u011fi b\u00f6lge sakinlerinin 15 g\u00fcn i\u00e7erisinde tahliyesini istedi.\u00a0<\/p>\n<p>15 KATLI T\u0130CARET MERKEZ\u0130YLE G\u00dcNDEMDE\u00a0<\/p>\n<p>Kuyucu Murad Pa\u015fa Bin Abd\u00fcsselam Vakf\u0131 K\u0131z\u0131lar\u0131k Mahallesi\u2019nde d\u00fc\u011fmeye basarken ayn\u0131 vak\u0131f Kepez \u0130l\u00e7esi\u2019nde Fabrikalar B\u00f6lgesinde 15 katl\u0131 ticaret merkeziyle g\u00fcndemdeki yerini koruyor. Antalya Vak\u0131flar B\u00f6lge M\u00fcd\u00fcrl\u00fc\u011f\u00fc K\u0131z\u0131lar\u0131k Mahallesi\u2019nde ya\u015fayan vatanda\u015flar\u0131 15 g\u00fcn i\u00e7erisinde ya\u015fad\u0131klar\u0131 yeri tahliye etmelerini istedi. Tart\u0131\u015fmalar\u0131 beraberinde getiren bu ad\u0131m\u0131n ard\u0131ndan K\u0131z\u0131lar\u0131k Mahallesi\u2019nde ya\u015fayan vatanda\u015flar isyan etti. Antalya\u2019da \u00f6nemli noktalarda gayrimenkulleri bulunan Kuyucu Murad Pa\u015fa Bin Abd\u00fcsselam Vakf\u0131 son g\u00fcnlerde Kepez il\u00e7esinde AVM ve ticaret merkezi in\u015faat\u0131yla g\u00fcndemde.\u00a0<\/p>\n<p>YILLIK 28 M\u0130LYON TL NET KAR \u00d6NG\u00d6R\u00dcL\u00dcYOR<\/p>\n<p>Kuyucu Murad Pa\u015fa Bin Abd\u00fcsselam Vakf\u0131 taraf\u0131ndan Kepez \u0130l\u00e7esinde Fabrikalar B\u00f6lgesi\u2019nde yapt\u0131r\u0131lmak istenen ticaret merkezi in\u015fa edilmesi durumunda y\u00fcklenicinin ofis ve d\u00fckkanlardan ayda ortalama 4 milyon 154 bin TL kira geliri elde edece\u011fi, bu rakam\u0131n y\u00fczde 25\u2019lik k\u0131sm\u0131 olan yakla\u015f\u0131k 1 milyon TL\u2019nin ise Vakf\u0131\u2019na Vak\u0131flar Genel M\u00fcd\u00fcrl\u00fc\u011f\u00fc\u2019ne \u00f6denece\u011fi belirtiliyor. Haz\u0131rlanan rapora g\u00f6re s\u00f6z konusu ihaleyi kazanan y\u00fcklenicinin ticaret merkezi in\u015fa etmesi durumunda kiralardan elde edece\u011fi y\u0131ll\u0131k net gelirin 28 milyon 386 bin TL olarak hesapland\u0131\u011f\u0131 belirtiliyor.<\/p>\n<p>KEPEZ\u2019DE TARTI\u015eMA KONUSU OLAN VAKIF\u2026<\/p>\n<p>Antalya\u2019da gazeteci Yusuf Yavuz\u2019un g\u00fcndeme getirdi\u011fi belediye meclisinde onaylamadan sat\u0131\u015fa \u00e7\u0131kar\u0131lan Kepez K\u0130PA AVM arazisinin bulundu\u011fu 32 bin metrekare parselde; 15 katl\u0131 konut, otel ve ticari alan\u0131n kullan\u0131m\u0131 getiren imar plan\u0131 de\u011fi\u015fikli\u011fi \u00fczerine tart\u0131\u015fmalar devam ediyor. Fabrikalar Mahallesi&#8217;nde bulunan ve \u00e7evresinde \u00fc\u00e7 AVM daha bulunan K\u0130PA AVM arazisinin imar plan\u0131 de\u011fi\u015fikli\u011fi \u00f6nce Antalya B\u00fcy\u00fck\u015fehir Belediyesi&#8217;nin Kas\u0131m Ay\u0131 Ola\u011fan Meclis Toplant\u0131s\u0131&#8217;nda, g\u00fcndeme geldi. 32 bin 274 metrekarelik arazinin ticaret, turizm ve konut alan\u0131 olarak d\u00fczenlenmesine dair 1\/5000 ve 1\/25000 \u00f6l\u00e7ekli naz\u0131m imar plan\u0131 de\u011fi\u015fikli\u011fi \u00f6nerisi, \u0130mar Komisyonu \u00fcyelerinden Mithat Aras, Hasan Can Kamburo\u011flu, Mehmet Burak \u00c7eker ve Hasan Cumhur G\u00f6nc\u00fc&#8217;n\u00fcn imzas\u0131yla meclise sunuldu. Tart\u0131\u015fmalar\u0131n oda\u011f\u0131ndaki plan de\u011fi\u015fikli\u011fi, 56 &#8220;evet&#8221; oyu ile oy birli\u011fiyle kabul edilmi\u015fti.<\/p>\n<p>KUYUCU MURAD PA\u015eA B\u0130N ABD\u00dcSSELAM VAKIF HAKKINDA<\/p>\n<p>Antalya kent merkezinin b\u00fcy\u00fck k\u0131sm\u0131 k\u0131saca Muratpa\u015fa Vakf\u0131 olarak an\u0131lan vakfa aitti. Kent merkezinde bulunan Vak\u0131f Zeytinli\u011fi, bu vak\u0131ftan g\u00fcn\u00fcm\u00fcze ula\u015fan en b\u00fcy\u00fck parsellerden biri olarak biliniyor. Ge\u00e7mi\u015fte vakf\u0131n sahibi oldu\u011fu arazilerde bug\u00fcn kentin \u00fcnl\u00fc semtleri bulunuyor. Bu nedenle Antalya\u2019da zaman zaman tapu davalar\u0131 g\u00fcndeme geliyor. Kuyucu Murat Pa\u015fa olarak an\u0131lan Osmanl\u0131 Veziri, 16. Y\u00fczy\u0131l\u0131n ikinci yar\u0131s\u0131yla 17. y\u00fczy\u0131l\u0131n ba\u015flar\u0131nda y\u00fckselen Celali isyanlar\u0131n\u0131 kanl\u0131 \u015fekilde bast\u0131rmas\u0131yla tarihe ge\u00e7ti. \u0130slam Ansiklopedisi\u2019nde yer alan Kuyucu Murad Pa\u015fa maddesinde, 1522 y\u0131l\u0131 dolay\u0131nda do\u011fdu\u011fu san\u0131lan Sadrazam\u2019\u0131n H\u0131rvat as\u0131ll\u0131 bir dev\u015firme oldu\u011fu, Kanuni Sultan S\u00fcleyman D\u00f6neminde Yemen Beylerbeyi olan Mahmud Pa\u015fa\u2019ya intisap ederek daha sonra onun k\u0131z\u0131yla evlendi\u011fi, Yemen\u2019de kald\u0131\u011f\u0131 s\u00fcre i\u00e7inde haks\u0131z yere b\u00fcy\u00fck servet kazand\u0131\u011f\u0131 \u015faiyas\u0131 \u00fczerine \u0130stanbul\u2019a getirilerek servetinin m\u00fcsadere olundu\u011fu, bir s\u00fcre de Yedikule\u2019de hapsedildi\u011fi kaydediliyor. \u0130slam Ansiklopedisi, kaynaklarda Nak\u015fibendi tarikat\u0131na mensup oldu\u011fu belirtilen Kuyucu Murad Pa\u015fa\u2019n\u0131n dindar ki\u015fili\u011fine ra\u011fmen Celaliler\u2019i ortadan kald\u0131rmada ifrata varan uygulamalarda bulundu\u011fu ve bu arada 60-70 bin civar\u0131nda Celali\u2019yi ortadan kald\u0131rd\u0131\u011f\u0131, konaklad\u0131\u011f\u0131 yerlerde derin kuyular kazd\u0131r\u0131p \u00f6ld\u00fcrd\u00fc\u011f\u00fc asileri bu kuyulara doldurdu\u011funun rivayet edildi\u011fini aktar\u0131yor.<\/p>\n<p>\u200bAntalya Vak\u0131flar B\u00f6lge M\u00fcd\u00fcrl\u00fc\u011f\u00fc, K\u0131z\u0131lar\u0131k Mahalle halk\u0131n\u0131 &#8216;i\u015fgalci&#8217; olarak nitelendirerek 15 g\u00fcn i\u00e7erisinde tahliyesini istedi. Kuyucu Murad Pa\u015fa Bin Abd\u00fcsselam Vakf\u0131, K\u0131z\u0131lar\u0131k Mahallesi\u2019nde d\u00fc\u011fmeye basarken ayn\u0131 vak\u0131f Kepez \u0130l\u00e7esi\u2019nde Fabrikalar B\u00f6lgesinde AVM ve 15 katl\u0131 ticaret merkeziyle g\u00fcndemde. Kuyucu Murad Pa\u015fa Bin Abd\u00fcsselam Vakf\u0131 hakk\u0131nda merak edilenler her \u015fey. Detaylar haberimizde\u2026\u00a0<\/p>\n<p>\u200bHaberin Al\u0131nt\u0131land\u0131\u011f\u0131 Kaynak: www.antalyakorfez.com<\/p>","protected":false},"excerpt":{"rendered":"<p>Antalya Vak\u0131flar B\u00f6lge M\u00fcd\u00fcrl\u00fc\u011f\u00fc, Kepez il\u00e7esinde bulunan Kuyucu Murad Pa\u015fa Bin Abd\u00fcsselam Vakf\u0131\u2019na ait 9 bin 863 m2\u2019lik parseli yap\u0131m veya onar\u0131m kar\u015f\u0131l\u0131\u011f\u0131nda 25 y\u0131l s\u00fcreyle kiralayacak. Plan tadilat\u0131 Kepez Belediyesinin ard\u0131ndan B\u00fcy\u00fck\u015fehir Belediye Meclisinde de kabul edildi. Kuyucu Murad Pa\u015fa Bin Abd\u00fcsselam Vakf\u0131 arazisi \u00fczerindeki yer alan AVM ve ticaret merkezi tart\u0131\u015fma konusuyken ayn\u0131 vak\u0131f K\u0131z\u0131lar\u0131k Mahallesi\u2019nde i\u015fgalci olarak nitelendirdi\u011fi b\u00f6lge sakinlerinin 15 g\u00fcn i\u00e7erisinde tahliyesini istedi.\u00a0 15 KATLI T\u0130CARET MERKEZ\u0130YLE G\u00dcNDEMDE\u00a0 Kuyucu Murad Pa\u015fa Bin Abd\u00fcsselam Vakf\u0131 K\u0131z\u0131lar\u0131k Mahallesi\u2019nde d\u00fc\u011fmeye basarken ayn\u0131 vak\u0131f Kepez \u0130l\u00e7esi\u2019nde Fabrikalar B\u00f6lgesinde 15 katl\u0131 ticaret merkeziyle g\u00fcndemdeki yerini koruyor. Antalya Vak\u0131flar B\u00f6lge M\u00fcd\u00fcrl\u00fc\u011f\u00fc K\u0131z\u0131lar\u0131k Mahallesi\u2019nde ya\u015fayan vatanda\u015flar\u0131 15 g\u00fcn i\u00e7erisinde ya\u015fad\u0131klar\u0131 yeri tahliye etmelerini istedi. Tart\u0131\u015fmalar\u0131 beraberinde getiren bu ad\u0131m\u0131n ard\u0131ndan K\u0131z\u0131lar\u0131k Mahallesi\u2019nde ya\u015fayan vatanda\u015flar isyan etti. Antalya\u2019da \u00f6nemli noktalarda gayrimenkulleri bulunan Kuyucu Murad Pa\u015fa Bin Abd\u00fcsselam Vakf\u0131 son g\u00fcnlerde Kepez il\u00e7esinde AVM ve ticaret merkezi in\u015faat\u0131yla g\u00fcndemde.\u00a0 YILLIK 28 M\u0130LYON TL NET KAR \u00d6NG\u00d6R\u00dcL\u00dcYOR Kuyucu Murad Pa\u015fa Bin Abd\u00fcsselam Vakf\u0131 taraf\u0131ndan Kepez \u0130l\u00e7esinde Fabrikalar B\u00f6lgesi\u2019nde yapt\u0131r\u0131lmak istenen ticaret merkezi in\u015fa edilmesi durumunda y\u00fcklenicinin ofis ve d\u00fckkanlardan ayda ortalama 4 milyon 154 bin TL kira geliri elde edece\u011fi, bu rakam\u0131n y\u00fczde 25\u2019lik k\u0131sm\u0131 olan yakla\u015f\u0131k 1 milyon TL\u2019nin ise Vakf\u0131\u2019na Vak\u0131flar Genel M\u00fcd\u00fcrl\u00fc\u011f\u00fc\u2019ne &hellip;<\/p>","protected":false},"author":0,"featured_media":0,"comment_status":"open","ping_status":"open","sticky":false,"template":"","format":"standard","meta":{"_acf_changed":false,"footnotes":""},"categories":[24,535],"tags":[],"class_list":["post-18896","post","type-post","status-publish","format-standard","has-post-thumbnail","hentry","category-gundem","category-uncategorized-tr"],"acf":[],"yoast_head":"<!-- This site is optimized with the Yoast SEO Premium plugin v26.6 (Yoast SEO v27.1.1) - https:\/\/yoast.com\/product\/yoast-seo-premium-wordpress\/ -->\n<title>Antalya\u2019da merak edilen o vak\u0131f\u2026 Kuyucu Murad Pa\u015fa Bin Abd\u00fcsselam Vakf\u0131 hakk\u0131nda bilinmeyenler! - Av. Deniz Can K\u0131z\u0131l<\/title>\n<meta name=\"robots\" content=\"index, follow, max-snippet:-1, max-image-preview:large, max-video-preview:-1\" \/>\n<link rel=\"canonical\" href=\"https:\/\/denizcankizil.tr\/en\/haberler\/gundem\/antalyada-merak-edilen-o-vakif-kuyucu-murad-pasa-bin-abdusselam-vakfi-hakkinda-bilinmeyenler\/\" \/>\n<meta property=\"og:locale\" content=\"en_GB\" \/>\n<meta property=\"og:type\" content=\"article\" \/>\n<meta property=\"og:title\" content=\"Antalya\u2019da merak edilen o vak\u0131f\u2026 Kuyucu Murad Pa\u015fa Bin Abd\u00fcsselam Vakf\u0131 hakk\u0131nda bilinmeyenler!\" \/>\n<meta property=\"og:description\" content=\"Antalya Vak\u0131flar B\u00f6lge M\u00fcd\u00fcrl\u00fc\u011f\u00fc, Kepez il\u00e7esinde bulunan Kuyucu Murad Pa\u015fa Bin Abd\u00fcsselam Vakf\u0131\u2019na ait 9 bin 863 m2\u2019lik parseli yap\u0131m veya onar\u0131m kar\u015f\u0131l\u0131\u011f\u0131nda 25 y\u0131l s\u00fcreyle kiralayacak. Plan tadilat\u0131 Kepez Belediyesinin ard\u0131ndan B\u00fcy\u00fck\u015fehir Belediye Meclisinde de kabul edildi. Kuyucu Murad Pa\u015fa Bin Abd\u00fcsselam Vakf\u0131 arazisi \u00fczerindeki yer alan AVM ve ticaret merkezi tart\u0131\u015fma konusuyken ayn\u0131 vak\u0131f K\u0131z\u0131lar\u0131k Mahallesi\u2019nde i\u015fgalci olarak nitelendirdi\u011fi b\u00f6lge sakinlerinin 15 g\u00fcn i\u00e7erisinde tahliyesini istedi.\u00a0 15 KATLI T\u0130CARET MERKEZ\u0130YLE G\u00dcNDEMDE\u00a0 Kuyucu Murad Pa\u015fa Bin Abd\u00fcsselam Vakf\u0131 K\u0131z\u0131lar\u0131k Mahallesi\u2019nde d\u00fc\u011fmeye basarken ayn\u0131 vak\u0131f Kepez \u0130l\u00e7esi\u2019nde Fabrikalar B\u00f6lgesinde 15 katl\u0131 ticaret merkeziyle g\u00fcndemdeki yerini koruyor. Antalya Vak\u0131flar B\u00f6lge M\u00fcd\u00fcrl\u00fc\u011f\u00fc K\u0131z\u0131lar\u0131k Mahallesi\u2019nde ya\u015fayan vatanda\u015flar\u0131 15 g\u00fcn i\u00e7erisinde ya\u015fad\u0131klar\u0131 yeri tahliye etmelerini istedi. Tart\u0131\u015fmalar\u0131 beraberinde getiren bu ad\u0131m\u0131n ard\u0131ndan K\u0131z\u0131lar\u0131k Mahallesi\u2019nde ya\u015fayan vatanda\u015flar isyan etti. Antalya\u2019da \u00f6nemli noktalarda gayrimenkulleri bulunan Kuyucu Murad Pa\u015fa Bin Abd\u00fcsselam Vakf\u0131 son g\u00fcnlerde Kepez il\u00e7esinde AVM ve ticaret merkezi in\u015faat\u0131yla g\u00fcndemde.\u00a0 YILLIK 28 M\u0130LYON TL NET KAR \u00d6NG\u00d6R\u00dcL\u00dcYOR Kuyucu Murad Pa\u015fa Bin Abd\u00fcsselam Vakf\u0131 taraf\u0131ndan Kepez \u0130l\u00e7esinde Fabrikalar B\u00f6lgesi\u2019nde yapt\u0131r\u0131lmak istenen ticaret merkezi in\u015fa edilmesi durumunda y\u00fcklenicinin ofis ve d\u00fckkanlardan ayda ortalama 4 milyon 154 bin TL kira geliri elde edece\u011fi, bu rakam\u0131n y\u00fczde 25\u2019lik k\u0131sm\u0131 olan yakla\u015f\u0131k 1 milyon TL\u2019nin ise Vakf\u0131\u2019na Vak\u0131flar Genel M\u00fcd\u00fcrl\u00fc\u011f\u00fc\u2019ne &hellip;\" \/>\n<meta property=\"og:url\" content=\"https:\/\/denizcankizil.tr\/en\/haberler\/gundem\/antalyada-merak-edilen-o-vakif-kuyucu-murad-pasa-bin-abdusselam-vakfi-hakkinda-bilinmeyenler\/\" \/>\n<meta property=\"og:site_name\" content=\"Av. Deniz Can K\u0131z\u0131l\" \/>\n<meta property=\"article:published_time\" content=\"2024-12-03T08:42:20+00:00\" \/>\n<meta name=\"twitter:card\" content=\"summary_large_image\" \/>\n<meta name=\"twitter:label1\" content=\"Estimated reading time\" \/>\n\t<meta name=\"twitter:data1\" content=\"4 minutes\" \/>\n<script type=\"application\/ld+json\" class=\"yoast-schema-graph\">{\"@context\":\"https:\/\/schema.org\",\"@graph\":[{\"@type\":\"Article\",\"@id\":\"https:\/\/denizcankizil.tr\/de\/haberler\/gundem\/antalyada-merak-edilen-o-vakif-kuyucu-murad-pasa-bin-abdusselam-vakfi-hakkinda-bilinmeyenler\/#article\",\"isPartOf\":{\"@id\":\"https:\/\/denizcankizil.tr\/de\/haberler\/gundem\/antalyada-merak-edilen-o-vakif-kuyucu-murad-pasa-bin-abdusselam-vakfi-hakkinda-bilinmeyenler\/\"},\"author\":{\"name\":\"\",\"@id\":\"\"},\"headline\":\"Antalya\u2019da merak edilen o vak\u0131f\u2026 Kuyucu Murad Pa\u015fa Bin Abd\u00fcsselam Vakf\u0131 hakk\u0131nda bilinmeyenler!\",\"datePublished\":\"2024-12-03T08:42:20+00:00\",\"mainEntityOfPage\":{\"@id\":\"https:\/\/denizcankizil.tr\/de\/haberler\/gundem\/antalyada-merak-edilen-o-vakif-kuyucu-murad-pasa-bin-abdusselam-vakfi-hakkinda-bilinmeyenler\/\"},\"wordCount\":857,\"commentCount\":0,\"publisher\":{\"@id\":\"https:\/\/denizcankizil.tr\/de\/#organization\"},\"articleSection\":[\"G\u00fcndem\",\"Uncategorized\"],\"inLanguage\":\"en-GB\",\"potentialAction\":[{\"@type\":\"CommentAction\",\"name\":\"Comment\",\"target\":[\"https:\/\/denizcankizil.tr\/de\/haberler\/gundem\/antalyada-merak-edilen-o-vakif-kuyucu-murad-pasa-bin-abdusselam-vakfi-hakkinda-bilinmeyenler\/#respond\"]}]},{\"@type\":\"WebPage\",\"@id\":\"https:\/\/denizcankizil.tr\/de\/haberler\/gundem\/antalyada-merak-edilen-o-vakif-kuyucu-murad-pasa-bin-abdusselam-vakfi-hakkinda-bilinmeyenler\/\",\"url\":\"https:\/\/denizcankizil.tr\/de\/haberler\/gundem\/antalyada-merak-edilen-o-vakif-kuyucu-murad-pasa-bin-abdusselam-vakfi-hakkinda-bilinmeyenler\/\",\"name\":\"Antalya\u2019da merak edilen o vak\u0131f\u2026 Kuyucu Murad Pa\u015fa Bin Abd\u00fcsselam Vakf\u0131 hakk\u0131nda bilinmeyenler! - Av. Deniz Can K\u0131z\u0131l\",\"isPartOf\":{\"@id\":\"https:\/\/denizcankizil.tr\/de\/#website\"},\"datePublished\":\"2024-12-03T08:42:20+00:00\",\"breadcrumb\":{\"@id\":\"https:\/\/denizcankizil.tr\/de\/haberler\/gundem\/antalyada-merak-edilen-o-vakif-kuyucu-murad-pasa-bin-abdusselam-vakfi-hakkinda-bilinmeyenler\/#breadcrumb\"},\"inLanguage\":\"en-GB\",\"potentialAction\":[{\"@type\":\"ReadAction\",\"target\":[\"https:\/\/denizcankizil.tr\/de\/haberler\/gundem\/antalyada-merak-edilen-o-vakif-kuyucu-murad-pasa-bin-abdusselam-vakfi-hakkinda-bilinmeyenler\/\"]}]},{\"@type\":\"BreadcrumbList\",\"@id\":\"https:\/\/denizcankizil.tr\/de\/haberler\/gundem\/antalyada-merak-edilen-o-vakif-kuyucu-murad-pasa-bin-abdusselam-vakfi-hakkinda-bilinmeyenler\/#breadcrumb\",\"itemListElement\":[{\"@type\":\"ListItem\",\"position\":1,\"name\":\"Home\",\"item\":\"https:\/\/denizcankizil.tr\/de\/\"},{\"@type\":\"ListItem\",\"position\":2,\"name\":\"Antalya\u2019da merak edilen o vak\u0131f\u2026 Kuyucu Murad Pa\u015fa Bin Abd\u00fcsselam Vakf\u0131 hakk\u0131nda bilinmeyenler!\"}]},{\"@type\":\"WebSite\",\"@id\":\"https:\/\/denizcankizil.tr\/de\/#website\",\"url\":\"https:\/\/denizcankizil.tr\/de\/\",\"name\":\"Av. Deniz Can K\u0131z\u0131l\",\"description\":\"Avukat Deniz Can K\u0131z\u0131l Antalya Barosu\",\"publisher\":{\"@id\":\"https:\/\/denizcankizil.tr\/de\/#organization\"},\"potentialAction\":[{\"@type\":\"SearchAction\",\"target\":{\"@type\":\"EntryPoint\",\"urlTemplate\":\"https:\/\/denizcankizil.tr\/de\/?s={search_term_string}\"},\"query-input\":{\"@type\":\"PropertyValueSpecification\",\"valueRequired\":true,\"valueName\":\"search_term_string\"}}],\"inLanguage\":\"en-GB\"},{\"@type\":\"Organization\",\"@id\":\"https:\/\/denizcankizil.tr\/de\/#organization\",\"name\":\"Av. Deniz Can K\u0131z\u0131l\",\"url\":\"https:\/\/denizcankizil.tr\/de\/\",\"logo\":{\"@type\":\"ImageObject\",\"inLanguage\":\"en-GB\",\"@id\":\"https:\/\/denizcankizil.tr\/de\/#\/schema\/logo\/image\/\",\"url\":\"http:\/\/denizcankizil.tr\/wp-content\/uploads\/2024\/10\/siyah-logo-svg.svg\",\"contentUrl\":\"http:\/\/denizcankizil.tr\/wp-content\/uploads\/2024\/10\/siyah-logo-svg.svg\",\"width\":1080,\"height\":1080,\"caption\":\"Av. Deniz Can K\u0131z\u0131l\"},\"image\":{\"@id\":\"https:\/\/denizcankizil.tr\/de\/#\/schema\/logo\/image\/\"}}]}<\/script>\n<!-- \/ Yoast SEO Premium plugin. -->","yoast_head_json":{"title":"Antalya\u2019da merak edilen o vak\u0131f\u2026 Kuyucu Murad Pa\u015fa Bin Abd\u00fcsselam Vakf\u0131 hakk\u0131nda bilinmeyenler! - Av. Deniz Can K\u0131z\u0131l","robots":{"index":"index","follow":"follow","max-snippet":"max-snippet:-1","max-image-preview":"max-image-preview:large","max-video-preview":"max-video-preview:-1"},"canonical":"https:\/\/denizcankizil.tr\/en\/haberler\/gundem\/antalyada-merak-edilen-o-vakif-kuyucu-murad-pasa-bin-abdusselam-vakfi-hakkinda-bilinmeyenler\/","og_locale":"en_GB","og_type":"article","og_title":"Antalya\u2019da merak edilen o vak\u0131f\u2026 Kuyucu Murad Pa\u015fa Bin Abd\u00fcsselam Vakf\u0131 hakk\u0131nda bilinmeyenler!","og_description":"Antalya Vak\u0131flar B\u00f6lge M\u00fcd\u00fcrl\u00fc\u011f\u00fc, Kepez il\u00e7esinde bulunan Kuyucu Murad Pa\u015fa Bin Abd\u00fcsselam Vakf\u0131\u2019na ait 9 bin 863 m2\u2019lik parseli yap\u0131m veya onar\u0131m kar\u015f\u0131l\u0131\u011f\u0131nda 25 y\u0131l s\u00fcreyle kiralayacak. Plan tadilat\u0131 Kepez Belediyesinin ard\u0131ndan B\u00fcy\u00fck\u015fehir Belediye Meclisinde de kabul edildi. Kuyucu Murad Pa\u015fa Bin Abd\u00fcsselam Vakf\u0131 arazisi \u00fczerindeki yer alan AVM ve ticaret merkezi tart\u0131\u015fma konusuyken ayn\u0131 vak\u0131f K\u0131z\u0131lar\u0131k Mahallesi\u2019nde i\u015fgalci olarak nitelendirdi\u011fi b\u00f6lge sakinlerinin 15 g\u00fcn i\u00e7erisinde tahliyesini istedi.\u00a0 15 KATLI T\u0130CARET MERKEZ\u0130YLE G\u00dcNDEMDE\u00a0 Kuyucu Murad Pa\u015fa Bin Abd\u00fcsselam Vakf\u0131 K\u0131z\u0131lar\u0131k Mahallesi\u2019nde d\u00fc\u011fmeye basarken ayn\u0131 vak\u0131f Kepez \u0130l\u00e7esi\u2019nde Fabrikalar B\u00f6lgesinde 15 katl\u0131 ticaret merkeziyle g\u00fcndemdeki yerini koruyor. Antalya Vak\u0131flar B\u00f6lge M\u00fcd\u00fcrl\u00fc\u011f\u00fc K\u0131z\u0131lar\u0131k Mahallesi\u2019nde ya\u015fayan vatanda\u015flar\u0131 15 g\u00fcn i\u00e7erisinde ya\u015fad\u0131klar\u0131 yeri tahliye etmelerini istedi. Tart\u0131\u015fmalar\u0131 beraberinde getiren bu ad\u0131m\u0131n ard\u0131ndan K\u0131z\u0131lar\u0131k Mahallesi\u2019nde ya\u015fayan vatanda\u015flar isyan etti. Antalya\u2019da \u00f6nemli noktalarda gayrimenkulleri bulunan Kuyucu Murad Pa\u015fa Bin Abd\u00fcsselam Vakf\u0131 son g\u00fcnlerde Kepez il\u00e7esinde AVM ve ticaret merkezi in\u015faat\u0131yla g\u00fcndemde.\u00a0 YILLIK 28 M\u0130LYON TL NET KAR \u00d6NG\u00d6R\u00dcL\u00dcYOR Kuyucu Murad Pa\u015fa Bin Abd\u00fcsselam Vakf\u0131 taraf\u0131ndan Kepez \u0130l\u00e7esinde Fabrikalar B\u00f6lgesi\u2019nde yapt\u0131r\u0131lmak istenen ticaret merkezi in\u015fa edilmesi durumunda y\u00fcklenicinin ofis ve d\u00fckkanlardan ayda ortalama 4 milyon 154 bin TL kira geliri elde edece\u011fi, bu rakam\u0131n y\u00fczde 25\u2019lik k\u0131sm\u0131 olan yakla\u015f\u0131k 1 milyon TL\u2019nin ise Vakf\u0131\u2019na Vak\u0131flar Genel M\u00fcd\u00fcrl\u00fc\u011f\u00fc\u2019ne &hellip;","og_url":"https:\/\/denizcankizil.tr\/en\/haberler\/gundem\/antalyada-merak-edilen-o-vakif-kuyucu-murad-pasa-bin-abdusselam-vakfi-hakkinda-bilinmeyenler\/","og_site_name":"Av. Deniz Can K\u0131z\u0131l","article_published_time":"2024-12-03T08:42:20+00:00","twitter_card":"summary_large_image","twitter_misc":{"Estimated reading time":"4 minutes"},"schema":{"@context":"https:\/\/schema.org","@graph":[{"@type":"Article","@id":"https:\/\/denizcankizil.tr\/de\/haberler\/gundem\/antalyada-merak-edilen-o-vakif-kuyucu-murad-pasa-bin-abdusselam-vakfi-hakkinda-bilinmeyenler\/#article","isPartOf":{"@id":"https:\/\/denizcankizil.tr\/de\/haberler\/gundem\/antalyada-merak-edilen-o-vakif-kuyucu-murad-pasa-bin-abdusselam-vakfi-hakkinda-bilinmeyenler\/"},"author":{"name":"","@id":""},"headline":"Antalya\u2019da merak edilen o vak\u0131f\u2026 Kuyucu Murad Pa\u015fa Bin Abd\u00fcsselam Vakf\u0131 hakk\u0131nda bilinmeyenler!","datePublished":"2024-12-03T08:42:20+00:00","mainEntityOfPage":{"@id":"https:\/\/denizcankizil.tr\/de\/haberler\/gundem\/antalyada-merak-edilen-o-vakif-kuyucu-murad-pasa-bin-abdusselam-vakfi-hakkinda-bilinmeyenler\/"},"wordCount":857,"commentCount":0,"publisher":{"@id":"https:\/\/denizcankizil.tr\/de\/#organization"},"articleSection":["G\u00fcndem","Uncategorized"],"inLanguage":"en-GB","potentialAction":[{"@type":"CommentAction","name":"Comment","target":["https:\/\/denizcankizil.tr\/de\/haberler\/gundem\/antalyada-merak-edilen-o-vakif-kuyucu-murad-pasa-bin-abdusselam-vakfi-hakkinda-bilinmeyenler\/#respond"]}]},{"@type":"WebPage","@id":"https:\/\/denizcankizil.tr\/de\/haberler\/gundem\/antalyada-merak-edilen-o-vakif-kuyucu-murad-pasa-bin-abdusselam-vakfi-hakkinda-bilinmeyenler\/","url":"https:\/\/denizcankizil.tr\/de\/haberler\/gundem\/antalyada-merak-edilen-o-vakif-kuyucu-murad-pasa-bin-abdusselam-vakfi-hakkinda-bilinmeyenler\/","name":"Antalya\u2019da merak edilen o vak\u0131f\u2026 Kuyucu Murad Pa\u015fa Bin Abd\u00fcsselam Vakf\u0131 hakk\u0131nda bilinmeyenler! - Av. Deniz Can K\u0131z\u0131l","isPartOf":{"@id":"https:\/\/denizcankizil.tr\/de\/#website"},"datePublished":"2024-12-03T08:42:20+00:00","breadcrumb":{"@id":"https:\/\/denizcankizil.tr\/de\/haberler\/gundem\/antalyada-merak-edilen-o-vakif-kuyucu-murad-pasa-bin-abdusselam-vakfi-hakkinda-bilinmeyenler\/#breadcrumb"},"inLanguage":"en-GB","potentialAction":[{"@type":"ReadAction","target":["https:\/\/denizcankizil.tr\/de\/haberler\/gundem\/antalyada-merak-edilen-o-vakif-kuyucu-murad-pasa-bin-abdusselam-vakfi-hakkinda-bilinmeyenler\/"]}]},{"@type":"BreadcrumbList","@id":"https:\/\/denizcankizil.tr\/de\/haberler\/gundem\/antalyada-merak-edilen-o-vakif-kuyucu-murad-pasa-bin-abdusselam-vakfi-hakkinda-bilinmeyenler\/#breadcrumb","itemListElement":[{"@type":"ListItem","position":1,"name":"Home","item":"https:\/\/denizcankizil.tr\/de\/"},{"@type":"ListItem","position":2,"name":"Antalya\u2019da merak edilen o vak\u0131f\u2026 Kuyucu Murad Pa\u015fa Bin Abd\u00fcsselam Vakf\u0131 hakk\u0131nda bilinmeyenler!"}]},{"@type":"WebSite","@id":"https:\/\/denizcankizil.tr\/de\/#website","url":"https:\/\/denizcankizil.tr\/de\/","name":"Av. Deniz Can K\u0131z\u0131l","description":"Avukat Deniz Can K\u0131z\u0131l Antalya Barosu","publisher":{"@id":"https:\/\/denizcankizil.tr\/de\/#organization"},"potentialAction":[{"@type":"SearchAction","target":{"@type":"EntryPoint","urlTemplate":"https:\/\/denizcankizil.tr\/de\/?s={search_term_string}"},"query-input":{"@type":"PropertyValueSpecification","valueRequired":true,"valueName":"search_term_string"}}],"inLanguage":"en-GB"},{"@type":"Organization","@id":"https:\/\/denizcankizil.tr\/de\/#organization","name":"Av. Deniz Can K\u0131z\u0131l","url":"https:\/\/denizcankizil.tr\/de\/","logo":{"@type":"ImageObject","inLanguage":"en-GB","@id":"https:\/\/denizcankizil.tr\/de\/#\/schema\/logo\/image\/","url":"http:\/\/denizcankizil.tr\/wp-content\/uploads\/2024\/10\/siyah-logo-svg.svg","contentUrl":"http:\/\/denizcankizil.tr\/wp-content\/uploads\/2024\/10\/siyah-logo-svg.svg","width":1080,"height":1080,"caption":"Av. Deniz Can K\u0131z\u0131l"},"image":{"@id":"https:\/\/denizcankizil.tr\/de\/#\/schema\/logo\/image\/"}}]}},"_links":{"self":[{"href":"http:\/\/denizcankizil.tr\/en\/wp-json\/wp\/v2\/posts\/18896","targetHints":{"allow":["GET"]}}],"collection":[{"href":"http:\/\/denizcankizil.tr\/en\/wp-json\/wp\/v2\/posts"}],"about":[{"href":"http:\/\/denizcankizil.tr\/en\/wp-json\/wp\/v2\/types\/post"}],"replies":[{"embeddable":true,"href":"http:\/\/denizcankizil.tr\/en\/wp-json\/wp\/v2\/comments?post=18896"}],"version-history":[{"count":0,"href":"http:\/\/denizcankizil.tr\/en\/wp-json\/wp\/v2\/posts\/18896\/revisions"}],"wp:attachment":[{"href":"http:\/\/denizcankizil.tr\/en\/wp-json\/wp\/v2\/media?parent=18896"}],"wp:term":[{"taxonomy":"category","embeddable":true,"href":"http:\/\/denizcankizil.tr\/en\/wp-json\/wp\/v2\/categories?post=18896"},{"taxonomy":"post_tag","embeddable":true,"href":"http:\/\/denizcankizil.tr\/en\/wp-json\/wp\/v2\/tags?post=18896"}],"curies":[{"name":"wp","href":"https:\/\/api.w.org\/{rel}","templated":true}]}}