{"id":18691,"date":"2024-12-02T10:41:47","date_gmt":"2024-12-02T07:41:47","guid":{"rendered":"https:\/\/denizcankizil.tr\/uncategorized-tr\/kazayi-kendisinin-yapmadigini-soyledi\/"},"modified":"2024-12-02T10:41:47","modified_gmt":"2024-12-02T07:41:47","slug":"kazayi-kendisinin-yapmadigini-soyledi","status":"publish","type":"post","link":"http:\/\/denizcankizil.tr\/en\/haberler\/antalya\/kazayi-kendisinin-yapmadigini-soyledi\/","title":{"rendered":"Kazay\u0131 kendisinin yapmad\u0131\u011f\u0131n\u0131 s\u00f6yledi"},"content":{"rendered":"<p>Kaza, saat 16.00 s\u0131ralar\u0131nda Antalya&#8217;n\u0131n Konyaalt\u0131 il\u00e7esi G\u00fcrsu Mahallesi 336 sokak \u00fczerinde meydana geldi. Edinilen bilgiye g\u00f6re, sokak \u00fczerinde seyir halindeki 07 BDC 721 plakal\u0131 Citroen marka ara\u00e7 s\u00fcr\u00fcc\u00fcs\u00fcn\u00fcn direksiyon hakimiyetini kaybetmesi sonucu park halindeki 07 BOE 783 plakal\u0131 Opel marka araca, ard\u0131ndan da 07 LLR 11 plakal\u0131 araca \u00e7arpt\u0131ktan sonra takla atarak yan yatt\u0131. G\u00fcr\u00fclt\u00fcy\u00fc duyan \u00e7evredeki vatanda\u015flar\u0131n 112 Acil \u00c7a\u011fr\u0131 Merkezi&#8217;ne ihbar\u0131 ile olay yerine itfaiye ve polis ekipleri sevk edilirken ara\u00e7ta bulunan ve isminin Cemal A. oldu\u011fu \u00f6\u011frenilen \u015fah\u0131s vatanda\u015flar\u0131n yard\u0131m\u0131yla \u00e7\u0131kart\u0131ld\u0131. Trafik ekiplerinin kaza ile ilgili i\u015flemi s\u0131ras\u0131nda olay yerinden ayr\u0131lmak isteyen Cemal A.&#8217;ya polisler engel oldu.<\/p>\n<p>\u201cBen kullanm\u0131yordum\u201d diyerek alkol metreyi \u00fcflemedi<br \/>\nTrafik ekiplerine kazay\u0131 kendisinin yapmad\u0131\u011f\u0131n\u0131 s\u00fcr\u00fcc\u00fcn\u00fcn ka\u00e7t\u0131\u011f\u0131n\u0131 iddia eden Cemal A. alkol metreyi \u00fcflemeyi reddetti. Bunun \u00fczerine \u00e7evredeki g\u00f6rg\u00fcn tan\u0131klar\u0131n\u0131n ifadelerine ba\u015fvuran trafik ekipleri ara\u00e7tan bir ki\u015finin \u00e7\u0131kt\u0131\u011f\u0131n\u0131 belirledi. Arac\u0131 Cemal A.&#8217;n\u0131n kulland\u0131\u011f\u0131n\u0131n tespit edilmesi \u00fczerine \u015fahsa cezai i\u015flem uygulanarak ehliyetine el konuldu. Cemal A. ise polis ekibi taraf\u0131ndan i\u015flemleri i\u00e7in polis merkezine g\u00f6t\u00fcr\u00fcld\u00fc. Kazaya \u015fahit olan ve Cemal A.&#8217;y\u0131 ara\u00e7tan \u00e7\u0131kartanlardan Serdar \u00d6ney, taksi dura\u011f\u0131ndan oturduklar\u0131 s\u0131rada kazan\u0131n meydana geldi\u011fini belirterek, \u201cDurakta oturuyorduk, g\u00fcr\u00fclt\u00fcy\u00fc duyduk. F\u0131rlad\u0131k hemen yerimizden, bakt\u0131k ara\u00e7 yan yatm\u0131\u015ft\u0131. \u0130\u00e7inde bir ki\u015fi vard\u0131. Yard\u0131m ettik, \u015fahs\u0131 i\u00e7inden \u00e7\u0131kard\u0131k. \u0130ki araca \u00e7arpm\u0131\u015f. Ambulans ve itfaiyeye haber verdik, geldiler\u201d dedi. Kaza nedeniyle ara\u00e7tan yola s\u0131zan benzin ve ya\u011f belediye ekipleri taraf\u0131ndan kumla kapat\u0131l\u0131rken, Trafik ekiplerinin \u00e7al\u0131\u015fmas\u0131n\u0131n ard\u0131ndan ara\u00e7 \u00e7ekici yard\u0131m\u0131yla bulundu\u011fu yerden kald\u0131r\u0131ld\u0131.<\/p>\n<p>Kaynak: www.kanalv.com.tr Haber Sitesinden Al\u0131nm\u0131\u015ft\u0131r.<\/p>","protected":false},"excerpt":{"rendered":"<p>Kaza, saat 16.00 s\u0131ralar\u0131nda Antalya&#8217;n\u0131n Konyaalt\u0131 il\u00e7esi G\u00fcrsu Mahallesi 336 sokak \u00fczerinde meydana geldi. Edinilen bilgiye g\u00f6re, sokak \u00fczerinde seyir halindeki 07 BDC 721 plakal\u0131 Citroen marka ara\u00e7 s\u00fcr\u00fcc\u00fcs\u00fcn\u00fcn direksiyon hakimiyetini kaybetmesi sonucu park halindeki 07 BOE 783 plakal\u0131 Opel marka araca, ard\u0131ndan da 07 LLR 11 plakal\u0131 araca \u00e7arpt\u0131ktan sonra takla atarak yan yatt\u0131. G\u00fcr\u00fclt\u00fcy\u00fc duyan \u00e7evredeki vatanda\u015flar\u0131n 112 Acil \u00c7a\u011fr\u0131 Merkezi&#8217;ne ihbar\u0131 ile olay yerine itfaiye ve polis ekipleri sevk edilirken ara\u00e7ta bulunan ve isminin Cemal A. oldu\u011fu \u00f6\u011frenilen \u015fah\u0131s vatanda\u015flar\u0131n yard\u0131m\u0131yla \u00e7\u0131kart\u0131ld\u0131. Trafik ekiplerinin kaza ile ilgili i\u015flemi s\u0131ras\u0131nda olay yerinden ayr\u0131lmak isteyen Cemal A.&#8217;ya polisler engel oldu. \u201cBen kullanm\u0131yordum\u201d diyerek alkol metreyi \u00fcflemedi Trafik ekiplerine kazay\u0131 kendisinin yapmad\u0131\u011f\u0131n\u0131 s\u00fcr\u00fcc\u00fcn\u00fcn ka\u00e7t\u0131\u011f\u0131n\u0131 iddia eden Cemal A. alkol metreyi \u00fcflemeyi reddetti. Bunun \u00fczerine \u00e7evredeki g\u00f6rg\u00fcn tan\u0131klar\u0131n\u0131n ifadelerine ba\u015fvuran trafik ekipleri ara\u00e7tan bir ki\u015finin \u00e7\u0131kt\u0131\u011f\u0131n\u0131 belirledi. Arac\u0131 Cemal A.&#8217;n\u0131n kulland\u0131\u011f\u0131n\u0131n tespit edilmesi \u00fczerine \u015fahsa cezai i\u015flem uygulanarak ehliyetine el konuldu. Cemal A. ise polis ekibi taraf\u0131ndan i\u015flemleri i\u00e7in polis merkezine g\u00f6t\u00fcr\u00fcld\u00fc. Kazaya \u015fahit olan ve Cemal A.&#8217;y\u0131 ara\u00e7tan \u00e7\u0131kartanlardan Serdar \u00d6ney, taksi dura\u011f\u0131ndan oturduklar\u0131 s\u0131rada kazan\u0131n meydana geldi\u011fini belirterek, \u201cDurakta oturuyorduk, g\u00fcr\u00fclt\u00fcy\u00fc duyduk. F\u0131rlad\u0131k hemen yerimizden, bakt\u0131k ara\u00e7 yan yatm\u0131\u015ft\u0131. \u0130\u00e7inde bir ki\u015fi vard\u0131. Yard\u0131m ettik, \u015fahs\u0131 i\u00e7inden \u00e7\u0131kard\u0131k. \u0130ki &hellip;<\/p>","protected":false},"author":0,"featured_media":18692,"comment_status":"open","ping_status":"open","sticky":false,"template":"","format":"standard","meta":{"_acf_changed":false,"footnotes":""},"categories":[26,535],"tags":[],"class_list":["post-18691","post","type-post","status-publish","format-standard","has-post-thumbnail","hentry","category-antalya","category-uncategorized-tr"],"acf":[],"yoast_head":"<!-- This site is optimized with the Yoast SEO Premium plugin v26.6 (Yoast SEO v27.1.1) - https:\/\/yoast.com\/product\/yoast-seo-premium-wordpress\/ -->\n<title>Kazay\u0131 kendisinin yapmad\u0131\u011f\u0131n\u0131 s\u00f6yledi - Av. Deniz Can K\u0131z\u0131l<\/title>\n<meta name=\"robots\" content=\"index, follow, max-snippet:-1, max-image-preview:large, max-video-preview:-1\" \/>\n<link rel=\"canonical\" href=\"http:\/\/denizcankizil.tr\/en\/haberler\/antalya\/kazayi-kendisinin-yapmadigini-soyledi\/\" \/>\n<meta property=\"og:locale\" content=\"en_GB\" \/>\n<meta property=\"og:type\" content=\"article\" \/>\n<meta property=\"og:title\" content=\"Kazay\u0131 kendisinin yapmad\u0131\u011f\u0131n\u0131 s\u00f6yledi\" \/>\n<meta property=\"og:description\" content=\"Kaza, saat 16.00 s\u0131ralar\u0131nda Antalya&#8217;n\u0131n Konyaalt\u0131 il\u00e7esi G\u00fcrsu Mahallesi 336 sokak \u00fczerinde meydana geldi. Edinilen bilgiye g\u00f6re, sokak \u00fczerinde seyir halindeki 07 BDC 721 plakal\u0131 Citroen marka ara\u00e7 s\u00fcr\u00fcc\u00fcs\u00fcn\u00fcn direksiyon hakimiyetini kaybetmesi sonucu park halindeki 07 BOE 783 plakal\u0131 Opel marka araca, ard\u0131ndan da 07 LLR 11 plakal\u0131 araca \u00e7arpt\u0131ktan sonra takla atarak yan yatt\u0131. G\u00fcr\u00fclt\u00fcy\u00fc duyan \u00e7evredeki vatanda\u015flar\u0131n 112 Acil \u00c7a\u011fr\u0131 Merkezi&#8217;ne ihbar\u0131 ile olay yerine itfaiye ve polis ekipleri sevk edilirken ara\u00e7ta bulunan ve isminin Cemal A. oldu\u011fu \u00f6\u011frenilen \u015fah\u0131s vatanda\u015flar\u0131n yard\u0131m\u0131yla \u00e7\u0131kart\u0131ld\u0131. Trafik ekiplerinin kaza ile ilgili i\u015flemi s\u0131ras\u0131nda olay yerinden ayr\u0131lmak isteyen Cemal A.&#8217;ya polisler engel oldu. \u201cBen kullanm\u0131yordum\u201d diyerek alkol metreyi \u00fcflemedi Trafik ekiplerine kazay\u0131 kendisinin yapmad\u0131\u011f\u0131n\u0131 s\u00fcr\u00fcc\u00fcn\u00fcn ka\u00e7t\u0131\u011f\u0131n\u0131 iddia eden Cemal A. alkol metreyi \u00fcflemeyi reddetti. Bunun \u00fczerine \u00e7evredeki g\u00f6rg\u00fcn tan\u0131klar\u0131n\u0131n ifadelerine ba\u015fvuran trafik ekipleri ara\u00e7tan bir ki\u015finin \u00e7\u0131kt\u0131\u011f\u0131n\u0131 belirledi. Arac\u0131 Cemal A.&#8217;n\u0131n kulland\u0131\u011f\u0131n\u0131n tespit edilmesi \u00fczerine \u015fahsa cezai i\u015flem uygulanarak ehliyetine el konuldu. Cemal A. ise polis ekibi taraf\u0131ndan i\u015flemleri i\u00e7in polis merkezine g\u00f6t\u00fcr\u00fcld\u00fc. Kazaya \u015fahit olan ve Cemal A.&#8217;y\u0131 ara\u00e7tan \u00e7\u0131kartanlardan Serdar \u00d6ney, taksi dura\u011f\u0131ndan oturduklar\u0131 s\u0131rada kazan\u0131n meydana geldi\u011fini belirterek, \u201cDurakta oturuyorduk, g\u00fcr\u00fclt\u00fcy\u00fc duyduk. F\u0131rlad\u0131k hemen yerimizden, bakt\u0131k ara\u00e7 yan yatm\u0131\u015ft\u0131. \u0130\u00e7inde bir ki\u015fi vard\u0131. Yard\u0131m ettik, \u015fahs\u0131 i\u00e7inden \u00e7\u0131kard\u0131k. \u0130ki &hellip;\" \/>\n<meta property=\"og:url\" content=\"http:\/\/denizcankizil.tr\/en\/haberler\/antalya\/kazayi-kendisinin-yapmadigini-soyledi\/\" \/>\n<meta property=\"og:site_name\" content=\"Av. Deniz Can K\u0131z\u0131l\" \/>\n<meta property=\"article:published_time\" content=\"2024-12-02T07:41:47+00:00\" \/>\n<meta property=\"og:image\" content=\"http:\/\/denizcankizil.tr\/wp-content\/uploads\/2024\/12\/3366-01-1kNUL3.jpeg\" \/>\n\t<meta property=\"og:image:width\" content=\"1280\" \/>\n\t<meta property=\"og:image:height\" content=\"720\" \/>\n\t<meta property=\"og:image:type\" content=\"image\/jpeg\" \/>\n<meta name=\"twitter:card\" content=\"summary_large_image\" \/>\n<meta name=\"twitter:label1\" content=\"Estimated reading time\" \/>\n\t<meta name=\"twitter:data1\" content=\"2 minutes\" \/>\n<script type=\"application\/ld+json\" class=\"yoast-schema-graph\">{\"@context\":\"https:\/\/schema.org\",\"@graph\":[{\"@type\":\"Article\",\"@id\":\"http:\/\/denizcankizil.tr\/de\/haberler\/antalya\/kazayi-kendisinin-yapmadigini-soyledi\/#article\",\"isPartOf\":{\"@id\":\"http:\/\/denizcankizil.tr\/de\/haberler\/antalya\/kazayi-kendisinin-yapmadigini-soyledi\/\"},\"author\":{\"name\":\"\",\"@id\":\"\"},\"headline\":\"Kazay\u0131 kendisinin yapmad\u0131\u011f\u0131n\u0131 s\u00f6yledi\",\"datePublished\":\"2024-12-02T07:41:47+00:00\",\"mainEntityOfPage\":{\"@id\":\"http:\/\/denizcankizil.tr\/de\/haberler\/antalya\/kazayi-kendisinin-yapmadigini-soyledi\/\"},\"wordCount\":333,\"commentCount\":0,\"publisher\":{\"@id\":\"https:\/\/denizcankizil.tr\/de\/#organization\"},\"image\":{\"@id\":\"http:\/\/denizcankizil.tr\/de\/haberler\/antalya\/kazayi-kendisinin-yapmadigini-soyledi\/#primaryimage\"},\"thumbnailUrl\":\"http:\/\/denizcankizil.tr\/wp-content\/uploads\/2024\/12\/3366-01-1kNUL3.jpeg\",\"articleSection\":[\"Antalya\",\"Uncategorized\"],\"inLanguage\":\"en-GB\",\"potentialAction\":[{\"@type\":\"CommentAction\",\"name\":\"Comment\",\"target\":[\"http:\/\/denizcankizil.tr\/de\/haberler\/antalya\/kazayi-kendisinin-yapmadigini-soyledi\/#respond\"]}]},{\"@type\":\"WebPage\",\"@id\":\"http:\/\/denizcankizil.tr\/de\/haberler\/antalya\/kazayi-kendisinin-yapmadigini-soyledi\/\",\"url\":\"http:\/\/denizcankizil.tr\/de\/haberler\/antalya\/kazayi-kendisinin-yapmadigini-soyledi\/\",\"name\":\"Kazay\u0131 kendisinin yapmad\u0131\u011f\u0131n\u0131 s\u00f6yledi - Av. Deniz Can K\u0131z\u0131l\",\"isPartOf\":{\"@id\":\"https:\/\/denizcankizil.tr\/de\/#website\"},\"primaryImageOfPage\":{\"@id\":\"http:\/\/denizcankizil.tr\/de\/haberler\/antalya\/kazayi-kendisinin-yapmadigini-soyledi\/#primaryimage\"},\"image\":{\"@id\":\"http:\/\/denizcankizil.tr\/de\/haberler\/antalya\/kazayi-kendisinin-yapmadigini-soyledi\/#primaryimage\"},\"thumbnailUrl\":\"http:\/\/denizcankizil.tr\/wp-content\/uploads\/2024\/12\/3366-01-1kNUL3.jpeg\",\"datePublished\":\"2024-12-02T07:41:47+00:00\",\"breadcrumb\":{\"@id\":\"http:\/\/denizcankizil.tr\/de\/haberler\/antalya\/kazayi-kendisinin-yapmadigini-soyledi\/#breadcrumb\"},\"inLanguage\":\"en-GB\",\"potentialAction\":[{\"@type\":\"ReadAction\",\"target\":[\"http:\/\/denizcankizil.tr\/de\/haberler\/antalya\/kazayi-kendisinin-yapmadigini-soyledi\/\"]}]},{\"@type\":\"ImageObject\",\"inLanguage\":\"en-GB\",\"@id\":\"http:\/\/denizcankizil.tr\/de\/haberler\/antalya\/kazayi-kendisinin-yapmadigini-soyledi\/#primaryimage\",\"url\":\"http:\/\/denizcankizil.tr\/wp-content\/uploads\/2024\/12\/3366-01-1kNUL3.jpeg\",\"contentUrl\":\"http:\/\/denizcankizil.tr\/wp-content\/uploads\/2024\/12\/3366-01-1kNUL3.jpeg\",\"width\":1280,\"height\":720},{\"@type\":\"BreadcrumbList\",\"@id\":\"http:\/\/denizcankizil.tr\/de\/haberler\/antalya\/kazayi-kendisinin-yapmadigini-soyledi\/#breadcrumb\",\"itemListElement\":[{\"@type\":\"ListItem\",\"position\":1,\"name\":\"Home\",\"item\":\"https:\/\/denizcankizil.tr\/de\/\"},{\"@type\":\"ListItem\",\"position\":2,\"name\":\"Kazay\u0131 kendisinin yapmad\u0131\u011f\u0131n\u0131 s\u00f6yledi\"}]},{\"@type\":\"WebSite\",\"@id\":\"https:\/\/denizcankizil.tr\/de\/#website\",\"url\":\"https:\/\/denizcankizil.tr\/de\/\",\"name\":\"Av. Deniz Can K\u0131z\u0131l\",\"description\":\"Avukat Deniz Can K\u0131z\u0131l Antalya Barosu\",\"publisher\":{\"@id\":\"https:\/\/denizcankizil.tr\/de\/#organization\"},\"potentialAction\":[{\"@type\":\"SearchAction\",\"target\":{\"@type\":\"EntryPoint\",\"urlTemplate\":\"https:\/\/denizcankizil.tr\/de\/?s={search_term_string}\"},\"query-input\":{\"@type\":\"PropertyValueSpecification\",\"valueRequired\":true,\"valueName\":\"search_term_string\"}}],\"inLanguage\":\"en-GB\"},{\"@type\":\"Organization\",\"@id\":\"https:\/\/denizcankizil.tr\/de\/#organization\",\"name\":\"Av. Deniz Can K\u0131z\u0131l\",\"url\":\"https:\/\/denizcankizil.tr\/de\/\",\"logo\":{\"@type\":\"ImageObject\",\"inLanguage\":\"en-GB\",\"@id\":\"https:\/\/denizcankizil.tr\/de\/#\/schema\/logo\/image\/\",\"url\":\"http:\/\/denizcankizil.tr\/wp-content\/uploads\/2024\/10\/siyah-logo-svg.svg\",\"contentUrl\":\"http:\/\/denizcankizil.tr\/wp-content\/uploads\/2024\/10\/siyah-logo-svg.svg\",\"width\":1080,\"height\":1080,\"caption\":\"Av. Deniz Can K\u0131z\u0131l\"},\"image\":{\"@id\":\"https:\/\/denizcankizil.tr\/de\/#\/schema\/logo\/image\/\"}}]}<\/script>\n<!-- \/ Yoast SEO Premium plugin. -->","yoast_head_json":{"title":"Kazay\u0131 kendisinin yapmad\u0131\u011f\u0131n\u0131 s\u00f6yledi - Av. Deniz Can K\u0131z\u0131l","robots":{"index":"index","follow":"follow","max-snippet":"max-snippet:-1","max-image-preview":"max-image-preview:large","max-video-preview":"max-video-preview:-1"},"canonical":"http:\/\/denizcankizil.tr\/en\/haberler\/antalya\/kazayi-kendisinin-yapmadigini-soyledi\/","og_locale":"en_GB","og_type":"article","og_title":"Kazay\u0131 kendisinin yapmad\u0131\u011f\u0131n\u0131 s\u00f6yledi","og_description":"Kaza, saat 16.00 s\u0131ralar\u0131nda Antalya&#8217;n\u0131n Konyaalt\u0131 il\u00e7esi G\u00fcrsu Mahallesi 336 sokak \u00fczerinde meydana geldi. Edinilen bilgiye g\u00f6re, sokak \u00fczerinde seyir halindeki 07 BDC 721 plakal\u0131 Citroen marka ara\u00e7 s\u00fcr\u00fcc\u00fcs\u00fcn\u00fcn direksiyon hakimiyetini kaybetmesi sonucu park halindeki 07 BOE 783 plakal\u0131 Opel marka araca, ard\u0131ndan da 07 LLR 11 plakal\u0131 araca \u00e7arpt\u0131ktan sonra takla atarak yan yatt\u0131. G\u00fcr\u00fclt\u00fcy\u00fc duyan \u00e7evredeki vatanda\u015flar\u0131n 112 Acil \u00c7a\u011fr\u0131 Merkezi&#8217;ne ihbar\u0131 ile olay yerine itfaiye ve polis ekipleri sevk edilirken ara\u00e7ta bulunan ve isminin Cemal A. oldu\u011fu \u00f6\u011frenilen \u015fah\u0131s vatanda\u015flar\u0131n yard\u0131m\u0131yla \u00e7\u0131kart\u0131ld\u0131. Trafik ekiplerinin kaza ile ilgili i\u015flemi s\u0131ras\u0131nda olay yerinden ayr\u0131lmak isteyen Cemal A.&#8217;ya polisler engel oldu. \u201cBen kullanm\u0131yordum\u201d diyerek alkol metreyi \u00fcflemedi Trafik ekiplerine kazay\u0131 kendisinin yapmad\u0131\u011f\u0131n\u0131 s\u00fcr\u00fcc\u00fcn\u00fcn ka\u00e7t\u0131\u011f\u0131n\u0131 iddia eden Cemal A. alkol metreyi \u00fcflemeyi reddetti. Bunun \u00fczerine \u00e7evredeki g\u00f6rg\u00fcn tan\u0131klar\u0131n\u0131n ifadelerine ba\u015fvuran trafik ekipleri ara\u00e7tan bir ki\u015finin \u00e7\u0131kt\u0131\u011f\u0131n\u0131 belirledi. Arac\u0131 Cemal A.&#8217;n\u0131n kulland\u0131\u011f\u0131n\u0131n tespit edilmesi \u00fczerine \u015fahsa cezai i\u015flem uygulanarak ehliyetine el konuldu. Cemal A. ise polis ekibi taraf\u0131ndan i\u015flemleri i\u00e7in polis merkezine g\u00f6t\u00fcr\u00fcld\u00fc. Kazaya \u015fahit olan ve Cemal A.&#8217;y\u0131 ara\u00e7tan \u00e7\u0131kartanlardan Serdar \u00d6ney, taksi dura\u011f\u0131ndan oturduklar\u0131 s\u0131rada kazan\u0131n meydana geldi\u011fini belirterek, \u201cDurakta oturuyorduk, g\u00fcr\u00fclt\u00fcy\u00fc duyduk. F\u0131rlad\u0131k hemen yerimizden, bakt\u0131k ara\u00e7 yan yatm\u0131\u015ft\u0131. \u0130\u00e7inde bir ki\u015fi vard\u0131. Yard\u0131m ettik, \u015fahs\u0131 i\u00e7inden \u00e7\u0131kard\u0131k. \u0130ki &hellip;","og_url":"http:\/\/denizcankizil.tr\/en\/haberler\/antalya\/kazayi-kendisinin-yapmadigini-soyledi\/","og_site_name":"Av. Deniz Can K\u0131z\u0131l","article_published_time":"2024-12-02T07:41:47+00:00","og_image":[{"width":1280,"height":720,"url":"http:\/\/denizcankizil.tr\/wp-content\/uploads\/2024\/12\/3366-01-1kNUL3.jpeg","type":"image\/jpeg"}],"twitter_card":"summary_large_image","twitter_misc":{"Estimated reading time":"2 minutes"},"schema":{"@context":"https:\/\/schema.org","@graph":[{"@type":"Article","@id":"http:\/\/denizcankizil.tr\/de\/haberler\/antalya\/kazayi-kendisinin-yapmadigini-soyledi\/#article","isPartOf":{"@id":"http:\/\/denizcankizil.tr\/de\/haberler\/antalya\/kazayi-kendisinin-yapmadigini-soyledi\/"},"author":{"name":"","@id":""},"headline":"Kazay\u0131 kendisinin yapmad\u0131\u011f\u0131n\u0131 s\u00f6yledi","datePublished":"2024-12-02T07:41:47+00:00","mainEntityOfPage":{"@id":"http:\/\/denizcankizil.tr\/de\/haberler\/antalya\/kazayi-kendisinin-yapmadigini-soyledi\/"},"wordCount":333,"commentCount":0,"publisher":{"@id":"https:\/\/denizcankizil.tr\/de\/#organization"},"image":{"@id":"http:\/\/denizcankizil.tr\/de\/haberler\/antalya\/kazayi-kendisinin-yapmadigini-soyledi\/#primaryimage"},"thumbnailUrl":"http:\/\/denizcankizil.tr\/wp-content\/uploads\/2024\/12\/3366-01-1kNUL3.jpeg","articleSection":["Antalya","Uncategorized"],"inLanguage":"en-GB","potentialAction":[{"@type":"CommentAction","name":"Comment","target":["http:\/\/denizcankizil.tr\/de\/haberler\/antalya\/kazayi-kendisinin-yapmadigini-soyledi\/#respond"]}]},{"@type":"WebPage","@id":"http:\/\/denizcankizil.tr\/de\/haberler\/antalya\/kazayi-kendisinin-yapmadigini-soyledi\/","url":"http:\/\/denizcankizil.tr\/de\/haberler\/antalya\/kazayi-kendisinin-yapmadigini-soyledi\/","name":"Kazay\u0131 kendisinin yapmad\u0131\u011f\u0131n\u0131 s\u00f6yledi - Av. Deniz Can K\u0131z\u0131l","isPartOf":{"@id":"https:\/\/denizcankizil.tr\/de\/#website"},"primaryImageOfPage":{"@id":"http:\/\/denizcankizil.tr\/de\/haberler\/antalya\/kazayi-kendisinin-yapmadigini-soyledi\/#primaryimage"},"image":{"@id":"http:\/\/denizcankizil.tr\/de\/haberler\/antalya\/kazayi-kendisinin-yapmadigini-soyledi\/#primaryimage"},"thumbnailUrl":"http:\/\/denizcankizil.tr\/wp-content\/uploads\/2024\/12\/3366-01-1kNUL3.jpeg","datePublished":"2024-12-02T07:41:47+00:00","breadcrumb":{"@id":"http:\/\/denizcankizil.tr\/de\/haberler\/antalya\/kazayi-kendisinin-yapmadigini-soyledi\/#breadcrumb"},"inLanguage":"en-GB","potentialAction":[{"@type":"ReadAction","target":["http:\/\/denizcankizil.tr\/de\/haberler\/antalya\/kazayi-kendisinin-yapmadigini-soyledi\/"]}]},{"@type":"ImageObject","inLanguage":"en-GB","@id":"http:\/\/denizcankizil.tr\/de\/haberler\/antalya\/kazayi-kendisinin-yapmadigini-soyledi\/#primaryimage","url":"http:\/\/denizcankizil.tr\/wp-content\/uploads\/2024\/12\/3366-01-1kNUL3.jpeg","contentUrl":"http:\/\/denizcankizil.tr\/wp-content\/uploads\/2024\/12\/3366-01-1kNUL3.jpeg","width":1280,"height":720},{"@type":"BreadcrumbList","@id":"http:\/\/denizcankizil.tr\/de\/haberler\/antalya\/kazayi-kendisinin-yapmadigini-soyledi\/#breadcrumb","itemListElement":[{"@type":"ListItem","position":1,"name":"Home","item":"https:\/\/denizcankizil.tr\/de\/"},{"@type":"ListItem","position":2,"name":"Kazay\u0131 kendisinin yapmad\u0131\u011f\u0131n\u0131 s\u00f6yledi"}]},{"@type":"WebSite","@id":"https:\/\/denizcankizil.tr\/de\/#website","url":"https:\/\/denizcankizil.tr\/de\/","name":"Av. Deniz Can K\u0131z\u0131l","description":"Avukat Deniz Can K\u0131z\u0131l Antalya Barosu","publisher":{"@id":"https:\/\/denizcankizil.tr\/de\/#organization"},"potentialAction":[{"@type":"SearchAction","target":{"@type":"EntryPoint","urlTemplate":"https:\/\/denizcankizil.tr\/de\/?s={search_term_string}"},"query-input":{"@type":"PropertyValueSpecification","valueRequired":true,"valueName":"search_term_string"}}],"inLanguage":"en-GB"},{"@type":"Organization","@id":"https:\/\/denizcankizil.tr\/de\/#organization","name":"Av. Deniz Can K\u0131z\u0131l","url":"https:\/\/denizcankizil.tr\/de\/","logo":{"@type":"ImageObject","inLanguage":"en-GB","@id":"https:\/\/denizcankizil.tr\/de\/#\/schema\/logo\/image\/","url":"http:\/\/denizcankizil.tr\/wp-content\/uploads\/2024\/10\/siyah-logo-svg.svg","contentUrl":"http:\/\/denizcankizil.tr\/wp-content\/uploads\/2024\/10\/siyah-logo-svg.svg","width":1080,"height":1080,"caption":"Av. Deniz Can K\u0131z\u0131l"},"image":{"@id":"https:\/\/denizcankizil.tr\/de\/#\/schema\/logo\/image\/"}}]}},"_links":{"self":[{"href":"http:\/\/denizcankizil.tr\/en\/wp-json\/wp\/v2\/posts\/18691","targetHints":{"allow":["GET"]}}],"collection":[{"href":"http:\/\/denizcankizil.tr\/en\/wp-json\/wp\/v2\/posts"}],"about":[{"href":"http:\/\/denizcankizil.tr\/en\/wp-json\/wp\/v2\/types\/post"}],"replies":[{"embeddable":true,"href":"http:\/\/denizcankizil.tr\/en\/wp-json\/wp\/v2\/comments?post=18691"}],"version-history":[{"count":0,"href":"http:\/\/denizcankizil.tr\/en\/wp-json\/wp\/v2\/posts\/18691\/revisions"}],"wp:featuredmedia":[{"embeddable":true,"href":"http:\/\/denizcankizil.tr\/en\/wp-json\/wp\/v2\/media\/18692"}],"wp:attachment":[{"href":"http:\/\/denizcankizil.tr\/en\/wp-json\/wp\/v2\/media?parent=18691"}],"wp:term":[{"taxonomy":"category","embeddable":true,"href":"http:\/\/denizcankizil.tr\/en\/wp-json\/wp\/v2\/categories?post=18691"},{"taxonomy":"post_tag","embeddable":true,"href":"http:\/\/denizcankizil.tr\/en\/wp-json\/wp\/v2\/tags?post=18691"}],"curies":[{"name":"wp","href":"https:\/\/api.w.org\/{rel}","templated":true}]}}