{"id":18568,"date":"2024-12-01T12:41:17","date_gmt":"2024-12-01T09:41:17","guid":{"rendered":"https:\/\/denizcankizil.tr\/uncategorized-tr\/antalyada-deprem-gercegi-dilimizde-tuy-bitti-yetkililer-de-anlasin\/"},"modified":"2024-12-01T12:41:17","modified_gmt":"2024-12-01T09:41:17","slug":"antalyada-deprem-gercegi-dilimizde-tuy-bitti-yetkililer-de-anlasin","status":"publish","type":"post","link":"http:\/\/denizcankizil.tr\/en\/haberler\/gundem\/antalyada-deprem-gercegi-dilimizde-tuy-bitti-yetkililer-de-anlasin\/","title":{"rendered":"Antalya\u2019da deprem ger\u00e7e\u011fi: \u201cDilimizde t\u00fcy bitti, yetkililer de anlas\u0131n\u201d"},"content":{"rendered":"<p>Antalya\u2019da Gazipa\u015fa a\u00e7\u0131klar\u0131nda meydana gelen 4.8 b\u00fcy\u00fckl\u00fc\u011f\u00fcndeki deprem, kentte ya\u015fayan binlerce ki\u015fiyi tedirgin etti. Depremin merkez \u00fcss\u00fc Akdeniz a\u00e7\u0131klar\u0131nda yer al\u0131rken, sars\u0131nt\u0131 \u00f6zellikle k\u0131y\u0131 b\u00f6lgelerinde ve \u00e7evre il\u00e7elerde hissedildi. Depremin yetkililere bir uyar\u0131 niteli\u011fi ta\u015f\u0131d\u0131\u011f\u0131n\u0131 ifade eden Jeoloji M\u00fchendisleri Odas\u0131 Antalya \u015eube Ba\u015fkan\u0131 Mustafa Karanc\u0131, \u201cFay hatlar\u0131n\u0131n depreme sebebiyet verebilece\u011fini her seferinde s\u00f6yl\u00fcyoruz. Bunlar\u0131 s\u00f6ylerken de art\u0131k ilimizde t\u00fcy bitti. Biz m\u00fchendisler faylarla konu\u015farak onlar\u0131n f\u0131s\u0131lt\u0131lar\u0131n\u0131 duyabiliyoruz. Bunu yetkililer de anlas\u0131n\u201d uyar\u0131s\u0131nda bulundu.<\/p>\n<p>GAZ\u0130PA\u015eA&#8217;DA 4.8 B\u00dcY\u00dcKL\u00dc\u011e\u00dcNDE DEPREM MEYDANA GELD\u0130\u00a0<\/p>\n<p>Antalya deprem ger\u00e7e\u011fi ile cuma ak\u015fam\u0131 bir kez daha y\u00fczle\u015fti. \u00a0AFAD&#8217;dan al\u0131nan bilgiye g\u00f6re, saat 22.13&#8217;te merkez \u00fcss\u00fc Antalya&#8217;n\u0131n Gazipa\u015fa il\u00e7esi a\u00e7\u0131klar\u0131nda 4.8 b\u00fcy\u00fckl\u00fc\u011f\u00fcnde bir deprem kaydedildi. Deprem yerin 34 kilometre derinli\u011finde meydana geldi. Deprem ba\u015fta do\u011fu il\u00e7eleri olmak \u00fczere kent merkezinin b\u00fcy\u00fck bir b\u00f6l\u00fcm\u00fcnde korku ve pani\u011fe neden oldu. \u00d6zellikle do\u011fu il\u00e7elerinde 5 saniye kadar s\u00fcrd\u00fc\u011f\u00fc ifade edilen depremin ard\u0131ndan vatanda\u015flar kendilerini d\u0131\u015far\u0131 att\u0131. Bir\u00e7ok vatanda\u015f\u0131n korkuyla gece boyunca evine girmedi\u011fi g\u00f6r\u00fcld\u00fc.\u00a0<\/p>\n<p>OLUMSUZLUK YA\u015eANMADI<\/p>\n<p>Antalya Valili\u011fi taraf\u0131ndan yap\u0131lan a\u00e7\u0131klamada, \u201cGazipa\u015fa il\u00e7emiz a\u00e7\u0131klar\u0131nda saat 22.13&#8217;de 4.8 b\u00fcy\u00fckl\u00fc\u011f\u00fcnde bir deprem meydana gelmi\u015ftir. \u015eu ana kadar intikal eden olumsuz bir durum yoktur. Saha taramalar\u0131m\u0131z devam etmektedir. Kamuoyuna duyurulur\u201d denildi. \u00a0B\u00fcy\u00fck\u015fehir Belediye Ba\u015fkan\u0131 Muhittin B\u00f6cek ise, \u201cAntalya\u2019m\u0131zda meydana gelen depremden etkilenen t\u00fcm vatanda\u015flar\u0131m\u0131za ge\u00e7mi\u015f olsun dileklerimi iletiyorum. Taraf\u0131m\u0131za gelen herhangi bir olumsuz ihbar yoktur\u201d ifadelerini kulland\u0131.\u00a0<\/p>\n<p>NAC\u0130 G\u00d6R\u00dcR UYARMI\u015eTI<\/p>\n<p>\u0130stanbul Teknik \u00dcniversitesi \u00d6\u011fretim \u00dcyesi, yer bilimci Prof. Dr. Naci G\u00f6r\u00fcr, bir hafta \u00f6nce Antalya b\u00f6lgesindeki faylar\u0131n 7 ve \u00fczeri deprem \u00fcretebilece\u011fini s\u00f6ylemi\u015fti. G\u00f6r\u00fcr, \u201cEr veya ge\u00e7, az veya \u00e7ok afetle y\u00fczle\u015fece\u011fiz gelin kentlerimizi afete diren\u00e7li hale getirelim, onu talep edelim. Antalya k\u00f6rfezde olu\u015fmu\u015f bir kent. Antalya\u2019n\u0131n, arazisinin \u00fczerinde oturdu\u011fu d\u00f6rt tane \u00e7ok \u00f6nemli fay sistemi var. Bunlardan birincisi Ak\u015fehir k\u00f6rfezin do\u011fusunda, ikincisi kuzeyin E\u011firdir fay sistemi, \u00f6b\u00fcr\u00fc bat\u0131s\u0131nda Fethiye- Burdur fay sistemi, g\u00fcneyinde ise K\u0131br\u0131s- Helen fay hatt\u0131. Bu sistemlerin hepsi 7 ve \u00fczeri deprem \u00fcretebilir. Ne zaman \u00fcretir, bilmiyoruz\u201d s\u00f6zlerine yer vermi\u015fti. \u00a0Bu kez de depremin hemen ard\u0131ndan X hesab\u0131ndan de\u011ferlendirmelerde bulunan G\u00f6r\u00fcr, \u201cHelen-K\u0131br\u0131s dalma-batma zonunda 5,2 deprem oldu. Dikkat ederseniz Antalya K\u00f6rfezi a\u00e7\u0131klar\u0131nda, ge\u00e7mi\u015f olsun\u201d dileklerini iletti.\u00a0<\/p>\n<p>PAN\u0130K OLU\u015eTURDU<\/p>\n<p>Depremin AFAD\u2019a g\u00f6re 4.8 b\u00fcy\u00fckl\u00fc\u011f\u00fcnde Kandilli Rasathanesine g\u00f6re ise 5.2 b\u00fcy\u00fckl\u00fc\u011f\u00fcnde meydana geldi\u011fini ifade eden Jeoloji M\u00fchendisleri Odas\u0131 Antalya \u015eube Ba\u015fkan\u0131 Mustafa Karanc\u0131, \u201cOrta \u015fiddetli bir deprem meydana geldi. Bu deprem bizim daha \u00f6nceden de s\u0131k s\u0131k dile getirdi\u011fimiz Afrika levhas\u0131n\u0131n K\u0131br\u0131s boyunca Anadolu levhas\u0131n\u0131n dalmas\u0131yla dalma batma s\u00fcrecinde geli\u015fen bir depremdir. Deprem Antalya\u2019n\u0131n il\u00e7elerinde ciddi bir \u015fekilde hissedilerek panik havas\u0131 olu\u015fturdu. Antalya&#8217;n\u0131n merkezinden ge\u00e7en bir fay hatt\u0131 olmasa dahi do\u011fusunda, bat\u0131s\u0131nda, kuzeyinde ve g\u00fcneyinde depremlerin var oldu\u011fu fay hatlar\u0131n\u0131n var oldu\u011funu ve bu fay hatlar\u0131n\u0131n depreme sebebiyet verebilece\u011fini her seferinde s\u00f6yl\u00fcyoruz. Bunlar\u0131 s\u00f6ylerken de art\u0131k ilimizde t\u00fcy bitti\u201d dedi.<\/p>\n<p>YETK\u0130L\u0130LERE UYARI\u00a0<\/p>\n<p>Depremin yetkililere bir uyar\u0131 niteli\u011finde oldu\u011funu ifade eden Karanc\u0131, \u201cBiz m\u00fchendisler faylarla konu\u015farak onlar\u0131n f\u0131s\u0131lt\u0131lar\u0131n\u0131 duyabiliyoruz. Bunu yetkililer de anlas\u0131n. \u00d6zellikle tar\u0131m arazilerinin yap\u0131la\u015fmaya a\u00e7\u0131lmas\u0131n\u0131n \u00f6n\u00fcne ge\u00e7ilmelidir. Yeteri kadar yap\u0131lar\u0131 denetlemeyen yap\u0131 denetim firmalar\u0131 kendilerini bir daha g\u00f6zden ge\u00e7irsinler. Zemin et\u00fctleri yerinde ve do\u011fru yap\u0131ls\u0131n. Yap\u0131lar diren\u00e7li hale getirilsin. Bunlar bize bir uyar\u0131d\u0131r. Kurumlar ge\u00e7mi\u015f olsun dileklerini iletti, biz de ayn\u0131 \u015fekilde kendilerine ge\u00e7mi\u015f olsun dileklerimizi iletiyoruz. Ama art\u0131k bir an \u00f6nce gerekli tedbir ve \u00f6nlemleri diren\u00e7li bir kentle\u015fme yolunda almalar\u0131 gerekti\u011fini de d\u00fc\u015f\u00fcn\u00fcyorum\u201d s\u00f6zlerine yer verdi.<\/p>\n<p>FELAKET KAPIMIZI \u00c7ALAR<\/p>\n<p>Antalya\u2019da b\u00fcy\u00fck bir depremin olmayaca\u011f\u0131 y\u00f6n\u00fcndeki alg\u0131y\u0131 de\u011ferlendiren Karanc\u0131, \u201cBen bunu deprem k\u00fclt\u00fcr\u00fcn\u00fcn olu\u015fmamas\u0131 ile ba\u011fda\u015ft\u0131r\u0131yorum. B\u00fcy\u00fck depremi ya\u015fan kentlerde ya\u015fayanlar da b\u00f6yle d\u00fc\u015f\u00fcn\u00fcyordu. Kahramanmara\u015f b\u00f6lgesindeki insanlar da D\u00fczce depremini ya\u015fayanlar da ayn\u0131 d\u00fc\u015f\u00fcncelere sahiplerdi. Ama bunlar \u00fclkenin deprem ger\u00e7e\u011fini maalesef de\u011fi\u015ftirmiyor. G\u00fcn gelir bu felaket bizim de kap\u0131m\u0131z\u0131 \u00e7alar. Ama o zaman zaman \u00e7ok ge\u00e7 olur. Belki de bunu \u00e7ocuk ya\u015flarda okul \u00e7a\u011flar\u0131nda \u00e7ocuklar\u0131m\u0131za a\u015f\u0131lamam\u0131z gerekiyor\u201d ifadelerine yer verdi.\u00a0<\/p>\n<p>DO\u011eRU Y\u00d6NTEM<\/p>\n<p>Ka\u00e7ak yap\u0131la\u015fman\u0131n \u00f6n\u00fcn\u00fc a\u00e7an, mevcut ka\u00e7ak yap\u0131lar\u0131n yasalla\u015ft\u0131\u011f\u0131 imar aff\u0131, imar bar\u0131\u015f\u0131 gibi uygulamalardan art\u0131k vazge\u00e7ilmesi gerekti\u011fini ifade eden TMMOB \u015eehir Planc\u0131lar\u0131 Odas\u0131 Antalya \u015eube Ba\u015fkan\u0131 Funda Y\u00f6r\u00fck ise, \u201cBu uygulamalar\u0131 tekrarlayarak vatanda\u015flar\u0131m\u0131z\u0131n hayat\u0131 tehlikeye at\u0131lmamal\u0131d\u0131r. B\u00f6lgelerde imar plan\u0131 \u00e7al\u0131\u015fmalar\u0131 yap\u0131l\u0131rken; bilimsel tespitler \u0131\u015f\u0131\u011f\u0131nda, yer se\u00e7im kriterlerinin hassasiyetle belirlenip, ranta en uygun alanlar de\u011fil, do\u011fayla bar\u0131\u015f\u0131k ya\u015famaya en uygun alanlar se\u00e7ilmelidir. Zor de\u011fil, depremlerle ya\u015fayan di\u011fer \u00fclkeler ve yapt\u0131klar\u0131 uygulamalar incelenmeli, \u00f6rnek al\u0131n\u0131p, bilimin \u0131\u015f\u0131\u011f\u0131nda do\u011fru y\u00f6ntemlerle \u00e7al\u0131\u015f\u0131lmal\u0131d\u0131r.\u201d dedi.\u00a0<br \/>\n\u00a0<\/p>\n<p>\u200bAntalya&#8217;n\u0131n Gazipa\u015fa il\u00e7esinde ge\u00e7ti\u011fimiz Cuma ak\u015fam\u0131 meydana gelen 4.8 b\u00fcy\u00fckl\u00fc\u011f\u00fcndeki deprem, bir kez daha deprem ger\u00e7e\u011fi ile y\u00fczle\u015fmemize neden oldu.  Vatanda\u015flar\u0131 endi\u015felendiren depreme kar\u015f\u0131 \u00f6nlem al\u0131nmas\u0131 \u00e7a\u011fr\u0131lar\u0131n\u0131 yineleyen uzmanlar, &#8220;Dilimizde t\u00fcy bitti. Yetkililerde de anlas\u0131n.\u201d dedi.\u00a0<\/p>\n<p>\u200bHaberin Al\u0131nt\u0131land\u0131\u011f\u0131 Kaynak: www.antalyakorfez.com<\/p>","protected":false},"excerpt":{"rendered":"<p>Antalya\u2019da Gazipa\u015fa a\u00e7\u0131klar\u0131nda meydana gelen 4.8 b\u00fcy\u00fckl\u00fc\u011f\u00fcndeki deprem, kentte ya\u015fayan binlerce ki\u015fiyi tedirgin etti. Depremin merkez \u00fcss\u00fc Akdeniz a\u00e7\u0131klar\u0131nda yer al\u0131rken, sars\u0131nt\u0131 \u00f6zellikle k\u0131y\u0131 b\u00f6lgelerinde ve \u00e7evre il\u00e7elerde hissedildi. Depremin yetkililere bir uyar\u0131 niteli\u011fi ta\u015f\u0131d\u0131\u011f\u0131n\u0131 ifade eden Jeoloji M\u00fchendisleri Odas\u0131 Antalya \u015eube Ba\u015fkan\u0131 Mustafa Karanc\u0131, \u201cFay hatlar\u0131n\u0131n depreme sebebiyet verebilece\u011fini her seferinde s\u00f6yl\u00fcyoruz. Bunlar\u0131 s\u00f6ylerken de art\u0131k ilimizde t\u00fcy bitti. Biz m\u00fchendisler faylarla konu\u015farak onlar\u0131n f\u0131s\u0131lt\u0131lar\u0131n\u0131 duyabiliyoruz. Bunu yetkililer de anlas\u0131n\u201d uyar\u0131s\u0131nda bulundu. GAZ\u0130PA\u015eA&#8217;DA 4.8 B\u00dcY\u00dcKL\u00dc\u011e\u00dcNDE DEPREM MEYDANA GELD\u0130\u00a0 Antalya deprem ger\u00e7e\u011fi ile cuma ak\u015fam\u0131 bir kez daha y\u00fczle\u015fti. \u00a0AFAD&#8217;dan al\u0131nan bilgiye g\u00f6re, saat 22.13&#8217;te merkez \u00fcss\u00fc Antalya&#8217;n\u0131n Gazipa\u015fa il\u00e7esi a\u00e7\u0131klar\u0131nda 4.8 b\u00fcy\u00fckl\u00fc\u011f\u00fcnde bir deprem kaydedildi. Deprem yerin 34 kilometre derinli\u011finde meydana geldi. Deprem ba\u015fta do\u011fu il\u00e7eleri olmak \u00fczere kent merkezinin b\u00fcy\u00fck bir b\u00f6l\u00fcm\u00fcnde korku ve pani\u011fe neden oldu. \u00d6zellikle do\u011fu il\u00e7elerinde 5 saniye kadar s\u00fcrd\u00fc\u011f\u00fc ifade edilen depremin ard\u0131ndan vatanda\u015flar kendilerini d\u0131\u015far\u0131 att\u0131. Bir\u00e7ok vatanda\u015f\u0131n korkuyla gece boyunca evine girmedi\u011fi g\u00f6r\u00fcld\u00fc.\u00a0 OLUMSUZLUK YA\u015eANMADI Antalya Valili\u011fi taraf\u0131ndan yap\u0131lan a\u00e7\u0131klamada, \u201cGazipa\u015fa il\u00e7emiz a\u00e7\u0131klar\u0131nda saat 22.13&#8217;de 4.8 b\u00fcy\u00fckl\u00fc\u011f\u00fcnde bir deprem meydana gelmi\u015ftir. \u015eu ana kadar intikal eden olumsuz bir durum yoktur. Saha taramalar\u0131m\u0131z devam etmektedir. Kamuoyuna duyurulur\u201d denildi. \u00a0B\u00fcy\u00fck\u015fehir Belediye Ba\u015fkan\u0131 Muhittin B\u00f6cek ise, \u201cAntalya\u2019m\u0131zda meydana gelen depremden etkilenen t\u00fcm vatanda\u015flar\u0131m\u0131za ge\u00e7mi\u015f &hellip;<\/p>","protected":false},"author":0,"featured_media":0,"comment_status":"open","ping_status":"open","sticky":false,"template":"","format":"standard","meta":{"_acf_changed":false,"footnotes":""},"categories":[24,535],"tags":[],"class_list":["post-18568","post","type-post","status-publish","format-standard","has-post-thumbnail","hentry","category-gundem","category-uncategorized-tr"],"acf":[],"yoast_head":"<!-- This site is optimized with the Yoast SEO Premium plugin v26.6 (Yoast SEO v27.1.1) - https:\/\/yoast.com\/product\/yoast-seo-premium-wordpress\/ -->\n<title>Antalya\u2019da deprem ger\u00e7e\u011fi: \u201cDilimizde t\u00fcy bitti, yetkililer de anlas\u0131n\u201d - Av. Deniz Can K\u0131z\u0131l<\/title>\n<meta name=\"robots\" content=\"index, follow, max-snippet:-1, max-image-preview:large, max-video-preview:-1\" \/>\n<link rel=\"canonical\" href=\"http:\/\/denizcankizil.tr\/en\/haberler\/gundem\/antalyada-deprem-gercegi-dilimizde-tuy-bitti-yetkililer-de-anlasin\/\" \/>\n<meta property=\"og:locale\" content=\"en_GB\" \/>\n<meta property=\"og:type\" content=\"article\" \/>\n<meta property=\"og:title\" content=\"Antalya\u2019da deprem ger\u00e7e\u011fi: \u201cDilimizde t\u00fcy bitti, yetkililer de anlas\u0131n\u201d\" \/>\n<meta property=\"og:description\" content=\"Antalya\u2019da Gazipa\u015fa a\u00e7\u0131klar\u0131nda meydana gelen 4.8 b\u00fcy\u00fckl\u00fc\u011f\u00fcndeki deprem, kentte ya\u015fayan binlerce ki\u015fiyi tedirgin etti. Depremin merkez \u00fcss\u00fc Akdeniz a\u00e7\u0131klar\u0131nda yer al\u0131rken, sars\u0131nt\u0131 \u00f6zellikle k\u0131y\u0131 b\u00f6lgelerinde ve \u00e7evre il\u00e7elerde hissedildi. Depremin yetkililere bir uyar\u0131 niteli\u011fi ta\u015f\u0131d\u0131\u011f\u0131n\u0131 ifade eden Jeoloji M\u00fchendisleri Odas\u0131 Antalya \u015eube Ba\u015fkan\u0131 Mustafa Karanc\u0131, \u201cFay hatlar\u0131n\u0131n depreme sebebiyet verebilece\u011fini her seferinde s\u00f6yl\u00fcyoruz. Bunlar\u0131 s\u00f6ylerken de art\u0131k ilimizde t\u00fcy bitti. Biz m\u00fchendisler faylarla konu\u015farak onlar\u0131n f\u0131s\u0131lt\u0131lar\u0131n\u0131 duyabiliyoruz. Bunu yetkililer de anlas\u0131n\u201d uyar\u0131s\u0131nda bulundu. GAZ\u0130PA\u015eA&#8217;DA 4.8 B\u00dcY\u00dcKL\u00dc\u011e\u00dcNDE DEPREM MEYDANA GELD\u0130\u00a0 Antalya deprem ger\u00e7e\u011fi ile cuma ak\u015fam\u0131 bir kez daha y\u00fczle\u015fti. \u00a0AFAD&#8217;dan al\u0131nan bilgiye g\u00f6re, saat 22.13&#8217;te merkez \u00fcss\u00fc Antalya&#8217;n\u0131n Gazipa\u015fa il\u00e7esi a\u00e7\u0131klar\u0131nda 4.8 b\u00fcy\u00fckl\u00fc\u011f\u00fcnde bir deprem kaydedildi. Deprem yerin 34 kilometre derinli\u011finde meydana geldi. Deprem ba\u015fta do\u011fu il\u00e7eleri olmak \u00fczere kent merkezinin b\u00fcy\u00fck bir b\u00f6l\u00fcm\u00fcnde korku ve pani\u011fe neden oldu. \u00d6zellikle do\u011fu il\u00e7elerinde 5 saniye kadar s\u00fcrd\u00fc\u011f\u00fc ifade edilen depremin ard\u0131ndan vatanda\u015flar kendilerini d\u0131\u015far\u0131 att\u0131. Bir\u00e7ok vatanda\u015f\u0131n korkuyla gece boyunca evine girmedi\u011fi g\u00f6r\u00fcld\u00fc.\u00a0 OLUMSUZLUK YA\u015eANMADI Antalya Valili\u011fi taraf\u0131ndan yap\u0131lan a\u00e7\u0131klamada, \u201cGazipa\u015fa il\u00e7emiz a\u00e7\u0131klar\u0131nda saat 22.13&#8217;de 4.8 b\u00fcy\u00fckl\u00fc\u011f\u00fcnde bir deprem meydana gelmi\u015ftir. \u015eu ana kadar intikal eden olumsuz bir durum yoktur. Saha taramalar\u0131m\u0131z devam etmektedir. Kamuoyuna duyurulur\u201d denildi. \u00a0B\u00fcy\u00fck\u015fehir Belediye Ba\u015fkan\u0131 Muhittin B\u00f6cek ise, \u201cAntalya\u2019m\u0131zda meydana gelen depremden etkilenen t\u00fcm vatanda\u015flar\u0131m\u0131za ge\u00e7mi\u015f &hellip;\" \/>\n<meta property=\"og:url\" content=\"http:\/\/denizcankizil.tr\/en\/haberler\/gundem\/antalyada-deprem-gercegi-dilimizde-tuy-bitti-yetkililer-de-anlasin\/\" \/>\n<meta property=\"og:site_name\" content=\"Av. Deniz Can K\u0131z\u0131l\" \/>\n<meta property=\"article:published_time\" content=\"2024-12-01T09:41:17+00:00\" \/>\n<meta name=\"twitter:card\" content=\"summary_large_image\" \/>\n<meta name=\"twitter:label1\" content=\"Estimated reading time\" \/>\n\t<meta name=\"twitter:data1\" content=\"5 minutes\" \/>\n<script type=\"application\/ld+json\" class=\"yoast-schema-graph\">{\"@context\":\"https:\/\/schema.org\",\"@graph\":[{\"@type\":\"Article\",\"@id\":\"http:\/\/denizcankizil.tr\/en\/haberler\/gundem\/antalyada-deprem-gercegi-dilimizde-tuy-bitti-yetkililer-de-anlasin\/#article\",\"isPartOf\":{\"@id\":\"http:\/\/denizcankizil.tr\/en\/haberler\/gundem\/antalyada-deprem-gercegi-dilimizde-tuy-bitti-yetkililer-de-anlasin\/\"},\"author\":{\"name\":\"\",\"@id\":\"\"},\"headline\":\"Antalya\u2019da deprem ger\u00e7e\u011fi: \u201cDilimizde t\u00fcy bitti, yetkililer de anlas\u0131n\u201d\",\"datePublished\":\"2024-12-01T09:41:17+00:00\",\"mainEntityOfPage\":{\"@id\":\"http:\/\/denizcankizil.tr\/en\/haberler\/gundem\/antalyada-deprem-gercegi-dilimizde-tuy-bitti-yetkililer-de-anlasin\/\"},\"wordCount\":1082,\"commentCount\":0,\"publisher\":{\"@id\":\"https:\/\/denizcankizil.tr\/de\/#organization\"},\"articleSection\":[\"G\u00fcndem\",\"Uncategorized\"],\"inLanguage\":\"en-GB\",\"potentialAction\":[{\"@type\":\"CommentAction\",\"name\":\"Comment\",\"target\":[\"http:\/\/denizcankizil.tr\/en\/haberler\/gundem\/antalyada-deprem-gercegi-dilimizde-tuy-bitti-yetkililer-de-anlasin\/#respond\"]}]},{\"@type\":\"WebPage\",\"@id\":\"http:\/\/denizcankizil.tr\/en\/haberler\/gundem\/antalyada-deprem-gercegi-dilimizde-tuy-bitti-yetkililer-de-anlasin\/\",\"url\":\"http:\/\/denizcankizil.tr\/en\/haberler\/gundem\/antalyada-deprem-gercegi-dilimizde-tuy-bitti-yetkililer-de-anlasin\/\",\"name\":\"Antalya\u2019da deprem ger\u00e7e\u011fi: \u201cDilimizde t\u00fcy bitti, yetkililer de anlas\u0131n\u201d - Av. Deniz Can K\u0131z\u0131l\",\"isPartOf\":{\"@id\":\"https:\/\/denizcankizil.tr\/de\/#website\"},\"datePublished\":\"2024-12-01T09:41:17+00:00\",\"breadcrumb\":{\"@id\":\"http:\/\/denizcankizil.tr\/en\/haberler\/gundem\/antalyada-deprem-gercegi-dilimizde-tuy-bitti-yetkililer-de-anlasin\/#breadcrumb\"},\"inLanguage\":\"en-GB\",\"potentialAction\":[{\"@type\":\"ReadAction\",\"target\":[\"http:\/\/denizcankizil.tr\/en\/haberler\/gundem\/antalyada-deprem-gercegi-dilimizde-tuy-bitti-yetkililer-de-anlasin\/\"]}]},{\"@type\":\"BreadcrumbList\",\"@id\":\"http:\/\/denizcankizil.tr\/en\/haberler\/gundem\/antalyada-deprem-gercegi-dilimizde-tuy-bitti-yetkililer-de-anlasin\/#breadcrumb\",\"itemListElement\":[{\"@type\":\"ListItem\",\"position\":1,\"name\":\"Home\",\"item\":\"https:\/\/denizcankizil.tr\/de\/\"},{\"@type\":\"ListItem\",\"position\":2,\"name\":\"Antalya\u2019da deprem ger\u00e7e\u011fi: \u201cDilimizde t\u00fcy bitti, yetkililer de anlas\u0131n\u201d\"}]},{\"@type\":\"WebSite\",\"@id\":\"https:\/\/denizcankizil.tr\/de\/#website\",\"url\":\"https:\/\/denizcankizil.tr\/de\/\",\"name\":\"Av. Deniz Can K\u0131z\u0131l\",\"description\":\"Avukat Deniz Can K\u0131z\u0131l Antalya Barosu\",\"publisher\":{\"@id\":\"https:\/\/denizcankizil.tr\/de\/#organization\"},\"potentialAction\":[{\"@type\":\"SearchAction\",\"target\":{\"@type\":\"EntryPoint\",\"urlTemplate\":\"https:\/\/denizcankizil.tr\/de\/?s={search_term_string}\"},\"query-input\":{\"@type\":\"PropertyValueSpecification\",\"valueRequired\":true,\"valueName\":\"search_term_string\"}}],\"inLanguage\":\"en-GB\"},{\"@type\":\"Organization\",\"@id\":\"https:\/\/denizcankizil.tr\/de\/#organization\",\"name\":\"Av. Deniz Can K\u0131z\u0131l\",\"url\":\"https:\/\/denizcankizil.tr\/de\/\",\"logo\":{\"@type\":\"ImageObject\",\"inLanguage\":\"en-GB\",\"@id\":\"https:\/\/denizcankizil.tr\/de\/#\/schema\/logo\/image\/\",\"url\":\"http:\/\/denizcankizil.tr\/wp-content\/uploads\/2024\/10\/siyah-logo-svg.svg\",\"contentUrl\":\"http:\/\/denizcankizil.tr\/wp-content\/uploads\/2024\/10\/siyah-logo-svg.svg\",\"width\":1080,\"height\":1080,\"caption\":\"Av. Deniz Can K\u0131z\u0131l\"},\"image\":{\"@id\":\"https:\/\/denizcankizil.tr\/de\/#\/schema\/logo\/image\/\"}}]}<\/script>\n<!-- \/ Yoast SEO Premium plugin. -->","yoast_head_json":{"title":"Antalya\u2019da deprem ger\u00e7e\u011fi: \u201cDilimizde t\u00fcy bitti, yetkililer de anlas\u0131n\u201d - Av. Deniz Can K\u0131z\u0131l","robots":{"index":"index","follow":"follow","max-snippet":"max-snippet:-1","max-image-preview":"max-image-preview:large","max-video-preview":"max-video-preview:-1"},"canonical":"http:\/\/denizcankizil.tr\/en\/haberler\/gundem\/antalyada-deprem-gercegi-dilimizde-tuy-bitti-yetkililer-de-anlasin\/","og_locale":"en_GB","og_type":"article","og_title":"Antalya\u2019da deprem ger\u00e7e\u011fi: \u201cDilimizde t\u00fcy bitti, yetkililer de anlas\u0131n\u201d","og_description":"Antalya\u2019da Gazipa\u015fa a\u00e7\u0131klar\u0131nda meydana gelen 4.8 b\u00fcy\u00fckl\u00fc\u011f\u00fcndeki deprem, kentte ya\u015fayan binlerce ki\u015fiyi tedirgin etti. Depremin merkez \u00fcss\u00fc Akdeniz a\u00e7\u0131klar\u0131nda yer al\u0131rken, sars\u0131nt\u0131 \u00f6zellikle k\u0131y\u0131 b\u00f6lgelerinde ve \u00e7evre il\u00e7elerde hissedildi. Depremin yetkililere bir uyar\u0131 niteli\u011fi ta\u015f\u0131d\u0131\u011f\u0131n\u0131 ifade eden Jeoloji M\u00fchendisleri Odas\u0131 Antalya \u015eube Ba\u015fkan\u0131 Mustafa Karanc\u0131, \u201cFay hatlar\u0131n\u0131n depreme sebebiyet verebilece\u011fini her seferinde s\u00f6yl\u00fcyoruz. Bunlar\u0131 s\u00f6ylerken de art\u0131k ilimizde t\u00fcy bitti. Biz m\u00fchendisler faylarla konu\u015farak onlar\u0131n f\u0131s\u0131lt\u0131lar\u0131n\u0131 duyabiliyoruz. Bunu yetkililer de anlas\u0131n\u201d uyar\u0131s\u0131nda bulundu. GAZ\u0130PA\u015eA&#8217;DA 4.8 B\u00dcY\u00dcKL\u00dc\u011e\u00dcNDE DEPREM MEYDANA GELD\u0130\u00a0 Antalya deprem ger\u00e7e\u011fi ile cuma ak\u015fam\u0131 bir kez daha y\u00fczle\u015fti. \u00a0AFAD&#8217;dan al\u0131nan bilgiye g\u00f6re, saat 22.13&#8217;te merkez \u00fcss\u00fc Antalya&#8217;n\u0131n Gazipa\u015fa il\u00e7esi a\u00e7\u0131klar\u0131nda 4.8 b\u00fcy\u00fckl\u00fc\u011f\u00fcnde bir deprem kaydedildi. Deprem yerin 34 kilometre derinli\u011finde meydana geldi. Deprem ba\u015fta do\u011fu il\u00e7eleri olmak \u00fczere kent merkezinin b\u00fcy\u00fck bir b\u00f6l\u00fcm\u00fcnde korku ve pani\u011fe neden oldu. \u00d6zellikle do\u011fu il\u00e7elerinde 5 saniye kadar s\u00fcrd\u00fc\u011f\u00fc ifade edilen depremin ard\u0131ndan vatanda\u015flar kendilerini d\u0131\u015far\u0131 att\u0131. Bir\u00e7ok vatanda\u015f\u0131n korkuyla gece boyunca evine girmedi\u011fi g\u00f6r\u00fcld\u00fc.\u00a0 OLUMSUZLUK YA\u015eANMADI Antalya Valili\u011fi taraf\u0131ndan yap\u0131lan a\u00e7\u0131klamada, \u201cGazipa\u015fa il\u00e7emiz a\u00e7\u0131klar\u0131nda saat 22.13&#8217;de 4.8 b\u00fcy\u00fckl\u00fc\u011f\u00fcnde bir deprem meydana gelmi\u015ftir. \u015eu ana kadar intikal eden olumsuz bir durum yoktur. Saha taramalar\u0131m\u0131z devam etmektedir. Kamuoyuna duyurulur\u201d denildi. \u00a0B\u00fcy\u00fck\u015fehir Belediye Ba\u015fkan\u0131 Muhittin B\u00f6cek ise, \u201cAntalya\u2019m\u0131zda meydana gelen depremden etkilenen t\u00fcm vatanda\u015flar\u0131m\u0131za ge\u00e7mi\u015f &hellip;","og_url":"http:\/\/denizcankizil.tr\/en\/haberler\/gundem\/antalyada-deprem-gercegi-dilimizde-tuy-bitti-yetkililer-de-anlasin\/","og_site_name":"Av. Deniz Can K\u0131z\u0131l","article_published_time":"2024-12-01T09:41:17+00:00","twitter_card":"summary_large_image","twitter_misc":{"Estimated reading time":"5 minutes"},"schema":{"@context":"https:\/\/schema.org","@graph":[{"@type":"Article","@id":"http:\/\/denizcankizil.tr\/en\/haberler\/gundem\/antalyada-deprem-gercegi-dilimizde-tuy-bitti-yetkililer-de-anlasin\/#article","isPartOf":{"@id":"http:\/\/denizcankizil.tr\/en\/haberler\/gundem\/antalyada-deprem-gercegi-dilimizde-tuy-bitti-yetkililer-de-anlasin\/"},"author":{"name":"","@id":""},"headline":"Antalya\u2019da deprem ger\u00e7e\u011fi: \u201cDilimizde t\u00fcy bitti, yetkililer de anlas\u0131n\u201d","datePublished":"2024-12-01T09:41:17+00:00","mainEntityOfPage":{"@id":"http:\/\/denizcankizil.tr\/en\/haberler\/gundem\/antalyada-deprem-gercegi-dilimizde-tuy-bitti-yetkililer-de-anlasin\/"},"wordCount":1082,"commentCount":0,"publisher":{"@id":"https:\/\/denizcankizil.tr\/de\/#organization"},"articleSection":["G\u00fcndem","Uncategorized"],"inLanguage":"en-GB","potentialAction":[{"@type":"CommentAction","name":"Comment","target":["http:\/\/denizcankizil.tr\/en\/haberler\/gundem\/antalyada-deprem-gercegi-dilimizde-tuy-bitti-yetkililer-de-anlasin\/#respond"]}]},{"@type":"WebPage","@id":"http:\/\/denizcankizil.tr\/en\/haberler\/gundem\/antalyada-deprem-gercegi-dilimizde-tuy-bitti-yetkililer-de-anlasin\/","url":"http:\/\/denizcankizil.tr\/en\/haberler\/gundem\/antalyada-deprem-gercegi-dilimizde-tuy-bitti-yetkililer-de-anlasin\/","name":"Antalya\u2019da deprem ger\u00e7e\u011fi: \u201cDilimizde t\u00fcy bitti, yetkililer de anlas\u0131n\u201d - Av. Deniz Can K\u0131z\u0131l","isPartOf":{"@id":"https:\/\/denizcankizil.tr\/de\/#website"},"datePublished":"2024-12-01T09:41:17+00:00","breadcrumb":{"@id":"http:\/\/denizcankizil.tr\/en\/haberler\/gundem\/antalyada-deprem-gercegi-dilimizde-tuy-bitti-yetkililer-de-anlasin\/#breadcrumb"},"inLanguage":"en-GB","potentialAction":[{"@type":"ReadAction","target":["http:\/\/denizcankizil.tr\/en\/haberler\/gundem\/antalyada-deprem-gercegi-dilimizde-tuy-bitti-yetkililer-de-anlasin\/"]}]},{"@type":"BreadcrumbList","@id":"http:\/\/denizcankizil.tr\/en\/haberler\/gundem\/antalyada-deprem-gercegi-dilimizde-tuy-bitti-yetkililer-de-anlasin\/#breadcrumb","itemListElement":[{"@type":"ListItem","position":1,"name":"Home","item":"https:\/\/denizcankizil.tr\/de\/"},{"@type":"ListItem","position":2,"name":"Antalya\u2019da deprem ger\u00e7e\u011fi: \u201cDilimizde t\u00fcy bitti, yetkililer de anlas\u0131n\u201d"}]},{"@type":"WebSite","@id":"https:\/\/denizcankizil.tr\/de\/#website","url":"https:\/\/denizcankizil.tr\/de\/","name":"Av. Deniz Can K\u0131z\u0131l","description":"Avukat Deniz Can K\u0131z\u0131l Antalya Barosu","publisher":{"@id":"https:\/\/denizcankizil.tr\/de\/#organization"},"potentialAction":[{"@type":"SearchAction","target":{"@type":"EntryPoint","urlTemplate":"https:\/\/denizcankizil.tr\/de\/?s={search_term_string}"},"query-input":{"@type":"PropertyValueSpecification","valueRequired":true,"valueName":"search_term_string"}}],"inLanguage":"en-GB"},{"@type":"Organization","@id":"https:\/\/denizcankizil.tr\/de\/#organization","name":"Av. Deniz Can K\u0131z\u0131l","url":"https:\/\/denizcankizil.tr\/de\/","logo":{"@type":"ImageObject","inLanguage":"en-GB","@id":"https:\/\/denizcankizil.tr\/de\/#\/schema\/logo\/image\/","url":"http:\/\/denizcankizil.tr\/wp-content\/uploads\/2024\/10\/siyah-logo-svg.svg","contentUrl":"http:\/\/denizcankizil.tr\/wp-content\/uploads\/2024\/10\/siyah-logo-svg.svg","width":1080,"height":1080,"caption":"Av. Deniz Can K\u0131z\u0131l"},"image":{"@id":"https:\/\/denizcankizil.tr\/de\/#\/schema\/logo\/image\/"}}]}},"_links":{"self":[{"href":"http:\/\/denizcankizil.tr\/en\/wp-json\/wp\/v2\/posts\/18568","targetHints":{"allow":["GET"]}}],"collection":[{"href":"http:\/\/denizcankizil.tr\/en\/wp-json\/wp\/v2\/posts"}],"about":[{"href":"http:\/\/denizcankizil.tr\/en\/wp-json\/wp\/v2\/types\/post"}],"replies":[{"embeddable":true,"href":"http:\/\/denizcankizil.tr\/en\/wp-json\/wp\/v2\/comments?post=18568"}],"version-history":[{"count":0,"href":"http:\/\/denizcankizil.tr\/en\/wp-json\/wp\/v2\/posts\/18568\/revisions"}],"wp:attachment":[{"href":"http:\/\/denizcankizil.tr\/en\/wp-json\/wp\/v2\/media?parent=18568"}],"wp:term":[{"taxonomy":"category","embeddable":true,"href":"http:\/\/denizcankizil.tr\/en\/wp-json\/wp\/v2\/categories?post=18568"},{"taxonomy":"post_tag","embeddable":true,"href":"http:\/\/denizcankizil.tr\/en\/wp-json\/wp\/v2\/tags?post=18568"}],"curies":[{"name":"wp","href":"https:\/\/api.w.org\/{rel}","templated":true}]}}