{"id":17896,"date":"2024-11-27T11:41:17","date_gmt":"2024-11-27T08:41:17","guid":{"rendered":"https:\/\/denizcankizil.tr\/uncategorized-tr\/karin-agrisi-sikayetiyle-gitti-hayatini-kaybetti\/"},"modified":"2024-11-27T11:41:17","modified_gmt":"2024-11-27T08:41:17","slug":"karin-agrisi-sikayetiyle-gitti-hayatini-kaybetti","status":"publish","type":"post","link":"http:\/\/denizcankizil.tr\/en\/haberler\/antalya\/karin-agrisi-sikayetiyle-gitti-hayatini-kaybetti\/","title":{"rendered":"Kar\u0131n a\u011fr\u0131s\u0131 \u015fikayetiyle gitti, hayat\u0131n\u0131 kaybetti"},"content":{"rendered":"<p>Antalya Emniyet M\u00fcd\u00fcrl\u00fc\u011f\u00fc&#8217;nde uzun y\u0131llar g\u00f6rev yapt\u0131ktan sonra 3 y\u0131l \u00f6nce emekli olan polis memuru G\u00fcven Ta\u015fan, memleketi Isparta&#8217;n\u0131n E\u011firdir il\u00e7esinde ya\u015famaya ba\u015flad\u0131. Ge\u00e7en cuma, E\u011firdir Kemik Eklem Hastal\u0131klar\u0131 Tedavi ve Rehabilitasyon Hastanesi&#8217;ne kar\u0131n a\u011fr\u0131s\u0131 \u015fikayetiyle giden Ta\u015fan, tetkikler sonras\u0131 Isparta \u015eehir Hastanesi&#8217;ne sevk edildi. Pankreas kanseri tan\u0131s\u0131 konulan evli ve 2 \u00e7ocuk babas\u0131 Ta\u015fan tedavi g\u00f6rd\u00fc\u011f\u00fc hastanede d\u00fcn hayat\u0131n\u0131 kaybetti.<\/p>\n<p>Kaynak: www.kanalv.com.tr Haber Sitesinden Al\u0131nm\u0131\u015ft\u0131r.<\/p>","protected":false},"excerpt":{"rendered":"<p>Antalya Emniyet M\u00fcd\u00fcrl\u00fc\u011f\u00fc&#8217;nde uzun y\u0131llar g\u00f6rev yapt\u0131ktan sonra 3 y\u0131l \u00f6nce emekli olan polis memuru G\u00fcven Ta\u015fan, memleketi Isparta&#8217;n\u0131n E\u011firdir il\u00e7esinde ya\u015famaya ba\u015flad\u0131. Ge\u00e7en cuma, E\u011firdir Kemik Eklem Hastal\u0131klar\u0131 Tedavi ve Rehabilitasyon Hastanesi&#8217;ne kar\u0131n a\u011fr\u0131s\u0131 \u015fikayetiyle giden Ta\u015fan, tetkikler sonras\u0131 Isparta \u015eehir Hastanesi&#8217;ne sevk edildi. Pankreas kanseri tan\u0131s\u0131 konulan evli ve 2 \u00e7ocuk babas\u0131 Ta\u015fan tedavi g\u00f6rd\u00fc\u011f\u00fc hastanede d\u00fcn hayat\u0131n\u0131 kaybetti. Kaynak: www.kanalv.com.tr Haber Sitesinden Al\u0131nm\u0131\u015ft\u0131r.<\/p>","protected":false},"author":0,"featured_media":17897,"comment_status":"open","ping_status":"open","sticky":false,"template":"","format":"standard","meta":{"_acf_changed":false,"footnotes":""},"categories":[26,535],"tags":[],"class_list":["post-17896","post","type-post","status-publish","format-standard","has-post-thumbnail","hentry","category-antalya","category-uncategorized-tr"],"acf":[],"yoast_head":"<!-- This site is optimized with the Yoast SEO Premium plugin v26.6 (Yoast SEO v27.1.1) - https:\/\/yoast.com\/product\/yoast-seo-premium-wordpress\/ -->\n<title>Kar\u0131n a\u011fr\u0131s\u0131 \u015fikayetiyle gitti, hayat\u0131n\u0131 kaybetti - Av. Deniz Can K\u0131z\u0131l<\/title>\n<meta name=\"robots\" content=\"index, follow, max-snippet:-1, max-image-preview:large, max-video-preview:-1\" \/>\n<link rel=\"canonical\" href=\"http:\/\/denizcankizil.tr\/en\/haberler\/antalya\/karin-agrisi-sikayetiyle-gitti-hayatini-kaybetti\/\" \/>\n<meta property=\"og:locale\" content=\"en_GB\" \/>\n<meta property=\"og:type\" content=\"article\" \/>\n<meta property=\"og:title\" content=\"Kar\u0131n a\u011fr\u0131s\u0131 \u015fikayetiyle gitti, hayat\u0131n\u0131 kaybetti\" \/>\n<meta property=\"og:description\" content=\"Antalya Emniyet M\u00fcd\u00fcrl\u00fc\u011f\u00fc&#8217;nde uzun y\u0131llar g\u00f6rev yapt\u0131ktan sonra 3 y\u0131l \u00f6nce emekli olan polis memuru G\u00fcven Ta\u015fan, memleketi Isparta&#8217;n\u0131n E\u011firdir il\u00e7esinde ya\u015famaya ba\u015flad\u0131. Ge\u00e7en cuma, E\u011firdir Kemik Eklem Hastal\u0131klar\u0131 Tedavi ve Rehabilitasyon Hastanesi&#8217;ne kar\u0131n a\u011fr\u0131s\u0131 \u015fikayetiyle giden Ta\u015fan, tetkikler sonras\u0131 Isparta \u015eehir Hastanesi&#8217;ne sevk edildi. Pankreas kanseri tan\u0131s\u0131 konulan evli ve 2 \u00e7ocuk babas\u0131 Ta\u015fan tedavi g\u00f6rd\u00fc\u011f\u00fc hastanede d\u00fcn hayat\u0131n\u0131 kaybetti. Kaynak: www.kanalv.com.tr Haber Sitesinden Al\u0131nm\u0131\u015ft\u0131r.\" \/>\n<meta property=\"og:url\" content=\"http:\/\/denizcankizil.tr\/en\/haberler\/antalya\/karin-agrisi-sikayetiyle-gitti-hayatini-kaybetti\/\" \/>\n<meta property=\"og:site_name\" content=\"Av. Deniz Can K\u0131z\u0131l\" \/>\n<meta property=\"article:published_time\" content=\"2024-11-27T08:41:17+00:00\" \/>\n<meta property=\"og:image\" content=\"http:\/\/denizcankizil.tr\/wp-content\/uploads\/2024\/11\/3300-01-PpFCel.jpeg\" \/>\n\t<meta property=\"og:image:width\" content=\"1280\" \/>\n\t<meta property=\"og:image:height\" content=\"720\" \/>\n\t<meta property=\"og:image:type\" content=\"image\/jpeg\" \/>\n<meta name=\"twitter:card\" content=\"summary_large_image\" \/>\n<script type=\"application\/ld+json\" class=\"yoast-schema-graph\">{\"@context\":\"https:\/\/schema.org\",\"@graph\":[{\"@type\":\"Article\",\"@id\":\"http:\/\/denizcankizil.tr\/en\/haberler\/antalya\/karin-agrisi-sikayetiyle-gitti-hayatini-kaybetti\/#article\",\"isPartOf\":{\"@id\":\"http:\/\/denizcankizil.tr\/en\/haberler\/antalya\/karin-agrisi-sikayetiyle-gitti-hayatini-kaybetti\/\"},\"author\":{\"name\":\"\",\"@id\":\"\"},\"headline\":\"Kar\u0131n a\u011fr\u0131s\u0131 \u015fikayetiyle gitti, hayat\u0131n\u0131 kaybetti\",\"datePublished\":\"2024-11-27T08:41:17+00:00\",\"mainEntityOfPage\":{\"@id\":\"http:\/\/denizcankizil.tr\/en\/haberler\/antalya\/karin-agrisi-sikayetiyle-gitti-hayatini-kaybetti\/\"},\"wordCount\":109,\"commentCount\":0,\"publisher\":{\"@id\":\"https:\/\/denizcankizil.tr\/de\/#organization\"},\"image\":{\"@id\":\"http:\/\/denizcankizil.tr\/en\/haberler\/antalya\/karin-agrisi-sikayetiyle-gitti-hayatini-kaybetti\/#primaryimage\"},\"thumbnailUrl\":\"http:\/\/denizcankizil.tr\/wp-content\/uploads\/2024\/11\/3300-01-PpFCel.jpeg\",\"articleSection\":[\"Antalya\",\"Uncategorized\"],\"inLanguage\":\"en-GB\",\"potentialAction\":[{\"@type\":\"CommentAction\",\"name\":\"Comment\",\"target\":[\"http:\/\/denizcankizil.tr\/en\/haberler\/antalya\/karin-agrisi-sikayetiyle-gitti-hayatini-kaybetti\/#respond\"]}]},{\"@type\":\"WebPage\",\"@id\":\"http:\/\/denizcankizil.tr\/en\/haberler\/antalya\/karin-agrisi-sikayetiyle-gitti-hayatini-kaybetti\/\",\"url\":\"http:\/\/denizcankizil.tr\/en\/haberler\/antalya\/karin-agrisi-sikayetiyle-gitti-hayatini-kaybetti\/\",\"name\":\"Kar\u0131n a\u011fr\u0131s\u0131 \u015fikayetiyle gitti, hayat\u0131n\u0131 kaybetti - Av. Deniz Can K\u0131z\u0131l\",\"isPartOf\":{\"@id\":\"https:\/\/denizcankizil.tr\/de\/#website\"},\"primaryImageOfPage\":{\"@id\":\"http:\/\/denizcankizil.tr\/en\/haberler\/antalya\/karin-agrisi-sikayetiyle-gitti-hayatini-kaybetti\/#primaryimage\"},\"image\":{\"@id\":\"http:\/\/denizcankizil.tr\/en\/haberler\/antalya\/karin-agrisi-sikayetiyle-gitti-hayatini-kaybetti\/#primaryimage\"},\"thumbnailUrl\":\"http:\/\/denizcankizil.tr\/wp-content\/uploads\/2024\/11\/3300-01-PpFCel.jpeg\",\"datePublished\":\"2024-11-27T08:41:17+00:00\",\"breadcrumb\":{\"@id\":\"http:\/\/denizcankizil.tr\/en\/haberler\/antalya\/karin-agrisi-sikayetiyle-gitti-hayatini-kaybetti\/#breadcrumb\"},\"inLanguage\":\"en-GB\",\"potentialAction\":[{\"@type\":\"ReadAction\",\"target\":[\"http:\/\/denizcankizil.tr\/en\/haberler\/antalya\/karin-agrisi-sikayetiyle-gitti-hayatini-kaybetti\/\"]}]},{\"@type\":\"ImageObject\",\"inLanguage\":\"en-GB\",\"@id\":\"http:\/\/denizcankizil.tr\/en\/haberler\/antalya\/karin-agrisi-sikayetiyle-gitti-hayatini-kaybetti\/#primaryimage\",\"url\":\"http:\/\/denizcankizil.tr\/wp-content\/uploads\/2024\/11\/3300-01-PpFCel.jpeg\",\"contentUrl\":\"http:\/\/denizcankizil.tr\/wp-content\/uploads\/2024\/11\/3300-01-PpFCel.jpeg\",\"width\":1280,\"height\":720},{\"@type\":\"BreadcrumbList\",\"@id\":\"http:\/\/denizcankizil.tr\/en\/haberler\/antalya\/karin-agrisi-sikayetiyle-gitti-hayatini-kaybetti\/#breadcrumb\",\"itemListElement\":[{\"@type\":\"ListItem\",\"position\":1,\"name\":\"Home\",\"item\":\"https:\/\/denizcankizil.tr\/de\/\"},{\"@type\":\"ListItem\",\"position\":2,\"name\":\"Kar\u0131n a\u011fr\u0131s\u0131 \u015fikayetiyle gitti, hayat\u0131n\u0131 kaybetti\"}]},{\"@type\":\"WebSite\",\"@id\":\"https:\/\/denizcankizil.tr\/de\/#website\",\"url\":\"https:\/\/denizcankizil.tr\/de\/\",\"name\":\"Av. Deniz Can K\u0131z\u0131l\",\"description\":\"Avukat Deniz Can K\u0131z\u0131l Antalya Barosu\",\"publisher\":{\"@id\":\"https:\/\/denizcankizil.tr\/de\/#organization\"},\"potentialAction\":[{\"@type\":\"SearchAction\",\"target\":{\"@type\":\"EntryPoint\",\"urlTemplate\":\"https:\/\/denizcankizil.tr\/de\/?s={search_term_string}\"},\"query-input\":{\"@type\":\"PropertyValueSpecification\",\"valueRequired\":true,\"valueName\":\"search_term_string\"}}],\"inLanguage\":\"en-GB\"},{\"@type\":\"Organization\",\"@id\":\"https:\/\/denizcankizil.tr\/de\/#organization\",\"name\":\"Av. Deniz Can K\u0131z\u0131l\",\"url\":\"https:\/\/denizcankizil.tr\/de\/\",\"logo\":{\"@type\":\"ImageObject\",\"inLanguage\":\"en-GB\",\"@id\":\"https:\/\/denizcankizil.tr\/de\/#\/schema\/logo\/image\/\",\"url\":\"http:\/\/denizcankizil.tr\/wp-content\/uploads\/2024\/10\/siyah-logo-svg.svg\",\"contentUrl\":\"http:\/\/denizcankizil.tr\/wp-content\/uploads\/2024\/10\/siyah-logo-svg.svg\",\"width\":1080,\"height\":1080,\"caption\":\"Av. Deniz Can K\u0131z\u0131l\"},\"image\":{\"@id\":\"https:\/\/denizcankizil.tr\/de\/#\/schema\/logo\/image\/\"}}]}<\/script>\n<!-- \/ Yoast SEO Premium plugin. -->","yoast_head_json":{"title":"Kar\u0131n a\u011fr\u0131s\u0131 \u015fikayetiyle gitti, hayat\u0131n\u0131 kaybetti - Av. Deniz Can K\u0131z\u0131l","robots":{"index":"index","follow":"follow","max-snippet":"max-snippet:-1","max-image-preview":"max-image-preview:large","max-video-preview":"max-video-preview:-1"},"canonical":"http:\/\/denizcankizil.tr\/en\/haberler\/antalya\/karin-agrisi-sikayetiyle-gitti-hayatini-kaybetti\/","og_locale":"en_GB","og_type":"article","og_title":"Kar\u0131n a\u011fr\u0131s\u0131 \u015fikayetiyle gitti, hayat\u0131n\u0131 kaybetti","og_description":"Antalya Emniyet M\u00fcd\u00fcrl\u00fc\u011f\u00fc&#8217;nde uzun y\u0131llar g\u00f6rev yapt\u0131ktan sonra 3 y\u0131l \u00f6nce emekli olan polis memuru G\u00fcven Ta\u015fan, memleketi Isparta&#8217;n\u0131n E\u011firdir il\u00e7esinde ya\u015famaya ba\u015flad\u0131. Ge\u00e7en cuma, E\u011firdir Kemik Eklem Hastal\u0131klar\u0131 Tedavi ve Rehabilitasyon Hastanesi&#8217;ne kar\u0131n a\u011fr\u0131s\u0131 \u015fikayetiyle giden Ta\u015fan, tetkikler sonras\u0131 Isparta \u015eehir Hastanesi&#8217;ne sevk edildi. Pankreas kanseri tan\u0131s\u0131 konulan evli ve 2 \u00e7ocuk babas\u0131 Ta\u015fan tedavi g\u00f6rd\u00fc\u011f\u00fc hastanede d\u00fcn hayat\u0131n\u0131 kaybetti. Kaynak: www.kanalv.com.tr Haber Sitesinden Al\u0131nm\u0131\u015ft\u0131r.","og_url":"http:\/\/denizcankizil.tr\/en\/haberler\/antalya\/karin-agrisi-sikayetiyle-gitti-hayatini-kaybetti\/","og_site_name":"Av. Deniz Can K\u0131z\u0131l","article_published_time":"2024-11-27T08:41:17+00:00","og_image":[{"width":1280,"height":720,"url":"http:\/\/denizcankizil.tr\/wp-content\/uploads\/2024\/11\/3300-01-PpFCel.jpeg","type":"image\/jpeg"}],"twitter_card":"summary_large_image","schema":{"@context":"https:\/\/schema.org","@graph":[{"@type":"Article","@id":"http:\/\/denizcankizil.tr\/en\/haberler\/antalya\/karin-agrisi-sikayetiyle-gitti-hayatini-kaybetti\/#article","isPartOf":{"@id":"http:\/\/denizcankizil.tr\/en\/haberler\/antalya\/karin-agrisi-sikayetiyle-gitti-hayatini-kaybetti\/"},"author":{"name":"","@id":""},"headline":"Kar\u0131n a\u011fr\u0131s\u0131 \u015fikayetiyle gitti, hayat\u0131n\u0131 kaybetti","datePublished":"2024-11-27T08:41:17+00:00","mainEntityOfPage":{"@id":"http:\/\/denizcankizil.tr\/en\/haberler\/antalya\/karin-agrisi-sikayetiyle-gitti-hayatini-kaybetti\/"},"wordCount":109,"commentCount":0,"publisher":{"@id":"https:\/\/denizcankizil.tr\/de\/#organization"},"image":{"@id":"http:\/\/denizcankizil.tr\/en\/haberler\/antalya\/karin-agrisi-sikayetiyle-gitti-hayatini-kaybetti\/#primaryimage"},"thumbnailUrl":"http:\/\/denizcankizil.tr\/wp-content\/uploads\/2024\/11\/3300-01-PpFCel.jpeg","articleSection":["Antalya","Uncategorized"],"inLanguage":"en-GB","potentialAction":[{"@type":"CommentAction","name":"Comment","target":["http:\/\/denizcankizil.tr\/en\/haberler\/antalya\/karin-agrisi-sikayetiyle-gitti-hayatini-kaybetti\/#respond"]}]},{"@type":"WebPage","@id":"http:\/\/denizcankizil.tr\/en\/haberler\/antalya\/karin-agrisi-sikayetiyle-gitti-hayatini-kaybetti\/","url":"http:\/\/denizcankizil.tr\/en\/haberler\/antalya\/karin-agrisi-sikayetiyle-gitti-hayatini-kaybetti\/","name":"Kar\u0131n a\u011fr\u0131s\u0131 \u015fikayetiyle gitti, hayat\u0131n\u0131 kaybetti - Av. Deniz Can K\u0131z\u0131l","isPartOf":{"@id":"https:\/\/denizcankizil.tr\/de\/#website"},"primaryImageOfPage":{"@id":"http:\/\/denizcankizil.tr\/en\/haberler\/antalya\/karin-agrisi-sikayetiyle-gitti-hayatini-kaybetti\/#primaryimage"},"image":{"@id":"http:\/\/denizcankizil.tr\/en\/haberler\/antalya\/karin-agrisi-sikayetiyle-gitti-hayatini-kaybetti\/#primaryimage"},"thumbnailUrl":"http:\/\/denizcankizil.tr\/wp-content\/uploads\/2024\/11\/3300-01-PpFCel.jpeg","datePublished":"2024-11-27T08:41:17+00:00","breadcrumb":{"@id":"http:\/\/denizcankizil.tr\/en\/haberler\/antalya\/karin-agrisi-sikayetiyle-gitti-hayatini-kaybetti\/#breadcrumb"},"inLanguage":"en-GB","potentialAction":[{"@type":"ReadAction","target":["http:\/\/denizcankizil.tr\/en\/haberler\/antalya\/karin-agrisi-sikayetiyle-gitti-hayatini-kaybetti\/"]}]},{"@type":"ImageObject","inLanguage":"en-GB","@id":"http:\/\/denizcankizil.tr\/en\/haberler\/antalya\/karin-agrisi-sikayetiyle-gitti-hayatini-kaybetti\/#primaryimage","url":"http:\/\/denizcankizil.tr\/wp-content\/uploads\/2024\/11\/3300-01-PpFCel.jpeg","contentUrl":"http:\/\/denizcankizil.tr\/wp-content\/uploads\/2024\/11\/3300-01-PpFCel.jpeg","width":1280,"height":720},{"@type":"BreadcrumbList","@id":"http:\/\/denizcankizil.tr\/en\/haberler\/antalya\/karin-agrisi-sikayetiyle-gitti-hayatini-kaybetti\/#breadcrumb","itemListElement":[{"@type":"ListItem","position":1,"name":"Home","item":"https:\/\/denizcankizil.tr\/de\/"},{"@type":"ListItem","position":2,"name":"Kar\u0131n a\u011fr\u0131s\u0131 \u015fikayetiyle gitti, hayat\u0131n\u0131 kaybetti"}]},{"@type":"WebSite","@id":"https:\/\/denizcankizil.tr\/de\/#website","url":"https:\/\/denizcankizil.tr\/de\/","name":"Av. Deniz Can K\u0131z\u0131l","description":"Avukat Deniz Can K\u0131z\u0131l Antalya Barosu","publisher":{"@id":"https:\/\/denizcankizil.tr\/de\/#organization"},"potentialAction":[{"@type":"SearchAction","target":{"@type":"EntryPoint","urlTemplate":"https:\/\/denizcankizil.tr\/de\/?s={search_term_string}"},"query-input":{"@type":"PropertyValueSpecification","valueRequired":true,"valueName":"search_term_string"}}],"inLanguage":"en-GB"},{"@type":"Organization","@id":"https:\/\/denizcankizil.tr\/de\/#organization","name":"Av. Deniz Can K\u0131z\u0131l","url":"https:\/\/denizcankizil.tr\/de\/","logo":{"@type":"ImageObject","inLanguage":"en-GB","@id":"https:\/\/denizcankizil.tr\/de\/#\/schema\/logo\/image\/","url":"http:\/\/denizcankizil.tr\/wp-content\/uploads\/2024\/10\/siyah-logo-svg.svg","contentUrl":"http:\/\/denizcankizil.tr\/wp-content\/uploads\/2024\/10\/siyah-logo-svg.svg","width":1080,"height":1080,"caption":"Av. Deniz Can K\u0131z\u0131l"},"image":{"@id":"https:\/\/denizcankizil.tr\/de\/#\/schema\/logo\/image\/"}}]}},"_links":{"self":[{"href":"http:\/\/denizcankizil.tr\/en\/wp-json\/wp\/v2\/posts\/17896","targetHints":{"allow":["GET"]}}],"collection":[{"href":"http:\/\/denizcankizil.tr\/en\/wp-json\/wp\/v2\/posts"}],"about":[{"href":"http:\/\/denizcankizil.tr\/en\/wp-json\/wp\/v2\/types\/post"}],"replies":[{"embeddable":true,"href":"http:\/\/denizcankizil.tr\/en\/wp-json\/wp\/v2\/comments?post=17896"}],"version-history":[{"count":0,"href":"http:\/\/denizcankizil.tr\/en\/wp-json\/wp\/v2\/posts\/17896\/revisions"}],"wp:featuredmedia":[{"embeddable":true,"href":"http:\/\/denizcankizil.tr\/en\/wp-json\/wp\/v2\/media\/17897"}],"wp:attachment":[{"href":"http:\/\/denizcankizil.tr\/en\/wp-json\/wp\/v2\/media?parent=17896"}],"wp:term":[{"taxonomy":"category","embeddable":true,"href":"http:\/\/denizcankizil.tr\/en\/wp-json\/wp\/v2\/categories?post=17896"},{"taxonomy":"post_tag","embeddable":true,"href":"http:\/\/denizcankizil.tr\/en\/wp-json\/wp\/v2\/tags?post=17896"}],"curies":[{"name":"wp","href":"https:\/\/api.w.org\/{rel}","templated":true}]}}