{"id":17583,"date":"2024-11-25T17:41:23","date_gmt":"2024-11-25T14:41:23","guid":{"rendered":"https:\/\/denizcankizil.tr\/uncategorized-tr\/muge-gezginci-unsal-bugune-gore-1934te-daha-cok-hakka-sahipmisiz\/"},"modified":"2024-11-25T17:41:23","modified_gmt":"2024-11-25T14:41:23","slug":"muge-gezginci-unsal-bugune-gore-1934te-daha-cok-hakka-sahipmisiz","status":"publish","type":"post","link":"http:\/\/denizcankizil.tr\/en\/haberler\/gundem\/muge-gezginci-unsal-bugune-gore-1934te-daha-cok-hakka-sahipmisiz\/","title":{"rendered":"M\u00fcge Gezginci \u00dcnsal: &#8220;Bug\u00fcne g\u00f6re 1934\u2019te daha \u00e7ok hakka sahipmi\u015fiz&#8221;"},"content":{"rendered":"<p>Konyaalt\u0131 Belediye Ba\u015fkan Yard\u0131mc\u0131s\u0131 M\u00fcge Gezginci \u00dcnsal, g\u00f6n\u00fcll\u00fc olarak yer ald\u0131\u011f\u0131 kad\u0131na y\u00f6nelik istismar ve \u015fiddet davalar\u0131nda \u2018\u0130stanbul S\u00f6zle\u015fmesi\u2019nin y\u00fcr\u00fcrl\u00fckte olmamas\u0131n\u0131n sonu\u00e7lar\u0131n\u0131 deneyimlediklerini s\u00f6yledi. \u00dcnsal, hem hukuki mecralarda hem CHP i\u00e7inde hem de Konyaalt\u0131 Belediyesi olarak kad\u0131na y\u00f6nelik \u015fiddetin \u00f6nlenmesi ve kad\u0131n\u0131n toplumda hakketti\u011fi yeri alabilmesi i\u00e7in y\u00fcr\u00fctt\u00fckleri \u00e7al\u0131\u015fmalar\u0131 ve projeleri anlatt\u0131.\u00a0<\/p>\n<p>KADINLAR S\u0130YASETTE CHP\u2019DE KEND\u0130NE DAHA FAZLA YER BULMAYA BA\u015eLADI<\/p>\n<p>\u00a0Siyasette kad\u0131n konusunda ise \u00dcnsal, \u201cBug\u00fcn 1934\u2019e d\u00f6nsek, daha \u00e7ok hakka sahipmi\u015fiz bunu g\u00f6r\u00fcyoruz \u201c dedi. Partisi CHP\u2019nin de\u011fi\u015fim kurultay\u0131 olarak adland\u0131r\u0131lan kurultay\u0131ndan sonra ger\u00e7ekle\u015fen t\u00fcz\u00fck kurultay\u0131nda kad\u0131n kotas\u0131n\u0131n y\u00fczde 33\u2019ten y\u00fczde 50\u2019ye \u00e7\u0131kart\u0131ld\u0131\u011f\u0131n\u0131 hat\u0131rlatan \u00dcnsal, \u00a0\u201cKurultay\u2019dan sonra Parti Meclisi ya\u015f ortalamas\u0131 43\u2019e d\u00fc\u015ft\u00fc. MYK\u2019n\u0131n yar\u0131s\u0131 kad\u0131n, yar\u0131s\u0131 erkek. \u00d6nceki d\u00f6neme g\u00f6re belediye ba\u015fkan kad\u0131n say\u0131s\u0131 y\u00fczde 353 artt\u0131. \u015eu an 35 kad\u0131n belediye ba\u015fkan\u0131 var CHP\u2019de\u201d diye konu\u015ftu. \u00a0\u00a0<\/p>\n<p>TOPLUMSAL C\u0130NS\u0130YET E\u015e\u0130TL\u0130\u011e\u0130N\u0130 YERELDEN BA\u015eLATMAYI HEDEFLED\u0130K<\/p>\n<p>Konyaalt\u0131 Belediyesi\u2019nde de \u00c7ocuk ve Kad\u0131n Dostu Kent Projesi\u2019nin \u00f6ncelendi\u011fini s\u00f6yleyen Ba\u015fkan Yard\u0131mc\u0131s\u0131 \u00dcnsal, \u201cKad\u0131n ve Aile M\u00fcd\u00fcrl\u00fc\u011f\u00fc kurmak istiyorduk, norm kadrodan dolay\u0131, n\u00fcfusumuzun d\u00fc\u015fmesi sebebi ile m\u00fcd\u00fcrl\u00fck kuramayaca\u011f\u0131m\u0131z i\u00e7in Konyaalt\u0131 Belediyesi\u2019nde e\u015fitlik birimi kurduk. Toplumsal cinsiyet e\u015fitli\u011fi, \u00a0yani kad\u0131n erkek e\u015fitli\u011fi, ya\u015fl\u0131, \u00e7ocuk engelli gibi dezavantajl\u0131 gruplar\u0131n hayata kazand\u0131r\u0131lmas\u0131, yereldeki t\u00fcm sistemlerden e\u015fit olarak faydalanmas\u0131 ad\u0131na politika \u00fcretmek istiyoruz. E\u015fitlik yerelde ba\u015flar diyelim, yerelden genele do\u011fru yay\u0131l\u0131m istedik. T\u00fcrkiye Kad\u0131n Dernekleri Federasyonu ile i\u015fbirli\u011fi i\u00e7indeyiz. Belediyemizde bu e\u015fitli\u011fi ger\u00e7ekle\u015ftirmek i\u00e7in t\u00fcm y\u00f6netici kadromuza toplumsal e\u015fitlik e\u011fitimi verdik\u201d dedi.<\/p>\n<p>ADALET \u0130\u00c7\u0130N STK VE MEDYA DESTE\u011e\u0130NE \u0130HT\u0130YA\u00c7 DUYAR HALE GELD\u0130K<\/p>\n<p>Antalya\u2019n\u0131n kad\u0131n cinayetleri ve \u00e7ocuk istismar vakalar\u0131 bak\u0131m\u0131ndan T\u00fcrkiye\u2019de ilk be\u015fe girdi\u011fine dikkat \u00e7eken \u00dcnsal, kad\u0131nlara y\u00f6nelik \u015fiddetin faillerine bak\u0131ld\u0131\u011f\u0131nda \u00e7o\u011funlukla erkek ve e\u015f, bo\u015fanma a\u015famas\u0131ndaki e\u015f, erkek karde\u015f, a\u011fabey gibi tan\u0131d\u0131k ve \u00e7o\u011fu zaman bir sevdikleri oldu\u011funa i\u015faret etti. Uzun s\u00fcre Antalya Barosu\u2019nda kad\u0131nlara y\u00f6nelik \u015fiddet davalar\u0131na g\u00f6n\u00fcll\u00fc avukat olarak kat\u0131lan \u00dcnsal, \u00a0bu duru\u015fmalarda adaletin sa\u011flanmas\u0131 i\u00e7in sadece hukuk kurallar\u0131n\u0131n uygulanmas\u0131 gerekirken, ayr\u0131ca sivil toplum bask\u0131s\u0131 ve medya deste\u011fine ihtiya\u00e7 duyduklar\u0131n\u0131 defalarca deneyimlediklerini aktard\u0131.\u00a0<\/p>\n<p>MEVCUT YASALAR B\u0130LE UYGULANSA KADINA Y\u00d6NEL\u0130K \u015e\u0130DDET AZALACAKTIR<\/p>\n<p>\u201cKad\u0131n cinayetleri siyasidir\u201d diyen \u00dcnsal, sosyal devlet ilkesinin gere\u011fi olarak \u00f6zellikle kad\u0131nlar\u0131n, \u00e7ocuklar\u0131n bar\u0131nma ve beslenme gibi en temel ihtiya\u00e7lar\u0131n\u0131 giderme y\u00fck\u00fcml\u00fcl\u00fc\u011f\u00fc oldu\u011funu ancak bu y\u00fck\u00fcml\u00fcl\u00fc\u011f\u00fcn yerine getirilmedi\u011fine dikkat \u00e7ekerek, kad\u0131nlar\u0131 koruyan yasalar\u0131n da uygulanmad\u0131\u011f\u0131n\u0131 \u00f6ne s\u00fcrd\u00fc. \u00dcnsal, \u0130stanbul S\u00f6zle\u015fmesi\u2019nden T\u00fcrkiye\u2019nin imza \u00e7ekmesinin sonu\u00e7lar\u0131n\u0131, vakalar kar\u015f\u0131s\u0131nda kolluk birimlerine ya da savc\u0131l\u0131\u011fa ba\u015fvurular\u0131nda ac\u0131 bir \u015fekilde \u201cSize koruma tedbiri sa\u011flamam\u0131z\u0131 mecburi k\u0131lan s\u00f6zle\u015fme art\u0131k y\u00fcr\u00fcrl\u00fckte de\u011fil\u201d cevab\u0131yla ald\u0131klar\u0131n\u0131 s\u00f6yledi. \u00dcnsal, kad\u0131na y\u00f6nelik \u015fiddet davalar\u0131 sonucunda san\u0131klar\u0131n tutuksuz yarg\u0131lanmas\u0131n\u0131n, \u00a0tutuklananlar\u0131n ilk itirazda serbest b\u0131rak\u0131lmas\u0131n\u0131n, af yasalar\u0131 ile ilk sal\u0131nanlar grubunda olmalar\u0131n\u0131n da kad\u0131na y\u00f6nelik \u015fiddetin azalmas\u0131n\u0131n \u00f6n\u00fcnde bir engel oldu\u011funu savundu.\u00a0<br \/>\n\u00a0<\/p>\n<p>\u200bKonyaalt\u0131 Belediyesi Ba\u015fkan Yard\u0131mc\u0131s\u0131 M\u00fcge Gezginci \u00dcnsal, 25 Kas\u0131m Kad\u0131na Y\u00f6nelik \u015eiddete Kar\u015f\u0131 Uluslararas\u0131 M\u00fccadele G\u00fcn\u00fc\u2019nde \u00f6nemli mesajlar verdi\u00a0<\/p>\n<p>\u200bHaberin Al\u0131nt\u0131land\u0131\u011f\u0131 Kaynak: www.antalyakorfez.com<\/p>","protected":false},"excerpt":{"rendered":"<p>Konyaalt\u0131 Belediye Ba\u015fkan Yard\u0131mc\u0131s\u0131 M\u00fcge Gezginci \u00dcnsal, g\u00f6n\u00fcll\u00fc olarak yer ald\u0131\u011f\u0131 kad\u0131na y\u00f6nelik istismar ve \u015fiddet davalar\u0131nda \u2018\u0130stanbul S\u00f6zle\u015fmesi\u2019nin y\u00fcr\u00fcrl\u00fckte olmamas\u0131n\u0131n sonu\u00e7lar\u0131n\u0131 deneyimlediklerini s\u00f6yledi. \u00dcnsal, hem hukuki mecralarda hem CHP i\u00e7inde hem de Konyaalt\u0131 Belediyesi olarak kad\u0131na y\u00f6nelik \u015fiddetin \u00f6nlenmesi ve kad\u0131n\u0131n toplumda hakketti\u011fi yeri alabilmesi i\u00e7in y\u00fcr\u00fctt\u00fckleri \u00e7al\u0131\u015fmalar\u0131 ve projeleri anlatt\u0131.\u00a0 KADINLAR S\u0130YASETTE CHP\u2019DE KEND\u0130NE DAHA FAZLA YER BULMAYA BA\u015eLADI \u00a0Siyasette kad\u0131n konusunda ise \u00dcnsal, \u201cBug\u00fcn 1934\u2019e d\u00f6nsek, daha \u00e7ok hakka sahipmi\u015fiz bunu g\u00f6r\u00fcyoruz \u201c dedi. Partisi CHP\u2019nin de\u011fi\u015fim kurultay\u0131 olarak adland\u0131r\u0131lan kurultay\u0131ndan sonra ger\u00e7ekle\u015fen t\u00fcz\u00fck kurultay\u0131nda kad\u0131n kotas\u0131n\u0131n y\u00fczde 33\u2019ten y\u00fczde 50\u2019ye \u00e7\u0131kart\u0131ld\u0131\u011f\u0131n\u0131 hat\u0131rlatan \u00dcnsal, \u00a0\u201cKurultay\u2019dan sonra Parti Meclisi ya\u015f ortalamas\u0131 43\u2019e d\u00fc\u015ft\u00fc. MYK\u2019n\u0131n yar\u0131s\u0131 kad\u0131n, yar\u0131s\u0131 erkek. \u00d6nceki d\u00f6neme g\u00f6re belediye ba\u015fkan kad\u0131n say\u0131s\u0131 y\u00fczde 353 artt\u0131. \u015eu an 35 kad\u0131n belediye ba\u015fkan\u0131 var CHP\u2019de\u201d diye konu\u015ftu. \u00a0\u00a0 TOPLUMSAL C\u0130NS\u0130YET E\u015e\u0130TL\u0130\u011e\u0130N\u0130 YERELDEN BA\u015eLATMAYI HEDEFLED\u0130K Konyaalt\u0131 Belediyesi\u2019nde de \u00c7ocuk ve Kad\u0131n Dostu Kent Projesi\u2019nin \u00f6ncelendi\u011fini s\u00f6yleyen Ba\u015fkan Yard\u0131mc\u0131s\u0131 \u00dcnsal, \u201cKad\u0131n ve Aile M\u00fcd\u00fcrl\u00fc\u011f\u00fc kurmak istiyorduk, norm kadrodan dolay\u0131, n\u00fcfusumuzun d\u00fc\u015fmesi sebebi ile m\u00fcd\u00fcrl\u00fck kuramayaca\u011f\u0131m\u0131z i\u00e7in Konyaalt\u0131 Belediyesi\u2019nde e\u015fitlik birimi kurduk. Toplumsal cinsiyet e\u015fitli\u011fi, \u00a0yani kad\u0131n erkek e\u015fitli\u011fi, ya\u015fl\u0131, \u00e7ocuk engelli gibi dezavantajl\u0131 gruplar\u0131n hayata kazand\u0131r\u0131lmas\u0131, yereldeki t\u00fcm sistemlerden e\u015fit olarak faydalanmas\u0131 ad\u0131na politika \u00fcretmek istiyoruz. E\u015fitlik yerelde ba\u015flar &hellip;<\/p>","protected":false},"author":0,"featured_media":0,"comment_status":"open","ping_status":"open","sticky":false,"template":"","format":"standard","meta":{"_acf_changed":false,"footnotes":""},"categories":[24,535],"tags":[],"class_list":["post-17583","post","type-post","status-publish","format-standard","has-post-thumbnail","hentry","category-gundem","category-uncategorized-tr"],"acf":[],"yoast_head":"<!-- This site is optimized with the Yoast SEO Premium plugin v26.6 (Yoast SEO v27.1.1) - https:\/\/yoast.com\/product\/yoast-seo-premium-wordpress\/ -->\n<title>M\u00fcge Gezginci \u00dcnsal: &quot;Bug\u00fcne g\u00f6re 1934\u2019te daha \u00e7ok hakka sahipmi\u015fiz&quot; - Av. Deniz Can K\u0131z\u0131l<\/title>\n<meta name=\"robots\" content=\"index, follow, max-snippet:-1, max-image-preview:large, max-video-preview:-1\" \/>\n<link rel=\"canonical\" href=\"http:\/\/denizcankizil.tr\/en\/haberler\/gundem\/muge-gezginci-unsal-bugune-gore-1934te-daha-cok-hakka-sahipmisiz\/\" \/>\n<meta property=\"og:locale\" content=\"en_GB\" \/>\n<meta property=\"og:type\" content=\"article\" \/>\n<meta property=\"og:title\" content=\"M\u00fcge Gezginci \u00dcnsal: &quot;Bug\u00fcne g\u00f6re 1934\u2019te daha \u00e7ok hakka sahipmi\u015fiz&quot;\" \/>\n<meta property=\"og:description\" content=\"Konyaalt\u0131 Belediye Ba\u015fkan Yard\u0131mc\u0131s\u0131 M\u00fcge Gezginci \u00dcnsal, g\u00f6n\u00fcll\u00fc olarak yer ald\u0131\u011f\u0131 kad\u0131na y\u00f6nelik istismar ve \u015fiddet davalar\u0131nda \u2018\u0130stanbul S\u00f6zle\u015fmesi\u2019nin y\u00fcr\u00fcrl\u00fckte olmamas\u0131n\u0131n sonu\u00e7lar\u0131n\u0131 deneyimlediklerini s\u00f6yledi. \u00dcnsal, hem hukuki mecralarda hem CHP i\u00e7inde hem de Konyaalt\u0131 Belediyesi olarak kad\u0131na y\u00f6nelik \u015fiddetin \u00f6nlenmesi ve kad\u0131n\u0131n toplumda hakketti\u011fi yeri alabilmesi i\u00e7in y\u00fcr\u00fctt\u00fckleri \u00e7al\u0131\u015fmalar\u0131 ve projeleri anlatt\u0131.\u00a0 KADINLAR S\u0130YASETTE CHP\u2019DE KEND\u0130NE DAHA FAZLA YER BULMAYA BA\u015eLADI \u00a0Siyasette kad\u0131n konusunda ise \u00dcnsal, \u201cBug\u00fcn 1934\u2019e d\u00f6nsek, daha \u00e7ok hakka sahipmi\u015fiz bunu g\u00f6r\u00fcyoruz \u201c dedi. Partisi CHP\u2019nin de\u011fi\u015fim kurultay\u0131 olarak adland\u0131r\u0131lan kurultay\u0131ndan sonra ger\u00e7ekle\u015fen t\u00fcz\u00fck kurultay\u0131nda kad\u0131n kotas\u0131n\u0131n y\u00fczde 33\u2019ten y\u00fczde 50\u2019ye \u00e7\u0131kart\u0131ld\u0131\u011f\u0131n\u0131 hat\u0131rlatan \u00dcnsal, \u00a0\u201cKurultay\u2019dan sonra Parti Meclisi ya\u015f ortalamas\u0131 43\u2019e d\u00fc\u015ft\u00fc. MYK\u2019n\u0131n yar\u0131s\u0131 kad\u0131n, yar\u0131s\u0131 erkek. \u00d6nceki d\u00f6neme g\u00f6re belediye ba\u015fkan kad\u0131n say\u0131s\u0131 y\u00fczde 353 artt\u0131. \u015eu an 35 kad\u0131n belediye ba\u015fkan\u0131 var CHP\u2019de\u201d diye konu\u015ftu. \u00a0\u00a0 TOPLUMSAL C\u0130NS\u0130YET E\u015e\u0130TL\u0130\u011e\u0130N\u0130 YERELDEN BA\u015eLATMAYI HEDEFLED\u0130K Konyaalt\u0131 Belediyesi\u2019nde de \u00c7ocuk ve Kad\u0131n Dostu Kent Projesi\u2019nin \u00f6ncelendi\u011fini s\u00f6yleyen Ba\u015fkan Yard\u0131mc\u0131s\u0131 \u00dcnsal, \u201cKad\u0131n ve Aile M\u00fcd\u00fcrl\u00fc\u011f\u00fc kurmak istiyorduk, norm kadrodan dolay\u0131, n\u00fcfusumuzun d\u00fc\u015fmesi sebebi ile m\u00fcd\u00fcrl\u00fck kuramayaca\u011f\u0131m\u0131z i\u00e7in Konyaalt\u0131 Belediyesi\u2019nde e\u015fitlik birimi kurduk. Toplumsal cinsiyet e\u015fitli\u011fi, \u00a0yani kad\u0131n erkek e\u015fitli\u011fi, ya\u015fl\u0131, \u00e7ocuk engelli gibi dezavantajl\u0131 gruplar\u0131n hayata kazand\u0131r\u0131lmas\u0131, yereldeki t\u00fcm sistemlerden e\u015fit olarak faydalanmas\u0131 ad\u0131na politika \u00fcretmek istiyoruz. E\u015fitlik yerelde ba\u015flar &hellip;\" \/>\n<meta property=\"og:url\" content=\"http:\/\/denizcankizil.tr\/en\/haberler\/gundem\/muge-gezginci-unsal-bugune-gore-1934te-daha-cok-hakka-sahipmisiz\/\" \/>\n<meta property=\"og:site_name\" content=\"Av. Deniz Can K\u0131z\u0131l\" \/>\n<meta property=\"article:published_time\" content=\"2024-11-25T14:41:23+00:00\" \/>\n<meta name=\"twitter:card\" content=\"summary_large_image\" \/>\n<meta name=\"twitter:label1\" content=\"Estimated reading time\" \/>\n\t<meta name=\"twitter:data1\" content=\"4 minutes\" \/>\n<script type=\"application\/ld+json\" class=\"yoast-schema-graph\">{\"@context\":\"https:\/\/schema.org\",\"@graph\":[{\"@type\":\"Article\",\"@id\":\"http:\/\/denizcankizil.tr\/en\/haberler\/gundem\/muge-gezginci-unsal-bugune-gore-1934te-daha-cok-hakka-sahipmisiz\/#article\",\"isPartOf\":{\"@id\":\"http:\/\/denizcankizil.tr\/en\/haberler\/gundem\/muge-gezginci-unsal-bugune-gore-1934te-daha-cok-hakka-sahipmisiz\/\"},\"author\":{\"name\":\"\",\"@id\":\"\"},\"headline\":\"M\u00fcge Gezginci \u00dcnsal: &#8220;Bug\u00fcne g\u00f6re 1934\u2019te daha \u00e7ok hakka sahipmi\u015fiz&#8221;\",\"datePublished\":\"2024-11-25T14:41:23+00:00\",\"mainEntityOfPage\":{\"@id\":\"http:\/\/denizcankizil.tr\/en\/haberler\/gundem\/muge-gezginci-unsal-bugune-gore-1934te-daha-cok-hakka-sahipmisiz\/\"},\"wordCount\":714,\"commentCount\":0,\"publisher\":{\"@id\":\"https:\/\/denizcankizil.tr\/de\/#organization\"},\"articleSection\":[\"G\u00fcndem\",\"Uncategorized\"],\"inLanguage\":\"en-GB\",\"potentialAction\":[{\"@type\":\"CommentAction\",\"name\":\"Comment\",\"target\":[\"http:\/\/denizcankizil.tr\/en\/haberler\/gundem\/muge-gezginci-unsal-bugune-gore-1934te-daha-cok-hakka-sahipmisiz\/#respond\"]}]},{\"@type\":\"WebPage\",\"@id\":\"http:\/\/denizcankizil.tr\/en\/haberler\/gundem\/muge-gezginci-unsal-bugune-gore-1934te-daha-cok-hakka-sahipmisiz\/\",\"url\":\"http:\/\/denizcankizil.tr\/en\/haberler\/gundem\/muge-gezginci-unsal-bugune-gore-1934te-daha-cok-hakka-sahipmisiz\/\",\"name\":\"M\u00fcge Gezginci \u00dcnsal: \\\"Bug\u00fcne g\u00f6re 1934\u2019te daha \u00e7ok hakka sahipmi\u015fiz\\\" - Av. Deniz Can K\u0131z\u0131l\",\"isPartOf\":{\"@id\":\"https:\/\/denizcankizil.tr\/de\/#website\"},\"datePublished\":\"2024-11-25T14:41:23+00:00\",\"breadcrumb\":{\"@id\":\"http:\/\/denizcankizil.tr\/en\/haberler\/gundem\/muge-gezginci-unsal-bugune-gore-1934te-daha-cok-hakka-sahipmisiz\/#breadcrumb\"},\"inLanguage\":\"en-GB\",\"potentialAction\":[{\"@type\":\"ReadAction\",\"target\":[\"http:\/\/denizcankizil.tr\/en\/haberler\/gundem\/muge-gezginci-unsal-bugune-gore-1934te-daha-cok-hakka-sahipmisiz\/\"]}]},{\"@type\":\"BreadcrumbList\",\"@id\":\"http:\/\/denizcankizil.tr\/en\/haberler\/gundem\/muge-gezginci-unsal-bugune-gore-1934te-daha-cok-hakka-sahipmisiz\/#breadcrumb\",\"itemListElement\":[{\"@type\":\"ListItem\",\"position\":1,\"name\":\"Home\",\"item\":\"https:\/\/denizcankizil.tr\/de\/\"},{\"@type\":\"ListItem\",\"position\":2,\"name\":\"M\u00fcge Gezginci \u00dcnsal: &#8220;Bug\u00fcne g\u00f6re 1934\u2019te daha \u00e7ok hakka sahipmi\u015fiz&#8221;\"}]},{\"@type\":\"WebSite\",\"@id\":\"https:\/\/denizcankizil.tr\/de\/#website\",\"url\":\"https:\/\/denizcankizil.tr\/de\/\",\"name\":\"Av. Deniz Can K\u0131z\u0131l\",\"description\":\"Avukat Deniz Can K\u0131z\u0131l Antalya Barosu\",\"publisher\":{\"@id\":\"https:\/\/denizcankizil.tr\/de\/#organization\"},\"potentialAction\":[{\"@type\":\"SearchAction\",\"target\":{\"@type\":\"EntryPoint\",\"urlTemplate\":\"https:\/\/denizcankizil.tr\/de\/?s={search_term_string}\"},\"query-input\":{\"@type\":\"PropertyValueSpecification\",\"valueRequired\":true,\"valueName\":\"search_term_string\"}}],\"inLanguage\":\"en-GB\"},{\"@type\":\"Organization\",\"@id\":\"https:\/\/denizcankizil.tr\/de\/#organization\",\"name\":\"Av. Deniz Can K\u0131z\u0131l\",\"url\":\"https:\/\/denizcankizil.tr\/de\/\",\"logo\":{\"@type\":\"ImageObject\",\"inLanguage\":\"en-GB\",\"@id\":\"https:\/\/denizcankizil.tr\/de\/#\/schema\/logo\/image\/\",\"url\":\"http:\/\/denizcankizil.tr\/wp-content\/uploads\/2024\/10\/siyah-logo-svg.svg\",\"contentUrl\":\"http:\/\/denizcankizil.tr\/wp-content\/uploads\/2024\/10\/siyah-logo-svg.svg\",\"width\":1080,\"height\":1080,\"caption\":\"Av. Deniz Can K\u0131z\u0131l\"},\"image\":{\"@id\":\"https:\/\/denizcankizil.tr\/de\/#\/schema\/logo\/image\/\"}}]}<\/script>\n<!-- \/ Yoast SEO Premium plugin. -->","yoast_head_json":{"title":"M\u00fcge Gezginci \u00dcnsal: \"Bug\u00fcne g\u00f6re 1934\u2019te daha \u00e7ok hakka sahipmi\u015fiz\" - Av. Deniz Can K\u0131z\u0131l","robots":{"index":"index","follow":"follow","max-snippet":"max-snippet:-1","max-image-preview":"max-image-preview:large","max-video-preview":"max-video-preview:-1"},"canonical":"http:\/\/denizcankizil.tr\/en\/haberler\/gundem\/muge-gezginci-unsal-bugune-gore-1934te-daha-cok-hakka-sahipmisiz\/","og_locale":"en_GB","og_type":"article","og_title":"M\u00fcge Gezginci \u00dcnsal: \"Bug\u00fcne g\u00f6re 1934\u2019te daha \u00e7ok hakka sahipmi\u015fiz\"","og_description":"Konyaalt\u0131 Belediye Ba\u015fkan Yard\u0131mc\u0131s\u0131 M\u00fcge Gezginci \u00dcnsal, g\u00f6n\u00fcll\u00fc olarak yer ald\u0131\u011f\u0131 kad\u0131na y\u00f6nelik istismar ve \u015fiddet davalar\u0131nda \u2018\u0130stanbul S\u00f6zle\u015fmesi\u2019nin y\u00fcr\u00fcrl\u00fckte olmamas\u0131n\u0131n sonu\u00e7lar\u0131n\u0131 deneyimlediklerini s\u00f6yledi. \u00dcnsal, hem hukuki mecralarda hem CHP i\u00e7inde hem de Konyaalt\u0131 Belediyesi olarak kad\u0131na y\u00f6nelik \u015fiddetin \u00f6nlenmesi ve kad\u0131n\u0131n toplumda hakketti\u011fi yeri alabilmesi i\u00e7in y\u00fcr\u00fctt\u00fckleri \u00e7al\u0131\u015fmalar\u0131 ve projeleri anlatt\u0131.\u00a0 KADINLAR S\u0130YASETTE CHP\u2019DE KEND\u0130NE DAHA FAZLA YER BULMAYA BA\u015eLADI \u00a0Siyasette kad\u0131n konusunda ise \u00dcnsal, \u201cBug\u00fcn 1934\u2019e d\u00f6nsek, daha \u00e7ok hakka sahipmi\u015fiz bunu g\u00f6r\u00fcyoruz \u201c dedi. Partisi CHP\u2019nin de\u011fi\u015fim kurultay\u0131 olarak adland\u0131r\u0131lan kurultay\u0131ndan sonra ger\u00e7ekle\u015fen t\u00fcz\u00fck kurultay\u0131nda kad\u0131n kotas\u0131n\u0131n y\u00fczde 33\u2019ten y\u00fczde 50\u2019ye \u00e7\u0131kart\u0131ld\u0131\u011f\u0131n\u0131 hat\u0131rlatan \u00dcnsal, \u00a0\u201cKurultay\u2019dan sonra Parti Meclisi ya\u015f ortalamas\u0131 43\u2019e d\u00fc\u015ft\u00fc. MYK\u2019n\u0131n yar\u0131s\u0131 kad\u0131n, yar\u0131s\u0131 erkek. \u00d6nceki d\u00f6neme g\u00f6re belediye ba\u015fkan kad\u0131n say\u0131s\u0131 y\u00fczde 353 artt\u0131. \u015eu an 35 kad\u0131n belediye ba\u015fkan\u0131 var CHP\u2019de\u201d diye konu\u015ftu. \u00a0\u00a0 TOPLUMSAL C\u0130NS\u0130YET E\u015e\u0130TL\u0130\u011e\u0130N\u0130 YERELDEN BA\u015eLATMAYI HEDEFLED\u0130K Konyaalt\u0131 Belediyesi\u2019nde de \u00c7ocuk ve Kad\u0131n Dostu Kent Projesi\u2019nin \u00f6ncelendi\u011fini s\u00f6yleyen Ba\u015fkan Yard\u0131mc\u0131s\u0131 \u00dcnsal, \u201cKad\u0131n ve Aile M\u00fcd\u00fcrl\u00fc\u011f\u00fc kurmak istiyorduk, norm kadrodan dolay\u0131, n\u00fcfusumuzun d\u00fc\u015fmesi sebebi ile m\u00fcd\u00fcrl\u00fck kuramayaca\u011f\u0131m\u0131z i\u00e7in Konyaalt\u0131 Belediyesi\u2019nde e\u015fitlik birimi kurduk. Toplumsal cinsiyet e\u015fitli\u011fi, \u00a0yani kad\u0131n erkek e\u015fitli\u011fi, ya\u015fl\u0131, \u00e7ocuk engelli gibi dezavantajl\u0131 gruplar\u0131n hayata kazand\u0131r\u0131lmas\u0131, yereldeki t\u00fcm sistemlerden e\u015fit olarak faydalanmas\u0131 ad\u0131na politika \u00fcretmek istiyoruz. E\u015fitlik yerelde ba\u015flar &hellip;","og_url":"http:\/\/denizcankizil.tr\/en\/haberler\/gundem\/muge-gezginci-unsal-bugune-gore-1934te-daha-cok-hakka-sahipmisiz\/","og_site_name":"Av. Deniz Can K\u0131z\u0131l","article_published_time":"2024-11-25T14:41:23+00:00","twitter_card":"summary_large_image","twitter_misc":{"Estimated reading time":"4 minutes"},"schema":{"@context":"https:\/\/schema.org","@graph":[{"@type":"Article","@id":"http:\/\/denizcankizil.tr\/en\/haberler\/gundem\/muge-gezginci-unsal-bugune-gore-1934te-daha-cok-hakka-sahipmisiz\/#article","isPartOf":{"@id":"http:\/\/denizcankizil.tr\/en\/haberler\/gundem\/muge-gezginci-unsal-bugune-gore-1934te-daha-cok-hakka-sahipmisiz\/"},"author":{"name":"","@id":""},"headline":"M\u00fcge Gezginci \u00dcnsal: &#8220;Bug\u00fcne g\u00f6re 1934\u2019te daha \u00e7ok hakka sahipmi\u015fiz&#8221;","datePublished":"2024-11-25T14:41:23+00:00","mainEntityOfPage":{"@id":"http:\/\/denizcankizil.tr\/en\/haberler\/gundem\/muge-gezginci-unsal-bugune-gore-1934te-daha-cok-hakka-sahipmisiz\/"},"wordCount":714,"commentCount":0,"publisher":{"@id":"https:\/\/denizcankizil.tr\/de\/#organization"},"articleSection":["G\u00fcndem","Uncategorized"],"inLanguage":"en-GB","potentialAction":[{"@type":"CommentAction","name":"Comment","target":["http:\/\/denizcankizil.tr\/en\/haberler\/gundem\/muge-gezginci-unsal-bugune-gore-1934te-daha-cok-hakka-sahipmisiz\/#respond"]}]},{"@type":"WebPage","@id":"http:\/\/denizcankizil.tr\/en\/haberler\/gundem\/muge-gezginci-unsal-bugune-gore-1934te-daha-cok-hakka-sahipmisiz\/","url":"http:\/\/denizcankizil.tr\/en\/haberler\/gundem\/muge-gezginci-unsal-bugune-gore-1934te-daha-cok-hakka-sahipmisiz\/","name":"M\u00fcge Gezginci \u00dcnsal: \"Bug\u00fcne g\u00f6re 1934\u2019te daha \u00e7ok hakka sahipmi\u015fiz\" - Av. Deniz Can K\u0131z\u0131l","isPartOf":{"@id":"https:\/\/denizcankizil.tr\/de\/#website"},"datePublished":"2024-11-25T14:41:23+00:00","breadcrumb":{"@id":"http:\/\/denizcankizil.tr\/en\/haberler\/gundem\/muge-gezginci-unsal-bugune-gore-1934te-daha-cok-hakka-sahipmisiz\/#breadcrumb"},"inLanguage":"en-GB","potentialAction":[{"@type":"ReadAction","target":["http:\/\/denizcankizil.tr\/en\/haberler\/gundem\/muge-gezginci-unsal-bugune-gore-1934te-daha-cok-hakka-sahipmisiz\/"]}]},{"@type":"BreadcrumbList","@id":"http:\/\/denizcankizil.tr\/en\/haberler\/gundem\/muge-gezginci-unsal-bugune-gore-1934te-daha-cok-hakka-sahipmisiz\/#breadcrumb","itemListElement":[{"@type":"ListItem","position":1,"name":"Home","item":"https:\/\/denizcankizil.tr\/de\/"},{"@type":"ListItem","position":2,"name":"M\u00fcge Gezginci \u00dcnsal: &#8220;Bug\u00fcne g\u00f6re 1934\u2019te daha \u00e7ok hakka sahipmi\u015fiz&#8221;"}]},{"@type":"WebSite","@id":"https:\/\/denizcankizil.tr\/de\/#website","url":"https:\/\/denizcankizil.tr\/de\/","name":"Av. Deniz Can K\u0131z\u0131l","description":"Avukat Deniz Can K\u0131z\u0131l Antalya Barosu","publisher":{"@id":"https:\/\/denizcankizil.tr\/de\/#organization"},"potentialAction":[{"@type":"SearchAction","target":{"@type":"EntryPoint","urlTemplate":"https:\/\/denizcankizil.tr\/de\/?s={search_term_string}"},"query-input":{"@type":"PropertyValueSpecification","valueRequired":true,"valueName":"search_term_string"}}],"inLanguage":"en-GB"},{"@type":"Organization","@id":"https:\/\/denizcankizil.tr\/de\/#organization","name":"Av. Deniz Can K\u0131z\u0131l","url":"https:\/\/denizcankizil.tr\/de\/","logo":{"@type":"ImageObject","inLanguage":"en-GB","@id":"https:\/\/denizcankizil.tr\/de\/#\/schema\/logo\/image\/","url":"http:\/\/denizcankizil.tr\/wp-content\/uploads\/2024\/10\/siyah-logo-svg.svg","contentUrl":"http:\/\/denizcankizil.tr\/wp-content\/uploads\/2024\/10\/siyah-logo-svg.svg","width":1080,"height":1080,"caption":"Av. Deniz Can K\u0131z\u0131l"},"image":{"@id":"https:\/\/denizcankizil.tr\/de\/#\/schema\/logo\/image\/"}}]}},"_links":{"self":[{"href":"http:\/\/denizcankizil.tr\/en\/wp-json\/wp\/v2\/posts\/17583","targetHints":{"allow":["GET"]}}],"collection":[{"href":"http:\/\/denizcankizil.tr\/en\/wp-json\/wp\/v2\/posts"}],"about":[{"href":"http:\/\/denizcankizil.tr\/en\/wp-json\/wp\/v2\/types\/post"}],"replies":[{"embeddable":true,"href":"http:\/\/denizcankizil.tr\/en\/wp-json\/wp\/v2\/comments?post=17583"}],"version-history":[{"count":0,"href":"http:\/\/denizcankizil.tr\/en\/wp-json\/wp\/v2\/posts\/17583\/revisions"}],"wp:attachment":[{"href":"http:\/\/denizcankizil.tr\/en\/wp-json\/wp\/v2\/media?parent=17583"}],"wp:term":[{"taxonomy":"category","embeddable":true,"href":"http:\/\/denizcankizil.tr\/en\/wp-json\/wp\/v2\/categories?post=17583"},{"taxonomy":"post_tag","embeddable":true,"href":"http:\/\/denizcankizil.tr\/en\/wp-json\/wp\/v2\/tags?post=17583"}],"curies":[{"name":"wp","href":"https:\/\/api.w.org\/{rel}","templated":true}]}}