{"id":17519,"date":"2024-11-25T12:41:15","date_gmt":"2024-11-25T09:41:15","guid":{"rendered":"https:\/\/denizcankizil.tr\/uncategorized-tr\/ikinci-bahari-kabusa-dondu\/"},"modified":"2024-11-25T12:41:15","modified_gmt":"2024-11-25T09:41:15","slug":"ikinci-bahari-kabusa-dondu","status":"publish","type":"post","link":"http:\/\/denizcankizil.tr\/en\/haberler\/antalya\/ikinci-bahari-kabusa-dondu\/","title":{"rendered":"\u0130kinci bahar\u0131 kabusa d\u00f6nd\u00fc"},"content":{"rendered":"<p>Muratpa\u015fa il\u00e7esinde ya\u015fayan Ahmet Yarba\u015f\u0131, hastal\u0131klar\u0131 nedeniyle bir s\u00fcredir yata\u011fa ba\u011f\u0131ml\u0131 ya\u015fayan 47 y\u0131ll\u0131k e\u015fi Leyla Yarba\u015f\u0131&#8217;n\u0131 2020 y\u0131l\u0131nda kaybetti. Arkada\u015flar\u0131n\u0131n arac\u0131 olmas\u0131yla Ahmet Yarba\u015f\u0131 2021 y\u0131l\u0131nda tan\u0131\u015ft\u0131\u011f\u0131 N.Y. ile evlendi. \u0130kinci bahar\u0131n\u0131 ya\u015famak i\u00e7in tekrar d\u00fcnya evine giren Ahmet Yarba\u015f\u0131&#8217;n\u0131n evlili\u011finin ilk \u00fc\u00e7 ay\u0131nda her \u015fey yolundayd\u0131. Ancak iddiaya g\u00f6re 3 ay sonra N.Y.&#8217;nin Yarba\u015f\u0131&#8217;dan istekleri art\u0131nca ikili aras\u0131nda ge\u00e7imsizlik ba\u015flad\u0131. Bunun \u00fczerine Ahmet Yarba\u015f\u0131, evden ayr\u0131larak yak\u0131nlar\u0131n\u0131n yan\u0131na yerle\u015fti. Bo\u015fanma davas\u0131 da a\u00e7an Yarba\u015f\u0131, 32 y\u0131l \u00f6nce emekli ikramiyesiyle ald\u0131\u011f\u0131 evine N.Y.&#8217;nin ald\u0131rd\u0131\u011f\u0131 uzakla\u015ft\u0131rma karar\u0131 nedeniyle giremez oldu. Yarba\u015f\u0131&#8217;n\u0131n \u00e7ocuklar\u0131n\u0131n araya girmesiyle tekrar bar\u0131\u015fan \u00e7ift, yine benzer sorunlar ya\u015famaya ba\u015flad\u0131. Bunun \u00fczerine Ahmet Yarba\u015f\u0131 bo\u015fanmak istedi\u011fini s\u00f6yleyince iddiaya g\u00f6re N.Y. ise Yarba\u015f\u0131&#8217;n\u0131n 32 y\u0131l \u00f6nce ald\u0131\u011f\u0131 evinin ve arabas\u0131n\u0131n yar\u0131s\u0131n\u0131 isteyip, evden \u00e7\u0131kmayaca\u011f\u0131n\u0131 belirtti. Ahmet Yarba\u015f\u0131 1,5 ay \u00f6nce evden ayr\u0131ld\u0131. Davan\u0131n devam etti\u011fi s\u0131rada Yarba\u015f\u0131, sokak \u00fczerine park etti\u011fi otomobilinin i\u00e7erisinde ya\u015famaya ba\u015flad\u0131. G\u00fcnd\u00fczleri arkada\u015flar\u0131n\u0131n i\u015f yerlerine giden Yarba\u015f\u0131, geceleri ise battaniyesi ve e\u015fyalar\u0131yla arabas\u0131nda uyuyor.<\/p>\n<p>Ya\u015fad\u0131klar\u0131n\u0131 DHA muhabirine anlatan Ahmet Yarba\u015f\u0131, &#8220;E\u015fim vefat ettikten 1 sene sonra arkada\u015flar\u0131m\u0131n vas\u0131tas\u0131yla evlendim. \u0130lk 3 ay her \u015fey yolundayd\u0131. Daha sonra e\u015fim de\u011fi\u015fmeye ba\u015flad\u0131. S\u00fcrekli bir \u015feyler istemeye ba\u015flad\u0131 ancak maddi durumum yetmedi\u011fi i\u00e7in aram\u0131z a\u00e7\u0131ld\u0131. Evi terk edip dava a\u00e7t\u0131m. 4 ay kadar ayr\u0131 kald\u0131k. Bu s\u0131rada uzakla\u015ft\u0131rma karar\u0131 ald\u0131rd\u0131. Sonra k\u0131z\u0131m\u0131n vas\u0131tas\u0131yla bar\u0131\u015ft\u0131k ancak 12 g\u00fcn sonra yine benzer \u015feyler oldu. Bo\u015fanmak istedi\u011fimi s\u00f6yleyince &#8216;Ben bo\u015fanmam&#8217; dedi. Ancak tekrardan bo\u015fanma davas\u0131 a\u00e7t\u0131m&#8221; dedi.<\/p>\n<p>Davan\u0131n bir an \u00f6nce sonlanmas\u0131n\u0131 bekledi\u011fini belirten Yarba\u015f\u0131, &#8220;Evden kendim ayr\u0131ld\u0131m. S\u00fcrekli bana laf sokuyor, hakaret ediyordu. Ben de ters bir \u015fey s\u00f6ylememek i\u00e7in ayr\u0131ld\u0131m. Evi ben 32 sene \u00f6nce emekli ikramiyemle alm\u0131\u015ft\u0131m. Kendisi evden de \u00e7\u0131km\u0131yor. Evin yar\u0131s\u0131n\u0131 ve araban\u0131n paras\u0131n\u0131 istiyor. Kendi evime d\u00f6nmek istiyorum. Sa\u011fda solda arabada ya\u015f\u0131yorum. Bazen akrabalar\u0131m\u0131n yan\u0131na gidiyorum. Arabada ya\u015famak \u00e7ok zor&#8221; diye konu\u015ftu<\/p>\n<p>Kaynak: www.kanalv.com.tr Haber Sitesinden Al\u0131nm\u0131\u015ft\u0131r.<\/p>","protected":false},"excerpt":{"rendered":"<p>Muratpa\u015fa il\u00e7esinde ya\u015fayan Ahmet Yarba\u015f\u0131, hastal\u0131klar\u0131 nedeniyle bir s\u00fcredir yata\u011fa ba\u011f\u0131ml\u0131 ya\u015fayan 47 y\u0131ll\u0131k e\u015fi Leyla Yarba\u015f\u0131&#8217;n\u0131 2020 y\u0131l\u0131nda kaybetti. Arkada\u015flar\u0131n\u0131n arac\u0131 olmas\u0131yla Ahmet Yarba\u015f\u0131 2021 y\u0131l\u0131nda tan\u0131\u015ft\u0131\u011f\u0131 N.Y. ile evlendi. \u0130kinci bahar\u0131n\u0131 ya\u015famak i\u00e7in tekrar d\u00fcnya evine giren Ahmet Yarba\u015f\u0131&#8217;n\u0131n evlili\u011finin ilk \u00fc\u00e7 ay\u0131nda her \u015fey yolundayd\u0131. Ancak iddiaya g\u00f6re 3 ay sonra N.Y.&#8217;nin Yarba\u015f\u0131&#8217;dan istekleri art\u0131nca ikili aras\u0131nda ge\u00e7imsizlik ba\u015flad\u0131. Bunun \u00fczerine Ahmet Yarba\u015f\u0131, evden ayr\u0131larak yak\u0131nlar\u0131n\u0131n yan\u0131na yerle\u015fti. Bo\u015fanma davas\u0131 da a\u00e7an Yarba\u015f\u0131, 32 y\u0131l \u00f6nce emekli ikramiyesiyle ald\u0131\u011f\u0131 evine N.Y.&#8217;nin ald\u0131rd\u0131\u011f\u0131 uzakla\u015ft\u0131rma karar\u0131 nedeniyle giremez oldu. Yarba\u015f\u0131&#8217;n\u0131n \u00e7ocuklar\u0131n\u0131n araya girmesiyle tekrar bar\u0131\u015fan \u00e7ift, yine benzer sorunlar ya\u015famaya ba\u015flad\u0131. Bunun \u00fczerine Ahmet Yarba\u015f\u0131 bo\u015fanmak istedi\u011fini s\u00f6yleyince iddiaya g\u00f6re N.Y. ise Yarba\u015f\u0131&#8217;n\u0131n 32 y\u0131l \u00f6nce ald\u0131\u011f\u0131 evinin ve arabas\u0131n\u0131n yar\u0131s\u0131n\u0131 isteyip, evden \u00e7\u0131kmayaca\u011f\u0131n\u0131 belirtti. Ahmet Yarba\u015f\u0131 1,5 ay \u00f6nce evden ayr\u0131ld\u0131. Davan\u0131n devam etti\u011fi s\u0131rada Yarba\u015f\u0131, sokak \u00fczerine park etti\u011fi otomobilinin i\u00e7erisinde ya\u015famaya ba\u015flad\u0131. G\u00fcnd\u00fczleri arkada\u015flar\u0131n\u0131n i\u015f yerlerine giden Yarba\u015f\u0131, geceleri ise battaniyesi ve e\u015fyalar\u0131yla arabas\u0131nda uyuyor. Ya\u015fad\u0131klar\u0131n\u0131 DHA muhabirine anlatan Ahmet Yarba\u015f\u0131, &#8220;E\u015fim vefat ettikten 1 sene sonra arkada\u015flar\u0131m\u0131n vas\u0131tas\u0131yla evlendim. \u0130lk 3 ay her \u015fey yolundayd\u0131. Daha sonra e\u015fim de\u011fi\u015fmeye ba\u015flad\u0131. S\u00fcrekli bir \u015feyler istemeye ba\u015flad\u0131 ancak maddi durumum yetmedi\u011fi i\u00e7in aram\u0131z a\u00e7\u0131ld\u0131. Evi terk edip &hellip;<\/p>","protected":false},"author":0,"featured_media":17520,"comment_status":"open","ping_status":"open","sticky":false,"template":"","format":"standard","meta":{"_acf_changed":false,"footnotes":""},"categories":[26,535],"tags":[],"class_list":["post-17519","post","type-post","status-publish","format-standard","has-post-thumbnail","hentry","category-antalya","category-uncategorized-tr"],"acf":[],"yoast_head":"<!-- This site is optimized with the Yoast SEO Premium plugin v26.6 (Yoast SEO v27.1.1) - https:\/\/yoast.com\/product\/yoast-seo-premium-wordpress\/ -->\n<title>\u0130kinci bahar\u0131 kabusa d\u00f6nd\u00fc - Av. Deniz Can K\u0131z\u0131l<\/title>\n<meta name=\"robots\" content=\"index, follow, max-snippet:-1, max-image-preview:large, max-video-preview:-1\" \/>\n<link rel=\"canonical\" href=\"http:\/\/denizcankizil.tr\/en\/haberler\/antalya\/ikinci-bahari-kabusa-dondu\/\" \/>\n<meta property=\"og:locale\" content=\"en_GB\" \/>\n<meta property=\"og:type\" content=\"article\" \/>\n<meta property=\"og:title\" content=\"\u0130kinci bahar\u0131 kabusa d\u00f6nd\u00fc\" \/>\n<meta property=\"og:description\" content=\"Muratpa\u015fa il\u00e7esinde ya\u015fayan Ahmet Yarba\u015f\u0131, hastal\u0131klar\u0131 nedeniyle bir s\u00fcredir yata\u011fa ba\u011f\u0131ml\u0131 ya\u015fayan 47 y\u0131ll\u0131k e\u015fi Leyla Yarba\u015f\u0131&#8217;n\u0131 2020 y\u0131l\u0131nda kaybetti. Arkada\u015flar\u0131n\u0131n arac\u0131 olmas\u0131yla Ahmet Yarba\u015f\u0131 2021 y\u0131l\u0131nda tan\u0131\u015ft\u0131\u011f\u0131 N.Y. ile evlendi. \u0130kinci bahar\u0131n\u0131 ya\u015famak i\u00e7in tekrar d\u00fcnya evine giren Ahmet Yarba\u015f\u0131&#8217;n\u0131n evlili\u011finin ilk \u00fc\u00e7 ay\u0131nda her \u015fey yolundayd\u0131. Ancak iddiaya g\u00f6re 3 ay sonra N.Y.&#8217;nin Yarba\u015f\u0131&#8217;dan istekleri art\u0131nca ikili aras\u0131nda ge\u00e7imsizlik ba\u015flad\u0131. Bunun \u00fczerine Ahmet Yarba\u015f\u0131, evden ayr\u0131larak yak\u0131nlar\u0131n\u0131n yan\u0131na yerle\u015fti. Bo\u015fanma davas\u0131 da a\u00e7an Yarba\u015f\u0131, 32 y\u0131l \u00f6nce emekli ikramiyesiyle ald\u0131\u011f\u0131 evine N.Y.&#8217;nin ald\u0131rd\u0131\u011f\u0131 uzakla\u015ft\u0131rma karar\u0131 nedeniyle giremez oldu. Yarba\u015f\u0131&#8217;n\u0131n \u00e7ocuklar\u0131n\u0131n araya girmesiyle tekrar bar\u0131\u015fan \u00e7ift, yine benzer sorunlar ya\u015famaya ba\u015flad\u0131. Bunun \u00fczerine Ahmet Yarba\u015f\u0131 bo\u015fanmak istedi\u011fini s\u00f6yleyince iddiaya g\u00f6re N.Y. ise Yarba\u015f\u0131&#8217;n\u0131n 32 y\u0131l \u00f6nce ald\u0131\u011f\u0131 evinin ve arabas\u0131n\u0131n yar\u0131s\u0131n\u0131 isteyip, evden \u00e7\u0131kmayaca\u011f\u0131n\u0131 belirtti. Ahmet Yarba\u015f\u0131 1,5 ay \u00f6nce evden ayr\u0131ld\u0131. Davan\u0131n devam etti\u011fi s\u0131rada Yarba\u015f\u0131, sokak \u00fczerine park etti\u011fi otomobilinin i\u00e7erisinde ya\u015famaya ba\u015flad\u0131. G\u00fcnd\u00fczleri arkada\u015flar\u0131n\u0131n i\u015f yerlerine giden Yarba\u015f\u0131, geceleri ise battaniyesi ve e\u015fyalar\u0131yla arabas\u0131nda uyuyor. Ya\u015fad\u0131klar\u0131n\u0131 DHA muhabirine anlatan Ahmet Yarba\u015f\u0131, &#8220;E\u015fim vefat ettikten 1 sene sonra arkada\u015flar\u0131m\u0131n vas\u0131tas\u0131yla evlendim. \u0130lk 3 ay her \u015fey yolundayd\u0131. Daha sonra e\u015fim de\u011fi\u015fmeye ba\u015flad\u0131. S\u00fcrekli bir \u015feyler istemeye ba\u015flad\u0131 ancak maddi durumum yetmedi\u011fi i\u00e7in aram\u0131z a\u00e7\u0131ld\u0131. Evi terk edip &hellip;\" \/>\n<meta property=\"og:url\" content=\"http:\/\/denizcankizil.tr\/en\/haberler\/antalya\/ikinci-bahari-kabusa-dondu\/\" \/>\n<meta property=\"og:site_name\" content=\"Av. Deniz Can K\u0131z\u0131l\" \/>\n<meta property=\"article:published_time\" content=\"2024-11-25T09:41:15+00:00\" \/>\n<meta property=\"og:image\" content=\"http:\/\/denizcankizil.tr\/wp-content\/uploads\/2024\/11\/3260-01-ejQcFW.jpeg\" \/>\n\t<meta property=\"og:image:width\" content=\"1280\" \/>\n\t<meta property=\"og:image:height\" content=\"720\" \/>\n\t<meta property=\"og:image:type\" content=\"image\/jpeg\" \/>\n<meta name=\"twitter:card\" content=\"summary_large_image\" \/>\n<meta name=\"twitter:label1\" content=\"Estimated reading time\" \/>\n\t<meta name=\"twitter:data1\" content=\"2 minutes\" \/>\n<script type=\"application\/ld+json\" class=\"yoast-schema-graph\">{\"@context\":\"https:\/\/schema.org\",\"@graph\":[{\"@type\":\"Article\",\"@id\":\"http:\/\/denizcankizil.tr\/en\/haberler\/antalya\/ikinci-bahari-kabusa-dondu\/#article\",\"isPartOf\":{\"@id\":\"http:\/\/denizcankizil.tr\/en\/haberler\/antalya\/ikinci-bahari-kabusa-dondu\/\"},\"author\":{\"name\":\"\",\"@id\":\"\"},\"headline\":\"\u0130kinci bahar\u0131 kabusa d\u00f6nd\u00fc\",\"datePublished\":\"2024-11-25T09:41:15+00:00\",\"mainEntityOfPage\":{\"@id\":\"http:\/\/denizcankizil.tr\/en\/haberler\/antalya\/ikinci-bahari-kabusa-dondu\/\"},\"wordCount\":454,\"commentCount\":0,\"publisher\":{\"@id\":\"https:\/\/denizcankizil.tr\/#organization\"},\"image\":{\"@id\":\"http:\/\/denizcankizil.tr\/en\/haberler\/antalya\/ikinci-bahari-kabusa-dondu\/#primaryimage\"},\"thumbnailUrl\":\"http:\/\/denizcankizil.tr\/wp-content\/uploads\/2024\/11\/3260-01-ejQcFW.jpeg\",\"articleSection\":[\"Antalya\",\"Uncategorized\"],\"inLanguage\":\"en-GB\",\"potentialAction\":[{\"@type\":\"CommentAction\",\"name\":\"Comment\",\"target\":[\"http:\/\/denizcankizil.tr\/en\/haberler\/antalya\/ikinci-bahari-kabusa-dondu\/#respond\"]}]},{\"@type\":\"WebPage\",\"@id\":\"http:\/\/denizcankizil.tr\/en\/haberler\/antalya\/ikinci-bahari-kabusa-dondu\/\",\"url\":\"http:\/\/denizcankizil.tr\/en\/haberler\/antalya\/ikinci-bahari-kabusa-dondu\/\",\"name\":\"\u0130kinci bahar\u0131 kabusa d\u00f6nd\u00fc - Av. Deniz Can K\u0131z\u0131l\",\"isPartOf\":{\"@id\":\"https:\/\/denizcankizil.tr\/#website\"},\"primaryImageOfPage\":{\"@id\":\"http:\/\/denizcankizil.tr\/en\/haberler\/antalya\/ikinci-bahari-kabusa-dondu\/#primaryimage\"},\"image\":{\"@id\":\"http:\/\/denizcankizil.tr\/en\/haberler\/antalya\/ikinci-bahari-kabusa-dondu\/#primaryimage\"},\"thumbnailUrl\":\"http:\/\/denizcankizil.tr\/wp-content\/uploads\/2024\/11\/3260-01-ejQcFW.jpeg\",\"datePublished\":\"2024-11-25T09:41:15+00:00\",\"breadcrumb\":{\"@id\":\"http:\/\/denizcankizil.tr\/en\/haberler\/antalya\/ikinci-bahari-kabusa-dondu\/#breadcrumb\"},\"inLanguage\":\"en-GB\",\"potentialAction\":[{\"@type\":\"ReadAction\",\"target\":[\"http:\/\/denizcankizil.tr\/en\/haberler\/antalya\/ikinci-bahari-kabusa-dondu\/\"]}]},{\"@type\":\"ImageObject\",\"inLanguage\":\"en-GB\",\"@id\":\"http:\/\/denizcankizil.tr\/en\/haberler\/antalya\/ikinci-bahari-kabusa-dondu\/#primaryimage\",\"url\":\"http:\/\/denizcankizil.tr\/wp-content\/uploads\/2024\/11\/3260-01-ejQcFW.jpeg\",\"contentUrl\":\"http:\/\/denizcankizil.tr\/wp-content\/uploads\/2024\/11\/3260-01-ejQcFW.jpeg\",\"width\":1280,\"height\":720},{\"@type\":\"BreadcrumbList\",\"@id\":\"http:\/\/denizcankizil.tr\/en\/haberler\/antalya\/ikinci-bahari-kabusa-dondu\/#breadcrumb\",\"itemListElement\":[{\"@type\":\"ListItem\",\"position\":1,\"name\":\"Home\",\"item\":\"https:\/\/denizcankizil.tr\/de\/\"},{\"@type\":\"ListItem\",\"position\":2,\"name\":\"\u0130kinci bahar\u0131 kabusa d\u00f6nd\u00fc\"}]},{\"@type\":\"WebSite\",\"@id\":\"https:\/\/denizcankizil.tr\/#website\",\"url\":\"https:\/\/denizcankizil.tr\/\",\"name\":\"Av. Deniz Can K\u0131z\u0131l\",\"description\":\"Avukat Deniz Can K\u0131z\u0131l Antalya Barosu\",\"publisher\":{\"@id\":\"https:\/\/denizcankizil.tr\/#organization\"},\"potentialAction\":[{\"@type\":\"SearchAction\",\"target\":{\"@type\":\"EntryPoint\",\"urlTemplate\":\"https:\/\/denizcankizil.tr\/?s={search_term_string}\"},\"query-input\":{\"@type\":\"PropertyValueSpecification\",\"valueRequired\":true,\"valueName\":\"search_term_string\"}}],\"inLanguage\":\"en-GB\"},{\"@type\":\"Organization\",\"@id\":\"https:\/\/denizcankizil.tr\/#organization\",\"name\":\"Av. Deniz Can K\u0131z\u0131l\",\"url\":\"https:\/\/denizcankizil.tr\/\",\"logo\":{\"@type\":\"ImageObject\",\"inLanguage\":\"en-GB\",\"@id\":\"https:\/\/denizcankizil.tr\/#\/schema\/logo\/image\/\",\"url\":\"http:\/\/denizcankizil.tr\/wp-content\/uploads\/2024\/10\/siyah-logo-svg.svg\",\"contentUrl\":\"http:\/\/denizcankizil.tr\/wp-content\/uploads\/2024\/10\/siyah-logo-svg.svg\",\"width\":1080,\"height\":1080,\"caption\":\"Av. Deniz Can K\u0131z\u0131l\"},\"image\":{\"@id\":\"https:\/\/denizcankizil.tr\/#\/schema\/logo\/image\/\"}}]}<\/script>\n<!-- \/ Yoast SEO Premium plugin. -->","yoast_head_json":{"title":"\u0130kinci bahar\u0131 kabusa d\u00f6nd\u00fc - Av. Deniz Can K\u0131z\u0131l","robots":{"index":"index","follow":"follow","max-snippet":"max-snippet:-1","max-image-preview":"max-image-preview:large","max-video-preview":"max-video-preview:-1"},"canonical":"http:\/\/denizcankizil.tr\/en\/haberler\/antalya\/ikinci-bahari-kabusa-dondu\/","og_locale":"en_GB","og_type":"article","og_title":"\u0130kinci bahar\u0131 kabusa d\u00f6nd\u00fc","og_description":"Muratpa\u015fa il\u00e7esinde ya\u015fayan Ahmet Yarba\u015f\u0131, hastal\u0131klar\u0131 nedeniyle bir s\u00fcredir yata\u011fa ba\u011f\u0131ml\u0131 ya\u015fayan 47 y\u0131ll\u0131k e\u015fi Leyla Yarba\u015f\u0131&#8217;n\u0131 2020 y\u0131l\u0131nda kaybetti. Arkada\u015flar\u0131n\u0131n arac\u0131 olmas\u0131yla Ahmet Yarba\u015f\u0131 2021 y\u0131l\u0131nda tan\u0131\u015ft\u0131\u011f\u0131 N.Y. ile evlendi. \u0130kinci bahar\u0131n\u0131 ya\u015famak i\u00e7in tekrar d\u00fcnya evine giren Ahmet Yarba\u015f\u0131&#8217;n\u0131n evlili\u011finin ilk \u00fc\u00e7 ay\u0131nda her \u015fey yolundayd\u0131. Ancak iddiaya g\u00f6re 3 ay sonra N.Y.&#8217;nin Yarba\u015f\u0131&#8217;dan istekleri art\u0131nca ikili aras\u0131nda ge\u00e7imsizlik ba\u015flad\u0131. Bunun \u00fczerine Ahmet Yarba\u015f\u0131, evden ayr\u0131larak yak\u0131nlar\u0131n\u0131n yan\u0131na yerle\u015fti. Bo\u015fanma davas\u0131 da a\u00e7an Yarba\u015f\u0131, 32 y\u0131l \u00f6nce emekli ikramiyesiyle ald\u0131\u011f\u0131 evine N.Y.&#8217;nin ald\u0131rd\u0131\u011f\u0131 uzakla\u015ft\u0131rma karar\u0131 nedeniyle giremez oldu. Yarba\u015f\u0131&#8217;n\u0131n \u00e7ocuklar\u0131n\u0131n araya girmesiyle tekrar bar\u0131\u015fan \u00e7ift, yine benzer sorunlar ya\u015famaya ba\u015flad\u0131. Bunun \u00fczerine Ahmet Yarba\u015f\u0131 bo\u015fanmak istedi\u011fini s\u00f6yleyince iddiaya g\u00f6re N.Y. ise Yarba\u015f\u0131&#8217;n\u0131n 32 y\u0131l \u00f6nce ald\u0131\u011f\u0131 evinin ve arabas\u0131n\u0131n yar\u0131s\u0131n\u0131 isteyip, evden \u00e7\u0131kmayaca\u011f\u0131n\u0131 belirtti. Ahmet Yarba\u015f\u0131 1,5 ay \u00f6nce evden ayr\u0131ld\u0131. Davan\u0131n devam etti\u011fi s\u0131rada Yarba\u015f\u0131, sokak \u00fczerine park etti\u011fi otomobilinin i\u00e7erisinde ya\u015famaya ba\u015flad\u0131. G\u00fcnd\u00fczleri arkada\u015flar\u0131n\u0131n i\u015f yerlerine giden Yarba\u015f\u0131, geceleri ise battaniyesi ve e\u015fyalar\u0131yla arabas\u0131nda uyuyor. Ya\u015fad\u0131klar\u0131n\u0131 DHA muhabirine anlatan Ahmet Yarba\u015f\u0131, &#8220;E\u015fim vefat ettikten 1 sene sonra arkada\u015flar\u0131m\u0131n vas\u0131tas\u0131yla evlendim. \u0130lk 3 ay her \u015fey yolundayd\u0131. Daha sonra e\u015fim de\u011fi\u015fmeye ba\u015flad\u0131. S\u00fcrekli bir \u015feyler istemeye ba\u015flad\u0131 ancak maddi durumum yetmedi\u011fi i\u00e7in aram\u0131z a\u00e7\u0131ld\u0131. Evi terk edip &hellip;","og_url":"http:\/\/denizcankizil.tr\/en\/haberler\/antalya\/ikinci-bahari-kabusa-dondu\/","og_site_name":"Av. Deniz Can K\u0131z\u0131l","article_published_time":"2024-11-25T09:41:15+00:00","og_image":[{"width":1280,"height":720,"url":"http:\/\/denizcankizil.tr\/wp-content\/uploads\/2024\/11\/3260-01-ejQcFW.jpeg","type":"image\/jpeg"}],"twitter_card":"summary_large_image","twitter_misc":{"Estimated reading time":"2 minutes"},"schema":{"@context":"https:\/\/schema.org","@graph":[{"@type":"Article","@id":"http:\/\/denizcankizil.tr\/en\/haberler\/antalya\/ikinci-bahari-kabusa-dondu\/#article","isPartOf":{"@id":"http:\/\/denizcankizil.tr\/en\/haberler\/antalya\/ikinci-bahari-kabusa-dondu\/"},"author":{"name":"","@id":""},"headline":"\u0130kinci bahar\u0131 kabusa d\u00f6nd\u00fc","datePublished":"2024-11-25T09:41:15+00:00","mainEntityOfPage":{"@id":"http:\/\/denizcankizil.tr\/en\/haberler\/antalya\/ikinci-bahari-kabusa-dondu\/"},"wordCount":454,"commentCount":0,"publisher":{"@id":"https:\/\/denizcankizil.tr\/#organization"},"image":{"@id":"http:\/\/denizcankizil.tr\/en\/haberler\/antalya\/ikinci-bahari-kabusa-dondu\/#primaryimage"},"thumbnailUrl":"http:\/\/denizcankizil.tr\/wp-content\/uploads\/2024\/11\/3260-01-ejQcFW.jpeg","articleSection":["Antalya","Uncategorized"],"inLanguage":"en-GB","potentialAction":[{"@type":"CommentAction","name":"Comment","target":["http:\/\/denizcankizil.tr\/en\/haberler\/antalya\/ikinci-bahari-kabusa-dondu\/#respond"]}]},{"@type":"WebPage","@id":"http:\/\/denizcankizil.tr\/en\/haberler\/antalya\/ikinci-bahari-kabusa-dondu\/","url":"http:\/\/denizcankizil.tr\/en\/haberler\/antalya\/ikinci-bahari-kabusa-dondu\/","name":"\u0130kinci bahar\u0131 kabusa d\u00f6nd\u00fc - Av. Deniz Can K\u0131z\u0131l","isPartOf":{"@id":"https:\/\/denizcankizil.tr\/#website"},"primaryImageOfPage":{"@id":"http:\/\/denizcankizil.tr\/en\/haberler\/antalya\/ikinci-bahari-kabusa-dondu\/#primaryimage"},"image":{"@id":"http:\/\/denizcankizil.tr\/en\/haberler\/antalya\/ikinci-bahari-kabusa-dondu\/#primaryimage"},"thumbnailUrl":"http:\/\/denizcankizil.tr\/wp-content\/uploads\/2024\/11\/3260-01-ejQcFW.jpeg","datePublished":"2024-11-25T09:41:15+00:00","breadcrumb":{"@id":"http:\/\/denizcankizil.tr\/en\/haberler\/antalya\/ikinci-bahari-kabusa-dondu\/#breadcrumb"},"inLanguage":"en-GB","potentialAction":[{"@type":"ReadAction","target":["http:\/\/denizcankizil.tr\/en\/haberler\/antalya\/ikinci-bahari-kabusa-dondu\/"]}]},{"@type":"ImageObject","inLanguage":"en-GB","@id":"http:\/\/denizcankizil.tr\/en\/haberler\/antalya\/ikinci-bahari-kabusa-dondu\/#primaryimage","url":"http:\/\/denizcankizil.tr\/wp-content\/uploads\/2024\/11\/3260-01-ejQcFW.jpeg","contentUrl":"http:\/\/denizcankizil.tr\/wp-content\/uploads\/2024\/11\/3260-01-ejQcFW.jpeg","width":1280,"height":720},{"@type":"BreadcrumbList","@id":"http:\/\/denizcankizil.tr\/en\/haberler\/antalya\/ikinci-bahari-kabusa-dondu\/#breadcrumb","itemListElement":[{"@type":"ListItem","position":1,"name":"Home","item":"https:\/\/denizcankizil.tr\/de\/"},{"@type":"ListItem","position":2,"name":"\u0130kinci bahar\u0131 kabusa d\u00f6nd\u00fc"}]},{"@type":"WebSite","@id":"https:\/\/denizcankizil.tr\/#website","url":"https:\/\/denizcankizil.tr\/","name":"Av. Deniz Can K\u0131z\u0131l","description":"Avukat Deniz Can K\u0131z\u0131l Antalya Barosu","publisher":{"@id":"https:\/\/denizcankizil.tr\/#organization"},"potentialAction":[{"@type":"SearchAction","target":{"@type":"EntryPoint","urlTemplate":"https:\/\/denizcankizil.tr\/?s={search_term_string}"},"query-input":{"@type":"PropertyValueSpecification","valueRequired":true,"valueName":"search_term_string"}}],"inLanguage":"en-GB"},{"@type":"Organization","@id":"https:\/\/denizcankizil.tr\/#organization","name":"Av. Deniz Can K\u0131z\u0131l","url":"https:\/\/denizcankizil.tr\/","logo":{"@type":"ImageObject","inLanguage":"en-GB","@id":"https:\/\/denizcankizil.tr\/#\/schema\/logo\/image\/","url":"http:\/\/denizcankizil.tr\/wp-content\/uploads\/2024\/10\/siyah-logo-svg.svg","contentUrl":"http:\/\/denizcankizil.tr\/wp-content\/uploads\/2024\/10\/siyah-logo-svg.svg","width":1080,"height":1080,"caption":"Av. Deniz Can K\u0131z\u0131l"},"image":{"@id":"https:\/\/denizcankizil.tr\/#\/schema\/logo\/image\/"}}]}},"_links":{"self":[{"href":"http:\/\/denizcankizil.tr\/en\/wp-json\/wp\/v2\/posts\/17519","targetHints":{"allow":["GET"]}}],"collection":[{"href":"http:\/\/denizcankizil.tr\/en\/wp-json\/wp\/v2\/posts"}],"about":[{"href":"http:\/\/denizcankizil.tr\/en\/wp-json\/wp\/v2\/types\/post"}],"replies":[{"embeddable":true,"href":"http:\/\/denizcankizil.tr\/en\/wp-json\/wp\/v2\/comments?post=17519"}],"version-history":[{"count":0,"href":"http:\/\/denizcankizil.tr\/en\/wp-json\/wp\/v2\/posts\/17519\/revisions"}],"wp:featuredmedia":[{"embeddable":true,"href":"http:\/\/denizcankizil.tr\/en\/wp-json\/wp\/v2\/media\/17520"}],"wp:attachment":[{"href":"http:\/\/denizcankizil.tr\/en\/wp-json\/wp\/v2\/media?parent=17519"}],"wp:term":[{"taxonomy":"category","embeddable":true,"href":"http:\/\/denizcankizil.tr\/en\/wp-json\/wp\/v2\/categories?post=17519"},{"taxonomy":"post_tag","embeddable":true,"href":"http:\/\/denizcankizil.tr\/en\/wp-json\/wp\/v2\/tags?post=17519"}],"curies":[{"name":"wp","href":"https:\/\/api.w.org\/{rel}","templated":true}]}}