{"id":17355,"date":"2024-11-24T08:41:29","date_gmt":"2024-11-24T05:41:29","guid":{"rendered":"https:\/\/denizcankizil.tr\/uncategorized-tr\/kadin-cinayetlerini-durduracagiz-platformundan-aciklama\/"},"modified":"2024-11-24T08:41:29","modified_gmt":"2024-11-24T05:41:29","slug":"kadin-cinayetlerini-durduracagiz-platformundan-aciklama","status":"publish","type":"post","link":"http:\/\/denizcankizil.tr\/en\/haberler\/gundem\/kadin-cinayetlerini-durduracagiz-platformundan-aciklama\/","title":{"rendered":"Kad\u0131n Cinayetlerini Durduraca\u011f\u0131z Platformundan a\u00e7\u0131klama"},"content":{"rendered":"<p>Kad\u0131n cinayetlerinin art\u0131\u015f\u0131yla ilgili \u00e7arp\u0131c\u0131 a\u00e7\u0131klamalarda bulunan Ta\u015f, 6284 say\u0131l\u0131 kanunun etkin \u015fekilde uygulanmamas\u0131n\u0131n \u015fiddetin temel nedenlerinden biri oldu\u011funu belirtti.<\/p>\n<p>&#8220;Kad\u0131nlar Haklar\u0131 \u0130\u00e7in M\u00fccadele Ederken \u00d6ld\u00fcr\u00fcl\u00fcyor&#8221;<br \/>\nSimay Ta\u015f, kad\u0131nlar\u0131n bo\u015fanmak, ayr\u0131lmak, \u00e7al\u0131\u015fma hakk\u0131n\u0131 kullanmak veya diledikleri gibi ya\u015famak istedikleri i\u00e7in \u00f6ld\u00fcr\u00fcld\u00fcklerini s\u00f6yledi. Ta\u015f, kad\u0131nlar\u0131n \u00f6n\u00fcndeki tek engelin cinayetleri i\u015fleyen erkekler olmad\u0131\u011f\u0131n\u0131 vurgulad\u0131: \u201cKad\u0131nlar\u0131n \u00f6n\u00fcndeki esas engel, kad\u0131nlar\u0131 koruma y\u00fck\u00fcml\u00fcl\u00fc\u011f\u00fc olan ancak bunu yerine getirmeyen siyasi iktidard\u0131r. Bakanl\u0131klar, kad\u0131n cinayetlerine kar\u015f\u0131 somut ad\u0131mlar atm\u0131yor; kad\u0131nlar\u0131 su\u00e7layan a\u00e7\u0131klamalarla sorumluluktan ka\u00e7\u0131yor.\u201d<\/p>\n<p>&#8220;Kad\u0131nlar \u0130\u00e7in \u00c7elik Kalkan: 6284&#8221;<br \/>\n6284 say\u0131l\u0131 Kanun\u2019un etkin uygulanmamas\u0131n\u0131n, kad\u0131n cinayetlerinin art\u0131\u015f\u0131nda temel bir rol oynad\u0131\u011f\u0131n\u0131 ifade eden Ta\u015f, bu konuda bir\u00e7ok \u00f6rnek verdi: \u201cD\u00f6ne Bozdemir, bo\u015fanma a\u015famas\u0131nda oldu\u011fu erkek taraf\u0131ndan, elektronik kelep\u00e7e ve kolluk kuvvetlerinin yetersiz m\u00fcdahalesi nedeniyle \u00f6ld\u00fcr\u00fcld\u00fc. \u0130kbal, kendisini tehdit eden ve hakk\u0131nda defalarca \u015fikayette bulunulan Semih \u00c7elik taraf\u0131ndan \u00f6ld\u00fcr\u00fcld\u00fc. Fadim Temirhano\u011fullar\u0131, uzakla\u015ft\u0131rma karar\u0131na ra\u011fmen, bo\u015fanma a\u015famas\u0131ndaki e\u015fi taraf\u0131ndan katledildi.\u201d<\/p>\n<p>Ta\u015f, bu cinayetlerdeki ihmallerin, kamu kurumlar\u0131n\u0131n ve siyasi iradenin sorumlulu\u011funu ortaya koydu\u011funu belirterek, 6284&#8217;\u00fc uygulatmak i\u00e7in m\u00fccadele ba\u015flatt\u0131klar\u0131n\u0131 duyurdu.<\/p>\n<p>&#8220;Aile Odakl\u0131 Politikalar Kad\u0131nlar\u0131n E\u015fitli\u011fini Engelliyor&#8221;<br \/>\nTa\u015f, h\u00fck\u00fcmetin \u201ckutsal aile\u201d politikalar\u0131n\u0131n kad\u0131nlar\u0131n haklar\u0131n\u0131 ikinci plana att\u0131\u011f\u0131n\u0131 belirterek \u201cErke\u011fin \u2018reis\u2019 oldu\u011fu aileyi koruma anlay\u0131\u015f\u0131, kad\u0131nlar\u0131n e\u015fitlik ve \u00f6zg\u00fcrl\u00fck m\u00fccadelesinin \u00f6n\u00fcnde bir engeldir. \u015eiddet g\u00f6ren kad\u0131nlar\u0131 korumak yerine, aileyi kutsayan politikalar kad\u0131nlar\u0131n ya\u015fam hakk\u0131n\u0131 tehdit ediyor\u201d dedi.<\/p>\n<p>&#8220;Kad\u0131nlar ve \u00c7ocuklar Krizin En A\u011f\u0131r Y\u00fck\u00fcn\u00fc Ta\u015f\u0131yor&#8221;<br \/>\nEkonomik krizden en fazla kad\u0131nlar ve \u00e7ocuklar\u0131n etkilendi\u011fini belirten Ta\u015f, kad\u0131nlar\u0131n hem aile i\u00e7inde hem de toplumda \u00e7e\u015fitli \u015fiddet t\u00fcrlerine maruz kald\u0131\u011f\u0131n\u0131 s\u00f6yledi. \u0130zmir\u2019de bir barakada 5 \u00e7ocu\u011fun yanarak \u00f6lmesi ve \u0130stanbul\u2019da 6 ya\u015f\u0131ndaki bir \u00e7ocu\u011fun \u00f6ld\u00fcr\u00fclmesi, sosyal politikalar\u0131n yetersizli\u011finin ac\u0131 \u00f6rnekleri aras\u0131nda yer ald\u0131.<\/p>\n<p>&#8220;Kad\u0131nlar\u0131n M\u00fccadelesi B\u00fcy\u00fcyor&#8221;<br \/>\nTa\u015f, \u00f6ld\u00fcr\u00fclen t\u00fcm kad\u0131nlar i\u00e7in pek \u00e7ok kentte meydanlarda olduklar\u0131n\u0131 ve binlerce kad\u0131n\u0131n m\u00fccadeleye kat\u0131ld\u0131\u011f\u0131n\u0131 belirterek, kad\u0131n d\u00fc\u015fman\u0131 ve demokrasi kar\u015f\u0131t\u0131 politikalara kar\u015f\u0131 kararl\u0131l\u0131kla m\u00fccadele edeceklerini vurgulad\u0131. T\u00fcm kad\u0131nlar\u0131 Kad\u0131n Cinayetlerini Durduraca\u011f\u0131z Platformu\u2019na ve Kad\u0131n Meclisleri\u2019ne kat\u0131lmaya davet eden Ta\u015f, s\u00f6zlerini \u015f\u00f6yle sonland\u0131rd\u0131: \u201c\u015eiddete kar\u015f\u0131 yolumuz e\u015fitlik\u00e7i feminizm, hedefimiz 6284\u2019\u00fc uygulatmak olacak. Yan yana gelelim, birlikte m\u00fccadele edelim ve kad\u0131nlar\u0131 ya\u015fatal\u0131m.\u201d<\/p>\n<p>\u200bKad\u0131n Cinayetlerini Durduraca\u011f\u0131z Platformu Hatay Sorumlusu Simay Ta\u015f, 2024 y\u0131l\u0131n\u0131n ilk 10 ay\u0131nda 344 kad\u0131n\u0131n erkekler taraf\u0131ndan \u00f6ld\u00fcr\u00fcld\u00fc\u011f\u00fcn\u00fc ve 207 kad\u0131n\u0131n \u015f\u00fcpheli \u015fekilde hayat\u0131n\u0131 kaybetti\u011fini a\u00e7\u0131klad\u0131.\u00a0<\/p>\n<p>\u200bHaberin Al\u0131nt\u0131land\u0131\u011f\u0131 Kaynak: www.iskenderun.org<\/p>","protected":false},"excerpt":{"rendered":"<p>Kad\u0131n cinayetlerinin art\u0131\u015f\u0131yla ilgili \u00e7arp\u0131c\u0131 a\u00e7\u0131klamalarda bulunan Ta\u015f, 6284 say\u0131l\u0131 kanunun etkin \u015fekilde uygulanmamas\u0131n\u0131n \u015fiddetin temel nedenlerinden biri oldu\u011funu belirtti. &#8220;Kad\u0131nlar Haklar\u0131 \u0130\u00e7in M\u00fccadele Ederken \u00d6ld\u00fcr\u00fcl\u00fcyor&#8221; Simay Ta\u015f, kad\u0131nlar\u0131n bo\u015fanmak, ayr\u0131lmak, \u00e7al\u0131\u015fma hakk\u0131n\u0131 kullanmak veya diledikleri gibi ya\u015famak istedikleri i\u00e7in \u00f6ld\u00fcr\u00fcld\u00fcklerini s\u00f6yledi. Ta\u015f, kad\u0131nlar\u0131n \u00f6n\u00fcndeki tek engelin cinayetleri i\u015fleyen erkekler olmad\u0131\u011f\u0131n\u0131 vurgulad\u0131: \u201cKad\u0131nlar\u0131n \u00f6n\u00fcndeki esas engel, kad\u0131nlar\u0131 koruma y\u00fck\u00fcml\u00fcl\u00fc\u011f\u00fc olan ancak bunu yerine getirmeyen siyasi iktidard\u0131r. Bakanl\u0131klar, kad\u0131n cinayetlerine kar\u015f\u0131 somut ad\u0131mlar atm\u0131yor; kad\u0131nlar\u0131 su\u00e7layan a\u00e7\u0131klamalarla sorumluluktan ka\u00e7\u0131yor.\u201d &#8220;Kad\u0131nlar \u0130\u00e7in \u00c7elik Kalkan: 6284&#8221; 6284 say\u0131l\u0131 Kanun\u2019un etkin uygulanmamas\u0131n\u0131n, kad\u0131n cinayetlerinin art\u0131\u015f\u0131nda temel bir rol oynad\u0131\u011f\u0131n\u0131 ifade eden Ta\u015f, bu konuda bir\u00e7ok \u00f6rnek verdi: \u201cD\u00f6ne Bozdemir, bo\u015fanma a\u015famas\u0131nda oldu\u011fu erkek taraf\u0131ndan, elektronik kelep\u00e7e ve kolluk kuvvetlerinin yetersiz m\u00fcdahalesi nedeniyle \u00f6ld\u00fcr\u00fcld\u00fc. \u0130kbal, kendisini tehdit eden ve hakk\u0131nda defalarca \u015fikayette bulunulan Semih \u00c7elik taraf\u0131ndan \u00f6ld\u00fcr\u00fcld\u00fc. Fadim Temirhano\u011fullar\u0131, uzakla\u015ft\u0131rma karar\u0131na ra\u011fmen, bo\u015fanma a\u015famas\u0131ndaki e\u015fi taraf\u0131ndan katledildi.\u201d Ta\u015f, bu cinayetlerdeki ihmallerin, kamu kurumlar\u0131n\u0131n ve siyasi iradenin sorumlulu\u011funu ortaya koydu\u011funu belirterek, 6284&#8217;\u00fc uygulatmak i\u00e7in m\u00fccadele ba\u015flatt\u0131klar\u0131n\u0131 duyurdu. &#8220;Aile Odakl\u0131 Politikalar Kad\u0131nlar\u0131n E\u015fitli\u011fini Engelliyor&#8221; Ta\u015f, h\u00fck\u00fcmetin \u201ckutsal aile\u201d politikalar\u0131n\u0131n kad\u0131nlar\u0131n haklar\u0131n\u0131 ikinci plana att\u0131\u011f\u0131n\u0131 belirterek \u201cErke\u011fin \u2018reis\u2019 oldu\u011fu aileyi koruma anlay\u0131\u015f\u0131, kad\u0131nlar\u0131n e\u015fitlik ve \u00f6zg\u00fcrl\u00fck m\u00fccadelesinin \u00f6n\u00fcnde bir engeldir. \u015eiddet g\u00f6ren kad\u0131nlar\u0131 korumak yerine, aileyi kutsayan politikalar &hellip;<\/p>","protected":false},"author":0,"featured_media":0,"comment_status":"open","ping_status":"open","sticky":false,"template":"","format":"standard","meta":{"_acf_changed":false,"footnotes":""},"categories":[24,535],"tags":[],"class_list":["post-17355","post","type-post","status-publish","format-standard","has-post-thumbnail","hentry","category-gundem","category-uncategorized-tr"],"acf":[],"yoast_head":"<!-- This site is optimized with the Yoast SEO Premium plugin v26.6 (Yoast SEO v27.1.1) - https:\/\/yoast.com\/product\/yoast-seo-premium-wordpress\/ -->\n<title>Kad\u0131n Cinayetlerini Durduraca\u011f\u0131z Platformundan a\u00e7\u0131klama - Av. Deniz Can K\u0131z\u0131l<\/title>\n<meta name=\"robots\" content=\"index, follow, max-snippet:-1, max-image-preview:large, max-video-preview:-1\" \/>\n<link rel=\"canonical\" href=\"http:\/\/denizcankizil.tr\/en\/haberler\/gundem\/kadin-cinayetlerini-durduracagiz-platformundan-aciklama\/\" \/>\n<meta property=\"og:locale\" content=\"en_GB\" \/>\n<meta property=\"og:type\" content=\"article\" \/>\n<meta property=\"og:title\" content=\"Kad\u0131n Cinayetlerini Durduraca\u011f\u0131z Platformundan a\u00e7\u0131klama\" \/>\n<meta property=\"og:description\" content=\"Kad\u0131n cinayetlerinin art\u0131\u015f\u0131yla ilgili \u00e7arp\u0131c\u0131 a\u00e7\u0131klamalarda bulunan Ta\u015f, 6284 say\u0131l\u0131 kanunun etkin \u015fekilde uygulanmamas\u0131n\u0131n \u015fiddetin temel nedenlerinden biri oldu\u011funu belirtti. &#8220;Kad\u0131nlar Haklar\u0131 \u0130\u00e7in M\u00fccadele Ederken \u00d6ld\u00fcr\u00fcl\u00fcyor&#8221; Simay Ta\u015f, kad\u0131nlar\u0131n bo\u015fanmak, ayr\u0131lmak, \u00e7al\u0131\u015fma hakk\u0131n\u0131 kullanmak veya diledikleri gibi ya\u015famak istedikleri i\u00e7in \u00f6ld\u00fcr\u00fcld\u00fcklerini s\u00f6yledi. Ta\u015f, kad\u0131nlar\u0131n \u00f6n\u00fcndeki tek engelin cinayetleri i\u015fleyen erkekler olmad\u0131\u011f\u0131n\u0131 vurgulad\u0131: \u201cKad\u0131nlar\u0131n \u00f6n\u00fcndeki esas engel, kad\u0131nlar\u0131 koruma y\u00fck\u00fcml\u00fcl\u00fc\u011f\u00fc olan ancak bunu yerine getirmeyen siyasi iktidard\u0131r. Bakanl\u0131klar, kad\u0131n cinayetlerine kar\u015f\u0131 somut ad\u0131mlar atm\u0131yor; kad\u0131nlar\u0131 su\u00e7layan a\u00e7\u0131klamalarla sorumluluktan ka\u00e7\u0131yor.\u201d &#8220;Kad\u0131nlar \u0130\u00e7in \u00c7elik Kalkan: 6284&#8221; 6284 say\u0131l\u0131 Kanun\u2019un etkin uygulanmamas\u0131n\u0131n, kad\u0131n cinayetlerinin art\u0131\u015f\u0131nda temel bir rol oynad\u0131\u011f\u0131n\u0131 ifade eden Ta\u015f, bu konuda bir\u00e7ok \u00f6rnek verdi: \u201cD\u00f6ne Bozdemir, bo\u015fanma a\u015famas\u0131nda oldu\u011fu erkek taraf\u0131ndan, elektronik kelep\u00e7e ve kolluk kuvvetlerinin yetersiz m\u00fcdahalesi nedeniyle \u00f6ld\u00fcr\u00fcld\u00fc. \u0130kbal, kendisini tehdit eden ve hakk\u0131nda defalarca \u015fikayette bulunulan Semih \u00c7elik taraf\u0131ndan \u00f6ld\u00fcr\u00fcld\u00fc. Fadim Temirhano\u011fullar\u0131, uzakla\u015ft\u0131rma karar\u0131na ra\u011fmen, bo\u015fanma a\u015famas\u0131ndaki e\u015fi taraf\u0131ndan katledildi.\u201d Ta\u015f, bu cinayetlerdeki ihmallerin, kamu kurumlar\u0131n\u0131n ve siyasi iradenin sorumlulu\u011funu ortaya koydu\u011funu belirterek, 6284&#8217;\u00fc uygulatmak i\u00e7in m\u00fccadele ba\u015flatt\u0131klar\u0131n\u0131 duyurdu. &#8220;Aile Odakl\u0131 Politikalar Kad\u0131nlar\u0131n E\u015fitli\u011fini Engelliyor&#8221; Ta\u015f, h\u00fck\u00fcmetin \u201ckutsal aile\u201d politikalar\u0131n\u0131n kad\u0131nlar\u0131n haklar\u0131n\u0131 ikinci plana att\u0131\u011f\u0131n\u0131 belirterek \u201cErke\u011fin \u2018reis\u2019 oldu\u011fu aileyi koruma anlay\u0131\u015f\u0131, kad\u0131nlar\u0131n e\u015fitlik ve \u00f6zg\u00fcrl\u00fck m\u00fccadelesinin \u00f6n\u00fcnde bir engeldir. \u015eiddet g\u00f6ren kad\u0131nlar\u0131 korumak yerine, aileyi kutsayan politikalar &hellip;\" \/>\n<meta property=\"og:url\" content=\"http:\/\/denizcankizil.tr\/en\/haberler\/gundem\/kadin-cinayetlerini-durduracagiz-platformundan-aciklama\/\" \/>\n<meta property=\"og:site_name\" content=\"Av. Deniz Can K\u0131z\u0131l\" \/>\n<meta property=\"article:published_time\" content=\"2024-11-24T05:41:29+00:00\" \/>\n<meta name=\"twitter:card\" content=\"summary_large_image\" \/>\n<meta name=\"twitter:label1\" content=\"Estimated reading time\" \/>\n\t<meta name=\"twitter:data1\" content=\"3 minutes\" \/>\n<script type=\"application\/ld+json\" class=\"yoast-schema-graph\">{\"@context\":\"https:\/\/schema.org\",\"@graph\":[{\"@type\":\"Article\",\"@id\":\"http:\/\/denizcankizil.tr\/en\/haberler\/gundem\/kadin-cinayetlerini-durduracagiz-platformundan-aciklama\/#article\",\"isPartOf\":{\"@id\":\"http:\/\/denizcankizil.tr\/en\/haberler\/gundem\/kadin-cinayetlerini-durduracagiz-platformundan-aciklama\/\"},\"author\":{\"name\":\"\",\"@id\":\"\"},\"headline\":\"Kad\u0131n Cinayetlerini Durduraca\u011f\u0131z Platformundan a\u00e7\u0131klama\",\"datePublished\":\"2024-11-24T05:41:29+00:00\",\"mainEntityOfPage\":{\"@id\":\"http:\/\/denizcankizil.tr\/en\/haberler\/gundem\/kadin-cinayetlerini-durduracagiz-platformundan-aciklama\/\"},\"wordCount\":549,\"commentCount\":0,\"publisher\":{\"@id\":\"https:\/\/denizcankizil.tr\/de\/#organization\"},\"articleSection\":[\"G\u00fcndem\",\"Uncategorized\"],\"inLanguage\":\"en-GB\",\"potentialAction\":[{\"@type\":\"CommentAction\",\"name\":\"Comment\",\"target\":[\"http:\/\/denizcankizil.tr\/en\/haberler\/gundem\/kadin-cinayetlerini-durduracagiz-platformundan-aciklama\/#respond\"]}]},{\"@type\":\"WebPage\",\"@id\":\"http:\/\/denizcankizil.tr\/en\/haberler\/gundem\/kadin-cinayetlerini-durduracagiz-platformundan-aciklama\/\",\"url\":\"http:\/\/denizcankizil.tr\/en\/haberler\/gundem\/kadin-cinayetlerini-durduracagiz-platformundan-aciklama\/\",\"name\":\"Kad\u0131n Cinayetlerini Durduraca\u011f\u0131z Platformundan a\u00e7\u0131klama - Av. Deniz Can K\u0131z\u0131l\",\"isPartOf\":{\"@id\":\"https:\/\/denizcankizil.tr\/de\/#website\"},\"datePublished\":\"2024-11-24T05:41:29+00:00\",\"breadcrumb\":{\"@id\":\"http:\/\/denizcankizil.tr\/en\/haberler\/gundem\/kadin-cinayetlerini-durduracagiz-platformundan-aciklama\/#breadcrumb\"},\"inLanguage\":\"en-GB\",\"potentialAction\":[{\"@type\":\"ReadAction\",\"target\":[\"http:\/\/denizcankizil.tr\/en\/haberler\/gundem\/kadin-cinayetlerini-durduracagiz-platformundan-aciklama\/\"]}]},{\"@type\":\"BreadcrumbList\",\"@id\":\"http:\/\/denizcankizil.tr\/en\/haberler\/gundem\/kadin-cinayetlerini-durduracagiz-platformundan-aciklama\/#breadcrumb\",\"itemListElement\":[{\"@type\":\"ListItem\",\"position\":1,\"name\":\"Home\",\"item\":\"https:\/\/denizcankizil.tr\/de\/\"},{\"@type\":\"ListItem\",\"position\":2,\"name\":\"Kad\u0131n Cinayetlerini Durduraca\u011f\u0131z Platformundan a\u00e7\u0131klama\"}]},{\"@type\":\"WebSite\",\"@id\":\"https:\/\/denizcankizil.tr\/de\/#website\",\"url\":\"https:\/\/denizcankizil.tr\/de\/\",\"name\":\"Av. Deniz Can K\u0131z\u0131l\",\"description\":\"Avukat Deniz Can K\u0131z\u0131l Antalya Barosu\",\"publisher\":{\"@id\":\"https:\/\/denizcankizil.tr\/de\/#organization\"},\"potentialAction\":[{\"@type\":\"SearchAction\",\"target\":{\"@type\":\"EntryPoint\",\"urlTemplate\":\"https:\/\/denizcankizil.tr\/de\/?s={search_term_string}\"},\"query-input\":{\"@type\":\"PropertyValueSpecification\",\"valueRequired\":true,\"valueName\":\"search_term_string\"}}],\"inLanguage\":\"en-GB\"},{\"@type\":\"Organization\",\"@id\":\"https:\/\/denizcankizil.tr\/de\/#organization\",\"name\":\"Av. Deniz Can K\u0131z\u0131l\",\"url\":\"https:\/\/denizcankizil.tr\/de\/\",\"logo\":{\"@type\":\"ImageObject\",\"inLanguage\":\"en-GB\",\"@id\":\"https:\/\/denizcankizil.tr\/de\/#\/schema\/logo\/image\/\",\"url\":\"http:\/\/denizcankizil.tr\/wp-content\/uploads\/2024\/10\/siyah-logo-svg.svg\",\"contentUrl\":\"http:\/\/denizcankizil.tr\/wp-content\/uploads\/2024\/10\/siyah-logo-svg.svg\",\"width\":1080,\"height\":1080,\"caption\":\"Av. Deniz Can K\u0131z\u0131l\"},\"image\":{\"@id\":\"https:\/\/denizcankizil.tr\/de\/#\/schema\/logo\/image\/\"}}]}<\/script>\n<!-- \/ Yoast SEO Premium plugin. -->","yoast_head_json":{"title":"Kad\u0131n Cinayetlerini Durduraca\u011f\u0131z Platformundan a\u00e7\u0131klama - Av. Deniz Can K\u0131z\u0131l","robots":{"index":"index","follow":"follow","max-snippet":"max-snippet:-1","max-image-preview":"max-image-preview:large","max-video-preview":"max-video-preview:-1"},"canonical":"http:\/\/denizcankizil.tr\/en\/haberler\/gundem\/kadin-cinayetlerini-durduracagiz-platformundan-aciklama\/","og_locale":"en_GB","og_type":"article","og_title":"Kad\u0131n Cinayetlerini Durduraca\u011f\u0131z Platformundan a\u00e7\u0131klama","og_description":"Kad\u0131n cinayetlerinin art\u0131\u015f\u0131yla ilgili \u00e7arp\u0131c\u0131 a\u00e7\u0131klamalarda bulunan Ta\u015f, 6284 say\u0131l\u0131 kanunun etkin \u015fekilde uygulanmamas\u0131n\u0131n \u015fiddetin temel nedenlerinden biri oldu\u011funu belirtti. &#8220;Kad\u0131nlar Haklar\u0131 \u0130\u00e7in M\u00fccadele Ederken \u00d6ld\u00fcr\u00fcl\u00fcyor&#8221; Simay Ta\u015f, kad\u0131nlar\u0131n bo\u015fanmak, ayr\u0131lmak, \u00e7al\u0131\u015fma hakk\u0131n\u0131 kullanmak veya diledikleri gibi ya\u015famak istedikleri i\u00e7in \u00f6ld\u00fcr\u00fcld\u00fcklerini s\u00f6yledi. Ta\u015f, kad\u0131nlar\u0131n \u00f6n\u00fcndeki tek engelin cinayetleri i\u015fleyen erkekler olmad\u0131\u011f\u0131n\u0131 vurgulad\u0131: \u201cKad\u0131nlar\u0131n \u00f6n\u00fcndeki esas engel, kad\u0131nlar\u0131 koruma y\u00fck\u00fcml\u00fcl\u00fc\u011f\u00fc olan ancak bunu yerine getirmeyen siyasi iktidard\u0131r. Bakanl\u0131klar, kad\u0131n cinayetlerine kar\u015f\u0131 somut ad\u0131mlar atm\u0131yor; kad\u0131nlar\u0131 su\u00e7layan a\u00e7\u0131klamalarla sorumluluktan ka\u00e7\u0131yor.\u201d &#8220;Kad\u0131nlar \u0130\u00e7in \u00c7elik Kalkan: 6284&#8221; 6284 say\u0131l\u0131 Kanun\u2019un etkin uygulanmamas\u0131n\u0131n, kad\u0131n cinayetlerinin art\u0131\u015f\u0131nda temel bir rol oynad\u0131\u011f\u0131n\u0131 ifade eden Ta\u015f, bu konuda bir\u00e7ok \u00f6rnek verdi: \u201cD\u00f6ne Bozdemir, bo\u015fanma a\u015famas\u0131nda oldu\u011fu erkek taraf\u0131ndan, elektronik kelep\u00e7e ve kolluk kuvvetlerinin yetersiz m\u00fcdahalesi nedeniyle \u00f6ld\u00fcr\u00fcld\u00fc. \u0130kbal, kendisini tehdit eden ve hakk\u0131nda defalarca \u015fikayette bulunulan Semih \u00c7elik taraf\u0131ndan \u00f6ld\u00fcr\u00fcld\u00fc. Fadim Temirhano\u011fullar\u0131, uzakla\u015ft\u0131rma karar\u0131na ra\u011fmen, bo\u015fanma a\u015famas\u0131ndaki e\u015fi taraf\u0131ndan katledildi.\u201d Ta\u015f, bu cinayetlerdeki ihmallerin, kamu kurumlar\u0131n\u0131n ve siyasi iradenin sorumlulu\u011funu ortaya koydu\u011funu belirterek, 6284&#8217;\u00fc uygulatmak i\u00e7in m\u00fccadele ba\u015flatt\u0131klar\u0131n\u0131 duyurdu. &#8220;Aile Odakl\u0131 Politikalar Kad\u0131nlar\u0131n E\u015fitli\u011fini Engelliyor&#8221; Ta\u015f, h\u00fck\u00fcmetin \u201ckutsal aile\u201d politikalar\u0131n\u0131n kad\u0131nlar\u0131n haklar\u0131n\u0131 ikinci plana att\u0131\u011f\u0131n\u0131 belirterek \u201cErke\u011fin \u2018reis\u2019 oldu\u011fu aileyi koruma anlay\u0131\u015f\u0131, kad\u0131nlar\u0131n e\u015fitlik ve \u00f6zg\u00fcrl\u00fck m\u00fccadelesinin \u00f6n\u00fcnde bir engeldir. \u015eiddet g\u00f6ren kad\u0131nlar\u0131 korumak yerine, aileyi kutsayan politikalar &hellip;","og_url":"http:\/\/denizcankizil.tr\/en\/haberler\/gundem\/kadin-cinayetlerini-durduracagiz-platformundan-aciklama\/","og_site_name":"Av. Deniz Can K\u0131z\u0131l","article_published_time":"2024-11-24T05:41:29+00:00","twitter_card":"summary_large_image","twitter_misc":{"Estimated reading time":"3 minutes"},"schema":{"@context":"https:\/\/schema.org","@graph":[{"@type":"Article","@id":"http:\/\/denizcankizil.tr\/en\/haberler\/gundem\/kadin-cinayetlerini-durduracagiz-platformundan-aciklama\/#article","isPartOf":{"@id":"http:\/\/denizcankizil.tr\/en\/haberler\/gundem\/kadin-cinayetlerini-durduracagiz-platformundan-aciklama\/"},"author":{"name":"","@id":""},"headline":"Kad\u0131n Cinayetlerini Durduraca\u011f\u0131z Platformundan a\u00e7\u0131klama","datePublished":"2024-11-24T05:41:29+00:00","mainEntityOfPage":{"@id":"http:\/\/denizcankizil.tr\/en\/haberler\/gundem\/kadin-cinayetlerini-durduracagiz-platformundan-aciklama\/"},"wordCount":549,"commentCount":0,"publisher":{"@id":"https:\/\/denizcankizil.tr\/de\/#organization"},"articleSection":["G\u00fcndem","Uncategorized"],"inLanguage":"en-GB","potentialAction":[{"@type":"CommentAction","name":"Comment","target":["http:\/\/denizcankizil.tr\/en\/haberler\/gundem\/kadin-cinayetlerini-durduracagiz-platformundan-aciklama\/#respond"]}]},{"@type":"WebPage","@id":"http:\/\/denizcankizil.tr\/en\/haberler\/gundem\/kadin-cinayetlerini-durduracagiz-platformundan-aciklama\/","url":"http:\/\/denizcankizil.tr\/en\/haberler\/gundem\/kadin-cinayetlerini-durduracagiz-platformundan-aciklama\/","name":"Kad\u0131n Cinayetlerini Durduraca\u011f\u0131z Platformundan a\u00e7\u0131klama - Av. Deniz Can K\u0131z\u0131l","isPartOf":{"@id":"https:\/\/denizcankizil.tr\/de\/#website"},"datePublished":"2024-11-24T05:41:29+00:00","breadcrumb":{"@id":"http:\/\/denizcankizil.tr\/en\/haberler\/gundem\/kadin-cinayetlerini-durduracagiz-platformundan-aciklama\/#breadcrumb"},"inLanguage":"en-GB","potentialAction":[{"@type":"ReadAction","target":["http:\/\/denizcankizil.tr\/en\/haberler\/gundem\/kadin-cinayetlerini-durduracagiz-platformundan-aciklama\/"]}]},{"@type":"BreadcrumbList","@id":"http:\/\/denizcankizil.tr\/en\/haberler\/gundem\/kadin-cinayetlerini-durduracagiz-platformundan-aciklama\/#breadcrumb","itemListElement":[{"@type":"ListItem","position":1,"name":"Home","item":"https:\/\/denizcankizil.tr\/de\/"},{"@type":"ListItem","position":2,"name":"Kad\u0131n Cinayetlerini Durduraca\u011f\u0131z Platformundan a\u00e7\u0131klama"}]},{"@type":"WebSite","@id":"https:\/\/denizcankizil.tr\/de\/#website","url":"https:\/\/denizcankizil.tr\/de\/","name":"Av. Deniz Can K\u0131z\u0131l","description":"Avukat Deniz Can K\u0131z\u0131l Antalya Barosu","publisher":{"@id":"https:\/\/denizcankizil.tr\/de\/#organization"},"potentialAction":[{"@type":"SearchAction","target":{"@type":"EntryPoint","urlTemplate":"https:\/\/denizcankizil.tr\/de\/?s={search_term_string}"},"query-input":{"@type":"PropertyValueSpecification","valueRequired":true,"valueName":"search_term_string"}}],"inLanguage":"en-GB"},{"@type":"Organization","@id":"https:\/\/denizcankizil.tr\/de\/#organization","name":"Av. Deniz Can K\u0131z\u0131l","url":"https:\/\/denizcankizil.tr\/de\/","logo":{"@type":"ImageObject","inLanguage":"en-GB","@id":"https:\/\/denizcankizil.tr\/de\/#\/schema\/logo\/image\/","url":"http:\/\/denizcankizil.tr\/wp-content\/uploads\/2024\/10\/siyah-logo-svg.svg","contentUrl":"http:\/\/denizcankizil.tr\/wp-content\/uploads\/2024\/10\/siyah-logo-svg.svg","width":1080,"height":1080,"caption":"Av. Deniz Can K\u0131z\u0131l"},"image":{"@id":"https:\/\/denizcankizil.tr\/de\/#\/schema\/logo\/image\/"}}]}},"_links":{"self":[{"href":"http:\/\/denizcankizil.tr\/en\/wp-json\/wp\/v2\/posts\/17355","targetHints":{"allow":["GET"]}}],"collection":[{"href":"http:\/\/denizcankizil.tr\/en\/wp-json\/wp\/v2\/posts"}],"about":[{"href":"http:\/\/denizcankizil.tr\/en\/wp-json\/wp\/v2\/types\/post"}],"replies":[{"embeddable":true,"href":"http:\/\/denizcankizil.tr\/en\/wp-json\/wp\/v2\/comments?post=17355"}],"version-history":[{"count":0,"href":"http:\/\/denizcankizil.tr\/en\/wp-json\/wp\/v2\/posts\/17355\/revisions"}],"wp:attachment":[{"href":"http:\/\/denizcankizil.tr\/en\/wp-json\/wp\/v2\/media?parent=17355"}],"wp:term":[{"taxonomy":"category","embeddable":true,"href":"http:\/\/denizcankizil.tr\/en\/wp-json\/wp\/v2\/categories?post=17355"},{"taxonomy":"post_tag","embeddable":true,"href":"http:\/\/denizcankizil.tr\/en\/wp-json\/wp\/v2\/tags?post=17355"}],"curies":[{"name":"wp","href":"https:\/\/api.w.org\/{rel}","templated":true}]}}