{"id":17242,"date":"2024-11-23T14:41:25","date_gmt":"2024-11-23T11:41:25","guid":{"rendered":"https:\/\/denizcankizil.tr\/uncategorized-tr\/bocek-ogretmenlerin-hakki-odenmez\/"},"modified":"2024-11-23T14:41:25","modified_gmt":"2024-11-23T11:41:25","slug":"bocek-ogretmenlerin-hakki-odenmez","status":"publish","type":"post","link":"http:\/\/denizcankizil.tr\/en\/haberler\/gundem\/bocek-ogretmenlerin-hakki-odenmez\/","title":{"rendered":"B\u00f6cek: \u00d6\u011fretmenlerin hakk\u0131 \u00f6denmez"},"content":{"rendered":"<p>Antalya B\u00fcy\u00fck\u015fehir Belediye Ba\u015fkan\u0131 Muhittin B\u00f6cek, 24 Kas\u0131m \u00d6\u011fretmenler G\u00fcn\u00fc dolay\u0131s\u0131yla bir mesaj yay\u0131mlad\u0131.<\/p>\n<p>HAKLARI \u00d6DENMEZ<\/p>\n<p>Ba\u015fkan Muhittin B\u00f6cek, mesaj\u0131nda \u015fu ifadelere yer verdi: &#8220;Cumhuriyet sizden fikri h\u00fcr, vicdan\u0131 h\u00fcr, irfan\u0131 h\u00fcr nesiller ister&#8221; diyen Ata&#8217;m\u0131z\u0131n izinden ayr\u0131lmadan, gelece\u011fimizin teminat\u0131 \u00e7ocuklar\u0131m\u0131z\u0131 yar\u0131nlara haz\u0131rlayan k\u0131ymetli \u00f6\u011fretmenlerimizin 24 Kas\u0131m \u00d6\u011fretmenler G\u00fcn\u00fc&#8217;n\u00fc en i\u00e7ten duygular\u0131mla kutluyorum. \u00d6\u011fretmenler, \u00e7ocuklar\u0131m\u0131z\u0131 gelece\u011fe haz\u0131rlayan, onlar\u0131 yeti\u015ftiren toplumun en \u00f6nemli dinamik unsurlar\u0131d\u0131r. G\u00fcc\u00fcn\u00fc insandan ve sevgiden alan, her bir \u00f6\u011frencisini ayr\u0131 ayr\u0131 seven, onlar\u0131 ba\u011fr\u0131na basan elleri \u00f6p\u00fclesi \u00f6\u011fretmenlerimizin haklar\u0131 hi\u00e7bir \u015fekilde \u00f6denmez.<\/p>\n<p>ONLAR \u00c7OK DE\u011eERL\u0130<\/p>\n<p>Bug\u00fcn\u00fcn \u00e7ocuklar\u0131 ve gen\u00e7lerini, vatan ve millet sevgisiyle yeti\u015ftiren \u00f6\u011fretmenlerimize \u015f\u00fckran bor\u00e7luyuz. Devrimleriyle e\u011fitim sisteminde yepyeni ufuklar a\u00e7an Ba\u015f\u00f6\u011fretmen Mustafa Kemal Atat\u00fcrk, \u00f6\u011fretmenlerin ne denli de\u011ferli oldu\u011funu ve bir toplumun, bir \u00fclkenin gelece\u011fini \u015fekillendirmede ne kadar \u00f6nemli roller \u00fcstlendiklerini say\u0131s\u0131z kez dile getirmi\u015ftir. Cumhuriyetimizin kurucusu Gazi Mustafa Kemal Atat\u00fcrk, yeni ve \u00e7a\u011fda\u015f bir T\u00fcrk toplumu yarat\u0131rken \u00f6\u011fretmenlere g\u00fcvenmi\u015f ve onlara inanm\u0131\u015ft\u0131r.<\/p>\n<p>ATAT\u00dcRK\u2019\u00dcN \u00d6N\u00dcNDE SAYGIYLA E\u011e\u0130L\u0130YORUZ<\/p>\n<p>Tam 101 y\u0131ld\u0131r yolumuzu ayd\u0131nlatmaya devam eden B\u00fcy\u00fck \u00d6nder Ba\u015f\u00f6\u011fretmen Gazi Mustafa Kemal Atat\u00fcrk&#8217;\u00fcn aziz hat\u0131ras\u0131 \u00f6n\u00fcnde sayg\u0131yla e\u011filiyor, bizleri yeti\u015ftiren ve bug\u00fcnlere gelmemize vesile olan t\u00fcm \u00f6\u011fretmenlerimizin ve e\u011fitim camiam\u0131z\u0131n 24 Kas\u0131m \u00d6\u011fretmenler G\u00fcn\u00fc&#8217;n\u00fc bir kez daha kutluyorum. E\u011fitime y\u0131llar\u0131n\u0131 veren emekli \u00f6\u011fretmenlerimize sa\u011fl\u0131kl\u0131 uzun y\u0131llar diliyor, e\u011fitim \u015fehitlerimiz ba\u015fta olmak \u00fczere ebediyete intikal eden \u00f6\u011fretmenlerimize Allah&#8217;tan rahmet diliyorum. E\u011fitim ve \u00f6\u011fretim hayat\u0131nda g\u00f6sterdi\u011finiz \u00f6zveri ve emekler i\u00e7in sizlere te\u015fekk\u00fcr ederiz.&#8221;<\/p>\n<p>\u200bAntalya B\u00fcy\u00fck\u015fehir Belediye Ba\u015fkan\u0131 Muhittin B\u00f6cek, 24 Kas\u0131m \u00d6\u011fretmenler G\u00fcn\u00fc i\u00e7in yay\u0131nlad\u0131\u011f\u0131 mesajda, \u201c\u00d6\u011fretmenlerin hakk\u0131 \u00f6denmez\u201d dedi\u00a0<\/p>\n<p>\u200bHaberin Al\u0131nt\u0131land\u0131\u011f\u0131 Kaynak: www.antalyakorfez.com<\/p>","protected":false},"excerpt":{"rendered":"<p>Antalya B\u00fcy\u00fck\u015fehir Belediye Ba\u015fkan\u0131 Muhittin B\u00f6cek, 24 Kas\u0131m \u00d6\u011fretmenler G\u00fcn\u00fc dolay\u0131s\u0131yla bir mesaj yay\u0131mlad\u0131. HAKLARI \u00d6DENMEZ Ba\u015fkan Muhittin B\u00f6cek, mesaj\u0131nda \u015fu ifadelere yer verdi: &#8220;Cumhuriyet sizden fikri h\u00fcr, vicdan\u0131 h\u00fcr, irfan\u0131 h\u00fcr nesiller ister&#8221; diyen Ata&#8217;m\u0131z\u0131n izinden ayr\u0131lmadan, gelece\u011fimizin teminat\u0131 \u00e7ocuklar\u0131m\u0131z\u0131 yar\u0131nlara haz\u0131rlayan k\u0131ymetli \u00f6\u011fretmenlerimizin 24 Kas\u0131m \u00d6\u011fretmenler G\u00fcn\u00fc&#8217;n\u00fc en i\u00e7ten duygular\u0131mla kutluyorum. \u00d6\u011fretmenler, \u00e7ocuklar\u0131m\u0131z\u0131 gelece\u011fe haz\u0131rlayan, onlar\u0131 yeti\u015ftiren toplumun en \u00f6nemli dinamik unsurlar\u0131d\u0131r. G\u00fcc\u00fcn\u00fc insandan ve sevgiden alan, her bir \u00f6\u011frencisini ayr\u0131 ayr\u0131 seven, onlar\u0131 ba\u011fr\u0131na basan elleri \u00f6p\u00fclesi \u00f6\u011fretmenlerimizin haklar\u0131 hi\u00e7bir \u015fekilde \u00f6denmez. ONLAR \u00c7OK DE\u011eERL\u0130 Bug\u00fcn\u00fcn \u00e7ocuklar\u0131 ve gen\u00e7lerini, vatan ve millet sevgisiyle yeti\u015ftiren \u00f6\u011fretmenlerimize \u015f\u00fckran bor\u00e7luyuz. Devrimleriyle e\u011fitim sisteminde yepyeni ufuklar a\u00e7an Ba\u015f\u00f6\u011fretmen Mustafa Kemal Atat\u00fcrk, \u00f6\u011fretmenlerin ne denli de\u011ferli oldu\u011funu ve bir toplumun, bir \u00fclkenin gelece\u011fini \u015fekillendirmede ne kadar \u00f6nemli roller \u00fcstlendiklerini say\u0131s\u0131z kez dile getirmi\u015ftir. Cumhuriyetimizin kurucusu Gazi Mustafa Kemal Atat\u00fcrk, yeni ve \u00e7a\u011fda\u015f bir T\u00fcrk toplumu yarat\u0131rken \u00f6\u011fretmenlere g\u00fcvenmi\u015f ve onlara inanm\u0131\u015ft\u0131r. ATAT\u00dcRK\u2019\u00dcN \u00d6N\u00dcNDE SAYGIYLA E\u011e\u0130L\u0130YORUZ Tam 101 y\u0131ld\u0131r yolumuzu ayd\u0131nlatmaya devam eden B\u00fcy\u00fck \u00d6nder Ba\u015f\u00f6\u011fretmen Gazi Mustafa Kemal Atat\u00fcrk&#8217;\u00fcn aziz hat\u0131ras\u0131 \u00f6n\u00fcnde sayg\u0131yla e\u011filiyor, bizleri yeti\u015ftiren ve bug\u00fcnlere gelmemize vesile olan t\u00fcm \u00f6\u011fretmenlerimizin ve e\u011fitim camiam\u0131z\u0131n 24 Kas\u0131m \u00d6\u011fretmenler G\u00fcn\u00fc&#8217;n\u00fc bir kez daha kutluyorum. E\u011fitime y\u0131llar\u0131n\u0131 veren emekli \u00f6\u011fretmenlerimize sa\u011fl\u0131kl\u0131 uzun y\u0131llar &hellip;<\/p>","protected":false},"author":0,"featured_media":0,"comment_status":"open","ping_status":"open","sticky":false,"template":"","format":"standard","meta":{"_acf_changed":false,"footnotes":""},"categories":[24,535],"tags":[],"class_list":["post-17242","post","type-post","status-publish","format-standard","has-post-thumbnail","hentry","category-gundem","category-uncategorized-tr"],"acf":[],"yoast_head":"<!-- This site is optimized with the Yoast SEO Premium plugin v26.6 (Yoast SEO v27.1.1) - https:\/\/yoast.com\/product\/yoast-seo-premium-wordpress\/ -->\n<title>B\u00f6cek: \u00d6\u011fretmenlerin hakk\u0131 \u00f6denmez - Av. Deniz Can K\u0131z\u0131l<\/title>\n<meta name=\"robots\" content=\"index, follow, max-snippet:-1, max-image-preview:large, max-video-preview:-1\" \/>\n<link rel=\"canonical\" href=\"http:\/\/denizcankizil.tr\/en\/haberler\/gundem\/bocek-ogretmenlerin-hakki-odenmez\/\" \/>\n<meta property=\"og:locale\" content=\"en_GB\" \/>\n<meta property=\"og:type\" content=\"article\" \/>\n<meta property=\"og:title\" content=\"B\u00f6cek: \u00d6\u011fretmenlerin hakk\u0131 \u00f6denmez\" \/>\n<meta property=\"og:description\" content=\"Antalya B\u00fcy\u00fck\u015fehir Belediye Ba\u015fkan\u0131 Muhittin B\u00f6cek, 24 Kas\u0131m \u00d6\u011fretmenler G\u00fcn\u00fc dolay\u0131s\u0131yla bir mesaj yay\u0131mlad\u0131. HAKLARI \u00d6DENMEZ Ba\u015fkan Muhittin B\u00f6cek, mesaj\u0131nda \u015fu ifadelere yer verdi: &#8220;Cumhuriyet sizden fikri h\u00fcr, vicdan\u0131 h\u00fcr, irfan\u0131 h\u00fcr nesiller ister&#8221; diyen Ata&#8217;m\u0131z\u0131n izinden ayr\u0131lmadan, gelece\u011fimizin teminat\u0131 \u00e7ocuklar\u0131m\u0131z\u0131 yar\u0131nlara haz\u0131rlayan k\u0131ymetli \u00f6\u011fretmenlerimizin 24 Kas\u0131m \u00d6\u011fretmenler G\u00fcn\u00fc&#8217;n\u00fc en i\u00e7ten duygular\u0131mla kutluyorum. \u00d6\u011fretmenler, \u00e7ocuklar\u0131m\u0131z\u0131 gelece\u011fe haz\u0131rlayan, onlar\u0131 yeti\u015ftiren toplumun en \u00f6nemli dinamik unsurlar\u0131d\u0131r. G\u00fcc\u00fcn\u00fc insandan ve sevgiden alan, her bir \u00f6\u011frencisini ayr\u0131 ayr\u0131 seven, onlar\u0131 ba\u011fr\u0131na basan elleri \u00f6p\u00fclesi \u00f6\u011fretmenlerimizin haklar\u0131 hi\u00e7bir \u015fekilde \u00f6denmez. ONLAR \u00c7OK DE\u011eERL\u0130 Bug\u00fcn\u00fcn \u00e7ocuklar\u0131 ve gen\u00e7lerini, vatan ve millet sevgisiyle yeti\u015ftiren \u00f6\u011fretmenlerimize \u015f\u00fckran bor\u00e7luyuz. Devrimleriyle e\u011fitim sisteminde yepyeni ufuklar a\u00e7an Ba\u015f\u00f6\u011fretmen Mustafa Kemal Atat\u00fcrk, \u00f6\u011fretmenlerin ne denli de\u011ferli oldu\u011funu ve bir toplumun, bir \u00fclkenin gelece\u011fini \u015fekillendirmede ne kadar \u00f6nemli roller \u00fcstlendiklerini say\u0131s\u0131z kez dile getirmi\u015ftir. Cumhuriyetimizin kurucusu Gazi Mustafa Kemal Atat\u00fcrk, yeni ve \u00e7a\u011fda\u015f bir T\u00fcrk toplumu yarat\u0131rken \u00f6\u011fretmenlere g\u00fcvenmi\u015f ve onlara inanm\u0131\u015ft\u0131r. ATAT\u00dcRK\u2019\u00dcN \u00d6N\u00dcNDE SAYGIYLA E\u011e\u0130L\u0130YORUZ Tam 101 y\u0131ld\u0131r yolumuzu ayd\u0131nlatmaya devam eden B\u00fcy\u00fck \u00d6nder Ba\u015f\u00f6\u011fretmen Gazi Mustafa Kemal Atat\u00fcrk&#8217;\u00fcn aziz hat\u0131ras\u0131 \u00f6n\u00fcnde sayg\u0131yla e\u011filiyor, bizleri yeti\u015ftiren ve bug\u00fcnlere gelmemize vesile olan t\u00fcm \u00f6\u011fretmenlerimizin ve e\u011fitim camiam\u0131z\u0131n 24 Kas\u0131m \u00d6\u011fretmenler G\u00fcn\u00fc&#8217;n\u00fc bir kez daha kutluyorum. E\u011fitime y\u0131llar\u0131n\u0131 veren emekli \u00f6\u011fretmenlerimize sa\u011fl\u0131kl\u0131 uzun y\u0131llar &hellip;\" \/>\n<meta property=\"og:url\" content=\"http:\/\/denizcankizil.tr\/en\/haberler\/gundem\/bocek-ogretmenlerin-hakki-odenmez\/\" \/>\n<meta property=\"og:site_name\" content=\"Av. Deniz Can K\u0131z\u0131l\" \/>\n<meta property=\"article:published_time\" content=\"2024-11-23T11:41:25+00:00\" \/>\n<meta name=\"twitter:card\" content=\"summary_large_image\" \/>\n<meta name=\"twitter:label1\" content=\"Estimated reading time\" \/>\n\t<meta name=\"twitter:data1\" content=\"2 minutes\" \/>\n<script type=\"application\/ld+json\" class=\"yoast-schema-graph\">{\"@context\":\"https:\/\/schema.org\",\"@graph\":[{\"@type\":\"Article\",\"@id\":\"http:\/\/denizcankizil.tr\/en\/haberler\/gundem\/bocek-ogretmenlerin-hakki-odenmez\/#article\",\"isPartOf\":{\"@id\":\"http:\/\/denizcankizil.tr\/en\/haberler\/gundem\/bocek-ogretmenlerin-hakki-odenmez\/\"},\"author\":{\"name\":\"\",\"@id\":\"\"},\"headline\":\"B\u00f6cek: \u00d6\u011fretmenlerin hakk\u0131 \u00f6denmez\",\"datePublished\":\"2024-11-23T11:41:25+00:00\",\"mainEntityOfPage\":{\"@id\":\"http:\/\/denizcankizil.tr\/en\/haberler\/gundem\/bocek-ogretmenlerin-hakki-odenmez\/\"},\"wordCount\":368,\"commentCount\":0,\"publisher\":{\"@id\":\"https:\/\/denizcankizil.tr\/de\/#organization\"},\"articleSection\":[\"G\u00fcndem\",\"Uncategorized\"],\"inLanguage\":\"en-GB\",\"potentialAction\":[{\"@type\":\"CommentAction\",\"name\":\"Comment\",\"target\":[\"http:\/\/denizcankizil.tr\/en\/haberler\/gundem\/bocek-ogretmenlerin-hakki-odenmez\/#respond\"]}]},{\"@type\":\"WebPage\",\"@id\":\"http:\/\/denizcankizil.tr\/en\/haberler\/gundem\/bocek-ogretmenlerin-hakki-odenmez\/\",\"url\":\"http:\/\/denizcankizil.tr\/en\/haberler\/gundem\/bocek-ogretmenlerin-hakki-odenmez\/\",\"name\":\"B\u00f6cek: \u00d6\u011fretmenlerin hakk\u0131 \u00f6denmez - Av. Deniz Can K\u0131z\u0131l\",\"isPartOf\":{\"@id\":\"https:\/\/denizcankizil.tr\/de\/#website\"},\"datePublished\":\"2024-11-23T11:41:25+00:00\",\"breadcrumb\":{\"@id\":\"http:\/\/denizcankizil.tr\/en\/haberler\/gundem\/bocek-ogretmenlerin-hakki-odenmez\/#breadcrumb\"},\"inLanguage\":\"en-GB\",\"potentialAction\":[{\"@type\":\"ReadAction\",\"target\":[\"http:\/\/denizcankizil.tr\/en\/haberler\/gundem\/bocek-ogretmenlerin-hakki-odenmez\/\"]}]},{\"@type\":\"BreadcrumbList\",\"@id\":\"http:\/\/denizcankizil.tr\/en\/haberler\/gundem\/bocek-ogretmenlerin-hakki-odenmez\/#breadcrumb\",\"itemListElement\":[{\"@type\":\"ListItem\",\"position\":1,\"name\":\"Home\",\"item\":\"https:\/\/denizcankizil.tr\/de\/\"},{\"@type\":\"ListItem\",\"position\":2,\"name\":\"B\u00f6cek: \u00d6\u011fretmenlerin hakk\u0131 \u00f6denmez\"}]},{\"@type\":\"WebSite\",\"@id\":\"https:\/\/denizcankizil.tr\/de\/#website\",\"url\":\"https:\/\/denizcankizil.tr\/de\/\",\"name\":\"Av. Deniz Can K\u0131z\u0131l\",\"description\":\"Avukat Deniz Can K\u0131z\u0131l Antalya Barosu\",\"publisher\":{\"@id\":\"https:\/\/denizcankizil.tr\/de\/#organization\"},\"potentialAction\":[{\"@type\":\"SearchAction\",\"target\":{\"@type\":\"EntryPoint\",\"urlTemplate\":\"https:\/\/denizcankizil.tr\/de\/?s={search_term_string}\"},\"query-input\":{\"@type\":\"PropertyValueSpecification\",\"valueRequired\":true,\"valueName\":\"search_term_string\"}}],\"inLanguage\":\"en-GB\"},{\"@type\":\"Organization\",\"@id\":\"https:\/\/denizcankizil.tr\/de\/#organization\",\"name\":\"Av. Deniz Can K\u0131z\u0131l\",\"url\":\"https:\/\/denizcankizil.tr\/de\/\",\"logo\":{\"@type\":\"ImageObject\",\"inLanguage\":\"en-GB\",\"@id\":\"https:\/\/denizcankizil.tr\/de\/#\/schema\/logo\/image\/\",\"url\":\"http:\/\/denizcankizil.tr\/wp-content\/uploads\/2024\/10\/siyah-logo-svg.svg\",\"contentUrl\":\"http:\/\/denizcankizil.tr\/wp-content\/uploads\/2024\/10\/siyah-logo-svg.svg\",\"width\":1080,\"height\":1080,\"caption\":\"Av. Deniz Can K\u0131z\u0131l\"},\"image\":{\"@id\":\"https:\/\/denizcankizil.tr\/de\/#\/schema\/logo\/image\/\"}}]}<\/script>\n<!-- \/ Yoast SEO Premium plugin. -->","yoast_head_json":{"title":"B\u00f6cek: \u00d6\u011fretmenlerin hakk\u0131 \u00f6denmez - Av. Deniz Can K\u0131z\u0131l","robots":{"index":"index","follow":"follow","max-snippet":"max-snippet:-1","max-image-preview":"max-image-preview:large","max-video-preview":"max-video-preview:-1"},"canonical":"http:\/\/denizcankizil.tr\/en\/haberler\/gundem\/bocek-ogretmenlerin-hakki-odenmez\/","og_locale":"en_GB","og_type":"article","og_title":"B\u00f6cek: \u00d6\u011fretmenlerin hakk\u0131 \u00f6denmez","og_description":"Antalya B\u00fcy\u00fck\u015fehir Belediye Ba\u015fkan\u0131 Muhittin B\u00f6cek, 24 Kas\u0131m \u00d6\u011fretmenler G\u00fcn\u00fc dolay\u0131s\u0131yla bir mesaj yay\u0131mlad\u0131. HAKLARI \u00d6DENMEZ Ba\u015fkan Muhittin B\u00f6cek, mesaj\u0131nda \u015fu ifadelere yer verdi: &#8220;Cumhuriyet sizden fikri h\u00fcr, vicdan\u0131 h\u00fcr, irfan\u0131 h\u00fcr nesiller ister&#8221; diyen Ata&#8217;m\u0131z\u0131n izinden ayr\u0131lmadan, gelece\u011fimizin teminat\u0131 \u00e7ocuklar\u0131m\u0131z\u0131 yar\u0131nlara haz\u0131rlayan k\u0131ymetli \u00f6\u011fretmenlerimizin 24 Kas\u0131m \u00d6\u011fretmenler G\u00fcn\u00fc&#8217;n\u00fc en i\u00e7ten duygular\u0131mla kutluyorum. \u00d6\u011fretmenler, \u00e7ocuklar\u0131m\u0131z\u0131 gelece\u011fe haz\u0131rlayan, onlar\u0131 yeti\u015ftiren toplumun en \u00f6nemli dinamik unsurlar\u0131d\u0131r. G\u00fcc\u00fcn\u00fc insandan ve sevgiden alan, her bir \u00f6\u011frencisini ayr\u0131 ayr\u0131 seven, onlar\u0131 ba\u011fr\u0131na basan elleri \u00f6p\u00fclesi \u00f6\u011fretmenlerimizin haklar\u0131 hi\u00e7bir \u015fekilde \u00f6denmez. ONLAR \u00c7OK DE\u011eERL\u0130 Bug\u00fcn\u00fcn \u00e7ocuklar\u0131 ve gen\u00e7lerini, vatan ve millet sevgisiyle yeti\u015ftiren \u00f6\u011fretmenlerimize \u015f\u00fckran bor\u00e7luyuz. Devrimleriyle e\u011fitim sisteminde yepyeni ufuklar a\u00e7an Ba\u015f\u00f6\u011fretmen Mustafa Kemal Atat\u00fcrk, \u00f6\u011fretmenlerin ne denli de\u011ferli oldu\u011funu ve bir toplumun, bir \u00fclkenin gelece\u011fini \u015fekillendirmede ne kadar \u00f6nemli roller \u00fcstlendiklerini say\u0131s\u0131z kez dile getirmi\u015ftir. Cumhuriyetimizin kurucusu Gazi Mustafa Kemal Atat\u00fcrk, yeni ve \u00e7a\u011fda\u015f bir T\u00fcrk toplumu yarat\u0131rken \u00f6\u011fretmenlere g\u00fcvenmi\u015f ve onlara inanm\u0131\u015ft\u0131r. ATAT\u00dcRK\u2019\u00dcN \u00d6N\u00dcNDE SAYGIYLA E\u011e\u0130L\u0130YORUZ Tam 101 y\u0131ld\u0131r yolumuzu ayd\u0131nlatmaya devam eden B\u00fcy\u00fck \u00d6nder Ba\u015f\u00f6\u011fretmen Gazi Mustafa Kemal Atat\u00fcrk&#8217;\u00fcn aziz hat\u0131ras\u0131 \u00f6n\u00fcnde sayg\u0131yla e\u011filiyor, bizleri yeti\u015ftiren ve bug\u00fcnlere gelmemize vesile olan t\u00fcm \u00f6\u011fretmenlerimizin ve e\u011fitim camiam\u0131z\u0131n 24 Kas\u0131m \u00d6\u011fretmenler G\u00fcn\u00fc&#8217;n\u00fc bir kez daha kutluyorum. E\u011fitime y\u0131llar\u0131n\u0131 veren emekli \u00f6\u011fretmenlerimize sa\u011fl\u0131kl\u0131 uzun y\u0131llar &hellip;","og_url":"http:\/\/denizcankizil.tr\/en\/haberler\/gundem\/bocek-ogretmenlerin-hakki-odenmez\/","og_site_name":"Av. Deniz Can K\u0131z\u0131l","article_published_time":"2024-11-23T11:41:25+00:00","twitter_card":"summary_large_image","twitter_misc":{"Estimated reading time":"2 minutes"},"schema":{"@context":"https:\/\/schema.org","@graph":[{"@type":"Article","@id":"http:\/\/denizcankizil.tr\/en\/haberler\/gundem\/bocek-ogretmenlerin-hakki-odenmez\/#article","isPartOf":{"@id":"http:\/\/denizcankizil.tr\/en\/haberler\/gundem\/bocek-ogretmenlerin-hakki-odenmez\/"},"author":{"name":"","@id":""},"headline":"B\u00f6cek: \u00d6\u011fretmenlerin hakk\u0131 \u00f6denmez","datePublished":"2024-11-23T11:41:25+00:00","mainEntityOfPage":{"@id":"http:\/\/denizcankizil.tr\/en\/haberler\/gundem\/bocek-ogretmenlerin-hakki-odenmez\/"},"wordCount":368,"commentCount":0,"publisher":{"@id":"https:\/\/denizcankizil.tr\/de\/#organization"},"articleSection":["G\u00fcndem","Uncategorized"],"inLanguage":"en-GB","potentialAction":[{"@type":"CommentAction","name":"Comment","target":["http:\/\/denizcankizil.tr\/en\/haberler\/gundem\/bocek-ogretmenlerin-hakki-odenmez\/#respond"]}]},{"@type":"WebPage","@id":"http:\/\/denizcankizil.tr\/en\/haberler\/gundem\/bocek-ogretmenlerin-hakki-odenmez\/","url":"http:\/\/denizcankizil.tr\/en\/haberler\/gundem\/bocek-ogretmenlerin-hakki-odenmez\/","name":"B\u00f6cek: \u00d6\u011fretmenlerin hakk\u0131 \u00f6denmez - Av. Deniz Can K\u0131z\u0131l","isPartOf":{"@id":"https:\/\/denizcankizil.tr\/de\/#website"},"datePublished":"2024-11-23T11:41:25+00:00","breadcrumb":{"@id":"http:\/\/denizcankizil.tr\/en\/haberler\/gundem\/bocek-ogretmenlerin-hakki-odenmez\/#breadcrumb"},"inLanguage":"en-GB","potentialAction":[{"@type":"ReadAction","target":["http:\/\/denizcankizil.tr\/en\/haberler\/gundem\/bocek-ogretmenlerin-hakki-odenmez\/"]}]},{"@type":"BreadcrumbList","@id":"http:\/\/denizcankizil.tr\/en\/haberler\/gundem\/bocek-ogretmenlerin-hakki-odenmez\/#breadcrumb","itemListElement":[{"@type":"ListItem","position":1,"name":"Home","item":"https:\/\/denizcankizil.tr\/de\/"},{"@type":"ListItem","position":2,"name":"B\u00f6cek: \u00d6\u011fretmenlerin hakk\u0131 \u00f6denmez"}]},{"@type":"WebSite","@id":"https:\/\/denizcankizil.tr\/de\/#website","url":"https:\/\/denizcankizil.tr\/de\/","name":"Av. Deniz Can K\u0131z\u0131l","description":"Avukat Deniz Can K\u0131z\u0131l Antalya Barosu","publisher":{"@id":"https:\/\/denizcankizil.tr\/de\/#organization"},"potentialAction":[{"@type":"SearchAction","target":{"@type":"EntryPoint","urlTemplate":"https:\/\/denizcankizil.tr\/de\/?s={search_term_string}"},"query-input":{"@type":"PropertyValueSpecification","valueRequired":true,"valueName":"search_term_string"}}],"inLanguage":"en-GB"},{"@type":"Organization","@id":"https:\/\/denizcankizil.tr\/de\/#organization","name":"Av. Deniz Can K\u0131z\u0131l","url":"https:\/\/denizcankizil.tr\/de\/","logo":{"@type":"ImageObject","inLanguage":"en-GB","@id":"https:\/\/denizcankizil.tr\/de\/#\/schema\/logo\/image\/","url":"http:\/\/denizcankizil.tr\/wp-content\/uploads\/2024\/10\/siyah-logo-svg.svg","contentUrl":"http:\/\/denizcankizil.tr\/wp-content\/uploads\/2024\/10\/siyah-logo-svg.svg","width":1080,"height":1080,"caption":"Av. Deniz Can K\u0131z\u0131l"},"image":{"@id":"https:\/\/denizcankizil.tr\/de\/#\/schema\/logo\/image\/"}}]}},"_links":{"self":[{"href":"http:\/\/denizcankizil.tr\/en\/wp-json\/wp\/v2\/posts\/17242","targetHints":{"allow":["GET"]}}],"collection":[{"href":"http:\/\/denizcankizil.tr\/en\/wp-json\/wp\/v2\/posts"}],"about":[{"href":"http:\/\/denizcankizil.tr\/en\/wp-json\/wp\/v2\/types\/post"}],"replies":[{"embeddable":true,"href":"http:\/\/denizcankizil.tr\/en\/wp-json\/wp\/v2\/comments?post=17242"}],"version-history":[{"count":0,"href":"http:\/\/denizcankizil.tr\/en\/wp-json\/wp\/v2\/posts\/17242\/revisions"}],"wp:attachment":[{"href":"http:\/\/denizcankizil.tr\/en\/wp-json\/wp\/v2\/media?parent=17242"}],"wp:term":[{"taxonomy":"category","embeddable":true,"href":"http:\/\/denizcankizil.tr\/en\/wp-json\/wp\/v2\/categories?post=17242"},{"taxonomy":"post_tag","embeddable":true,"href":"http:\/\/denizcankizil.tr\/en\/wp-json\/wp\/v2\/tags?post=17242"}],"curies":[{"name":"wp","href":"https:\/\/api.w.org\/{rel}","templated":true}]}}