{"id":16825,"date":"2024-11-21T10:41:24","date_gmt":"2024-11-21T07:41:24","guid":{"rendered":"https:\/\/denizcankizil.tr\/uncategorized-tr\/asansor-bosluguna-dusen-kadin-agir-yaralandi\/"},"modified":"2025-03-16T00:45:39","modified_gmt":"2025-03-15T21:45:39","slug":"asansor-bosluguna-dusen-kadin-agir-yaralandi","status":"publish","type":"post","link":"http:\/\/denizcankizil.tr\/en\/haberler\/antalya\/asansor-bosluguna-dusen-kadin-agir-yaralandi\/","title":{"rendered":"Asans\u00f6r bo\u015flu\u011funa d\u00fc\u015fen kad\u0131n a\u011f\u0131r yaraland\u0131"},"content":{"rendered":"<p>Olay, d\u00fcn saat 14.00 s\u0131ralar\u0131nda Gazipa\u015fa \u0130l\u00e7esi Gazi Mahallesi Ulusal Egemenlik Bulvar\u0131 \u00fczerinde bulunan bir mobilya ma\u011fazas\u0131nda meydana geldi. Edinilen bilgilere g\u00f6re mobilya ma\u011fazas\u0131na gelen 60 ya\u015f\u0131ndaki K\u0131ymet \u00d6. isimli kad\u0131n, hen\u00fcz bilinmeyen bir \u015fekilde ma\u011fazan\u0131n asans\u00f6r bo\u015flu\u011funa d\u00fc\u015ferek a\u011f\u0131r yaraland\u0131. Olay\u0131 g\u00f6ren ma\u011faza \u00e7al\u0131\u015fanlar\u0131 durumu hemen 112 Acil \u00c7a\u011fr\u0131 Merkezine bildirdi. Al\u0131nan ihbar\u0131n ard\u0131ndan olay yerine polis, sa\u011fl\u0131k ve Antalya B\u00fcy\u00fck\u015fehir Belediyesi Gazipa\u015fa \u0130tfaiye Birimi ekipleri sevk edildi. \u0130tfaiye ekipleri, 1\u2019inci kattan eksi 2\u2019nci kata d\u00fc\u015fen kad\u0131n\u0131 bulundu\u011fu yerden \u00e7\u0131karmak i\u00e7in yo\u011fun \u00e7aba sarf etti. Uzun s\u00fcren \u00e7al\u0131\u015fmalar\u0131n ard\u0131ndan d\u00fc\u015ft\u00fc\u011f\u00fc yerden \u00e7\u0131kar\u0131lan yaral\u0131 kad\u0131n, sa\u011fl\u0131k ekiplerinin ilk m\u00fcdahalesinin ard\u0131ndan ambulansla Gazipa\u015fa Devlet Hastanesine kald\u0131r\u0131larak, tedavi alt\u0131na al\u0131nd\u0131.<br \/>\nPolis ekipleri olayla ilgili inceleme ba\u015flatt\u0131.<\/p>\n<p>Kaynak: www.kanalv.com.tr Haber Sitesinden Al\u0131nm\u0131\u015ft\u0131r.<\/p>","protected":false},"excerpt":{"rendered":"<p>Olay, d\u00fcn saat 14.00 s\u0131ralar\u0131nda Gazipa\u015fa \u0130l\u00e7esi Gazi Mahallesi Ulusal Egemenlik Bulvar\u0131 \u00fczerinde bulunan bir mobilya ma\u011fazas\u0131nda meydana geldi. Edinilen bilgilere g\u00f6re mobilya ma\u011fazas\u0131na gelen 60 ya\u015f\u0131ndaki K\u0131ymet \u00d6. isimli kad\u0131n, hen\u00fcz bilinmeyen bir \u015fekilde ma\u011fazan\u0131n asans\u00f6r bo\u015flu\u011funa d\u00fc\u015ferek a\u011f\u0131r yaraland\u0131. Olay\u0131 g\u00f6ren ma\u011faza \u00e7al\u0131\u015fanlar\u0131 durumu hemen 112 Acil \u00c7a\u011fr\u0131 Merkezine bildirdi. Al\u0131nan ihbar\u0131n ard\u0131ndan olay yerine polis, sa\u011fl\u0131k ve Antalya B\u00fcy\u00fck\u015fehir Belediyesi Gazipa\u015fa \u0130tfaiye Birimi ekipleri sevk edildi. \u0130tfaiye ekipleri, 1\u2019inci kattan eksi 2\u2019nci kata d\u00fc\u015fen kad\u0131n\u0131 bulundu\u011fu yerden \u00e7\u0131karmak i\u00e7in yo\u011fun \u00e7aba sarf etti. Uzun s\u00fcren \u00e7al\u0131\u015fmalar\u0131n ard\u0131ndan d\u00fc\u015ft\u00fc\u011f\u00fc yerden \u00e7\u0131kar\u0131lan yaral\u0131 kad\u0131n, sa\u011fl\u0131k ekiplerinin ilk m\u00fcdahalesinin ard\u0131ndan ambulansla Gazipa\u015fa Devlet Hastanesine kald\u0131r\u0131larak, tedavi alt\u0131na al\u0131nd\u0131. Polis ekipleri olayla ilgili inceleme ba\u015flatt\u0131. Kaynak: www.kanalv.com.tr Haber Sitesinden Al\u0131nm\u0131\u015ft\u0131r.<\/p>","protected":false},"author":2,"featured_media":16826,"comment_status":"closed","ping_status":"open","sticky":false,"template":"","format":"standard","meta":{"_acf_changed":false,"footnotes":""},"categories":[26,535],"tags":[],"class_list":["post-16825","post","type-post","status-publish","format-standard","has-post-thumbnail","hentry","category-antalya","category-uncategorized-tr"],"acf":[],"yoast_head":"<!-- This site is optimized with the Yoast SEO Premium plugin v26.6 (Yoast SEO v27.1.1) - https:\/\/yoast.com\/product\/yoast-seo-premium-wordpress\/ -->\n<title>Asans\u00f6r bo\u015flu\u011funa d\u00fc\u015fen kad\u0131n a\u011f\u0131r yaraland\u0131 - Av. Deniz Can K\u0131z\u0131l<\/title>\n<meta name=\"robots\" content=\"index, follow, max-snippet:-1, max-image-preview:large, max-video-preview:-1\" \/>\n<link rel=\"canonical\" href=\"http:\/\/denizcankizil.tr\/en\/haberler\/antalya\/asansor-bosluguna-dusen-kadin-agir-yaralandi\/\" \/>\n<meta property=\"og:locale\" content=\"en_GB\" \/>\n<meta property=\"og:type\" content=\"article\" \/>\n<meta property=\"og:title\" content=\"Asans\u00f6r bo\u015flu\u011funa d\u00fc\u015fen kad\u0131n a\u011f\u0131r yaraland\u0131\" \/>\n<meta property=\"og:description\" content=\"Olay, d\u00fcn saat 14.00 s\u0131ralar\u0131nda Gazipa\u015fa \u0130l\u00e7esi Gazi Mahallesi Ulusal Egemenlik Bulvar\u0131 \u00fczerinde bulunan bir mobilya ma\u011fazas\u0131nda meydana geldi. Edinilen bilgilere g\u00f6re mobilya ma\u011fazas\u0131na gelen 60 ya\u015f\u0131ndaki K\u0131ymet \u00d6. isimli kad\u0131n, hen\u00fcz bilinmeyen bir \u015fekilde ma\u011fazan\u0131n asans\u00f6r bo\u015flu\u011funa d\u00fc\u015ferek a\u011f\u0131r yaraland\u0131. Olay\u0131 g\u00f6ren ma\u011faza \u00e7al\u0131\u015fanlar\u0131 durumu hemen 112 Acil \u00c7a\u011fr\u0131 Merkezine bildirdi. Al\u0131nan ihbar\u0131n ard\u0131ndan olay yerine polis, sa\u011fl\u0131k ve Antalya B\u00fcy\u00fck\u015fehir Belediyesi Gazipa\u015fa \u0130tfaiye Birimi ekipleri sevk edildi. \u0130tfaiye ekipleri, 1\u2019inci kattan eksi 2\u2019nci kata d\u00fc\u015fen kad\u0131n\u0131 bulundu\u011fu yerden \u00e7\u0131karmak i\u00e7in yo\u011fun \u00e7aba sarf etti. Uzun s\u00fcren \u00e7al\u0131\u015fmalar\u0131n ard\u0131ndan d\u00fc\u015ft\u00fc\u011f\u00fc yerden \u00e7\u0131kar\u0131lan yaral\u0131 kad\u0131n, sa\u011fl\u0131k ekiplerinin ilk m\u00fcdahalesinin ard\u0131ndan ambulansla Gazipa\u015fa Devlet Hastanesine kald\u0131r\u0131larak, tedavi alt\u0131na al\u0131nd\u0131. Polis ekipleri olayla ilgili inceleme ba\u015flatt\u0131. Kaynak: www.kanalv.com.tr Haber Sitesinden Al\u0131nm\u0131\u015ft\u0131r.\" \/>\n<meta property=\"og:url\" content=\"http:\/\/denizcankizil.tr\/en\/haberler\/antalya\/asansor-bosluguna-dusen-kadin-agir-yaralandi\/\" \/>\n<meta property=\"og:site_name\" content=\"Av. Deniz Can K\u0131z\u0131l\" \/>\n<meta property=\"article:published_time\" content=\"2024-11-21T07:41:24+00:00\" \/>\n<meta property=\"article:modified_time\" content=\"2025-03-15T21:45:39+00:00\" \/>\n<meta property=\"og:image\" content=\"http:\/\/denizcankizil.tr\/wp-content\/uploads\/2024\/11\/3199-01-fQTsJ9.jpeg\" \/>\n\t<meta property=\"og:image:width\" content=\"1280\" \/>\n\t<meta property=\"og:image:height\" content=\"720\" \/>\n\t<meta property=\"og:image:type\" content=\"image\/jpeg\" \/>\n<meta name=\"author\" content=\"www.hukukihaber .net\" \/>\n<meta name=\"twitter:card\" content=\"summary_large_image\" \/>\n<meta name=\"twitter:label1\" content=\"Written by\" \/>\n\t<meta name=\"twitter:data1\" content=\"www.hukukihaber .net\" \/>\n\t<meta name=\"twitter:label2\" content=\"Estimated reading time\" \/>\n\t<meta name=\"twitter:data2\" content=\"1 minute\" \/>\n<script type=\"application\/ld+json\" class=\"yoast-schema-graph\">{\"@context\":\"https:\/\/schema.org\",\"@graph\":[{\"@type\":\"Article\",\"@id\":\"http:\/\/denizcankizil.tr\/en\/haberler\/antalya\/asansor-bosluguna-dusen-kadin-agir-yaralandi\/#article\",\"isPartOf\":{\"@id\":\"http:\/\/denizcankizil.tr\/en\/haberler\/antalya\/asansor-bosluguna-dusen-kadin-agir-yaralandi\/\"},\"author\":{\"name\":\"www.hukukihaber .net\",\"@id\":\"https:\/\/denizcankizil.tr\/de\/#\/schema\/person\/ee8d1a7e569af69c394b149657373d7c\"},\"headline\":\"Asans\u00f6r bo\u015flu\u011funa d\u00fc\u015fen kad\u0131n a\u011f\u0131r yaraland\u0131\",\"datePublished\":\"2024-11-21T07:41:24+00:00\",\"dateModified\":\"2025-03-15T21:45:39+00:00\",\"mainEntityOfPage\":{\"@id\":\"http:\/\/denizcankizil.tr\/en\/haberler\/antalya\/asansor-bosluguna-dusen-kadin-agir-yaralandi\/\"},\"wordCount\":189,\"publisher\":{\"@id\":\"https:\/\/denizcankizil.tr\/de\/#organization\"},\"image\":{\"@id\":\"http:\/\/denizcankizil.tr\/en\/haberler\/antalya\/asansor-bosluguna-dusen-kadin-agir-yaralandi\/#primaryimage\"},\"thumbnailUrl\":\"http:\/\/denizcankizil.tr\/wp-content\/uploads\/2024\/11\/3199-01-fQTsJ9.jpeg\",\"articleSection\":[\"Antalya\",\"Uncategorized\"],\"inLanguage\":\"en-GB\"},{\"@type\":\"WebPage\",\"@id\":\"http:\/\/denizcankizil.tr\/en\/haberler\/antalya\/asansor-bosluguna-dusen-kadin-agir-yaralandi\/\",\"url\":\"http:\/\/denizcankizil.tr\/en\/haberler\/antalya\/asansor-bosluguna-dusen-kadin-agir-yaralandi\/\",\"name\":\"Asans\u00f6r bo\u015flu\u011funa d\u00fc\u015fen kad\u0131n a\u011f\u0131r yaraland\u0131 - Av. Deniz Can K\u0131z\u0131l\",\"isPartOf\":{\"@id\":\"https:\/\/denizcankizil.tr\/de\/#website\"},\"primaryImageOfPage\":{\"@id\":\"http:\/\/denizcankizil.tr\/en\/haberler\/antalya\/asansor-bosluguna-dusen-kadin-agir-yaralandi\/#primaryimage\"},\"image\":{\"@id\":\"http:\/\/denizcankizil.tr\/en\/haberler\/antalya\/asansor-bosluguna-dusen-kadin-agir-yaralandi\/#primaryimage\"},\"thumbnailUrl\":\"http:\/\/denizcankizil.tr\/wp-content\/uploads\/2024\/11\/3199-01-fQTsJ9.jpeg\",\"datePublished\":\"2024-11-21T07:41:24+00:00\",\"dateModified\":\"2025-03-15T21:45:39+00:00\",\"breadcrumb\":{\"@id\":\"http:\/\/denizcankizil.tr\/en\/haberler\/antalya\/asansor-bosluguna-dusen-kadin-agir-yaralandi\/#breadcrumb\"},\"inLanguage\":\"en-GB\",\"potentialAction\":[{\"@type\":\"ReadAction\",\"target\":[\"http:\/\/denizcankizil.tr\/en\/haberler\/antalya\/asansor-bosluguna-dusen-kadin-agir-yaralandi\/\"]}]},{\"@type\":\"ImageObject\",\"inLanguage\":\"en-GB\",\"@id\":\"http:\/\/denizcankizil.tr\/en\/haberler\/antalya\/asansor-bosluguna-dusen-kadin-agir-yaralandi\/#primaryimage\",\"url\":\"http:\/\/denizcankizil.tr\/wp-content\/uploads\/2024\/11\/3199-01-fQTsJ9.jpeg\",\"contentUrl\":\"http:\/\/denizcankizil.tr\/wp-content\/uploads\/2024\/11\/3199-01-fQTsJ9.jpeg\",\"width\":1280,\"height\":720},{\"@type\":\"BreadcrumbList\",\"@id\":\"http:\/\/denizcankizil.tr\/en\/haberler\/antalya\/asansor-bosluguna-dusen-kadin-agir-yaralandi\/#breadcrumb\",\"itemListElement\":[{\"@type\":\"ListItem\",\"position\":1,\"name\":\"Home\",\"item\":\"https:\/\/denizcankizil.tr\/de\/\"},{\"@type\":\"ListItem\",\"position\":2,\"name\":\"Asans\u00f6r bo\u015flu\u011funa d\u00fc\u015fen kad\u0131n a\u011f\u0131r yaraland\u0131\"}]},{\"@type\":\"WebSite\",\"@id\":\"https:\/\/denizcankizil.tr\/de\/#website\",\"url\":\"https:\/\/denizcankizil.tr\/de\/\",\"name\":\"Av. Deniz Can K\u0131z\u0131l\",\"description\":\"Avukat Deniz Can K\u0131z\u0131l Antalya Barosu\",\"publisher\":{\"@id\":\"https:\/\/denizcankizil.tr\/de\/#organization\"},\"potentialAction\":[{\"@type\":\"SearchAction\",\"target\":{\"@type\":\"EntryPoint\",\"urlTemplate\":\"https:\/\/denizcankizil.tr\/de\/?s={search_term_string}\"},\"query-input\":{\"@type\":\"PropertyValueSpecification\",\"valueRequired\":true,\"valueName\":\"search_term_string\"}}],\"inLanguage\":\"en-GB\"},{\"@type\":\"Organization\",\"@id\":\"https:\/\/denizcankizil.tr\/de\/#organization\",\"name\":\"Av. Deniz Can K\u0131z\u0131l\",\"url\":\"https:\/\/denizcankizil.tr\/de\/\",\"logo\":{\"@type\":\"ImageObject\",\"inLanguage\":\"en-GB\",\"@id\":\"https:\/\/denizcankizil.tr\/de\/#\/schema\/logo\/image\/\",\"url\":\"http:\/\/denizcankizil.tr\/wp-content\/uploads\/2024\/10\/siyah-logo-svg.svg\",\"contentUrl\":\"http:\/\/denizcankizil.tr\/wp-content\/uploads\/2024\/10\/siyah-logo-svg.svg\",\"width\":1080,\"height\":1080,\"caption\":\"Av. Deniz Can K\u0131z\u0131l\"},\"image\":{\"@id\":\"https:\/\/denizcankizil.tr\/de\/#\/schema\/logo\/image\/\"}},{\"@type\":\"Person\",\"@id\":\"https:\/\/denizcankizil.tr\/de\/#\/schema\/person\/ee8d1a7e569af69c394b149657373d7c\",\"name\":\"www.hukukihaber .net\",\"image\":{\"@type\":\"ImageObject\",\"inLanguage\":\"en-GB\",\"@id\":\"https:\/\/denizcankizil.tr\/de\/#\/schema\/person\/image\/\",\"url\":\"https:\/\/secure.gravatar.com\/avatar\/24a421031e14edd04885d60c1a11a8021184a2ed5e7477881edb09ec996193ab?s=96&d=mm&r=g\",\"contentUrl\":\"https:\/\/secure.gravatar.com\/avatar\/24a421031e14edd04885d60c1a11a8021184a2ed5e7477881edb09ec996193ab?s=96&d=mm&r=g\",\"caption\":\"www.hukukihaber .net\"},\"url\":\"http:\/\/denizcankizil.tr\/en\/author\/deniz\/\"}]}<\/script>\n<!-- \/ Yoast SEO Premium plugin. -->","yoast_head_json":{"title":"Asans\u00f6r bo\u015flu\u011funa d\u00fc\u015fen kad\u0131n a\u011f\u0131r yaraland\u0131 - Av. Deniz Can K\u0131z\u0131l","robots":{"index":"index","follow":"follow","max-snippet":"max-snippet:-1","max-image-preview":"max-image-preview:large","max-video-preview":"max-video-preview:-1"},"canonical":"http:\/\/denizcankizil.tr\/en\/haberler\/antalya\/asansor-bosluguna-dusen-kadin-agir-yaralandi\/","og_locale":"en_GB","og_type":"article","og_title":"Asans\u00f6r bo\u015flu\u011funa d\u00fc\u015fen kad\u0131n a\u011f\u0131r yaraland\u0131","og_description":"Olay, d\u00fcn saat 14.00 s\u0131ralar\u0131nda Gazipa\u015fa \u0130l\u00e7esi Gazi Mahallesi Ulusal Egemenlik Bulvar\u0131 \u00fczerinde bulunan bir mobilya ma\u011fazas\u0131nda meydana geldi. Edinilen bilgilere g\u00f6re mobilya ma\u011fazas\u0131na gelen 60 ya\u015f\u0131ndaki K\u0131ymet \u00d6. isimli kad\u0131n, hen\u00fcz bilinmeyen bir \u015fekilde ma\u011fazan\u0131n asans\u00f6r bo\u015flu\u011funa d\u00fc\u015ferek a\u011f\u0131r yaraland\u0131. Olay\u0131 g\u00f6ren ma\u011faza \u00e7al\u0131\u015fanlar\u0131 durumu hemen 112 Acil \u00c7a\u011fr\u0131 Merkezine bildirdi. Al\u0131nan ihbar\u0131n ard\u0131ndan olay yerine polis, sa\u011fl\u0131k ve Antalya B\u00fcy\u00fck\u015fehir Belediyesi Gazipa\u015fa \u0130tfaiye Birimi ekipleri sevk edildi. \u0130tfaiye ekipleri, 1\u2019inci kattan eksi 2\u2019nci kata d\u00fc\u015fen kad\u0131n\u0131 bulundu\u011fu yerden \u00e7\u0131karmak i\u00e7in yo\u011fun \u00e7aba sarf etti. Uzun s\u00fcren \u00e7al\u0131\u015fmalar\u0131n ard\u0131ndan d\u00fc\u015ft\u00fc\u011f\u00fc yerden \u00e7\u0131kar\u0131lan yaral\u0131 kad\u0131n, sa\u011fl\u0131k ekiplerinin ilk m\u00fcdahalesinin ard\u0131ndan ambulansla Gazipa\u015fa Devlet Hastanesine kald\u0131r\u0131larak, tedavi alt\u0131na al\u0131nd\u0131. Polis ekipleri olayla ilgili inceleme ba\u015flatt\u0131. Kaynak: www.kanalv.com.tr Haber Sitesinden Al\u0131nm\u0131\u015ft\u0131r.","og_url":"http:\/\/denizcankizil.tr\/en\/haberler\/antalya\/asansor-bosluguna-dusen-kadin-agir-yaralandi\/","og_site_name":"Av. Deniz Can K\u0131z\u0131l","article_published_time":"2024-11-21T07:41:24+00:00","article_modified_time":"2025-03-15T21:45:39+00:00","og_image":[{"width":1280,"height":720,"url":"http:\/\/denizcankizil.tr\/wp-content\/uploads\/2024\/11\/3199-01-fQTsJ9.jpeg","type":"image\/jpeg"}],"author":"www.hukukihaber .net","twitter_card":"summary_large_image","twitter_misc":{"Written by":"www.hukukihaber .net","Estimated reading time":"1 minute"},"schema":{"@context":"https:\/\/schema.org","@graph":[{"@type":"Article","@id":"http:\/\/denizcankizil.tr\/en\/haberler\/antalya\/asansor-bosluguna-dusen-kadin-agir-yaralandi\/#article","isPartOf":{"@id":"http:\/\/denizcankizil.tr\/en\/haberler\/antalya\/asansor-bosluguna-dusen-kadin-agir-yaralandi\/"},"author":{"name":"www.hukukihaber .net","@id":"https:\/\/denizcankizil.tr\/de\/#\/schema\/person\/ee8d1a7e569af69c394b149657373d7c"},"headline":"Asans\u00f6r bo\u015flu\u011funa d\u00fc\u015fen kad\u0131n a\u011f\u0131r yaraland\u0131","datePublished":"2024-11-21T07:41:24+00:00","dateModified":"2025-03-15T21:45:39+00:00","mainEntityOfPage":{"@id":"http:\/\/denizcankizil.tr\/en\/haberler\/antalya\/asansor-bosluguna-dusen-kadin-agir-yaralandi\/"},"wordCount":189,"publisher":{"@id":"https:\/\/denizcankizil.tr\/de\/#organization"},"image":{"@id":"http:\/\/denizcankizil.tr\/en\/haberler\/antalya\/asansor-bosluguna-dusen-kadin-agir-yaralandi\/#primaryimage"},"thumbnailUrl":"http:\/\/denizcankizil.tr\/wp-content\/uploads\/2024\/11\/3199-01-fQTsJ9.jpeg","articleSection":["Antalya","Uncategorized"],"inLanguage":"en-GB"},{"@type":"WebPage","@id":"http:\/\/denizcankizil.tr\/en\/haberler\/antalya\/asansor-bosluguna-dusen-kadin-agir-yaralandi\/","url":"http:\/\/denizcankizil.tr\/en\/haberler\/antalya\/asansor-bosluguna-dusen-kadin-agir-yaralandi\/","name":"Asans\u00f6r bo\u015flu\u011funa d\u00fc\u015fen kad\u0131n a\u011f\u0131r yaraland\u0131 - Av. Deniz Can K\u0131z\u0131l","isPartOf":{"@id":"https:\/\/denizcankizil.tr\/de\/#website"},"primaryImageOfPage":{"@id":"http:\/\/denizcankizil.tr\/en\/haberler\/antalya\/asansor-bosluguna-dusen-kadin-agir-yaralandi\/#primaryimage"},"image":{"@id":"http:\/\/denizcankizil.tr\/en\/haberler\/antalya\/asansor-bosluguna-dusen-kadin-agir-yaralandi\/#primaryimage"},"thumbnailUrl":"http:\/\/denizcankizil.tr\/wp-content\/uploads\/2024\/11\/3199-01-fQTsJ9.jpeg","datePublished":"2024-11-21T07:41:24+00:00","dateModified":"2025-03-15T21:45:39+00:00","breadcrumb":{"@id":"http:\/\/denizcankizil.tr\/en\/haberler\/antalya\/asansor-bosluguna-dusen-kadin-agir-yaralandi\/#breadcrumb"},"inLanguage":"en-GB","potentialAction":[{"@type":"ReadAction","target":["http:\/\/denizcankizil.tr\/en\/haberler\/antalya\/asansor-bosluguna-dusen-kadin-agir-yaralandi\/"]}]},{"@type":"ImageObject","inLanguage":"en-GB","@id":"http:\/\/denizcankizil.tr\/en\/haberler\/antalya\/asansor-bosluguna-dusen-kadin-agir-yaralandi\/#primaryimage","url":"http:\/\/denizcankizil.tr\/wp-content\/uploads\/2024\/11\/3199-01-fQTsJ9.jpeg","contentUrl":"http:\/\/denizcankizil.tr\/wp-content\/uploads\/2024\/11\/3199-01-fQTsJ9.jpeg","width":1280,"height":720},{"@type":"BreadcrumbList","@id":"http:\/\/denizcankizil.tr\/en\/haberler\/antalya\/asansor-bosluguna-dusen-kadin-agir-yaralandi\/#breadcrumb","itemListElement":[{"@type":"ListItem","position":1,"name":"Home","item":"https:\/\/denizcankizil.tr\/de\/"},{"@type":"ListItem","position":2,"name":"Asans\u00f6r bo\u015flu\u011funa d\u00fc\u015fen kad\u0131n a\u011f\u0131r yaraland\u0131"}]},{"@type":"WebSite","@id":"https:\/\/denizcankizil.tr\/de\/#website","url":"https:\/\/denizcankizil.tr\/de\/","name":"Av. Deniz Can K\u0131z\u0131l","description":"Avukat Deniz Can K\u0131z\u0131l Antalya Barosu","publisher":{"@id":"https:\/\/denizcankizil.tr\/de\/#organization"},"potentialAction":[{"@type":"SearchAction","target":{"@type":"EntryPoint","urlTemplate":"https:\/\/denizcankizil.tr\/de\/?s={search_term_string}"},"query-input":{"@type":"PropertyValueSpecification","valueRequired":true,"valueName":"search_term_string"}}],"inLanguage":"en-GB"},{"@type":"Organization","@id":"https:\/\/denizcankizil.tr\/de\/#organization","name":"Av. Deniz Can K\u0131z\u0131l","url":"https:\/\/denizcankizil.tr\/de\/","logo":{"@type":"ImageObject","inLanguage":"en-GB","@id":"https:\/\/denizcankizil.tr\/de\/#\/schema\/logo\/image\/","url":"http:\/\/denizcankizil.tr\/wp-content\/uploads\/2024\/10\/siyah-logo-svg.svg","contentUrl":"http:\/\/denizcankizil.tr\/wp-content\/uploads\/2024\/10\/siyah-logo-svg.svg","width":1080,"height":1080,"caption":"Av. Deniz Can K\u0131z\u0131l"},"image":{"@id":"https:\/\/denizcankizil.tr\/de\/#\/schema\/logo\/image\/"}},{"@type":"Person","@id":"https:\/\/denizcankizil.tr\/de\/#\/schema\/person\/ee8d1a7e569af69c394b149657373d7c","name":"www.hukukihaber.net","image":{"@type":"ImageObject","inLanguage":"en-GB","@id":"https:\/\/denizcankizil.tr\/de\/#\/schema\/person\/image\/","url":"https:\/\/secure.gravatar.com\/avatar\/24a421031e14edd04885d60c1a11a8021184a2ed5e7477881edb09ec996193ab?s=96&d=mm&r=g","contentUrl":"https:\/\/secure.gravatar.com\/avatar\/24a421031e14edd04885d60c1a11a8021184a2ed5e7477881edb09ec996193ab?s=96&d=mm&r=g","caption":"www.hukukihaber .net"},"url":"http:\/\/denizcankizil.tr\/en\/author\/deniz\/"}]}},"_links":{"self":[{"href":"http:\/\/denizcankizil.tr\/en\/wp-json\/wp\/v2\/posts\/16825","targetHints":{"allow":["GET"]}}],"collection":[{"href":"http:\/\/denizcankizil.tr\/en\/wp-json\/wp\/v2\/posts"}],"about":[{"href":"http:\/\/denizcankizil.tr\/en\/wp-json\/wp\/v2\/types\/post"}],"author":[{"embeddable":true,"href":"http:\/\/denizcankizil.tr\/en\/wp-json\/wp\/v2\/users\/2"}],"replies":[{"embeddable":true,"href":"http:\/\/denizcankizil.tr\/en\/wp-json\/wp\/v2\/comments?post=16825"}],"version-history":[{"count":1,"href":"http:\/\/denizcankizil.tr\/en\/wp-json\/wp\/v2\/posts\/16825\/revisions"}],"predecessor-version":[{"id":35961,"href":"http:\/\/denizcankizil.tr\/en\/wp-json\/wp\/v2\/posts\/16825\/revisions\/35961"}],"wp:featuredmedia":[{"embeddable":true,"href":"http:\/\/denizcankizil.tr\/en\/wp-json\/wp\/v2\/media\/16826"}],"wp:attachment":[{"href":"http:\/\/denizcankizil.tr\/en\/wp-json\/wp\/v2\/media?parent=16825"}],"wp:term":[{"taxonomy":"category","embeddable":true,"href":"http:\/\/denizcankizil.tr\/en\/wp-json\/wp\/v2\/categories?post=16825"},{"taxonomy":"post_tag","embeddable":true,"href":"http:\/\/denizcankizil.tr\/en\/wp-json\/wp\/v2\/tags?post=16825"}],"curies":[{"name":"wp","href":"https:\/\/api.w.org\/{rel}","templated":true}]}}