{"id":16800,"date":"2024-11-21T08:42:18","date_gmt":"2024-11-21T05:42:18","guid":{"rendered":"https:\/\/denizcankizil.tr\/uncategorized-tr\/bugun-disariya-cikarken-dikkat-yurt-geneli-kuvvetli-uyari\/"},"modified":"2025-03-16T00:45:41","modified_gmt":"2025-03-15T21:45:41","slug":"bugun-disariya-cikarken-dikkat-yurt-geneli-kuvvetli-uyari","status":"publish","type":"post","link":"http:\/\/denizcankizil.tr\/en\/haberler\/gundem\/bugun-disariya-cikarken-dikkat-yurt-geneli-kuvvetli-uyari\/","title":{"rendered":"Bug\u00fcn d\u0131\u015far\u0131ya \u00e7\u0131karken dikkat! Yurt geneli &#8216;kuvvetli&#8217; uyar\u0131!"},"content":{"rendered":"<p>Meteoroloji&#8217;nin son tahminlere g\u00f6re T\u00fcrkiye geneli bug\u00fcn par\u00e7al\u0131 ve \u00e7ok bulutlu olmas\u0131 beklenirken, ya\u011f\u0131\u015f ve f\u0131rt\u0131na konusunda da baz\u0131 iller ve b\u00f6lgeler i\u00e7in iki &#8216;kuvvetli&#8217; uyar\u0131 geldi.ANKARA (\u0130GFA) &#8211; Meteoroloji Genel M\u00fcd\u00fcrl\u00fc\u011f\u00fc 21 Kas\u0131m Per\u015fembe g\u00fcn\u00fcne ili\u015fkin g\u00fcnl\u00fck hava tahmin raporunu yay\u0131mlad\u0131.<br \/>\nYap\u0131lan son tahminlere g\u00f6re, Marmara, Ege, Akdeniz, \u0130\u00e7 Anadolu, Bat\u0131 ve Orta Karadeniz, Do\u011fu Anadolu&#8217;nun g\u00fcneybat\u0131s\u0131, G\u00fcneydo\u011fu Anadolu&#8217;nun kuzey ve bat\u0131s\u0131 ile Giresun, Tunceli, Bing\u00f6l, Mu\u015f ve Bitlis \u00e7evreleri ile Erzurum ve Erzincan&#8217;\u0131n g\u00fcney kesimlerinin ya\u011fmur ve sa\u011fanak, K\u0131y\u0131 Ege ile Akdeniz k\u0131y\u0131lar\u0131n\u0131n yer yer g\u00f6k g\u00fcr\u00fclt\u00fcl\u00fc sa\u011fanak ya\u011f\u0131\u015fl\u0131, gece saatlerinde Tunceli, Bing\u00f6l, Mu\u015f&#8217;un y\u00fcksek kesimleri ile Erzincan ve Erzurum&#8217;un g\u00fcneyinin karla kar\u0131\u015f\u0131k ya\u011fmur ve kar ya\u011f\u0131\u015fl\u0131 ge\u00e7ece\u011fi tahmin ediliyor.<\/p>\n<p>Ya\u011f\u0131\u015flar\u0131n, Marmara, K\u0131y\u0131 Ege, Bat\u0131 Akdeniz, Adana, D\u00fczce, Zonguldak, Bolu ve Bart\u0131n \u00e7evrelerinde kuvvetli, \u0130zmir, Ayd\u0131n, Mu\u011fla \u00e7evreleri ile Antalya\u2019n\u0131n do\u011fu kesimlerinde yer yer \u00e7ok kuvvetli olmas\u0131 bekleniyor.<br \/>\nMarmara&#8217;n\u0131n bat\u0131s\u0131nda 4 ila 6 derece azalaca\u011f\u0131, di\u011fer yerlerde \u00f6nemli bir de\u011fi\u015fiklik olmayaca\u011f\u0131 tahmin edilirken, r\u00fczgar\u0131n genellikle g\u00fcney ve g\u00fcneybat\u0131, \u00f6\u011fle saatlerinden itibaren kuzeybat\u0131 kesimlerde kuzey ve kuzeybat\u0131 y\u00f6nlerden hafif, ara s\u0131ra orta kuvvette, \u0130\u00e7 Anadolu ve Karadeniz&#8217;de kuvvetli (40-60 km\/saat), Marmara ve Ege\u2019de kuvvetli ve f\u0131rt\u0131na (50-80 km\/saat) \u015feklinde esece\u011fi tahmin ediliyor.<\/p>\n<p>Meteoroloji bug\u00fcnk\u00fc hava tahmin raporunda iki kuvvetli uyar\u0131da da bulundu.<br \/>\nBuna g\u00f6re ya\u011f\u0131\u015flar\u0131n, Marmara, K\u0131y\u0131 Ege, Bat\u0131 Akdeniz, Adana, D\u00fczce, Zonguldak, Bolu ve Bart\u0131n \u00e7evrelerinde kuvvetli, \u0130zmir, Ayd\u0131n, Mu\u011fla \u00e7evreleri ile Antalya\u2019n\u0131n do\u011fu kesimlerinde yer yer \u00e7ok kuvvetli olmas\u0131 beklendi\u011finden; g\u00fcney ve g\u00fcneybat\u0131, \u00f6\u011fle saatlerinden itibaren kuzeybat\u0131 kesimlerde kuzey ve kuzeybat\u0131 y\u00f6nlerden \u0130\u00e7 Anadolu ve Karadeniz&#8217;de kuvvetli (40-60 km\/saat), Marmara ve Ege\u2019de kuvvetli ve f\u0131rt\u0131na (50-80 km\/saat) \u015feklinde esmesi beklendi\u011finden ya\u015fanabilecek olumsuzluklara kar\u015f\u0131 dikkatli ve tedbirli olunmas\u0131 istendi.<\/p>\n<p>\u200bMeteoroloji&#8217;nin son tahminlere g\u00f6re T\u00fcrkiye geneli bug\u00fcn par\u00e7al\u0131 ve \u00e7ok bulutlu olmas\u0131 beklenirken, ya\u011f\u0131\u015f ve f\u0131rt\u0131na konusunda da baz\u0131 iller ve b\u00f6lgeler i\u00e7in iki &#8216;kuvvetli&#8217; uyar\u0131 geldi\u00a0<\/p>\n<p>\u200bHaberin Al\u0131nt\u0131land\u0131\u011f\u0131 Kaynak: www.iskenderun.org<\/p>","protected":false},"excerpt":{"rendered":"<p>Meteoroloji&#8217;nin son tahminlere g\u00f6re T\u00fcrkiye geneli bug\u00fcn par\u00e7al\u0131 ve \u00e7ok bulutlu olmas\u0131 beklenirken, ya\u011f\u0131\u015f ve f\u0131rt\u0131na konusunda da baz\u0131 iller ve b\u00f6lgeler i\u00e7in iki &#8216;kuvvetli&#8217; uyar\u0131 geldi.ANKARA (\u0130GFA) &#8211; Meteoroloji Genel M\u00fcd\u00fcrl\u00fc\u011f\u00fc 21 Kas\u0131m Per\u015fembe g\u00fcn\u00fcne ili\u015fkin g\u00fcnl\u00fck hava tahmin raporunu yay\u0131mlad\u0131. Yap\u0131lan son tahminlere g\u00f6re, Marmara, Ege, Akdeniz, \u0130\u00e7 Anadolu, Bat\u0131 ve Orta Karadeniz, Do\u011fu Anadolu&#8217;nun g\u00fcneybat\u0131s\u0131, G\u00fcneydo\u011fu Anadolu&#8217;nun kuzey ve bat\u0131s\u0131 ile Giresun, Tunceli, Bing\u00f6l, Mu\u015f ve Bitlis \u00e7evreleri ile Erzurum ve Erzincan&#8217;\u0131n g\u00fcney kesimlerinin ya\u011fmur ve sa\u011fanak, K\u0131y\u0131 Ege ile Akdeniz k\u0131y\u0131lar\u0131n\u0131n yer yer g\u00f6k g\u00fcr\u00fclt\u00fcl\u00fc sa\u011fanak ya\u011f\u0131\u015fl\u0131, gece saatlerinde Tunceli, Bing\u00f6l, Mu\u015f&#8217;un y\u00fcksek kesimleri ile Erzincan ve Erzurum&#8217;un g\u00fcneyinin karla kar\u0131\u015f\u0131k ya\u011fmur ve kar ya\u011f\u0131\u015fl\u0131 ge\u00e7ece\u011fi tahmin ediliyor. Ya\u011f\u0131\u015flar\u0131n, Marmara, K\u0131y\u0131 Ege, Bat\u0131 Akdeniz, Adana, D\u00fczce, Zonguldak, Bolu ve Bart\u0131n \u00e7evrelerinde kuvvetli, \u0130zmir, Ayd\u0131n, Mu\u011fla \u00e7evreleri ile Antalya\u2019n\u0131n do\u011fu kesimlerinde yer yer \u00e7ok kuvvetli olmas\u0131 bekleniyor. Marmara&#8217;n\u0131n bat\u0131s\u0131nda 4 ila 6 derece azalaca\u011f\u0131, di\u011fer yerlerde \u00f6nemli bir de\u011fi\u015fiklik olmayaca\u011f\u0131 tahmin edilirken, r\u00fczgar\u0131n genellikle g\u00fcney ve g\u00fcneybat\u0131, \u00f6\u011fle saatlerinden itibaren kuzeybat\u0131 kesimlerde kuzey ve kuzeybat\u0131 y\u00f6nlerden hafif, ara s\u0131ra orta kuvvette, \u0130\u00e7 Anadolu ve Karadeniz&#8217;de kuvvetli (40-60 km\/saat), Marmara ve Ege\u2019de kuvvetli ve f\u0131rt\u0131na (50-80 km\/saat) \u015feklinde esece\u011fi tahmin ediliyor. Meteoroloji bug\u00fcnk\u00fc hava tahmin raporunda iki kuvvetli &hellip;<\/p>","protected":false},"author":2,"featured_media":0,"comment_status":"closed","ping_status":"open","sticky":false,"template":"","format":"standard","meta":{"_acf_changed":false,"footnotes":""},"categories":[24,535],"tags":[],"class_list":["post-16800","post","type-post","status-publish","format-standard","has-post-thumbnail","hentry","category-gundem","category-uncategorized-tr"],"acf":[],"yoast_head":"<!-- This site is optimized with the Yoast SEO Premium plugin v26.6 (Yoast SEO v27.1.1) - https:\/\/yoast.com\/product\/yoast-seo-premium-wordpress\/ -->\n<title>Bug\u00fcn d\u0131\u015far\u0131ya \u00e7\u0131karken dikkat! Yurt geneli &#039;kuvvetli&#039; uyar\u0131! - Av. Deniz Can K\u0131z\u0131l<\/title>\n<meta name=\"robots\" content=\"index, follow, max-snippet:-1, max-image-preview:large, max-video-preview:-1\" \/>\n<link rel=\"canonical\" href=\"http:\/\/denizcankizil.tr\/en\/haberler\/gundem\/bugun-disariya-cikarken-dikkat-yurt-geneli-kuvvetli-uyari\/\" \/>\n<meta property=\"og:locale\" content=\"en_GB\" \/>\n<meta property=\"og:type\" content=\"article\" \/>\n<meta property=\"og:title\" content=\"Bug\u00fcn d\u0131\u015far\u0131ya \u00e7\u0131karken dikkat! Yurt geneli &#039;kuvvetli&#039; uyar\u0131!\" \/>\n<meta property=\"og:description\" content=\"Meteoroloji&#8217;nin son tahminlere g\u00f6re T\u00fcrkiye geneli bug\u00fcn par\u00e7al\u0131 ve \u00e7ok bulutlu olmas\u0131 beklenirken, ya\u011f\u0131\u015f ve f\u0131rt\u0131na konusunda da baz\u0131 iller ve b\u00f6lgeler i\u00e7in iki &#8216;kuvvetli&#8217; uyar\u0131 geldi.ANKARA (\u0130GFA) &#8211; Meteoroloji Genel M\u00fcd\u00fcrl\u00fc\u011f\u00fc 21 Kas\u0131m Per\u015fembe g\u00fcn\u00fcne ili\u015fkin g\u00fcnl\u00fck hava tahmin raporunu yay\u0131mlad\u0131. Yap\u0131lan son tahminlere g\u00f6re, Marmara, Ege, Akdeniz, \u0130\u00e7 Anadolu, Bat\u0131 ve Orta Karadeniz, Do\u011fu Anadolu&#8217;nun g\u00fcneybat\u0131s\u0131, G\u00fcneydo\u011fu Anadolu&#8217;nun kuzey ve bat\u0131s\u0131 ile Giresun, Tunceli, Bing\u00f6l, Mu\u015f ve Bitlis \u00e7evreleri ile Erzurum ve Erzincan&#8217;\u0131n g\u00fcney kesimlerinin ya\u011fmur ve sa\u011fanak, K\u0131y\u0131 Ege ile Akdeniz k\u0131y\u0131lar\u0131n\u0131n yer yer g\u00f6k g\u00fcr\u00fclt\u00fcl\u00fc sa\u011fanak ya\u011f\u0131\u015fl\u0131, gece saatlerinde Tunceli, Bing\u00f6l, Mu\u015f&#8217;un y\u00fcksek kesimleri ile Erzincan ve Erzurum&#8217;un g\u00fcneyinin karla kar\u0131\u015f\u0131k ya\u011fmur ve kar ya\u011f\u0131\u015fl\u0131 ge\u00e7ece\u011fi tahmin ediliyor. Ya\u011f\u0131\u015flar\u0131n, Marmara, K\u0131y\u0131 Ege, Bat\u0131 Akdeniz, Adana, D\u00fczce, Zonguldak, Bolu ve Bart\u0131n \u00e7evrelerinde kuvvetli, \u0130zmir, Ayd\u0131n, Mu\u011fla \u00e7evreleri ile Antalya\u2019n\u0131n do\u011fu kesimlerinde yer yer \u00e7ok kuvvetli olmas\u0131 bekleniyor. Marmara&#8217;n\u0131n bat\u0131s\u0131nda 4 ila 6 derece azalaca\u011f\u0131, di\u011fer yerlerde \u00f6nemli bir de\u011fi\u015fiklik olmayaca\u011f\u0131 tahmin edilirken, r\u00fczgar\u0131n genellikle g\u00fcney ve g\u00fcneybat\u0131, \u00f6\u011fle saatlerinden itibaren kuzeybat\u0131 kesimlerde kuzey ve kuzeybat\u0131 y\u00f6nlerden hafif, ara s\u0131ra orta kuvvette, \u0130\u00e7 Anadolu ve Karadeniz&#8217;de kuvvetli (40-60 km\/saat), Marmara ve Ege\u2019de kuvvetli ve f\u0131rt\u0131na (50-80 km\/saat) \u015feklinde esece\u011fi tahmin ediliyor. Meteoroloji bug\u00fcnk\u00fc hava tahmin raporunda iki kuvvetli &hellip;\" \/>\n<meta property=\"og:url\" content=\"http:\/\/denizcankizil.tr\/en\/haberler\/gundem\/bugun-disariya-cikarken-dikkat-yurt-geneli-kuvvetli-uyari\/\" \/>\n<meta property=\"og:site_name\" content=\"Av. Deniz Can K\u0131z\u0131l\" \/>\n<meta property=\"article:published_time\" content=\"2024-11-21T05:42:18+00:00\" \/>\n<meta property=\"article:modified_time\" content=\"2025-03-15T21:45:41+00:00\" \/>\n<meta name=\"author\" content=\"www.hukukihaber .net\" \/>\n<meta name=\"twitter:card\" content=\"summary_large_image\" \/>\n<meta name=\"twitter:label1\" content=\"Written by\" \/>\n\t<meta name=\"twitter:data1\" content=\"www.hukukihaber .net\" \/>\n\t<meta name=\"twitter:label2\" content=\"Estimated reading time\" \/>\n\t<meta name=\"twitter:data2\" content=\"2 minutes\" \/>\n<script type=\"application\/ld+json\" class=\"yoast-schema-graph\">{\"@context\":\"https:\/\/schema.org\",\"@graph\":[{\"@type\":\"Article\",\"@id\":\"http:\/\/denizcankizil.tr\/en\/haberler\/gundem\/bugun-disariya-cikarken-dikkat-yurt-geneli-kuvvetli-uyari\/#article\",\"isPartOf\":{\"@id\":\"http:\/\/denizcankizil.tr\/en\/haberler\/gundem\/bugun-disariya-cikarken-dikkat-yurt-geneli-kuvvetli-uyari\/\"},\"author\":{\"name\":\"www.hukukihaber .net\",\"@id\":\"https:\/\/denizcankizil.tr\/#\/schema\/person\/ee8d1a7e569af69c394b149657373d7c\"},\"headline\":\"Bug\u00fcn d\u0131\u015far\u0131ya \u00e7\u0131karken dikkat! Yurt geneli &#8216;kuvvetli&#8217; uyar\u0131!\",\"datePublished\":\"2024-11-21T05:42:18+00:00\",\"dateModified\":\"2025-03-15T21:45:41+00:00\",\"mainEntityOfPage\":{\"@id\":\"http:\/\/denizcankizil.tr\/en\/haberler\/gundem\/bugun-disariya-cikarken-dikkat-yurt-geneli-kuvvetli-uyari\/\"},\"wordCount\":431,\"publisher\":{\"@id\":\"https:\/\/denizcankizil.tr\/#organization\"},\"articleSection\":[\"G\u00fcndem\",\"Uncategorized\"],\"inLanguage\":\"en-GB\"},{\"@type\":\"WebPage\",\"@id\":\"http:\/\/denizcankizil.tr\/en\/haberler\/gundem\/bugun-disariya-cikarken-dikkat-yurt-geneli-kuvvetli-uyari\/\",\"url\":\"http:\/\/denizcankizil.tr\/en\/haberler\/gundem\/bugun-disariya-cikarken-dikkat-yurt-geneli-kuvvetli-uyari\/\",\"name\":\"Bug\u00fcn d\u0131\u015far\u0131ya \u00e7\u0131karken dikkat! Yurt geneli 'kuvvetli' uyar\u0131! - Av. Deniz Can K\u0131z\u0131l\",\"isPartOf\":{\"@id\":\"https:\/\/denizcankizil.tr\/#website\"},\"datePublished\":\"2024-11-21T05:42:18+00:00\",\"dateModified\":\"2025-03-15T21:45:41+00:00\",\"breadcrumb\":{\"@id\":\"http:\/\/denizcankizil.tr\/en\/haberler\/gundem\/bugun-disariya-cikarken-dikkat-yurt-geneli-kuvvetli-uyari\/#breadcrumb\"},\"inLanguage\":\"en-GB\",\"potentialAction\":[{\"@type\":\"ReadAction\",\"target\":[\"http:\/\/denizcankizil.tr\/en\/haberler\/gundem\/bugun-disariya-cikarken-dikkat-yurt-geneli-kuvvetli-uyari\/\"]}]},{\"@type\":\"BreadcrumbList\",\"@id\":\"http:\/\/denizcankizil.tr\/en\/haberler\/gundem\/bugun-disariya-cikarken-dikkat-yurt-geneli-kuvvetli-uyari\/#breadcrumb\",\"itemListElement\":[{\"@type\":\"ListItem\",\"position\":1,\"name\":\"Home\",\"item\":\"https:\/\/denizcankizil.tr\/de\/\"},{\"@type\":\"ListItem\",\"position\":2,\"name\":\"Bug\u00fcn d\u0131\u015far\u0131ya \u00e7\u0131karken dikkat! Yurt geneli &#8216;kuvvetli&#8217; uyar\u0131!\"}]},{\"@type\":\"WebSite\",\"@id\":\"https:\/\/denizcankizil.tr\/#website\",\"url\":\"https:\/\/denizcankizil.tr\/\",\"name\":\"Av. Deniz Can K\u0131z\u0131l\",\"description\":\"Avukat Deniz Can K\u0131z\u0131l Antalya Barosu\",\"publisher\":{\"@id\":\"https:\/\/denizcankizil.tr\/#organization\"},\"potentialAction\":[{\"@type\":\"SearchAction\",\"target\":{\"@type\":\"EntryPoint\",\"urlTemplate\":\"https:\/\/denizcankizil.tr\/?s={search_term_string}\"},\"query-input\":{\"@type\":\"PropertyValueSpecification\",\"valueRequired\":true,\"valueName\":\"search_term_string\"}}],\"inLanguage\":\"en-GB\"},{\"@type\":\"Organization\",\"@id\":\"https:\/\/denizcankizil.tr\/#organization\",\"name\":\"Av. Deniz Can K\u0131z\u0131l\",\"url\":\"https:\/\/denizcankizil.tr\/\",\"logo\":{\"@type\":\"ImageObject\",\"inLanguage\":\"en-GB\",\"@id\":\"https:\/\/denizcankizil.tr\/#\/schema\/logo\/image\/\",\"url\":\"http:\/\/denizcankizil.tr\/wp-content\/uploads\/2024\/10\/siyah-logo-svg.svg\",\"contentUrl\":\"http:\/\/denizcankizil.tr\/wp-content\/uploads\/2024\/10\/siyah-logo-svg.svg\",\"width\":1080,\"height\":1080,\"caption\":\"Av. Deniz Can K\u0131z\u0131l\"},\"image\":{\"@id\":\"https:\/\/denizcankizil.tr\/#\/schema\/logo\/image\/\"}},{\"@type\":\"Person\",\"@id\":\"https:\/\/denizcankizil.tr\/#\/schema\/person\/ee8d1a7e569af69c394b149657373d7c\",\"name\":\"www.hukukihaber .net\",\"image\":{\"@type\":\"ImageObject\",\"inLanguage\":\"en-GB\",\"@id\":\"https:\/\/denizcankizil.tr\/#\/schema\/person\/image\/\",\"url\":\"https:\/\/secure.gravatar.com\/avatar\/24a421031e14edd04885d60c1a11a8021184a2ed5e7477881edb09ec996193ab?s=96&d=mm&r=g\",\"contentUrl\":\"https:\/\/secure.gravatar.com\/avatar\/24a421031e14edd04885d60c1a11a8021184a2ed5e7477881edb09ec996193ab?s=96&d=mm&r=g\",\"caption\":\"www.hukukihaber .net\"},\"url\":\"https:\/\/www.iskenderun.org\/bugun-disariya-cikarken-dikkat-yurt-geneli-kuvvetli-uyari\"}]}<\/script>\n<!-- \/ Yoast SEO Premium plugin. -->","yoast_head_json":{"title":"Bug\u00fcn d\u0131\u015far\u0131ya \u00e7\u0131karken dikkat! Yurt geneli 'kuvvetli' uyar\u0131! - Av. Deniz Can K\u0131z\u0131l","robots":{"index":"index","follow":"follow","max-snippet":"max-snippet:-1","max-image-preview":"max-image-preview:large","max-video-preview":"max-video-preview:-1"},"canonical":"http:\/\/denizcankizil.tr\/en\/haberler\/gundem\/bugun-disariya-cikarken-dikkat-yurt-geneli-kuvvetli-uyari\/","og_locale":"en_GB","og_type":"article","og_title":"Bug\u00fcn d\u0131\u015far\u0131ya \u00e7\u0131karken dikkat! Yurt geneli 'kuvvetli' uyar\u0131!","og_description":"Meteoroloji&#8217;nin son tahminlere g\u00f6re T\u00fcrkiye geneli bug\u00fcn par\u00e7al\u0131 ve \u00e7ok bulutlu olmas\u0131 beklenirken, ya\u011f\u0131\u015f ve f\u0131rt\u0131na konusunda da baz\u0131 iller ve b\u00f6lgeler i\u00e7in iki &#8216;kuvvetli&#8217; uyar\u0131 geldi.ANKARA (\u0130GFA) &#8211; Meteoroloji Genel M\u00fcd\u00fcrl\u00fc\u011f\u00fc 21 Kas\u0131m Per\u015fembe g\u00fcn\u00fcne ili\u015fkin g\u00fcnl\u00fck hava tahmin raporunu yay\u0131mlad\u0131. Yap\u0131lan son tahminlere g\u00f6re, Marmara, Ege, Akdeniz, \u0130\u00e7 Anadolu, Bat\u0131 ve Orta Karadeniz, Do\u011fu Anadolu&#8217;nun g\u00fcneybat\u0131s\u0131, G\u00fcneydo\u011fu Anadolu&#8217;nun kuzey ve bat\u0131s\u0131 ile Giresun, Tunceli, Bing\u00f6l, Mu\u015f ve Bitlis \u00e7evreleri ile Erzurum ve Erzincan&#8217;\u0131n g\u00fcney kesimlerinin ya\u011fmur ve sa\u011fanak, K\u0131y\u0131 Ege ile Akdeniz k\u0131y\u0131lar\u0131n\u0131n yer yer g\u00f6k g\u00fcr\u00fclt\u00fcl\u00fc sa\u011fanak ya\u011f\u0131\u015fl\u0131, gece saatlerinde Tunceli, Bing\u00f6l, Mu\u015f&#8217;un y\u00fcksek kesimleri ile Erzincan ve Erzurum&#8217;un g\u00fcneyinin karla kar\u0131\u015f\u0131k ya\u011fmur ve kar ya\u011f\u0131\u015fl\u0131 ge\u00e7ece\u011fi tahmin ediliyor. Ya\u011f\u0131\u015flar\u0131n, Marmara, K\u0131y\u0131 Ege, Bat\u0131 Akdeniz, Adana, D\u00fczce, Zonguldak, Bolu ve Bart\u0131n \u00e7evrelerinde kuvvetli, \u0130zmir, Ayd\u0131n, Mu\u011fla \u00e7evreleri ile Antalya\u2019n\u0131n do\u011fu kesimlerinde yer yer \u00e7ok kuvvetli olmas\u0131 bekleniyor. Marmara&#8217;n\u0131n bat\u0131s\u0131nda 4 ila 6 derece azalaca\u011f\u0131, di\u011fer yerlerde \u00f6nemli bir de\u011fi\u015fiklik olmayaca\u011f\u0131 tahmin edilirken, r\u00fczgar\u0131n genellikle g\u00fcney ve g\u00fcneybat\u0131, \u00f6\u011fle saatlerinden itibaren kuzeybat\u0131 kesimlerde kuzey ve kuzeybat\u0131 y\u00f6nlerden hafif, ara s\u0131ra orta kuvvette, \u0130\u00e7 Anadolu ve Karadeniz&#8217;de kuvvetli (40-60 km\/saat), Marmara ve Ege\u2019de kuvvetli ve f\u0131rt\u0131na (50-80 km\/saat) \u015feklinde esece\u011fi tahmin ediliyor. Meteoroloji bug\u00fcnk\u00fc hava tahmin raporunda iki kuvvetli &hellip;","og_url":"http:\/\/denizcankizil.tr\/en\/haberler\/gundem\/bugun-disariya-cikarken-dikkat-yurt-geneli-kuvvetli-uyari\/","og_site_name":"Av. Deniz Can K\u0131z\u0131l","article_published_time":"2024-11-21T05:42:18+00:00","article_modified_time":"2025-03-15T21:45:41+00:00","author":"www.hukukihaber .net","twitter_card":"summary_large_image","twitter_misc":{"Written by":"www.hukukihaber .net","Estimated reading time":"2 minutes"},"schema":{"@context":"https:\/\/schema.org","@graph":[{"@type":"Article","@id":"http:\/\/denizcankizil.tr\/en\/haberler\/gundem\/bugun-disariya-cikarken-dikkat-yurt-geneli-kuvvetli-uyari\/#article","isPartOf":{"@id":"http:\/\/denizcankizil.tr\/en\/haberler\/gundem\/bugun-disariya-cikarken-dikkat-yurt-geneli-kuvvetli-uyari\/"},"author":{"name":"www.hukukihaber .net","@id":"https:\/\/denizcankizil.tr\/#\/schema\/person\/ee8d1a7e569af69c394b149657373d7c"},"headline":"Bug\u00fcn d\u0131\u015far\u0131ya \u00e7\u0131karken dikkat! Yurt geneli &#8216;kuvvetli&#8217; uyar\u0131!","datePublished":"2024-11-21T05:42:18+00:00","dateModified":"2025-03-15T21:45:41+00:00","mainEntityOfPage":{"@id":"http:\/\/denizcankizil.tr\/en\/haberler\/gundem\/bugun-disariya-cikarken-dikkat-yurt-geneli-kuvvetli-uyari\/"},"wordCount":431,"publisher":{"@id":"https:\/\/denizcankizil.tr\/#organization"},"articleSection":["G\u00fcndem","Uncategorized"],"inLanguage":"en-GB"},{"@type":"WebPage","@id":"http:\/\/denizcankizil.tr\/en\/haberler\/gundem\/bugun-disariya-cikarken-dikkat-yurt-geneli-kuvvetli-uyari\/","url":"http:\/\/denizcankizil.tr\/en\/haberler\/gundem\/bugun-disariya-cikarken-dikkat-yurt-geneli-kuvvetli-uyari\/","name":"Bug\u00fcn d\u0131\u015far\u0131ya \u00e7\u0131karken dikkat! Yurt geneli 'kuvvetli' uyar\u0131! - Av. Deniz Can K\u0131z\u0131l","isPartOf":{"@id":"https:\/\/denizcankizil.tr\/#website"},"datePublished":"2024-11-21T05:42:18+00:00","dateModified":"2025-03-15T21:45:41+00:00","breadcrumb":{"@id":"http:\/\/denizcankizil.tr\/en\/haberler\/gundem\/bugun-disariya-cikarken-dikkat-yurt-geneli-kuvvetli-uyari\/#breadcrumb"},"inLanguage":"en-GB","potentialAction":[{"@type":"ReadAction","target":["http:\/\/denizcankizil.tr\/en\/haberler\/gundem\/bugun-disariya-cikarken-dikkat-yurt-geneli-kuvvetli-uyari\/"]}]},{"@type":"BreadcrumbList","@id":"http:\/\/denizcankizil.tr\/en\/haberler\/gundem\/bugun-disariya-cikarken-dikkat-yurt-geneli-kuvvetli-uyari\/#breadcrumb","itemListElement":[{"@type":"ListItem","position":1,"name":"Home","item":"https:\/\/denizcankizil.tr\/de\/"},{"@type":"ListItem","position":2,"name":"Bug\u00fcn d\u0131\u015far\u0131ya \u00e7\u0131karken dikkat! Yurt geneli &#8216;kuvvetli&#8217; uyar\u0131!"}]},{"@type":"WebSite","@id":"https:\/\/denizcankizil.tr\/#website","url":"https:\/\/denizcankizil.tr\/","name":"Av. Deniz Can K\u0131z\u0131l","description":"Avukat Deniz Can K\u0131z\u0131l Antalya Barosu","publisher":{"@id":"https:\/\/denizcankizil.tr\/#organization"},"potentialAction":[{"@type":"SearchAction","target":{"@type":"EntryPoint","urlTemplate":"https:\/\/denizcankizil.tr\/?s={search_term_string}"},"query-input":{"@type":"PropertyValueSpecification","valueRequired":true,"valueName":"search_term_string"}}],"inLanguage":"en-GB"},{"@type":"Organization","@id":"https:\/\/denizcankizil.tr\/#organization","name":"Av. Deniz Can K\u0131z\u0131l","url":"https:\/\/denizcankizil.tr\/","logo":{"@type":"ImageObject","inLanguage":"en-GB","@id":"https:\/\/denizcankizil.tr\/#\/schema\/logo\/image\/","url":"http:\/\/denizcankizil.tr\/wp-content\/uploads\/2024\/10\/siyah-logo-svg.svg","contentUrl":"http:\/\/denizcankizil.tr\/wp-content\/uploads\/2024\/10\/siyah-logo-svg.svg","width":1080,"height":1080,"caption":"Av. Deniz Can K\u0131z\u0131l"},"image":{"@id":"https:\/\/denizcankizil.tr\/#\/schema\/logo\/image\/"}},{"@type":"Person","@id":"https:\/\/denizcankizil.tr\/#\/schema\/person\/ee8d1a7e569af69c394b149657373d7c","name":"www.hukukihaber.net","image":{"@type":"ImageObject","inLanguage":"en-GB","@id":"https:\/\/denizcankizil.tr\/#\/schema\/person\/image\/","url":"https:\/\/secure.gravatar.com\/avatar\/24a421031e14edd04885d60c1a11a8021184a2ed5e7477881edb09ec996193ab?s=96&d=mm&r=g","contentUrl":"https:\/\/secure.gravatar.com\/avatar\/24a421031e14edd04885d60c1a11a8021184a2ed5e7477881edb09ec996193ab?s=96&d=mm&r=g","caption":"www.hukukihaber .net"},"url":"https:\/\/www.iskenderun.org\/bugun-disariya-cikarken-dikkat-yurt-geneli-kuvvetli-uyari"}]}},"_links":{"self":[{"href":"http:\/\/denizcankizil.tr\/en\/wp-json\/wp\/v2\/posts\/16800","targetHints":{"allow":["GET"]}}],"collection":[{"href":"http:\/\/denizcankizil.tr\/en\/wp-json\/wp\/v2\/posts"}],"about":[{"href":"http:\/\/denizcankizil.tr\/en\/wp-json\/wp\/v2\/types\/post"}],"author":[{"embeddable":true,"href":"http:\/\/denizcankizil.tr\/en\/wp-json\/wp\/v2\/users\/2"}],"replies":[{"embeddable":true,"href":"http:\/\/denizcankizil.tr\/en\/wp-json\/wp\/v2\/comments?post=16800"}],"version-history":[{"count":1,"href":"http:\/\/denizcankizil.tr\/en\/wp-json\/wp\/v2\/posts\/16800\/revisions"}],"predecessor-version":[{"id":35965,"href":"http:\/\/denizcankizil.tr\/en\/wp-json\/wp\/v2\/posts\/16800\/revisions\/35965"}],"wp:attachment":[{"href":"http:\/\/denizcankizil.tr\/en\/wp-json\/wp\/v2\/media?parent=16800"}],"wp:term":[{"taxonomy":"category","embeddable":true,"href":"http:\/\/denizcankizil.tr\/en\/wp-json\/wp\/v2\/categories?post=16800"},{"taxonomy":"post_tag","embeddable":true,"href":"http:\/\/denizcankizil.tr\/en\/wp-json\/wp\/v2\/tags?post=16800"}],"curies":[{"name":"wp","href":"https:\/\/api.w.org\/{rel}","templated":true}]}}