{"id":16717,"date":"2024-11-20T17:42:04","date_gmt":"2024-11-20T14:42:04","guid":{"rendered":"https:\/\/denizcankizil.tr\/uncategorized-tr\/iskenderun-carsi-konteyner-sorunlariyla-bas-basa\/"},"modified":"2024-11-20T17:42:04","modified_gmt":"2024-11-20T14:42:04","slug":"iskenderun-carsi-konteyner-sorunlariyla-bas-basa","status":"publish","type":"post","link":"http:\/\/denizcankizil.tr\/en\/haberler\/gundem\/iskenderun-carsi-konteyner-sorunlariyla-bas-basa\/","title":{"rendered":"\u0130skenderun \u00c7ar\u015f\u0131 Konteyner sorunlar\u0131yla ba\u015f ba\u015fa!"},"content":{"rendered":"<p>6 \u015eubat depreminin ard\u0131ndan d\u00fckk\u00e2nlar\u0131 zarar g\u00f6ren esnaflar\u0131n yararland\u0131\u011f\u0131 eski Lunapark yeri olan \u00c7ar\u015f\u0131 Konteyner esnaflar\u0131 \u0130GC ziyaretinde bas\u0131n mensuplar\u0131n\u0131n deste\u011fine ihtiya\u00e7lar\u0131 oldu\u011funu dile getirdiler.<\/p>\n<p>\u0130skenderun Konteyner \u00c7ar\u015f\u0131 Y\u00f6netim Kurulu Ba\u015fkan\u0131 Mehmet Co\u015fkun 116 esnaf\u0131n oldu\u011fu \u00e7ar\u015f\u0131n\u0131n, merkeze uzak bir noktada oldu\u011funa i\u015faret ederek \u201cBu nedenle m\u00fc\u015fteriyi buraya \u00e7ekmek de zorlan\u0131yoruz. \u00d6n b\u00f6l\u00fcm konteynerler arka k\u0131sm\u0131 kapatt\u0131\u011f\u0131 i\u00e7in \u0130skenderun halk\u0131 buray\u0131 \u00e7ok fazla bilmiyor. Oysa bura da her meslekten esnaf\u0131m\u0131z bulunmaktad\u0131r. (G\u0131da, giyim, tekstil, k\u0131rtasiye, lokanta, terzi, gayrimenkul, berber, kuaf\u00f6r, optik) ve daha bir\u00e7ok meslek dal\u0131n\u0131n bulundu\u011fu \u0130skenderun \u00c7ar\u015f\u0131ya t\u00fcm halk\u0131m\u0131z\u0131 davet ediyoruz\u201d diye kon\u015fut.<\/p>\n<p>Konteyner \u00c7ar\u015f\u0131 esnaf\u0131n\u0131n vergi, SGK \u00f6demeleri ve bor\u00e7lar konusunda da devletin depremzede esnafa ayr\u0131cal\u0131k g\u00f6stermesi gerekti\u011fine de\u011finen Co\u015fun ayr\u0131ca ya\u011fmurlu havalarda konteynerlerin su ald\u0131\u011f\u0131n\u0131, AFAD yetkililerinden destek beklediklerini ifade ettiler.<\/p>\n<p>\u0130GC Ba\u015fkan\u0131 Diyap Atar da depremin yaralar\u0131n\u0131n sar\u0131lmas\u0131 i\u00e7in bas\u0131n olarak k\u00f6pr\u00fc g\u00f6revi yapt\u0131klar\u0131n\u0131 belirterek \u201cHerkese e\u015fit mesafe durarak uygulama gayretindeyiz. Sizlerin taleplerinizi dinledik duyurmak takip etmek vazifemizdir. Ziyaretinizden dolay\u0131 te\u015fekk\u00fcrlerimizi iletiyorum\u201d dedi.<\/p>\n<p>\u200b\u0130skenderun \u00c7ar\u015f\u0131 Konteyner, y\u00f6netim kurulu Ba\u015fkan\u0131 Mehmet Co\u015fkun ve \u00fcyeleri, \u0130skenderun Gazeteciler Cemiyetini ziyaret ederek yeni y\u00f6netime hay\u0131rl\u0131 olsun temennilerini ilettiler.\u00a0<\/p>\n<p>\u200bHaberin Al\u0131nt\u0131land\u0131\u011f\u0131 Kaynak: www.iskenderun.org<\/p>","protected":false},"excerpt":{"rendered":"<p>6 \u015eubat depreminin ard\u0131ndan d\u00fckk\u00e2nlar\u0131 zarar g\u00f6ren esnaflar\u0131n yararland\u0131\u011f\u0131 eski Lunapark yeri olan \u00c7ar\u015f\u0131 Konteyner esnaflar\u0131 \u0130GC ziyaretinde bas\u0131n mensuplar\u0131n\u0131n deste\u011fine ihtiya\u00e7lar\u0131 oldu\u011funu dile getirdiler. \u0130skenderun Konteyner \u00c7ar\u015f\u0131 Y\u00f6netim Kurulu Ba\u015fkan\u0131 Mehmet Co\u015fkun 116 esnaf\u0131n oldu\u011fu \u00e7ar\u015f\u0131n\u0131n, merkeze uzak bir noktada oldu\u011funa i\u015faret ederek \u201cBu nedenle m\u00fc\u015fteriyi buraya \u00e7ekmek de zorlan\u0131yoruz. \u00d6n b\u00f6l\u00fcm konteynerler arka k\u0131sm\u0131 kapatt\u0131\u011f\u0131 i\u00e7in \u0130skenderun halk\u0131 buray\u0131 \u00e7ok fazla bilmiyor. Oysa bura da her meslekten esnaf\u0131m\u0131z bulunmaktad\u0131r. (G\u0131da, giyim, tekstil, k\u0131rtasiye, lokanta, terzi, gayrimenkul, berber, kuaf\u00f6r, optik) ve daha bir\u00e7ok meslek dal\u0131n\u0131n bulundu\u011fu \u0130skenderun \u00c7ar\u015f\u0131ya t\u00fcm halk\u0131m\u0131z\u0131 davet ediyoruz\u201d diye kon\u015fut. Konteyner \u00c7ar\u015f\u0131 esnaf\u0131n\u0131n vergi, SGK \u00f6demeleri ve bor\u00e7lar konusunda da devletin depremzede esnafa ayr\u0131cal\u0131k g\u00f6stermesi gerekti\u011fine de\u011finen Co\u015fun ayr\u0131ca ya\u011fmurlu havalarda konteynerlerin su ald\u0131\u011f\u0131n\u0131, AFAD yetkililerinden destek beklediklerini ifade ettiler. \u0130GC Ba\u015fkan\u0131 Diyap Atar da depremin yaralar\u0131n\u0131n sar\u0131lmas\u0131 i\u00e7in bas\u0131n olarak k\u00f6pr\u00fc g\u00f6revi yapt\u0131klar\u0131n\u0131 belirterek \u201cHerkese e\u015fit mesafe durarak uygulama gayretindeyiz. Sizlerin taleplerinizi dinledik duyurmak takip etmek vazifemizdir. Ziyaretinizden dolay\u0131 te\u015fekk\u00fcrlerimizi iletiyorum\u201d dedi. \u200b\u0130skenderun \u00c7ar\u015f\u0131 Konteyner, y\u00f6netim kurulu Ba\u015fkan\u0131 Mehmet Co\u015fkun ve \u00fcyeleri, \u0130skenderun Gazeteciler Cemiyetini ziyaret ederek yeni y\u00f6netime hay\u0131rl\u0131 olsun temennilerini ilettiler.\u00a0 \u200bHaberin Al\u0131nt\u0131land\u0131\u011f\u0131 Kaynak: www.iskenderun.org<\/p>","protected":false},"author":0,"featured_media":0,"comment_status":"open","ping_status":"open","sticky":false,"template":"","format":"standard","meta":{"_acf_changed":false,"footnotes":""},"categories":[24,535],"tags":[],"class_list":["post-16717","post","type-post","status-publish","format-standard","has-post-thumbnail","hentry","category-gundem","category-uncategorized-tr"],"acf":[],"yoast_head":"<!-- This site is optimized with the Yoast SEO Premium plugin v26.6 (Yoast SEO v27.1.1) - https:\/\/yoast.com\/product\/yoast-seo-premium-wordpress\/ -->\n<title>\u0130skenderun \u00c7ar\u015f\u0131 Konteyner sorunlar\u0131yla ba\u015f ba\u015fa! - Av. Deniz Can K\u0131z\u0131l<\/title>\n<meta name=\"robots\" content=\"index, follow, max-snippet:-1, max-image-preview:large, max-video-preview:-1\" \/>\n<link rel=\"canonical\" href=\"http:\/\/denizcankizil.tr\/en\/haberler\/gundem\/iskenderun-carsi-konteyner-sorunlariyla-bas-basa\/\" \/>\n<meta property=\"og:locale\" content=\"en_GB\" \/>\n<meta property=\"og:type\" content=\"article\" \/>\n<meta property=\"og:title\" content=\"\u0130skenderun \u00c7ar\u015f\u0131 Konteyner sorunlar\u0131yla ba\u015f ba\u015fa!\" \/>\n<meta property=\"og:description\" content=\"6 \u015eubat depreminin ard\u0131ndan d\u00fckk\u00e2nlar\u0131 zarar g\u00f6ren esnaflar\u0131n yararland\u0131\u011f\u0131 eski Lunapark yeri olan \u00c7ar\u015f\u0131 Konteyner esnaflar\u0131 \u0130GC ziyaretinde bas\u0131n mensuplar\u0131n\u0131n deste\u011fine ihtiya\u00e7lar\u0131 oldu\u011funu dile getirdiler. \u0130skenderun Konteyner \u00c7ar\u015f\u0131 Y\u00f6netim Kurulu Ba\u015fkan\u0131 Mehmet Co\u015fkun 116 esnaf\u0131n oldu\u011fu \u00e7ar\u015f\u0131n\u0131n, merkeze uzak bir noktada oldu\u011funa i\u015faret ederek \u201cBu nedenle m\u00fc\u015fteriyi buraya \u00e7ekmek de zorlan\u0131yoruz. \u00d6n b\u00f6l\u00fcm konteynerler arka k\u0131sm\u0131 kapatt\u0131\u011f\u0131 i\u00e7in \u0130skenderun halk\u0131 buray\u0131 \u00e7ok fazla bilmiyor. Oysa bura da her meslekten esnaf\u0131m\u0131z bulunmaktad\u0131r. (G\u0131da, giyim, tekstil, k\u0131rtasiye, lokanta, terzi, gayrimenkul, berber, kuaf\u00f6r, optik) ve daha bir\u00e7ok meslek dal\u0131n\u0131n bulundu\u011fu \u0130skenderun \u00c7ar\u015f\u0131ya t\u00fcm halk\u0131m\u0131z\u0131 davet ediyoruz\u201d diye kon\u015fut. Konteyner \u00c7ar\u015f\u0131 esnaf\u0131n\u0131n vergi, SGK \u00f6demeleri ve bor\u00e7lar konusunda da devletin depremzede esnafa ayr\u0131cal\u0131k g\u00f6stermesi gerekti\u011fine de\u011finen Co\u015fun ayr\u0131ca ya\u011fmurlu havalarda konteynerlerin su ald\u0131\u011f\u0131n\u0131, AFAD yetkililerinden destek beklediklerini ifade ettiler. \u0130GC Ba\u015fkan\u0131 Diyap Atar da depremin yaralar\u0131n\u0131n sar\u0131lmas\u0131 i\u00e7in bas\u0131n olarak k\u00f6pr\u00fc g\u00f6revi yapt\u0131klar\u0131n\u0131 belirterek \u201cHerkese e\u015fit mesafe durarak uygulama gayretindeyiz. Sizlerin taleplerinizi dinledik duyurmak takip etmek vazifemizdir. Ziyaretinizden dolay\u0131 te\u015fekk\u00fcrlerimizi iletiyorum\u201d dedi. \u200b\u0130skenderun \u00c7ar\u015f\u0131 Konteyner, y\u00f6netim kurulu Ba\u015fkan\u0131 Mehmet Co\u015fkun ve \u00fcyeleri, \u0130skenderun Gazeteciler Cemiyetini ziyaret ederek yeni y\u00f6netime hay\u0131rl\u0131 olsun temennilerini ilettiler.\u00a0 \u200bHaberin Al\u0131nt\u0131land\u0131\u011f\u0131 Kaynak: www.iskenderun.org\" \/>\n<meta property=\"og:url\" content=\"http:\/\/denizcankizil.tr\/en\/haberler\/gundem\/iskenderun-carsi-konteyner-sorunlariyla-bas-basa\/\" \/>\n<meta property=\"og:site_name\" content=\"Av. Deniz Can K\u0131z\u0131l\" \/>\n<meta property=\"article:published_time\" content=\"2024-11-20T14:42:04+00:00\" \/>\n<meta name=\"twitter:card\" content=\"summary_large_image\" \/>\n<meta name=\"twitter:label1\" content=\"Estimated reading time\" \/>\n\t<meta name=\"twitter:data1\" content=\"1 minute\" \/>\n<script type=\"application\/ld+json\" class=\"yoast-schema-graph\">{\"@context\":\"https:\/\/schema.org\",\"@graph\":[{\"@type\":\"Article\",\"@id\":\"http:\/\/denizcankizil.tr\/en\/haberler\/gundem\/iskenderun-carsi-konteyner-sorunlariyla-bas-basa\/#article\",\"isPartOf\":{\"@id\":\"http:\/\/denizcankizil.tr\/en\/haberler\/gundem\/iskenderun-carsi-konteyner-sorunlariyla-bas-basa\/\"},\"author\":{\"name\":\"\",\"@id\":\"\"},\"headline\":\"\u0130skenderun \u00c7ar\u015f\u0131 Konteyner sorunlar\u0131yla ba\u015f ba\u015fa!\",\"datePublished\":\"2024-11-20T14:42:04+00:00\",\"mainEntityOfPage\":{\"@id\":\"http:\/\/denizcankizil.tr\/en\/haberler\/gundem\/iskenderun-carsi-konteyner-sorunlariyla-bas-basa\/\"},\"wordCount\":264,\"commentCount\":0,\"publisher\":{\"@id\":\"https:\/\/denizcankizil.tr\/de\/#organization\"},\"articleSection\":[\"G\u00fcndem\",\"Uncategorized\"],\"inLanguage\":\"en-GB\",\"potentialAction\":[{\"@type\":\"CommentAction\",\"name\":\"Comment\",\"target\":[\"http:\/\/denizcankizil.tr\/en\/haberler\/gundem\/iskenderun-carsi-konteyner-sorunlariyla-bas-basa\/#respond\"]}]},{\"@type\":\"WebPage\",\"@id\":\"http:\/\/denizcankizil.tr\/en\/haberler\/gundem\/iskenderun-carsi-konteyner-sorunlariyla-bas-basa\/\",\"url\":\"http:\/\/denizcankizil.tr\/en\/haberler\/gundem\/iskenderun-carsi-konteyner-sorunlariyla-bas-basa\/\",\"name\":\"\u0130skenderun \u00c7ar\u015f\u0131 Konteyner sorunlar\u0131yla ba\u015f ba\u015fa! - Av. Deniz Can K\u0131z\u0131l\",\"isPartOf\":{\"@id\":\"https:\/\/denizcankizil.tr\/de\/#website\"},\"datePublished\":\"2024-11-20T14:42:04+00:00\",\"breadcrumb\":{\"@id\":\"http:\/\/denizcankizil.tr\/en\/haberler\/gundem\/iskenderun-carsi-konteyner-sorunlariyla-bas-basa\/#breadcrumb\"},\"inLanguage\":\"en-GB\",\"potentialAction\":[{\"@type\":\"ReadAction\",\"target\":[\"http:\/\/denizcankizil.tr\/en\/haberler\/gundem\/iskenderun-carsi-konteyner-sorunlariyla-bas-basa\/\"]}]},{\"@type\":\"BreadcrumbList\",\"@id\":\"http:\/\/denizcankizil.tr\/en\/haberler\/gundem\/iskenderun-carsi-konteyner-sorunlariyla-bas-basa\/#breadcrumb\",\"itemListElement\":[{\"@type\":\"ListItem\",\"position\":1,\"name\":\"Home\",\"item\":\"https:\/\/denizcankizil.tr\/de\/\"},{\"@type\":\"ListItem\",\"position\":2,\"name\":\"\u0130skenderun \u00c7ar\u015f\u0131 Konteyner sorunlar\u0131yla ba\u015f ba\u015fa!\"}]},{\"@type\":\"WebSite\",\"@id\":\"https:\/\/denizcankizil.tr\/de\/#website\",\"url\":\"https:\/\/denizcankizil.tr\/de\/\",\"name\":\"Av. Deniz Can K\u0131z\u0131l\",\"description\":\"Avukat Deniz Can K\u0131z\u0131l Antalya Barosu\",\"publisher\":{\"@id\":\"https:\/\/denizcankizil.tr\/de\/#organization\"},\"potentialAction\":[{\"@type\":\"SearchAction\",\"target\":{\"@type\":\"EntryPoint\",\"urlTemplate\":\"https:\/\/denizcankizil.tr\/de\/?s={search_term_string}\"},\"query-input\":{\"@type\":\"PropertyValueSpecification\",\"valueRequired\":true,\"valueName\":\"search_term_string\"}}],\"inLanguage\":\"en-GB\"},{\"@type\":\"Organization\",\"@id\":\"https:\/\/denizcankizil.tr\/de\/#organization\",\"name\":\"Av. Deniz Can K\u0131z\u0131l\",\"url\":\"https:\/\/denizcankizil.tr\/de\/\",\"logo\":{\"@type\":\"ImageObject\",\"inLanguage\":\"en-GB\",\"@id\":\"https:\/\/denizcankizil.tr\/de\/#\/schema\/logo\/image\/\",\"url\":\"http:\/\/denizcankizil.tr\/wp-content\/uploads\/2024\/10\/siyah-logo-svg.svg\",\"contentUrl\":\"http:\/\/denizcankizil.tr\/wp-content\/uploads\/2024\/10\/siyah-logo-svg.svg\",\"width\":1080,\"height\":1080,\"caption\":\"Av. Deniz Can K\u0131z\u0131l\"},\"image\":{\"@id\":\"https:\/\/denizcankizil.tr\/de\/#\/schema\/logo\/image\/\"}}]}<\/script>\n<!-- \/ Yoast SEO Premium plugin. -->","yoast_head_json":{"title":"\u0130skenderun \u00c7ar\u015f\u0131 Konteyner sorunlar\u0131yla ba\u015f ba\u015fa! - Av. Deniz Can K\u0131z\u0131l","robots":{"index":"index","follow":"follow","max-snippet":"max-snippet:-1","max-image-preview":"max-image-preview:large","max-video-preview":"max-video-preview:-1"},"canonical":"http:\/\/denizcankizil.tr\/en\/haberler\/gundem\/iskenderun-carsi-konteyner-sorunlariyla-bas-basa\/","og_locale":"en_GB","og_type":"article","og_title":"\u0130skenderun \u00c7ar\u015f\u0131 Konteyner sorunlar\u0131yla ba\u015f ba\u015fa!","og_description":"6 \u015eubat depreminin ard\u0131ndan d\u00fckk\u00e2nlar\u0131 zarar g\u00f6ren esnaflar\u0131n yararland\u0131\u011f\u0131 eski Lunapark yeri olan \u00c7ar\u015f\u0131 Konteyner esnaflar\u0131 \u0130GC ziyaretinde bas\u0131n mensuplar\u0131n\u0131n deste\u011fine ihtiya\u00e7lar\u0131 oldu\u011funu dile getirdiler. \u0130skenderun Konteyner \u00c7ar\u015f\u0131 Y\u00f6netim Kurulu Ba\u015fkan\u0131 Mehmet Co\u015fkun 116 esnaf\u0131n oldu\u011fu \u00e7ar\u015f\u0131n\u0131n, merkeze uzak bir noktada oldu\u011funa i\u015faret ederek \u201cBu nedenle m\u00fc\u015fteriyi buraya \u00e7ekmek de zorlan\u0131yoruz. \u00d6n b\u00f6l\u00fcm konteynerler arka k\u0131sm\u0131 kapatt\u0131\u011f\u0131 i\u00e7in \u0130skenderun halk\u0131 buray\u0131 \u00e7ok fazla bilmiyor. Oysa bura da her meslekten esnaf\u0131m\u0131z bulunmaktad\u0131r. (G\u0131da, giyim, tekstil, k\u0131rtasiye, lokanta, terzi, gayrimenkul, berber, kuaf\u00f6r, optik) ve daha bir\u00e7ok meslek dal\u0131n\u0131n bulundu\u011fu \u0130skenderun \u00c7ar\u015f\u0131ya t\u00fcm halk\u0131m\u0131z\u0131 davet ediyoruz\u201d diye kon\u015fut. Konteyner \u00c7ar\u015f\u0131 esnaf\u0131n\u0131n vergi, SGK \u00f6demeleri ve bor\u00e7lar konusunda da devletin depremzede esnafa ayr\u0131cal\u0131k g\u00f6stermesi gerekti\u011fine de\u011finen Co\u015fun ayr\u0131ca ya\u011fmurlu havalarda konteynerlerin su ald\u0131\u011f\u0131n\u0131, AFAD yetkililerinden destek beklediklerini ifade ettiler. \u0130GC Ba\u015fkan\u0131 Diyap Atar da depremin yaralar\u0131n\u0131n sar\u0131lmas\u0131 i\u00e7in bas\u0131n olarak k\u00f6pr\u00fc g\u00f6revi yapt\u0131klar\u0131n\u0131 belirterek \u201cHerkese e\u015fit mesafe durarak uygulama gayretindeyiz. Sizlerin taleplerinizi dinledik duyurmak takip etmek vazifemizdir. Ziyaretinizden dolay\u0131 te\u015fekk\u00fcrlerimizi iletiyorum\u201d dedi. \u200b\u0130skenderun \u00c7ar\u015f\u0131 Konteyner, y\u00f6netim kurulu Ba\u015fkan\u0131 Mehmet Co\u015fkun ve \u00fcyeleri, \u0130skenderun Gazeteciler Cemiyetini ziyaret ederek yeni y\u00f6netime hay\u0131rl\u0131 olsun temennilerini ilettiler.\u00a0 \u200bHaberin Al\u0131nt\u0131land\u0131\u011f\u0131 Kaynak: www.iskenderun.org","og_url":"http:\/\/denizcankizil.tr\/en\/haberler\/gundem\/iskenderun-carsi-konteyner-sorunlariyla-bas-basa\/","og_site_name":"Av. Deniz Can K\u0131z\u0131l","article_published_time":"2024-11-20T14:42:04+00:00","twitter_card":"summary_large_image","twitter_misc":{"Estimated reading time":"1 minute"},"schema":{"@context":"https:\/\/schema.org","@graph":[{"@type":"Article","@id":"http:\/\/denizcankizil.tr\/en\/haberler\/gundem\/iskenderun-carsi-konteyner-sorunlariyla-bas-basa\/#article","isPartOf":{"@id":"http:\/\/denizcankizil.tr\/en\/haberler\/gundem\/iskenderun-carsi-konteyner-sorunlariyla-bas-basa\/"},"author":{"name":"","@id":""},"headline":"\u0130skenderun \u00c7ar\u015f\u0131 Konteyner sorunlar\u0131yla ba\u015f ba\u015fa!","datePublished":"2024-11-20T14:42:04+00:00","mainEntityOfPage":{"@id":"http:\/\/denizcankizil.tr\/en\/haberler\/gundem\/iskenderun-carsi-konteyner-sorunlariyla-bas-basa\/"},"wordCount":264,"commentCount":0,"publisher":{"@id":"https:\/\/denizcankizil.tr\/de\/#organization"},"articleSection":["G\u00fcndem","Uncategorized"],"inLanguage":"en-GB","potentialAction":[{"@type":"CommentAction","name":"Comment","target":["http:\/\/denizcankizil.tr\/en\/haberler\/gundem\/iskenderun-carsi-konteyner-sorunlariyla-bas-basa\/#respond"]}]},{"@type":"WebPage","@id":"http:\/\/denizcankizil.tr\/en\/haberler\/gundem\/iskenderun-carsi-konteyner-sorunlariyla-bas-basa\/","url":"http:\/\/denizcankizil.tr\/en\/haberler\/gundem\/iskenderun-carsi-konteyner-sorunlariyla-bas-basa\/","name":"\u0130skenderun \u00c7ar\u015f\u0131 Konteyner sorunlar\u0131yla ba\u015f ba\u015fa! - Av. Deniz Can K\u0131z\u0131l","isPartOf":{"@id":"https:\/\/denizcankizil.tr\/de\/#website"},"datePublished":"2024-11-20T14:42:04+00:00","breadcrumb":{"@id":"http:\/\/denizcankizil.tr\/en\/haberler\/gundem\/iskenderun-carsi-konteyner-sorunlariyla-bas-basa\/#breadcrumb"},"inLanguage":"en-GB","potentialAction":[{"@type":"ReadAction","target":["http:\/\/denizcankizil.tr\/en\/haberler\/gundem\/iskenderun-carsi-konteyner-sorunlariyla-bas-basa\/"]}]},{"@type":"BreadcrumbList","@id":"http:\/\/denizcankizil.tr\/en\/haberler\/gundem\/iskenderun-carsi-konteyner-sorunlariyla-bas-basa\/#breadcrumb","itemListElement":[{"@type":"ListItem","position":1,"name":"Home","item":"https:\/\/denizcankizil.tr\/de\/"},{"@type":"ListItem","position":2,"name":"\u0130skenderun \u00c7ar\u015f\u0131 Konteyner sorunlar\u0131yla ba\u015f ba\u015fa!"}]},{"@type":"WebSite","@id":"https:\/\/denizcankizil.tr\/de\/#website","url":"https:\/\/denizcankizil.tr\/de\/","name":"Av. Deniz Can K\u0131z\u0131l","description":"Avukat Deniz Can K\u0131z\u0131l Antalya Barosu","publisher":{"@id":"https:\/\/denizcankizil.tr\/de\/#organization"},"potentialAction":[{"@type":"SearchAction","target":{"@type":"EntryPoint","urlTemplate":"https:\/\/denizcankizil.tr\/de\/?s={search_term_string}"},"query-input":{"@type":"PropertyValueSpecification","valueRequired":true,"valueName":"search_term_string"}}],"inLanguage":"en-GB"},{"@type":"Organization","@id":"https:\/\/denizcankizil.tr\/de\/#organization","name":"Av. Deniz Can K\u0131z\u0131l","url":"https:\/\/denizcankizil.tr\/de\/","logo":{"@type":"ImageObject","inLanguage":"en-GB","@id":"https:\/\/denizcankizil.tr\/de\/#\/schema\/logo\/image\/","url":"http:\/\/denizcankizil.tr\/wp-content\/uploads\/2024\/10\/siyah-logo-svg.svg","contentUrl":"http:\/\/denizcankizil.tr\/wp-content\/uploads\/2024\/10\/siyah-logo-svg.svg","width":1080,"height":1080,"caption":"Av. Deniz Can K\u0131z\u0131l"},"image":{"@id":"https:\/\/denizcankizil.tr\/de\/#\/schema\/logo\/image\/"}}]}},"_links":{"self":[{"href":"http:\/\/denizcankizil.tr\/en\/wp-json\/wp\/v2\/posts\/16717","targetHints":{"allow":["GET"]}}],"collection":[{"href":"http:\/\/denizcankizil.tr\/en\/wp-json\/wp\/v2\/posts"}],"about":[{"href":"http:\/\/denizcankizil.tr\/en\/wp-json\/wp\/v2\/types\/post"}],"replies":[{"embeddable":true,"href":"http:\/\/denizcankizil.tr\/en\/wp-json\/wp\/v2\/comments?post=16717"}],"version-history":[{"count":0,"href":"http:\/\/denizcankizil.tr\/en\/wp-json\/wp\/v2\/posts\/16717\/revisions"}],"wp:attachment":[{"href":"http:\/\/denizcankizil.tr\/en\/wp-json\/wp\/v2\/media?parent=16717"}],"wp:term":[{"taxonomy":"category","embeddable":true,"href":"http:\/\/denizcankizil.tr\/en\/wp-json\/wp\/v2\/categories?post=16717"},{"taxonomy":"post_tag","embeddable":true,"href":"http:\/\/denizcankizil.tr\/en\/wp-json\/wp\/v2\/tags?post=16717"}],"curies":[{"name":"wp","href":"https:\/\/api.w.org\/{rel}","templated":true}]}}