{"id":16623,"date":"2024-11-20T09:41:36","date_gmt":"2024-11-20T06:41:36","guid":{"rendered":"https:\/\/denizcankizil.tr\/uncategorized-tr\/denetimlerde-kus-ucurtmuyorlar-zeytin-ve-zeytinyagi-icin-sahadalar\/"},"modified":"2024-11-20T09:41:36","modified_gmt":"2024-11-20T06:41:36","slug":"denetimlerde-kus-ucurtmuyorlar-zeytin-ve-zeytinyagi-icin-sahadalar","status":"publish","type":"post","link":"http:\/\/denizcankizil.tr\/en\/haberler\/gundem\/denetimlerde-kus-ucurtmuyorlar-zeytin-ve-zeytinyagi-icin-sahadalar\/","title":{"rendered":"Denetimlerde ku\u015f u\u00e7urtmuyorlar! Zeytin ve zeytinya\u011f\u0131 i\u00e7in sahadalar"},"content":{"rendered":"<p>Mu\u011fla \u0130l Tar\u0131m ve Orman M\u00fcd\u00fcrl\u00fc\u011f\u00fc ekipleri, zeytin ve zeytinya\u011f\u0131 \u00fcretim ve sat\u0131\u015f\u0131 yap\u0131lan i\u015fletmelerde denetimler ger\u00e7ekle\u015ftirdi. Yap\u0131lan \u00e7al\u0131\u015fmalar kapsam\u0131nda, toplam 193 i\u015fletme kontrol edildi. Denetimler s\u0131ras\u0131nda al\u0131nan \u00fc\u00e7 numune, T\u00fcrk G\u0131da Kodeksi&#8217;ne uygunluk a\u00e7\u0131s\u0131ndan detayl\u0131 analiz i\u00e7in laboratuvara g\u00f6nderildi. Bu kontrollerle hem t\u00fcketicilerin sa\u011fl\u0131kl\u0131 ve g\u00fcvenilir g\u0131daya ula\u015fmas\u0131n\u0131n sa\u011flanmas\u0131 hem de zeytinya\u011f\u0131 \u00fcretiminde taklit ve ta\u011f\u015fi\u015fin \u00f6n\u00fcne ge\u00e7ilmesi hedefleniyor.<\/p>\n<p>ZEYT\u0130N VE ZEYT\u0130NYA\u011eINDA TAKL\u0130T VE TA\u011e\u015e\u0130\u015e\u0130 \u00d6NLEMEK \u0130\u00c7\u0130N SAHADALAR\u00a0<\/p>\n<p>Tar\u0131m ve Orman M\u00fcd\u00fcrl\u00fc\u011f\u00fc\u2019nden yap\u0131lan a\u00e7\u0131klamada, \u201cVatanda\u015flar\u0131m\u0131z\u0131n g\u00fcvenilir ve sa\u011fl\u0131kl\u0131 g\u0131daya ula\u015fmas\u0131 i\u00e7in denetimlerimizi aral\u0131ks\u0131z s\u00fcrd\u00fcr\u00fcyoruz. Zeytinya\u011f\u0131, b\u00f6lgemizin \u00f6nemli tar\u0131m \u00fcr\u00fcnlerinden biri olup, bu k\u0131ymetli \u00fcr\u00fcn\u00fcn kalite ve g\u00fcvenilirli\u011fini korumak i\u00e7in sahaday\u0131z\u201d ifadelerine yer verildi. Mu\u011fla\u2019da ger\u00e7ekle\u015ftirilen denetimlerin, zeytin ve zeytinya\u011f\u0131 sekt\u00f6r\u00fcnde g\u00fcvenin art\u0131r\u0131lmas\u0131na ve b\u00f6lgedeki kaliteli \u00fcretimin devam\u0131na katk\u0131 sa\u011flamas\u0131 bekleniyor.\u00a0<\/p>\n<p>\u00a0 \u00a0 \u00a0 \u00a0 \u00a0 \u00a0 \u00a0 \u00a0 \u00a0 \u00a0 \u00a0 \u00a0 \u00a0 \u00a0 \u00a0 \u00a0 \u00a0 \u00a0 \u00a0\u00a0<\/p>\n<p>\u200bMu\u011fla&#8217;da zeytin ve zeytinya\u011f\u0131nda taklit ve ta\u011f\u015fi\u015fin \u00f6n\u00fcne ge\u00e7mek i\u00e7in denetimlerini s\u0131k\u0131la\u015ft\u0131ran \u0130l Tar\u0131m ve Orman M\u00fcd\u00fcrl\u00fc\u011f\u00fc, 193 i\u015fletmeyi kontrol etti.\u00a0<\/p>\n<p>\u200bHaberin Al\u0131nt\u0131land\u0131\u011f\u0131 Kaynak: www.antalyakorfez.com<\/p>","protected":false},"excerpt":{"rendered":"<p>Mu\u011fla \u0130l Tar\u0131m ve Orman M\u00fcd\u00fcrl\u00fc\u011f\u00fc ekipleri, zeytin ve zeytinya\u011f\u0131 \u00fcretim ve sat\u0131\u015f\u0131 yap\u0131lan i\u015fletmelerde denetimler ger\u00e7ekle\u015ftirdi. Yap\u0131lan \u00e7al\u0131\u015fmalar kapsam\u0131nda, toplam 193 i\u015fletme kontrol edildi. Denetimler s\u0131ras\u0131nda al\u0131nan \u00fc\u00e7 numune, T\u00fcrk G\u0131da Kodeksi&#8217;ne uygunluk a\u00e7\u0131s\u0131ndan detayl\u0131 analiz i\u00e7in laboratuvara g\u00f6nderildi. Bu kontrollerle hem t\u00fcketicilerin sa\u011fl\u0131kl\u0131 ve g\u00fcvenilir g\u0131daya ula\u015fmas\u0131n\u0131n sa\u011flanmas\u0131 hem de zeytinya\u011f\u0131 \u00fcretiminde taklit ve ta\u011f\u015fi\u015fin \u00f6n\u00fcne ge\u00e7ilmesi hedefleniyor. ZEYT\u0130N VE ZEYT\u0130NYA\u011eINDA TAKL\u0130T VE TA\u011e\u015e\u0130\u015e\u0130 \u00d6NLEMEK \u0130\u00c7\u0130N SAHADALAR\u00a0 Tar\u0131m ve Orman M\u00fcd\u00fcrl\u00fc\u011f\u00fc\u2019nden yap\u0131lan a\u00e7\u0131klamada, \u201cVatanda\u015flar\u0131m\u0131z\u0131n g\u00fcvenilir ve sa\u011fl\u0131kl\u0131 g\u0131daya ula\u015fmas\u0131 i\u00e7in denetimlerimizi aral\u0131ks\u0131z s\u00fcrd\u00fcr\u00fcyoruz. Zeytinya\u011f\u0131, b\u00f6lgemizin \u00f6nemli tar\u0131m \u00fcr\u00fcnlerinden biri olup, bu k\u0131ymetli \u00fcr\u00fcn\u00fcn kalite ve g\u00fcvenilirli\u011fini korumak i\u00e7in sahaday\u0131z\u201d ifadelerine yer verildi. Mu\u011fla\u2019da ger\u00e7ekle\u015ftirilen denetimlerin, zeytin ve zeytinya\u011f\u0131 sekt\u00f6r\u00fcnde g\u00fcvenin art\u0131r\u0131lmas\u0131na ve b\u00f6lgedeki kaliteli \u00fcretimin devam\u0131na katk\u0131 sa\u011flamas\u0131 bekleniyor.\u00a0 \u00a0 \u00a0 \u00a0 \u00a0 \u00a0 \u00a0 \u00a0 \u00a0 \u00a0 \u00a0 \u00a0 \u00a0 \u00a0 \u00a0 \u00a0 \u00a0 \u00a0 \u00a0 \u00a0\u00a0 \u200bMu\u011fla&#8217;da zeytin ve zeytinya\u011f\u0131nda taklit ve ta\u011f\u015fi\u015fin \u00f6n\u00fcne ge\u00e7mek i\u00e7in denetimlerini s\u0131k\u0131la\u015ft\u0131ran \u0130l Tar\u0131m ve Orman M\u00fcd\u00fcrl\u00fc\u011f\u00fc, 193 i\u015fletmeyi kontrol etti.\u00a0 \u200bHaberin Al\u0131nt\u0131land\u0131\u011f\u0131 Kaynak: www.antalyakorfez.com<\/p>","protected":false},"author":0,"featured_media":0,"comment_status":"open","ping_status":"open","sticky":false,"template":"","format":"standard","meta":{"_acf_changed":false,"footnotes":""},"categories":[24,535],"tags":[],"class_list":["post-16623","post","type-post","status-publish","format-standard","has-post-thumbnail","hentry","category-gundem","category-uncategorized-tr"],"acf":[],"yoast_head":"<!-- This site is optimized with the Yoast SEO Premium plugin v26.6 (Yoast SEO v27.1.1) - https:\/\/yoast.com\/product\/yoast-seo-premium-wordpress\/ -->\n<title>Denetimlerde ku\u015f u\u00e7urtmuyorlar! Zeytin ve zeytinya\u011f\u0131 i\u00e7in sahadalar - Av. Deniz Can K\u0131z\u0131l<\/title>\n<meta name=\"robots\" content=\"index, follow, max-snippet:-1, max-image-preview:large, max-video-preview:-1\" \/>\n<link rel=\"canonical\" href=\"http:\/\/denizcankizil.tr\/en\/haberler\/gundem\/denetimlerde-kus-ucurtmuyorlar-zeytin-ve-zeytinyagi-icin-sahadalar\/\" \/>\n<meta property=\"og:locale\" content=\"en_GB\" \/>\n<meta property=\"og:type\" content=\"article\" \/>\n<meta property=\"og:title\" content=\"Denetimlerde ku\u015f u\u00e7urtmuyorlar! Zeytin ve zeytinya\u011f\u0131 i\u00e7in sahadalar\" \/>\n<meta property=\"og:description\" content=\"Mu\u011fla \u0130l Tar\u0131m ve Orman M\u00fcd\u00fcrl\u00fc\u011f\u00fc ekipleri, zeytin ve zeytinya\u011f\u0131 \u00fcretim ve sat\u0131\u015f\u0131 yap\u0131lan i\u015fletmelerde denetimler ger\u00e7ekle\u015ftirdi. Yap\u0131lan \u00e7al\u0131\u015fmalar kapsam\u0131nda, toplam 193 i\u015fletme kontrol edildi. Denetimler s\u0131ras\u0131nda al\u0131nan \u00fc\u00e7 numune, T\u00fcrk G\u0131da Kodeksi&#8217;ne uygunluk a\u00e7\u0131s\u0131ndan detayl\u0131 analiz i\u00e7in laboratuvara g\u00f6nderildi. Bu kontrollerle hem t\u00fcketicilerin sa\u011fl\u0131kl\u0131 ve g\u00fcvenilir g\u0131daya ula\u015fmas\u0131n\u0131n sa\u011flanmas\u0131 hem de zeytinya\u011f\u0131 \u00fcretiminde taklit ve ta\u011f\u015fi\u015fin \u00f6n\u00fcne ge\u00e7ilmesi hedefleniyor. ZEYT\u0130N VE ZEYT\u0130NYA\u011eINDA TAKL\u0130T VE TA\u011e\u015e\u0130\u015e\u0130 \u00d6NLEMEK \u0130\u00c7\u0130N SAHADALAR\u00a0 Tar\u0131m ve Orman M\u00fcd\u00fcrl\u00fc\u011f\u00fc\u2019nden yap\u0131lan a\u00e7\u0131klamada, \u201cVatanda\u015flar\u0131m\u0131z\u0131n g\u00fcvenilir ve sa\u011fl\u0131kl\u0131 g\u0131daya ula\u015fmas\u0131 i\u00e7in denetimlerimizi aral\u0131ks\u0131z s\u00fcrd\u00fcr\u00fcyoruz. Zeytinya\u011f\u0131, b\u00f6lgemizin \u00f6nemli tar\u0131m \u00fcr\u00fcnlerinden biri olup, bu k\u0131ymetli \u00fcr\u00fcn\u00fcn kalite ve g\u00fcvenilirli\u011fini korumak i\u00e7in sahaday\u0131z\u201d ifadelerine yer verildi. Mu\u011fla\u2019da ger\u00e7ekle\u015ftirilen denetimlerin, zeytin ve zeytinya\u011f\u0131 sekt\u00f6r\u00fcnde g\u00fcvenin art\u0131r\u0131lmas\u0131na ve b\u00f6lgedeki kaliteli \u00fcretimin devam\u0131na katk\u0131 sa\u011flamas\u0131 bekleniyor.\u00a0 \u00a0 \u00a0 \u00a0 \u00a0 \u00a0 \u00a0 \u00a0 \u00a0 \u00a0 \u00a0 \u00a0 \u00a0 \u00a0 \u00a0 \u00a0 \u00a0 \u00a0 \u00a0 \u00a0\u00a0 \u200bMu\u011fla&#8217;da zeytin ve zeytinya\u011f\u0131nda taklit ve ta\u011f\u015fi\u015fin \u00f6n\u00fcne ge\u00e7mek i\u00e7in denetimlerini s\u0131k\u0131la\u015ft\u0131ran \u0130l Tar\u0131m ve Orman M\u00fcd\u00fcrl\u00fc\u011f\u00fc, 193 i\u015fletmeyi kontrol etti.\u00a0 \u200bHaberin Al\u0131nt\u0131land\u0131\u011f\u0131 Kaynak: www.antalyakorfez.com\" \/>\n<meta property=\"og:url\" content=\"http:\/\/denizcankizil.tr\/en\/haberler\/gundem\/denetimlerde-kus-ucurtmuyorlar-zeytin-ve-zeytinyagi-icin-sahadalar\/\" \/>\n<meta property=\"og:site_name\" content=\"Av. Deniz Can K\u0131z\u0131l\" \/>\n<meta property=\"article:published_time\" content=\"2024-11-20T06:41:36+00:00\" \/>\n<meta name=\"twitter:card\" content=\"summary_large_image\" \/>\n<meta name=\"twitter:label1\" content=\"Estimated reading time\" \/>\n\t<meta name=\"twitter:data1\" content=\"1 minute\" \/>\n<script type=\"application\/ld+json\" class=\"yoast-schema-graph\">{\"@context\":\"https:\/\/schema.org\",\"@graph\":[{\"@type\":\"Article\",\"@id\":\"http:\/\/denizcankizil.tr\/de\/haberler\/gundem\/denetimlerde-kus-ucurtmuyorlar-zeytin-ve-zeytinyagi-icin-sahadalar\/#article\",\"isPartOf\":{\"@id\":\"http:\/\/denizcankizil.tr\/de\/haberler\/gundem\/denetimlerde-kus-ucurtmuyorlar-zeytin-ve-zeytinyagi-icin-sahadalar\/\"},\"author\":{\"name\":\"\",\"@id\":\"\"},\"headline\":\"Denetimlerde ku\u015f u\u00e7urtmuyorlar! Zeytin ve zeytinya\u011f\u0131 i\u00e7in sahadalar\",\"datePublished\":\"2024-11-20T06:41:36+00:00\",\"mainEntityOfPage\":{\"@id\":\"http:\/\/denizcankizil.tr\/de\/haberler\/gundem\/denetimlerde-kus-ucurtmuyorlar-zeytin-ve-zeytinyagi-icin-sahadalar\/\"},\"wordCount\":256,\"commentCount\":0,\"publisher\":{\"@id\":\"https:\/\/denizcankizil.tr\/de\/#organization\"},\"articleSection\":[\"G\u00fcndem\",\"Uncategorized\"],\"inLanguage\":\"en-GB\",\"potentialAction\":[{\"@type\":\"CommentAction\",\"name\":\"Comment\",\"target\":[\"http:\/\/denizcankizil.tr\/de\/haberler\/gundem\/denetimlerde-kus-ucurtmuyorlar-zeytin-ve-zeytinyagi-icin-sahadalar\/#respond\"]}]},{\"@type\":\"WebPage\",\"@id\":\"http:\/\/denizcankizil.tr\/de\/haberler\/gundem\/denetimlerde-kus-ucurtmuyorlar-zeytin-ve-zeytinyagi-icin-sahadalar\/\",\"url\":\"http:\/\/denizcankizil.tr\/de\/haberler\/gundem\/denetimlerde-kus-ucurtmuyorlar-zeytin-ve-zeytinyagi-icin-sahadalar\/\",\"name\":\"Denetimlerde ku\u015f u\u00e7urtmuyorlar! Zeytin ve zeytinya\u011f\u0131 i\u00e7in sahadalar - Av. Deniz Can K\u0131z\u0131l\",\"isPartOf\":{\"@id\":\"https:\/\/denizcankizil.tr\/de\/#website\"},\"datePublished\":\"2024-11-20T06:41:36+00:00\",\"breadcrumb\":{\"@id\":\"http:\/\/denizcankizil.tr\/de\/haberler\/gundem\/denetimlerde-kus-ucurtmuyorlar-zeytin-ve-zeytinyagi-icin-sahadalar\/#breadcrumb\"},\"inLanguage\":\"en-GB\",\"potentialAction\":[{\"@type\":\"ReadAction\",\"target\":[\"http:\/\/denizcankizil.tr\/de\/haberler\/gundem\/denetimlerde-kus-ucurtmuyorlar-zeytin-ve-zeytinyagi-icin-sahadalar\/\"]}]},{\"@type\":\"BreadcrumbList\",\"@id\":\"http:\/\/denizcankizil.tr\/de\/haberler\/gundem\/denetimlerde-kus-ucurtmuyorlar-zeytin-ve-zeytinyagi-icin-sahadalar\/#breadcrumb\",\"itemListElement\":[{\"@type\":\"ListItem\",\"position\":1,\"name\":\"Home\",\"item\":\"https:\/\/denizcankizil.tr\/de\/\"},{\"@type\":\"ListItem\",\"position\":2,\"name\":\"Denetimlerde ku\u015f u\u00e7urtmuyorlar! Zeytin ve zeytinya\u011f\u0131 i\u00e7in sahadalar\"}]},{\"@type\":\"WebSite\",\"@id\":\"https:\/\/denizcankizil.tr\/de\/#website\",\"url\":\"https:\/\/denizcankizil.tr\/de\/\",\"name\":\"Av. Deniz Can K\u0131z\u0131l\",\"description\":\"Avukat Deniz Can K\u0131z\u0131l Antalya Barosu\",\"publisher\":{\"@id\":\"https:\/\/denizcankizil.tr\/de\/#organization\"},\"potentialAction\":[{\"@type\":\"SearchAction\",\"target\":{\"@type\":\"EntryPoint\",\"urlTemplate\":\"https:\/\/denizcankizil.tr\/de\/?s={search_term_string}\"},\"query-input\":{\"@type\":\"PropertyValueSpecification\",\"valueRequired\":true,\"valueName\":\"search_term_string\"}}],\"inLanguage\":\"en-GB\"},{\"@type\":\"Organization\",\"@id\":\"https:\/\/denizcankizil.tr\/de\/#organization\",\"name\":\"Av. Deniz Can K\u0131z\u0131l\",\"url\":\"https:\/\/denizcankizil.tr\/de\/\",\"logo\":{\"@type\":\"ImageObject\",\"inLanguage\":\"en-GB\",\"@id\":\"https:\/\/denizcankizil.tr\/de\/#\/schema\/logo\/image\/\",\"url\":\"http:\/\/denizcankizil.tr\/wp-content\/uploads\/2024\/10\/siyah-logo-svg.svg\",\"contentUrl\":\"http:\/\/denizcankizil.tr\/wp-content\/uploads\/2024\/10\/siyah-logo-svg.svg\",\"width\":1080,\"height\":1080,\"caption\":\"Av. Deniz Can K\u0131z\u0131l\"},\"image\":{\"@id\":\"https:\/\/denizcankizil.tr\/de\/#\/schema\/logo\/image\/\"}}]}<\/script>\n<!-- \/ Yoast SEO Premium plugin. -->","yoast_head_json":{"title":"Denetimlerde ku\u015f u\u00e7urtmuyorlar! Zeytin ve zeytinya\u011f\u0131 i\u00e7in sahadalar - Av. Deniz Can K\u0131z\u0131l","robots":{"index":"index","follow":"follow","max-snippet":"max-snippet:-1","max-image-preview":"max-image-preview:large","max-video-preview":"max-video-preview:-1"},"canonical":"http:\/\/denizcankizil.tr\/en\/haberler\/gundem\/denetimlerde-kus-ucurtmuyorlar-zeytin-ve-zeytinyagi-icin-sahadalar\/","og_locale":"en_GB","og_type":"article","og_title":"Denetimlerde ku\u015f u\u00e7urtmuyorlar! Zeytin ve zeytinya\u011f\u0131 i\u00e7in sahadalar","og_description":"Mu\u011fla \u0130l Tar\u0131m ve Orman M\u00fcd\u00fcrl\u00fc\u011f\u00fc ekipleri, zeytin ve zeytinya\u011f\u0131 \u00fcretim ve sat\u0131\u015f\u0131 yap\u0131lan i\u015fletmelerde denetimler ger\u00e7ekle\u015ftirdi. Yap\u0131lan \u00e7al\u0131\u015fmalar kapsam\u0131nda, toplam 193 i\u015fletme kontrol edildi. Denetimler s\u0131ras\u0131nda al\u0131nan \u00fc\u00e7 numune, T\u00fcrk G\u0131da Kodeksi&#8217;ne uygunluk a\u00e7\u0131s\u0131ndan detayl\u0131 analiz i\u00e7in laboratuvara g\u00f6nderildi. Bu kontrollerle hem t\u00fcketicilerin sa\u011fl\u0131kl\u0131 ve g\u00fcvenilir g\u0131daya ula\u015fmas\u0131n\u0131n sa\u011flanmas\u0131 hem de zeytinya\u011f\u0131 \u00fcretiminde taklit ve ta\u011f\u015fi\u015fin \u00f6n\u00fcne ge\u00e7ilmesi hedefleniyor. ZEYT\u0130N VE ZEYT\u0130NYA\u011eINDA TAKL\u0130T VE TA\u011e\u015e\u0130\u015e\u0130 \u00d6NLEMEK \u0130\u00c7\u0130N SAHADALAR\u00a0 Tar\u0131m ve Orman M\u00fcd\u00fcrl\u00fc\u011f\u00fc\u2019nden yap\u0131lan a\u00e7\u0131klamada, \u201cVatanda\u015flar\u0131m\u0131z\u0131n g\u00fcvenilir ve sa\u011fl\u0131kl\u0131 g\u0131daya ula\u015fmas\u0131 i\u00e7in denetimlerimizi aral\u0131ks\u0131z s\u00fcrd\u00fcr\u00fcyoruz. Zeytinya\u011f\u0131, b\u00f6lgemizin \u00f6nemli tar\u0131m \u00fcr\u00fcnlerinden biri olup, bu k\u0131ymetli \u00fcr\u00fcn\u00fcn kalite ve g\u00fcvenilirli\u011fini korumak i\u00e7in sahaday\u0131z\u201d ifadelerine yer verildi. Mu\u011fla\u2019da ger\u00e7ekle\u015ftirilen denetimlerin, zeytin ve zeytinya\u011f\u0131 sekt\u00f6r\u00fcnde g\u00fcvenin art\u0131r\u0131lmas\u0131na ve b\u00f6lgedeki kaliteli \u00fcretimin devam\u0131na katk\u0131 sa\u011flamas\u0131 bekleniyor.\u00a0 \u00a0 \u00a0 \u00a0 \u00a0 \u00a0 \u00a0 \u00a0 \u00a0 \u00a0 \u00a0 \u00a0 \u00a0 \u00a0 \u00a0 \u00a0 \u00a0 \u00a0 \u00a0 \u00a0\u00a0 \u200bMu\u011fla&#8217;da zeytin ve zeytinya\u011f\u0131nda taklit ve ta\u011f\u015fi\u015fin \u00f6n\u00fcne ge\u00e7mek i\u00e7in denetimlerini s\u0131k\u0131la\u015ft\u0131ran \u0130l Tar\u0131m ve Orman M\u00fcd\u00fcrl\u00fc\u011f\u00fc, 193 i\u015fletmeyi kontrol etti.\u00a0 \u200bHaberin Al\u0131nt\u0131land\u0131\u011f\u0131 Kaynak: www.antalyakorfez.com","og_url":"http:\/\/denizcankizil.tr\/en\/haberler\/gundem\/denetimlerde-kus-ucurtmuyorlar-zeytin-ve-zeytinyagi-icin-sahadalar\/","og_site_name":"Av. Deniz Can K\u0131z\u0131l","article_published_time":"2024-11-20T06:41:36+00:00","twitter_card":"summary_large_image","twitter_misc":{"Estimated reading time":"1 minute"},"schema":{"@context":"https:\/\/schema.org","@graph":[{"@type":"Article","@id":"http:\/\/denizcankizil.tr\/de\/haberler\/gundem\/denetimlerde-kus-ucurtmuyorlar-zeytin-ve-zeytinyagi-icin-sahadalar\/#article","isPartOf":{"@id":"http:\/\/denizcankizil.tr\/de\/haberler\/gundem\/denetimlerde-kus-ucurtmuyorlar-zeytin-ve-zeytinyagi-icin-sahadalar\/"},"author":{"name":"","@id":""},"headline":"Denetimlerde ku\u015f u\u00e7urtmuyorlar! Zeytin ve zeytinya\u011f\u0131 i\u00e7in sahadalar","datePublished":"2024-11-20T06:41:36+00:00","mainEntityOfPage":{"@id":"http:\/\/denizcankizil.tr\/de\/haberler\/gundem\/denetimlerde-kus-ucurtmuyorlar-zeytin-ve-zeytinyagi-icin-sahadalar\/"},"wordCount":256,"commentCount":0,"publisher":{"@id":"https:\/\/denizcankizil.tr\/de\/#organization"},"articleSection":["G\u00fcndem","Uncategorized"],"inLanguage":"en-GB","potentialAction":[{"@type":"CommentAction","name":"Comment","target":["http:\/\/denizcankizil.tr\/de\/haberler\/gundem\/denetimlerde-kus-ucurtmuyorlar-zeytin-ve-zeytinyagi-icin-sahadalar\/#respond"]}]},{"@type":"WebPage","@id":"http:\/\/denizcankizil.tr\/de\/haberler\/gundem\/denetimlerde-kus-ucurtmuyorlar-zeytin-ve-zeytinyagi-icin-sahadalar\/","url":"http:\/\/denizcankizil.tr\/de\/haberler\/gundem\/denetimlerde-kus-ucurtmuyorlar-zeytin-ve-zeytinyagi-icin-sahadalar\/","name":"Denetimlerde ku\u015f u\u00e7urtmuyorlar! Zeytin ve zeytinya\u011f\u0131 i\u00e7in sahadalar - Av. Deniz Can K\u0131z\u0131l","isPartOf":{"@id":"https:\/\/denizcankizil.tr\/de\/#website"},"datePublished":"2024-11-20T06:41:36+00:00","breadcrumb":{"@id":"http:\/\/denizcankizil.tr\/de\/haberler\/gundem\/denetimlerde-kus-ucurtmuyorlar-zeytin-ve-zeytinyagi-icin-sahadalar\/#breadcrumb"},"inLanguage":"en-GB","potentialAction":[{"@type":"ReadAction","target":["http:\/\/denizcankizil.tr\/de\/haberler\/gundem\/denetimlerde-kus-ucurtmuyorlar-zeytin-ve-zeytinyagi-icin-sahadalar\/"]}]},{"@type":"BreadcrumbList","@id":"http:\/\/denizcankizil.tr\/de\/haberler\/gundem\/denetimlerde-kus-ucurtmuyorlar-zeytin-ve-zeytinyagi-icin-sahadalar\/#breadcrumb","itemListElement":[{"@type":"ListItem","position":1,"name":"Home","item":"https:\/\/denizcankizil.tr\/de\/"},{"@type":"ListItem","position":2,"name":"Denetimlerde ku\u015f u\u00e7urtmuyorlar! Zeytin ve zeytinya\u011f\u0131 i\u00e7in sahadalar"}]},{"@type":"WebSite","@id":"https:\/\/denizcankizil.tr\/de\/#website","url":"https:\/\/denizcankizil.tr\/de\/","name":"Av. Deniz Can K\u0131z\u0131l","description":"Avukat Deniz Can K\u0131z\u0131l Antalya Barosu","publisher":{"@id":"https:\/\/denizcankizil.tr\/de\/#organization"},"potentialAction":[{"@type":"SearchAction","target":{"@type":"EntryPoint","urlTemplate":"https:\/\/denizcankizil.tr\/de\/?s={search_term_string}"},"query-input":{"@type":"PropertyValueSpecification","valueRequired":true,"valueName":"search_term_string"}}],"inLanguage":"en-GB"},{"@type":"Organization","@id":"https:\/\/denizcankizil.tr\/de\/#organization","name":"Av. Deniz Can K\u0131z\u0131l","url":"https:\/\/denizcankizil.tr\/de\/","logo":{"@type":"ImageObject","inLanguage":"en-GB","@id":"https:\/\/denizcankizil.tr\/de\/#\/schema\/logo\/image\/","url":"http:\/\/denizcankizil.tr\/wp-content\/uploads\/2024\/10\/siyah-logo-svg.svg","contentUrl":"http:\/\/denizcankizil.tr\/wp-content\/uploads\/2024\/10\/siyah-logo-svg.svg","width":1080,"height":1080,"caption":"Av. Deniz Can K\u0131z\u0131l"},"image":{"@id":"https:\/\/denizcankizil.tr\/de\/#\/schema\/logo\/image\/"}}]}},"_links":{"self":[{"href":"http:\/\/denizcankizil.tr\/en\/wp-json\/wp\/v2\/posts\/16623","targetHints":{"allow":["GET"]}}],"collection":[{"href":"http:\/\/denizcankizil.tr\/en\/wp-json\/wp\/v2\/posts"}],"about":[{"href":"http:\/\/denizcankizil.tr\/en\/wp-json\/wp\/v2\/types\/post"}],"replies":[{"embeddable":true,"href":"http:\/\/denizcankizil.tr\/en\/wp-json\/wp\/v2\/comments?post=16623"}],"version-history":[{"count":0,"href":"http:\/\/denizcankizil.tr\/en\/wp-json\/wp\/v2\/posts\/16623\/revisions"}],"wp:attachment":[{"href":"http:\/\/denizcankizil.tr\/en\/wp-json\/wp\/v2\/media?parent=16623"}],"wp:term":[{"taxonomy":"category","embeddable":true,"href":"http:\/\/denizcankizil.tr\/en\/wp-json\/wp\/v2\/categories?post=16623"},{"taxonomy":"post_tag","embeddable":true,"href":"http:\/\/denizcankizil.tr\/en\/wp-json\/wp\/v2\/tags?post=16623"}],"curies":[{"name":"wp","href":"https:\/\/api.w.org\/{rel}","templated":true}]}}