{"id":1660,"date":"2024-10-12T03:12:44","date_gmt":"2024-10-12T03:12:44","guid":{"rendered":"https:\/\/denizcankizil.tr\/uncategorized\/bas-taci-buyuklerimiz-kitap-fuarina-konuk-oldu\/"},"modified":"2024-10-12T03:12:44","modified_gmt":"2024-10-12T03:12:44","slug":"bas-taci-buyuklerimiz-kitap-fuarina-konuk-oldu","status":"publish","type":"post","link":"http:\/\/denizcankizil.tr\/en\/haberler\/gundem\/bas-taci-buyuklerimiz-kitap-fuarina-konuk-oldu\/","title":{"rendered":"Ba\u015f tac\u0131 b\u00fcy\u00fcklerimiz Kitap Fuar\u0131&#8217;na konuk oldu"},"content":{"rendered":"<p>B\u00fcy\u00fck\u015fehir Belediyesi\u2019nin \u201cHayat\u0131n \u0130\u00e7indeyim\u201d Projesi kapsam\u0131nda yer alan 65 ya\u015f \u00fcst\u00fc vatanda\u015flar, 14. Kocaeli Kitap Fuar\u0131\u2019n\u0131 ziyaret etti<\/p>\n<p>\u200bB\u00fcy\u00fck\u015fehir Belediyesi\u2019nin \u201cHayat\u0131n \u0130\u00e7indeyim\u201d Projesi kapsam\u0131nda yer alan 65 ya\u015f \u00fcst\u00fc vatanda\u015flar, 14. Kocaeli Kitap Fuar\u0131\u2019n\u0131 ziyaret etti\u00a0<\/p>\n<p>\u200biskenderun<\/p>","protected":false},"excerpt":{"rendered":"<p>B\u00fcy\u00fck\u015fehir Belediyesi\u2019nin \u201cHayat\u0131n \u0130\u00e7indeyim\u201d Projesi kapsam\u0131nda yer alan 65 ya\u015f \u00fcst\u00fc vatanda\u015flar, 14. Kocaeli Kitap Fuar\u0131\u2019n\u0131 ziyaret etti \u200bB\u00fcy\u00fck\u015fehir Belediyesi\u2019nin \u201cHayat\u0131n \u0130\u00e7indeyim\u201d Projesi kapsam\u0131nda yer alan 65 ya\u015f \u00fcst\u00fc vatanda\u015flar, 14. Kocaeli Kitap Fuar\u0131\u2019n\u0131 ziyaret etti\u00a0 \u200biskenderun<\/p>","protected":false},"author":0,"featured_media":0,"comment_status":"open","ping_status":"open","sticky":false,"template":"","format":"standard","meta":{"_acf_changed":false,"footnotes":""},"categories":[24],"tags":[],"class_list":["post-1660","post","type-post","status-publish","format-standard","has-post-thumbnail","hentry","category-gundem"],"acf":[],"yoast_head":"<!-- This site is optimized with the Yoast SEO Premium plugin v26.6 (Yoast SEO v27.1.1) - https:\/\/yoast.com\/product\/yoast-seo-premium-wordpress\/ -->\n<title>Ba\u015f tac\u0131 b\u00fcy\u00fcklerimiz Kitap Fuar\u0131&#039;na konuk oldu - Av. Deniz Can K\u0131z\u0131l<\/title>\n<meta name=\"robots\" content=\"index, follow, max-snippet:-1, max-image-preview:large, max-video-preview:-1\" \/>\n<link rel=\"canonical\" href=\"http:\/\/denizcankizil.tr\/en\/haberler\/gundem\/bas-taci-buyuklerimiz-kitap-fuarina-konuk-oldu\/\" \/>\n<meta property=\"og:locale\" content=\"en_GB\" \/>\n<meta property=\"og:type\" content=\"article\" \/>\n<meta property=\"og:title\" content=\"Ba\u015f tac\u0131 b\u00fcy\u00fcklerimiz Kitap Fuar\u0131&#039;na konuk oldu\" \/>\n<meta property=\"og:description\" content=\"B\u00fcy\u00fck\u015fehir Belediyesi\u2019nin \u201cHayat\u0131n \u0130\u00e7indeyim\u201d Projesi kapsam\u0131nda yer alan 65 ya\u015f \u00fcst\u00fc vatanda\u015flar, 14. Kocaeli Kitap Fuar\u0131\u2019n\u0131 ziyaret etti \u200bB\u00fcy\u00fck\u015fehir Belediyesi\u2019nin \u201cHayat\u0131n \u0130\u00e7indeyim\u201d Projesi kapsam\u0131nda yer alan 65 ya\u015f \u00fcst\u00fc vatanda\u015flar, 14. Kocaeli Kitap Fuar\u0131\u2019n\u0131 ziyaret etti\u00a0 \u200biskenderun\" \/>\n<meta property=\"og:url\" content=\"http:\/\/denizcankizil.tr\/en\/haberler\/gundem\/bas-taci-buyuklerimiz-kitap-fuarina-konuk-oldu\/\" \/>\n<meta property=\"og:site_name\" content=\"Av. Deniz Can K\u0131z\u0131l\" \/>\n<meta property=\"article:published_time\" content=\"2024-10-12T03:12:44+00:00\" \/>\n<meta name=\"twitter:card\" content=\"summary_large_image\" \/>\n<script type=\"application\/ld+json\" class=\"yoast-schema-graph\">{\"@context\":\"https:\/\/schema.org\",\"@graph\":[{\"@type\":\"Article\",\"@id\":\"http:\/\/denizcankizil.tr\/ru\/haberler\/gundem\/bas-taci-buyuklerimiz-kitap-fuarina-konuk-oldu\/#article\",\"isPartOf\":{\"@id\":\"http:\/\/denizcankizil.tr\/ru\/haberler\/gundem\/bas-taci-buyuklerimiz-kitap-fuarina-konuk-oldu\/\"},\"author\":{\"name\":\"\",\"@id\":\"\"},\"headline\":\"Ba\u015f tac\u0131 b\u00fcy\u00fcklerimiz Kitap Fuar\u0131&#8217;na konuk oldu\",\"datePublished\":\"2024-10-12T03:12:44+00:00\",\"mainEntityOfPage\":{\"@id\":\"http:\/\/denizcankizil.tr\/ru\/haberler\/gundem\/bas-taci-buyuklerimiz-kitap-fuarina-konuk-oldu\/\"},\"wordCount\":59,\"commentCount\":0,\"publisher\":{\"@id\":\"https:\/\/denizcankizil.tr\/de\/#organization\"},\"articleSection\":[\"G\u00fcndem\"],\"inLanguage\":\"en-GB\",\"potentialAction\":[{\"@type\":\"CommentAction\",\"name\":\"Comment\",\"target\":[\"http:\/\/denizcankizil.tr\/ru\/haberler\/gundem\/bas-taci-buyuklerimiz-kitap-fuarina-konuk-oldu\/#respond\"]}]},{\"@type\":\"WebPage\",\"@id\":\"http:\/\/denizcankizil.tr\/ru\/haberler\/gundem\/bas-taci-buyuklerimiz-kitap-fuarina-konuk-oldu\/\",\"url\":\"http:\/\/denizcankizil.tr\/ru\/haberler\/gundem\/bas-taci-buyuklerimiz-kitap-fuarina-konuk-oldu\/\",\"name\":\"Ba\u015f tac\u0131 b\u00fcy\u00fcklerimiz Kitap Fuar\u0131'na konuk oldu - Av. Deniz Can K\u0131z\u0131l\",\"isPartOf\":{\"@id\":\"https:\/\/denizcankizil.tr\/de\/#website\"},\"datePublished\":\"2024-10-12T03:12:44+00:00\",\"breadcrumb\":{\"@id\":\"http:\/\/denizcankizil.tr\/ru\/haberler\/gundem\/bas-taci-buyuklerimiz-kitap-fuarina-konuk-oldu\/#breadcrumb\"},\"inLanguage\":\"en-GB\",\"potentialAction\":[{\"@type\":\"ReadAction\",\"target\":[\"http:\/\/denizcankizil.tr\/ru\/haberler\/gundem\/bas-taci-buyuklerimiz-kitap-fuarina-konuk-oldu\/\"]}]},{\"@type\":\"BreadcrumbList\",\"@id\":\"http:\/\/denizcankizil.tr\/ru\/haberler\/gundem\/bas-taci-buyuklerimiz-kitap-fuarina-konuk-oldu\/#breadcrumb\",\"itemListElement\":[{\"@type\":\"ListItem\",\"position\":1,\"name\":\"Home\",\"item\":\"https:\/\/denizcankizil.tr\/de\/\"},{\"@type\":\"ListItem\",\"position\":2,\"name\":\"Ba\u015f tac\u0131 b\u00fcy\u00fcklerimiz Kitap Fuar\u0131&#8217;na konuk oldu\"}]},{\"@type\":\"WebSite\",\"@id\":\"https:\/\/denizcankizil.tr\/de\/#website\",\"url\":\"https:\/\/denizcankizil.tr\/de\/\",\"name\":\"Av. Deniz Can K\u0131z\u0131l\",\"description\":\"Avukat Deniz Can K\u0131z\u0131l Antalya Barosu\",\"publisher\":{\"@id\":\"https:\/\/denizcankizil.tr\/de\/#organization\"},\"potentialAction\":[{\"@type\":\"SearchAction\",\"target\":{\"@type\":\"EntryPoint\",\"urlTemplate\":\"https:\/\/denizcankizil.tr\/de\/?s={search_term_string}\"},\"query-input\":{\"@type\":\"PropertyValueSpecification\",\"valueRequired\":true,\"valueName\":\"search_term_string\"}}],\"inLanguage\":\"en-GB\"},{\"@type\":\"Organization\",\"@id\":\"https:\/\/denizcankizil.tr\/de\/#organization\",\"name\":\"Av. Deniz Can K\u0131z\u0131l\",\"url\":\"https:\/\/denizcankizil.tr\/de\/\",\"logo\":{\"@type\":\"ImageObject\",\"inLanguage\":\"en-GB\",\"@id\":\"https:\/\/denizcankizil.tr\/de\/#\/schema\/logo\/image\/\",\"url\":\"http:\/\/denizcankizil.tr\/wp-content\/uploads\/2024\/10\/siyah-logo-svg.svg\",\"contentUrl\":\"http:\/\/denizcankizil.tr\/wp-content\/uploads\/2024\/10\/siyah-logo-svg.svg\",\"width\":1080,\"height\":1080,\"caption\":\"Av. Deniz Can K\u0131z\u0131l\"},\"image\":{\"@id\":\"https:\/\/denizcankizil.tr\/de\/#\/schema\/logo\/image\/\"}}]}<\/script>\n<!-- \/ Yoast SEO Premium plugin. -->","yoast_head_json":{"title":"Ba\u015f tac\u0131 b\u00fcy\u00fcklerimiz Kitap Fuar\u0131'na konuk oldu - Av. Deniz Can K\u0131z\u0131l","robots":{"index":"index","follow":"follow","max-snippet":"max-snippet:-1","max-image-preview":"max-image-preview:large","max-video-preview":"max-video-preview:-1"},"canonical":"http:\/\/denizcankizil.tr\/en\/haberler\/gundem\/bas-taci-buyuklerimiz-kitap-fuarina-konuk-oldu\/","og_locale":"en_GB","og_type":"article","og_title":"Ba\u015f tac\u0131 b\u00fcy\u00fcklerimiz Kitap Fuar\u0131'na konuk oldu","og_description":"B\u00fcy\u00fck\u015fehir Belediyesi\u2019nin \u201cHayat\u0131n \u0130\u00e7indeyim\u201d Projesi kapsam\u0131nda yer alan 65 ya\u015f \u00fcst\u00fc vatanda\u015flar, 14. Kocaeli Kitap Fuar\u0131\u2019n\u0131 ziyaret etti \u200bB\u00fcy\u00fck\u015fehir Belediyesi\u2019nin \u201cHayat\u0131n \u0130\u00e7indeyim\u201d Projesi kapsam\u0131nda yer alan 65 ya\u015f \u00fcst\u00fc vatanda\u015flar, 14. Kocaeli Kitap Fuar\u0131\u2019n\u0131 ziyaret etti\u00a0 \u200biskenderun","og_url":"http:\/\/denizcankizil.tr\/en\/haberler\/gundem\/bas-taci-buyuklerimiz-kitap-fuarina-konuk-oldu\/","og_site_name":"Av. Deniz Can K\u0131z\u0131l","article_published_time":"2024-10-12T03:12:44+00:00","twitter_card":"summary_large_image","schema":{"@context":"https:\/\/schema.org","@graph":[{"@type":"Article","@id":"http:\/\/denizcankizil.tr\/ru\/haberler\/gundem\/bas-taci-buyuklerimiz-kitap-fuarina-konuk-oldu\/#article","isPartOf":{"@id":"http:\/\/denizcankizil.tr\/ru\/haberler\/gundem\/bas-taci-buyuklerimiz-kitap-fuarina-konuk-oldu\/"},"author":{"name":"","@id":""},"headline":"Ba\u015f tac\u0131 b\u00fcy\u00fcklerimiz Kitap Fuar\u0131&#8217;na konuk oldu","datePublished":"2024-10-12T03:12:44+00:00","mainEntityOfPage":{"@id":"http:\/\/denizcankizil.tr\/ru\/haberler\/gundem\/bas-taci-buyuklerimiz-kitap-fuarina-konuk-oldu\/"},"wordCount":59,"commentCount":0,"publisher":{"@id":"https:\/\/denizcankizil.tr\/de\/#organization"},"articleSection":["G\u00fcndem"],"inLanguage":"en-GB","potentialAction":[{"@type":"CommentAction","name":"Comment","target":["http:\/\/denizcankizil.tr\/ru\/haberler\/gundem\/bas-taci-buyuklerimiz-kitap-fuarina-konuk-oldu\/#respond"]}]},{"@type":"WebPage","@id":"http:\/\/denizcankizil.tr\/ru\/haberler\/gundem\/bas-taci-buyuklerimiz-kitap-fuarina-konuk-oldu\/","url":"http:\/\/denizcankizil.tr\/ru\/haberler\/gundem\/bas-taci-buyuklerimiz-kitap-fuarina-konuk-oldu\/","name":"Ba\u015f tac\u0131 b\u00fcy\u00fcklerimiz Kitap Fuar\u0131'na konuk oldu - Av. Deniz Can K\u0131z\u0131l","isPartOf":{"@id":"https:\/\/denizcankizil.tr\/de\/#website"},"datePublished":"2024-10-12T03:12:44+00:00","breadcrumb":{"@id":"http:\/\/denizcankizil.tr\/ru\/haberler\/gundem\/bas-taci-buyuklerimiz-kitap-fuarina-konuk-oldu\/#breadcrumb"},"inLanguage":"en-GB","potentialAction":[{"@type":"ReadAction","target":["http:\/\/denizcankizil.tr\/ru\/haberler\/gundem\/bas-taci-buyuklerimiz-kitap-fuarina-konuk-oldu\/"]}]},{"@type":"BreadcrumbList","@id":"http:\/\/denizcankizil.tr\/ru\/haberler\/gundem\/bas-taci-buyuklerimiz-kitap-fuarina-konuk-oldu\/#breadcrumb","itemListElement":[{"@type":"ListItem","position":1,"name":"Home","item":"https:\/\/denizcankizil.tr\/de\/"},{"@type":"ListItem","position":2,"name":"Ba\u015f tac\u0131 b\u00fcy\u00fcklerimiz Kitap Fuar\u0131&#8217;na konuk oldu"}]},{"@type":"WebSite","@id":"https:\/\/denizcankizil.tr\/de\/#website","url":"https:\/\/denizcankizil.tr\/de\/","name":"Av. Deniz Can K\u0131z\u0131l","description":"Avukat Deniz Can K\u0131z\u0131l Antalya Barosu","publisher":{"@id":"https:\/\/denizcankizil.tr\/de\/#organization"},"potentialAction":[{"@type":"SearchAction","target":{"@type":"EntryPoint","urlTemplate":"https:\/\/denizcankizil.tr\/de\/?s={search_term_string}"},"query-input":{"@type":"PropertyValueSpecification","valueRequired":true,"valueName":"search_term_string"}}],"inLanguage":"en-GB"},{"@type":"Organization","@id":"https:\/\/denizcankizil.tr\/de\/#organization","name":"Av. Deniz Can K\u0131z\u0131l","url":"https:\/\/denizcankizil.tr\/de\/","logo":{"@type":"ImageObject","inLanguage":"en-GB","@id":"https:\/\/denizcankizil.tr\/de\/#\/schema\/logo\/image\/","url":"http:\/\/denizcankizil.tr\/wp-content\/uploads\/2024\/10\/siyah-logo-svg.svg","contentUrl":"http:\/\/denizcankizil.tr\/wp-content\/uploads\/2024\/10\/siyah-logo-svg.svg","width":1080,"height":1080,"caption":"Av. Deniz Can K\u0131z\u0131l"},"image":{"@id":"https:\/\/denizcankizil.tr\/de\/#\/schema\/logo\/image\/"}}]}},"_links":{"self":[{"href":"http:\/\/denizcankizil.tr\/en\/wp-json\/wp\/v2\/posts\/1660","targetHints":{"allow":["GET"]}}],"collection":[{"href":"http:\/\/denizcankizil.tr\/en\/wp-json\/wp\/v2\/posts"}],"about":[{"href":"http:\/\/denizcankizil.tr\/en\/wp-json\/wp\/v2\/types\/post"}],"replies":[{"embeddable":true,"href":"http:\/\/denizcankizil.tr\/en\/wp-json\/wp\/v2\/comments?post=1660"}],"version-history":[{"count":0,"href":"http:\/\/denizcankizil.tr\/en\/wp-json\/wp\/v2\/posts\/1660\/revisions"}],"wp:attachment":[{"href":"http:\/\/denizcankizil.tr\/en\/wp-json\/wp\/v2\/media?parent=1660"}],"wp:term":[{"taxonomy":"category","embeddable":true,"href":"http:\/\/denizcankizil.tr\/en\/wp-json\/wp\/v2\/categories?post=1660"},{"taxonomy":"post_tag","embeddable":true,"href":"http:\/\/denizcankizil.tr\/en\/wp-json\/wp\/v2\/tags?post=1660"}],"curies":[{"name":"wp","href":"https:\/\/api.w.org\/{rel}","templated":true}]}}