{"id":16428,"date":"2024-11-18T18:41:32","date_gmt":"2024-11-18T15:41:32","guid":{"rendered":"https:\/\/denizcankizil.tr\/uncategorized-tr\/aesob-ile-antalya-ptt-bas-mudurlugu-arasinda-protokol\/"},"modified":"2024-11-18T18:41:32","modified_gmt":"2024-11-18T15:41:32","slug":"aesob-ile-antalya-ptt-bas-mudurlugu-arasinda-protokol","status":"publish","type":"post","link":"http:\/\/denizcankizil.tr\/en\/haberler\/antalya\/aesob-ile-antalya-ptt-bas-mudurlugu-arasinda-protokol\/","title":{"rendered":"AESOB ile Antalya PTT Ba\u015f M\u00fcd\u00fcrl\u00fc\u011f\u00fc aras\u0131nda protokol"},"content":{"rendered":"<p>AESOB Ba\u015fkan\u0131 Adl\u0131han Dere ve Antalya PTT Ba\u015fm\u00fcd\u00fcr\u00fc Sefa \u0130nce&#8217;nin kat\u0131l\u0131m\u0131yla ger\u00e7ekle\u015ftirilen imza t\u00f6reninde, Antalya&#8217;daki esnaf ve sanatk\u00e2r odalar\u0131na y\u00f6nelik \u00f6zel indirimleri kapsayan protokol detaylar\u0131 a\u00e7\u0131kland\u0131.<br \/>\nBu i\u015fbirli\u011fi protokol\u00fc kapsam\u0131nda; 18 Kas\u0131m 2024 &#8211; 17 May\u0131s 2025 tarihleri aras\u0131nda yap\u0131lacak olan t\u00fcm APS Kurye, Posta Kargosu ve Kargo Hizmetlerinde indirimli yeni fiyat tarifesi uygulanacakt\u0131r. Tarifeler bug\u00fcn itibariyle PTT sistemine tan\u0131mland\u0131. Antalya Esnaf ve Sanatkarlar Odalar\u0131 Birli\u011fi&#8217;ne ba\u011fl\u0131 toplam 75 esnaf odas\u0131n\u0131n birli\u011fe yapaca\u011f\u0131 g\u00f6nderiler daha \u00f6nceki uygulad\u0131\u011f\u0131 hali ile Birlik hizmet binas\u0131nda bulunan PTT Gi\u015fe \u0130\u015flemleri Masas\u0131&#8217;ndan ve t\u00fcm PTT \u015fubelerinden yap\u0131lmas\u0131 m\u00fcmk\u00fcn olacak. Ayr\u0131ca PTT Antalya Ba\u015fm\u00fcd\u00fcrl\u00fc\u011f\u00fcnce esnaf odalar\u0131na gerekli tan\u0131mlamalar yap\u0131larak odalar\u0131n farkl\u0131 adreslere g\u00f6nderdi\u011fi t\u00fcm kargo ve posta iletileri protokol kapsam\u0131nda indirimli tarifeden uygulanacakt\u0131r.<br \/>\nAntalya Esnaf ve Sanatk\u00e2rlar Odalar\u0131 Birli\u011fi Ba\u015fkan\u0131 Adl\u0131han Dere bu i\u015f birli\u011finin Birli\u011fe ba\u011fl\u0131 esnaf odalar\u0131na b\u00fcy\u00fck avantajlar sunaca\u011f\u0131n\u0131 belirterek hay\u0131rl\u0131 u\u011furlu olmas\u0131 temennisinde bulundu.<br \/>\nDere, \u201cB\u00f6yle g\u00fczel bir i\u015fbirli\u011fini hayata ge\u00e7irmekten b\u00fcy\u00fck mutluluk duyuyoruz. Bu protokol, Birli\u011fimizin ve Esnaf Odalar\u0131m\u0131z\u0131n i\u015flerini daha ekonomik ve verimli bir \u015fekilde y\u00fcr\u00fctmelerine katk\u0131 sa\u011flayacak. Bu projenin mimarlar\u0131ndan biri olan PTT Ba\u015f M\u00fcd\u00fcr\u00fcm\u00fcz Say\u0131n Sefa \u0130nce&#8217;ye \u015fahs\u0131m ve Birli\u011fim ad\u0131na te\u015fekk\u00fcr ediyorum. Projemiz hay\u0131rl\u0131 u\u011furlu olsun. \u0130n\u015fallah bundan sonra da farkl\u0131 projelerle bir araya gelerek \u00e7al\u0131\u015fmalar\u0131m\u0131za devam edece\u011fiz\u201d dedi.<\/p>\n<p>Antalya PTT Ba\u015fm\u00fcd\u00fcr\u00fc Sefa \u0130nce ise konu\u015fmas\u0131nda \u201cAESOB Ba\u015fkan\u0131m\u0131z Adl\u0131han Dere ile b\u00f6yle g\u00fczel projelere imza atmaktan onur duyuyoruz. Bu i\u015fbirli\u011fi esnaf odalar\u0131na b\u00fcy\u00fck kolayl\u0131k ve tasarruf sa\u011flayacak. PTT olarak her zaman yan\u0131n\u0131zday\u0131z\u201d ifadelerini kulland\u0131.<br \/>\nAESOB ile Antalya PTT Ba\u015fm\u00fcd\u00fcrl\u00fc\u011f\u00fc aras\u0131nda ger\u00e7ekle\u015ftirilen daha \u00f6nceki i\u015fbirli\u011fi \u00e7al\u0131\u015fmalar\u0131 kapsam\u0131nda AESOB Hizmet Binas\u0131nda PTT Gi\u015fe \u0130\u015flemleri Masas\u0131 kurulmu\u015ftu. PTT Gi\u015fe \u0130\u015flemleri Masas\u0131 AESOB \u00e7at\u0131s\u0131 alt\u0131nda hafta i\u00e7i her g\u00fcn esnaf ve sanatkarlara hizmet vermeye devam ediyor. Antalya Esnaf ve Sanatk\u00e2rlar Odalar\u0131 Birli\u011fi&#8217;nde esnaf ve sanatkarlar PTT \u015fubelerinde sa\u011flanan t\u00fcm hizmetlerden ayn\u0131 \u015fekilde yararlanabiliyor.<br \/>\nAESOB Ba\u015fkan\u0131 Adl\u0131han Dere ve PTT Ba\u015fm\u00fcd\u00fcr\u00fc Sefa \u0130nce esnaf ve sanatkara fayda sa\u011flayan bu tarz i\u015fbirli\u011fi \u00e7al\u0131\u015fmalar\u0131n\u0131n devam edece\u011finin teminat\u0131n\u0131 verdi.<\/p>\n<p>Kaynak: www.kanalv.com.tr Haber Sitesinden Al\u0131nm\u0131\u015ft\u0131r.<\/p>","protected":false},"excerpt":{"rendered":"<p>AESOB Ba\u015fkan\u0131 Adl\u0131han Dere ve Antalya PTT Ba\u015fm\u00fcd\u00fcr\u00fc Sefa \u0130nce&#8217;nin kat\u0131l\u0131m\u0131yla ger\u00e7ekle\u015ftirilen imza t\u00f6reninde, Antalya&#8217;daki esnaf ve sanatk\u00e2r odalar\u0131na y\u00f6nelik \u00f6zel indirimleri kapsayan protokol detaylar\u0131 a\u00e7\u0131kland\u0131. Bu i\u015fbirli\u011fi protokol\u00fc kapsam\u0131nda; 18 Kas\u0131m 2024 &#8211; 17 May\u0131s 2025 tarihleri aras\u0131nda yap\u0131lacak olan t\u00fcm APS Kurye, Posta Kargosu ve Kargo Hizmetlerinde indirimli yeni fiyat tarifesi uygulanacakt\u0131r. Tarifeler bug\u00fcn itibariyle PTT sistemine tan\u0131mland\u0131. Antalya Esnaf ve Sanatkarlar Odalar\u0131 Birli\u011fi&#8217;ne ba\u011fl\u0131 toplam 75 esnaf odas\u0131n\u0131n birli\u011fe yapaca\u011f\u0131 g\u00f6nderiler daha \u00f6nceki uygulad\u0131\u011f\u0131 hali ile Birlik hizmet binas\u0131nda bulunan PTT Gi\u015fe \u0130\u015flemleri Masas\u0131&#8217;ndan ve t\u00fcm PTT \u015fubelerinden yap\u0131lmas\u0131 m\u00fcmk\u00fcn olacak. Ayr\u0131ca PTT Antalya Ba\u015fm\u00fcd\u00fcrl\u00fc\u011f\u00fcnce esnaf odalar\u0131na gerekli tan\u0131mlamalar yap\u0131larak odalar\u0131n farkl\u0131 adreslere g\u00f6nderdi\u011fi t\u00fcm kargo ve posta iletileri protokol kapsam\u0131nda indirimli tarifeden uygulanacakt\u0131r. Antalya Esnaf ve Sanatk\u00e2rlar Odalar\u0131 Birli\u011fi Ba\u015fkan\u0131 Adl\u0131han Dere bu i\u015f birli\u011finin Birli\u011fe ba\u011fl\u0131 esnaf odalar\u0131na b\u00fcy\u00fck avantajlar sunaca\u011f\u0131n\u0131 belirterek hay\u0131rl\u0131 u\u011furlu olmas\u0131 temennisinde bulundu. Dere, \u201cB\u00f6yle g\u00fczel bir i\u015fbirli\u011fini hayata ge\u00e7irmekten b\u00fcy\u00fck mutluluk duyuyoruz. Bu protokol, Birli\u011fimizin ve Esnaf Odalar\u0131m\u0131z\u0131n i\u015flerini daha ekonomik ve verimli bir \u015fekilde y\u00fcr\u00fctmelerine katk\u0131 sa\u011flayacak. Bu projenin mimarlar\u0131ndan biri olan PTT Ba\u015f M\u00fcd\u00fcr\u00fcm\u00fcz Say\u0131n Sefa \u0130nce&#8217;ye \u015fahs\u0131m ve Birli\u011fim ad\u0131na te\u015fekk\u00fcr ediyorum. Projemiz hay\u0131rl\u0131 u\u011furlu olsun. \u0130n\u015fallah bundan sonra da farkl\u0131 projelerle bir araya gelerek \u00e7al\u0131\u015fmalar\u0131m\u0131za devam &hellip;<\/p>","protected":false},"author":0,"featured_media":16429,"comment_status":"open","ping_status":"open","sticky":false,"template":"","format":"standard","meta":{"_acf_changed":false,"footnotes":""},"categories":[26,535],"tags":[],"class_list":["post-16428","post","type-post","status-publish","format-standard","has-post-thumbnail","hentry","category-antalya","category-uncategorized-tr"],"acf":[],"yoast_head":"<!-- This site is optimized with the Yoast SEO Premium plugin v26.6 (Yoast SEO v27.1.1) - https:\/\/yoast.com\/product\/yoast-seo-premium-wordpress\/ -->\n<title>AESOB ile Antalya PTT Ba\u015f M\u00fcd\u00fcrl\u00fc\u011f\u00fc aras\u0131nda protokol - Av. Deniz Can K\u0131z\u0131l<\/title>\n<meta name=\"robots\" content=\"index, follow, max-snippet:-1, max-image-preview:large, max-video-preview:-1\" \/>\n<link rel=\"canonical\" href=\"http:\/\/denizcankizil.tr\/en\/haberler\/antalya\/aesob-ile-antalya-ptt-bas-mudurlugu-arasinda-protokol\/\" \/>\n<meta property=\"og:locale\" content=\"en_GB\" \/>\n<meta property=\"og:type\" content=\"article\" \/>\n<meta property=\"og:title\" content=\"AESOB ile Antalya PTT Ba\u015f M\u00fcd\u00fcrl\u00fc\u011f\u00fc aras\u0131nda protokol\" \/>\n<meta property=\"og:description\" content=\"AESOB Ba\u015fkan\u0131 Adl\u0131han Dere ve Antalya PTT Ba\u015fm\u00fcd\u00fcr\u00fc Sefa \u0130nce&#8217;nin kat\u0131l\u0131m\u0131yla ger\u00e7ekle\u015ftirilen imza t\u00f6reninde, Antalya&#8217;daki esnaf ve sanatk\u00e2r odalar\u0131na y\u00f6nelik \u00f6zel indirimleri kapsayan protokol detaylar\u0131 a\u00e7\u0131kland\u0131. Bu i\u015fbirli\u011fi protokol\u00fc kapsam\u0131nda; 18 Kas\u0131m 2024 &#8211; 17 May\u0131s 2025 tarihleri aras\u0131nda yap\u0131lacak olan t\u00fcm APS Kurye, Posta Kargosu ve Kargo Hizmetlerinde indirimli yeni fiyat tarifesi uygulanacakt\u0131r. Tarifeler bug\u00fcn itibariyle PTT sistemine tan\u0131mland\u0131. Antalya Esnaf ve Sanatkarlar Odalar\u0131 Birli\u011fi&#8217;ne ba\u011fl\u0131 toplam 75 esnaf odas\u0131n\u0131n birli\u011fe yapaca\u011f\u0131 g\u00f6nderiler daha \u00f6nceki uygulad\u0131\u011f\u0131 hali ile Birlik hizmet binas\u0131nda bulunan PTT Gi\u015fe \u0130\u015flemleri Masas\u0131&#8217;ndan ve t\u00fcm PTT \u015fubelerinden yap\u0131lmas\u0131 m\u00fcmk\u00fcn olacak. Ayr\u0131ca PTT Antalya Ba\u015fm\u00fcd\u00fcrl\u00fc\u011f\u00fcnce esnaf odalar\u0131na gerekli tan\u0131mlamalar yap\u0131larak odalar\u0131n farkl\u0131 adreslere g\u00f6nderdi\u011fi t\u00fcm kargo ve posta iletileri protokol kapsam\u0131nda indirimli tarifeden uygulanacakt\u0131r. Antalya Esnaf ve Sanatk\u00e2rlar Odalar\u0131 Birli\u011fi Ba\u015fkan\u0131 Adl\u0131han Dere bu i\u015f birli\u011finin Birli\u011fe ba\u011fl\u0131 esnaf odalar\u0131na b\u00fcy\u00fck avantajlar sunaca\u011f\u0131n\u0131 belirterek hay\u0131rl\u0131 u\u011furlu olmas\u0131 temennisinde bulundu. Dere, \u201cB\u00f6yle g\u00fczel bir i\u015fbirli\u011fini hayata ge\u00e7irmekten b\u00fcy\u00fck mutluluk duyuyoruz. Bu protokol, Birli\u011fimizin ve Esnaf Odalar\u0131m\u0131z\u0131n i\u015flerini daha ekonomik ve verimli bir \u015fekilde y\u00fcr\u00fctmelerine katk\u0131 sa\u011flayacak. Bu projenin mimarlar\u0131ndan biri olan PTT Ba\u015f M\u00fcd\u00fcr\u00fcm\u00fcz Say\u0131n Sefa \u0130nce&#8217;ye \u015fahs\u0131m ve Birli\u011fim ad\u0131na te\u015fekk\u00fcr ediyorum. Projemiz hay\u0131rl\u0131 u\u011furlu olsun. \u0130n\u015fallah bundan sonra da farkl\u0131 projelerle bir araya gelerek \u00e7al\u0131\u015fmalar\u0131m\u0131za devam &hellip;\" \/>\n<meta property=\"og:url\" content=\"http:\/\/denizcankizil.tr\/en\/haberler\/antalya\/aesob-ile-antalya-ptt-bas-mudurlugu-arasinda-protokol\/\" \/>\n<meta property=\"og:site_name\" content=\"Av. Deniz Can K\u0131z\u0131l\" \/>\n<meta property=\"article:published_time\" content=\"2024-11-18T15:41:32+00:00\" \/>\n<meta property=\"og:image\" content=\"http:\/\/denizcankizil.tr\/wp-content\/uploads\/2024\/11\/3143-01-NhWOLH.jpeg\" \/>\n\t<meta property=\"og:image:width\" content=\"1280\" \/>\n\t<meta property=\"og:image:height\" content=\"720\" \/>\n\t<meta property=\"og:image:type\" content=\"image\/jpeg\" \/>\n<meta name=\"twitter:card\" content=\"summary_large_image\" \/>\n<meta name=\"twitter:label1\" content=\"Estimated reading time\" \/>\n\t<meta name=\"twitter:data1\" content=\"2 minutes\" \/>\n<script type=\"application\/ld+json\" class=\"yoast-schema-graph\">{\"@context\":\"https:\/\/schema.org\",\"@graph\":[{\"@type\":\"Article\",\"@id\":\"http:\/\/denizcankizil.tr\/en\/haberler\/antalya\/aesob-ile-antalya-ptt-bas-mudurlugu-arasinda-protokol\/#article\",\"isPartOf\":{\"@id\":\"http:\/\/denizcankizil.tr\/en\/haberler\/antalya\/aesob-ile-antalya-ptt-bas-mudurlugu-arasinda-protokol\/\"},\"author\":{\"name\":\"\",\"@id\":\"\"},\"headline\":\"AESOB ile Antalya PTT Ba\u015f M\u00fcd\u00fcrl\u00fc\u011f\u00fc aras\u0131nda protokol\",\"datePublished\":\"2024-11-18T15:41:32+00:00\",\"mainEntityOfPage\":{\"@id\":\"http:\/\/denizcankizil.tr\/en\/haberler\/antalya\/aesob-ile-antalya-ptt-bas-mudurlugu-arasinda-protokol\/\"},\"wordCount\":491,\"commentCount\":0,\"publisher\":{\"@id\":\"https:\/\/denizcankizil.tr\/de\/#organization\"},\"image\":{\"@id\":\"http:\/\/denizcankizil.tr\/en\/haberler\/antalya\/aesob-ile-antalya-ptt-bas-mudurlugu-arasinda-protokol\/#primaryimage\"},\"thumbnailUrl\":\"http:\/\/denizcankizil.tr\/wp-content\/uploads\/2024\/11\/3143-01-NhWOLH.jpeg\",\"articleSection\":[\"Antalya\",\"Uncategorized\"],\"inLanguage\":\"en-GB\",\"potentialAction\":[{\"@type\":\"CommentAction\",\"name\":\"Comment\",\"target\":[\"http:\/\/denizcankizil.tr\/en\/haberler\/antalya\/aesob-ile-antalya-ptt-bas-mudurlugu-arasinda-protokol\/#respond\"]}]},{\"@type\":\"WebPage\",\"@id\":\"http:\/\/denizcankizil.tr\/en\/haberler\/antalya\/aesob-ile-antalya-ptt-bas-mudurlugu-arasinda-protokol\/\",\"url\":\"http:\/\/denizcankizil.tr\/en\/haberler\/antalya\/aesob-ile-antalya-ptt-bas-mudurlugu-arasinda-protokol\/\",\"name\":\"AESOB ile Antalya PTT Ba\u015f M\u00fcd\u00fcrl\u00fc\u011f\u00fc aras\u0131nda protokol - Av. Deniz Can K\u0131z\u0131l\",\"isPartOf\":{\"@id\":\"https:\/\/denizcankizil.tr\/de\/#website\"},\"primaryImageOfPage\":{\"@id\":\"http:\/\/denizcankizil.tr\/en\/haberler\/antalya\/aesob-ile-antalya-ptt-bas-mudurlugu-arasinda-protokol\/#primaryimage\"},\"image\":{\"@id\":\"http:\/\/denizcankizil.tr\/en\/haberler\/antalya\/aesob-ile-antalya-ptt-bas-mudurlugu-arasinda-protokol\/#primaryimage\"},\"thumbnailUrl\":\"http:\/\/denizcankizil.tr\/wp-content\/uploads\/2024\/11\/3143-01-NhWOLH.jpeg\",\"datePublished\":\"2024-11-18T15:41:32+00:00\",\"breadcrumb\":{\"@id\":\"http:\/\/denizcankizil.tr\/en\/haberler\/antalya\/aesob-ile-antalya-ptt-bas-mudurlugu-arasinda-protokol\/#breadcrumb\"},\"inLanguage\":\"en-GB\",\"potentialAction\":[{\"@type\":\"ReadAction\",\"target\":[\"http:\/\/denizcankizil.tr\/en\/haberler\/antalya\/aesob-ile-antalya-ptt-bas-mudurlugu-arasinda-protokol\/\"]}]},{\"@type\":\"ImageObject\",\"inLanguage\":\"en-GB\",\"@id\":\"http:\/\/denizcankizil.tr\/en\/haberler\/antalya\/aesob-ile-antalya-ptt-bas-mudurlugu-arasinda-protokol\/#primaryimage\",\"url\":\"http:\/\/denizcankizil.tr\/wp-content\/uploads\/2024\/11\/3143-01-NhWOLH.jpeg\",\"contentUrl\":\"http:\/\/denizcankizil.tr\/wp-content\/uploads\/2024\/11\/3143-01-NhWOLH.jpeg\",\"width\":1280,\"height\":720},{\"@type\":\"BreadcrumbList\",\"@id\":\"http:\/\/denizcankizil.tr\/en\/haberler\/antalya\/aesob-ile-antalya-ptt-bas-mudurlugu-arasinda-protokol\/#breadcrumb\",\"itemListElement\":[{\"@type\":\"ListItem\",\"position\":1,\"name\":\"Home\",\"item\":\"https:\/\/denizcankizil.tr\/de\/\"},{\"@type\":\"ListItem\",\"position\":2,\"name\":\"AESOB ile Antalya PTT Ba\u015f M\u00fcd\u00fcrl\u00fc\u011f\u00fc aras\u0131nda protokol\"}]},{\"@type\":\"WebSite\",\"@id\":\"https:\/\/denizcankizil.tr\/de\/#website\",\"url\":\"https:\/\/denizcankizil.tr\/de\/\",\"name\":\"Av. Deniz Can K\u0131z\u0131l\",\"description\":\"Avukat Deniz Can K\u0131z\u0131l Antalya Barosu\",\"publisher\":{\"@id\":\"https:\/\/denizcankizil.tr\/de\/#organization\"},\"potentialAction\":[{\"@type\":\"SearchAction\",\"target\":{\"@type\":\"EntryPoint\",\"urlTemplate\":\"https:\/\/denizcankizil.tr\/de\/?s={search_term_string}\"},\"query-input\":{\"@type\":\"PropertyValueSpecification\",\"valueRequired\":true,\"valueName\":\"search_term_string\"}}],\"inLanguage\":\"en-GB\"},{\"@type\":\"Organization\",\"@id\":\"https:\/\/denizcankizil.tr\/de\/#organization\",\"name\":\"Av. Deniz Can K\u0131z\u0131l\",\"url\":\"https:\/\/denizcankizil.tr\/de\/\",\"logo\":{\"@type\":\"ImageObject\",\"inLanguage\":\"en-GB\",\"@id\":\"https:\/\/denizcankizil.tr\/de\/#\/schema\/logo\/image\/\",\"url\":\"http:\/\/denizcankizil.tr\/wp-content\/uploads\/2024\/10\/siyah-logo-svg.svg\",\"contentUrl\":\"http:\/\/denizcankizil.tr\/wp-content\/uploads\/2024\/10\/siyah-logo-svg.svg\",\"width\":1080,\"height\":1080,\"caption\":\"Av. Deniz Can K\u0131z\u0131l\"},\"image\":{\"@id\":\"https:\/\/denizcankizil.tr\/de\/#\/schema\/logo\/image\/\"}}]}<\/script>\n<!-- \/ Yoast SEO Premium plugin. -->","yoast_head_json":{"title":"AESOB ile Antalya PTT Ba\u015f M\u00fcd\u00fcrl\u00fc\u011f\u00fc aras\u0131nda protokol - Av. Deniz Can K\u0131z\u0131l","robots":{"index":"index","follow":"follow","max-snippet":"max-snippet:-1","max-image-preview":"max-image-preview:large","max-video-preview":"max-video-preview:-1"},"canonical":"http:\/\/denizcankizil.tr\/en\/haberler\/antalya\/aesob-ile-antalya-ptt-bas-mudurlugu-arasinda-protokol\/","og_locale":"en_GB","og_type":"article","og_title":"AESOB ile Antalya PTT Ba\u015f M\u00fcd\u00fcrl\u00fc\u011f\u00fc aras\u0131nda protokol","og_description":"AESOB Ba\u015fkan\u0131 Adl\u0131han Dere ve Antalya PTT Ba\u015fm\u00fcd\u00fcr\u00fc Sefa \u0130nce&#8217;nin kat\u0131l\u0131m\u0131yla ger\u00e7ekle\u015ftirilen imza t\u00f6reninde, Antalya&#8217;daki esnaf ve sanatk\u00e2r odalar\u0131na y\u00f6nelik \u00f6zel indirimleri kapsayan protokol detaylar\u0131 a\u00e7\u0131kland\u0131. Bu i\u015fbirli\u011fi protokol\u00fc kapsam\u0131nda; 18 Kas\u0131m 2024 &#8211; 17 May\u0131s 2025 tarihleri aras\u0131nda yap\u0131lacak olan t\u00fcm APS Kurye, Posta Kargosu ve Kargo Hizmetlerinde indirimli yeni fiyat tarifesi uygulanacakt\u0131r. Tarifeler bug\u00fcn itibariyle PTT sistemine tan\u0131mland\u0131. Antalya Esnaf ve Sanatkarlar Odalar\u0131 Birli\u011fi&#8217;ne ba\u011fl\u0131 toplam 75 esnaf odas\u0131n\u0131n birli\u011fe yapaca\u011f\u0131 g\u00f6nderiler daha \u00f6nceki uygulad\u0131\u011f\u0131 hali ile Birlik hizmet binas\u0131nda bulunan PTT Gi\u015fe \u0130\u015flemleri Masas\u0131&#8217;ndan ve t\u00fcm PTT \u015fubelerinden yap\u0131lmas\u0131 m\u00fcmk\u00fcn olacak. Ayr\u0131ca PTT Antalya Ba\u015fm\u00fcd\u00fcrl\u00fc\u011f\u00fcnce esnaf odalar\u0131na gerekli tan\u0131mlamalar yap\u0131larak odalar\u0131n farkl\u0131 adreslere g\u00f6nderdi\u011fi t\u00fcm kargo ve posta iletileri protokol kapsam\u0131nda indirimli tarifeden uygulanacakt\u0131r. Antalya Esnaf ve Sanatk\u00e2rlar Odalar\u0131 Birli\u011fi Ba\u015fkan\u0131 Adl\u0131han Dere bu i\u015f birli\u011finin Birli\u011fe ba\u011fl\u0131 esnaf odalar\u0131na b\u00fcy\u00fck avantajlar sunaca\u011f\u0131n\u0131 belirterek hay\u0131rl\u0131 u\u011furlu olmas\u0131 temennisinde bulundu. Dere, \u201cB\u00f6yle g\u00fczel bir i\u015fbirli\u011fini hayata ge\u00e7irmekten b\u00fcy\u00fck mutluluk duyuyoruz. Bu protokol, Birli\u011fimizin ve Esnaf Odalar\u0131m\u0131z\u0131n i\u015flerini daha ekonomik ve verimli bir \u015fekilde y\u00fcr\u00fctmelerine katk\u0131 sa\u011flayacak. Bu projenin mimarlar\u0131ndan biri olan PTT Ba\u015f M\u00fcd\u00fcr\u00fcm\u00fcz Say\u0131n Sefa \u0130nce&#8217;ye \u015fahs\u0131m ve Birli\u011fim ad\u0131na te\u015fekk\u00fcr ediyorum. Projemiz hay\u0131rl\u0131 u\u011furlu olsun. \u0130n\u015fallah bundan sonra da farkl\u0131 projelerle bir araya gelerek \u00e7al\u0131\u015fmalar\u0131m\u0131za devam &hellip;","og_url":"http:\/\/denizcankizil.tr\/en\/haberler\/antalya\/aesob-ile-antalya-ptt-bas-mudurlugu-arasinda-protokol\/","og_site_name":"Av. Deniz Can K\u0131z\u0131l","article_published_time":"2024-11-18T15:41:32+00:00","og_image":[{"width":1280,"height":720,"url":"http:\/\/denizcankizil.tr\/wp-content\/uploads\/2024\/11\/3143-01-NhWOLH.jpeg","type":"image\/jpeg"}],"twitter_card":"summary_large_image","twitter_misc":{"Estimated reading time":"2 minutes"},"schema":{"@context":"https:\/\/schema.org","@graph":[{"@type":"Article","@id":"http:\/\/denizcankizil.tr\/en\/haberler\/antalya\/aesob-ile-antalya-ptt-bas-mudurlugu-arasinda-protokol\/#article","isPartOf":{"@id":"http:\/\/denizcankizil.tr\/en\/haberler\/antalya\/aesob-ile-antalya-ptt-bas-mudurlugu-arasinda-protokol\/"},"author":{"name":"","@id":""},"headline":"AESOB ile Antalya PTT Ba\u015f M\u00fcd\u00fcrl\u00fc\u011f\u00fc aras\u0131nda protokol","datePublished":"2024-11-18T15:41:32+00:00","mainEntityOfPage":{"@id":"http:\/\/denizcankizil.tr\/en\/haberler\/antalya\/aesob-ile-antalya-ptt-bas-mudurlugu-arasinda-protokol\/"},"wordCount":491,"commentCount":0,"publisher":{"@id":"https:\/\/denizcankizil.tr\/de\/#organization"},"image":{"@id":"http:\/\/denizcankizil.tr\/en\/haberler\/antalya\/aesob-ile-antalya-ptt-bas-mudurlugu-arasinda-protokol\/#primaryimage"},"thumbnailUrl":"http:\/\/denizcankizil.tr\/wp-content\/uploads\/2024\/11\/3143-01-NhWOLH.jpeg","articleSection":["Antalya","Uncategorized"],"inLanguage":"en-GB","potentialAction":[{"@type":"CommentAction","name":"Comment","target":["http:\/\/denizcankizil.tr\/en\/haberler\/antalya\/aesob-ile-antalya-ptt-bas-mudurlugu-arasinda-protokol\/#respond"]}]},{"@type":"WebPage","@id":"http:\/\/denizcankizil.tr\/en\/haberler\/antalya\/aesob-ile-antalya-ptt-bas-mudurlugu-arasinda-protokol\/","url":"http:\/\/denizcankizil.tr\/en\/haberler\/antalya\/aesob-ile-antalya-ptt-bas-mudurlugu-arasinda-protokol\/","name":"AESOB ile Antalya PTT Ba\u015f M\u00fcd\u00fcrl\u00fc\u011f\u00fc aras\u0131nda protokol - Av. Deniz Can K\u0131z\u0131l","isPartOf":{"@id":"https:\/\/denizcankizil.tr\/de\/#website"},"primaryImageOfPage":{"@id":"http:\/\/denizcankizil.tr\/en\/haberler\/antalya\/aesob-ile-antalya-ptt-bas-mudurlugu-arasinda-protokol\/#primaryimage"},"image":{"@id":"http:\/\/denizcankizil.tr\/en\/haberler\/antalya\/aesob-ile-antalya-ptt-bas-mudurlugu-arasinda-protokol\/#primaryimage"},"thumbnailUrl":"http:\/\/denizcankizil.tr\/wp-content\/uploads\/2024\/11\/3143-01-NhWOLH.jpeg","datePublished":"2024-11-18T15:41:32+00:00","breadcrumb":{"@id":"http:\/\/denizcankizil.tr\/en\/haberler\/antalya\/aesob-ile-antalya-ptt-bas-mudurlugu-arasinda-protokol\/#breadcrumb"},"inLanguage":"en-GB","potentialAction":[{"@type":"ReadAction","target":["http:\/\/denizcankizil.tr\/en\/haberler\/antalya\/aesob-ile-antalya-ptt-bas-mudurlugu-arasinda-protokol\/"]}]},{"@type":"ImageObject","inLanguage":"en-GB","@id":"http:\/\/denizcankizil.tr\/en\/haberler\/antalya\/aesob-ile-antalya-ptt-bas-mudurlugu-arasinda-protokol\/#primaryimage","url":"http:\/\/denizcankizil.tr\/wp-content\/uploads\/2024\/11\/3143-01-NhWOLH.jpeg","contentUrl":"http:\/\/denizcankizil.tr\/wp-content\/uploads\/2024\/11\/3143-01-NhWOLH.jpeg","width":1280,"height":720},{"@type":"BreadcrumbList","@id":"http:\/\/denizcankizil.tr\/en\/haberler\/antalya\/aesob-ile-antalya-ptt-bas-mudurlugu-arasinda-protokol\/#breadcrumb","itemListElement":[{"@type":"ListItem","position":1,"name":"Home","item":"https:\/\/denizcankizil.tr\/de\/"},{"@type":"ListItem","position":2,"name":"AESOB ile Antalya PTT Ba\u015f M\u00fcd\u00fcrl\u00fc\u011f\u00fc aras\u0131nda protokol"}]},{"@type":"WebSite","@id":"https:\/\/denizcankizil.tr\/de\/#website","url":"https:\/\/denizcankizil.tr\/de\/","name":"Av. Deniz Can K\u0131z\u0131l","description":"Avukat Deniz Can K\u0131z\u0131l Antalya Barosu","publisher":{"@id":"https:\/\/denizcankizil.tr\/de\/#organization"},"potentialAction":[{"@type":"SearchAction","target":{"@type":"EntryPoint","urlTemplate":"https:\/\/denizcankizil.tr\/de\/?s={search_term_string}"},"query-input":{"@type":"PropertyValueSpecification","valueRequired":true,"valueName":"search_term_string"}}],"inLanguage":"en-GB"},{"@type":"Organization","@id":"https:\/\/denizcankizil.tr\/de\/#organization","name":"Av. Deniz Can K\u0131z\u0131l","url":"https:\/\/denizcankizil.tr\/de\/","logo":{"@type":"ImageObject","inLanguage":"en-GB","@id":"https:\/\/denizcankizil.tr\/de\/#\/schema\/logo\/image\/","url":"http:\/\/denizcankizil.tr\/wp-content\/uploads\/2024\/10\/siyah-logo-svg.svg","contentUrl":"http:\/\/denizcankizil.tr\/wp-content\/uploads\/2024\/10\/siyah-logo-svg.svg","width":1080,"height":1080,"caption":"Av. Deniz Can K\u0131z\u0131l"},"image":{"@id":"https:\/\/denizcankizil.tr\/de\/#\/schema\/logo\/image\/"}}]}},"_links":{"self":[{"href":"http:\/\/denizcankizil.tr\/en\/wp-json\/wp\/v2\/posts\/16428","targetHints":{"allow":["GET"]}}],"collection":[{"href":"http:\/\/denizcankizil.tr\/en\/wp-json\/wp\/v2\/posts"}],"about":[{"href":"http:\/\/denizcankizil.tr\/en\/wp-json\/wp\/v2\/types\/post"}],"replies":[{"embeddable":true,"href":"http:\/\/denizcankizil.tr\/en\/wp-json\/wp\/v2\/comments?post=16428"}],"version-history":[{"count":0,"href":"http:\/\/denizcankizil.tr\/en\/wp-json\/wp\/v2\/posts\/16428\/revisions"}],"wp:featuredmedia":[{"embeddable":true,"href":"http:\/\/denizcankizil.tr\/en\/wp-json\/wp\/v2\/media\/16429"}],"wp:attachment":[{"href":"http:\/\/denizcankizil.tr\/en\/wp-json\/wp\/v2\/media?parent=16428"}],"wp:term":[{"taxonomy":"category","embeddable":true,"href":"http:\/\/denizcankizil.tr\/en\/wp-json\/wp\/v2\/categories?post=16428"},{"taxonomy":"post_tag","embeddable":true,"href":"http:\/\/denizcankizil.tr\/en\/wp-json\/wp\/v2\/tags?post=16428"}],"curies":[{"name":"wp","href":"https:\/\/api.w.org\/{rel}","templated":true}]}}