{"id":16326,"date":"2024-11-18T11:41:41","date_gmt":"2024-11-18T08:41:41","guid":{"rendered":"https:\/\/denizcankizil.tr\/uncategorized-tr\/yagmur-camur-demeden-barinma-sorunu-icin-bir-araya-geldiler\/"},"modified":"2024-11-18T11:41:41","modified_gmt":"2024-11-18T08:41:41","slug":"yagmur-camur-demeden-barinma-sorunu-icin-bir-araya-geldiler","status":"publish","type":"post","link":"http:\/\/denizcankizil.tr\/en\/haberler\/gundem\/yagmur-camur-demeden-barinma-sorunu-icin-bir-araya-geldiler\/","title":{"rendered":"Ya\u011fmur, \u00e7amur demeden bar\u0131nma sorunu i\u00e7in bir araya geldiler"},"content":{"rendered":"<p>D\u00fcn ak\u015fam saatlerinde Antalya Kirac\u0131lar Derne\u011fi Platformu, Antalya&#8217;n\u0131n Murtapa\u015fa il\u00e7esinde yer alan Attalos Meydan&#8217;\u0131nda bir bas\u0131n a\u00e7\u0131klamas\u0131 yapt\u0131. D\u00fczenlenen Bas\u0131n a\u00e7\u0131klamas\u0131nda konu\u015fan Antalya Kirac\u0131lar Derne\u011fi Platformu ba\u015fkanlar\u0131 Cengiz ve Seda Kul, emlak\u00e7\u0131lar\u0131n komisyonlar\u0131n\u0131 y\u00fckletmek ad\u0131na kira fiyatlar\u0131n\u0131 y\u00fckseltti\u011fini, milletvekillerinin ya\u015fan bu duruma sessiz kald\u0131\u011f\u0131n ve bu durumun bir \u00e7\u00f6z\u00fcm bulunmas\u0131 i\u015f\u00e7in Ankara&#8217;ya gideceklerini ifade ettiler.\u00a0<\/p>\n<p>M\u0130LLET\u0130N VEK\u0130L\u0130 OLMAYA DAVET ED\u0130YORUZ<\/p>\n<p>Antalya Kirac\u0131lar Derne\u011fi Platformu Ba\u015fkan\u0131 Cengiz Kul, milletvekillerinin bar\u0131nman sorunu kulak kapamas\u0131 tepki g\u00f6stererek, \u201cBiz bug\u00fcn burada yine T\u00fcrkiye de y\u00fcksek kira sorunu i\u00e7in toplanm\u0131\u015f bulunmaktay\u0131z ve \u00fclkemizde bulunan 23 milyon kirac\u0131 i\u00e7in hak ar\u0131yoruz. Bu zamana kadar ya\u015fanan olaylar bizlere siyaset\u00e7ilerin b\u00fcrokratlar\u0131n TBMM deki halk\u0131n se\u00e7ti\u011fi vekiller dahil olmak \u00fczere herkesin \u2018bana dokunmay\u0131n\u2019 deyip, halk\u0131n sorununu g\u00f6z ard\u0131 etti\u011fi gibi kendi menfaatleri do\u011frultusunda hareket etmeye devam ediliyor. Bizim \u00fclkemiz de savc\u0131, hakim, siyaset\u00e7i olmak kolay lakin g\u00f6revi do\u011fru y\u00f6nde halktan hakl\u0131dan yana kullanmak zor g\u00f6r\u00fcn\u00fcyor. Bizler kirac\u0131 ve ev sahibi olarak iki az\u0131l\u0131 d\u00fc\u015fman olduk. \u00a0Bizi y\u00f6netenler bu durumu mecliste bir yasa \u00e7\u0131kararak \u00e7\u00f6zebilir, bu d\u00fc\u015fmanl\u0131\u011f\u0131 son buldurabilirler. \u00a0Ben buradan b\u00fct\u00fcn vekillere sesleniyorum kendi ilinizdeki kira fiyatlar\u0131n\u0131 ara\u015ft\u0131r\u0131n\u0131z nas\u0131l ma\u011fduriyettik ya\u015fan\u0131yor, inceleyiniz amiri memuru dar gelirlisi herkes bu y\u00fcksek kiralarla ma\u011fdur ediliyor sizlerde bunlar\u0131 g\u00f6r\u00fcn\u00fcz istiyoruz. S\u00f6zde milletimizin vekilisiniz sizleri ger\u00e7ekten halk\u0131n sorununu g\u00f6ren, g\u00f6rmemezlikten gelmeyen milletin vekili olmaya davet ediyoruz\u201d dedi.\u00a0<\/p>\n<p>EN B\u00dcY\u00dcK NEDEN ASGAR\u0130 \u00dcCRETE GELECEK ZAMDIR<\/p>\n<p>Sadece milletvekillerine de\u011fil T\u00fcrk halk\u0131n\u0131n da bu soruna hassasiyet g\u00f6stermesi gerekti\u011fini belirten Kul, \u201cSa\u011f\u0131n solun vekili de\u011fil sizleri vekil se\u00e7en milletin ma\u011fduriyetleri i\u00e7in yasa \u00e7\u0131karman\u0131z\u0131 talep ediyoruz. TBMM ye verdi\u011fimiz \u00e7\u00f6z\u00fcm \u00f6nerilerimiz den \u015fuana kadar iki tanesini uygulamaya koydunuz. Ve bu maddelerden s\u00f6zle\u015fmeler e devlet \u00fczerinden yap\u0131ls\u0131n ve vergilendirme sistemini kabul ettiniz. Fakat gene bizi yanl\u0131\u015f anlad\u0131n\u0131z burada da kirac\u0131 zarar g\u00f6r\u00fcyor vergi sistemi sadece dar gelirli vatanda\u015fa kesilmi\u015f durumda biz kimseden vicdan beklemiyoruz kiralama bedelinin hakk\u0131 neyse vermek istiyoruz ama ald\u0131\u011f\u0131m\u0131z maa\u015flar da g\u00f6z \u00f6n\u00fcnde bulundurulsun istiyoruz. Gayrimenkul ve emlak y\u00f6netimi, \u00fc\u00e7 be\u015f \u00e7apulcu ya verilmemeli il il\u00e7e belediyelerine konut komisyonu kurulup komisyon \u00f6denekleri belediyelere yap\u0131ls\u0131n ev sahibi kirac\u0131 aras\u0131nda belediye olsun bizim \u00fclkemizde sorun \u00e7\u0131kmadan sorunlar \u00e7\u00f6z\u00fclm\u00fcyor \u015fuan kirac\u0131lar\u0131n Sabri kalmam\u0131\u015f durumda. Ben buradan vurdumduymaz olan T\u00fcrk halk\u0131na da seslenmek istiyorum insanlarda birde \u015fu durum s\u00f6z konusu bana dokunmayan y\u0131lan bin ya\u015fas\u0131n zihniyeti var. Bu zihniyette olmay\u0131n \u00e7\u00fcnk\u00fc o y\u0131lan bir g\u00fcn mutlaka sizi de sokacakt\u0131r. Sizi sokmasa mutlaka bir yak\u0131n\u0131z\u0131 bulacakt\u0131r. Bu kafada olmay\u0131p m\u00fccadelede birli\u011fi sa\u011flayabilirsek \u00fclkemizde ki sorunlarla ba\u015f edebiliriz . \u00c7\u00fcnk\u00fc bizim \u00fclkemizde sorunlar birlik olmadan \u00e7\u00f6z\u00fclm\u00fcyor ve sesimiz duyulmuyor sesimizi \u00fc\u00e7 senedir bu meydanlarda duyurmaya \u00e7al\u0131\u015f\u0131yoruz. \u015euan kiral\u0131k ev olduk\u00e7a fazla fakat kimse evini kiraya vermek istemiyor peki bunun nedenini hi\u00e7 d\u00fc\u015f\u00fcn\u00fcyor musunuz? Ben s\u00f6yleyeyim sizlere bunun en b\u00fcy\u00fck nedeni asgari \u00fccrete gelecek olan zamd\u0131r\u201d \u015feklinde konu\u015ftu.\u00a0<\/p>\n<p>SADECE EV K\u0130RALARINDA \u00c7ALI\u015eAN B\u0130R TOPLUMA D\u00d6N\u00dc\u015eT\u00dcK<\/p>\n<p>Bir di\u011fer Antalya Kirac\u0131lar Derne\u011fi Platformu Ba\u015fkan\u0131 Seda Kul, emlak\u00e7\u0131lar\u0131n daha fazla komisyon alabimek i\u00e7in kiralar\u0131 daha da y\u00fckseltti\u011fini belirterek ya emlak\u00e7\u0131lar\u0131n aradan \u00e7ekilmesini ya da komisyonun sadece kirac\u0131dan de\u011fil, ev sahibinden de al\u0131nmas\u0131 gerekti\u011fin vurgulad\u0131. Kul, \u201cBizlerin can\u0131n\u0131 en \u00e7ok yakan bu d\u00fczenin bu hale gelmesinde b\u00fcy\u00fck rol oynayan emlak\u00e7\u0131larla s\u00f6zlerime ba\u015flamak istiyorum. Biz kirac\u0131lar\u0131n maalesef ki en b\u00fcy\u00fck kabusu haline gelen emlak sekt\u00f6r\u00fc ev kiralama durumlar\u0131nda bizleri en \u00e7ok zora sokan, \u00a0bizleri ev sahiplerimiz ile kar\u015f\u0131 kar\u015f\u0131ya b\u0131rakan emlak\u00e7\u0131lard\u0131r. Bunlardan da i\u015fini d\u00fczg\u00fcn yapan bu gidi\u015fatta bizimle olan ger\u00e7ekten fahi\u015f fiyatlar isteyenler kar\u015f\u0131s\u0131nda duranlar\u0131 tenzih ederek s\u00f6yl\u00fcyorum ki bizleri as\u0131l ma\u011fdur eden kendi alacaklar\u0131 komisyonlar\u0131 y\u00fckseltmek ad\u0131na kiralar\u0131 y\u00fckselten emlak\u00e7\u0131lard\u0131r. Emlak sekt\u00f6r\u00fcnde emlak\u00e7\u0131lar\u0131n ev kiralama i\u015fine kar\u0131\u015fmas\u0131n\u0131 biz kirac\u0131lar olarak istemiyoruz. Emlak\u00e7\u0131lar Al-sat yaps\u0131nlar fakat dar gelirli halktan y\u00fcksek komisyon almak ad\u0131na piyasay\u0131 y\u00fckseltmesinler. Zaten ev kiralar\u0131 bu kadar fahi\u015fken birde emlak\u00e7\u0131ya komisyon vermek istemiyoruz. Emlak\u00e7\u0131lar e\u011fer ev kiralama konusunda g\u00f6revlendiriliyorsa bu komisyon bedelini yaln\u0131zca kirac\u0131dan almalar\u0131n\u0131 do\u011fru bulmuyoruz. Bu d\u00fczen art\u0131k de\u011fi\u015fmeli. \u00a0Belediyeler bu konuda bu sorumlulu\u011fu ivedilikle \u00fcstlenebilir. T\u00fcrk halk\u0131 olarak art\u0131k \u00e7ocu\u011funun karn\u0131n\u0131 doyuramayan sadece ev kiralar\u0131nda \u00e7al\u0131\u015fan bir topluma d\u00f6n\u00fc\u015ft\u00fck. Ve birilerinde bu dengesiz d\u00fczeni durdurmas\u0131n\u0131 bekliyoruz\u201d dedi.\u00a0<\/p>\n<p>HER G\u00dcN B\u0130R A\u0130LE SOKA\u011eA ATILIYOR\u00a0<\/p>\n<p>Son zamanlarda kirac\u0131 ve ev sahibi anla\u015fmazl\u0131\u011f\u0131n\u0131n en b\u00fcy\u00fck nedenlerinden biri olan tahliye taahh\u00fctnameleri hakk\u0131nda konu\u015fan Kul, \u201cBir di\u011fer mevzu ise tahliye taahh\u00fctnamesi ki bu biz kirac\u0131lar\u0131n en b\u00fcy\u00fck sorunu bizler tahliye taahh\u00fctnamesi zorbal\u0131\u011f\u0131n\u0131n kald\u0131r\u0131lmas\u0131n\u0131 ve her ne olursa olsun insanlar\u0131n temel haklar\u0131 olan bar\u0131nman\u0131n ellerinden al\u0131nmas\u0131n\u0131 istemiyoruz. Her g\u00fcn bir aile tahliye taahh\u00fctnamesi ile soka\u011fa at\u0131l\u0131yor ve yeni bir ev bulmak konusunda da y\u00fcksek fiyatlardan \u00f6t\u00fcr\u00fc zorlan\u0131yor. Bu durumda sokakta \u00e7aresizce ya\u015famaya terkediliyoruz. \u00a0Son \u00fc\u00e7 senedir bu bar\u0131nma sorunu biz T\u00fcrk halk\u0131nda psikolojik s\u0131k\u0131nt\u0131lara yol a\u00e7m\u0131\u015f bulunuyor bunlar\u0131n akabinde de \u00fclkemizde madde ba\u011f\u0131ml\u0131l\u0131\u011f\u0131n\u0131n artt\u0131\u011f\u0131n\u0131 gen\u00e7lere, \u00e7ocuklara kadar d\u00fc\u015ft\u00fc\u011f\u00fcn\u00fc g\u00f6r\u00fcyoruz ama sorunun en ba\u015fta ekonomik s\u0131k\u0131nt\u0131 oldu\u011funu unutuyoruz bir baba bir anne \u00a0\u00e7aresizlikten \u00a0s\u0131k\u0131nt\u0131dan \u00a0o maddeye s\u0131\u011f\u0131nabiliyor sonunda ne mi oluyor cinnet ge\u00e7iriyor hem kendini hem ailesini yok ediyor. Bunlar\u0131n alt\u0131nda da bar\u0131nma yeme i\u00e7me sorunlar\u0131 geliyor\u201d diye konu\u015ftu.<\/p>\n<p>\u00c7\u00d6Z\u00dcM \u0130\u00c7\u0130N ANKARA\u2019YA G\u0130DECEKLER<\/p>\n<p>Kul yak\u0131n zamanda \u00e7\u00f6z\u00fcm i\u00e7in tekrardan Ankara gideceklerini ve bu sefer bir sonu\u00e7 alamdan d\u00f6nmeyeceklerinin alt\u0131n\u0131 \u00e7izerek, \u201cT\u00fcrkiye&#8217;de \u00e7ocuklar a\u00e7l\u0131ktan, yanarak veya so\u011fuktan donarak \u00f6l\u00fcyor. T\u00fcrkiye yanarak, donarak a\u00e7l\u0131ktan \u00f6len \u00e7ocuklar\u0131n de\u011fil, g\u00fclerek severek sevilerek okula tok g\u00f6nderilerek b\u00fcy\u00fct\u00fclen \u00e7ocuklar\u0131n \u00fclkesi olsun istiyoruz. Art\u0131k halk olarak ezilmek istemiyoruz! Dar gelirli halk\u0131 g\u00f6r\u00fcn duyun istiyoruz. Bizler bar\u0131nmak, bir \u00e7at\u0131 alt\u0131nda mutlu \u00e7ocuklar yeti\u015ftirmek, \u2018bug\u00fcn m\u00fc soka\u011fa at\u0131l\u0131r\u0131z? Yar\u0131n sonumuz nerde biter\u2019 diye d\u00fc\u015f\u00fcnerek hi\u00e7 olan bir nesil yeti\u015ftirmek istemiyoruz. Say\u0131n yetkililer sokaklar a\u00e7 \u00e7ocuklarla dolu bunlar\u0131 ne zaman g\u00f6receksiniz? \u00c7ocu\u011fu a\u00e7 diye evi yok diye intihara kalk\u0131\u015fan en k\u00f6t\u00fcs\u00fc de \u00e7ocu\u011funu ya\u015famdan kopar\u0131p, en az\u0131ndan sokakta a\u00e7 uyumaz diye d\u00fc\u015f\u00fcnen babalar\u0131 anneleri g\u00f6r\u00fcn duyun istiyoruz. Kendi \u00fclkemizde nefes almak istiyoruz. \u00c7ok mu \u015fey istiyoruz? Bunlar\u0131n olmas\u0131 zor de\u011fil sizlerin dudaklar\u0131ndan \u00e7\u0131kacak yasalara bak\u0131yor art\u0131k verilen \u00f6nergelerde halk yarar\u0131na olan her \u015feyi kabul edin bu halk\u0131 bu dertlerden kurtar\u0131n! Art\u0131k halk isyan etmek i\u00e7in de\u011fildi bayram kutlamak i\u00e7in toplans\u0131n istiyoruz. Yeni \u00e7\u00f6z\u00fcm \u00f6nerilerimizle halk olarak tekrar Ankara&#8217;ya gelece\u011fiz ve bu sefer sizlerden s\u00f6z almadan halk\u0131n sorununu g\u00f6rmenizi sa\u011flamadan d\u00f6nmeyece\u011fiz\u201d ifadelerini kulland\u0131.\u00a0<\/p>\n<p>\u00a0<\/p>\n<p>\u200bAntalya Kirac\u0131lar Derne\u011fi Platformu, Attalos Heykeli \u00f6n\u00fcnde bas\u0131n a\u00e7\u0131klamas\u0131 yapt\u0131. Bas\u0131n a\u00e7\u0131klamas\u0131nda bar\u0131nma sorunu hakk\u0131nda a\u00e7\u0131klamada bulunan Antalya Kirac\u0131lar Derne\u011fi Platformu Ba\u015fkan\u0131 Seda Kul, \u201cT\u00fcrk halk\u0131 olarak art\u0131k \u00e7ocu\u011funun karn\u0131n\u0131 doyuramayan sadece ev kiralar\u0131nda \u00e7al\u0131\u015fan bir topluma d\u00f6n\u00fc\u015ft\u00fck\u201d dedi\u00a0<\/p>\n<p>\u200bHaberin Al\u0131nt\u0131land\u0131\u011f\u0131 Kaynak: www.antalyakorfez.com<\/p>","protected":false},"excerpt":{"rendered":"<p>D\u00fcn ak\u015fam saatlerinde Antalya Kirac\u0131lar Derne\u011fi Platformu, Antalya&#8217;n\u0131n Murtapa\u015fa il\u00e7esinde yer alan Attalos Meydan&#8217;\u0131nda bir bas\u0131n a\u00e7\u0131klamas\u0131 yapt\u0131. D\u00fczenlenen Bas\u0131n a\u00e7\u0131klamas\u0131nda konu\u015fan Antalya Kirac\u0131lar Derne\u011fi Platformu ba\u015fkanlar\u0131 Cengiz ve Seda Kul, emlak\u00e7\u0131lar\u0131n komisyonlar\u0131n\u0131 y\u00fckletmek ad\u0131na kira fiyatlar\u0131n\u0131 y\u00fckseltti\u011fini, milletvekillerinin ya\u015fan bu duruma sessiz kald\u0131\u011f\u0131n ve bu durumun bir \u00e7\u00f6z\u00fcm bulunmas\u0131 i\u015f\u00e7in Ankara&#8217;ya gideceklerini ifade ettiler.\u00a0 M\u0130LLET\u0130N VEK\u0130L\u0130 OLMAYA DAVET ED\u0130YORUZ Antalya Kirac\u0131lar Derne\u011fi Platformu Ba\u015fkan\u0131 Cengiz Kul, milletvekillerinin bar\u0131nman sorunu kulak kapamas\u0131 tepki g\u00f6stererek, \u201cBiz bug\u00fcn burada yine T\u00fcrkiye de y\u00fcksek kira sorunu i\u00e7in toplanm\u0131\u015f bulunmaktay\u0131z ve \u00fclkemizde bulunan 23 milyon kirac\u0131 i\u00e7in hak ar\u0131yoruz. Bu zamana kadar ya\u015fanan olaylar bizlere siyaset\u00e7ilerin b\u00fcrokratlar\u0131n TBMM deki halk\u0131n se\u00e7ti\u011fi vekiller dahil olmak \u00fczere herkesin \u2018bana dokunmay\u0131n\u2019 deyip, halk\u0131n sorununu g\u00f6z ard\u0131 etti\u011fi gibi kendi menfaatleri do\u011frultusunda hareket etmeye devam ediliyor. Bizim \u00fclkemiz de savc\u0131, hakim, siyaset\u00e7i olmak kolay lakin g\u00f6revi do\u011fru y\u00f6nde halktan hakl\u0131dan yana kullanmak zor g\u00f6r\u00fcn\u00fcyor. Bizler kirac\u0131 ve ev sahibi olarak iki az\u0131l\u0131 d\u00fc\u015fman olduk. \u00a0Bizi y\u00f6netenler bu durumu mecliste bir yasa \u00e7\u0131kararak \u00e7\u00f6zebilir, bu d\u00fc\u015fmanl\u0131\u011f\u0131 son buldurabilirler. \u00a0Ben buradan b\u00fct\u00fcn vekillere sesleniyorum kendi ilinizdeki kira fiyatlar\u0131n\u0131 ara\u015ft\u0131r\u0131n\u0131z nas\u0131l ma\u011fduriyettik ya\u015fan\u0131yor, inceleyiniz amiri memuru dar gelirlisi herkes bu y\u00fcksek kiralarla ma\u011fdur ediliyor sizlerde bunlar\u0131 g\u00f6r\u00fcn\u00fcz istiyoruz. S\u00f6zde milletimizin vekilisiniz &hellip;<\/p>","protected":false},"author":0,"featured_media":0,"comment_status":"open","ping_status":"open","sticky":false,"template":"","format":"standard","meta":{"_acf_changed":false,"footnotes":""},"categories":[24,535],"tags":[],"class_list":["post-16326","post","type-post","status-publish","format-standard","has-post-thumbnail","hentry","category-gundem","category-uncategorized-tr"],"acf":[],"yoast_head":"<!-- This site is optimized with the Yoast SEO Premium plugin v26.6 (Yoast SEO v27.1.1) - https:\/\/yoast.com\/product\/yoast-seo-premium-wordpress\/ -->\n<title>Ya\u011fmur, \u00e7amur demeden bar\u0131nma sorunu i\u00e7in bir araya geldiler - Av. Deniz Can K\u0131z\u0131l<\/title>\n<meta name=\"robots\" content=\"index, follow, max-snippet:-1, max-image-preview:large, max-video-preview:-1\" \/>\n<link rel=\"canonical\" href=\"http:\/\/denizcankizil.tr\/en\/haberler\/gundem\/yagmur-camur-demeden-barinma-sorunu-icin-bir-araya-geldiler\/\" \/>\n<meta property=\"og:locale\" content=\"en_GB\" \/>\n<meta property=\"og:type\" content=\"article\" \/>\n<meta property=\"og:title\" content=\"Ya\u011fmur, \u00e7amur demeden bar\u0131nma sorunu i\u00e7in bir araya geldiler\" \/>\n<meta property=\"og:description\" content=\"D\u00fcn ak\u015fam saatlerinde Antalya Kirac\u0131lar Derne\u011fi Platformu, Antalya&#8217;n\u0131n Murtapa\u015fa il\u00e7esinde yer alan Attalos Meydan&#8217;\u0131nda bir bas\u0131n a\u00e7\u0131klamas\u0131 yapt\u0131. D\u00fczenlenen Bas\u0131n a\u00e7\u0131klamas\u0131nda konu\u015fan Antalya Kirac\u0131lar Derne\u011fi Platformu ba\u015fkanlar\u0131 Cengiz ve Seda Kul, emlak\u00e7\u0131lar\u0131n komisyonlar\u0131n\u0131 y\u00fckletmek ad\u0131na kira fiyatlar\u0131n\u0131 y\u00fckseltti\u011fini, milletvekillerinin ya\u015fan bu duruma sessiz kald\u0131\u011f\u0131n ve bu durumun bir \u00e7\u00f6z\u00fcm bulunmas\u0131 i\u015f\u00e7in Ankara&#8217;ya gideceklerini ifade ettiler.\u00a0 M\u0130LLET\u0130N VEK\u0130L\u0130 OLMAYA DAVET ED\u0130YORUZ Antalya Kirac\u0131lar Derne\u011fi Platformu Ba\u015fkan\u0131 Cengiz Kul, milletvekillerinin bar\u0131nman sorunu kulak kapamas\u0131 tepki g\u00f6stererek, \u201cBiz bug\u00fcn burada yine T\u00fcrkiye de y\u00fcksek kira sorunu i\u00e7in toplanm\u0131\u015f bulunmaktay\u0131z ve \u00fclkemizde bulunan 23 milyon kirac\u0131 i\u00e7in hak ar\u0131yoruz. Bu zamana kadar ya\u015fanan olaylar bizlere siyaset\u00e7ilerin b\u00fcrokratlar\u0131n TBMM deki halk\u0131n se\u00e7ti\u011fi vekiller dahil olmak \u00fczere herkesin \u2018bana dokunmay\u0131n\u2019 deyip, halk\u0131n sorununu g\u00f6z ard\u0131 etti\u011fi gibi kendi menfaatleri do\u011frultusunda hareket etmeye devam ediliyor. Bizim \u00fclkemiz de savc\u0131, hakim, siyaset\u00e7i olmak kolay lakin g\u00f6revi do\u011fru y\u00f6nde halktan hakl\u0131dan yana kullanmak zor g\u00f6r\u00fcn\u00fcyor. Bizler kirac\u0131 ve ev sahibi olarak iki az\u0131l\u0131 d\u00fc\u015fman olduk. \u00a0Bizi y\u00f6netenler bu durumu mecliste bir yasa \u00e7\u0131kararak \u00e7\u00f6zebilir, bu d\u00fc\u015fmanl\u0131\u011f\u0131 son buldurabilirler. \u00a0Ben buradan b\u00fct\u00fcn vekillere sesleniyorum kendi ilinizdeki kira fiyatlar\u0131n\u0131 ara\u015ft\u0131r\u0131n\u0131z nas\u0131l ma\u011fduriyettik ya\u015fan\u0131yor, inceleyiniz amiri memuru dar gelirlisi herkes bu y\u00fcksek kiralarla ma\u011fdur ediliyor sizlerde bunlar\u0131 g\u00f6r\u00fcn\u00fcz istiyoruz. S\u00f6zde milletimizin vekilisiniz &hellip;\" \/>\n<meta property=\"og:url\" content=\"http:\/\/denizcankizil.tr\/en\/haberler\/gundem\/yagmur-camur-demeden-barinma-sorunu-icin-bir-araya-geldiler\/\" \/>\n<meta property=\"og:site_name\" content=\"Av. Deniz Can K\u0131z\u0131l\" \/>\n<meta property=\"article:published_time\" content=\"2024-11-18T08:41:41+00:00\" \/>\n<meta name=\"twitter:card\" content=\"summary_large_image\" \/>\n<meta name=\"twitter:label1\" content=\"Estimated reading time\" \/>\n\t<meta name=\"twitter:data1\" content=\"7 minutes\" \/>\n<script type=\"application\/ld+json\" class=\"yoast-schema-graph\">{\"@context\":\"https:\/\/schema.org\",\"@graph\":[{\"@type\":\"Article\",\"@id\":\"http:\/\/denizcankizil.tr\/en\/haberler\/gundem\/yagmur-camur-demeden-barinma-sorunu-icin-bir-araya-geldiler\/#article\",\"isPartOf\":{\"@id\":\"http:\/\/denizcankizil.tr\/en\/haberler\/gundem\/yagmur-camur-demeden-barinma-sorunu-icin-bir-araya-geldiler\/\"},\"author\":{\"name\":\"\",\"@id\":\"\"},\"headline\":\"Ya\u011fmur, \u00e7amur demeden bar\u0131nma sorunu i\u00e7in bir araya geldiler\",\"datePublished\":\"2024-11-18T08:41:41+00:00\",\"mainEntityOfPage\":{\"@id\":\"http:\/\/denizcankizil.tr\/en\/haberler\/gundem\/yagmur-camur-demeden-barinma-sorunu-icin-bir-araya-geldiler\/\"},\"wordCount\":1446,\"commentCount\":0,\"publisher\":{\"@id\":\"https:\/\/denizcankizil.tr\/de\/#organization\"},\"articleSection\":[\"G\u00fcndem\",\"Uncategorized\"],\"inLanguage\":\"en-GB\",\"potentialAction\":[{\"@type\":\"CommentAction\",\"name\":\"Comment\",\"target\":[\"http:\/\/denizcankizil.tr\/en\/haberler\/gundem\/yagmur-camur-demeden-barinma-sorunu-icin-bir-araya-geldiler\/#respond\"]}]},{\"@type\":\"WebPage\",\"@id\":\"http:\/\/denizcankizil.tr\/en\/haberler\/gundem\/yagmur-camur-demeden-barinma-sorunu-icin-bir-araya-geldiler\/\",\"url\":\"http:\/\/denizcankizil.tr\/en\/haberler\/gundem\/yagmur-camur-demeden-barinma-sorunu-icin-bir-araya-geldiler\/\",\"name\":\"Ya\u011fmur, \u00e7amur demeden bar\u0131nma sorunu i\u00e7in bir araya geldiler - Av. Deniz Can K\u0131z\u0131l\",\"isPartOf\":{\"@id\":\"https:\/\/denizcankizil.tr\/de\/#website\"},\"datePublished\":\"2024-11-18T08:41:41+00:00\",\"breadcrumb\":{\"@id\":\"http:\/\/denizcankizil.tr\/en\/haberler\/gundem\/yagmur-camur-demeden-barinma-sorunu-icin-bir-araya-geldiler\/#breadcrumb\"},\"inLanguage\":\"en-GB\",\"potentialAction\":[{\"@type\":\"ReadAction\",\"target\":[\"http:\/\/denizcankizil.tr\/en\/haberler\/gundem\/yagmur-camur-demeden-barinma-sorunu-icin-bir-araya-geldiler\/\"]}]},{\"@type\":\"BreadcrumbList\",\"@id\":\"http:\/\/denizcankizil.tr\/en\/haberler\/gundem\/yagmur-camur-demeden-barinma-sorunu-icin-bir-araya-geldiler\/#breadcrumb\",\"itemListElement\":[{\"@type\":\"ListItem\",\"position\":1,\"name\":\"Home\",\"item\":\"https:\/\/denizcankizil.tr\/de\/\"},{\"@type\":\"ListItem\",\"position\":2,\"name\":\"Ya\u011fmur, \u00e7amur demeden bar\u0131nma sorunu i\u00e7in bir araya geldiler\"}]},{\"@type\":\"WebSite\",\"@id\":\"https:\/\/denizcankizil.tr\/de\/#website\",\"url\":\"https:\/\/denizcankizil.tr\/de\/\",\"name\":\"Av. Deniz Can K\u0131z\u0131l\",\"description\":\"Avukat Deniz Can K\u0131z\u0131l Antalya Barosu\",\"publisher\":{\"@id\":\"https:\/\/denizcankizil.tr\/de\/#organization\"},\"potentialAction\":[{\"@type\":\"SearchAction\",\"target\":{\"@type\":\"EntryPoint\",\"urlTemplate\":\"https:\/\/denizcankizil.tr\/de\/?s={search_term_string}\"},\"query-input\":{\"@type\":\"PropertyValueSpecification\",\"valueRequired\":true,\"valueName\":\"search_term_string\"}}],\"inLanguage\":\"en-GB\"},{\"@type\":\"Organization\",\"@id\":\"https:\/\/denizcankizil.tr\/de\/#organization\",\"name\":\"Av. Deniz Can K\u0131z\u0131l\",\"url\":\"https:\/\/denizcankizil.tr\/de\/\",\"logo\":{\"@type\":\"ImageObject\",\"inLanguage\":\"en-GB\",\"@id\":\"https:\/\/denizcankizil.tr\/de\/#\/schema\/logo\/image\/\",\"url\":\"http:\/\/denizcankizil.tr\/wp-content\/uploads\/2024\/10\/siyah-logo-svg.svg\",\"contentUrl\":\"http:\/\/denizcankizil.tr\/wp-content\/uploads\/2024\/10\/siyah-logo-svg.svg\",\"width\":1080,\"height\":1080,\"caption\":\"Av. Deniz Can K\u0131z\u0131l\"},\"image\":{\"@id\":\"https:\/\/denizcankizil.tr\/de\/#\/schema\/logo\/image\/\"}}]}<\/script>\n<!-- \/ Yoast SEO Premium plugin. -->","yoast_head_json":{"title":"Ya\u011fmur, \u00e7amur demeden bar\u0131nma sorunu i\u00e7in bir araya geldiler - Av. Deniz Can K\u0131z\u0131l","robots":{"index":"index","follow":"follow","max-snippet":"max-snippet:-1","max-image-preview":"max-image-preview:large","max-video-preview":"max-video-preview:-1"},"canonical":"http:\/\/denizcankizil.tr\/en\/haberler\/gundem\/yagmur-camur-demeden-barinma-sorunu-icin-bir-araya-geldiler\/","og_locale":"en_GB","og_type":"article","og_title":"Ya\u011fmur, \u00e7amur demeden bar\u0131nma sorunu i\u00e7in bir araya geldiler","og_description":"D\u00fcn ak\u015fam saatlerinde Antalya Kirac\u0131lar Derne\u011fi Platformu, Antalya&#8217;n\u0131n Murtapa\u015fa il\u00e7esinde yer alan Attalos Meydan&#8217;\u0131nda bir bas\u0131n a\u00e7\u0131klamas\u0131 yapt\u0131. D\u00fczenlenen Bas\u0131n a\u00e7\u0131klamas\u0131nda konu\u015fan Antalya Kirac\u0131lar Derne\u011fi Platformu ba\u015fkanlar\u0131 Cengiz ve Seda Kul, emlak\u00e7\u0131lar\u0131n komisyonlar\u0131n\u0131 y\u00fckletmek ad\u0131na kira fiyatlar\u0131n\u0131 y\u00fckseltti\u011fini, milletvekillerinin ya\u015fan bu duruma sessiz kald\u0131\u011f\u0131n ve bu durumun bir \u00e7\u00f6z\u00fcm bulunmas\u0131 i\u015f\u00e7in Ankara&#8217;ya gideceklerini ifade ettiler.\u00a0 M\u0130LLET\u0130N VEK\u0130L\u0130 OLMAYA DAVET ED\u0130YORUZ Antalya Kirac\u0131lar Derne\u011fi Platformu Ba\u015fkan\u0131 Cengiz Kul, milletvekillerinin bar\u0131nman sorunu kulak kapamas\u0131 tepki g\u00f6stererek, \u201cBiz bug\u00fcn burada yine T\u00fcrkiye de y\u00fcksek kira sorunu i\u00e7in toplanm\u0131\u015f bulunmaktay\u0131z ve \u00fclkemizde bulunan 23 milyon kirac\u0131 i\u00e7in hak ar\u0131yoruz. Bu zamana kadar ya\u015fanan olaylar bizlere siyaset\u00e7ilerin b\u00fcrokratlar\u0131n TBMM deki halk\u0131n se\u00e7ti\u011fi vekiller dahil olmak \u00fczere herkesin \u2018bana dokunmay\u0131n\u2019 deyip, halk\u0131n sorununu g\u00f6z ard\u0131 etti\u011fi gibi kendi menfaatleri do\u011frultusunda hareket etmeye devam ediliyor. Bizim \u00fclkemiz de savc\u0131, hakim, siyaset\u00e7i olmak kolay lakin g\u00f6revi do\u011fru y\u00f6nde halktan hakl\u0131dan yana kullanmak zor g\u00f6r\u00fcn\u00fcyor. Bizler kirac\u0131 ve ev sahibi olarak iki az\u0131l\u0131 d\u00fc\u015fman olduk. \u00a0Bizi y\u00f6netenler bu durumu mecliste bir yasa \u00e7\u0131kararak \u00e7\u00f6zebilir, bu d\u00fc\u015fmanl\u0131\u011f\u0131 son buldurabilirler. \u00a0Ben buradan b\u00fct\u00fcn vekillere sesleniyorum kendi ilinizdeki kira fiyatlar\u0131n\u0131 ara\u015ft\u0131r\u0131n\u0131z nas\u0131l ma\u011fduriyettik ya\u015fan\u0131yor, inceleyiniz amiri memuru dar gelirlisi herkes bu y\u00fcksek kiralarla ma\u011fdur ediliyor sizlerde bunlar\u0131 g\u00f6r\u00fcn\u00fcz istiyoruz. S\u00f6zde milletimizin vekilisiniz &hellip;","og_url":"http:\/\/denizcankizil.tr\/en\/haberler\/gundem\/yagmur-camur-demeden-barinma-sorunu-icin-bir-araya-geldiler\/","og_site_name":"Av. Deniz Can K\u0131z\u0131l","article_published_time":"2024-11-18T08:41:41+00:00","twitter_card":"summary_large_image","twitter_misc":{"Estimated reading time":"7 minutes"},"schema":{"@context":"https:\/\/schema.org","@graph":[{"@type":"Article","@id":"http:\/\/denizcankizil.tr\/en\/haberler\/gundem\/yagmur-camur-demeden-barinma-sorunu-icin-bir-araya-geldiler\/#article","isPartOf":{"@id":"http:\/\/denizcankizil.tr\/en\/haberler\/gundem\/yagmur-camur-demeden-barinma-sorunu-icin-bir-araya-geldiler\/"},"author":{"name":"","@id":""},"headline":"Ya\u011fmur, \u00e7amur demeden bar\u0131nma sorunu i\u00e7in bir araya geldiler","datePublished":"2024-11-18T08:41:41+00:00","mainEntityOfPage":{"@id":"http:\/\/denizcankizil.tr\/en\/haberler\/gundem\/yagmur-camur-demeden-barinma-sorunu-icin-bir-araya-geldiler\/"},"wordCount":1446,"commentCount":0,"publisher":{"@id":"https:\/\/denizcankizil.tr\/de\/#organization"},"articleSection":["G\u00fcndem","Uncategorized"],"inLanguage":"en-GB","potentialAction":[{"@type":"CommentAction","name":"Comment","target":["http:\/\/denizcankizil.tr\/en\/haberler\/gundem\/yagmur-camur-demeden-barinma-sorunu-icin-bir-araya-geldiler\/#respond"]}]},{"@type":"WebPage","@id":"http:\/\/denizcankizil.tr\/en\/haberler\/gundem\/yagmur-camur-demeden-barinma-sorunu-icin-bir-araya-geldiler\/","url":"http:\/\/denizcankizil.tr\/en\/haberler\/gundem\/yagmur-camur-demeden-barinma-sorunu-icin-bir-araya-geldiler\/","name":"Ya\u011fmur, \u00e7amur demeden bar\u0131nma sorunu i\u00e7in bir araya geldiler - Av. Deniz Can K\u0131z\u0131l","isPartOf":{"@id":"https:\/\/denizcankizil.tr\/de\/#website"},"datePublished":"2024-11-18T08:41:41+00:00","breadcrumb":{"@id":"http:\/\/denizcankizil.tr\/en\/haberler\/gundem\/yagmur-camur-demeden-barinma-sorunu-icin-bir-araya-geldiler\/#breadcrumb"},"inLanguage":"en-GB","potentialAction":[{"@type":"ReadAction","target":["http:\/\/denizcankizil.tr\/en\/haberler\/gundem\/yagmur-camur-demeden-barinma-sorunu-icin-bir-araya-geldiler\/"]}]},{"@type":"BreadcrumbList","@id":"http:\/\/denizcankizil.tr\/en\/haberler\/gundem\/yagmur-camur-demeden-barinma-sorunu-icin-bir-araya-geldiler\/#breadcrumb","itemListElement":[{"@type":"ListItem","position":1,"name":"Home","item":"https:\/\/denizcankizil.tr\/de\/"},{"@type":"ListItem","position":2,"name":"Ya\u011fmur, \u00e7amur demeden bar\u0131nma sorunu i\u00e7in bir araya geldiler"}]},{"@type":"WebSite","@id":"https:\/\/denizcankizil.tr\/de\/#website","url":"https:\/\/denizcankizil.tr\/de\/","name":"Av. Deniz Can K\u0131z\u0131l","description":"Avukat Deniz Can K\u0131z\u0131l Antalya Barosu","publisher":{"@id":"https:\/\/denizcankizil.tr\/de\/#organization"},"potentialAction":[{"@type":"SearchAction","target":{"@type":"EntryPoint","urlTemplate":"https:\/\/denizcankizil.tr\/de\/?s={search_term_string}"},"query-input":{"@type":"PropertyValueSpecification","valueRequired":true,"valueName":"search_term_string"}}],"inLanguage":"en-GB"},{"@type":"Organization","@id":"https:\/\/denizcankizil.tr\/de\/#organization","name":"Av. Deniz Can K\u0131z\u0131l","url":"https:\/\/denizcankizil.tr\/de\/","logo":{"@type":"ImageObject","inLanguage":"en-GB","@id":"https:\/\/denizcankizil.tr\/de\/#\/schema\/logo\/image\/","url":"http:\/\/denizcankizil.tr\/wp-content\/uploads\/2024\/10\/siyah-logo-svg.svg","contentUrl":"http:\/\/denizcankizil.tr\/wp-content\/uploads\/2024\/10\/siyah-logo-svg.svg","width":1080,"height":1080,"caption":"Av. Deniz Can K\u0131z\u0131l"},"image":{"@id":"https:\/\/denizcankizil.tr\/de\/#\/schema\/logo\/image\/"}}]}},"_links":{"self":[{"href":"http:\/\/denizcankizil.tr\/en\/wp-json\/wp\/v2\/posts\/16326","targetHints":{"allow":["GET"]}}],"collection":[{"href":"http:\/\/denizcankizil.tr\/en\/wp-json\/wp\/v2\/posts"}],"about":[{"href":"http:\/\/denizcankizil.tr\/en\/wp-json\/wp\/v2\/types\/post"}],"replies":[{"embeddable":true,"href":"http:\/\/denizcankizil.tr\/en\/wp-json\/wp\/v2\/comments?post=16326"}],"version-history":[{"count":0,"href":"http:\/\/denizcankizil.tr\/en\/wp-json\/wp\/v2\/posts\/16326\/revisions"}],"wp:attachment":[{"href":"http:\/\/denizcankizil.tr\/en\/wp-json\/wp\/v2\/media?parent=16326"}],"wp:term":[{"taxonomy":"category","embeddable":true,"href":"http:\/\/denizcankizil.tr\/en\/wp-json\/wp\/v2\/categories?post=16326"},{"taxonomy":"post_tag","embeddable":true,"href":"http:\/\/denizcankizil.tr\/en\/wp-json\/wp\/v2\/tags?post=16326"}],"curies":[{"name":"wp","href":"https:\/\/api.w.org\/{rel}","templated":true}]}}