{"id":15836,"date":"2024-11-14T10:41:56","date_gmt":"2024-11-14T07:41:56","guid":{"rendered":"https:\/\/denizcankizil.tr\/uncategorized-tr\/antalyada-asansor-tepkisi-13-kisilik-asansore-20-kisi-binince\/"},"modified":"2024-11-14T10:41:56","modified_gmt":"2024-11-14T07:41:56","slug":"antalyada-asansor-tepkisi-13-kisilik-asansore-20-kisi-binince","status":"publish","type":"post","link":"http:\/\/denizcankizil.tr\/en\/haberler\/gundem\/antalyada-asansor-tepkisi-13-kisilik-asansore-20-kisi-binince\/","title":{"rendered":"Antalya\u2019da asans\u00f6r tepkisi! 13 ki\u015filik asans\u00f6re 20 ki\u015fi binince\u2026"},"content":{"rendered":"<p>Antalya B\u00fcy\u00fck\u015fehir Belediyesi\u2019nin Tophane \u00c7ay Bah\u00e7esi\u2019nden Yat Liman\u0131\u2019na ini\u015f ve \u00e7\u0131k\u0131\u015f i\u00e7in in\u015fa etti\u011fi panoramik asans\u00f6r aradan ge\u00e7en zaman zarf\u0131nda adeta hurdaya \u00e7\u0131karak \u00fcst \u00fcste ar\u0131za yapmaya ba\u015flad\u0131. A\u015f\u0131r\u0131 zorlu \u00e7al\u0131\u015fma ortam\u0131ndan ve s\u0131cak havadan y\u0131pranan asans\u00f6r\u00fcn motoru iflas edince Antalya B\u00fcy\u00fck\u015fehir Belediyesi\u2019nin talimat\u0131yla daha \u00f6nceden de\u011fi\u015ftirilmi\u015fti. Ancak zorlu \u00e7al\u0131\u015fma ko\u015fullar\u0131n\u0131n ve s\u0131cak havan\u0131n etkisi yeni motoru da zorlamaya ba\u015flay\u0131nca asans\u00f6r yine ar\u0131za yapmaya devam ediyor.\u00a0<\/p>\n<p>S\u0130N\u0130RLER\u0130N GER\u0130LD\u0130\u011e\u0130 ANLAR YA\u015eANIYOR<\/p>\n<p>\u00dcst \u00fcste ya\u015fanan ar\u0131zalar nedeniyle a\u015fa\u011f\u0131da kalan ve merdivenler ile Yat Liman\u0131 varyant\u0131ndan \u00e7\u0131kmay\u0131 g\u00f6ze alamayan turistler \u0131srarla asans\u00f6r\u00fcn kap\u0131s\u0131nda y\u0131\u011f\u0131lmaya ve beklemeye ba\u015flad\u0131lar. S\u0131raya girenlerin, tamir i\u00e7in ekiplerin gelmesini beklerken a\u015f\u0131r\u0131 huzursuzluk ya\u015famalar\u0131n nedeniyle kimi zaman tart\u0131\u015fmalar\u0131n ve kavgalar\u0131n \u00e7\u0131kt\u0131\u011f\u0131 \u00f6\u011frenildi. S\u0131k s\u0131k bozulan asans\u00f6re gelerek i\u00e7inde kalanlar\u0131 kurtarmak ve asans\u00f6r\u00fc tekrar \u00e7al\u0131\u015ft\u0131rmak zorunda kalan teknik ekibin s\u00f6yledi\u011fine g\u00f6re, yeni tak\u0131lan motor da hava ko\u015fullar\u0131ndan ve a\u015f\u0131r\u0131 \u00e7al\u0131\u015fmaktan s\u0131k s\u0131k ar\u0131za yapmaya ba\u015flad\u0131. Yeni motorun bu a\u015f\u0131r\u0131 talebe uyum sa\u011flamas\u0131n\u0131n biraz zaman alaca\u011f\u0131 ve k\u0131sa s\u00fcre i\u00e7erisinde asans\u00f6r\u00fcn aral\u0131ks\u0131z \u00e7al\u0131\u015fmaya ba\u015flayaca\u011f\u0131 belirtildi.<\/p>\n<p>13 K\u0130\u015e\u0130L\u0130K ASANS\u00d6RE DAHA FAZLA K\u0130\u015e\u0130 B\u0130N\u0130YOR!<\/p>\n<p>Yat Liman\u0131 esnaf\u0131 da asans\u00f6r\u00fcn s\u0131k s\u0131k ar\u0131za yapmas\u0131ndan \u015fikayet ederek, bu sorunun acilen giderilmesi gerekti\u011fini s\u00f6yl\u00fcyor. B\u00f6lge esnaf\u0131 asans\u00f6r\u00fcn \u00e7al\u0131\u015fmad\u0131\u011f\u0131 d\u00f6nemlerde Yat Liman\u0131\u2019nda i\u015flerin durdu\u011funu belirterek, \u201cAsans\u00f6r \u00e7al\u0131\u015ft\u0131\u011f\u0131 zaman \u00e7ok say\u0131da m\u00fc\u015fteri Yat Liman\u0131\u2019na geliyor, \u00e7al\u0131\u015fmad\u0131\u011f\u0131 zaman i\u015flerimiz duruyor. Bize kal\u0131rsa asans\u00f6r\u00fcn ba\u015f\u0131nda s\u00fcrekli bir g\u00f6revlinin durmas\u0131 ve her t\u00fcrl\u00fc soruna m\u00fcdahale etmesi gerekiyor. Asans\u00f6r 13 ki\u015filik, ama kimi zaman 20 ki\u015fi binmeye \u00e7al\u0131\u015f\u0131yor, alarm zili \u00f6t\u00fcyor hala \u0131srarla yukar\u0131ya \u00e7\u0131kmaya \u00e7al\u0131\u015f\u0131yorlar. Burada g\u00f6revlendirilecek belediye personeli t\u00fcm bu hoyrat kullan\u0131mlara m\u00fcdahale ederek asans\u00f6r\u00fcn ar\u0131za yapmas\u0131na engel olabilir\u201d \u015feklinde g\u00f6r\u00fc\u015f belirttiler.<\/p>\n<p>\u200bAntalya\u2019da Tophane \u00c7ay Bah\u00e7esi\u2019nin bat\u0131 ucundan Yat Liman\u0131\u2019na ini\u015f ve \u00e7\u0131k\u0131\u015flar\u0131 sa\u011flayan asans\u00f6r\u00fcn s\u0131k s\u0131k ar\u0131zalanmas\u0131 tepki \u00e7ekiyor. Ar\u0131zalar\u0131n genellikle 13 ki\u015filik asans\u00f6re 15-20 ki\u015finin binmesinden kaynakland\u0131\u011f\u0131 tahmin ediliyor\u00a0<\/p>\n<p>\u200bHaberin Al\u0131nt\u0131land\u0131\u011f\u0131 Kaynak: www.antalyakorfez.com<\/p>","protected":false},"excerpt":{"rendered":"<p>Antalya B\u00fcy\u00fck\u015fehir Belediyesi\u2019nin Tophane \u00c7ay Bah\u00e7esi\u2019nden Yat Liman\u0131\u2019na ini\u015f ve \u00e7\u0131k\u0131\u015f i\u00e7in in\u015fa etti\u011fi panoramik asans\u00f6r aradan ge\u00e7en zaman zarf\u0131nda adeta hurdaya \u00e7\u0131karak \u00fcst \u00fcste ar\u0131za yapmaya ba\u015flad\u0131. A\u015f\u0131r\u0131 zorlu \u00e7al\u0131\u015fma ortam\u0131ndan ve s\u0131cak havadan y\u0131pranan asans\u00f6r\u00fcn motoru iflas edince Antalya B\u00fcy\u00fck\u015fehir Belediyesi\u2019nin talimat\u0131yla daha \u00f6nceden de\u011fi\u015ftirilmi\u015fti. Ancak zorlu \u00e7al\u0131\u015fma ko\u015fullar\u0131n\u0131n ve s\u0131cak havan\u0131n etkisi yeni motoru da zorlamaya ba\u015flay\u0131nca asans\u00f6r yine ar\u0131za yapmaya devam ediyor.\u00a0 S\u0130N\u0130RLER\u0130N GER\u0130LD\u0130\u011e\u0130 ANLAR YA\u015eANIYOR \u00dcst \u00fcste ya\u015fanan ar\u0131zalar nedeniyle a\u015fa\u011f\u0131da kalan ve merdivenler ile Yat Liman\u0131 varyant\u0131ndan \u00e7\u0131kmay\u0131 g\u00f6ze alamayan turistler \u0131srarla asans\u00f6r\u00fcn kap\u0131s\u0131nda y\u0131\u011f\u0131lmaya ve beklemeye ba\u015flad\u0131lar. S\u0131raya girenlerin, tamir i\u00e7in ekiplerin gelmesini beklerken a\u015f\u0131r\u0131 huzursuzluk ya\u015famalar\u0131n nedeniyle kimi zaman tart\u0131\u015fmalar\u0131n ve kavgalar\u0131n \u00e7\u0131kt\u0131\u011f\u0131 \u00f6\u011frenildi. S\u0131k s\u0131k bozulan asans\u00f6re gelerek i\u00e7inde kalanlar\u0131 kurtarmak ve asans\u00f6r\u00fc tekrar \u00e7al\u0131\u015ft\u0131rmak zorunda kalan teknik ekibin s\u00f6yledi\u011fine g\u00f6re, yeni tak\u0131lan motor da hava ko\u015fullar\u0131ndan ve a\u015f\u0131r\u0131 \u00e7al\u0131\u015fmaktan s\u0131k s\u0131k ar\u0131za yapmaya ba\u015flad\u0131. Yeni motorun bu a\u015f\u0131r\u0131 talebe uyum sa\u011flamas\u0131n\u0131n biraz zaman alaca\u011f\u0131 ve k\u0131sa s\u00fcre i\u00e7erisinde asans\u00f6r\u00fcn aral\u0131ks\u0131z \u00e7al\u0131\u015fmaya ba\u015flayaca\u011f\u0131 belirtildi. 13 K\u0130\u015e\u0130L\u0130K ASANS\u00d6RE DAHA FAZLA K\u0130\u015e\u0130 B\u0130N\u0130YOR! Yat Liman\u0131 esnaf\u0131 da asans\u00f6r\u00fcn s\u0131k s\u0131k ar\u0131za yapmas\u0131ndan \u015fikayet ederek, bu sorunun acilen giderilmesi gerekti\u011fini s\u00f6yl\u00fcyor. B\u00f6lge esnaf\u0131 asans\u00f6r\u00fcn \u00e7al\u0131\u015fmad\u0131\u011f\u0131 d\u00f6nemlerde Yat Liman\u0131\u2019nda i\u015flerin durdu\u011funu belirterek, \u201cAsans\u00f6r \u00e7al\u0131\u015ft\u0131\u011f\u0131 zaman &hellip;<\/p>","protected":false},"author":0,"featured_media":0,"comment_status":"open","ping_status":"open","sticky":false,"template":"","format":"standard","meta":{"_acf_changed":false,"footnotes":""},"categories":[24,535],"tags":[],"class_list":["post-15836","post","type-post","status-publish","format-standard","has-post-thumbnail","hentry","category-gundem","category-uncategorized-tr"],"acf":[],"yoast_head":"<!-- This site is optimized with the Yoast SEO Premium plugin v26.6 (Yoast SEO v27.1.1) - https:\/\/yoast.com\/product\/yoast-seo-premium-wordpress\/ -->\n<title>Antalya\u2019da asans\u00f6r tepkisi! 13 ki\u015filik asans\u00f6re 20 ki\u015fi binince\u2026 - Av. Deniz Can K\u0131z\u0131l<\/title>\n<meta name=\"robots\" content=\"index, follow, max-snippet:-1, max-image-preview:large, max-video-preview:-1\" \/>\n<link rel=\"canonical\" href=\"http:\/\/denizcankizil.tr\/en\/haberler\/gundem\/antalyada-asansor-tepkisi-13-kisilik-asansore-20-kisi-binince\/\" \/>\n<meta property=\"og:locale\" content=\"en_GB\" \/>\n<meta property=\"og:type\" content=\"article\" \/>\n<meta property=\"og:title\" content=\"Antalya\u2019da asans\u00f6r tepkisi! 13 ki\u015filik asans\u00f6re 20 ki\u015fi binince\u2026\" \/>\n<meta property=\"og:description\" content=\"Antalya B\u00fcy\u00fck\u015fehir Belediyesi\u2019nin Tophane \u00c7ay Bah\u00e7esi\u2019nden Yat Liman\u0131\u2019na ini\u015f ve \u00e7\u0131k\u0131\u015f i\u00e7in in\u015fa etti\u011fi panoramik asans\u00f6r aradan ge\u00e7en zaman zarf\u0131nda adeta hurdaya \u00e7\u0131karak \u00fcst \u00fcste ar\u0131za yapmaya ba\u015flad\u0131. A\u015f\u0131r\u0131 zorlu \u00e7al\u0131\u015fma ortam\u0131ndan ve s\u0131cak havadan y\u0131pranan asans\u00f6r\u00fcn motoru iflas edince Antalya B\u00fcy\u00fck\u015fehir Belediyesi\u2019nin talimat\u0131yla daha \u00f6nceden de\u011fi\u015ftirilmi\u015fti. Ancak zorlu \u00e7al\u0131\u015fma ko\u015fullar\u0131n\u0131n ve s\u0131cak havan\u0131n etkisi yeni motoru da zorlamaya ba\u015flay\u0131nca asans\u00f6r yine ar\u0131za yapmaya devam ediyor.\u00a0 S\u0130N\u0130RLER\u0130N GER\u0130LD\u0130\u011e\u0130 ANLAR YA\u015eANIYOR \u00dcst \u00fcste ya\u015fanan ar\u0131zalar nedeniyle a\u015fa\u011f\u0131da kalan ve merdivenler ile Yat Liman\u0131 varyant\u0131ndan \u00e7\u0131kmay\u0131 g\u00f6ze alamayan turistler \u0131srarla asans\u00f6r\u00fcn kap\u0131s\u0131nda y\u0131\u011f\u0131lmaya ve beklemeye ba\u015flad\u0131lar. S\u0131raya girenlerin, tamir i\u00e7in ekiplerin gelmesini beklerken a\u015f\u0131r\u0131 huzursuzluk ya\u015famalar\u0131n nedeniyle kimi zaman tart\u0131\u015fmalar\u0131n ve kavgalar\u0131n \u00e7\u0131kt\u0131\u011f\u0131 \u00f6\u011frenildi. S\u0131k s\u0131k bozulan asans\u00f6re gelerek i\u00e7inde kalanlar\u0131 kurtarmak ve asans\u00f6r\u00fc tekrar \u00e7al\u0131\u015ft\u0131rmak zorunda kalan teknik ekibin s\u00f6yledi\u011fine g\u00f6re, yeni tak\u0131lan motor da hava ko\u015fullar\u0131ndan ve a\u015f\u0131r\u0131 \u00e7al\u0131\u015fmaktan s\u0131k s\u0131k ar\u0131za yapmaya ba\u015flad\u0131. Yeni motorun bu a\u015f\u0131r\u0131 talebe uyum sa\u011flamas\u0131n\u0131n biraz zaman alaca\u011f\u0131 ve k\u0131sa s\u00fcre i\u00e7erisinde asans\u00f6r\u00fcn aral\u0131ks\u0131z \u00e7al\u0131\u015fmaya ba\u015flayaca\u011f\u0131 belirtildi. 13 K\u0130\u015e\u0130L\u0130K ASANS\u00d6RE DAHA FAZLA K\u0130\u015e\u0130 B\u0130N\u0130YOR! Yat Liman\u0131 esnaf\u0131 da asans\u00f6r\u00fcn s\u0131k s\u0131k ar\u0131za yapmas\u0131ndan \u015fikayet ederek, bu sorunun acilen giderilmesi gerekti\u011fini s\u00f6yl\u00fcyor. B\u00f6lge esnaf\u0131 asans\u00f6r\u00fcn \u00e7al\u0131\u015fmad\u0131\u011f\u0131 d\u00f6nemlerde Yat Liman\u0131\u2019nda i\u015flerin durdu\u011funu belirterek, \u201cAsans\u00f6r \u00e7al\u0131\u015ft\u0131\u011f\u0131 zaman &hellip;\" \/>\n<meta property=\"og:url\" content=\"http:\/\/denizcankizil.tr\/en\/haberler\/gundem\/antalyada-asansor-tepkisi-13-kisilik-asansore-20-kisi-binince\/\" \/>\n<meta property=\"og:site_name\" content=\"Av. Deniz Can K\u0131z\u0131l\" \/>\n<meta property=\"article:published_time\" content=\"2024-11-14T07:41:56+00:00\" \/>\n<meta name=\"twitter:card\" content=\"summary_large_image\" \/>\n<meta name=\"twitter:label1\" content=\"Estimated reading time\" \/>\n\t<meta name=\"twitter:data1\" content=\"2 minutes\" \/>\n<script type=\"application\/ld+json\" class=\"yoast-schema-graph\">{\"@context\":\"https:\/\/schema.org\",\"@graph\":[{\"@type\":\"Article\",\"@id\":\"http:\/\/denizcankizil.tr\/en\/haberler\/gundem\/antalyada-asansor-tepkisi-13-kisilik-asansore-20-kisi-binince\/#article\",\"isPartOf\":{\"@id\":\"http:\/\/denizcankizil.tr\/en\/haberler\/gundem\/antalyada-asansor-tepkisi-13-kisilik-asansore-20-kisi-binince\/\"},\"author\":{\"name\":\"\",\"@id\":\"\"},\"headline\":\"Antalya\u2019da asans\u00f6r tepkisi! 13 ki\u015filik asans\u00f6re 20 ki\u015fi binince\u2026\",\"datePublished\":\"2024-11-14T07:41:56+00:00\",\"mainEntityOfPage\":{\"@id\":\"http:\/\/denizcankizil.tr\/en\/haberler\/gundem\/antalyada-asansor-tepkisi-13-kisilik-asansore-20-kisi-binince\/\"},\"wordCount\":473,\"commentCount\":0,\"publisher\":{\"@id\":\"https:\/\/denizcankizil.tr\/#organization\"},\"articleSection\":[\"G\u00fcndem\",\"Uncategorized\"],\"inLanguage\":\"en-GB\",\"potentialAction\":[{\"@type\":\"CommentAction\",\"name\":\"Comment\",\"target\":[\"http:\/\/denizcankizil.tr\/en\/haberler\/gundem\/antalyada-asansor-tepkisi-13-kisilik-asansore-20-kisi-binince\/#respond\"]}]},{\"@type\":\"WebPage\",\"@id\":\"http:\/\/denizcankizil.tr\/en\/haberler\/gundem\/antalyada-asansor-tepkisi-13-kisilik-asansore-20-kisi-binince\/\",\"url\":\"http:\/\/denizcankizil.tr\/en\/haberler\/gundem\/antalyada-asansor-tepkisi-13-kisilik-asansore-20-kisi-binince\/\",\"name\":\"Antalya\u2019da asans\u00f6r tepkisi! 13 ki\u015filik asans\u00f6re 20 ki\u015fi binince\u2026 - Av. Deniz Can K\u0131z\u0131l\",\"isPartOf\":{\"@id\":\"https:\/\/denizcankizil.tr\/#website\"},\"datePublished\":\"2024-11-14T07:41:56+00:00\",\"breadcrumb\":{\"@id\":\"http:\/\/denizcankizil.tr\/en\/haberler\/gundem\/antalyada-asansor-tepkisi-13-kisilik-asansore-20-kisi-binince\/#breadcrumb\"},\"inLanguage\":\"en-GB\",\"potentialAction\":[{\"@type\":\"ReadAction\",\"target\":[\"http:\/\/denizcankizil.tr\/en\/haberler\/gundem\/antalyada-asansor-tepkisi-13-kisilik-asansore-20-kisi-binince\/\"]}]},{\"@type\":\"BreadcrumbList\",\"@id\":\"http:\/\/denizcankizil.tr\/en\/haberler\/gundem\/antalyada-asansor-tepkisi-13-kisilik-asansore-20-kisi-binince\/#breadcrumb\",\"itemListElement\":[{\"@type\":\"ListItem\",\"position\":1,\"name\":\"Home\",\"item\":\"https:\/\/denizcankizil.tr\/de\/\"},{\"@type\":\"ListItem\",\"position\":2,\"name\":\"Antalya\u2019da asans\u00f6r tepkisi! 13 ki\u015filik asans\u00f6re 20 ki\u015fi binince\u2026\"}]},{\"@type\":\"WebSite\",\"@id\":\"https:\/\/denizcankizil.tr\/#website\",\"url\":\"https:\/\/denizcankizil.tr\/\",\"name\":\"Av. Deniz Can K\u0131z\u0131l\",\"description\":\"Avukat Deniz Can K\u0131z\u0131l Antalya Barosu\",\"publisher\":{\"@id\":\"https:\/\/denizcankizil.tr\/#organization\"},\"potentialAction\":[{\"@type\":\"SearchAction\",\"target\":{\"@type\":\"EntryPoint\",\"urlTemplate\":\"https:\/\/denizcankizil.tr\/?s={search_term_string}\"},\"query-input\":{\"@type\":\"PropertyValueSpecification\",\"valueRequired\":true,\"valueName\":\"search_term_string\"}}],\"inLanguage\":\"en-GB\"},{\"@type\":\"Organization\",\"@id\":\"https:\/\/denizcankizil.tr\/#organization\",\"name\":\"Av. Deniz Can K\u0131z\u0131l\",\"url\":\"https:\/\/denizcankizil.tr\/\",\"logo\":{\"@type\":\"ImageObject\",\"inLanguage\":\"en-GB\",\"@id\":\"https:\/\/denizcankizil.tr\/#\/schema\/logo\/image\/\",\"url\":\"http:\/\/denizcankizil.tr\/wp-content\/uploads\/2024\/10\/siyah-logo-svg.svg\",\"contentUrl\":\"http:\/\/denizcankizil.tr\/wp-content\/uploads\/2024\/10\/siyah-logo-svg.svg\",\"width\":1080,\"height\":1080,\"caption\":\"Av. Deniz Can K\u0131z\u0131l\"},\"image\":{\"@id\":\"https:\/\/denizcankizil.tr\/#\/schema\/logo\/image\/\"}}]}<\/script>\n<!-- \/ Yoast SEO Premium plugin. -->","yoast_head_json":{"title":"Antalya\u2019da asans\u00f6r tepkisi! 13 ki\u015filik asans\u00f6re 20 ki\u015fi binince\u2026 - Av. Deniz Can K\u0131z\u0131l","robots":{"index":"index","follow":"follow","max-snippet":"max-snippet:-1","max-image-preview":"max-image-preview:large","max-video-preview":"max-video-preview:-1"},"canonical":"http:\/\/denizcankizil.tr\/en\/haberler\/gundem\/antalyada-asansor-tepkisi-13-kisilik-asansore-20-kisi-binince\/","og_locale":"en_GB","og_type":"article","og_title":"Antalya\u2019da asans\u00f6r tepkisi! 13 ki\u015filik asans\u00f6re 20 ki\u015fi binince\u2026","og_description":"Antalya B\u00fcy\u00fck\u015fehir Belediyesi\u2019nin Tophane \u00c7ay Bah\u00e7esi\u2019nden Yat Liman\u0131\u2019na ini\u015f ve \u00e7\u0131k\u0131\u015f i\u00e7in in\u015fa etti\u011fi panoramik asans\u00f6r aradan ge\u00e7en zaman zarf\u0131nda adeta hurdaya \u00e7\u0131karak \u00fcst \u00fcste ar\u0131za yapmaya ba\u015flad\u0131. A\u015f\u0131r\u0131 zorlu \u00e7al\u0131\u015fma ortam\u0131ndan ve s\u0131cak havadan y\u0131pranan asans\u00f6r\u00fcn motoru iflas edince Antalya B\u00fcy\u00fck\u015fehir Belediyesi\u2019nin talimat\u0131yla daha \u00f6nceden de\u011fi\u015ftirilmi\u015fti. Ancak zorlu \u00e7al\u0131\u015fma ko\u015fullar\u0131n\u0131n ve s\u0131cak havan\u0131n etkisi yeni motoru da zorlamaya ba\u015flay\u0131nca asans\u00f6r yine ar\u0131za yapmaya devam ediyor.\u00a0 S\u0130N\u0130RLER\u0130N GER\u0130LD\u0130\u011e\u0130 ANLAR YA\u015eANIYOR \u00dcst \u00fcste ya\u015fanan ar\u0131zalar nedeniyle a\u015fa\u011f\u0131da kalan ve merdivenler ile Yat Liman\u0131 varyant\u0131ndan \u00e7\u0131kmay\u0131 g\u00f6ze alamayan turistler \u0131srarla asans\u00f6r\u00fcn kap\u0131s\u0131nda y\u0131\u011f\u0131lmaya ve beklemeye ba\u015flad\u0131lar. S\u0131raya girenlerin, tamir i\u00e7in ekiplerin gelmesini beklerken a\u015f\u0131r\u0131 huzursuzluk ya\u015famalar\u0131n nedeniyle kimi zaman tart\u0131\u015fmalar\u0131n ve kavgalar\u0131n \u00e7\u0131kt\u0131\u011f\u0131 \u00f6\u011frenildi. S\u0131k s\u0131k bozulan asans\u00f6re gelerek i\u00e7inde kalanlar\u0131 kurtarmak ve asans\u00f6r\u00fc tekrar \u00e7al\u0131\u015ft\u0131rmak zorunda kalan teknik ekibin s\u00f6yledi\u011fine g\u00f6re, yeni tak\u0131lan motor da hava ko\u015fullar\u0131ndan ve a\u015f\u0131r\u0131 \u00e7al\u0131\u015fmaktan s\u0131k s\u0131k ar\u0131za yapmaya ba\u015flad\u0131. Yeni motorun bu a\u015f\u0131r\u0131 talebe uyum sa\u011flamas\u0131n\u0131n biraz zaman alaca\u011f\u0131 ve k\u0131sa s\u00fcre i\u00e7erisinde asans\u00f6r\u00fcn aral\u0131ks\u0131z \u00e7al\u0131\u015fmaya ba\u015flayaca\u011f\u0131 belirtildi. 13 K\u0130\u015e\u0130L\u0130K ASANS\u00d6RE DAHA FAZLA K\u0130\u015e\u0130 B\u0130N\u0130YOR! Yat Liman\u0131 esnaf\u0131 da asans\u00f6r\u00fcn s\u0131k s\u0131k ar\u0131za yapmas\u0131ndan \u015fikayet ederek, bu sorunun acilen giderilmesi gerekti\u011fini s\u00f6yl\u00fcyor. B\u00f6lge esnaf\u0131 asans\u00f6r\u00fcn \u00e7al\u0131\u015fmad\u0131\u011f\u0131 d\u00f6nemlerde Yat Liman\u0131\u2019nda i\u015flerin durdu\u011funu belirterek, \u201cAsans\u00f6r \u00e7al\u0131\u015ft\u0131\u011f\u0131 zaman &hellip;","og_url":"http:\/\/denizcankizil.tr\/en\/haberler\/gundem\/antalyada-asansor-tepkisi-13-kisilik-asansore-20-kisi-binince\/","og_site_name":"Av. Deniz Can K\u0131z\u0131l","article_published_time":"2024-11-14T07:41:56+00:00","twitter_card":"summary_large_image","twitter_misc":{"Estimated reading time":"2 minutes"},"schema":{"@context":"https:\/\/schema.org","@graph":[{"@type":"Article","@id":"http:\/\/denizcankizil.tr\/en\/haberler\/gundem\/antalyada-asansor-tepkisi-13-kisilik-asansore-20-kisi-binince\/#article","isPartOf":{"@id":"http:\/\/denizcankizil.tr\/en\/haberler\/gundem\/antalyada-asansor-tepkisi-13-kisilik-asansore-20-kisi-binince\/"},"author":{"name":"","@id":""},"headline":"Antalya\u2019da asans\u00f6r tepkisi! 13 ki\u015filik asans\u00f6re 20 ki\u015fi binince\u2026","datePublished":"2024-11-14T07:41:56+00:00","mainEntityOfPage":{"@id":"http:\/\/denizcankizil.tr\/en\/haberler\/gundem\/antalyada-asansor-tepkisi-13-kisilik-asansore-20-kisi-binince\/"},"wordCount":473,"commentCount":0,"publisher":{"@id":"https:\/\/denizcankizil.tr\/#organization"},"articleSection":["G\u00fcndem","Uncategorized"],"inLanguage":"en-GB","potentialAction":[{"@type":"CommentAction","name":"Comment","target":["http:\/\/denizcankizil.tr\/en\/haberler\/gundem\/antalyada-asansor-tepkisi-13-kisilik-asansore-20-kisi-binince\/#respond"]}]},{"@type":"WebPage","@id":"http:\/\/denizcankizil.tr\/en\/haberler\/gundem\/antalyada-asansor-tepkisi-13-kisilik-asansore-20-kisi-binince\/","url":"http:\/\/denizcankizil.tr\/en\/haberler\/gundem\/antalyada-asansor-tepkisi-13-kisilik-asansore-20-kisi-binince\/","name":"Antalya\u2019da asans\u00f6r tepkisi! 13 ki\u015filik asans\u00f6re 20 ki\u015fi binince\u2026 - Av. Deniz Can K\u0131z\u0131l","isPartOf":{"@id":"https:\/\/denizcankizil.tr\/#website"},"datePublished":"2024-11-14T07:41:56+00:00","breadcrumb":{"@id":"http:\/\/denizcankizil.tr\/en\/haberler\/gundem\/antalyada-asansor-tepkisi-13-kisilik-asansore-20-kisi-binince\/#breadcrumb"},"inLanguage":"en-GB","potentialAction":[{"@type":"ReadAction","target":["http:\/\/denizcankizil.tr\/en\/haberler\/gundem\/antalyada-asansor-tepkisi-13-kisilik-asansore-20-kisi-binince\/"]}]},{"@type":"BreadcrumbList","@id":"http:\/\/denizcankizil.tr\/en\/haberler\/gundem\/antalyada-asansor-tepkisi-13-kisilik-asansore-20-kisi-binince\/#breadcrumb","itemListElement":[{"@type":"ListItem","position":1,"name":"Home","item":"https:\/\/denizcankizil.tr\/de\/"},{"@type":"ListItem","position":2,"name":"Antalya\u2019da asans\u00f6r tepkisi! 13 ki\u015filik asans\u00f6re 20 ki\u015fi binince\u2026"}]},{"@type":"WebSite","@id":"https:\/\/denizcankizil.tr\/#website","url":"https:\/\/denizcankizil.tr\/","name":"Av. Deniz Can K\u0131z\u0131l","description":"Avukat Deniz Can K\u0131z\u0131l Antalya Barosu","publisher":{"@id":"https:\/\/denizcankizil.tr\/#organization"},"potentialAction":[{"@type":"SearchAction","target":{"@type":"EntryPoint","urlTemplate":"https:\/\/denizcankizil.tr\/?s={search_term_string}"},"query-input":{"@type":"PropertyValueSpecification","valueRequired":true,"valueName":"search_term_string"}}],"inLanguage":"en-GB"},{"@type":"Organization","@id":"https:\/\/denizcankizil.tr\/#organization","name":"Av. Deniz Can K\u0131z\u0131l","url":"https:\/\/denizcankizil.tr\/","logo":{"@type":"ImageObject","inLanguage":"en-GB","@id":"https:\/\/denizcankizil.tr\/#\/schema\/logo\/image\/","url":"http:\/\/denizcankizil.tr\/wp-content\/uploads\/2024\/10\/siyah-logo-svg.svg","contentUrl":"http:\/\/denizcankizil.tr\/wp-content\/uploads\/2024\/10\/siyah-logo-svg.svg","width":1080,"height":1080,"caption":"Av. Deniz Can K\u0131z\u0131l"},"image":{"@id":"https:\/\/denizcankizil.tr\/#\/schema\/logo\/image\/"}}]}},"_links":{"self":[{"href":"http:\/\/denizcankizil.tr\/en\/wp-json\/wp\/v2\/posts\/15836","targetHints":{"allow":["GET"]}}],"collection":[{"href":"http:\/\/denizcankizil.tr\/en\/wp-json\/wp\/v2\/posts"}],"about":[{"href":"http:\/\/denizcankizil.tr\/en\/wp-json\/wp\/v2\/types\/post"}],"replies":[{"embeddable":true,"href":"http:\/\/denizcankizil.tr\/en\/wp-json\/wp\/v2\/comments?post=15836"}],"version-history":[{"count":0,"href":"http:\/\/denizcankizil.tr\/en\/wp-json\/wp\/v2\/posts\/15836\/revisions"}],"wp:attachment":[{"href":"http:\/\/denizcankizil.tr\/en\/wp-json\/wp\/v2\/media?parent=15836"}],"wp:term":[{"taxonomy":"category","embeddable":true,"href":"http:\/\/denizcankizil.tr\/en\/wp-json\/wp\/v2\/categories?post=15836"},{"taxonomy":"post_tag","embeddable":true,"href":"http:\/\/denizcankizil.tr\/en\/wp-json\/wp\/v2\/tags?post=15836"}],"curies":[{"name":"wp","href":"https:\/\/api.w.org\/{rel}","templated":true}]}}