{"id":15795,"date":"2024-11-13T16:43:56","date_gmt":"2024-11-13T13:43:56","guid":{"rendered":"https:\/\/denizcankizil.tr\/uncategorized-tr\/bursa-osmangazide-klasik-keyif\/"},"modified":"2024-11-13T16:43:56","modified_gmt":"2024-11-13T13:43:56","slug":"bursa-osmangazide-klasik-keyif","status":"publish","type":"post","link":"http:\/\/denizcankizil.tr\/en\/haberler\/gundem\/bursa-osmangazide-klasik-keyif\/","title":{"rendered":"Bursa Osmangazi\u2019de &#8216;klasik&#8217; keyif"},"content":{"rendered":"<p>Osmangazi Belediyesi, Bursa Ho\u015f Sada K\u00fclt\u00fcr ve Sanat Derne\u011fi i\u015fbirli\u011finde d\u00fczenledi\u011fi Bendir ile Klasik T\u00fcrk Sanat M\u00fczi\u011fi Konseri ile kat\u0131lan m\u00fczikseverlere unutulmaz bir gece ya\u015fatt\u0131.BURSA (\u0130GFA) &#8211;\u00a0Panorama 1326 Bursa Fetih M\u00fczesi\u2019nde d\u00fczenlenen konser, Bursal\u0131 m\u00fczikseverlerin yo\u011fun kat\u0131l\u0131m\u0131yla ger\u00e7ekle\u015fti. Konserde, Bursa Ho\u015f Sada K\u00fclt\u00fcr ve Sanat Derne\u011fi Bendir Grubu \u00fcyeleri, birbirinden g\u00fczel eserleri hem \u00e7al\u0131p hem s\u00f6yleyerek m\u00fczikseverlere unutulmaz bir gece ya\u015fatt\u0131.<br \/>\n\u00a0T\u00fcrk sanat m\u00fczi\u011finin e\u015fsiz par\u00e7alar\u0131ndan olu\u015fan repertuar\u0131, koro olarak seslendiren m\u00fczisyenler, kat\u0131l\u0131mc\u0131lar taraf\u0131ndan b\u00fcy\u00fck be\u011fendi toplad\u0131. Sanat m\u00fczi\u011fi severlerin yo\u011fun ilgi g\u00f6sterdi\u011fi konser, yakla\u015f\u0131k iki saat s\u00fcrd\u00fc. Dinleyiciler, t\u00fcm program boyunca \u015fark\u0131lara alk\u0131\u015flar ile e\u015flik etti.<\/p>\n<p>\u00a0Konser sonunda, Bursa Ho\u015f Sada K\u00fclt\u00fcr ve Sanat Derne\u011fi Bendir E\u011fitim Gurubu taraf\u0131ndan verilen kursu ba\u015far\u0131yla tamamlayarak 2, 3,4, 5 zamanl\u0131 usulleri teorik ve uygulamal\u0131 olarak \u00f6\u011frenen m\u00fczisyenlere, \u201c1.Seviye Bendir ile T\u00fcrk M\u00fczi\u011fi Usulleri E\u011fitimi\u201d sertifikas\u0131 takdim edildi.<\/p>\n<p>\u200bOsmangazi Belediyesi, Bursa Ho\u015f Sada K\u00fclt\u00fcr ve Sanat Derne\u011fi i\u015fbirli\u011finde d\u00fczenledi\u011fi Bendir ile Klasik T\u00fcrk Sanat M\u00fczi\u011fi Konseri ile kat\u0131lan m\u00fczikseverlere unutulmaz bir gece ya\u015fatt\u0131\u00a0<\/p>\n<p>\u200bHaberin Al\u0131nt\u0131land\u0131\u011f\u0131 Kaynak: www.iskenderun.org<\/p>","protected":false},"excerpt":{"rendered":"<p>Osmangazi Belediyesi, Bursa Ho\u015f Sada K\u00fclt\u00fcr ve Sanat Derne\u011fi i\u015fbirli\u011finde d\u00fczenledi\u011fi Bendir ile Klasik T\u00fcrk Sanat M\u00fczi\u011fi Konseri ile kat\u0131lan m\u00fczikseverlere unutulmaz bir gece ya\u015fatt\u0131.BURSA (\u0130GFA) &#8211;\u00a0Panorama 1326 Bursa Fetih M\u00fczesi\u2019nde d\u00fczenlenen konser, Bursal\u0131 m\u00fczikseverlerin yo\u011fun kat\u0131l\u0131m\u0131yla ger\u00e7ekle\u015fti. Konserde, Bursa Ho\u015f Sada K\u00fclt\u00fcr ve Sanat Derne\u011fi Bendir Grubu \u00fcyeleri, birbirinden g\u00fczel eserleri hem \u00e7al\u0131p hem s\u00f6yleyerek m\u00fczikseverlere unutulmaz bir gece ya\u015fatt\u0131. \u00a0T\u00fcrk sanat m\u00fczi\u011finin e\u015fsiz par\u00e7alar\u0131ndan olu\u015fan repertuar\u0131, koro olarak seslendiren m\u00fczisyenler, kat\u0131l\u0131mc\u0131lar taraf\u0131ndan b\u00fcy\u00fck be\u011fendi toplad\u0131. Sanat m\u00fczi\u011fi severlerin yo\u011fun ilgi g\u00f6sterdi\u011fi konser, yakla\u015f\u0131k iki saat s\u00fcrd\u00fc. Dinleyiciler, t\u00fcm program boyunca \u015fark\u0131lara alk\u0131\u015flar ile e\u015flik etti. \u00a0Konser sonunda, Bursa Ho\u015f Sada K\u00fclt\u00fcr ve Sanat Derne\u011fi Bendir E\u011fitim Gurubu taraf\u0131ndan verilen kursu ba\u015far\u0131yla tamamlayarak 2, 3,4, 5 zamanl\u0131 usulleri teorik ve uygulamal\u0131 olarak \u00f6\u011frenen m\u00fczisyenlere, \u201c1.Seviye Bendir ile T\u00fcrk M\u00fczi\u011fi Usulleri E\u011fitimi\u201d sertifikas\u0131 takdim edildi. \u200bOsmangazi Belediyesi, Bursa Ho\u015f Sada K\u00fclt\u00fcr ve Sanat Derne\u011fi i\u015fbirli\u011finde d\u00fczenledi\u011fi Bendir ile Klasik T\u00fcrk Sanat M\u00fczi\u011fi Konseri ile kat\u0131lan m\u00fczikseverlere unutulmaz bir gece ya\u015fatt\u0131\u00a0 \u200bHaberin Al\u0131nt\u0131land\u0131\u011f\u0131 Kaynak: www.iskenderun.org<\/p>","protected":false},"author":0,"featured_media":0,"comment_status":"open","ping_status":"open","sticky":false,"template":"","format":"standard","meta":{"_acf_changed":false,"footnotes":""},"categories":[24,535],"tags":[],"class_list":["post-15795","post","type-post","status-publish","format-standard","has-post-thumbnail","hentry","category-gundem","category-uncategorized-tr"],"acf":[],"yoast_head":"<!-- This site is optimized with the Yoast SEO Premium plugin v26.6 (Yoast SEO v27.1.1) - https:\/\/yoast.com\/product\/yoast-seo-premium-wordpress\/ -->\n<title>Bursa Osmangazi\u2019de &#039;klasik&#039; keyif - Av. Deniz Can K\u0131z\u0131l<\/title>\n<meta name=\"robots\" content=\"index, follow, max-snippet:-1, max-image-preview:large, max-video-preview:-1\" \/>\n<link rel=\"canonical\" href=\"http:\/\/denizcankizil.tr\/en\/haberler\/gundem\/bursa-osmangazide-klasik-keyif\/\" \/>\n<meta property=\"og:locale\" content=\"en_GB\" \/>\n<meta property=\"og:type\" content=\"article\" \/>\n<meta property=\"og:title\" content=\"Bursa Osmangazi\u2019de &#039;klasik&#039; keyif\" \/>\n<meta property=\"og:description\" content=\"Osmangazi Belediyesi, Bursa Ho\u015f Sada K\u00fclt\u00fcr ve Sanat Derne\u011fi i\u015fbirli\u011finde d\u00fczenledi\u011fi Bendir ile Klasik T\u00fcrk Sanat M\u00fczi\u011fi Konseri ile kat\u0131lan m\u00fczikseverlere unutulmaz bir gece ya\u015fatt\u0131.BURSA (\u0130GFA) &#8211;\u00a0Panorama 1326 Bursa Fetih M\u00fczesi\u2019nde d\u00fczenlenen konser, Bursal\u0131 m\u00fczikseverlerin yo\u011fun kat\u0131l\u0131m\u0131yla ger\u00e7ekle\u015fti. Konserde, Bursa Ho\u015f Sada K\u00fclt\u00fcr ve Sanat Derne\u011fi Bendir Grubu \u00fcyeleri, birbirinden g\u00fczel eserleri hem \u00e7al\u0131p hem s\u00f6yleyerek m\u00fczikseverlere unutulmaz bir gece ya\u015fatt\u0131. \u00a0T\u00fcrk sanat m\u00fczi\u011finin e\u015fsiz par\u00e7alar\u0131ndan olu\u015fan repertuar\u0131, koro olarak seslendiren m\u00fczisyenler, kat\u0131l\u0131mc\u0131lar taraf\u0131ndan b\u00fcy\u00fck be\u011fendi toplad\u0131. Sanat m\u00fczi\u011fi severlerin yo\u011fun ilgi g\u00f6sterdi\u011fi konser, yakla\u015f\u0131k iki saat s\u00fcrd\u00fc. Dinleyiciler, t\u00fcm program boyunca \u015fark\u0131lara alk\u0131\u015flar ile e\u015flik etti. \u00a0Konser sonunda, Bursa Ho\u015f Sada K\u00fclt\u00fcr ve Sanat Derne\u011fi Bendir E\u011fitim Gurubu taraf\u0131ndan verilen kursu ba\u015far\u0131yla tamamlayarak 2, 3,4, 5 zamanl\u0131 usulleri teorik ve uygulamal\u0131 olarak \u00f6\u011frenen m\u00fczisyenlere, \u201c1.Seviye Bendir ile T\u00fcrk M\u00fczi\u011fi Usulleri E\u011fitimi\u201d sertifikas\u0131 takdim edildi. \u200bOsmangazi Belediyesi, Bursa Ho\u015f Sada K\u00fclt\u00fcr ve Sanat Derne\u011fi i\u015fbirli\u011finde d\u00fczenledi\u011fi Bendir ile Klasik T\u00fcrk Sanat M\u00fczi\u011fi Konseri ile kat\u0131lan m\u00fczikseverlere unutulmaz bir gece ya\u015fatt\u0131\u00a0 \u200bHaberin Al\u0131nt\u0131land\u0131\u011f\u0131 Kaynak: www.iskenderun.org\" \/>\n<meta property=\"og:url\" content=\"http:\/\/denizcankizil.tr\/en\/haberler\/gundem\/bursa-osmangazide-klasik-keyif\/\" \/>\n<meta property=\"og:site_name\" content=\"Av. Deniz Can K\u0131z\u0131l\" \/>\n<meta property=\"article:published_time\" content=\"2024-11-13T13:43:56+00:00\" \/>\n<meta name=\"twitter:card\" content=\"summary_large_image\" \/>\n<meta name=\"twitter:label1\" content=\"Estimated reading time\" \/>\n\t<meta name=\"twitter:data1\" content=\"1 minute\" \/>\n<script type=\"application\/ld+json\" class=\"yoast-schema-graph\">{\"@context\":\"https:\/\/schema.org\",\"@graph\":[{\"@type\":\"Article\",\"@id\":\"http:\/\/denizcankizil.tr\/en\/haberler\/gundem\/bursa-osmangazide-klasik-keyif\/#article\",\"isPartOf\":{\"@id\":\"http:\/\/denizcankizil.tr\/en\/haberler\/gundem\/bursa-osmangazide-klasik-keyif\/\"},\"author\":{\"name\":\"\",\"@id\":\"\"},\"headline\":\"Bursa Osmangazi\u2019de &#8216;klasik&#8217; keyif\",\"datePublished\":\"2024-11-13T13:43:56+00:00\",\"mainEntityOfPage\":{\"@id\":\"http:\/\/denizcankizil.tr\/en\/haberler\/gundem\/bursa-osmangazide-klasik-keyif\/\"},\"wordCount\":253,\"commentCount\":0,\"publisher\":{\"@id\":\"https:\/\/denizcankizil.tr\/de\/#organization\"},\"articleSection\":[\"G\u00fcndem\",\"Uncategorized\"],\"inLanguage\":\"en-GB\",\"potentialAction\":[{\"@type\":\"CommentAction\",\"name\":\"Comment\",\"target\":[\"http:\/\/denizcankizil.tr\/en\/haberler\/gundem\/bursa-osmangazide-klasik-keyif\/#respond\"]}]},{\"@type\":\"WebPage\",\"@id\":\"http:\/\/denizcankizil.tr\/en\/haberler\/gundem\/bursa-osmangazide-klasik-keyif\/\",\"url\":\"http:\/\/denizcankizil.tr\/en\/haberler\/gundem\/bursa-osmangazide-klasik-keyif\/\",\"name\":\"Bursa Osmangazi\u2019de 'klasik' keyif - Av. Deniz Can K\u0131z\u0131l\",\"isPartOf\":{\"@id\":\"https:\/\/denizcankizil.tr\/de\/#website\"},\"datePublished\":\"2024-11-13T13:43:56+00:00\",\"breadcrumb\":{\"@id\":\"http:\/\/denizcankizil.tr\/en\/haberler\/gundem\/bursa-osmangazide-klasik-keyif\/#breadcrumb\"},\"inLanguage\":\"en-GB\",\"potentialAction\":[{\"@type\":\"ReadAction\",\"target\":[\"http:\/\/denizcankizil.tr\/en\/haberler\/gundem\/bursa-osmangazide-klasik-keyif\/\"]}]},{\"@type\":\"BreadcrumbList\",\"@id\":\"http:\/\/denizcankizil.tr\/en\/haberler\/gundem\/bursa-osmangazide-klasik-keyif\/#breadcrumb\",\"itemListElement\":[{\"@type\":\"ListItem\",\"position\":1,\"name\":\"Home\",\"item\":\"https:\/\/denizcankizil.tr\/de\/\"},{\"@type\":\"ListItem\",\"position\":2,\"name\":\"Bursa Osmangazi\u2019de &#8216;klasik&#8217; keyif\"}]},{\"@type\":\"WebSite\",\"@id\":\"https:\/\/denizcankizil.tr\/de\/#website\",\"url\":\"https:\/\/denizcankizil.tr\/de\/\",\"name\":\"Av. Deniz Can K\u0131z\u0131l\",\"description\":\"Avukat Deniz Can K\u0131z\u0131l Antalya Barosu\",\"publisher\":{\"@id\":\"https:\/\/denizcankizil.tr\/de\/#organization\"},\"potentialAction\":[{\"@type\":\"SearchAction\",\"target\":{\"@type\":\"EntryPoint\",\"urlTemplate\":\"https:\/\/denizcankizil.tr\/de\/?s={search_term_string}\"},\"query-input\":{\"@type\":\"PropertyValueSpecification\",\"valueRequired\":true,\"valueName\":\"search_term_string\"}}],\"inLanguage\":\"en-GB\"},{\"@type\":\"Organization\",\"@id\":\"https:\/\/denizcankizil.tr\/de\/#organization\",\"name\":\"Av. Deniz Can K\u0131z\u0131l\",\"url\":\"https:\/\/denizcankizil.tr\/de\/\",\"logo\":{\"@type\":\"ImageObject\",\"inLanguage\":\"en-GB\",\"@id\":\"https:\/\/denizcankizil.tr\/de\/#\/schema\/logo\/image\/\",\"url\":\"http:\/\/denizcankizil.tr\/wp-content\/uploads\/2024\/10\/siyah-logo-svg.svg\",\"contentUrl\":\"http:\/\/denizcankizil.tr\/wp-content\/uploads\/2024\/10\/siyah-logo-svg.svg\",\"width\":1080,\"height\":1080,\"caption\":\"Av. Deniz Can K\u0131z\u0131l\"},\"image\":{\"@id\":\"https:\/\/denizcankizil.tr\/de\/#\/schema\/logo\/image\/\"}}]}<\/script>\n<!-- \/ Yoast SEO Premium plugin. -->","yoast_head_json":{"title":"Bursa Osmangazi\u2019de 'klasik' keyif - Av. Deniz Can K\u0131z\u0131l","robots":{"index":"index","follow":"follow","max-snippet":"max-snippet:-1","max-image-preview":"max-image-preview:large","max-video-preview":"max-video-preview:-1"},"canonical":"http:\/\/denizcankizil.tr\/en\/haberler\/gundem\/bursa-osmangazide-klasik-keyif\/","og_locale":"en_GB","og_type":"article","og_title":"Bursa Osmangazi\u2019de 'klasik' keyif","og_description":"Osmangazi Belediyesi, Bursa Ho\u015f Sada K\u00fclt\u00fcr ve Sanat Derne\u011fi i\u015fbirli\u011finde d\u00fczenledi\u011fi Bendir ile Klasik T\u00fcrk Sanat M\u00fczi\u011fi Konseri ile kat\u0131lan m\u00fczikseverlere unutulmaz bir gece ya\u015fatt\u0131.BURSA (\u0130GFA) &#8211;\u00a0Panorama 1326 Bursa Fetih M\u00fczesi\u2019nde d\u00fczenlenen konser, Bursal\u0131 m\u00fczikseverlerin yo\u011fun kat\u0131l\u0131m\u0131yla ger\u00e7ekle\u015fti. Konserde, Bursa Ho\u015f Sada K\u00fclt\u00fcr ve Sanat Derne\u011fi Bendir Grubu \u00fcyeleri, birbirinden g\u00fczel eserleri hem \u00e7al\u0131p hem s\u00f6yleyerek m\u00fczikseverlere unutulmaz bir gece ya\u015fatt\u0131. \u00a0T\u00fcrk sanat m\u00fczi\u011finin e\u015fsiz par\u00e7alar\u0131ndan olu\u015fan repertuar\u0131, koro olarak seslendiren m\u00fczisyenler, kat\u0131l\u0131mc\u0131lar taraf\u0131ndan b\u00fcy\u00fck be\u011fendi toplad\u0131. Sanat m\u00fczi\u011fi severlerin yo\u011fun ilgi g\u00f6sterdi\u011fi konser, yakla\u015f\u0131k iki saat s\u00fcrd\u00fc. Dinleyiciler, t\u00fcm program boyunca \u015fark\u0131lara alk\u0131\u015flar ile e\u015flik etti. \u00a0Konser sonunda, Bursa Ho\u015f Sada K\u00fclt\u00fcr ve Sanat Derne\u011fi Bendir E\u011fitim Gurubu taraf\u0131ndan verilen kursu ba\u015far\u0131yla tamamlayarak 2, 3,4, 5 zamanl\u0131 usulleri teorik ve uygulamal\u0131 olarak \u00f6\u011frenen m\u00fczisyenlere, \u201c1.Seviye Bendir ile T\u00fcrk M\u00fczi\u011fi Usulleri E\u011fitimi\u201d sertifikas\u0131 takdim edildi. \u200bOsmangazi Belediyesi, Bursa Ho\u015f Sada K\u00fclt\u00fcr ve Sanat Derne\u011fi i\u015fbirli\u011finde d\u00fczenledi\u011fi Bendir ile Klasik T\u00fcrk Sanat M\u00fczi\u011fi Konseri ile kat\u0131lan m\u00fczikseverlere unutulmaz bir gece ya\u015fatt\u0131\u00a0 \u200bHaberin Al\u0131nt\u0131land\u0131\u011f\u0131 Kaynak: www.iskenderun.org","og_url":"http:\/\/denizcankizil.tr\/en\/haberler\/gundem\/bursa-osmangazide-klasik-keyif\/","og_site_name":"Av. Deniz Can K\u0131z\u0131l","article_published_time":"2024-11-13T13:43:56+00:00","twitter_card":"summary_large_image","twitter_misc":{"Estimated reading time":"1 minute"},"schema":{"@context":"https:\/\/schema.org","@graph":[{"@type":"Article","@id":"http:\/\/denizcankizil.tr\/en\/haberler\/gundem\/bursa-osmangazide-klasik-keyif\/#article","isPartOf":{"@id":"http:\/\/denizcankizil.tr\/en\/haberler\/gundem\/bursa-osmangazide-klasik-keyif\/"},"author":{"name":"","@id":""},"headline":"Bursa Osmangazi\u2019de &#8216;klasik&#8217; keyif","datePublished":"2024-11-13T13:43:56+00:00","mainEntityOfPage":{"@id":"http:\/\/denizcankizil.tr\/en\/haberler\/gundem\/bursa-osmangazide-klasik-keyif\/"},"wordCount":253,"commentCount":0,"publisher":{"@id":"https:\/\/denizcankizil.tr\/de\/#organization"},"articleSection":["G\u00fcndem","Uncategorized"],"inLanguage":"en-GB","potentialAction":[{"@type":"CommentAction","name":"Comment","target":["http:\/\/denizcankizil.tr\/en\/haberler\/gundem\/bursa-osmangazide-klasik-keyif\/#respond"]}]},{"@type":"WebPage","@id":"http:\/\/denizcankizil.tr\/en\/haberler\/gundem\/bursa-osmangazide-klasik-keyif\/","url":"http:\/\/denizcankizil.tr\/en\/haberler\/gundem\/bursa-osmangazide-klasik-keyif\/","name":"Bursa Osmangazi\u2019de 'klasik' keyif - Av. Deniz Can K\u0131z\u0131l","isPartOf":{"@id":"https:\/\/denizcankizil.tr\/de\/#website"},"datePublished":"2024-11-13T13:43:56+00:00","breadcrumb":{"@id":"http:\/\/denizcankizil.tr\/en\/haberler\/gundem\/bursa-osmangazide-klasik-keyif\/#breadcrumb"},"inLanguage":"en-GB","potentialAction":[{"@type":"ReadAction","target":["http:\/\/denizcankizil.tr\/en\/haberler\/gundem\/bursa-osmangazide-klasik-keyif\/"]}]},{"@type":"BreadcrumbList","@id":"http:\/\/denizcankizil.tr\/en\/haberler\/gundem\/bursa-osmangazide-klasik-keyif\/#breadcrumb","itemListElement":[{"@type":"ListItem","position":1,"name":"Home","item":"https:\/\/denizcankizil.tr\/de\/"},{"@type":"ListItem","position":2,"name":"Bursa Osmangazi\u2019de &#8216;klasik&#8217; keyif"}]},{"@type":"WebSite","@id":"https:\/\/denizcankizil.tr\/de\/#website","url":"https:\/\/denizcankizil.tr\/de\/","name":"Av. Deniz Can K\u0131z\u0131l","description":"Avukat Deniz Can K\u0131z\u0131l Antalya Barosu","publisher":{"@id":"https:\/\/denizcankizil.tr\/de\/#organization"},"potentialAction":[{"@type":"SearchAction","target":{"@type":"EntryPoint","urlTemplate":"https:\/\/denizcankizil.tr\/de\/?s={search_term_string}"},"query-input":{"@type":"PropertyValueSpecification","valueRequired":true,"valueName":"search_term_string"}}],"inLanguage":"en-GB"},{"@type":"Organization","@id":"https:\/\/denizcankizil.tr\/de\/#organization","name":"Av. Deniz Can K\u0131z\u0131l","url":"https:\/\/denizcankizil.tr\/de\/","logo":{"@type":"ImageObject","inLanguage":"en-GB","@id":"https:\/\/denizcankizil.tr\/de\/#\/schema\/logo\/image\/","url":"http:\/\/denizcankizil.tr\/wp-content\/uploads\/2024\/10\/siyah-logo-svg.svg","contentUrl":"http:\/\/denizcankizil.tr\/wp-content\/uploads\/2024\/10\/siyah-logo-svg.svg","width":1080,"height":1080,"caption":"Av. Deniz Can K\u0131z\u0131l"},"image":{"@id":"https:\/\/denizcankizil.tr\/de\/#\/schema\/logo\/image\/"}}]}},"_links":{"self":[{"href":"http:\/\/denizcankizil.tr\/en\/wp-json\/wp\/v2\/posts\/15795","targetHints":{"allow":["GET"]}}],"collection":[{"href":"http:\/\/denizcankizil.tr\/en\/wp-json\/wp\/v2\/posts"}],"about":[{"href":"http:\/\/denizcankizil.tr\/en\/wp-json\/wp\/v2\/types\/post"}],"replies":[{"embeddable":true,"href":"http:\/\/denizcankizil.tr\/en\/wp-json\/wp\/v2\/comments?post=15795"}],"version-history":[{"count":0,"href":"http:\/\/denizcankizil.tr\/en\/wp-json\/wp\/v2\/posts\/15795\/revisions"}],"wp:attachment":[{"href":"http:\/\/denizcankizil.tr\/en\/wp-json\/wp\/v2\/media?parent=15795"}],"wp:term":[{"taxonomy":"category","embeddable":true,"href":"http:\/\/denizcankizil.tr\/en\/wp-json\/wp\/v2\/categories?post=15795"},{"taxonomy":"post_tag","embeddable":true,"href":"http:\/\/denizcankizil.tr\/en\/wp-json\/wp\/v2\/tags?post=15795"}],"curies":[{"name":"wp","href":"https:\/\/api.w.org\/{rel}","templated":true}]}}