{"id":15748,"date":"2024-11-13T12:42:15","date_gmt":"2024-11-13T09:42:15","guid":{"rendered":"https:\/\/denizcankizil.tr\/uncategorized-tr\/muhittin-bocek-soz-vermisti-vatandas-o-projeyi-bekliyor\/"},"modified":"2024-11-13T12:42:15","modified_gmt":"2024-11-13T09:42:15","slug":"muhittin-bocek-soz-vermisti-vatandas-o-projeyi-bekliyor","status":"publish","type":"post","link":"http:\/\/denizcankizil.tr\/en\/haberler\/gundem\/muhittin-bocek-soz-vermisti-vatandas-o-projeyi-bekliyor\/","title":{"rendered":"Muhittin B\u00f6cek s\u00f6z vermi\u015fti! Vatanda\u015f o projeyi bekliyor"},"content":{"rendered":"<p>\u0130stanbul B\u00fcy\u00fck\u015fehir Belediyesi\u2019nin projesi olan \u2018kent lokantalar\u0131\u2019 k\u0131sa s\u00fcrede \u00fclke geneline yay\u0131ld\u0131. 31 Mart yerel se\u00e7imlerinin \u00f6ncesinde ikinci kez Antalya B\u00fcy\u00fck\u015fehir Belediye Ba\u015fkan Adayl\u0131\u011f\u0131na g\u00f6sterilen CHP\u2019li Muhittin B\u00f6cek\u2019in se\u00e7im vaatleri aras\u0131nda yer alan kent Lokantas\u0131 projesi i\u00e7in hen\u00fcz somut bir ad\u0131m at\u0131lmad\u0131. CHP&#8217;li Manavgat ve Serik belediyeleri \u2018halk lokantas\u0131\u2019 projesini hayata ge\u00e7irirken, projenin Antalya merkezde ba\u015flamamas\u0131 tepkilere neden oldu.\u00a0<\/p>\n<p>CHP\u2019L\u0130 B\u00dcY\u00dcK\u015eEH\u0130R BELED\u0130YES\u0130 NEY\u0130 BEKL\u0130YOR?<\/p>\n<p>CHP Lideri \u00d6zg\u00fcr \u00d6zel, \u201cT\u00fcrkiye&#8217;de b\u00fct\u00fcn CHP&#8217;li belediyelerde kent lokantas\u0131 hizmete girecek\u201d dedi. \u00dclke genelinde \u00e7ok say\u0131da CHP\u2019li belediye kent lokantalar\u0131 projesini hayata ge\u00e7irirken, Antalya\u2019da B\u00fcy\u00fck\u015fehir Belediyesi&#8217;nde hen\u00fcz konuyla ilgili bir geli\u015fme ya\u015fanmad\u0131. \u00a0Antalya\u2019da kent lokantalar\u0131 projesinin olduk\u00e7a \u00f6nemli oldu\u011funa dikkat \u00e7eken vatanda\u015flar CHP\u2019li B\u00fcy\u00fck\u015fehir Belediyesi&#8217;nin zaman kaybetmeden projeyi hayata ge\u00e7irmesi gerekti\u011fini ifade ettiler. 60 TL\u2019ye 3 \u00e7e\u015fit yemek imkan\u0131 sunan kent lokantalar\u0131n\u0131n Antalya\u2019da \u00f6zellikle \u00e7al\u0131\u015fma alanlar\u0131n\u0131n yo\u011fun oldu\u011fu b\u00f6lgelerde kurulmas\u0131n\u0131 isteniyor.\u00a0<\/p>\n<p>SE\u00c7\u0130M VAATLER\u0130 ARASINDA YER ALDI!<\/p>\n<p>CHP\u2019li B\u00fcy\u00fck\u015fehir Belediye Ba\u015fkan\u0131 Muhittin B\u00f6cek, se\u00e7im s\u00fcrecinde 5 merkez il\u00e7ede kent lokantalar\u0131n\u0131n kurulaca\u011f\u0131n\u0131 ifadede ederek, \u201c5 il\u00e7ede kurulacak Kent Lokantalar\u0131 ile belediyenin \u00fcretim tesislerinde \u00fcretilen yemekler uygun fiyatla halka sunulacak. Ba\u015fta \u00f6\u011frencilerin ve ihtiya\u00e7 sahiplerinin kaliteli ve uygun fiyatl\u0131 yeme\u011fe ula\u015fabilmesi sa\u011flanacak. \u0130htiya\u00e7 sahibi t\u00fcm Antalyal\u0131 vatanda\u015flar\u0131n temel ihtiya\u00e7lar\u0131 kar\u015f\u0131lanacak\u201d a\u00e7\u0131klamas\u0131nda bulunmu\u015ftu.\u00a0<\/p>\n<p>\u200bAntalya B\u00fcy\u00fck\u015fehir Belediye Ba\u015fkan\u0131 Muhittin B\u00f6cek\u2019in se\u00e7im vaatleri aras\u0131nda yer alan kent lokantalar\u0131na dair hen\u00fcz bir ad\u0131m at\u0131lmad\u0131. Ya\u015fam \u015fartlar\u0131n\u0131n giderek zorla\u015ft\u0131\u011f\u0131 kentte yurtta\u015flar B\u00f6cek&#8217;in s\u00f6z\u00fcn\u00fc tutmas\u0131n\u0131 bekliyor.  \u00c7\u00fcnk\u00fc vatanda\u015f, art\u0131k karn\u0131n\u0131 doyurmakta zorlan\u0131yor\u00a0<\/p>\n<p>\u200bHaberin Al\u0131nt\u0131land\u0131\u011f\u0131 Kaynak: www.antalyakorfez.com<\/p>","protected":false},"excerpt":{"rendered":"<p>\u0130stanbul B\u00fcy\u00fck\u015fehir Belediyesi\u2019nin projesi olan \u2018kent lokantalar\u0131\u2019 k\u0131sa s\u00fcrede \u00fclke geneline yay\u0131ld\u0131. 31 Mart yerel se\u00e7imlerinin \u00f6ncesinde ikinci kez Antalya B\u00fcy\u00fck\u015fehir Belediye Ba\u015fkan Adayl\u0131\u011f\u0131na g\u00f6sterilen CHP\u2019li Muhittin B\u00f6cek\u2019in se\u00e7im vaatleri aras\u0131nda yer alan kent Lokantas\u0131 projesi i\u00e7in hen\u00fcz somut bir ad\u0131m at\u0131lmad\u0131. CHP&#8217;li Manavgat ve Serik belediyeleri \u2018halk lokantas\u0131\u2019 projesini hayata ge\u00e7irirken, projenin Antalya merkezde ba\u015flamamas\u0131 tepkilere neden oldu.\u00a0 CHP\u2019L\u0130 B\u00dcY\u00dcK\u015eEH\u0130R BELED\u0130YES\u0130 NEY\u0130 BEKL\u0130YOR? CHP Lideri \u00d6zg\u00fcr \u00d6zel, \u201cT\u00fcrkiye&#8217;de b\u00fct\u00fcn CHP&#8217;li belediyelerde kent lokantas\u0131 hizmete girecek\u201d dedi. \u00dclke genelinde \u00e7ok say\u0131da CHP\u2019li belediye kent lokantalar\u0131 projesini hayata ge\u00e7irirken, Antalya\u2019da B\u00fcy\u00fck\u015fehir Belediyesi&#8217;nde hen\u00fcz konuyla ilgili bir geli\u015fme ya\u015fanmad\u0131. \u00a0Antalya\u2019da kent lokantalar\u0131 projesinin olduk\u00e7a \u00f6nemli oldu\u011funa dikkat \u00e7eken vatanda\u015flar CHP\u2019li B\u00fcy\u00fck\u015fehir Belediyesi&#8217;nin zaman kaybetmeden projeyi hayata ge\u00e7irmesi gerekti\u011fini ifade ettiler. 60 TL\u2019ye 3 \u00e7e\u015fit yemek imkan\u0131 sunan kent lokantalar\u0131n\u0131n Antalya\u2019da \u00f6zellikle \u00e7al\u0131\u015fma alanlar\u0131n\u0131n yo\u011fun oldu\u011fu b\u00f6lgelerde kurulmas\u0131n\u0131 isteniyor.\u00a0 SE\u00c7\u0130M VAATLER\u0130 ARASINDA YER ALDI! CHP\u2019li B\u00fcy\u00fck\u015fehir Belediye Ba\u015fkan\u0131 Muhittin B\u00f6cek, se\u00e7im s\u00fcrecinde 5 merkez il\u00e7ede kent lokantalar\u0131n\u0131n kurulaca\u011f\u0131n\u0131 ifadede ederek, \u201c5 il\u00e7ede kurulacak Kent Lokantalar\u0131 ile belediyenin \u00fcretim tesislerinde \u00fcretilen yemekler uygun fiyatla halka sunulacak. Ba\u015fta \u00f6\u011frencilerin ve ihtiya\u00e7 sahiplerinin kaliteli ve uygun fiyatl\u0131 yeme\u011fe ula\u015fabilmesi sa\u011flanacak. \u0130htiya\u00e7 sahibi t\u00fcm Antalyal\u0131 vatanda\u015flar\u0131n temel ihtiya\u00e7lar\u0131 kar\u015f\u0131lanacak\u201d a\u00e7\u0131klamas\u0131nda bulunmu\u015ftu.\u00a0 \u200bAntalya B\u00fcy\u00fck\u015fehir Belediye Ba\u015fkan\u0131 Muhittin B\u00f6cek\u2019in &hellip;<\/p>","protected":false},"author":0,"featured_media":0,"comment_status":"open","ping_status":"open","sticky":false,"template":"","format":"standard","meta":{"_acf_changed":false,"footnotes":""},"categories":[24,535],"tags":[],"class_list":["post-15748","post","type-post","status-publish","format-standard","has-post-thumbnail","hentry","category-gundem","category-uncategorized-tr"],"acf":[],"yoast_head":"<!-- This site is optimized with the Yoast SEO Premium plugin v26.6 (Yoast SEO v27.1.1) - https:\/\/yoast.com\/product\/yoast-seo-premium-wordpress\/ -->\n<title>Muhittin B\u00f6cek s\u00f6z vermi\u015fti! Vatanda\u015f o projeyi bekliyor - Av. Deniz Can K\u0131z\u0131l<\/title>\n<meta name=\"robots\" content=\"index, follow, max-snippet:-1, max-image-preview:large, max-video-preview:-1\" \/>\n<link rel=\"canonical\" href=\"http:\/\/denizcankizil.tr\/en\/haberler\/gundem\/muhittin-bocek-soz-vermisti-vatandas-o-projeyi-bekliyor\/\" \/>\n<meta property=\"og:locale\" content=\"en_GB\" \/>\n<meta property=\"og:type\" content=\"article\" \/>\n<meta property=\"og:title\" content=\"Muhittin B\u00f6cek s\u00f6z vermi\u015fti! Vatanda\u015f o projeyi bekliyor\" \/>\n<meta property=\"og:description\" content=\"\u0130stanbul B\u00fcy\u00fck\u015fehir Belediyesi\u2019nin projesi olan \u2018kent lokantalar\u0131\u2019 k\u0131sa s\u00fcrede \u00fclke geneline yay\u0131ld\u0131. 31 Mart yerel se\u00e7imlerinin \u00f6ncesinde ikinci kez Antalya B\u00fcy\u00fck\u015fehir Belediye Ba\u015fkan Adayl\u0131\u011f\u0131na g\u00f6sterilen CHP\u2019li Muhittin B\u00f6cek\u2019in se\u00e7im vaatleri aras\u0131nda yer alan kent Lokantas\u0131 projesi i\u00e7in hen\u00fcz somut bir ad\u0131m at\u0131lmad\u0131. CHP&#8217;li Manavgat ve Serik belediyeleri \u2018halk lokantas\u0131\u2019 projesini hayata ge\u00e7irirken, projenin Antalya merkezde ba\u015flamamas\u0131 tepkilere neden oldu.\u00a0 CHP\u2019L\u0130 B\u00dcY\u00dcK\u015eEH\u0130R BELED\u0130YES\u0130 NEY\u0130 BEKL\u0130YOR? CHP Lideri \u00d6zg\u00fcr \u00d6zel, \u201cT\u00fcrkiye&#8217;de b\u00fct\u00fcn CHP&#8217;li belediyelerde kent lokantas\u0131 hizmete girecek\u201d dedi. \u00dclke genelinde \u00e7ok say\u0131da CHP\u2019li belediye kent lokantalar\u0131 projesini hayata ge\u00e7irirken, Antalya\u2019da B\u00fcy\u00fck\u015fehir Belediyesi&#8217;nde hen\u00fcz konuyla ilgili bir geli\u015fme ya\u015fanmad\u0131. \u00a0Antalya\u2019da kent lokantalar\u0131 projesinin olduk\u00e7a \u00f6nemli oldu\u011funa dikkat \u00e7eken vatanda\u015flar CHP\u2019li B\u00fcy\u00fck\u015fehir Belediyesi&#8217;nin zaman kaybetmeden projeyi hayata ge\u00e7irmesi gerekti\u011fini ifade ettiler. 60 TL\u2019ye 3 \u00e7e\u015fit yemek imkan\u0131 sunan kent lokantalar\u0131n\u0131n Antalya\u2019da \u00f6zellikle \u00e7al\u0131\u015fma alanlar\u0131n\u0131n yo\u011fun oldu\u011fu b\u00f6lgelerde kurulmas\u0131n\u0131 isteniyor.\u00a0 SE\u00c7\u0130M VAATLER\u0130 ARASINDA YER ALDI! CHP\u2019li B\u00fcy\u00fck\u015fehir Belediye Ba\u015fkan\u0131 Muhittin B\u00f6cek, se\u00e7im s\u00fcrecinde 5 merkez il\u00e7ede kent lokantalar\u0131n\u0131n kurulaca\u011f\u0131n\u0131 ifadede ederek, \u201c5 il\u00e7ede kurulacak Kent Lokantalar\u0131 ile belediyenin \u00fcretim tesislerinde \u00fcretilen yemekler uygun fiyatla halka sunulacak. Ba\u015fta \u00f6\u011frencilerin ve ihtiya\u00e7 sahiplerinin kaliteli ve uygun fiyatl\u0131 yeme\u011fe ula\u015fabilmesi sa\u011flanacak. \u0130htiya\u00e7 sahibi t\u00fcm Antalyal\u0131 vatanda\u015flar\u0131n temel ihtiya\u00e7lar\u0131 kar\u015f\u0131lanacak\u201d a\u00e7\u0131klamas\u0131nda bulunmu\u015ftu.\u00a0 \u200bAntalya B\u00fcy\u00fck\u015fehir Belediye Ba\u015fkan\u0131 Muhittin B\u00f6cek\u2019in &hellip;\" \/>\n<meta property=\"og:url\" content=\"http:\/\/denizcankizil.tr\/en\/haberler\/gundem\/muhittin-bocek-soz-vermisti-vatandas-o-projeyi-bekliyor\/\" \/>\n<meta property=\"og:site_name\" content=\"Av. Deniz Can K\u0131z\u0131l\" \/>\n<meta property=\"article:published_time\" content=\"2024-11-13T09:42:15+00:00\" \/>\n<meta name=\"twitter:card\" content=\"summary_large_image\" \/>\n<meta name=\"twitter:label1\" content=\"Estimated reading time\" \/>\n\t<meta name=\"twitter:data1\" content=\"2 minutes\" \/>\n<script type=\"application\/ld+json\" class=\"yoast-schema-graph\">{\"@context\":\"https:\/\/schema.org\",\"@graph\":[{\"@type\":\"Article\",\"@id\":\"http:\/\/denizcankizil.tr\/ru\/haberler\/gundem\/muhittin-bocek-soz-vermisti-vatandas-o-projeyi-bekliyor\/#article\",\"isPartOf\":{\"@id\":\"http:\/\/denizcankizil.tr\/ru\/haberler\/gundem\/muhittin-bocek-soz-vermisti-vatandas-o-projeyi-bekliyor\/\"},\"author\":{\"name\":\"\",\"@id\":\"\"},\"headline\":\"Muhittin B\u00f6cek s\u00f6z vermi\u015fti! Vatanda\u015f o projeyi bekliyor\",\"datePublished\":\"2024-11-13T09:42:15+00:00\",\"mainEntityOfPage\":{\"@id\":\"http:\/\/denizcankizil.tr\/ru\/haberler\/gundem\/muhittin-bocek-soz-vermisti-vatandas-o-projeyi-bekliyor\/\"},\"wordCount\":366,\"commentCount\":0,\"publisher\":{\"@id\":\"https:\/\/denizcankizil.tr\/de\/#organization\"},\"articleSection\":[\"G\u00fcndem\",\"Uncategorized\"],\"inLanguage\":\"en-GB\",\"potentialAction\":[{\"@type\":\"CommentAction\",\"name\":\"Comment\",\"target\":[\"http:\/\/denizcankizil.tr\/ru\/haberler\/gundem\/muhittin-bocek-soz-vermisti-vatandas-o-projeyi-bekliyor\/#respond\"]}]},{\"@type\":\"WebPage\",\"@id\":\"http:\/\/denizcankizil.tr\/ru\/haberler\/gundem\/muhittin-bocek-soz-vermisti-vatandas-o-projeyi-bekliyor\/\",\"url\":\"http:\/\/denizcankizil.tr\/ru\/haberler\/gundem\/muhittin-bocek-soz-vermisti-vatandas-o-projeyi-bekliyor\/\",\"name\":\"Muhittin B\u00f6cek s\u00f6z vermi\u015fti! Vatanda\u015f o projeyi bekliyor - Av. Deniz Can K\u0131z\u0131l\",\"isPartOf\":{\"@id\":\"https:\/\/denizcankizil.tr\/de\/#website\"},\"datePublished\":\"2024-11-13T09:42:15+00:00\",\"breadcrumb\":{\"@id\":\"http:\/\/denizcankizil.tr\/ru\/haberler\/gundem\/muhittin-bocek-soz-vermisti-vatandas-o-projeyi-bekliyor\/#breadcrumb\"},\"inLanguage\":\"en-GB\",\"potentialAction\":[{\"@type\":\"ReadAction\",\"target\":[\"http:\/\/denizcankizil.tr\/ru\/haberler\/gundem\/muhittin-bocek-soz-vermisti-vatandas-o-projeyi-bekliyor\/\"]}]},{\"@type\":\"BreadcrumbList\",\"@id\":\"http:\/\/denizcankizil.tr\/ru\/haberler\/gundem\/muhittin-bocek-soz-vermisti-vatandas-o-projeyi-bekliyor\/#breadcrumb\",\"itemListElement\":[{\"@type\":\"ListItem\",\"position\":1,\"name\":\"Home\",\"item\":\"https:\/\/denizcankizil.tr\/de\/\"},{\"@type\":\"ListItem\",\"position\":2,\"name\":\"Muhittin B\u00f6cek s\u00f6z vermi\u015fti! Vatanda\u015f o projeyi bekliyor\"}]},{\"@type\":\"WebSite\",\"@id\":\"https:\/\/denizcankizil.tr\/de\/#website\",\"url\":\"https:\/\/denizcankizil.tr\/de\/\",\"name\":\"Av. Deniz Can K\u0131z\u0131l\",\"description\":\"Avukat Deniz Can K\u0131z\u0131l Antalya Barosu\",\"publisher\":{\"@id\":\"https:\/\/denizcankizil.tr\/de\/#organization\"},\"potentialAction\":[{\"@type\":\"SearchAction\",\"target\":{\"@type\":\"EntryPoint\",\"urlTemplate\":\"https:\/\/denizcankizil.tr\/de\/?s={search_term_string}\"},\"query-input\":{\"@type\":\"PropertyValueSpecification\",\"valueRequired\":true,\"valueName\":\"search_term_string\"}}],\"inLanguage\":\"en-GB\"},{\"@type\":\"Organization\",\"@id\":\"https:\/\/denizcankizil.tr\/de\/#organization\",\"name\":\"Av. Deniz Can K\u0131z\u0131l\",\"url\":\"https:\/\/denizcankizil.tr\/de\/\",\"logo\":{\"@type\":\"ImageObject\",\"inLanguage\":\"en-GB\",\"@id\":\"https:\/\/denizcankizil.tr\/de\/#\/schema\/logo\/image\/\",\"url\":\"http:\/\/denizcankizil.tr\/wp-content\/uploads\/2024\/10\/siyah-logo-svg.svg\",\"contentUrl\":\"http:\/\/denizcankizil.tr\/wp-content\/uploads\/2024\/10\/siyah-logo-svg.svg\",\"width\":1080,\"height\":1080,\"caption\":\"Av. Deniz Can K\u0131z\u0131l\"},\"image\":{\"@id\":\"https:\/\/denizcankizil.tr\/de\/#\/schema\/logo\/image\/\"}}]}<\/script>\n<!-- \/ Yoast SEO Premium plugin. -->","yoast_head_json":{"title":"Muhittin B\u00f6cek s\u00f6z vermi\u015fti! Vatanda\u015f o projeyi bekliyor - Av. Deniz Can K\u0131z\u0131l","robots":{"index":"index","follow":"follow","max-snippet":"max-snippet:-1","max-image-preview":"max-image-preview:large","max-video-preview":"max-video-preview:-1"},"canonical":"http:\/\/denizcankizil.tr\/en\/haberler\/gundem\/muhittin-bocek-soz-vermisti-vatandas-o-projeyi-bekliyor\/","og_locale":"en_GB","og_type":"article","og_title":"Muhittin B\u00f6cek s\u00f6z vermi\u015fti! Vatanda\u015f o projeyi bekliyor","og_description":"\u0130stanbul B\u00fcy\u00fck\u015fehir Belediyesi\u2019nin projesi olan \u2018kent lokantalar\u0131\u2019 k\u0131sa s\u00fcrede \u00fclke geneline yay\u0131ld\u0131. 31 Mart yerel se\u00e7imlerinin \u00f6ncesinde ikinci kez Antalya B\u00fcy\u00fck\u015fehir Belediye Ba\u015fkan Adayl\u0131\u011f\u0131na g\u00f6sterilen CHP\u2019li Muhittin B\u00f6cek\u2019in se\u00e7im vaatleri aras\u0131nda yer alan kent Lokantas\u0131 projesi i\u00e7in hen\u00fcz somut bir ad\u0131m at\u0131lmad\u0131. CHP&#8217;li Manavgat ve Serik belediyeleri \u2018halk lokantas\u0131\u2019 projesini hayata ge\u00e7irirken, projenin Antalya merkezde ba\u015flamamas\u0131 tepkilere neden oldu.\u00a0 CHP\u2019L\u0130 B\u00dcY\u00dcK\u015eEH\u0130R BELED\u0130YES\u0130 NEY\u0130 BEKL\u0130YOR? CHP Lideri \u00d6zg\u00fcr \u00d6zel, \u201cT\u00fcrkiye&#8217;de b\u00fct\u00fcn CHP&#8217;li belediyelerde kent lokantas\u0131 hizmete girecek\u201d dedi. \u00dclke genelinde \u00e7ok say\u0131da CHP\u2019li belediye kent lokantalar\u0131 projesini hayata ge\u00e7irirken, Antalya\u2019da B\u00fcy\u00fck\u015fehir Belediyesi&#8217;nde hen\u00fcz konuyla ilgili bir geli\u015fme ya\u015fanmad\u0131. \u00a0Antalya\u2019da kent lokantalar\u0131 projesinin olduk\u00e7a \u00f6nemli oldu\u011funa dikkat \u00e7eken vatanda\u015flar CHP\u2019li B\u00fcy\u00fck\u015fehir Belediyesi&#8217;nin zaman kaybetmeden projeyi hayata ge\u00e7irmesi gerekti\u011fini ifade ettiler. 60 TL\u2019ye 3 \u00e7e\u015fit yemek imkan\u0131 sunan kent lokantalar\u0131n\u0131n Antalya\u2019da \u00f6zellikle \u00e7al\u0131\u015fma alanlar\u0131n\u0131n yo\u011fun oldu\u011fu b\u00f6lgelerde kurulmas\u0131n\u0131 isteniyor.\u00a0 SE\u00c7\u0130M VAATLER\u0130 ARASINDA YER ALDI! CHP\u2019li B\u00fcy\u00fck\u015fehir Belediye Ba\u015fkan\u0131 Muhittin B\u00f6cek, se\u00e7im s\u00fcrecinde 5 merkez il\u00e7ede kent lokantalar\u0131n\u0131n kurulaca\u011f\u0131n\u0131 ifadede ederek, \u201c5 il\u00e7ede kurulacak Kent Lokantalar\u0131 ile belediyenin \u00fcretim tesislerinde \u00fcretilen yemekler uygun fiyatla halka sunulacak. Ba\u015fta \u00f6\u011frencilerin ve ihtiya\u00e7 sahiplerinin kaliteli ve uygun fiyatl\u0131 yeme\u011fe ula\u015fabilmesi sa\u011flanacak. \u0130htiya\u00e7 sahibi t\u00fcm Antalyal\u0131 vatanda\u015flar\u0131n temel ihtiya\u00e7lar\u0131 kar\u015f\u0131lanacak\u201d a\u00e7\u0131klamas\u0131nda bulunmu\u015ftu.\u00a0 \u200bAntalya B\u00fcy\u00fck\u015fehir Belediye Ba\u015fkan\u0131 Muhittin B\u00f6cek\u2019in &hellip;","og_url":"http:\/\/denizcankizil.tr\/en\/haberler\/gundem\/muhittin-bocek-soz-vermisti-vatandas-o-projeyi-bekliyor\/","og_site_name":"Av. Deniz Can K\u0131z\u0131l","article_published_time":"2024-11-13T09:42:15+00:00","twitter_card":"summary_large_image","twitter_misc":{"Estimated reading time":"2 minutes"},"schema":{"@context":"https:\/\/schema.org","@graph":[{"@type":"Article","@id":"http:\/\/denizcankizil.tr\/ru\/haberler\/gundem\/muhittin-bocek-soz-vermisti-vatandas-o-projeyi-bekliyor\/#article","isPartOf":{"@id":"http:\/\/denizcankizil.tr\/ru\/haberler\/gundem\/muhittin-bocek-soz-vermisti-vatandas-o-projeyi-bekliyor\/"},"author":{"name":"","@id":""},"headline":"Muhittin B\u00f6cek s\u00f6z vermi\u015fti! Vatanda\u015f o projeyi bekliyor","datePublished":"2024-11-13T09:42:15+00:00","mainEntityOfPage":{"@id":"http:\/\/denizcankizil.tr\/ru\/haberler\/gundem\/muhittin-bocek-soz-vermisti-vatandas-o-projeyi-bekliyor\/"},"wordCount":366,"commentCount":0,"publisher":{"@id":"https:\/\/denizcankizil.tr\/de\/#organization"},"articleSection":["G\u00fcndem","Uncategorized"],"inLanguage":"en-GB","potentialAction":[{"@type":"CommentAction","name":"Comment","target":["http:\/\/denizcankizil.tr\/ru\/haberler\/gundem\/muhittin-bocek-soz-vermisti-vatandas-o-projeyi-bekliyor\/#respond"]}]},{"@type":"WebPage","@id":"http:\/\/denizcankizil.tr\/ru\/haberler\/gundem\/muhittin-bocek-soz-vermisti-vatandas-o-projeyi-bekliyor\/","url":"http:\/\/denizcankizil.tr\/ru\/haberler\/gundem\/muhittin-bocek-soz-vermisti-vatandas-o-projeyi-bekliyor\/","name":"Muhittin B\u00f6cek s\u00f6z vermi\u015fti! Vatanda\u015f o projeyi bekliyor - Av. Deniz Can K\u0131z\u0131l","isPartOf":{"@id":"https:\/\/denizcankizil.tr\/de\/#website"},"datePublished":"2024-11-13T09:42:15+00:00","breadcrumb":{"@id":"http:\/\/denizcankizil.tr\/ru\/haberler\/gundem\/muhittin-bocek-soz-vermisti-vatandas-o-projeyi-bekliyor\/#breadcrumb"},"inLanguage":"en-GB","potentialAction":[{"@type":"ReadAction","target":["http:\/\/denizcankizil.tr\/ru\/haberler\/gundem\/muhittin-bocek-soz-vermisti-vatandas-o-projeyi-bekliyor\/"]}]},{"@type":"BreadcrumbList","@id":"http:\/\/denizcankizil.tr\/ru\/haberler\/gundem\/muhittin-bocek-soz-vermisti-vatandas-o-projeyi-bekliyor\/#breadcrumb","itemListElement":[{"@type":"ListItem","position":1,"name":"Home","item":"https:\/\/denizcankizil.tr\/de\/"},{"@type":"ListItem","position":2,"name":"Muhittin B\u00f6cek s\u00f6z vermi\u015fti! Vatanda\u015f o projeyi bekliyor"}]},{"@type":"WebSite","@id":"https:\/\/denizcankizil.tr\/de\/#website","url":"https:\/\/denizcankizil.tr\/de\/","name":"Av. Deniz Can K\u0131z\u0131l","description":"Avukat Deniz Can K\u0131z\u0131l Antalya Barosu","publisher":{"@id":"https:\/\/denizcankizil.tr\/de\/#organization"},"potentialAction":[{"@type":"SearchAction","target":{"@type":"EntryPoint","urlTemplate":"https:\/\/denizcankizil.tr\/de\/?s={search_term_string}"},"query-input":{"@type":"PropertyValueSpecification","valueRequired":true,"valueName":"search_term_string"}}],"inLanguage":"en-GB"},{"@type":"Organization","@id":"https:\/\/denizcankizil.tr\/de\/#organization","name":"Av. Deniz Can K\u0131z\u0131l","url":"https:\/\/denizcankizil.tr\/de\/","logo":{"@type":"ImageObject","inLanguage":"en-GB","@id":"https:\/\/denizcankizil.tr\/de\/#\/schema\/logo\/image\/","url":"http:\/\/denizcankizil.tr\/wp-content\/uploads\/2024\/10\/siyah-logo-svg.svg","contentUrl":"http:\/\/denizcankizil.tr\/wp-content\/uploads\/2024\/10\/siyah-logo-svg.svg","width":1080,"height":1080,"caption":"Av. Deniz Can K\u0131z\u0131l"},"image":{"@id":"https:\/\/denizcankizil.tr\/de\/#\/schema\/logo\/image\/"}}]}},"_links":{"self":[{"href":"http:\/\/denizcankizil.tr\/en\/wp-json\/wp\/v2\/posts\/15748","targetHints":{"allow":["GET"]}}],"collection":[{"href":"http:\/\/denizcankizil.tr\/en\/wp-json\/wp\/v2\/posts"}],"about":[{"href":"http:\/\/denizcankizil.tr\/en\/wp-json\/wp\/v2\/types\/post"}],"replies":[{"embeddable":true,"href":"http:\/\/denizcankizil.tr\/en\/wp-json\/wp\/v2\/comments?post=15748"}],"version-history":[{"count":0,"href":"http:\/\/denizcankizil.tr\/en\/wp-json\/wp\/v2\/posts\/15748\/revisions"}],"wp:attachment":[{"href":"http:\/\/denizcankizil.tr\/en\/wp-json\/wp\/v2\/media?parent=15748"}],"wp:term":[{"taxonomy":"category","embeddable":true,"href":"http:\/\/denizcankizil.tr\/en\/wp-json\/wp\/v2\/categories?post=15748"},{"taxonomy":"post_tag","embeddable":true,"href":"http:\/\/denizcankizil.tr\/en\/wp-json\/wp\/v2\/tags?post=15748"}],"curies":[{"name":"wp","href":"https:\/\/api.w.org\/{rel}","templated":true}]}}