{"id":152803,"date":"2025-07-21T14:19:00","date_gmt":"2025-07-21T11:19:00","guid":{"rendered":"https:\/\/denizcankizil.tr\/uncategorized-tr\/yargitay-4-hukuk-dairesinin-2022-3700-e-2022-15281-k-sayili-karari\/"},"modified":"2025-07-21T14:19:00","modified_gmt":"2025-07-21T11:19:00","slug":"yargitay-4-hukuk-dairesinin-2022-3700-e-2022-15281-k-sayili-karari","status":"publish","type":"post","link":"http:\/\/denizcankizil.tr\/en\/hukukihaber\/yargitay-4-hukuk-dairesinin-2022-3700-e-2022-15281-k-sayili-karari\/","title":{"rendered":"Yarg\u0131tay 4. Hukuk Dairesi\u2019nin 2022\/3700 E., 2022\/15281 K. say\u0131l\u0131 karar\u0131"},"content":{"rendered":"<p>T.C.<\/p>\n<p>Yarg\u0131tay<\/p>\n<p>4. Hukuk Dairesi<\/p>\n<p>2022\/3700 E., 2022\/15281 K.<\/p>\n<p>&#8220;\u0130\u00e7tihat Metni&#8221;<\/p>\n<p>MAHKEMES\u0130 :Asliye Hukuk Mahkemesi<\/p>\n<p>Taraflar aras\u0131ndaki bas\u0131n yoluyla ki\u015filik haklar\u0131na sald\u0131r\u0131 nedeniyle manevi tazminat davas\u0131n\u0131n mahkemece yap\u0131lan yarg\u0131lamas\u0131 sonunda; davan\u0131n kabul\u00fcne dair verilen 02.07.2020 g\u00fcnl\u00fc karar\u0131n Yarg\u0131tay\u2019ca incelenmesi daval\u0131lar vekili taraf\u0131ndan s\u00fcresi i\u00e7inde istenilmekle temyiz dilek\u00e7esinin kabul\u00fcne karar verildikten sonra tetkik hakimi taraf\u0131ndan haz\u0131rlanan rapor ile dosya i\u00e7erisindeki ka\u011f\u0131tlar incelenerek gere\u011fi g\u00f6r\u00fc\u015f\u00fcld\u00fc.<\/p>\n<p>K A R A R<\/p>\n<p>Davac\u0131 vekili; Sabah Gazetesinin 18 &#8211; 20 &#8211; 21 ve 22 \u015eubat 2015 tarihli yay\u0131nlar\u0131nda CHP \u0130stanbul milletvekili olan m\u00fcvekkili hakk\u0131nda k\u00fc\u00e7\u00fck d\u00fc\u015f\u00fcr\u00fcc\u00fc, ki\u015fisel ve siyasi itibar\u0131n\u0131 rencide edici haberler yap\u0131ld\u0131\u011f\u0131n\u0131, ger\u00e7e\u011fe ayk\u0131r\u0131 ve uydurma twitter direkt mesaj yaz\u0131\u015fma g\u00f6r\u00fcnt\u00fclerine dayanan haberlerde m\u00fcvekkilini paralel yap\u0131yla ili\u015fkilendiren ifadeler yer ald\u0131\u011f\u0131n\u0131 belirterek m\u00fcvekkilinin ki\u015filik haklar\u0131n\u0131n ihlali nedeniyle olu\u015ftu\u011funu iddia etti\u011fi manevi zararlar\u0131n daval\u0131 gazete ve sorumlu yaz\u0131 i\u015fleri m\u00fcd\u00fcrlerinden tahsiline karar verilmesi isteminde bulunmu\u015ftur.<\/p>\n<p>Daval\u0131lar vekili; dava konusu edilen haberin Star Gazetesi taraf\u0131ndan daha \u00f6nce yay\u0131nland\u0131\u011f\u0131n\u0131, haberde davac\u0131n\u0131n konu ile ilgili yapm\u0131\u015f oldu\u011fu a\u00e7\u0131klamalara da yer verilerek tamamen ya\u015fanan s\u00fcrecin de\u011ferlendirildi\u011fini ve kamuoyuna aktar\u0131ld\u0131\u011f\u0131n\u0131, g\u00f6r\u00fcn\u00fcrdeki ger\u00e7eklikler \u00e7er\u00e7evesinde, kamu yarar\u0131 do\u011frultusunda, g\u00fcncel ve dayana\u011f\u0131 olan bir yay\u0131n oldu\u011funu belirterek davan\u0131n reddi gerekti\u011fini savunmu\u015ftur.<\/p>\n<p>Mahkemece; davac\u0131n\u0131n toplum taraf\u0131ndan tan\u0131nan siyasi bir ki\u015filik oldu\u011fu, hakk\u0131nda Star Gazetesi ve pek \u00e7ok bas\u0131n kurulu\u015fu taraf\u0131ndan da benzer mahiyette haberler yap\u0131ld\u0131\u011f\u0131, dava konusu haberde \u00f6nceden kamuoyuna yans\u0131m\u0131\u015f olan olay ve iddialarla sonras\u0131ndaki geli\u015fmelerin davac\u0131n\u0131n yapm\u0131\u015f oldu\u011fu a\u00e7\u0131klamalar esas al\u0131narak ifade edildi\u011fi, verilen haberin g\u00f6r\u00fcn\u00fcrdeki ger\u00e7ekliklere uygun verildi\u011fi gerek\u00e7esiyle davan\u0131n reddine dair verilen ilk karar Dairemizce; ki\u015filik haklar\u0131 sald\u0131r\u0131ya u\u011frayan davac\u0131 yarar\u0131na uygun bir miktar manevi tazminata h\u00fckmedilmesi gerekti\u011finden bahisle bozulmu\u015f, mahkemece bozmaya uyularak yap\u0131lan yarg\u0131lama neticesinde, davan\u0131n kabul\u00fc ile 5.000,00 TL manevi tazminat\u0131n olay tarihinden itibaren yasal faizi ile birlikte daval\u0131lardan m\u00fcteselsilen al\u0131narak davac\u0131ya verilmesine karar verilmi\u015f, karara kar\u015f\u0131 daval\u0131lar vekili taraf\u0131ndan temyiz isteminde bulunulmu\u015ftur.<\/p>\n<p>1-Dosyadaki yaz\u0131lara, karar\u0131n bozmaya uygun olmas\u0131na, delillerin de\u011ferlendirilmesinde bir isabetsizlik bulunmamas\u0131na g\u00f6re daval\u0131lardan Turkuvaz Haberle\u015fme ve Yay\u0131nc\u0131l\u0131k A.\u015e. vekilinin yerinde g\u00f6r\u00fclmeyen temyiz itirazlar\u0131n\u0131n reddine karar vermek gerekmi\u015ftir.<\/p>\n<p>2-Daval\u0131lar &#8230;, &#8230;, &#8230; ve &#8230; vekilinin temyiz itirazlar\u0131na gelince;<\/p>\n<p>Dava, bas\u0131n yoluyla ki\u015filik haklar\u0131na sald\u0131r\u0131 nedenine dayal\u0131 manevi tazminat istemine ili\u015fkindir.<\/p>\n<p>5187 say\u0131l\u0131 Bas\u0131n Kanunu\u2019nun 13. maddesi gere\u011fince bas\u0131lm\u0131\u015f eserler yoluyla i\u015flenen fiillerden do\u011fan madd\u00ee ve manev\u00ee zararlardan dolay\u0131 s\u00fcreli yay\u0131nlarda, eser sahibi ile yay\u0131n sahibi ve varsa temsilcisi m\u00fc\u015ftereken ve m\u00fcteselsilen sorumlu olup hukuki sorumlular aras\u0131nda sorumlu yaz\u0131 i\u015fleri m\u00fcd\u00fcrleri bulunmamaktad\u0131r.<br \/>\nDaval\u0131lar &#8230;, &#8230;, &#8230; ve &#8230; daval\u0131 yay\u0131n kurulu\u015funun sorumlu yaz\u0131 i\u015fleri m\u00fcd\u00fcrleri olup, 5187 say\u0131l\u0131 Bas\u0131n Kanunu&#8217;nun 13. maddesine g\u00f6re sorumluluklar\u0131 bulunmamaktad\u0131r. Bu nedenle ad\u0131 ge\u00e7en daval\u0131lar hakk\u0131nda davan\u0131n husumetten reddi gerekirken manevi tazminattan sorumlu tutulmalar\u0131 do\u011fru de\u011fildir. Karar\u0131n bu nedenle bozulmas\u0131 gerekmi\u015ftir.<\/p>\n<p>SONU\u00c7: Temyiz olunan karar\u0131n yukar\u0131da (2) numaral\u0131 bentte g\u00f6sterilen nedenlerle daval\u0131lar &#8230;, &#8230;, &#8230; ve &#8230; y\u00f6n\u00fcnden BOZULMASINA, daval\u0131 &#8230;.\u2019nin temyiz itirazlar\u0131n\u0131n (1) numaral\u0131 bentte g\u00f6sterilen nedenlerle reddine, a\u015fa\u011f\u0131da yaz\u0131l\u0131 85,39 TL harc\u0131n temyiz eden daval\u0131 &#8230;.\u2019den al\u0131nmas\u0131na, pe\u015fin al\u0131nan harc\u0131n istek halinde temyiz eden daval\u0131lar &#8230;, &#8230;, &#8230; ve &#8230;&#8217;ye geri verilmesine 23\/11\/2022 g\u00fcn\u00fcnde oy birli\u011fiyle karar verildi.<\/p>\n<p>\u200bYarg\u0131tay 4. Hukuk Dairesi\u2019nin 23\/11\/2022 tarihli, 2022\/3700 E., 2022\/15281 K. say\u0131l\u0131 karar\u0131\u00a0Hukuki Haber<\/p>\n<p>Haberin Al\u0131nt\u0131land\u0131\u011f\u0131 Kaynak: www.hukukihaber.net<\/p>","protected":false},"excerpt":{"rendered":"<p>T.C. Yarg\u0131tay 4. Hukuk Dairesi 2022\/3700 E., 2022\/15281 K. &#8220;\u0130\u00e7tihat Metni&#8221; MAHKEMES\u0130 :Asliye Hukuk Mahkemesi Taraflar aras\u0131ndaki bas\u0131n yoluyla ki\u015filik haklar\u0131na sald\u0131r\u0131 nedeniyle manevi tazminat davas\u0131n\u0131n mahkemece yap\u0131lan yarg\u0131lamas\u0131 sonunda; davan\u0131n kabul\u00fcne dair verilen 02.07.2020 g\u00fcnl\u00fc karar\u0131n Yarg\u0131tay\u2019ca incelenmesi daval\u0131lar vekili taraf\u0131ndan s\u00fcresi i\u00e7inde istenilmekle temyiz dilek\u00e7esinin kabul\u00fcne karar verildikten sonra tetkik hakimi taraf\u0131ndan haz\u0131rlanan rapor ile dosya i\u00e7erisindeki ka\u011f\u0131tlar incelenerek gere\u011fi g\u00f6r\u00fc\u015f\u00fcld\u00fc. K A R A R Davac\u0131 vekili; Sabah Gazetesinin 18 &#8211; 20 &#8211; 21 ve 22 \u015eubat 2015 tarihli yay\u0131nlar\u0131nda CHP \u0130stanbul milletvekili olan m\u00fcvekkili hakk\u0131nda k\u00fc\u00e7\u00fck d\u00fc\u015f\u00fcr\u00fcc\u00fc, ki\u015fisel ve siyasi itibar\u0131n\u0131 rencide edici haberler yap\u0131ld\u0131\u011f\u0131n\u0131, ger\u00e7e\u011fe ayk\u0131r\u0131 ve uydurma twitter direkt mesaj yaz\u0131\u015fma g\u00f6r\u00fcnt\u00fclerine dayanan haberlerde m\u00fcvekkilini paralel yap\u0131yla ili\u015fkilendiren ifadeler yer ald\u0131\u011f\u0131n\u0131 belirterek m\u00fcvekkilinin ki\u015filik haklar\u0131n\u0131n ihlali nedeniyle olu\u015ftu\u011funu iddia etti\u011fi manevi zararlar\u0131n daval\u0131 gazete ve sorumlu yaz\u0131 i\u015fleri m\u00fcd\u00fcrlerinden tahsiline karar verilmesi isteminde bulunmu\u015ftur. Daval\u0131lar vekili; dava konusu edilen haberin Star Gazetesi taraf\u0131ndan daha \u00f6nce yay\u0131nland\u0131\u011f\u0131n\u0131, haberde davac\u0131n\u0131n konu ile ilgili yapm\u0131\u015f oldu\u011fu a\u00e7\u0131klamalara da yer verilerek tamamen ya\u015fanan s\u00fcrecin de\u011ferlendirildi\u011fini ve kamuoyuna aktar\u0131ld\u0131\u011f\u0131n\u0131, g\u00f6r\u00fcn\u00fcrdeki ger\u00e7eklikler \u00e7er\u00e7evesinde, kamu yarar\u0131 do\u011frultusunda, g\u00fcncel ve dayana\u011f\u0131 olan bir yay\u0131n oldu\u011funu belirterek davan\u0131n reddi gerekti\u011fini savunmu\u015ftur. Mahkemece; davac\u0131n\u0131n toplum taraf\u0131ndan tan\u0131nan siyasi bir ki\u015filik oldu\u011fu, hakk\u0131nda Star Gazetesi &hellip;<\/p>","protected":false},"author":3,"featured_media":0,"comment_status":"","ping_status":"open","sticky":false,"template":"","format":"standard","meta":{"_acf_changed":false,"footnotes":""},"categories":[27],"tags":[],"class_list":["post-152803","post","type-post","status-publish","format-standard","has-post-thumbnail","hentry","category-hukukihaber"],"acf":[],"yoast_head":"<!-- This site is optimized with the Yoast SEO Premium plugin v26.6 (Yoast SEO v27.1.1) - https:\/\/yoast.com\/product\/yoast-seo-premium-wordpress\/ -->\n<title>Yarg\u0131tay 4. Hukuk Dairesi\u2019nin 2022\/3700 E., 2022\/15281 K. say\u0131l\u0131 karar\u0131 - Av. Deniz Can K\u0131z\u0131l<\/title>\n<meta name=\"robots\" content=\"index, follow, max-snippet:-1, max-image-preview:large, max-video-preview:-1\" \/>\n<link rel=\"canonical\" href=\"http:\/\/denizcankizil.tr\/en\/hukukihaber\/yargitay-4-hukuk-dairesinin-2022-3700-e-2022-15281-k-sayili-karari\/\" \/>\n<meta property=\"og:locale\" content=\"en_GB\" \/>\n<meta property=\"og:type\" content=\"article\" \/>\n<meta property=\"og:title\" content=\"Yarg\u0131tay 4. Hukuk Dairesi\u2019nin 2022\/3700 E., 2022\/15281 K. say\u0131l\u0131 karar\u0131\" \/>\n<meta property=\"og:description\" content=\"T.C. Yarg\u0131tay 4. Hukuk Dairesi 2022\/3700 E., 2022\/15281 K. &#8220;\u0130\u00e7tihat Metni&#8221; MAHKEMES\u0130 :Asliye Hukuk Mahkemesi Taraflar aras\u0131ndaki bas\u0131n yoluyla ki\u015filik haklar\u0131na sald\u0131r\u0131 nedeniyle manevi tazminat davas\u0131n\u0131n mahkemece yap\u0131lan yarg\u0131lamas\u0131 sonunda; davan\u0131n kabul\u00fcne dair verilen 02.07.2020 g\u00fcnl\u00fc karar\u0131n Yarg\u0131tay\u2019ca incelenmesi daval\u0131lar vekili taraf\u0131ndan s\u00fcresi i\u00e7inde istenilmekle temyiz dilek\u00e7esinin kabul\u00fcne karar verildikten sonra tetkik hakimi taraf\u0131ndan haz\u0131rlanan rapor ile dosya i\u00e7erisindeki ka\u011f\u0131tlar incelenerek gere\u011fi g\u00f6r\u00fc\u015f\u00fcld\u00fc. K A R A R Davac\u0131 vekili; Sabah Gazetesinin 18 &#8211; 20 &#8211; 21 ve 22 \u015eubat 2015 tarihli yay\u0131nlar\u0131nda CHP \u0130stanbul milletvekili olan m\u00fcvekkili hakk\u0131nda k\u00fc\u00e7\u00fck d\u00fc\u015f\u00fcr\u00fcc\u00fc, ki\u015fisel ve siyasi itibar\u0131n\u0131 rencide edici haberler yap\u0131ld\u0131\u011f\u0131n\u0131, ger\u00e7e\u011fe ayk\u0131r\u0131 ve uydurma twitter direkt mesaj yaz\u0131\u015fma g\u00f6r\u00fcnt\u00fclerine dayanan haberlerde m\u00fcvekkilini paralel yap\u0131yla ili\u015fkilendiren ifadeler yer ald\u0131\u011f\u0131n\u0131 belirterek m\u00fcvekkilinin ki\u015filik haklar\u0131n\u0131n ihlali nedeniyle olu\u015ftu\u011funu iddia etti\u011fi manevi zararlar\u0131n daval\u0131 gazete ve sorumlu yaz\u0131 i\u015fleri m\u00fcd\u00fcrlerinden tahsiline karar verilmesi isteminde bulunmu\u015ftur. Daval\u0131lar vekili; dava konusu edilen haberin Star Gazetesi taraf\u0131ndan daha \u00f6nce yay\u0131nland\u0131\u011f\u0131n\u0131, haberde davac\u0131n\u0131n konu ile ilgili yapm\u0131\u015f oldu\u011fu a\u00e7\u0131klamalara da yer verilerek tamamen ya\u015fanan s\u00fcrecin de\u011ferlendirildi\u011fini ve kamuoyuna aktar\u0131ld\u0131\u011f\u0131n\u0131, g\u00f6r\u00fcn\u00fcrdeki ger\u00e7eklikler \u00e7er\u00e7evesinde, kamu yarar\u0131 do\u011frultusunda, g\u00fcncel ve dayana\u011f\u0131 olan bir yay\u0131n oldu\u011funu belirterek davan\u0131n reddi gerekti\u011fini savunmu\u015ftur. Mahkemece; davac\u0131n\u0131n toplum taraf\u0131ndan tan\u0131nan siyasi bir ki\u015filik oldu\u011fu, hakk\u0131nda Star Gazetesi &hellip;\" \/>\n<meta property=\"og:url\" content=\"http:\/\/denizcankizil.tr\/en\/hukukihaber\/yargitay-4-hukuk-dairesinin-2022-3700-e-2022-15281-k-sayili-karari\/\" \/>\n<meta property=\"og:site_name\" content=\"Av. Deniz Can K\u0131z\u0131l\" \/>\n<meta property=\"article:published_time\" content=\"2025-07-21T11:19:00+00:00\" \/>\n<meta name=\"author\" content=\"Hukuki Haber.net\" \/>\n<meta name=\"twitter:card\" content=\"summary_large_image\" \/>\n<meta name=\"twitter:label1\" content=\"Written by\" \/>\n\t<meta name=\"twitter:data1\" content=\"Hukuki Haber.net\" \/>\n\t<meta name=\"twitter:label2\" content=\"Estimated reading time\" \/>\n\t<meta name=\"twitter:data2\" content=\"3 minutes\" \/>\n<script type=\"application\/ld+json\" class=\"yoast-schema-graph\">{\"@context\":\"https:\/\/schema.org\",\"@graph\":[{\"@type\":\"Article\",\"@id\":\"http:\/\/denizcankizil.tr\/de\/hukukihaber\/yargitay-4-hukuk-dairesinin-2022-3700-e-2022-15281-k-sayili-karari\/#article\",\"isPartOf\":{\"@id\":\"http:\/\/denizcankizil.tr\/de\/hukukihaber\/yargitay-4-hukuk-dairesinin-2022-3700-e-2022-15281-k-sayili-karari\/\"},\"author\":{\"name\":\"Hukuki Haber.net\",\"@id\":\"https:\/\/denizcankizil.tr\/de\/#\/schema\/person\/001a271de994a0aa3f90eea084424822\"},\"headline\":\"Yarg\u0131tay 4. Hukuk Dairesi\u2019nin 2022\/3700 E., 2022\/15281 K. say\u0131l\u0131 karar\u0131\",\"datePublished\":\"2025-07-21T11:19:00+00:00\",\"mainEntityOfPage\":{\"@id\":\"http:\/\/denizcankizil.tr\/de\/hukukihaber\/yargitay-4-hukuk-dairesinin-2022-3700-e-2022-15281-k-sayili-karari\/\"},\"wordCount\":702,\"publisher\":{\"@id\":\"https:\/\/denizcankizil.tr\/de\/#organization\"},\"articleSection\":[\"Hukuki Haberler\"],\"inLanguage\":\"en-GB\"},{\"@type\":\"WebPage\",\"@id\":\"http:\/\/denizcankizil.tr\/de\/hukukihaber\/yargitay-4-hukuk-dairesinin-2022-3700-e-2022-15281-k-sayili-karari\/\",\"url\":\"http:\/\/denizcankizil.tr\/de\/hukukihaber\/yargitay-4-hukuk-dairesinin-2022-3700-e-2022-15281-k-sayili-karari\/\",\"name\":\"Yarg\u0131tay 4. Hukuk Dairesi\u2019nin 2022\/3700 E., 2022\/15281 K. say\u0131l\u0131 karar\u0131 - Av. Deniz Can K\u0131z\u0131l\",\"isPartOf\":{\"@id\":\"https:\/\/denizcankizil.tr\/de\/#website\"},\"datePublished\":\"2025-07-21T11:19:00+00:00\",\"breadcrumb\":{\"@id\":\"http:\/\/denizcankizil.tr\/de\/hukukihaber\/yargitay-4-hukuk-dairesinin-2022-3700-e-2022-15281-k-sayili-karari\/#breadcrumb\"},\"inLanguage\":\"en-GB\",\"potentialAction\":[{\"@type\":\"ReadAction\",\"target\":[\"http:\/\/denizcankizil.tr\/de\/hukukihaber\/yargitay-4-hukuk-dairesinin-2022-3700-e-2022-15281-k-sayili-karari\/\"]}]},{\"@type\":\"BreadcrumbList\",\"@id\":\"http:\/\/denizcankizil.tr\/de\/hukukihaber\/yargitay-4-hukuk-dairesinin-2022-3700-e-2022-15281-k-sayili-karari\/#breadcrumb\",\"itemListElement\":[{\"@type\":\"ListItem\",\"position\":1,\"name\":\"Home\",\"item\":\"https:\/\/denizcankizil.tr\/de\/\"},{\"@type\":\"ListItem\",\"position\":2,\"name\":\"Yarg\u0131tay 4. Hukuk Dairesi\u2019nin 2022\/3700 E., 2022\/15281 K. say\u0131l\u0131 karar\u0131\"}]},{\"@type\":\"WebSite\",\"@id\":\"https:\/\/denizcankizil.tr\/de\/#website\",\"url\":\"https:\/\/denizcankizil.tr\/de\/\",\"name\":\"Av. Deniz Can K\u0131z\u0131l\",\"description\":\"Avukat Deniz Can K\u0131z\u0131l Antalya Barosu\",\"publisher\":{\"@id\":\"https:\/\/denizcankizil.tr\/de\/#organization\"},\"potentialAction\":[{\"@type\":\"SearchAction\",\"target\":{\"@type\":\"EntryPoint\",\"urlTemplate\":\"https:\/\/denizcankizil.tr\/de\/?s={search_term_string}\"},\"query-input\":{\"@type\":\"PropertyValueSpecification\",\"valueRequired\":true,\"valueName\":\"search_term_string\"}}],\"inLanguage\":\"en-GB\"},{\"@type\":\"Organization\",\"@id\":\"https:\/\/denizcankizil.tr\/de\/#organization\",\"name\":\"Av. Deniz Can K\u0131z\u0131l\",\"url\":\"https:\/\/denizcankizil.tr\/de\/\",\"logo\":{\"@type\":\"ImageObject\",\"inLanguage\":\"en-GB\",\"@id\":\"https:\/\/denizcankizil.tr\/de\/#\/schema\/logo\/image\/\",\"url\":\"http:\/\/denizcankizil.tr\/wp-content\/uploads\/2024\/10\/siyah-logo-svg.svg\",\"contentUrl\":\"http:\/\/denizcankizil.tr\/wp-content\/uploads\/2024\/10\/siyah-logo-svg.svg\",\"width\":1080,\"height\":1080,\"caption\":\"Av. Deniz Can K\u0131z\u0131l\"},\"image\":{\"@id\":\"https:\/\/denizcankizil.tr\/de\/#\/schema\/logo\/image\/\"}},{\"@type\":\"Person\",\"@id\":\"https:\/\/denizcankizil.tr\/de\/#\/schema\/person\/001a271de994a0aa3f90eea084424822\",\"name\":\"Hukuki Haber.net\",\"image\":{\"@type\":\"ImageObject\",\"inLanguage\":\"en-GB\",\"@id\":\"https:\/\/denizcankizil.tr\/de\/#\/schema\/person\/image\/\",\"url\":\"https:\/\/secure.gravatar.com\/avatar\/57d8a49151495586611a149d29fc42865b951dc053a84709a3172ccb5abf3118?s=96&d=mm&r=g\",\"contentUrl\":\"https:\/\/secure.gravatar.com\/avatar\/57d8a49151495586611a149d29fc42865b951dc053a84709a3172ccb5abf3118?s=96&d=mm&r=g\",\"caption\":\"Hukuki Haber.net\"},\"sameAs\":[\"http:\/\/www.hukukihaber.net\"],\"url\":\"http:\/\/denizcankizil.tr\/en\/author\/hukukihabernet\/\"}]}<\/script>\n<!-- \/ Yoast SEO Premium plugin. -->","yoast_head_json":{"title":"Yarg\u0131tay 4. Hukuk Dairesi\u2019nin 2022\/3700 E., 2022\/15281 K. say\u0131l\u0131 karar\u0131 - Av. Deniz Can K\u0131z\u0131l","robots":{"index":"index","follow":"follow","max-snippet":"max-snippet:-1","max-image-preview":"max-image-preview:large","max-video-preview":"max-video-preview:-1"},"canonical":"http:\/\/denizcankizil.tr\/en\/hukukihaber\/yargitay-4-hukuk-dairesinin-2022-3700-e-2022-15281-k-sayili-karari\/","og_locale":"en_GB","og_type":"article","og_title":"Yarg\u0131tay 4. Hukuk Dairesi\u2019nin 2022\/3700 E., 2022\/15281 K. say\u0131l\u0131 karar\u0131","og_description":"T.C. Yarg\u0131tay 4. Hukuk Dairesi 2022\/3700 E., 2022\/15281 K. &#8220;\u0130\u00e7tihat Metni&#8221; MAHKEMES\u0130 :Asliye Hukuk Mahkemesi Taraflar aras\u0131ndaki bas\u0131n yoluyla ki\u015filik haklar\u0131na sald\u0131r\u0131 nedeniyle manevi tazminat davas\u0131n\u0131n mahkemece yap\u0131lan yarg\u0131lamas\u0131 sonunda; davan\u0131n kabul\u00fcne dair verilen 02.07.2020 g\u00fcnl\u00fc karar\u0131n Yarg\u0131tay\u2019ca incelenmesi daval\u0131lar vekili taraf\u0131ndan s\u00fcresi i\u00e7inde istenilmekle temyiz dilek\u00e7esinin kabul\u00fcne karar verildikten sonra tetkik hakimi taraf\u0131ndan haz\u0131rlanan rapor ile dosya i\u00e7erisindeki ka\u011f\u0131tlar incelenerek gere\u011fi g\u00f6r\u00fc\u015f\u00fcld\u00fc. K A R A R Davac\u0131 vekili; Sabah Gazetesinin 18 &#8211; 20 &#8211; 21 ve 22 \u015eubat 2015 tarihli yay\u0131nlar\u0131nda CHP \u0130stanbul milletvekili olan m\u00fcvekkili hakk\u0131nda k\u00fc\u00e7\u00fck d\u00fc\u015f\u00fcr\u00fcc\u00fc, ki\u015fisel ve siyasi itibar\u0131n\u0131 rencide edici haberler yap\u0131ld\u0131\u011f\u0131n\u0131, ger\u00e7e\u011fe ayk\u0131r\u0131 ve uydurma twitter direkt mesaj yaz\u0131\u015fma g\u00f6r\u00fcnt\u00fclerine dayanan haberlerde m\u00fcvekkilini paralel yap\u0131yla ili\u015fkilendiren ifadeler yer ald\u0131\u011f\u0131n\u0131 belirterek m\u00fcvekkilinin ki\u015filik haklar\u0131n\u0131n ihlali nedeniyle olu\u015ftu\u011funu iddia etti\u011fi manevi zararlar\u0131n daval\u0131 gazete ve sorumlu yaz\u0131 i\u015fleri m\u00fcd\u00fcrlerinden tahsiline karar verilmesi isteminde bulunmu\u015ftur. Daval\u0131lar vekili; dava konusu edilen haberin Star Gazetesi taraf\u0131ndan daha \u00f6nce yay\u0131nland\u0131\u011f\u0131n\u0131, haberde davac\u0131n\u0131n konu ile ilgili yapm\u0131\u015f oldu\u011fu a\u00e7\u0131klamalara da yer verilerek tamamen ya\u015fanan s\u00fcrecin de\u011ferlendirildi\u011fini ve kamuoyuna aktar\u0131ld\u0131\u011f\u0131n\u0131, g\u00f6r\u00fcn\u00fcrdeki ger\u00e7eklikler \u00e7er\u00e7evesinde, kamu yarar\u0131 do\u011frultusunda, g\u00fcncel ve dayana\u011f\u0131 olan bir yay\u0131n oldu\u011funu belirterek davan\u0131n reddi gerekti\u011fini savunmu\u015ftur. Mahkemece; davac\u0131n\u0131n toplum taraf\u0131ndan tan\u0131nan siyasi bir ki\u015filik oldu\u011fu, hakk\u0131nda Star Gazetesi &hellip;","og_url":"http:\/\/denizcankizil.tr\/en\/hukukihaber\/yargitay-4-hukuk-dairesinin-2022-3700-e-2022-15281-k-sayili-karari\/","og_site_name":"Av. Deniz Can K\u0131z\u0131l","article_published_time":"2025-07-21T11:19:00+00:00","author":"Hukuki Haber.net","twitter_card":"summary_large_image","twitter_misc":{"Written by":"Hukuki Haber.net","Estimated reading time":"3 minutes"},"schema":{"@context":"https:\/\/schema.org","@graph":[{"@type":"Article","@id":"http:\/\/denizcankizil.tr\/de\/hukukihaber\/yargitay-4-hukuk-dairesinin-2022-3700-e-2022-15281-k-sayili-karari\/#article","isPartOf":{"@id":"http:\/\/denizcankizil.tr\/de\/hukukihaber\/yargitay-4-hukuk-dairesinin-2022-3700-e-2022-15281-k-sayili-karari\/"},"author":{"name":"Hukuki Haber.net","@id":"https:\/\/denizcankizil.tr\/de\/#\/schema\/person\/001a271de994a0aa3f90eea084424822"},"headline":"Yarg\u0131tay 4. Hukuk Dairesi\u2019nin 2022\/3700 E., 2022\/15281 K. say\u0131l\u0131 karar\u0131","datePublished":"2025-07-21T11:19:00+00:00","mainEntityOfPage":{"@id":"http:\/\/denizcankizil.tr\/de\/hukukihaber\/yargitay-4-hukuk-dairesinin-2022-3700-e-2022-15281-k-sayili-karari\/"},"wordCount":702,"publisher":{"@id":"https:\/\/denizcankizil.tr\/de\/#organization"},"articleSection":["Hukuki Haberler"],"inLanguage":"en-GB"},{"@type":"WebPage","@id":"http:\/\/denizcankizil.tr\/de\/hukukihaber\/yargitay-4-hukuk-dairesinin-2022-3700-e-2022-15281-k-sayili-karari\/","url":"http:\/\/denizcankizil.tr\/de\/hukukihaber\/yargitay-4-hukuk-dairesinin-2022-3700-e-2022-15281-k-sayili-karari\/","name":"Yarg\u0131tay 4. Hukuk Dairesi\u2019nin 2022\/3700 E., 2022\/15281 K. say\u0131l\u0131 karar\u0131 - Av. Deniz Can K\u0131z\u0131l","isPartOf":{"@id":"https:\/\/denizcankizil.tr\/de\/#website"},"datePublished":"2025-07-21T11:19:00+00:00","breadcrumb":{"@id":"http:\/\/denizcankizil.tr\/de\/hukukihaber\/yargitay-4-hukuk-dairesinin-2022-3700-e-2022-15281-k-sayili-karari\/#breadcrumb"},"inLanguage":"en-GB","potentialAction":[{"@type":"ReadAction","target":["http:\/\/denizcankizil.tr\/de\/hukukihaber\/yargitay-4-hukuk-dairesinin-2022-3700-e-2022-15281-k-sayili-karari\/"]}]},{"@type":"BreadcrumbList","@id":"http:\/\/denizcankizil.tr\/de\/hukukihaber\/yargitay-4-hukuk-dairesinin-2022-3700-e-2022-15281-k-sayili-karari\/#breadcrumb","itemListElement":[{"@type":"ListItem","position":1,"name":"Home","item":"https:\/\/denizcankizil.tr\/de\/"},{"@type":"ListItem","position":2,"name":"Yarg\u0131tay 4. Hukuk Dairesi\u2019nin 2022\/3700 E., 2022\/15281 K. say\u0131l\u0131 karar\u0131"}]},{"@type":"WebSite","@id":"https:\/\/denizcankizil.tr\/de\/#website","url":"https:\/\/denizcankizil.tr\/de\/","name":"Av. Deniz Can K\u0131z\u0131l","description":"Avukat Deniz Can K\u0131z\u0131l Antalya Barosu","publisher":{"@id":"https:\/\/denizcankizil.tr\/de\/#organization"},"potentialAction":[{"@type":"SearchAction","target":{"@type":"EntryPoint","urlTemplate":"https:\/\/denizcankizil.tr\/de\/?s={search_term_string}"},"query-input":{"@type":"PropertyValueSpecification","valueRequired":true,"valueName":"search_term_string"}}],"inLanguage":"en-GB"},{"@type":"Organization","@id":"https:\/\/denizcankizil.tr\/de\/#organization","name":"Av. Deniz Can K\u0131z\u0131l","url":"https:\/\/denizcankizil.tr\/de\/","logo":{"@type":"ImageObject","inLanguage":"en-GB","@id":"https:\/\/denizcankizil.tr\/de\/#\/schema\/logo\/image\/","url":"http:\/\/denizcankizil.tr\/wp-content\/uploads\/2024\/10\/siyah-logo-svg.svg","contentUrl":"http:\/\/denizcankizil.tr\/wp-content\/uploads\/2024\/10\/siyah-logo-svg.svg","width":1080,"height":1080,"caption":"Av. Deniz Can K\u0131z\u0131l"},"image":{"@id":"https:\/\/denizcankizil.tr\/de\/#\/schema\/logo\/image\/"}},{"@type":"Person","@id":"https:\/\/denizcankizil.tr\/de\/#\/schema\/person\/001a271de994a0aa3f90eea084424822","name":"Hukuki Haber.net","image":{"@type":"ImageObject","inLanguage":"en-GB","@id":"https:\/\/denizcankizil.tr\/de\/#\/schema\/person\/image\/","url":"https:\/\/secure.gravatar.com\/avatar\/57d8a49151495586611a149d29fc42865b951dc053a84709a3172ccb5abf3118?s=96&d=mm&r=g","contentUrl":"https:\/\/secure.gravatar.com\/avatar\/57d8a49151495586611a149d29fc42865b951dc053a84709a3172ccb5abf3118?s=96&d=mm&r=g","caption":"Hukuki Haber.net"},"sameAs":["http:\/\/www.hukukihaber.net"],"url":"http:\/\/denizcankizil.tr\/en\/author\/hukukihabernet\/"}]}},"_links":{"self":[{"href":"http:\/\/denizcankizil.tr\/en\/wp-json\/wp\/v2\/posts\/152803","targetHints":{"allow":["GET"]}}],"collection":[{"href":"http:\/\/denizcankizil.tr\/en\/wp-json\/wp\/v2\/posts"}],"about":[{"href":"http:\/\/denizcankizil.tr\/en\/wp-json\/wp\/v2\/types\/post"}],"author":[{"embeddable":true,"href":"http:\/\/denizcankizil.tr\/en\/wp-json\/wp\/v2\/users\/3"}],"replies":[{"embeddable":true,"href":"http:\/\/denizcankizil.tr\/en\/wp-json\/wp\/v2\/comments?post=152803"}],"version-history":[{"count":0,"href":"http:\/\/denizcankizil.tr\/en\/wp-json\/wp\/v2\/posts\/152803\/revisions"}],"wp:attachment":[{"href":"http:\/\/denizcankizil.tr\/en\/wp-json\/wp\/v2\/media?parent=152803"}],"wp:term":[{"taxonomy":"category","embeddable":true,"href":"http:\/\/denizcankizil.tr\/en\/wp-json\/wp\/v2\/categories?post=152803"},{"taxonomy":"post_tag","embeddable":true,"href":"http:\/\/denizcankizil.tr\/en\/wp-json\/wp\/v2\/tags?post=152803"}],"curies":[{"name":"wp","href":"https:\/\/api.w.org\/{rel}","templated":true}]}}