{"id":15158,"date":"2024-11-10T14:41:28","date_gmt":"2024-11-10T11:41:28","guid":{"rendered":"https:\/\/denizcankizil.tr\/uncategorized-tr\/muratpasada-asgari-ucret-konusuldu\/"},"modified":"2024-11-10T14:41:28","modified_gmt":"2024-11-10T11:41:28","slug":"muratpasada-asgari-ucret-konusuldu","status":"publish","type":"post","link":"http:\/\/denizcankizil.tr\/en\/haberler\/gundem\/muratpasada-asgari-ucret-konusuldu\/","title":{"rendered":"Muratpa\u015fa&#8217;da &#8216;asgari \u00fccret&#8217; konu\u015fuldu"},"content":{"rendered":"<p>D\u0130SK Ba\u015fkan\u0131 Arzu \u00c7erkezo\u011flu, Antalya\u2019da Muratpa\u015fa Belediyesi\u2019nce d\u00fczenlenen \u2018Forum Muratpa\u015fa\u2019da T\u00fcrkiye\u2019nin bir asgari \u00fccret \u00fclkesi olmaktan \u00e7\u0131kar\u0131lmas\u0131 gerekti\u011fini s\u00f6yledi.<\/p>\n<p>GEL\u0130R DA\u011eILIMI ADELETS\u0130ZL\u0130\u011e\u0130 TARTI\u015eILDI\u00a0<\/p>\n<p>Antalya Muratpa\u015fa Belediyesi\u2019nin demokratik ve kalk\u0131nm\u0131\u015f bir T\u00fcrkiye hedefiyle ba\u015flatt\u0131\u011f\u0131 Forum Muratpa\u015fa\u2019n\u0131n Kas\u0131m ay\u0131 g\u00fcndeminde \u00a0\u201cSosyal E\u015fitsizlik ve Gelir Da\u011f\u0131l\u0131m\u0131 Adaletsizli\u011fi\u201d vard\u0131. T\u00fcrkan \u015eoray K\u00fclt\u00fcr Merkezi\u2019nde d\u00fczenlenen forumda D\u0130SK Genel Ba\u015fkan\u0131 Arzu \u00c7erkezo\u011flu, \u00a0ekonomi yazar\u0131 Erdal Sa\u011flam ve \u0130stanbul Planlama Ajans\u0131 (\u0130PA) Genel M\u00fcd\u00fcr\u00fc Oktay Karg\u00fcl\u2019\u00fcn konu\u015fmac\u0131 olarak kat\u0131ld\u0131. Forumun moderat\u00f6rl\u00fc\u011f\u00fcn\u00fc gazeteci Meliha Okur yapt\u0131.<\/p>\n<p>MERKEZ BANKASI, REKABET KURUMU VE T\u00dc\u0130K BA\u011eIMSIZLI\u011eINI KORUMALI\u00a0<\/p>\n<p>Ekonomi yazar\u0131 Sa\u011flam, \u00a0k\u00fcreselle\u015fmenin yeni bir evresine girildi\u011fini ifade ederek kurall\u0131 piyasa ekonomisine ge\u00e7i\u015fin ve kamu yarar\u0131 ad\u0131na sermayenin s\u0131n\u0131rs\u0131z hareketlerinin dizginlenmesinin sosyal e\u015fitsizlik ve gelir da\u011f\u0131l\u0131m\u0131 adaletsizli\u011fini ortadan kald\u0131ramaya yetmese dahi derinle\u015fmesini \u00f6nleyebilece\u011fini \u00f6ne s\u00fcrd\u00fc. Sa\u011flam, T\u00fcrkiye\u2019de Merkez Bankas\u0131, Rekabet Kurumu, T\u00fcrkiye \u0130statistik Kurumu gibi kurumlar\u0131n ba\u011f\u0131ms\u0131zl\u0131\u011f\u0131n\u0131n korunmas\u0131n\u0131n \u00f6nemine dikkat \u00e7ekti.\u00a0<\/p>\n<p>DEMOKRASI GED\u0130KLER\u0130 KAPATILMALI\u00a0<\/p>\n<p>D\u0130SK Ba\u015fkan\u0131 Arzu \u00c7erkezo\u011flu, d\u00fcnyan\u0131n hi\u00e7bir \u00fclkesinde asgari \u00fccretin T\u00fcrkiye\u2019deki kadar g\u00fcndemde olmad\u0131\u011f\u0131n\u0131 belirterek \u00f6ncelikli hedefin T\u00fcrkiye\u2019yi asgari \u00fccret \u00fclkesi olmaktan \u00e7\u0131kartmak olmas\u0131 gerekti\u011fini s\u00f6yledi. \u00c7erkezo\u011flu, sosyal e\u015fitsizlik ve gelir da\u011f\u0131l\u0131m\u0131 adaletsizli\u011finin, hukukun ve demokrasinin ihlal edildi\u011fi otoriter rejimlerde, ba\u015fkanl\u0131k sistemlerinde derinle\u015fti\u011fini savunarak, T\u00fcrkiye\u2019de hukukun \u00fcst\u00fcnl\u00fc\u011f\u00fcn\u00fcn sa\u011flanmas\u0131 ve demokrasideki gediklerin kapat\u0131lmas\u0131 i\u00e7in m\u00fccadele verilmesi gerekti\u011finin alt\u0131n\u0131 \u00e7izdi.\u00a0<\/p>\n<p>4 K\u0130\u015e\u0130L\u0130K B\u0130R A\u0130LEN\u0130N HAYATTA KALMA MAL\u0130YET\u0130 73 B\u0130N L\u0130RA<\/p>\n<p>\u0130PA Genel M\u00fcd\u00fcr\u00fc Karg\u00fcl ise konu\u015fmas\u0131nda \u0130stanbul\u2019da 4 ki\u015filik bir ailenin hayatta kalma maliyetinin 73 bin liraya ula\u015ft\u0131\u011f\u0131n\u0131 s\u00f6yledi. Karg\u00fcl, kentlerde \u00f6zellikle bar\u0131nma ve beslenme gibi \u00e7ok temel insani ihtiya\u00e7lar\u0131n giderilmesinde bir sonraki nesilleri de etkileyebilecek b\u00fcy\u00fck bir yoksulluk g\u00f6zlemlediklerini belirterek, bu yoksullu\u011fu gidermek ad\u0131na \u0130stanbul B\u00fcy\u00fck\u015fehir Belediyesi\u2019nin \u00a0y\u00fcr\u00fctt\u00fc\u011f\u00fc projeleri anlatt\u0131.\u00a0Vatanda\u015flar\u0131n\u0131n soru ve yorumlar\u0131yla devam eden forumun sonunda Muratpa\u015fa Belediye Ba\u015fkan Vekili Canan Kele\u015f kat\u0131l\u0131mc\u0131lara te\u015fekk\u00fcr plaketi sundu.\u00a0<br \/>\n\u00a0<\/p>\n<p>\u200bAntalya&#8217;da Muratpa\u015fa Belediyesi&#8217;nin ba\u015flatt\u0131\u011f\u0131 Forum Muratpa\u015fa\u2019n\u0131n Kas\u0131m ay\u0131 g\u00fcndeminde \u00a0&#8216;Sosyal E\u015fitsizlik ve Gelir Da\u011f\u0131l\u0131m\u0131 Adaletsizli\u011fi&#8217; yer ald\u0131. Forumda konu\u015fan D\u0130SK Ba\u015fkan\u0131 Arzu \u00c7erkezo\u011flu, &#8220;T\u00fcrkiye asgari \u00fccret \u00fclkesi olmamal\u0131d\u0131r&#8221; dedi.\u00a0<\/p>\n<p>\u200bHaberin Al\u0131nt\u0131land\u0131\u011f\u0131 Kaynak: www.antalyakorfez.com<\/p>","protected":false},"excerpt":{"rendered":"<p>D\u0130SK Ba\u015fkan\u0131 Arzu \u00c7erkezo\u011flu, Antalya\u2019da Muratpa\u015fa Belediyesi\u2019nce d\u00fczenlenen \u2018Forum Muratpa\u015fa\u2019da T\u00fcrkiye\u2019nin bir asgari \u00fccret \u00fclkesi olmaktan \u00e7\u0131kar\u0131lmas\u0131 gerekti\u011fini s\u00f6yledi. GEL\u0130R DA\u011eILIMI ADELETS\u0130ZL\u0130\u011e\u0130 TARTI\u015eILDI\u00a0 Antalya Muratpa\u015fa Belediyesi\u2019nin demokratik ve kalk\u0131nm\u0131\u015f bir T\u00fcrkiye hedefiyle ba\u015flatt\u0131\u011f\u0131 Forum Muratpa\u015fa\u2019n\u0131n Kas\u0131m ay\u0131 g\u00fcndeminde \u00a0\u201cSosyal E\u015fitsizlik ve Gelir Da\u011f\u0131l\u0131m\u0131 Adaletsizli\u011fi\u201d vard\u0131. T\u00fcrkan \u015eoray K\u00fclt\u00fcr Merkezi\u2019nde d\u00fczenlenen forumda D\u0130SK Genel Ba\u015fkan\u0131 Arzu \u00c7erkezo\u011flu, \u00a0ekonomi yazar\u0131 Erdal Sa\u011flam ve \u0130stanbul Planlama Ajans\u0131 (\u0130PA) Genel M\u00fcd\u00fcr\u00fc Oktay Karg\u00fcl\u2019\u00fcn konu\u015fmac\u0131 olarak kat\u0131ld\u0131. Forumun moderat\u00f6rl\u00fc\u011f\u00fcn\u00fc gazeteci Meliha Okur yapt\u0131. MERKEZ BANKASI, REKABET KURUMU VE T\u00dc\u0130K BA\u011eIMSIZLI\u011eINI KORUMALI\u00a0 Ekonomi yazar\u0131 Sa\u011flam, \u00a0k\u00fcreselle\u015fmenin yeni bir evresine girildi\u011fini ifade ederek kurall\u0131 piyasa ekonomisine ge\u00e7i\u015fin ve kamu yarar\u0131 ad\u0131na sermayenin s\u0131n\u0131rs\u0131z hareketlerinin dizginlenmesinin sosyal e\u015fitsizlik ve gelir da\u011f\u0131l\u0131m\u0131 adaletsizli\u011fini ortadan kald\u0131ramaya yetmese dahi derinle\u015fmesini \u00f6nleyebilece\u011fini \u00f6ne s\u00fcrd\u00fc. Sa\u011flam, T\u00fcrkiye\u2019de Merkez Bankas\u0131, Rekabet Kurumu, T\u00fcrkiye \u0130statistik Kurumu gibi kurumlar\u0131n ba\u011f\u0131ms\u0131zl\u0131\u011f\u0131n\u0131n korunmas\u0131n\u0131n \u00f6nemine dikkat \u00e7ekti.\u00a0 DEMOKRASI GED\u0130KLER\u0130 KAPATILMALI\u00a0 D\u0130SK Ba\u015fkan\u0131 Arzu \u00c7erkezo\u011flu, d\u00fcnyan\u0131n hi\u00e7bir \u00fclkesinde asgari \u00fccretin T\u00fcrkiye\u2019deki kadar g\u00fcndemde olmad\u0131\u011f\u0131n\u0131 belirterek \u00f6ncelikli hedefin T\u00fcrkiye\u2019yi asgari \u00fccret \u00fclkesi olmaktan \u00e7\u0131kartmak olmas\u0131 gerekti\u011fini s\u00f6yledi. \u00c7erkezo\u011flu, sosyal e\u015fitsizlik ve gelir da\u011f\u0131l\u0131m\u0131 adaletsizli\u011finin, hukukun ve demokrasinin ihlal edildi\u011fi otoriter rejimlerde, ba\u015fkanl\u0131k sistemlerinde derinle\u015fti\u011fini savunarak, T\u00fcrkiye\u2019de hukukun \u00fcst\u00fcnl\u00fc\u011f\u00fcn\u00fcn sa\u011flanmas\u0131 ve demokrasideki gediklerin kapat\u0131lmas\u0131 i\u00e7in m\u00fccadele verilmesi gerekti\u011finin alt\u0131n\u0131 \u00e7izdi.\u00a0 4 K\u0130\u015e\u0130L\u0130K &hellip;<\/p>","protected":false},"author":0,"featured_media":0,"comment_status":"open","ping_status":"open","sticky":false,"template":"","format":"standard","meta":{"_acf_changed":false,"footnotes":""},"categories":[24,535],"tags":[],"class_list":["post-15158","post","type-post","status-publish","format-standard","has-post-thumbnail","hentry","category-gundem","category-uncategorized-tr"],"acf":[],"yoast_head":"<!-- This site is optimized with the Yoast SEO Premium plugin v26.6 (Yoast SEO v27.1.1) - https:\/\/yoast.com\/product\/yoast-seo-premium-wordpress\/ -->\n<title>Muratpa\u015fa&#039;da &#039;asgari \u00fccret&#039; konu\u015fuldu - Av. Deniz Can K\u0131z\u0131l<\/title>\n<meta name=\"robots\" content=\"index, follow, max-snippet:-1, max-image-preview:large, max-video-preview:-1\" \/>\n<link rel=\"canonical\" href=\"http:\/\/denizcankizil.tr\/en\/haberler\/gundem\/muratpasada-asgari-ucret-konusuldu\/\" \/>\n<meta property=\"og:locale\" content=\"en_GB\" \/>\n<meta property=\"og:type\" content=\"article\" \/>\n<meta property=\"og:title\" content=\"Muratpa\u015fa&#039;da &#039;asgari \u00fccret&#039; konu\u015fuldu\" \/>\n<meta property=\"og:description\" content=\"D\u0130SK Ba\u015fkan\u0131 Arzu \u00c7erkezo\u011flu, Antalya\u2019da Muratpa\u015fa Belediyesi\u2019nce d\u00fczenlenen \u2018Forum Muratpa\u015fa\u2019da T\u00fcrkiye\u2019nin bir asgari \u00fccret \u00fclkesi olmaktan \u00e7\u0131kar\u0131lmas\u0131 gerekti\u011fini s\u00f6yledi. GEL\u0130R DA\u011eILIMI ADELETS\u0130ZL\u0130\u011e\u0130 TARTI\u015eILDI\u00a0 Antalya Muratpa\u015fa Belediyesi\u2019nin demokratik ve kalk\u0131nm\u0131\u015f bir T\u00fcrkiye hedefiyle ba\u015flatt\u0131\u011f\u0131 Forum Muratpa\u015fa\u2019n\u0131n Kas\u0131m ay\u0131 g\u00fcndeminde \u00a0\u201cSosyal E\u015fitsizlik ve Gelir Da\u011f\u0131l\u0131m\u0131 Adaletsizli\u011fi\u201d vard\u0131. T\u00fcrkan \u015eoray K\u00fclt\u00fcr Merkezi\u2019nde d\u00fczenlenen forumda D\u0130SK Genel Ba\u015fkan\u0131 Arzu \u00c7erkezo\u011flu, \u00a0ekonomi yazar\u0131 Erdal Sa\u011flam ve \u0130stanbul Planlama Ajans\u0131 (\u0130PA) Genel M\u00fcd\u00fcr\u00fc Oktay Karg\u00fcl\u2019\u00fcn konu\u015fmac\u0131 olarak kat\u0131ld\u0131. Forumun moderat\u00f6rl\u00fc\u011f\u00fcn\u00fc gazeteci Meliha Okur yapt\u0131. MERKEZ BANKASI, REKABET KURUMU VE T\u00dc\u0130K BA\u011eIMSIZLI\u011eINI KORUMALI\u00a0 Ekonomi yazar\u0131 Sa\u011flam, \u00a0k\u00fcreselle\u015fmenin yeni bir evresine girildi\u011fini ifade ederek kurall\u0131 piyasa ekonomisine ge\u00e7i\u015fin ve kamu yarar\u0131 ad\u0131na sermayenin s\u0131n\u0131rs\u0131z hareketlerinin dizginlenmesinin sosyal e\u015fitsizlik ve gelir da\u011f\u0131l\u0131m\u0131 adaletsizli\u011fini ortadan kald\u0131ramaya yetmese dahi derinle\u015fmesini \u00f6nleyebilece\u011fini \u00f6ne s\u00fcrd\u00fc. Sa\u011flam, T\u00fcrkiye\u2019de Merkez Bankas\u0131, Rekabet Kurumu, T\u00fcrkiye \u0130statistik Kurumu gibi kurumlar\u0131n ba\u011f\u0131ms\u0131zl\u0131\u011f\u0131n\u0131n korunmas\u0131n\u0131n \u00f6nemine dikkat \u00e7ekti.\u00a0 DEMOKRASI GED\u0130KLER\u0130 KAPATILMALI\u00a0 D\u0130SK Ba\u015fkan\u0131 Arzu \u00c7erkezo\u011flu, d\u00fcnyan\u0131n hi\u00e7bir \u00fclkesinde asgari \u00fccretin T\u00fcrkiye\u2019deki kadar g\u00fcndemde olmad\u0131\u011f\u0131n\u0131 belirterek \u00f6ncelikli hedefin T\u00fcrkiye\u2019yi asgari \u00fccret \u00fclkesi olmaktan \u00e7\u0131kartmak olmas\u0131 gerekti\u011fini s\u00f6yledi. \u00c7erkezo\u011flu, sosyal e\u015fitsizlik ve gelir da\u011f\u0131l\u0131m\u0131 adaletsizli\u011finin, hukukun ve demokrasinin ihlal edildi\u011fi otoriter rejimlerde, ba\u015fkanl\u0131k sistemlerinde derinle\u015fti\u011fini savunarak, T\u00fcrkiye\u2019de hukukun \u00fcst\u00fcnl\u00fc\u011f\u00fcn\u00fcn sa\u011flanmas\u0131 ve demokrasideki gediklerin kapat\u0131lmas\u0131 i\u00e7in m\u00fccadele verilmesi gerekti\u011finin alt\u0131n\u0131 \u00e7izdi.\u00a0 4 K\u0130\u015e\u0130L\u0130K &hellip;\" \/>\n<meta property=\"og:url\" content=\"http:\/\/denizcankizil.tr\/en\/haberler\/gundem\/muratpasada-asgari-ucret-konusuldu\/\" \/>\n<meta property=\"og:site_name\" content=\"Av. Deniz Can K\u0131z\u0131l\" \/>\n<meta property=\"article:published_time\" content=\"2024-11-10T11:41:28+00:00\" \/>\n<meta name=\"twitter:card\" content=\"summary_large_image\" \/>\n<meta name=\"twitter:label1\" content=\"Estimated reading time\" \/>\n\t<meta name=\"twitter:data1\" content=\"2 minutes\" \/>\n<script type=\"application\/ld+json\" class=\"yoast-schema-graph\">{\"@context\":\"https:\/\/schema.org\",\"@graph\":[{\"@type\":\"Article\",\"@id\":\"http:\/\/denizcankizil.tr\/uk\/haberler\/gundem\/muratpasada-asgari-ucret-konusuldu\/#article\",\"isPartOf\":{\"@id\":\"http:\/\/denizcankizil.tr\/uk\/haberler\/gundem\/muratpasada-asgari-ucret-konusuldu\/\"},\"author\":{\"name\":\"\",\"@id\":\"\"},\"headline\":\"Muratpa\u015fa&#8217;da &#8216;asgari \u00fccret&#8217; konu\u015fuldu\",\"datePublished\":\"2024-11-10T11:41:28+00:00\",\"mainEntityOfPage\":{\"@id\":\"http:\/\/denizcankizil.tr\/uk\/haberler\/gundem\/muratpasada-asgari-ucret-konusuldu\/\"},\"wordCount\":498,\"commentCount\":0,\"publisher\":{\"@id\":\"https:\/\/denizcankizil.tr\/de\/#organization\"},\"articleSection\":[\"G\u00fcndem\",\"Uncategorized\"],\"inLanguage\":\"en-GB\",\"potentialAction\":[{\"@type\":\"CommentAction\",\"name\":\"Comment\",\"target\":[\"http:\/\/denizcankizil.tr\/uk\/haberler\/gundem\/muratpasada-asgari-ucret-konusuldu\/#respond\"]}]},{\"@type\":\"WebPage\",\"@id\":\"http:\/\/denizcankizil.tr\/uk\/haberler\/gundem\/muratpasada-asgari-ucret-konusuldu\/\",\"url\":\"http:\/\/denizcankizil.tr\/uk\/haberler\/gundem\/muratpasada-asgari-ucret-konusuldu\/\",\"name\":\"Muratpa\u015fa'da 'asgari \u00fccret' konu\u015fuldu - Av. Deniz Can K\u0131z\u0131l\",\"isPartOf\":{\"@id\":\"https:\/\/denizcankizil.tr\/de\/#website\"},\"datePublished\":\"2024-11-10T11:41:28+00:00\",\"breadcrumb\":{\"@id\":\"http:\/\/denizcankizil.tr\/uk\/haberler\/gundem\/muratpasada-asgari-ucret-konusuldu\/#breadcrumb\"},\"inLanguage\":\"en-GB\",\"potentialAction\":[{\"@type\":\"ReadAction\",\"target\":[\"http:\/\/denizcankizil.tr\/uk\/haberler\/gundem\/muratpasada-asgari-ucret-konusuldu\/\"]}]},{\"@type\":\"BreadcrumbList\",\"@id\":\"http:\/\/denizcankizil.tr\/uk\/haberler\/gundem\/muratpasada-asgari-ucret-konusuldu\/#breadcrumb\",\"itemListElement\":[{\"@type\":\"ListItem\",\"position\":1,\"name\":\"Home\",\"item\":\"https:\/\/denizcankizil.tr\/de\/\"},{\"@type\":\"ListItem\",\"position\":2,\"name\":\"Muratpa\u015fa&#8217;da &#8216;asgari \u00fccret&#8217; konu\u015fuldu\"}]},{\"@type\":\"WebSite\",\"@id\":\"https:\/\/denizcankizil.tr\/de\/#website\",\"url\":\"https:\/\/denizcankizil.tr\/de\/\",\"name\":\"Av. Deniz Can K\u0131z\u0131l\",\"description\":\"Avukat Deniz Can K\u0131z\u0131l Antalya Barosu\",\"publisher\":{\"@id\":\"https:\/\/denizcankizil.tr\/de\/#organization\"},\"potentialAction\":[{\"@type\":\"SearchAction\",\"target\":{\"@type\":\"EntryPoint\",\"urlTemplate\":\"https:\/\/denizcankizil.tr\/de\/?s={search_term_string}\"},\"query-input\":{\"@type\":\"PropertyValueSpecification\",\"valueRequired\":true,\"valueName\":\"search_term_string\"}}],\"inLanguage\":\"en-GB\"},{\"@type\":\"Organization\",\"@id\":\"https:\/\/denizcankizil.tr\/de\/#organization\",\"name\":\"Av. Deniz Can K\u0131z\u0131l\",\"url\":\"https:\/\/denizcankizil.tr\/de\/\",\"logo\":{\"@type\":\"ImageObject\",\"inLanguage\":\"en-GB\",\"@id\":\"https:\/\/denizcankizil.tr\/de\/#\/schema\/logo\/image\/\",\"url\":\"http:\/\/denizcankizil.tr\/wp-content\/uploads\/2024\/10\/siyah-logo-svg.svg\",\"contentUrl\":\"http:\/\/denizcankizil.tr\/wp-content\/uploads\/2024\/10\/siyah-logo-svg.svg\",\"width\":1080,\"height\":1080,\"caption\":\"Av. Deniz Can K\u0131z\u0131l\"},\"image\":{\"@id\":\"https:\/\/denizcankizil.tr\/de\/#\/schema\/logo\/image\/\"}}]}<\/script>\n<!-- \/ Yoast SEO Premium plugin. -->","yoast_head_json":{"title":"Muratpa\u015fa'da 'asgari \u00fccret' konu\u015fuldu - Av. Deniz Can K\u0131z\u0131l","robots":{"index":"index","follow":"follow","max-snippet":"max-snippet:-1","max-image-preview":"max-image-preview:large","max-video-preview":"max-video-preview:-1"},"canonical":"http:\/\/denizcankizil.tr\/en\/haberler\/gundem\/muratpasada-asgari-ucret-konusuldu\/","og_locale":"en_GB","og_type":"article","og_title":"Muratpa\u015fa'da 'asgari \u00fccret' konu\u015fuldu","og_description":"D\u0130SK Ba\u015fkan\u0131 Arzu \u00c7erkezo\u011flu, Antalya\u2019da Muratpa\u015fa Belediyesi\u2019nce d\u00fczenlenen \u2018Forum Muratpa\u015fa\u2019da T\u00fcrkiye\u2019nin bir asgari \u00fccret \u00fclkesi olmaktan \u00e7\u0131kar\u0131lmas\u0131 gerekti\u011fini s\u00f6yledi. GEL\u0130R DA\u011eILIMI ADELETS\u0130ZL\u0130\u011e\u0130 TARTI\u015eILDI\u00a0 Antalya Muratpa\u015fa Belediyesi\u2019nin demokratik ve kalk\u0131nm\u0131\u015f bir T\u00fcrkiye hedefiyle ba\u015flatt\u0131\u011f\u0131 Forum Muratpa\u015fa\u2019n\u0131n Kas\u0131m ay\u0131 g\u00fcndeminde \u00a0\u201cSosyal E\u015fitsizlik ve Gelir Da\u011f\u0131l\u0131m\u0131 Adaletsizli\u011fi\u201d vard\u0131. T\u00fcrkan \u015eoray K\u00fclt\u00fcr Merkezi\u2019nde d\u00fczenlenen forumda D\u0130SK Genel Ba\u015fkan\u0131 Arzu \u00c7erkezo\u011flu, \u00a0ekonomi yazar\u0131 Erdal Sa\u011flam ve \u0130stanbul Planlama Ajans\u0131 (\u0130PA) Genel M\u00fcd\u00fcr\u00fc Oktay Karg\u00fcl\u2019\u00fcn konu\u015fmac\u0131 olarak kat\u0131ld\u0131. Forumun moderat\u00f6rl\u00fc\u011f\u00fcn\u00fc gazeteci Meliha Okur yapt\u0131. MERKEZ BANKASI, REKABET KURUMU VE T\u00dc\u0130K BA\u011eIMSIZLI\u011eINI KORUMALI\u00a0 Ekonomi yazar\u0131 Sa\u011flam, \u00a0k\u00fcreselle\u015fmenin yeni bir evresine girildi\u011fini ifade ederek kurall\u0131 piyasa ekonomisine ge\u00e7i\u015fin ve kamu yarar\u0131 ad\u0131na sermayenin s\u0131n\u0131rs\u0131z hareketlerinin dizginlenmesinin sosyal e\u015fitsizlik ve gelir da\u011f\u0131l\u0131m\u0131 adaletsizli\u011fini ortadan kald\u0131ramaya yetmese dahi derinle\u015fmesini \u00f6nleyebilece\u011fini \u00f6ne s\u00fcrd\u00fc. Sa\u011flam, T\u00fcrkiye\u2019de Merkez Bankas\u0131, Rekabet Kurumu, T\u00fcrkiye \u0130statistik Kurumu gibi kurumlar\u0131n ba\u011f\u0131ms\u0131zl\u0131\u011f\u0131n\u0131n korunmas\u0131n\u0131n \u00f6nemine dikkat \u00e7ekti.\u00a0 DEMOKRASI GED\u0130KLER\u0130 KAPATILMALI\u00a0 D\u0130SK Ba\u015fkan\u0131 Arzu \u00c7erkezo\u011flu, d\u00fcnyan\u0131n hi\u00e7bir \u00fclkesinde asgari \u00fccretin T\u00fcrkiye\u2019deki kadar g\u00fcndemde olmad\u0131\u011f\u0131n\u0131 belirterek \u00f6ncelikli hedefin T\u00fcrkiye\u2019yi asgari \u00fccret \u00fclkesi olmaktan \u00e7\u0131kartmak olmas\u0131 gerekti\u011fini s\u00f6yledi. \u00c7erkezo\u011flu, sosyal e\u015fitsizlik ve gelir da\u011f\u0131l\u0131m\u0131 adaletsizli\u011finin, hukukun ve demokrasinin ihlal edildi\u011fi otoriter rejimlerde, ba\u015fkanl\u0131k sistemlerinde derinle\u015fti\u011fini savunarak, T\u00fcrkiye\u2019de hukukun \u00fcst\u00fcnl\u00fc\u011f\u00fcn\u00fcn sa\u011flanmas\u0131 ve demokrasideki gediklerin kapat\u0131lmas\u0131 i\u00e7in m\u00fccadele verilmesi gerekti\u011finin alt\u0131n\u0131 \u00e7izdi.\u00a0 4 K\u0130\u015e\u0130L\u0130K &hellip;","og_url":"http:\/\/denizcankizil.tr\/en\/haberler\/gundem\/muratpasada-asgari-ucret-konusuldu\/","og_site_name":"Av. Deniz Can K\u0131z\u0131l","article_published_time":"2024-11-10T11:41:28+00:00","twitter_card":"summary_large_image","twitter_misc":{"Estimated reading time":"2 minutes"},"schema":{"@context":"https:\/\/schema.org","@graph":[{"@type":"Article","@id":"http:\/\/denizcankizil.tr\/uk\/haberler\/gundem\/muratpasada-asgari-ucret-konusuldu\/#article","isPartOf":{"@id":"http:\/\/denizcankizil.tr\/uk\/haberler\/gundem\/muratpasada-asgari-ucret-konusuldu\/"},"author":{"name":"","@id":""},"headline":"Muratpa\u015fa&#8217;da &#8216;asgari \u00fccret&#8217; konu\u015fuldu","datePublished":"2024-11-10T11:41:28+00:00","mainEntityOfPage":{"@id":"http:\/\/denizcankizil.tr\/uk\/haberler\/gundem\/muratpasada-asgari-ucret-konusuldu\/"},"wordCount":498,"commentCount":0,"publisher":{"@id":"https:\/\/denizcankizil.tr\/de\/#organization"},"articleSection":["G\u00fcndem","Uncategorized"],"inLanguage":"en-GB","potentialAction":[{"@type":"CommentAction","name":"Comment","target":["http:\/\/denizcankizil.tr\/uk\/haberler\/gundem\/muratpasada-asgari-ucret-konusuldu\/#respond"]}]},{"@type":"WebPage","@id":"http:\/\/denizcankizil.tr\/uk\/haberler\/gundem\/muratpasada-asgari-ucret-konusuldu\/","url":"http:\/\/denizcankizil.tr\/uk\/haberler\/gundem\/muratpasada-asgari-ucret-konusuldu\/","name":"Muratpa\u015fa'da 'asgari \u00fccret' konu\u015fuldu - Av. Deniz Can K\u0131z\u0131l","isPartOf":{"@id":"https:\/\/denizcankizil.tr\/de\/#website"},"datePublished":"2024-11-10T11:41:28+00:00","breadcrumb":{"@id":"http:\/\/denizcankizil.tr\/uk\/haberler\/gundem\/muratpasada-asgari-ucret-konusuldu\/#breadcrumb"},"inLanguage":"en-GB","potentialAction":[{"@type":"ReadAction","target":["http:\/\/denizcankizil.tr\/uk\/haberler\/gundem\/muratpasada-asgari-ucret-konusuldu\/"]}]},{"@type":"BreadcrumbList","@id":"http:\/\/denizcankizil.tr\/uk\/haberler\/gundem\/muratpasada-asgari-ucret-konusuldu\/#breadcrumb","itemListElement":[{"@type":"ListItem","position":1,"name":"Home","item":"https:\/\/denizcankizil.tr\/de\/"},{"@type":"ListItem","position":2,"name":"Muratpa\u015fa&#8217;da &#8216;asgari \u00fccret&#8217; konu\u015fuldu"}]},{"@type":"WebSite","@id":"https:\/\/denizcankizil.tr\/de\/#website","url":"https:\/\/denizcankizil.tr\/de\/","name":"Av. Deniz Can K\u0131z\u0131l","description":"Avukat Deniz Can K\u0131z\u0131l Antalya Barosu","publisher":{"@id":"https:\/\/denizcankizil.tr\/de\/#organization"},"potentialAction":[{"@type":"SearchAction","target":{"@type":"EntryPoint","urlTemplate":"https:\/\/denizcankizil.tr\/de\/?s={search_term_string}"},"query-input":{"@type":"PropertyValueSpecification","valueRequired":true,"valueName":"search_term_string"}}],"inLanguage":"en-GB"},{"@type":"Organization","@id":"https:\/\/denizcankizil.tr\/de\/#organization","name":"Av. Deniz Can K\u0131z\u0131l","url":"https:\/\/denizcankizil.tr\/de\/","logo":{"@type":"ImageObject","inLanguage":"en-GB","@id":"https:\/\/denizcankizil.tr\/de\/#\/schema\/logo\/image\/","url":"http:\/\/denizcankizil.tr\/wp-content\/uploads\/2024\/10\/siyah-logo-svg.svg","contentUrl":"http:\/\/denizcankizil.tr\/wp-content\/uploads\/2024\/10\/siyah-logo-svg.svg","width":1080,"height":1080,"caption":"Av. Deniz Can K\u0131z\u0131l"},"image":{"@id":"https:\/\/denizcankizil.tr\/de\/#\/schema\/logo\/image\/"}}]}},"_links":{"self":[{"href":"http:\/\/denizcankizil.tr\/en\/wp-json\/wp\/v2\/posts\/15158","targetHints":{"allow":["GET"]}}],"collection":[{"href":"http:\/\/denizcankizil.tr\/en\/wp-json\/wp\/v2\/posts"}],"about":[{"href":"http:\/\/denizcankizil.tr\/en\/wp-json\/wp\/v2\/types\/post"}],"replies":[{"embeddable":true,"href":"http:\/\/denizcankizil.tr\/en\/wp-json\/wp\/v2\/comments?post=15158"}],"version-history":[{"count":0,"href":"http:\/\/denizcankizil.tr\/en\/wp-json\/wp\/v2\/posts\/15158\/revisions"}],"wp:attachment":[{"href":"http:\/\/denizcankizil.tr\/en\/wp-json\/wp\/v2\/media?parent=15158"}],"wp:term":[{"taxonomy":"category","embeddable":true,"href":"http:\/\/denizcankizil.tr\/en\/wp-json\/wp\/v2\/categories?post=15158"},{"taxonomy":"post_tag","embeddable":true,"href":"http:\/\/denizcankizil.tr\/en\/wp-json\/wp\/v2\/tags?post=15158"}],"curies":[{"name":"wp","href":"https:\/\/api.w.org\/{rel}","templated":true}]}}