{"id":15112,"date":"2024-11-10T09:41:40","date_gmt":"2024-11-10T06:41:40","guid":{"rendered":"https:\/\/denizcankizil.tr\/uncategorized-tr\/kizilkaya-korkuteli-ve-yesilova-burdur-yollarini-kullanacak-suruculere-uyari\/"},"modified":"2024-11-10T09:41:40","modified_gmt":"2024-11-10T06:41:40","slug":"kizilkaya-korkuteli-ve-yesilova-burdur-yollarini-kullanacak-suruculere-uyari","status":"publish","type":"post","link":"http:\/\/denizcankizil.tr\/en\/haberler\/gundem\/kizilkaya-korkuteli-ve-yesilova-burdur-yollarini-kullanacak-suruculere-uyari\/","title":{"rendered":"K\u0131z\u0131lkaya-Korkuteli ve Ye\u015filova-Burdur yollar\u0131n\u0131 kullanacak s\u00fcr\u00fcc\u00fclere uyar\u0131"},"content":{"rendered":"<p>Kara yollar\u0131n\u0131n yap\u0131m, bak\u0131m ve onar\u0131m \u00e7al\u0131\u015fmalar\u0131 s\u00fcrd\u00fcr\u00fclen kesimlerinde yava\u015f gidilmesi, trafik i\u015faret ve i\u015faret\u00e7ilerine uyulmas\u0131 gerekiyor. Karayollar\u0131 Genel M\u00fcd\u00fcrl\u00fc\u011f\u00fcn\u00fcn yol durumu b\u00fcltenine g\u00f6re Ye\u015filova &#8211; Burdur ve K\u0131z\u0131lkaya-Korkuteli istikametine kullanacak s\u00fcr\u00fcc\u00fclerin dikkatine&#8230; \u00a0<\/p>\n<p>YE\u015e\u0130LOVA-BURDUR \u0130ST\u0130KAMET\u0130NDE \u00c7ALI\u015eMA VAR\u00a0<\/p>\n<p>Ye\u015filova &#8211; Burdur yolunun 0-2. kilometrelerinde yol geni\u015fletme \u00e7al\u0131\u015fmalar\u0131 dolay\u0131s\u0131yla s\u00fcr\u00fcc\u00fclerin trafik i\u015faret ve i\u015faret\u00e7ilerine dikkat etmeleri \u00f6nem arz ediyor.<\/p>\n<p>KIZILKAYA-KORKUTEL\u0130 YOLUNDA TRAF\u0130K \u0130\u015eARETLER\u0130NE D\u0130KKAT\u00a0<\/p>\n<p>K\u0131z\u0131lkaya-Korkuteli yolunun 0-3. kilometrelerinde \u00fcstyap\u0131, toprak i\u015fleri ve sanat yap\u0131lar\u0131 i\u015fleri yap\u0131m \u00e7al\u0131\u015fmalar\u0131 nedeniyle s\u00fcr\u00fcc\u00fclerin trafik i\u015faret ve i\u015faret\u00e7ilerine dikkat etmeleri \u00f6nem arz ediyor.<\/p>\n<p>AFYONKARAH\u0130SAR-\u0130ZM\u0130R Y\u00d6N\u00dc TRAF\u0130\u011eE KAPATILDI\u00a0<\/p>\n<p>Afyonkarahisar-\u0130zmir yolunun 39. kilometresinde Karahisar \u00dcstge\u00e7it K\u00f6pr\u00fcs\u00fc&#8217;nde genle\u015fme derzlerinin onar\u0131m \u00e7al\u0131\u015fmas\u0131 nedeniyle Afyonkarahisar-\u0130zmir y\u00f6n\u00fc trafi\u011fe kapat\u0131l\u0131rken, ula\u015f\u0131m yan yoldan sa\u011flan\u0131yor. Bu yolu kullanacak s\u00fcr\u00fcc\u00fclerin trafik i\u015faret ve i\u015faret\u00e7ilerine dikkat etmeleri gerekiyor.<\/p>\n<p>\u200bK\u0131z\u0131lkaya-Korkuteli ve Ye\u015filova-Burdur y\u00f6n\u00fcnde seyredecek ara\u00e7 s\u00fcr\u00fcc\u00fclerini ilgilendiren uyar\u0131 Karayollar\u0131&#8217;ndan geldi. \u0130\u015fte \u00e7al\u0131\u015fmalar nedeniyle trafik yo\u011funlu\u011funun ya\u015fanaca\u011f\u0131 g\u00fczergahlar&#8230;\u00a0<\/p>\n<p>\u200bHaberin Al\u0131nt\u0131land\u0131\u011f\u0131 Kaynak: www.antalyakorfez.com<\/p>","protected":false},"excerpt":{"rendered":"<p>Kara yollar\u0131n\u0131n yap\u0131m, bak\u0131m ve onar\u0131m \u00e7al\u0131\u015fmalar\u0131 s\u00fcrd\u00fcr\u00fclen kesimlerinde yava\u015f gidilmesi, trafik i\u015faret ve i\u015faret\u00e7ilerine uyulmas\u0131 gerekiyor. Karayollar\u0131 Genel M\u00fcd\u00fcrl\u00fc\u011f\u00fcn\u00fcn yol durumu b\u00fcltenine g\u00f6re Ye\u015filova &#8211; Burdur ve K\u0131z\u0131lkaya-Korkuteli istikametine kullanacak s\u00fcr\u00fcc\u00fclerin dikkatine&#8230; \u00a0 YE\u015e\u0130LOVA-BURDUR \u0130ST\u0130KAMET\u0130NDE \u00c7ALI\u015eMA VAR\u00a0 Ye\u015filova &#8211; Burdur yolunun 0-2. kilometrelerinde yol geni\u015fletme \u00e7al\u0131\u015fmalar\u0131 dolay\u0131s\u0131yla s\u00fcr\u00fcc\u00fclerin trafik i\u015faret ve i\u015faret\u00e7ilerine dikkat etmeleri \u00f6nem arz ediyor. KIZILKAYA-KORKUTEL\u0130 YOLUNDA TRAF\u0130K \u0130\u015eARETLER\u0130NE D\u0130KKAT\u00a0 K\u0131z\u0131lkaya-Korkuteli yolunun 0-3. kilometrelerinde \u00fcstyap\u0131, toprak i\u015fleri ve sanat yap\u0131lar\u0131 i\u015fleri yap\u0131m \u00e7al\u0131\u015fmalar\u0131 nedeniyle s\u00fcr\u00fcc\u00fclerin trafik i\u015faret ve i\u015faret\u00e7ilerine dikkat etmeleri \u00f6nem arz ediyor. AFYONKARAH\u0130SAR-\u0130ZM\u0130R Y\u00d6N\u00dc TRAF\u0130\u011eE KAPATILDI\u00a0 Afyonkarahisar-\u0130zmir yolunun 39. kilometresinde Karahisar \u00dcstge\u00e7it K\u00f6pr\u00fcs\u00fc&#8217;nde genle\u015fme derzlerinin onar\u0131m \u00e7al\u0131\u015fmas\u0131 nedeniyle Afyonkarahisar-\u0130zmir y\u00f6n\u00fc trafi\u011fe kapat\u0131l\u0131rken, ula\u015f\u0131m yan yoldan sa\u011flan\u0131yor. Bu yolu kullanacak s\u00fcr\u00fcc\u00fclerin trafik i\u015faret ve i\u015faret\u00e7ilerine dikkat etmeleri gerekiyor. \u200bK\u0131z\u0131lkaya-Korkuteli ve Ye\u015filova-Burdur y\u00f6n\u00fcnde seyredecek ara\u00e7 s\u00fcr\u00fcc\u00fclerini ilgilendiren uyar\u0131 Karayollar\u0131&#8217;ndan geldi. \u0130\u015fte \u00e7al\u0131\u015fmalar nedeniyle trafik yo\u011funlu\u011funun ya\u015fanaca\u011f\u0131 g\u00fczergahlar&#8230;\u00a0 \u200bHaberin Al\u0131nt\u0131land\u0131\u011f\u0131 Kaynak: www.antalyakorfez.com<\/p>","protected":false},"author":0,"featured_media":0,"comment_status":"open","ping_status":"open","sticky":false,"template":"","format":"standard","meta":{"_acf_changed":false,"footnotes":""},"categories":[24,535],"tags":[],"class_list":["post-15112","post","type-post","status-publish","format-standard","has-post-thumbnail","hentry","category-gundem","category-uncategorized-tr"],"acf":[],"yoast_head":"<!-- This site is optimized with the Yoast SEO Premium plugin v26.6 (Yoast SEO v27.1.1) - https:\/\/yoast.com\/product\/yoast-seo-premium-wordpress\/ -->\n<title>K\u0131z\u0131lkaya-Korkuteli ve Ye\u015filova-Burdur yollar\u0131n\u0131 kullanacak s\u00fcr\u00fcc\u00fclere uyar\u0131 - Av. Deniz Can K\u0131z\u0131l<\/title>\n<meta name=\"robots\" content=\"index, follow, max-snippet:-1, max-image-preview:large, max-video-preview:-1\" \/>\n<link rel=\"canonical\" href=\"http:\/\/denizcankizil.tr\/en\/haberler\/gundem\/kizilkaya-korkuteli-ve-yesilova-burdur-yollarini-kullanacak-suruculere-uyari\/\" \/>\n<meta property=\"og:locale\" content=\"en_GB\" \/>\n<meta property=\"og:type\" content=\"article\" \/>\n<meta property=\"og:title\" content=\"K\u0131z\u0131lkaya-Korkuteli ve Ye\u015filova-Burdur yollar\u0131n\u0131 kullanacak s\u00fcr\u00fcc\u00fclere uyar\u0131\" \/>\n<meta property=\"og:description\" content=\"Kara yollar\u0131n\u0131n yap\u0131m, bak\u0131m ve onar\u0131m \u00e7al\u0131\u015fmalar\u0131 s\u00fcrd\u00fcr\u00fclen kesimlerinde yava\u015f gidilmesi, trafik i\u015faret ve i\u015faret\u00e7ilerine uyulmas\u0131 gerekiyor. Karayollar\u0131 Genel M\u00fcd\u00fcrl\u00fc\u011f\u00fcn\u00fcn yol durumu b\u00fcltenine g\u00f6re Ye\u015filova &#8211; Burdur ve K\u0131z\u0131lkaya-Korkuteli istikametine kullanacak s\u00fcr\u00fcc\u00fclerin dikkatine&#8230; \u00a0 YE\u015e\u0130LOVA-BURDUR \u0130ST\u0130KAMET\u0130NDE \u00c7ALI\u015eMA VAR\u00a0 Ye\u015filova &#8211; Burdur yolunun 0-2. kilometrelerinde yol geni\u015fletme \u00e7al\u0131\u015fmalar\u0131 dolay\u0131s\u0131yla s\u00fcr\u00fcc\u00fclerin trafik i\u015faret ve i\u015faret\u00e7ilerine dikkat etmeleri \u00f6nem arz ediyor. KIZILKAYA-KORKUTEL\u0130 YOLUNDA TRAF\u0130K \u0130\u015eARETLER\u0130NE D\u0130KKAT\u00a0 K\u0131z\u0131lkaya-Korkuteli yolunun 0-3. kilometrelerinde \u00fcstyap\u0131, toprak i\u015fleri ve sanat yap\u0131lar\u0131 i\u015fleri yap\u0131m \u00e7al\u0131\u015fmalar\u0131 nedeniyle s\u00fcr\u00fcc\u00fclerin trafik i\u015faret ve i\u015faret\u00e7ilerine dikkat etmeleri \u00f6nem arz ediyor. AFYONKARAH\u0130SAR-\u0130ZM\u0130R Y\u00d6N\u00dc TRAF\u0130\u011eE KAPATILDI\u00a0 Afyonkarahisar-\u0130zmir yolunun 39. kilometresinde Karahisar \u00dcstge\u00e7it K\u00f6pr\u00fcs\u00fc&#8217;nde genle\u015fme derzlerinin onar\u0131m \u00e7al\u0131\u015fmas\u0131 nedeniyle Afyonkarahisar-\u0130zmir y\u00f6n\u00fc trafi\u011fe kapat\u0131l\u0131rken, ula\u015f\u0131m yan yoldan sa\u011flan\u0131yor. Bu yolu kullanacak s\u00fcr\u00fcc\u00fclerin trafik i\u015faret ve i\u015faret\u00e7ilerine dikkat etmeleri gerekiyor. \u200bK\u0131z\u0131lkaya-Korkuteli ve Ye\u015filova-Burdur y\u00f6n\u00fcnde seyredecek ara\u00e7 s\u00fcr\u00fcc\u00fclerini ilgilendiren uyar\u0131 Karayollar\u0131&#8217;ndan geldi. \u0130\u015fte \u00e7al\u0131\u015fmalar nedeniyle trafik yo\u011funlu\u011funun ya\u015fanaca\u011f\u0131 g\u00fczergahlar&#8230;\u00a0 \u200bHaberin Al\u0131nt\u0131land\u0131\u011f\u0131 Kaynak: www.antalyakorfez.com\" \/>\n<meta property=\"og:url\" content=\"http:\/\/denizcankizil.tr\/en\/haberler\/gundem\/kizilkaya-korkuteli-ve-yesilova-burdur-yollarini-kullanacak-suruculere-uyari\/\" \/>\n<meta property=\"og:site_name\" content=\"Av. Deniz Can K\u0131z\u0131l\" \/>\n<meta property=\"article:published_time\" content=\"2024-11-10T06:41:40+00:00\" \/>\n<meta name=\"twitter:card\" content=\"summary_large_image\" \/>\n<meta name=\"twitter:label1\" content=\"Estimated reading time\" \/>\n\t<meta name=\"twitter:data1\" content=\"1 minute\" \/>\n<script type=\"application\/ld+json\" class=\"yoast-schema-graph\">{\"@context\":\"https:\/\/schema.org\",\"@graph\":[{\"@type\":\"Article\",\"@id\":\"http:\/\/denizcankizil.tr\/en\/haberler\/gundem\/kizilkaya-korkuteli-ve-yesilova-burdur-yollarini-kullanacak-suruculere-uyari\/#article\",\"isPartOf\":{\"@id\":\"http:\/\/denizcankizil.tr\/en\/haberler\/gundem\/kizilkaya-korkuteli-ve-yesilova-burdur-yollarini-kullanacak-suruculere-uyari\/\"},\"author\":{\"name\":\"\",\"@id\":\"\"},\"headline\":\"K\u0131z\u0131lkaya-Korkuteli ve Ye\u015filova-Burdur yollar\u0131n\u0131 kullanacak s\u00fcr\u00fcc\u00fclere uyar\u0131\",\"datePublished\":\"2024-11-10T06:41:40+00:00\",\"mainEntityOfPage\":{\"@id\":\"http:\/\/denizcankizil.tr\/en\/haberler\/gundem\/kizilkaya-korkuteli-ve-yesilova-burdur-yollarini-kullanacak-suruculere-uyari\/\"},\"wordCount\":256,\"commentCount\":0,\"publisher\":{\"@id\":\"https:\/\/denizcankizil.tr\/de\/#organization\"},\"articleSection\":[\"G\u00fcndem\",\"Uncategorized\"],\"inLanguage\":\"en-GB\",\"potentialAction\":[{\"@type\":\"CommentAction\",\"name\":\"Comment\",\"target\":[\"http:\/\/denizcankizil.tr\/en\/haberler\/gundem\/kizilkaya-korkuteli-ve-yesilova-burdur-yollarini-kullanacak-suruculere-uyari\/#respond\"]}]},{\"@type\":\"WebPage\",\"@id\":\"http:\/\/denizcankizil.tr\/en\/haberler\/gundem\/kizilkaya-korkuteli-ve-yesilova-burdur-yollarini-kullanacak-suruculere-uyari\/\",\"url\":\"http:\/\/denizcankizil.tr\/en\/haberler\/gundem\/kizilkaya-korkuteli-ve-yesilova-burdur-yollarini-kullanacak-suruculere-uyari\/\",\"name\":\"K\u0131z\u0131lkaya-Korkuteli ve Ye\u015filova-Burdur yollar\u0131n\u0131 kullanacak s\u00fcr\u00fcc\u00fclere uyar\u0131 - Av. Deniz Can K\u0131z\u0131l\",\"isPartOf\":{\"@id\":\"https:\/\/denizcankizil.tr\/de\/#website\"},\"datePublished\":\"2024-11-10T06:41:40+00:00\",\"breadcrumb\":{\"@id\":\"http:\/\/denizcankizil.tr\/en\/haberler\/gundem\/kizilkaya-korkuteli-ve-yesilova-burdur-yollarini-kullanacak-suruculere-uyari\/#breadcrumb\"},\"inLanguage\":\"en-GB\",\"potentialAction\":[{\"@type\":\"ReadAction\",\"target\":[\"http:\/\/denizcankizil.tr\/en\/haberler\/gundem\/kizilkaya-korkuteli-ve-yesilova-burdur-yollarini-kullanacak-suruculere-uyari\/\"]}]},{\"@type\":\"BreadcrumbList\",\"@id\":\"http:\/\/denizcankizil.tr\/en\/haberler\/gundem\/kizilkaya-korkuteli-ve-yesilova-burdur-yollarini-kullanacak-suruculere-uyari\/#breadcrumb\",\"itemListElement\":[{\"@type\":\"ListItem\",\"position\":1,\"name\":\"Home\",\"item\":\"https:\/\/denizcankizil.tr\/de\/\"},{\"@type\":\"ListItem\",\"position\":2,\"name\":\"K\u0131z\u0131lkaya-Korkuteli ve Ye\u015filova-Burdur yollar\u0131n\u0131 kullanacak s\u00fcr\u00fcc\u00fclere uyar\u0131\"}]},{\"@type\":\"WebSite\",\"@id\":\"https:\/\/denizcankizil.tr\/de\/#website\",\"url\":\"https:\/\/denizcankizil.tr\/de\/\",\"name\":\"Av. Deniz Can K\u0131z\u0131l\",\"description\":\"Avukat Deniz Can K\u0131z\u0131l Antalya Barosu\",\"publisher\":{\"@id\":\"https:\/\/denizcankizil.tr\/de\/#organization\"},\"potentialAction\":[{\"@type\":\"SearchAction\",\"target\":{\"@type\":\"EntryPoint\",\"urlTemplate\":\"https:\/\/denizcankizil.tr\/de\/?s={search_term_string}\"},\"query-input\":{\"@type\":\"PropertyValueSpecification\",\"valueRequired\":true,\"valueName\":\"search_term_string\"}}],\"inLanguage\":\"en-GB\"},{\"@type\":\"Organization\",\"@id\":\"https:\/\/denizcankizil.tr\/de\/#organization\",\"name\":\"Av. Deniz Can K\u0131z\u0131l\",\"url\":\"https:\/\/denizcankizil.tr\/de\/\",\"logo\":{\"@type\":\"ImageObject\",\"inLanguage\":\"en-GB\",\"@id\":\"https:\/\/denizcankizil.tr\/de\/#\/schema\/logo\/image\/\",\"url\":\"http:\/\/denizcankizil.tr\/wp-content\/uploads\/2024\/10\/siyah-logo-svg.svg\",\"contentUrl\":\"http:\/\/denizcankizil.tr\/wp-content\/uploads\/2024\/10\/siyah-logo-svg.svg\",\"width\":1080,\"height\":1080,\"caption\":\"Av. Deniz Can K\u0131z\u0131l\"},\"image\":{\"@id\":\"https:\/\/denizcankizil.tr\/de\/#\/schema\/logo\/image\/\"}}]}<\/script>\n<!-- \/ Yoast SEO Premium plugin. -->","yoast_head_json":{"title":"K\u0131z\u0131lkaya-Korkuteli ve Ye\u015filova-Burdur yollar\u0131n\u0131 kullanacak s\u00fcr\u00fcc\u00fclere uyar\u0131 - Av. Deniz Can K\u0131z\u0131l","robots":{"index":"index","follow":"follow","max-snippet":"max-snippet:-1","max-image-preview":"max-image-preview:large","max-video-preview":"max-video-preview:-1"},"canonical":"http:\/\/denizcankizil.tr\/en\/haberler\/gundem\/kizilkaya-korkuteli-ve-yesilova-burdur-yollarini-kullanacak-suruculere-uyari\/","og_locale":"en_GB","og_type":"article","og_title":"K\u0131z\u0131lkaya-Korkuteli ve Ye\u015filova-Burdur yollar\u0131n\u0131 kullanacak s\u00fcr\u00fcc\u00fclere uyar\u0131","og_description":"Kara yollar\u0131n\u0131n yap\u0131m, bak\u0131m ve onar\u0131m \u00e7al\u0131\u015fmalar\u0131 s\u00fcrd\u00fcr\u00fclen kesimlerinde yava\u015f gidilmesi, trafik i\u015faret ve i\u015faret\u00e7ilerine uyulmas\u0131 gerekiyor. Karayollar\u0131 Genel M\u00fcd\u00fcrl\u00fc\u011f\u00fcn\u00fcn yol durumu b\u00fcltenine g\u00f6re Ye\u015filova &#8211; Burdur ve K\u0131z\u0131lkaya-Korkuteli istikametine kullanacak s\u00fcr\u00fcc\u00fclerin dikkatine&#8230; \u00a0 YE\u015e\u0130LOVA-BURDUR \u0130ST\u0130KAMET\u0130NDE \u00c7ALI\u015eMA VAR\u00a0 Ye\u015filova &#8211; Burdur yolunun 0-2. kilometrelerinde yol geni\u015fletme \u00e7al\u0131\u015fmalar\u0131 dolay\u0131s\u0131yla s\u00fcr\u00fcc\u00fclerin trafik i\u015faret ve i\u015faret\u00e7ilerine dikkat etmeleri \u00f6nem arz ediyor. KIZILKAYA-KORKUTEL\u0130 YOLUNDA TRAF\u0130K \u0130\u015eARETLER\u0130NE D\u0130KKAT\u00a0 K\u0131z\u0131lkaya-Korkuteli yolunun 0-3. kilometrelerinde \u00fcstyap\u0131, toprak i\u015fleri ve sanat yap\u0131lar\u0131 i\u015fleri yap\u0131m \u00e7al\u0131\u015fmalar\u0131 nedeniyle s\u00fcr\u00fcc\u00fclerin trafik i\u015faret ve i\u015faret\u00e7ilerine dikkat etmeleri \u00f6nem arz ediyor. AFYONKARAH\u0130SAR-\u0130ZM\u0130R Y\u00d6N\u00dc TRAF\u0130\u011eE KAPATILDI\u00a0 Afyonkarahisar-\u0130zmir yolunun 39. kilometresinde Karahisar \u00dcstge\u00e7it K\u00f6pr\u00fcs\u00fc&#8217;nde genle\u015fme derzlerinin onar\u0131m \u00e7al\u0131\u015fmas\u0131 nedeniyle Afyonkarahisar-\u0130zmir y\u00f6n\u00fc trafi\u011fe kapat\u0131l\u0131rken, ula\u015f\u0131m yan yoldan sa\u011flan\u0131yor. Bu yolu kullanacak s\u00fcr\u00fcc\u00fclerin trafik i\u015faret ve i\u015faret\u00e7ilerine dikkat etmeleri gerekiyor. \u200bK\u0131z\u0131lkaya-Korkuteli ve Ye\u015filova-Burdur y\u00f6n\u00fcnde seyredecek ara\u00e7 s\u00fcr\u00fcc\u00fclerini ilgilendiren uyar\u0131 Karayollar\u0131&#8217;ndan geldi. \u0130\u015fte \u00e7al\u0131\u015fmalar nedeniyle trafik yo\u011funlu\u011funun ya\u015fanaca\u011f\u0131 g\u00fczergahlar&#8230;\u00a0 \u200bHaberin Al\u0131nt\u0131land\u0131\u011f\u0131 Kaynak: www.antalyakorfez.com","og_url":"http:\/\/denizcankizil.tr\/en\/haberler\/gundem\/kizilkaya-korkuteli-ve-yesilova-burdur-yollarini-kullanacak-suruculere-uyari\/","og_site_name":"Av. Deniz Can K\u0131z\u0131l","article_published_time":"2024-11-10T06:41:40+00:00","twitter_card":"summary_large_image","twitter_misc":{"Estimated reading time":"1 minute"},"schema":{"@context":"https:\/\/schema.org","@graph":[{"@type":"Article","@id":"http:\/\/denizcankizil.tr\/en\/haberler\/gundem\/kizilkaya-korkuteli-ve-yesilova-burdur-yollarini-kullanacak-suruculere-uyari\/#article","isPartOf":{"@id":"http:\/\/denizcankizil.tr\/en\/haberler\/gundem\/kizilkaya-korkuteli-ve-yesilova-burdur-yollarini-kullanacak-suruculere-uyari\/"},"author":{"name":"","@id":""},"headline":"K\u0131z\u0131lkaya-Korkuteli ve Ye\u015filova-Burdur yollar\u0131n\u0131 kullanacak s\u00fcr\u00fcc\u00fclere uyar\u0131","datePublished":"2024-11-10T06:41:40+00:00","mainEntityOfPage":{"@id":"http:\/\/denizcankizil.tr\/en\/haberler\/gundem\/kizilkaya-korkuteli-ve-yesilova-burdur-yollarini-kullanacak-suruculere-uyari\/"},"wordCount":256,"commentCount":0,"publisher":{"@id":"https:\/\/denizcankizil.tr\/de\/#organization"},"articleSection":["G\u00fcndem","Uncategorized"],"inLanguage":"en-GB","potentialAction":[{"@type":"CommentAction","name":"Comment","target":["http:\/\/denizcankizil.tr\/en\/haberler\/gundem\/kizilkaya-korkuteli-ve-yesilova-burdur-yollarini-kullanacak-suruculere-uyari\/#respond"]}]},{"@type":"WebPage","@id":"http:\/\/denizcankizil.tr\/en\/haberler\/gundem\/kizilkaya-korkuteli-ve-yesilova-burdur-yollarini-kullanacak-suruculere-uyari\/","url":"http:\/\/denizcankizil.tr\/en\/haberler\/gundem\/kizilkaya-korkuteli-ve-yesilova-burdur-yollarini-kullanacak-suruculere-uyari\/","name":"K\u0131z\u0131lkaya-Korkuteli ve Ye\u015filova-Burdur yollar\u0131n\u0131 kullanacak s\u00fcr\u00fcc\u00fclere uyar\u0131 - Av. Deniz Can K\u0131z\u0131l","isPartOf":{"@id":"https:\/\/denizcankizil.tr\/de\/#website"},"datePublished":"2024-11-10T06:41:40+00:00","breadcrumb":{"@id":"http:\/\/denizcankizil.tr\/en\/haberler\/gundem\/kizilkaya-korkuteli-ve-yesilova-burdur-yollarini-kullanacak-suruculere-uyari\/#breadcrumb"},"inLanguage":"en-GB","potentialAction":[{"@type":"ReadAction","target":["http:\/\/denizcankizil.tr\/en\/haberler\/gundem\/kizilkaya-korkuteli-ve-yesilova-burdur-yollarini-kullanacak-suruculere-uyari\/"]}]},{"@type":"BreadcrumbList","@id":"http:\/\/denizcankizil.tr\/en\/haberler\/gundem\/kizilkaya-korkuteli-ve-yesilova-burdur-yollarini-kullanacak-suruculere-uyari\/#breadcrumb","itemListElement":[{"@type":"ListItem","position":1,"name":"Home","item":"https:\/\/denizcankizil.tr\/de\/"},{"@type":"ListItem","position":2,"name":"K\u0131z\u0131lkaya-Korkuteli ve Ye\u015filova-Burdur yollar\u0131n\u0131 kullanacak s\u00fcr\u00fcc\u00fclere uyar\u0131"}]},{"@type":"WebSite","@id":"https:\/\/denizcankizil.tr\/de\/#website","url":"https:\/\/denizcankizil.tr\/de\/","name":"Av. Deniz Can K\u0131z\u0131l","description":"Avukat Deniz Can K\u0131z\u0131l Antalya Barosu","publisher":{"@id":"https:\/\/denizcankizil.tr\/de\/#organization"},"potentialAction":[{"@type":"SearchAction","target":{"@type":"EntryPoint","urlTemplate":"https:\/\/denizcankizil.tr\/de\/?s={search_term_string}"},"query-input":{"@type":"PropertyValueSpecification","valueRequired":true,"valueName":"search_term_string"}}],"inLanguage":"en-GB"},{"@type":"Organization","@id":"https:\/\/denizcankizil.tr\/de\/#organization","name":"Av. Deniz Can K\u0131z\u0131l","url":"https:\/\/denizcankizil.tr\/de\/","logo":{"@type":"ImageObject","inLanguage":"en-GB","@id":"https:\/\/denizcankizil.tr\/de\/#\/schema\/logo\/image\/","url":"http:\/\/denizcankizil.tr\/wp-content\/uploads\/2024\/10\/siyah-logo-svg.svg","contentUrl":"http:\/\/denizcankizil.tr\/wp-content\/uploads\/2024\/10\/siyah-logo-svg.svg","width":1080,"height":1080,"caption":"Av. Deniz Can K\u0131z\u0131l"},"image":{"@id":"https:\/\/denizcankizil.tr\/de\/#\/schema\/logo\/image\/"}}]}},"_links":{"self":[{"href":"http:\/\/denizcankizil.tr\/en\/wp-json\/wp\/v2\/posts\/15112","targetHints":{"allow":["GET"]}}],"collection":[{"href":"http:\/\/denizcankizil.tr\/en\/wp-json\/wp\/v2\/posts"}],"about":[{"href":"http:\/\/denizcankizil.tr\/en\/wp-json\/wp\/v2\/types\/post"}],"replies":[{"embeddable":true,"href":"http:\/\/denizcankizil.tr\/en\/wp-json\/wp\/v2\/comments?post=15112"}],"version-history":[{"count":0,"href":"http:\/\/denizcankizil.tr\/en\/wp-json\/wp\/v2\/posts\/15112\/revisions"}],"wp:attachment":[{"href":"http:\/\/denizcankizil.tr\/en\/wp-json\/wp\/v2\/media?parent=15112"}],"wp:term":[{"taxonomy":"category","embeddable":true,"href":"http:\/\/denizcankizil.tr\/en\/wp-json\/wp\/v2\/categories?post=15112"},{"taxonomy":"post_tag","embeddable":true,"href":"http:\/\/denizcankizil.tr\/en\/wp-json\/wp\/v2\/tags?post=15112"}],"curies":[{"name":"wp","href":"https:\/\/api.w.org\/{rel}","templated":true}]}}