{"id":150736,"date":"2025-07-19T12:58:00","date_gmt":"2025-07-19T09:58:00","guid":{"rendered":"https:\/\/denizcankizil.tr\/uncategorized-tr\/yargitay-1-ceza-dairesinin-2023-8612-e-2025-3476-k-sayili-karari\/"},"modified":"2025-07-19T12:58:00","modified_gmt":"2025-07-19T09:58:00","slug":"yargitay-1-ceza-dairesinin-2023-8612-e-2025-3476-k-sayili-karari","status":"publish","type":"post","link":"http:\/\/denizcankizil.tr\/en\/hukukihaber\/yargitay-1-ceza-dairesinin-2023-8612-e-2025-3476-k-sayili-karari\/","title":{"rendered":"Yarg\u0131tay 1. Ceza Dairesi\u2019nin 2023\/8612 E., 2025\/3476 K. say\u0131l\u0131 karar\u0131"},"content":{"rendered":"<p>T.C.<\/p>\n<p>Yarg\u0131tay<\/p>\n<p>1. Ceza Dairesi<\/p>\n<p>2023\/8612 E., 2025\/3476 K.<\/p>\n<p>&#8220;\u0130\u00e7tihat Metni&#8221;<\/p>\n<p>MAHKEMES\u0130 :Ceza Dairesi<br \/>\nSAYISI : 2023\/2092 E., 2023\/1910 K.<br \/>\nSAYISI : 2023\/2092 E., 2023\/1910 K.<\/p>\n<p>SU\u00c7 : Kasten yaralama neticesinde \u00f6l\u00fcme neden olma<\/p>\n<p>H\u00dcK\u00dcM : \u0130stinaf ba\u015fvurusunun d\u00fczeltilerek esastan reddi karar\u0131<\/p>\n<p>TEBL\u0130\u011eNAME G\u00d6R\u00dc\u015e\u00dc : Temyiz ba\u015fvurusunun esastan reddi ile h\u00fckm\u00fcn onanmas\u0131<\/p>\n<p>\u0130lk Derece Mahkemesince kurulan h\u00fckme y\u00f6nelik istinaf incelemesi \u00fczerine B\u00f6lge Adliye Mahkemesi taraf\u0131ndan verilen karar\u0131n; 5271 say\u0131l\u0131 Ceza Muhakemesi Kanunu\u2019nun (5271 say\u0131l\u0131 Kanun) 286\/1. ve 286\/2-a maddeleri uyar\u0131nca temyiz edilebilir oldu\u011fu, 260\/1. maddesi gere\u011fi temyiz edenin h\u00fckm\u00fc temyize hak ve yetkisinin bulundu\u011fu, 291\/1. maddesi gere\u011fi temyiz isteminin s\u00fcresinde oldu\u011fu, 294\/1. maddesi gere\u011fi temyiz dilek\u00e7esinde temyiz sebeplerine yer verildi\u011fi, 298\/1. maddesi gere\u011fi temyiz isteminin reddini gerektirir bir durumun bulunmad\u0131\u011f\u0131 yap\u0131lan \u00f6n inceleme neticesinde tespit edilmekle, gere\u011fi d\u00fc\u015f\u00fcn\u00fcld\u00fc:<\/p>\n<p>I. HUKUK\u00ce S\u00dcRE\u00c7<\/p>\n<p>1. \u0130stinaf bozmas\u0131 \u00fczerine verilen \u0130zmir 5. A\u011f\u0131r Ceza Mahkemesinin 12.04.2023 tarihli ve 2022\/148 Esas, 2023\/145 Karar say\u0131l\u0131 karar\u0131 ile su\u00e7a s\u00fcr\u00fcklenen \u00e7ocuk hakk\u0131nda kasten yaralama neticesinde \u00f6l\u00fcme neden olma su\u00e7undan, 5237 say\u0131l\u0131 T\u00fcrk Ceza Kanunu\u2019nun (5237 say\u0131l\u0131 Kanun) 87\/4, 29\/1, 31\/3 ve 62\/1 maddeleri uyar\u0131nca 5 y\u0131l 6 ay 20 g\u00fcn hapis cezas\u0131 ile cezaland\u0131r\u0131lmas\u0131na karar verilmi\u015ftir.<\/p>\n<p>2. \u0130zmir B\u00f6lge Adliye Mahkemesi 4. Ceza Dairesinin 16.06.2023 tarihli ve 2023\/2092 Esas, 2023\/1910 Karar say\u0131l\u0131 karar\u0131 ile su\u00e7a s\u00fcr\u00fcklenen \u00e7ocuk hakk\u0131nda \u0130lk Derece Mahkemesince kurulan h\u00fckme y\u00f6nelik su\u00e7a s\u00fcr\u00fcklenen \u00e7ocuk m\u00fcdafiinin istinaf ba\u015fvurusunun 5271 say\u0131l\u0131 Kanun\u2019un 280\/1-a ve 303. maddeleri uyar\u0131nca h\u00fck\u00fcm f\u0131kras\u0131n\u0131n 1 no&#8217;lu bendinde yer alan &#8220;&#8230;5237 say\u0131l\u0131 Kanun&#8217;un 87\/4 maddesi&#8230;&#8221; ibaresinden sonra gelmek \u00fczere &#8220;&#8230;- 2.c\u00fcmlesi&#8230;&#8221; ibaresinin eklenmesi suretiyle d\u00fczeltilerek esastan reddine karar verilmi\u015ftir.<\/p>\n<p>II. TEMY\u0130Z SEBEPLER\u0130<\/p>\n<p>Su\u00e7a s\u00fcr\u00fcklenen \u00e7ocuk m\u00fcdafiinin temyiz sebepleri \u00f6zetle; subuta, su\u00e7un yasal unsurlar\u0131n\u0131n olu\u015fmad\u0131\u011f\u0131na, eylemin me\u015fru savunma ve s\u0131n\u0131r\u0131n a\u015f\u0131lmas\u0131 kapsam\u0131nda kald\u0131\u011f\u0131na, haks\u0131z tahrik indirim oran\u0131na, \u00f6ld\u00fcrme veya yaralama kast\u0131 olmad\u0131\u011f\u0131na ili\u015fkindir.<\/p>\n<p>III. GEREK\u00c7E<\/p>\n<p>Yarg\u0131lama s\u00fcrecindeki i\u015flemlerin us\u00fbl ve kanuna uygun olarak yap\u0131ld\u0131\u011f\u0131, a\u015famalarda ileri s\u00fcr\u00fclen iddia ve savunmalar\u0131n toplanan ve dosya kapsam\u0131na g\u00f6re yeterli oldu\u011fu anla\u015f\u0131lan delillerle birlikte gerek\u00e7eli kararda g\u00f6sterilip tart\u0131\u015f\u0131ld\u0131\u011f\u0131, h\u00fckme esas al\u0131nan ve reddedilen delillerin a\u00e7\u0131k\u00e7a g\u00f6sterildi\u011fi, vicdani kan\u0131n\u0131n dosya i\u00e7indeki belge ve bilgilerle uyumlu olarak kesin verilere dayand\u0131r\u0131ld\u0131\u011f\u0131, eylemin su\u00e7a s\u00fcr\u00fcklenen \u00e7ocuk taraf\u0131ndan ger\u00e7ekle\u015ftirildi\u011finin saptand\u0131\u011f\u0131, yarg\u0131lama sonucunda olu\u015fan kanaat ve takdire g\u00f6re ceza yapt\u0131r\u0131m\u0131n\u0131n yasal ba\u011flamda ve gerek\u00e7esi g\u00f6sterilerek belirlendi\u011fi, me\u015fru savunma ve s\u0131n\u0131r\u0131n a\u015f\u0131lmas\u0131 ko\u015fullar\u0131n\u0131n olu\u015fmad\u0131\u011f\u0131, su\u00e7a s\u00fcr\u00fcklenen \u00e7ocuk hakk\u0131nda haks\u0131z tahrik indirimi uygulanmas\u0131n\u0131n ve belirlenen indirim oran\u0131n\u0131n isabetli oldu\u011fu, otopsi raporuna g\u00f6re, ki\u015finin \u00f6l\u00fcm\u00fcn\u00fcn kesici delici alet yaralanmas\u0131na ba\u011fl\u0131 b\u00fcy\u00fck damar (femoral arter) yaralanmas\u0131ndan geli\u015fen kanama sonucu meydana gelmi\u015f oldu\u011funun belirtildi\u011fi, su\u00e7a s\u00fcr\u00fcklenen \u00e7ocu\u011fun b\u0131\u00e7akla bir tanesi \u00f6ld\u00fcr\u00fcc\u00fc nitelikte olmayan toplam iki adet b\u0131\u00e7ak darbesi ile maktul\u00fc sol uyluk ve sol kal\u00e7a b\u00f6lgelerinden yaralad\u0131\u011f\u0131, bu \u015fekilde darbelerin y\u00f6neldi\u011fi v\u00fccut b\u00f6lgeleri ve nitelikleri, b\u0131\u00e7ak darbe say\u0131s\u0131, olay\u0131n olu\u015f \u015fekli ile engel bir durum bulunmamas\u0131na ra\u011fmen su\u00e7a s\u00fcr\u00fcklenen \u00e7ocu\u011fun eylemine kendili\u011finden son vermesi ve su\u00e7a s\u00fcr\u00fcklenen \u00e7ocu\u011fun elindeki b\u0131\u00e7akla olu\u015fturdu\u011fu kabul edilen maktuldeki toplam iki adet kesici delici alet yaralanmas\u0131ndan sadece birinin \u00f6ld\u00fcr\u00fcc\u00fc nitelikte olmas\u0131 ile savunman\u0131n aksine su\u00e7a s\u00fcr\u00fcklenen \u00e7ocu\u011fun \u00f6ld\u00fcrme kast\u0131 ile hareket etti\u011fini g\u00f6steren kesin ve inand\u0131r\u0131c\u0131 kan\u0131t bulunmamas\u0131 hususlar\u0131 dikkate al\u0131nd\u0131\u011f\u0131nda ortaya \u00e7\u0131kan kast yaralamaya y\u00f6nelik olup su\u00e7 vasf\u0131n\u0131n tayininde isabetsizlik bulunmad\u0131\u011f\u0131 anla\u015f\u0131ld\u0131\u011f\u0131ndan ileri s\u00fcr\u00fclen sebeplerinin incelenmesinde h\u00fck\u00fcmde hukuka ayk\u0131r\u0131l\u0131k bulunmam\u0131\u015ft\u0131r.<\/p>\n<p>IV. KARAR<\/p>\n<p>Gerek\u00e7e b\u00f6l\u00fcm\u00fcnde a\u00e7\u0131klanan nedenlerle \u0130zmir B\u00f6lge Adliye Mahkemesi 4. Ceza Dairesinin 16.06.2023 tarihli ve 2023\/2092 Esas, 2023\/1910 Karar say\u0131l\u0131 karar\u0131nda su\u00e7a s\u00fcr\u00fcklenen \u00e7ocuk m\u00fcdafiince \u00f6ne s\u00fcr\u00fclen temyiz sebepleri ve 5271 say\u0131l\u0131 Kanun\u2019un 289\/1. maddesi ile s\u0131n\u0131rl\u0131 olarak yap\u0131lan temyiz incelemesi sonucunda hukuka ayk\u0131r\u0131l\u0131k g\u00f6r\u00fclmedi\u011finden ayn\u0131 Kanun\u2019un 302\/1. maddesi gere\u011fi, Tebli\u011fname\u2019ye uygun olarak, oy birli\u011fiyle TEMY\u0130Z \u0130STEM\u0130N\u0130N ESASTAN REDD\u0130 \u0130LE H\u00dcKM\u00dcN ONANMASINA,<\/p>\n<p>Dava dosyas\u0131n\u0131n, 5271 say\u0131l\u0131 Kanun\u2019un 304\/1. maddesi uyar\u0131nca \u0130zmir 5. A\u011f\u0131r Ceza Mahkemesine, Yarg\u0131tay il\u00e2m\u0131n\u0131n bir \u00f6rne\u011finin ise \u0130zmir B\u00f6lge Adliye Mahkemesi 4. Ceza Dairesine g\u00f6nderilmek \u00fczere Yarg\u0131tay Cumhuriyet Ba\u015fsavc\u0131l\u0131\u011f\u0131na TEVD\u0130\u0130NE,<\/p>\n<p>30.04.2025 tarihinde karar verildi.<\/p>\n<p>\u200bYarg\u0131tay 1. Ceza Dairesi\u2019nin 30.04.2025 tarihli, 2023\/8612 E., 2025\/3476 K. say\u0131l\u0131 karar\u0131\u00a0Hukuki Haber<\/p>\n<p>Haberin Al\u0131nt\u0131land\u0131\u011f\u0131 Kaynak: www.hukukihaber.net<\/p>","protected":false},"excerpt":{"rendered":"<p>T.C. Yarg\u0131tay 1. Ceza Dairesi 2023\/8612 E., 2025\/3476 K. &#8220;\u0130\u00e7tihat Metni&#8221; MAHKEMES\u0130 :Ceza Dairesi SAYISI : 2023\/2092 E., 2023\/1910 K. SAYISI : 2023\/2092 E., 2023\/1910 K. SU\u00c7 : Kasten yaralama neticesinde \u00f6l\u00fcme neden olma H\u00dcK\u00dcM : \u0130stinaf ba\u015fvurusunun d\u00fczeltilerek esastan reddi karar\u0131 TEBL\u0130\u011eNAME G\u00d6R\u00dc\u015e\u00dc : Temyiz ba\u015fvurusunun esastan reddi ile h\u00fckm\u00fcn onanmas\u0131 \u0130lk Derece Mahkemesince kurulan h\u00fckme y\u00f6nelik istinaf incelemesi \u00fczerine B\u00f6lge Adliye Mahkemesi taraf\u0131ndan verilen karar\u0131n; 5271 say\u0131l\u0131 Ceza Muhakemesi Kanunu\u2019nun (5271 say\u0131l\u0131 Kanun) 286\/1. ve 286\/2-a maddeleri uyar\u0131nca temyiz edilebilir oldu\u011fu, 260\/1. maddesi gere\u011fi temyiz edenin h\u00fckm\u00fc temyize hak ve yetkisinin bulundu\u011fu, 291\/1. maddesi gere\u011fi temyiz isteminin s\u00fcresinde oldu\u011fu, 294\/1. maddesi gere\u011fi temyiz dilek\u00e7esinde temyiz sebeplerine yer verildi\u011fi, 298\/1. maddesi gere\u011fi temyiz isteminin reddini gerektirir bir durumun bulunmad\u0131\u011f\u0131 yap\u0131lan \u00f6n inceleme neticesinde tespit edilmekle, gere\u011fi d\u00fc\u015f\u00fcn\u00fcld\u00fc: I. HUKUK\u00ce S\u00dcRE\u00c7 1. \u0130stinaf bozmas\u0131 \u00fczerine verilen \u0130zmir 5. A\u011f\u0131r Ceza Mahkemesinin 12.04.2023 tarihli ve 2022\/148 Esas, 2023\/145 Karar say\u0131l\u0131 karar\u0131 ile su\u00e7a s\u00fcr\u00fcklenen \u00e7ocuk hakk\u0131nda kasten yaralama neticesinde \u00f6l\u00fcme neden olma su\u00e7undan, 5237 say\u0131l\u0131 T\u00fcrk Ceza Kanunu\u2019nun (5237 say\u0131l\u0131 Kanun) 87\/4, 29\/1, 31\/3 ve 62\/1 maddeleri uyar\u0131nca 5 y\u0131l 6 ay 20 g\u00fcn hapis cezas\u0131 ile cezaland\u0131r\u0131lmas\u0131na karar verilmi\u015ftir. 2. \u0130zmir B\u00f6lge Adliye Mahkemesi 4. Ceza Dairesinin 16.06.2023 tarihli ve &hellip;<\/p>","protected":false},"author":3,"featured_media":0,"comment_status":"","ping_status":"open","sticky":false,"template":"","format":"standard","meta":{"_acf_changed":false,"footnotes":""},"categories":[27],"tags":[],"class_list":["post-150736","post","type-post","status-publish","format-standard","has-post-thumbnail","hentry","category-hukukihaber"],"acf":[],"yoast_head":"<!-- This site is optimized with the Yoast SEO Premium plugin v26.6 (Yoast SEO v27.1.1) - https:\/\/yoast.com\/product\/yoast-seo-premium-wordpress\/ -->\n<title>Yarg\u0131tay 1. Ceza Dairesi\u2019nin 2023\/8612 E., 2025\/3476 K. say\u0131l\u0131 karar\u0131 - Av. Deniz Can K\u0131z\u0131l<\/title>\n<meta name=\"robots\" content=\"index, follow, max-snippet:-1, max-image-preview:large, max-video-preview:-1\" \/>\n<link rel=\"canonical\" href=\"http:\/\/denizcankizil.tr\/en\/hukukihaber\/yargitay-1-ceza-dairesinin-2023-8612-e-2025-3476-k-sayili-karari\/\" \/>\n<meta property=\"og:locale\" content=\"en_GB\" \/>\n<meta property=\"og:type\" content=\"article\" \/>\n<meta property=\"og:title\" content=\"Yarg\u0131tay 1. Ceza Dairesi\u2019nin 2023\/8612 E., 2025\/3476 K. say\u0131l\u0131 karar\u0131\" \/>\n<meta property=\"og:description\" content=\"T.C. Yarg\u0131tay 1. Ceza Dairesi 2023\/8612 E., 2025\/3476 K. &#8220;\u0130\u00e7tihat Metni&#8221; MAHKEMES\u0130 :Ceza Dairesi SAYISI : 2023\/2092 E., 2023\/1910 K. SAYISI : 2023\/2092 E., 2023\/1910 K. SU\u00c7 : Kasten yaralama neticesinde \u00f6l\u00fcme neden olma H\u00dcK\u00dcM : \u0130stinaf ba\u015fvurusunun d\u00fczeltilerek esastan reddi karar\u0131 TEBL\u0130\u011eNAME G\u00d6R\u00dc\u015e\u00dc : Temyiz ba\u015fvurusunun esastan reddi ile h\u00fckm\u00fcn onanmas\u0131 \u0130lk Derece Mahkemesince kurulan h\u00fckme y\u00f6nelik istinaf incelemesi \u00fczerine B\u00f6lge Adliye Mahkemesi taraf\u0131ndan verilen karar\u0131n; 5271 say\u0131l\u0131 Ceza Muhakemesi Kanunu\u2019nun (5271 say\u0131l\u0131 Kanun) 286\/1. ve 286\/2-a maddeleri uyar\u0131nca temyiz edilebilir oldu\u011fu, 260\/1. maddesi gere\u011fi temyiz edenin h\u00fckm\u00fc temyize hak ve yetkisinin bulundu\u011fu, 291\/1. maddesi gere\u011fi temyiz isteminin s\u00fcresinde oldu\u011fu, 294\/1. maddesi gere\u011fi temyiz dilek\u00e7esinde temyiz sebeplerine yer verildi\u011fi, 298\/1. maddesi gere\u011fi temyiz isteminin reddini gerektirir bir durumun bulunmad\u0131\u011f\u0131 yap\u0131lan \u00f6n inceleme neticesinde tespit edilmekle, gere\u011fi d\u00fc\u015f\u00fcn\u00fcld\u00fc: I. HUKUK\u00ce S\u00dcRE\u00c7 1. \u0130stinaf bozmas\u0131 \u00fczerine verilen \u0130zmir 5. A\u011f\u0131r Ceza Mahkemesinin 12.04.2023 tarihli ve 2022\/148 Esas, 2023\/145 Karar say\u0131l\u0131 karar\u0131 ile su\u00e7a s\u00fcr\u00fcklenen \u00e7ocuk hakk\u0131nda kasten yaralama neticesinde \u00f6l\u00fcme neden olma su\u00e7undan, 5237 say\u0131l\u0131 T\u00fcrk Ceza Kanunu\u2019nun (5237 say\u0131l\u0131 Kanun) 87\/4, 29\/1, 31\/3 ve 62\/1 maddeleri uyar\u0131nca 5 y\u0131l 6 ay 20 g\u00fcn hapis cezas\u0131 ile cezaland\u0131r\u0131lmas\u0131na karar verilmi\u015ftir. 2. \u0130zmir B\u00f6lge Adliye Mahkemesi 4. Ceza Dairesinin 16.06.2023 tarihli ve &hellip;\" \/>\n<meta property=\"og:url\" content=\"http:\/\/denizcankizil.tr\/en\/hukukihaber\/yargitay-1-ceza-dairesinin-2023-8612-e-2025-3476-k-sayili-karari\/\" \/>\n<meta property=\"og:site_name\" content=\"Av. Deniz Can K\u0131z\u0131l\" \/>\n<meta property=\"article:published_time\" content=\"2025-07-19T09:58:00+00:00\" \/>\n<meta name=\"author\" content=\"Hukuki Haber.net\" \/>\n<meta name=\"twitter:card\" content=\"summary_large_image\" \/>\n<meta name=\"twitter:label1\" content=\"Written by\" \/>\n\t<meta name=\"twitter:data1\" content=\"Hukuki Haber.net\" \/>\n\t<meta name=\"twitter:label2\" content=\"Estimated reading time\" \/>\n\t<meta name=\"twitter:data2\" content=\"4 minutes\" \/>\n<script type=\"application\/ld+json\" class=\"yoast-schema-graph\">{\"@context\":\"https:\/\/schema.org\",\"@graph\":[{\"@type\":\"Article\",\"@id\":\"http:\/\/denizcankizil.tr\/de\/hukukihaber\/yargitay-1-ceza-dairesinin-2023-8612-e-2025-3476-k-sayili-karari\/#article\",\"isPartOf\":{\"@id\":\"http:\/\/denizcankizil.tr\/de\/hukukihaber\/yargitay-1-ceza-dairesinin-2023-8612-e-2025-3476-k-sayili-karari\/\"},\"author\":{\"name\":\"Hukuki Haber.net\",\"@id\":\"https:\/\/denizcankizil.tr\/de\/#\/schema\/person\/001a271de994a0aa3f90eea084424822\"},\"headline\":\"Yarg\u0131tay 1. Ceza Dairesi\u2019nin 2023\/8612 E., 2025\/3476 K. say\u0131l\u0131 karar\u0131\",\"datePublished\":\"2025-07-19T09:58:00+00:00\",\"mainEntityOfPage\":{\"@id\":\"http:\/\/denizcankizil.tr\/de\/hukukihaber\/yargitay-1-ceza-dairesinin-2023-8612-e-2025-3476-k-sayili-karari\/\"},\"wordCount\":889,\"publisher\":{\"@id\":\"https:\/\/denizcankizil.tr\/de\/#organization\"},\"articleSection\":[\"Hukuki Haberler\"],\"inLanguage\":\"en-GB\"},{\"@type\":\"WebPage\",\"@id\":\"http:\/\/denizcankizil.tr\/de\/hukukihaber\/yargitay-1-ceza-dairesinin-2023-8612-e-2025-3476-k-sayili-karari\/\",\"url\":\"http:\/\/denizcankizil.tr\/de\/hukukihaber\/yargitay-1-ceza-dairesinin-2023-8612-e-2025-3476-k-sayili-karari\/\",\"name\":\"Yarg\u0131tay 1. Ceza Dairesi\u2019nin 2023\/8612 E., 2025\/3476 K. say\u0131l\u0131 karar\u0131 - Av. Deniz Can K\u0131z\u0131l\",\"isPartOf\":{\"@id\":\"https:\/\/denizcankizil.tr\/de\/#website\"},\"datePublished\":\"2025-07-19T09:58:00+00:00\",\"breadcrumb\":{\"@id\":\"http:\/\/denizcankizil.tr\/de\/hukukihaber\/yargitay-1-ceza-dairesinin-2023-8612-e-2025-3476-k-sayili-karari\/#breadcrumb\"},\"inLanguage\":\"en-GB\",\"potentialAction\":[{\"@type\":\"ReadAction\",\"target\":[\"http:\/\/denizcankizil.tr\/de\/hukukihaber\/yargitay-1-ceza-dairesinin-2023-8612-e-2025-3476-k-sayili-karari\/\"]}]},{\"@type\":\"BreadcrumbList\",\"@id\":\"http:\/\/denizcankizil.tr\/de\/hukukihaber\/yargitay-1-ceza-dairesinin-2023-8612-e-2025-3476-k-sayili-karari\/#breadcrumb\",\"itemListElement\":[{\"@type\":\"ListItem\",\"position\":1,\"name\":\"Home\",\"item\":\"https:\/\/denizcankizil.tr\/de\/\"},{\"@type\":\"ListItem\",\"position\":2,\"name\":\"Yarg\u0131tay 1. Ceza Dairesi\u2019nin 2023\/8612 E., 2025\/3476 K. say\u0131l\u0131 karar\u0131\"}]},{\"@type\":\"WebSite\",\"@id\":\"https:\/\/denizcankizil.tr\/de\/#website\",\"url\":\"https:\/\/denizcankizil.tr\/de\/\",\"name\":\"Av. Deniz Can K\u0131z\u0131l\",\"description\":\"Avukat Deniz Can K\u0131z\u0131l Antalya Barosu\",\"publisher\":{\"@id\":\"https:\/\/denizcankizil.tr\/de\/#organization\"},\"potentialAction\":[{\"@type\":\"SearchAction\",\"target\":{\"@type\":\"EntryPoint\",\"urlTemplate\":\"https:\/\/denizcankizil.tr\/de\/?s={search_term_string}\"},\"query-input\":{\"@type\":\"PropertyValueSpecification\",\"valueRequired\":true,\"valueName\":\"search_term_string\"}}],\"inLanguage\":\"en-GB\"},{\"@type\":\"Organization\",\"@id\":\"https:\/\/denizcankizil.tr\/de\/#organization\",\"name\":\"Av. Deniz Can K\u0131z\u0131l\",\"url\":\"https:\/\/denizcankizil.tr\/de\/\",\"logo\":{\"@type\":\"ImageObject\",\"inLanguage\":\"en-GB\",\"@id\":\"https:\/\/denizcankizil.tr\/de\/#\/schema\/logo\/image\/\",\"url\":\"http:\/\/denizcankizil.tr\/wp-content\/uploads\/2024\/10\/siyah-logo-svg.svg\",\"contentUrl\":\"http:\/\/denizcankizil.tr\/wp-content\/uploads\/2024\/10\/siyah-logo-svg.svg\",\"width\":1080,\"height\":1080,\"caption\":\"Av. Deniz Can K\u0131z\u0131l\"},\"image\":{\"@id\":\"https:\/\/denizcankizil.tr\/de\/#\/schema\/logo\/image\/\"}},{\"@type\":\"Person\",\"@id\":\"https:\/\/denizcankizil.tr\/de\/#\/schema\/person\/001a271de994a0aa3f90eea084424822\",\"name\":\"Hukuki Haber.net\",\"image\":{\"@type\":\"ImageObject\",\"inLanguage\":\"en-GB\",\"@id\":\"https:\/\/denizcankizil.tr\/de\/#\/schema\/person\/image\/\",\"url\":\"https:\/\/secure.gravatar.com\/avatar\/57d8a49151495586611a149d29fc42865b951dc053a84709a3172ccb5abf3118?s=96&d=mm&r=g\",\"contentUrl\":\"https:\/\/secure.gravatar.com\/avatar\/57d8a49151495586611a149d29fc42865b951dc053a84709a3172ccb5abf3118?s=96&d=mm&r=g\",\"caption\":\"Hukuki Haber.net\"},\"sameAs\":[\"http:\/\/www.hukukihaber.net\"],\"url\":\"http:\/\/denizcankizil.tr\/en\/author\/hukukihabernet\/\"}]}<\/script>\n<!-- \/ Yoast SEO Premium plugin. -->","yoast_head_json":{"title":"Yarg\u0131tay 1. Ceza Dairesi\u2019nin 2023\/8612 E., 2025\/3476 K. say\u0131l\u0131 karar\u0131 - Av. Deniz Can K\u0131z\u0131l","robots":{"index":"index","follow":"follow","max-snippet":"max-snippet:-1","max-image-preview":"max-image-preview:large","max-video-preview":"max-video-preview:-1"},"canonical":"http:\/\/denizcankizil.tr\/en\/hukukihaber\/yargitay-1-ceza-dairesinin-2023-8612-e-2025-3476-k-sayili-karari\/","og_locale":"en_GB","og_type":"article","og_title":"Yarg\u0131tay 1. Ceza Dairesi\u2019nin 2023\/8612 E., 2025\/3476 K. say\u0131l\u0131 karar\u0131","og_description":"T.C. Yarg\u0131tay 1. Ceza Dairesi 2023\/8612 E., 2025\/3476 K. &#8220;\u0130\u00e7tihat Metni&#8221; MAHKEMES\u0130 :Ceza Dairesi SAYISI : 2023\/2092 E., 2023\/1910 K. SAYISI : 2023\/2092 E., 2023\/1910 K. SU\u00c7 : Kasten yaralama neticesinde \u00f6l\u00fcme neden olma H\u00dcK\u00dcM : \u0130stinaf ba\u015fvurusunun d\u00fczeltilerek esastan reddi karar\u0131 TEBL\u0130\u011eNAME G\u00d6R\u00dc\u015e\u00dc : Temyiz ba\u015fvurusunun esastan reddi ile h\u00fckm\u00fcn onanmas\u0131 \u0130lk Derece Mahkemesince kurulan h\u00fckme y\u00f6nelik istinaf incelemesi \u00fczerine B\u00f6lge Adliye Mahkemesi taraf\u0131ndan verilen karar\u0131n; 5271 say\u0131l\u0131 Ceza Muhakemesi Kanunu\u2019nun (5271 say\u0131l\u0131 Kanun) 286\/1. ve 286\/2-a maddeleri uyar\u0131nca temyiz edilebilir oldu\u011fu, 260\/1. maddesi gere\u011fi temyiz edenin h\u00fckm\u00fc temyize hak ve yetkisinin bulundu\u011fu, 291\/1. maddesi gere\u011fi temyiz isteminin s\u00fcresinde oldu\u011fu, 294\/1. maddesi gere\u011fi temyiz dilek\u00e7esinde temyiz sebeplerine yer verildi\u011fi, 298\/1. maddesi gere\u011fi temyiz isteminin reddini gerektirir bir durumun bulunmad\u0131\u011f\u0131 yap\u0131lan \u00f6n inceleme neticesinde tespit edilmekle, gere\u011fi d\u00fc\u015f\u00fcn\u00fcld\u00fc: I. HUKUK\u00ce S\u00dcRE\u00c7 1. \u0130stinaf bozmas\u0131 \u00fczerine verilen \u0130zmir 5. A\u011f\u0131r Ceza Mahkemesinin 12.04.2023 tarihli ve 2022\/148 Esas, 2023\/145 Karar say\u0131l\u0131 karar\u0131 ile su\u00e7a s\u00fcr\u00fcklenen \u00e7ocuk hakk\u0131nda kasten yaralama neticesinde \u00f6l\u00fcme neden olma su\u00e7undan, 5237 say\u0131l\u0131 T\u00fcrk Ceza Kanunu\u2019nun (5237 say\u0131l\u0131 Kanun) 87\/4, 29\/1, 31\/3 ve 62\/1 maddeleri uyar\u0131nca 5 y\u0131l 6 ay 20 g\u00fcn hapis cezas\u0131 ile cezaland\u0131r\u0131lmas\u0131na karar verilmi\u015ftir. 2. \u0130zmir B\u00f6lge Adliye Mahkemesi 4. Ceza Dairesinin 16.06.2023 tarihli ve &hellip;","og_url":"http:\/\/denizcankizil.tr\/en\/hukukihaber\/yargitay-1-ceza-dairesinin-2023-8612-e-2025-3476-k-sayili-karari\/","og_site_name":"Av. Deniz Can K\u0131z\u0131l","article_published_time":"2025-07-19T09:58:00+00:00","author":"Hukuki Haber.net","twitter_card":"summary_large_image","twitter_misc":{"Written by":"Hukuki Haber.net","Estimated reading time":"4 minutes"},"schema":{"@context":"https:\/\/schema.org","@graph":[{"@type":"Article","@id":"http:\/\/denizcankizil.tr\/de\/hukukihaber\/yargitay-1-ceza-dairesinin-2023-8612-e-2025-3476-k-sayili-karari\/#article","isPartOf":{"@id":"http:\/\/denizcankizil.tr\/de\/hukukihaber\/yargitay-1-ceza-dairesinin-2023-8612-e-2025-3476-k-sayili-karari\/"},"author":{"name":"Hukuki Haber.net","@id":"https:\/\/denizcankizil.tr\/de\/#\/schema\/person\/001a271de994a0aa3f90eea084424822"},"headline":"Yarg\u0131tay 1. Ceza Dairesi\u2019nin 2023\/8612 E., 2025\/3476 K. say\u0131l\u0131 karar\u0131","datePublished":"2025-07-19T09:58:00+00:00","mainEntityOfPage":{"@id":"http:\/\/denizcankizil.tr\/de\/hukukihaber\/yargitay-1-ceza-dairesinin-2023-8612-e-2025-3476-k-sayili-karari\/"},"wordCount":889,"publisher":{"@id":"https:\/\/denizcankizil.tr\/de\/#organization"},"articleSection":["Hukuki Haberler"],"inLanguage":"en-GB"},{"@type":"WebPage","@id":"http:\/\/denizcankizil.tr\/de\/hukukihaber\/yargitay-1-ceza-dairesinin-2023-8612-e-2025-3476-k-sayili-karari\/","url":"http:\/\/denizcankizil.tr\/de\/hukukihaber\/yargitay-1-ceza-dairesinin-2023-8612-e-2025-3476-k-sayili-karari\/","name":"Yarg\u0131tay 1. Ceza Dairesi\u2019nin 2023\/8612 E., 2025\/3476 K. say\u0131l\u0131 karar\u0131 - Av. Deniz Can K\u0131z\u0131l","isPartOf":{"@id":"https:\/\/denizcankizil.tr\/de\/#website"},"datePublished":"2025-07-19T09:58:00+00:00","breadcrumb":{"@id":"http:\/\/denizcankizil.tr\/de\/hukukihaber\/yargitay-1-ceza-dairesinin-2023-8612-e-2025-3476-k-sayili-karari\/#breadcrumb"},"inLanguage":"en-GB","potentialAction":[{"@type":"ReadAction","target":["http:\/\/denizcankizil.tr\/de\/hukukihaber\/yargitay-1-ceza-dairesinin-2023-8612-e-2025-3476-k-sayili-karari\/"]}]},{"@type":"BreadcrumbList","@id":"http:\/\/denizcankizil.tr\/de\/hukukihaber\/yargitay-1-ceza-dairesinin-2023-8612-e-2025-3476-k-sayili-karari\/#breadcrumb","itemListElement":[{"@type":"ListItem","position":1,"name":"Home","item":"https:\/\/denizcankizil.tr\/de\/"},{"@type":"ListItem","position":2,"name":"Yarg\u0131tay 1. Ceza Dairesi\u2019nin 2023\/8612 E., 2025\/3476 K. say\u0131l\u0131 karar\u0131"}]},{"@type":"WebSite","@id":"https:\/\/denizcankizil.tr\/de\/#website","url":"https:\/\/denizcankizil.tr\/de\/","name":"Av. Deniz Can K\u0131z\u0131l","description":"Avukat Deniz Can K\u0131z\u0131l Antalya Barosu","publisher":{"@id":"https:\/\/denizcankizil.tr\/de\/#organization"},"potentialAction":[{"@type":"SearchAction","target":{"@type":"EntryPoint","urlTemplate":"https:\/\/denizcankizil.tr\/de\/?s={search_term_string}"},"query-input":{"@type":"PropertyValueSpecification","valueRequired":true,"valueName":"search_term_string"}}],"inLanguage":"en-GB"},{"@type":"Organization","@id":"https:\/\/denizcankizil.tr\/de\/#organization","name":"Av. Deniz Can K\u0131z\u0131l","url":"https:\/\/denizcankizil.tr\/de\/","logo":{"@type":"ImageObject","inLanguage":"en-GB","@id":"https:\/\/denizcankizil.tr\/de\/#\/schema\/logo\/image\/","url":"http:\/\/denizcankizil.tr\/wp-content\/uploads\/2024\/10\/siyah-logo-svg.svg","contentUrl":"http:\/\/denizcankizil.tr\/wp-content\/uploads\/2024\/10\/siyah-logo-svg.svg","width":1080,"height":1080,"caption":"Av. Deniz Can K\u0131z\u0131l"},"image":{"@id":"https:\/\/denizcankizil.tr\/de\/#\/schema\/logo\/image\/"}},{"@type":"Person","@id":"https:\/\/denizcankizil.tr\/de\/#\/schema\/person\/001a271de994a0aa3f90eea084424822","name":"Hukuki Haber.net","image":{"@type":"ImageObject","inLanguage":"en-GB","@id":"https:\/\/denizcankizil.tr\/de\/#\/schema\/person\/image\/","url":"https:\/\/secure.gravatar.com\/avatar\/57d8a49151495586611a149d29fc42865b951dc053a84709a3172ccb5abf3118?s=96&d=mm&r=g","contentUrl":"https:\/\/secure.gravatar.com\/avatar\/57d8a49151495586611a149d29fc42865b951dc053a84709a3172ccb5abf3118?s=96&d=mm&r=g","caption":"Hukuki Haber.net"},"sameAs":["http:\/\/www.hukukihaber.net"],"url":"http:\/\/denizcankizil.tr\/en\/author\/hukukihabernet\/"}]}},"_links":{"self":[{"href":"http:\/\/denizcankizil.tr\/en\/wp-json\/wp\/v2\/posts\/150736","targetHints":{"allow":["GET"]}}],"collection":[{"href":"http:\/\/denizcankizil.tr\/en\/wp-json\/wp\/v2\/posts"}],"about":[{"href":"http:\/\/denizcankizil.tr\/en\/wp-json\/wp\/v2\/types\/post"}],"author":[{"embeddable":true,"href":"http:\/\/denizcankizil.tr\/en\/wp-json\/wp\/v2\/users\/3"}],"replies":[{"embeddable":true,"href":"http:\/\/denizcankizil.tr\/en\/wp-json\/wp\/v2\/comments?post=150736"}],"version-history":[{"count":0,"href":"http:\/\/denizcankizil.tr\/en\/wp-json\/wp\/v2\/posts\/150736\/revisions"}],"wp:attachment":[{"href":"http:\/\/denizcankizil.tr\/en\/wp-json\/wp\/v2\/media?parent=150736"}],"wp:term":[{"taxonomy":"category","embeddable":true,"href":"http:\/\/denizcankizil.tr\/en\/wp-json\/wp\/v2\/categories?post=150736"},{"taxonomy":"post_tag","embeddable":true,"href":"http:\/\/denizcankizil.tr\/en\/wp-json\/wp\/v2\/tags?post=150736"}],"curies":[{"name":"wp","href":"https:\/\/api.w.org\/{rel}","templated":true}]}}