{"id":15009,"date":"2024-11-09T16:41:57","date_gmt":"2024-11-09T13:41:57","guid":{"rendered":"https:\/\/denizcankizil.tr\/uncategorized-tr\/kayyumlar-icin-en-basindan-tepki\/"},"modified":"2024-11-09T16:41:57","modified_gmt":"2024-11-09T13:41:57","slug":"kayyumlar-icin-en-basindan-tepki","status":"publish","type":"post","link":"http:\/\/denizcankizil.tr\/en\/haberler\/gundem\/kayyumlar-icin-en-basindan-tepki\/","title":{"rendered":"Kayyumlar i\u00e7in en &#8216;Ba\u015f&#8217;\u0131ndan tepki"},"content":{"rendered":"<p>TBB ve \u0130BB Ba\u015fkan\u0131 Ekrem \u0130mamo\u011flu, T\u00fcrkiye \u0130\u015f\u00e7i Partisi Genel Ba\u015fkan\u0131 Erkan Ba\u015f ile \u2018kayyum g\u00fcndemli\u2019 bir g\u00f6r\u00fc\u015fme ger\u00e7ekle\u015ftirdi.\u0130STANBUL (\u0130GFA) &#8211; \u0130kili g\u00f6r\u00fc\u015fmenin ard\u0131ndan kameralar\u0131n kar\u015f\u0131s\u0131na ge\u00e7en \u0130mamo\u011flu ve Ba\u015f, kamuoyuna bilgilendirmelerde bulundu. 2016 y\u0131l\u0131nda \u00e7\u0131kar\u0131lan bir kanun maddesine dayand\u0131r\u0131larak yap\u0131lan kayyum atamalar\u0131n\u0131 \u2018k\u00f6t\u00fc niyetli\u2019 ve \u2018\u00e7arp\u0131k\u2019 s\u00f6zleriyle tan\u0131mlayan \u0130mamo\u011flu, TBB olarak bu konuda yapt\u0131klar\u0131 \u00e7al\u0131\u015fmay\u0131 \u00f6n\u00fcm\u00fczdeki hafta ba\u015f\u0131nda siyasi parti genel ba\u015fkanlar\u0131 ve milletvekilleriyle payla\u015facaklar\u0131 bilgisini aktard\u0131. \u0130mamo\u011flu, \u201cYarg\u0131 eliyle y\u00fcr\u00fct\u00fclmesi gereken bir i\u015fin, bir ki\u015finin iki duda\u011f\u0131 aras\u0131nda y\u00fcr\u00fct\u00fclemeyece\u011fini, y\u00fcr\u00fct\u00fclememesi gerekti\u011fini biraz daha geni\u015f hatlar\u0131yla ifade ettik. Sa\u011f olsunlar Say\u0131n Genel Ba\u015fkan\u0131m\u0131z, bize destek verdi bu hususta. Bu bir yerel y\u00f6netim hukukunu korumakt\u0131r, yerel demokrasinin g\u00fc\u00e7lenmesini sa\u011flama yolculu\u011fudur. Ve tabii ki milletin iradesinin millete ait oldu\u011fu yakla\u015f\u0131m\u0131n\u0131n sa\u011flama al\u0131nmas\u0131d\u0131r\u201d dedi.\u00a0<br \/>\n\u0130ktidar\u0131n, 31 Mart 2024 yerel se\u00e7imlerinde tabanda olu\u015fan halk ittifak\u0131na yenildi\u011fini belirten Ba\u015f da \u201cO g\u00fcn bug\u00fcnd\u00fcr, bu yenilgiyi nas\u0131l tersine \u00e7evirece\u011fine ili\u015fkin \u00e7e\u015fitli aray\u0131\u015flar i\u00e7erisindelerdi. Ama topluma umut veremiyorlar, topluma heyecan veremiyorlar, topluma art\u0131k g\u00fczellik vaat edemiyorlar. Ancak bask\u0131yla, zorla bu i\u015fi yapmaya karar vermi\u015f gibi g\u00f6z\u00fck\u00fcyorlar. Buna kar\u015f\u0131 yap\u0131lacak tek \u015fey, hep birlikte durmakt\u0131r. \u015eunu da Ekrem Bey&#8217;in yan\u0131nda \u00f6zellikle ifade etmek istiyorum. Yani \u0130stanbul&#8217;dan bahsediyoruz arkada\u015flar. Sadece T\u00fcrkiye&#8217;nin de\u011fil, d\u00fcnyan\u0131n en k\u0131ymetli, say\u0131l\u0131 kentlerinden bir tanesi. Bunun konu\u015fuluyor olmas\u0131 bile, yani \u0130BB Ba\u015fkan\u0131&#8217;na yarg\u0131 yoluyla siyaset yasa\u011f\u0131 getiriliyor, getirilebilir ihtimalini konu\u015fulabiliyor olmas\u0131n\u0131 bile, kabul etmiyoruz. Bunun d\u00fc\u015f\u00fcn\u00fcl\u00fcyor olabilmesini, bunun yaz\u0131l\u0131yor olmas\u0131n\u0131 reddediyoruz\u201d ifadelerini kulland\u0131.\u00a0<\/p>\n<p>\u200bTBB ve \u0130BB Ba\u015fkan\u0131 Ekrem \u0130mamo\u011flu, T\u00fcrkiye \u0130\u015f\u00e7i Partisi Genel Ba\u015fkan\u0131 Erkan Ba\u015f ile \u2018kayyum g\u00fcndemli\u2019 bir g\u00f6r\u00fc\u015fme ger\u00e7ekle\u015ftirdi\u00a0<\/p>\n<p>\u200bHaberin Al\u0131nt\u0131land\u0131\u011f\u0131 Kaynak: www.iskenderun.org<\/p>","protected":false},"excerpt":{"rendered":"<p>TBB ve \u0130BB Ba\u015fkan\u0131 Ekrem \u0130mamo\u011flu, T\u00fcrkiye \u0130\u015f\u00e7i Partisi Genel Ba\u015fkan\u0131 Erkan Ba\u015f ile \u2018kayyum g\u00fcndemli\u2019 bir g\u00f6r\u00fc\u015fme ger\u00e7ekle\u015ftirdi.\u0130STANBUL (\u0130GFA) &#8211; \u0130kili g\u00f6r\u00fc\u015fmenin ard\u0131ndan kameralar\u0131n kar\u015f\u0131s\u0131na ge\u00e7en \u0130mamo\u011flu ve Ba\u015f, kamuoyuna bilgilendirmelerde bulundu. 2016 y\u0131l\u0131nda \u00e7\u0131kar\u0131lan bir kanun maddesine dayand\u0131r\u0131larak yap\u0131lan kayyum atamalar\u0131n\u0131 \u2018k\u00f6t\u00fc niyetli\u2019 ve \u2018\u00e7arp\u0131k\u2019 s\u00f6zleriyle tan\u0131mlayan \u0130mamo\u011flu, TBB olarak bu konuda yapt\u0131klar\u0131 \u00e7al\u0131\u015fmay\u0131 \u00f6n\u00fcm\u00fczdeki hafta ba\u015f\u0131nda siyasi parti genel ba\u015fkanlar\u0131 ve milletvekilleriyle payla\u015facaklar\u0131 bilgisini aktard\u0131. \u0130mamo\u011flu, \u201cYarg\u0131 eliyle y\u00fcr\u00fct\u00fclmesi gereken bir i\u015fin, bir ki\u015finin iki duda\u011f\u0131 aras\u0131nda y\u00fcr\u00fct\u00fclemeyece\u011fini, y\u00fcr\u00fct\u00fclememesi gerekti\u011fini biraz daha geni\u015f hatlar\u0131yla ifade ettik. Sa\u011f olsunlar Say\u0131n Genel Ba\u015fkan\u0131m\u0131z, bize destek verdi bu hususta. Bu bir yerel y\u00f6netim hukukunu korumakt\u0131r, yerel demokrasinin g\u00fc\u00e7lenmesini sa\u011flama yolculu\u011fudur. Ve tabii ki milletin iradesinin millete ait oldu\u011fu yakla\u015f\u0131m\u0131n\u0131n sa\u011flama al\u0131nmas\u0131d\u0131r\u201d dedi.\u00a0 \u0130ktidar\u0131n, 31 Mart 2024 yerel se\u00e7imlerinde tabanda olu\u015fan halk ittifak\u0131na yenildi\u011fini belirten Ba\u015f da \u201cO g\u00fcn bug\u00fcnd\u00fcr, bu yenilgiyi nas\u0131l tersine \u00e7evirece\u011fine ili\u015fkin \u00e7e\u015fitli aray\u0131\u015flar i\u00e7erisindelerdi. Ama topluma umut veremiyorlar, topluma heyecan veremiyorlar, topluma art\u0131k g\u00fczellik vaat edemiyorlar. Ancak bask\u0131yla, zorla bu i\u015fi yapmaya karar vermi\u015f gibi g\u00f6z\u00fck\u00fcyorlar. Buna kar\u015f\u0131 yap\u0131lacak tek \u015fey, hep birlikte durmakt\u0131r. \u015eunu da Ekrem Bey&#8217;in yan\u0131nda \u00f6zellikle ifade etmek istiyorum. Yani \u0130stanbul&#8217;dan bahsediyoruz arkada\u015flar. Sadece T\u00fcrkiye&#8217;nin de\u011fil, d\u00fcnyan\u0131n en k\u0131ymetli, say\u0131l\u0131 kentlerinden bir &hellip;<\/p>","protected":false},"author":0,"featured_media":0,"comment_status":"open","ping_status":"open","sticky":false,"template":"","format":"standard","meta":{"_acf_changed":false,"footnotes":""},"categories":[24,535],"tags":[],"class_list":["post-15009","post","type-post","status-publish","format-standard","has-post-thumbnail","hentry","category-gundem","category-uncategorized-tr"],"acf":[],"yoast_head":"<!-- This site is optimized with the Yoast SEO Premium plugin v26.6 (Yoast SEO v27.1.1) - https:\/\/yoast.com\/product\/yoast-seo-premium-wordpress\/ -->\n<title>Kayyumlar i\u00e7in en &#039;Ba\u015f&#039;\u0131ndan tepki - Av. Deniz Can K\u0131z\u0131l<\/title>\n<meta name=\"robots\" content=\"index, follow, max-snippet:-1, max-image-preview:large, max-video-preview:-1\" \/>\n<link rel=\"canonical\" href=\"http:\/\/denizcankizil.tr\/en\/haberler\/gundem\/kayyumlar-icin-en-basindan-tepki\/\" \/>\n<meta property=\"og:locale\" content=\"en_GB\" \/>\n<meta property=\"og:type\" content=\"article\" \/>\n<meta property=\"og:title\" content=\"Kayyumlar i\u00e7in en &#039;Ba\u015f&#039;\u0131ndan tepki\" \/>\n<meta property=\"og:description\" content=\"TBB ve \u0130BB Ba\u015fkan\u0131 Ekrem \u0130mamo\u011flu, T\u00fcrkiye \u0130\u015f\u00e7i Partisi Genel Ba\u015fkan\u0131 Erkan Ba\u015f ile \u2018kayyum g\u00fcndemli\u2019 bir g\u00f6r\u00fc\u015fme ger\u00e7ekle\u015ftirdi.\u0130STANBUL (\u0130GFA) &#8211; \u0130kili g\u00f6r\u00fc\u015fmenin ard\u0131ndan kameralar\u0131n kar\u015f\u0131s\u0131na ge\u00e7en \u0130mamo\u011flu ve Ba\u015f, kamuoyuna bilgilendirmelerde bulundu. 2016 y\u0131l\u0131nda \u00e7\u0131kar\u0131lan bir kanun maddesine dayand\u0131r\u0131larak yap\u0131lan kayyum atamalar\u0131n\u0131 \u2018k\u00f6t\u00fc niyetli\u2019 ve \u2018\u00e7arp\u0131k\u2019 s\u00f6zleriyle tan\u0131mlayan \u0130mamo\u011flu, TBB olarak bu konuda yapt\u0131klar\u0131 \u00e7al\u0131\u015fmay\u0131 \u00f6n\u00fcm\u00fczdeki hafta ba\u015f\u0131nda siyasi parti genel ba\u015fkanlar\u0131 ve milletvekilleriyle payla\u015facaklar\u0131 bilgisini aktard\u0131. \u0130mamo\u011flu, \u201cYarg\u0131 eliyle y\u00fcr\u00fct\u00fclmesi gereken bir i\u015fin, bir ki\u015finin iki duda\u011f\u0131 aras\u0131nda y\u00fcr\u00fct\u00fclemeyece\u011fini, y\u00fcr\u00fct\u00fclememesi gerekti\u011fini biraz daha geni\u015f hatlar\u0131yla ifade ettik. Sa\u011f olsunlar Say\u0131n Genel Ba\u015fkan\u0131m\u0131z, bize destek verdi bu hususta. Bu bir yerel y\u00f6netim hukukunu korumakt\u0131r, yerel demokrasinin g\u00fc\u00e7lenmesini sa\u011flama yolculu\u011fudur. Ve tabii ki milletin iradesinin millete ait oldu\u011fu yakla\u015f\u0131m\u0131n\u0131n sa\u011flama al\u0131nmas\u0131d\u0131r\u201d dedi.\u00a0 \u0130ktidar\u0131n, 31 Mart 2024 yerel se\u00e7imlerinde tabanda olu\u015fan halk ittifak\u0131na yenildi\u011fini belirten Ba\u015f da \u201cO g\u00fcn bug\u00fcnd\u00fcr, bu yenilgiyi nas\u0131l tersine \u00e7evirece\u011fine ili\u015fkin \u00e7e\u015fitli aray\u0131\u015flar i\u00e7erisindelerdi. Ama topluma umut veremiyorlar, topluma heyecan veremiyorlar, topluma art\u0131k g\u00fczellik vaat edemiyorlar. Ancak bask\u0131yla, zorla bu i\u015fi yapmaya karar vermi\u015f gibi g\u00f6z\u00fck\u00fcyorlar. Buna kar\u015f\u0131 yap\u0131lacak tek \u015fey, hep birlikte durmakt\u0131r. \u015eunu da Ekrem Bey&#8217;in yan\u0131nda \u00f6zellikle ifade etmek istiyorum. Yani \u0130stanbul&#8217;dan bahsediyoruz arkada\u015flar. Sadece T\u00fcrkiye&#8217;nin de\u011fil, d\u00fcnyan\u0131n en k\u0131ymetli, say\u0131l\u0131 kentlerinden bir &hellip;\" \/>\n<meta property=\"og:url\" content=\"http:\/\/denizcankizil.tr\/en\/haberler\/gundem\/kayyumlar-icin-en-basindan-tepki\/\" \/>\n<meta property=\"og:site_name\" content=\"Av. Deniz Can K\u0131z\u0131l\" \/>\n<meta property=\"article:published_time\" content=\"2024-11-09T13:41:57+00:00\" \/>\n<meta name=\"twitter:card\" content=\"summary_large_image\" \/>\n<meta name=\"twitter:label1\" content=\"Estimated reading time\" \/>\n\t<meta name=\"twitter:data1\" content=\"2 minutes\" \/>\n<script type=\"application\/ld+json\" class=\"yoast-schema-graph\">{\"@context\":\"https:\/\/schema.org\",\"@graph\":[{\"@type\":\"Article\",\"@id\":\"http:\/\/denizcankizil.tr\/en\/haberler\/gundem\/kayyumlar-icin-en-basindan-tepki\/#article\",\"isPartOf\":{\"@id\":\"http:\/\/denizcankizil.tr\/en\/haberler\/gundem\/kayyumlar-icin-en-basindan-tepki\/\"},\"author\":{\"name\":\"\",\"@id\":\"\"},\"headline\":\"Kayyumlar i\u00e7in en &#8216;Ba\u015f&#8217;\u0131ndan tepki\",\"datePublished\":\"2024-11-09T13:41:57+00:00\",\"mainEntityOfPage\":{\"@id\":\"http:\/\/denizcankizil.tr\/en\/haberler\/gundem\/kayyumlar-icin-en-basindan-tepki\/\"},\"wordCount\":384,\"commentCount\":0,\"publisher\":{\"@id\":\"https:\/\/denizcankizil.tr\/#organization\"},\"articleSection\":[\"G\u00fcndem\",\"Uncategorized\"],\"inLanguage\":\"en-GB\",\"potentialAction\":[{\"@type\":\"CommentAction\",\"name\":\"Comment\",\"target\":[\"http:\/\/denizcankizil.tr\/en\/haberler\/gundem\/kayyumlar-icin-en-basindan-tepki\/#respond\"]}]},{\"@type\":\"WebPage\",\"@id\":\"http:\/\/denizcankizil.tr\/en\/haberler\/gundem\/kayyumlar-icin-en-basindan-tepki\/\",\"url\":\"http:\/\/denizcankizil.tr\/en\/haberler\/gundem\/kayyumlar-icin-en-basindan-tepki\/\",\"name\":\"Kayyumlar i\u00e7in en 'Ba\u015f'\u0131ndan tepki - Av. Deniz Can K\u0131z\u0131l\",\"isPartOf\":{\"@id\":\"https:\/\/denizcankizil.tr\/#website\"},\"datePublished\":\"2024-11-09T13:41:57+00:00\",\"breadcrumb\":{\"@id\":\"http:\/\/denizcankizil.tr\/en\/haberler\/gundem\/kayyumlar-icin-en-basindan-tepki\/#breadcrumb\"},\"inLanguage\":\"en-GB\",\"potentialAction\":[{\"@type\":\"ReadAction\",\"target\":[\"http:\/\/denizcankizil.tr\/en\/haberler\/gundem\/kayyumlar-icin-en-basindan-tepki\/\"]}]},{\"@type\":\"BreadcrumbList\",\"@id\":\"http:\/\/denizcankizil.tr\/en\/haberler\/gundem\/kayyumlar-icin-en-basindan-tepki\/#breadcrumb\",\"itemListElement\":[{\"@type\":\"ListItem\",\"position\":1,\"name\":\"Home\",\"item\":\"https:\/\/denizcankizil.tr\/uk\/\"},{\"@type\":\"ListItem\",\"position\":2,\"name\":\"Kayyumlar i\u00e7in en &#8216;Ba\u015f&#8217;\u0131ndan tepki\"}]},{\"@type\":\"WebSite\",\"@id\":\"https:\/\/denizcankizil.tr\/#website\",\"url\":\"https:\/\/denizcankizil.tr\/\",\"name\":\"Av. Deniz Can K\u0131z\u0131l\",\"description\":\"Avukat Deniz Can K\u0131z\u0131l Antalya Barosu\",\"publisher\":{\"@id\":\"https:\/\/denizcankizil.tr\/#organization\"},\"potentialAction\":[{\"@type\":\"SearchAction\",\"target\":{\"@type\":\"EntryPoint\",\"urlTemplate\":\"https:\/\/denizcankizil.tr\/?s={search_term_string}\"},\"query-input\":{\"@type\":\"PropertyValueSpecification\",\"valueRequired\":true,\"valueName\":\"search_term_string\"}}],\"inLanguage\":\"en-GB\"},{\"@type\":\"Organization\",\"@id\":\"https:\/\/denizcankizil.tr\/#organization\",\"name\":\"Av. Deniz Can K\u0131z\u0131l\",\"url\":\"https:\/\/denizcankizil.tr\/\",\"logo\":{\"@type\":\"ImageObject\",\"inLanguage\":\"en-GB\",\"@id\":\"https:\/\/denizcankizil.tr\/#\/schema\/logo\/image\/\",\"url\":\"http:\/\/denizcankizil.tr\/wp-content\/uploads\/2024\/10\/siyah-logo-svg.svg\",\"contentUrl\":\"http:\/\/denizcankizil.tr\/wp-content\/uploads\/2024\/10\/siyah-logo-svg.svg\",\"width\":1080,\"height\":1080,\"caption\":\"Av. Deniz Can K\u0131z\u0131l\"},\"image\":{\"@id\":\"https:\/\/denizcankizil.tr\/#\/schema\/logo\/image\/\"}}]}<\/script>\n<!-- \/ Yoast SEO Premium plugin. -->","yoast_head_json":{"title":"Kayyumlar i\u00e7in en 'Ba\u015f'\u0131ndan tepki - Av. Deniz Can K\u0131z\u0131l","robots":{"index":"index","follow":"follow","max-snippet":"max-snippet:-1","max-image-preview":"max-image-preview:large","max-video-preview":"max-video-preview:-1"},"canonical":"http:\/\/denizcankizil.tr\/en\/haberler\/gundem\/kayyumlar-icin-en-basindan-tepki\/","og_locale":"en_GB","og_type":"article","og_title":"Kayyumlar i\u00e7in en 'Ba\u015f'\u0131ndan tepki","og_description":"TBB ve \u0130BB Ba\u015fkan\u0131 Ekrem \u0130mamo\u011flu, T\u00fcrkiye \u0130\u015f\u00e7i Partisi Genel Ba\u015fkan\u0131 Erkan Ba\u015f ile \u2018kayyum g\u00fcndemli\u2019 bir g\u00f6r\u00fc\u015fme ger\u00e7ekle\u015ftirdi.\u0130STANBUL (\u0130GFA) &#8211; \u0130kili g\u00f6r\u00fc\u015fmenin ard\u0131ndan kameralar\u0131n kar\u015f\u0131s\u0131na ge\u00e7en \u0130mamo\u011flu ve Ba\u015f, kamuoyuna bilgilendirmelerde bulundu. 2016 y\u0131l\u0131nda \u00e7\u0131kar\u0131lan bir kanun maddesine dayand\u0131r\u0131larak yap\u0131lan kayyum atamalar\u0131n\u0131 \u2018k\u00f6t\u00fc niyetli\u2019 ve \u2018\u00e7arp\u0131k\u2019 s\u00f6zleriyle tan\u0131mlayan \u0130mamo\u011flu, TBB olarak bu konuda yapt\u0131klar\u0131 \u00e7al\u0131\u015fmay\u0131 \u00f6n\u00fcm\u00fczdeki hafta ba\u015f\u0131nda siyasi parti genel ba\u015fkanlar\u0131 ve milletvekilleriyle payla\u015facaklar\u0131 bilgisini aktard\u0131. \u0130mamo\u011flu, \u201cYarg\u0131 eliyle y\u00fcr\u00fct\u00fclmesi gereken bir i\u015fin, bir ki\u015finin iki duda\u011f\u0131 aras\u0131nda y\u00fcr\u00fct\u00fclemeyece\u011fini, y\u00fcr\u00fct\u00fclememesi gerekti\u011fini biraz daha geni\u015f hatlar\u0131yla ifade ettik. Sa\u011f olsunlar Say\u0131n Genel Ba\u015fkan\u0131m\u0131z, bize destek verdi bu hususta. Bu bir yerel y\u00f6netim hukukunu korumakt\u0131r, yerel demokrasinin g\u00fc\u00e7lenmesini sa\u011flama yolculu\u011fudur. Ve tabii ki milletin iradesinin millete ait oldu\u011fu yakla\u015f\u0131m\u0131n\u0131n sa\u011flama al\u0131nmas\u0131d\u0131r\u201d dedi.\u00a0 \u0130ktidar\u0131n, 31 Mart 2024 yerel se\u00e7imlerinde tabanda olu\u015fan halk ittifak\u0131na yenildi\u011fini belirten Ba\u015f da \u201cO g\u00fcn bug\u00fcnd\u00fcr, bu yenilgiyi nas\u0131l tersine \u00e7evirece\u011fine ili\u015fkin \u00e7e\u015fitli aray\u0131\u015flar i\u00e7erisindelerdi. Ama topluma umut veremiyorlar, topluma heyecan veremiyorlar, topluma art\u0131k g\u00fczellik vaat edemiyorlar. Ancak bask\u0131yla, zorla bu i\u015fi yapmaya karar vermi\u015f gibi g\u00f6z\u00fck\u00fcyorlar. Buna kar\u015f\u0131 yap\u0131lacak tek \u015fey, hep birlikte durmakt\u0131r. \u015eunu da Ekrem Bey&#8217;in yan\u0131nda \u00f6zellikle ifade etmek istiyorum. Yani \u0130stanbul&#8217;dan bahsediyoruz arkada\u015flar. Sadece T\u00fcrkiye&#8217;nin de\u011fil, d\u00fcnyan\u0131n en k\u0131ymetli, say\u0131l\u0131 kentlerinden bir &hellip;","og_url":"http:\/\/denizcankizil.tr\/en\/haberler\/gundem\/kayyumlar-icin-en-basindan-tepki\/","og_site_name":"Av. Deniz Can K\u0131z\u0131l","article_published_time":"2024-11-09T13:41:57+00:00","twitter_card":"summary_large_image","twitter_misc":{"Estimated reading time":"2 minutes"},"schema":{"@context":"https:\/\/schema.org","@graph":[{"@type":"Article","@id":"http:\/\/denizcankizil.tr\/en\/haberler\/gundem\/kayyumlar-icin-en-basindan-tepki\/#article","isPartOf":{"@id":"http:\/\/denizcankizil.tr\/en\/haberler\/gundem\/kayyumlar-icin-en-basindan-tepki\/"},"author":{"name":"","@id":""},"headline":"Kayyumlar i\u00e7in en &#8216;Ba\u015f&#8217;\u0131ndan tepki","datePublished":"2024-11-09T13:41:57+00:00","mainEntityOfPage":{"@id":"http:\/\/denizcankizil.tr\/en\/haberler\/gundem\/kayyumlar-icin-en-basindan-tepki\/"},"wordCount":384,"commentCount":0,"publisher":{"@id":"https:\/\/denizcankizil.tr\/#organization"},"articleSection":["G\u00fcndem","Uncategorized"],"inLanguage":"en-GB","potentialAction":[{"@type":"CommentAction","name":"Comment","target":["http:\/\/denizcankizil.tr\/en\/haberler\/gundem\/kayyumlar-icin-en-basindan-tepki\/#respond"]}]},{"@type":"WebPage","@id":"http:\/\/denizcankizil.tr\/en\/haberler\/gundem\/kayyumlar-icin-en-basindan-tepki\/","url":"http:\/\/denizcankizil.tr\/en\/haberler\/gundem\/kayyumlar-icin-en-basindan-tepki\/","name":"Kayyumlar i\u00e7in en 'Ba\u015f'\u0131ndan tepki - Av. Deniz Can K\u0131z\u0131l","isPartOf":{"@id":"https:\/\/denizcankizil.tr\/#website"},"datePublished":"2024-11-09T13:41:57+00:00","breadcrumb":{"@id":"http:\/\/denizcankizil.tr\/en\/haberler\/gundem\/kayyumlar-icin-en-basindan-tepki\/#breadcrumb"},"inLanguage":"en-GB","potentialAction":[{"@type":"ReadAction","target":["http:\/\/denizcankizil.tr\/en\/haberler\/gundem\/kayyumlar-icin-en-basindan-tepki\/"]}]},{"@type":"BreadcrumbList","@id":"http:\/\/denizcankizil.tr\/en\/haberler\/gundem\/kayyumlar-icin-en-basindan-tepki\/#breadcrumb","itemListElement":[{"@type":"ListItem","position":1,"name":"Home","item":"https:\/\/denizcankizil.tr\/uk\/"},{"@type":"ListItem","position":2,"name":"Kayyumlar i\u00e7in en &#8216;Ba\u015f&#8217;\u0131ndan tepki"}]},{"@type":"WebSite","@id":"https:\/\/denizcankizil.tr\/#website","url":"https:\/\/denizcankizil.tr\/","name":"Av. Deniz Can K\u0131z\u0131l","description":"Avukat Deniz Can K\u0131z\u0131l Antalya Barosu","publisher":{"@id":"https:\/\/denizcankizil.tr\/#organization"},"potentialAction":[{"@type":"SearchAction","target":{"@type":"EntryPoint","urlTemplate":"https:\/\/denizcankizil.tr\/?s={search_term_string}"},"query-input":{"@type":"PropertyValueSpecification","valueRequired":true,"valueName":"search_term_string"}}],"inLanguage":"en-GB"},{"@type":"Organization","@id":"https:\/\/denizcankizil.tr\/#organization","name":"Av. Deniz Can K\u0131z\u0131l","url":"https:\/\/denizcankizil.tr\/","logo":{"@type":"ImageObject","inLanguage":"en-GB","@id":"https:\/\/denizcankizil.tr\/#\/schema\/logo\/image\/","url":"http:\/\/denizcankizil.tr\/wp-content\/uploads\/2024\/10\/siyah-logo-svg.svg","contentUrl":"http:\/\/denizcankizil.tr\/wp-content\/uploads\/2024\/10\/siyah-logo-svg.svg","width":1080,"height":1080,"caption":"Av. Deniz Can K\u0131z\u0131l"},"image":{"@id":"https:\/\/denizcankizil.tr\/#\/schema\/logo\/image\/"}}]}},"_links":{"self":[{"href":"http:\/\/denizcankizil.tr\/en\/wp-json\/wp\/v2\/posts\/15009","targetHints":{"allow":["GET"]}}],"collection":[{"href":"http:\/\/denizcankizil.tr\/en\/wp-json\/wp\/v2\/posts"}],"about":[{"href":"http:\/\/denizcankizil.tr\/en\/wp-json\/wp\/v2\/types\/post"}],"replies":[{"embeddable":true,"href":"http:\/\/denizcankizil.tr\/en\/wp-json\/wp\/v2\/comments?post=15009"}],"version-history":[{"count":0,"href":"http:\/\/denizcankizil.tr\/en\/wp-json\/wp\/v2\/posts\/15009\/revisions"}],"wp:attachment":[{"href":"http:\/\/denizcankizil.tr\/en\/wp-json\/wp\/v2\/media?parent=15009"}],"wp:term":[{"taxonomy":"category","embeddable":true,"href":"http:\/\/denizcankizil.tr\/en\/wp-json\/wp\/v2\/categories?post=15009"},{"taxonomy":"post_tag","embeddable":true,"href":"http:\/\/denizcankizil.tr\/en\/wp-json\/wp\/v2\/tags?post=15009"}],"curies":[{"name":"wp","href":"https:\/\/api.w.org\/{rel}","templated":true}]}}