{"id":149781,"date":"2025-07-18T13:41:15","date_gmt":"2025-07-18T10:41:15","guid":{"rendered":"https:\/\/denizcankizil.tr\/uncategorized-tr\/konakli-atiksu-aritma-tesisine-200-milyon-tllik-modernizasyon-yatirimi\/"},"modified":"2025-07-18T13:41:15","modified_gmt":"2025-07-18T10:41:15","slug":"konakli-atiksu-aritma-tesisine-200-milyon-tllik-modernizasyon-yatirimi","status":"publish","type":"post","link":"http:\/\/denizcankizil.tr\/en\/haberler\/antalya\/konakli-atiksu-aritma-tesisine-200-milyon-tllik-modernizasyon-yatirimi\/","title":{"rendered":"Konakl\u0131 At\u0131ksu Ar\u0131tma Tesisi\u2019ne 200 Milyon TL\u2019lik Modernizasyon Yat\u0131r\u0131m\u0131"},"content":{"rendered":"<p>Antalya B\u00fcy\u00fck\u015fehir Belediyesi ASAT Genel M\u00fcd\u00fcrl\u00fc\u011f\u00fc, artan n\u00fcfus ve turizm hareketlili\u011fine ba\u011fl\u0131 olarak Konakl\u0131 At\u0131ksu Ar\u0131tma Tesisi&#8217;nde modernizasyon \u00e7al\u0131\u015fmalar\u0131na ba\u015flad\u0131. 2007 y\u0131l\u0131nda hizmete al\u0131nan tesisin kapasitesini ve verimlili\u011fini art\u0131rmak amac\u0131yla ba\u015flat\u0131lan projenin yakla\u015f\u0131k 200 milyon TL&#8217;ye mal olmas\u0131 \u00f6ng\u00f6r\u00fcl\u00fcyor.<\/p>\n<p>B\u00fcy\u00fck\u015fehir Belediyesi ASAT Genel M\u00fcd\u00fcrl\u00fc\u011f\u00fc, ger\u00e7ekle\u015ftirdi\u011fi b\u00fcy\u00fck \u00f6l\u00e7ekli yat\u0131r\u0131mlarla kenti daha temiz, sa\u011fl\u0131kl\u0131 ve \u00e7evre dostu bir yap\u0131ya kavu\u015fturmay\u0131 hedefliyor. Bu do\u011frultuda, Konakl\u0131 At\u0131ksu Ar\u0131tma Tesisi&#8217;nde ba\u015flat\u0131lan kapasite art\u0131r\u0131m\u0131 \u00e7al\u0131\u015fmalar\u0131 t\u00fcm h\u0131z\u0131yla s\u00fcr\u00fcyor.<\/p>\n<p>TES\u0130S\u0130N VER\u0130ML\u0130L\u0130\u011e\u0130 VE \u00c7EVREYE OLUMLU ETK\u0130S\u0130 ARTIRILIYOR<\/p>\n<p>Proje kapsam\u0131nda, 30.000 m\u00b3\/g\u00fcn kapasiteli Konakl\u0131 At\u0131ksu Ar\u0131tma Tesisi&#8217;nin havaland\u0131rma havuzlar\u0131nda iyile\u015ftirme ve rehabilitasyon \u00e7al\u0131\u015fmalar\u0131 ger\u00e7ekle\u015ftirilecek. Ayr\u0131ca, \u00e7evrede rahats\u0131zl\u0131k olu\u015fturan k\u00f6t\u00fc kokular\u0131n \u00f6n\u00fcne ge\u00e7mek amac\u0131yla \u00f6n ar\u0131tma \u00fcnitesi, modern koku giderme sistemleriyle donat\u0131lacak. Yap\u0131lacak yap\u0131sal iyile\u015ftirmeler sayesinde tesis, hem \u00e7evre hem de halk sa\u011fl\u0131\u011f\u0131 a\u00e7\u0131s\u0131ndan daha etkin ve s\u00fcrd\u00fcr\u00fclebilir \u015fekilde hizmet verecek.<\/p>\n<p>S\u00dcRD\u00dcR\u00dcLEB\u0130L\u0130R ALTYAPI \u0130LE GELECE\u011eE YATIRIM<\/p>\n<p>Yap\u0131lacak modernizasyon \u00e7al\u0131\u015fmalar\u0131n\u0131n yakla\u015f\u0131k 200 milyon TL&#8217;lik bir yat\u0131r\u0131mla hayata ge\u00e7irilmesi planlan\u0131yor. ASAT yetkilileri, bu projenin sadece mevcut sorunlara \u00e7\u00f6z\u00fcm sunmakla kalmay\u0131p, ayn\u0131 zamanda gelecekteki n\u00fcfus art\u0131\u015f\u0131na da haz\u0131rl\u0131kl\u0131 bir altyap\u0131 sa\u011flayaca\u011f\u0131n\u0131 belirtti. Proje tamamland\u0131\u011f\u0131nda Konakl\u0131 b\u00f6lgesinin \u00e7evresel s\u00fcrd\u00fcr\u00fclebilirli\u011fine b\u00fcy\u00fck katk\u0131 sunmas\u0131 bekleniyor.<\/p>\n<p>Kaynak: www.kanalv.com.tr Haber Sitesinden Al\u0131nm\u0131\u015ft\u0131r.<\/p>","protected":false},"excerpt":{"rendered":"<p>Antalya B\u00fcy\u00fck\u015fehir Belediyesi ASAT Genel M\u00fcd\u00fcrl\u00fc\u011f\u00fc, artan n\u00fcfus ve turizm hareketlili\u011fine ba\u011fl\u0131 olarak Konakl\u0131 At\u0131ksu Ar\u0131tma Tesisi&#8217;nde modernizasyon \u00e7al\u0131\u015fmalar\u0131na ba\u015flad\u0131. 2007 y\u0131l\u0131nda hizmete al\u0131nan tesisin kapasitesini ve verimlili\u011fini art\u0131rmak amac\u0131yla ba\u015flat\u0131lan projenin yakla\u015f\u0131k 200 milyon TL&#8217;ye mal olmas\u0131 \u00f6ng\u00f6r\u00fcl\u00fcyor. B\u00fcy\u00fck\u015fehir Belediyesi ASAT Genel M\u00fcd\u00fcrl\u00fc\u011f\u00fc, ger\u00e7ekle\u015ftirdi\u011fi b\u00fcy\u00fck \u00f6l\u00e7ekli yat\u0131r\u0131mlarla kenti daha temiz, sa\u011fl\u0131kl\u0131 ve \u00e7evre dostu bir yap\u0131ya kavu\u015fturmay\u0131 hedefliyor. Bu do\u011frultuda, Konakl\u0131 At\u0131ksu Ar\u0131tma Tesisi&#8217;nde ba\u015flat\u0131lan kapasite art\u0131r\u0131m\u0131 \u00e7al\u0131\u015fmalar\u0131 t\u00fcm h\u0131z\u0131yla s\u00fcr\u00fcyor. TES\u0130S\u0130N VER\u0130ML\u0130L\u0130\u011e\u0130 VE \u00c7EVREYE OLUMLU ETK\u0130S\u0130 ARTIRILIYOR Proje kapsam\u0131nda, 30.000 m\u00b3\/g\u00fcn kapasiteli Konakl\u0131 At\u0131ksu Ar\u0131tma Tesisi&#8217;nin havaland\u0131rma havuzlar\u0131nda iyile\u015ftirme ve rehabilitasyon \u00e7al\u0131\u015fmalar\u0131 ger\u00e7ekle\u015ftirilecek. Ayr\u0131ca, \u00e7evrede rahats\u0131zl\u0131k olu\u015fturan k\u00f6t\u00fc kokular\u0131n \u00f6n\u00fcne ge\u00e7mek amac\u0131yla \u00f6n ar\u0131tma \u00fcnitesi, modern koku giderme sistemleriyle donat\u0131lacak. Yap\u0131lacak yap\u0131sal iyile\u015ftirmeler sayesinde tesis, hem \u00e7evre hem de halk sa\u011fl\u0131\u011f\u0131 a\u00e7\u0131s\u0131ndan daha etkin ve s\u00fcrd\u00fcr\u00fclebilir \u015fekilde hizmet verecek. S\u00dcRD\u00dcR\u00dcLEB\u0130L\u0130R ALTYAPI \u0130LE GELECE\u011eE YATIRIM Yap\u0131lacak modernizasyon \u00e7al\u0131\u015fmalar\u0131n\u0131n yakla\u015f\u0131k 200 milyon TL&#8217;lik bir yat\u0131r\u0131mla hayata ge\u00e7irilmesi planlan\u0131yor. ASAT yetkilileri, bu projenin sadece mevcut sorunlara \u00e7\u00f6z\u00fcm sunmakla kalmay\u0131p, ayn\u0131 zamanda gelecekteki n\u00fcfus art\u0131\u015f\u0131na da haz\u0131rl\u0131kl\u0131 bir altyap\u0131 sa\u011flayaca\u011f\u0131n\u0131 belirtti. Proje tamamland\u0131\u011f\u0131nda Konakl\u0131 b\u00f6lgesinin \u00e7evresel s\u00fcrd\u00fcr\u00fclebilirli\u011fine b\u00fcy\u00fck katk\u0131 sunmas\u0131 bekleniyor. Kaynak: www.kanalv.com.tr Haber Sitesinden Al\u0131nm\u0131\u015ft\u0131r.<\/p>","protected":false},"author":4,"featured_media":149782,"comment_status":"","ping_status":"open","sticky":false,"template":"","format":"standard","meta":{"_acf_changed":false,"footnotes":""},"categories":[26],"tags":[],"class_list":["post-149781","post","type-post","status-publish","format-standard","has-post-thumbnail","hentry","category-antalya"],"acf":[],"yoast_head":"<!-- This site is optimized with the Yoast SEO Premium plugin v26.6 (Yoast SEO v27.1.1) - https:\/\/yoast.com\/product\/yoast-seo-premium-wordpress\/ -->\n<title>Konakl\u0131 At\u0131ksu Ar\u0131tma Tesisi\u2019ne 200 Milyon TL\u2019lik Modernizasyon Yat\u0131r\u0131m\u0131 - Av. Deniz Can K\u0131z\u0131l<\/title>\n<meta name=\"robots\" content=\"index, follow, max-snippet:-1, max-image-preview:large, max-video-preview:-1\" \/>\n<link rel=\"canonical\" href=\"https:\/\/denizcankizil.tr\/en\/haberler\/antalya\/konakli-atiksu-aritma-tesisine-200-milyon-tllik-modernizasyon-yatirimi\/\" \/>\n<meta property=\"og:locale\" content=\"en_GB\" \/>\n<meta property=\"og:type\" content=\"article\" \/>\n<meta property=\"og:title\" content=\"Konakl\u0131 At\u0131ksu Ar\u0131tma Tesisi\u2019ne 200 Milyon TL\u2019lik Modernizasyon Yat\u0131r\u0131m\u0131\" \/>\n<meta property=\"og:description\" content=\"Antalya B\u00fcy\u00fck\u015fehir Belediyesi ASAT Genel M\u00fcd\u00fcrl\u00fc\u011f\u00fc, artan n\u00fcfus ve turizm hareketlili\u011fine ba\u011fl\u0131 olarak Konakl\u0131 At\u0131ksu Ar\u0131tma Tesisi&#8217;nde modernizasyon \u00e7al\u0131\u015fmalar\u0131na ba\u015flad\u0131. 2007 y\u0131l\u0131nda hizmete al\u0131nan tesisin kapasitesini ve verimlili\u011fini art\u0131rmak amac\u0131yla ba\u015flat\u0131lan projenin yakla\u015f\u0131k 200 milyon TL&#8217;ye mal olmas\u0131 \u00f6ng\u00f6r\u00fcl\u00fcyor. B\u00fcy\u00fck\u015fehir Belediyesi ASAT Genel M\u00fcd\u00fcrl\u00fc\u011f\u00fc, ger\u00e7ekle\u015ftirdi\u011fi b\u00fcy\u00fck \u00f6l\u00e7ekli yat\u0131r\u0131mlarla kenti daha temiz, sa\u011fl\u0131kl\u0131 ve \u00e7evre dostu bir yap\u0131ya kavu\u015fturmay\u0131 hedefliyor. Bu do\u011frultuda, Konakl\u0131 At\u0131ksu Ar\u0131tma Tesisi&#8217;nde ba\u015flat\u0131lan kapasite art\u0131r\u0131m\u0131 \u00e7al\u0131\u015fmalar\u0131 t\u00fcm h\u0131z\u0131yla s\u00fcr\u00fcyor. TES\u0130S\u0130N VER\u0130ML\u0130L\u0130\u011e\u0130 VE \u00c7EVREYE OLUMLU ETK\u0130S\u0130 ARTIRILIYOR Proje kapsam\u0131nda, 30.000 m\u00b3\/g\u00fcn kapasiteli Konakl\u0131 At\u0131ksu Ar\u0131tma Tesisi&#8217;nin havaland\u0131rma havuzlar\u0131nda iyile\u015ftirme ve rehabilitasyon \u00e7al\u0131\u015fmalar\u0131 ger\u00e7ekle\u015ftirilecek. Ayr\u0131ca, \u00e7evrede rahats\u0131zl\u0131k olu\u015fturan k\u00f6t\u00fc kokular\u0131n \u00f6n\u00fcne ge\u00e7mek amac\u0131yla \u00f6n ar\u0131tma \u00fcnitesi, modern koku giderme sistemleriyle donat\u0131lacak. Yap\u0131lacak yap\u0131sal iyile\u015ftirmeler sayesinde tesis, hem \u00e7evre hem de halk sa\u011fl\u0131\u011f\u0131 a\u00e7\u0131s\u0131ndan daha etkin ve s\u00fcrd\u00fcr\u00fclebilir \u015fekilde hizmet verecek. S\u00dcRD\u00dcR\u00dcLEB\u0130L\u0130R ALTYAPI \u0130LE GELECE\u011eE YATIRIM Yap\u0131lacak modernizasyon \u00e7al\u0131\u015fmalar\u0131n\u0131n yakla\u015f\u0131k 200 milyon TL&#8217;lik bir yat\u0131r\u0131mla hayata ge\u00e7irilmesi planlan\u0131yor. ASAT yetkilileri, bu projenin sadece mevcut sorunlara \u00e7\u00f6z\u00fcm sunmakla kalmay\u0131p, ayn\u0131 zamanda gelecekteki n\u00fcfus art\u0131\u015f\u0131na da haz\u0131rl\u0131kl\u0131 bir altyap\u0131 sa\u011flayaca\u011f\u0131n\u0131 belirtti. Proje tamamland\u0131\u011f\u0131nda Konakl\u0131 b\u00f6lgesinin \u00e7evresel s\u00fcrd\u00fcr\u00fclebilirli\u011fine b\u00fcy\u00fck katk\u0131 sunmas\u0131 bekleniyor. Kaynak: www.kanalv.com.tr Haber Sitesinden Al\u0131nm\u0131\u015ft\u0131r.\" \/>\n<meta property=\"og:url\" content=\"https:\/\/denizcankizil.tr\/en\/haberler\/antalya\/konakli-atiksu-aritma-tesisine-200-milyon-tllik-modernizasyon-yatirimi\/\" \/>\n<meta property=\"og:site_name\" content=\"Av. Deniz Can K\u0131z\u0131l\" \/>\n<meta property=\"article:published_time\" content=\"2025-07-18T10:41:15+00:00\" \/>\n<meta property=\"og:image\" content=\"https:\/\/denizcankizil.tr\/wp-content\/uploads\/2025\/07\/k-o-n-a-k-l-i-a-t-i-k-s-u-a-r-i-t-m-a-t-e-s-i-s-i-n-e-200-m-i-l-y-821590-243397-p6prWT.jpg\" \/>\n\t<meta property=\"og:image:width\" content=\"1280\" \/>\n\t<meta property=\"og:image:height\" content=\"720\" \/>\n\t<meta property=\"og:image:type\" content=\"image\/jpeg\" \/>\n<meta name=\"author\" content=\"Av. Deniz Can K\u0131z\u0131l\" \/>\n<meta name=\"twitter:card\" content=\"summary_large_image\" \/>\n<meta name=\"twitter:label1\" content=\"Written by\" \/>\n\t<meta name=\"twitter:data1\" content=\"Av. Deniz Can K\u0131z\u0131l\" \/>\n\t<meta name=\"twitter:label2\" content=\"Estimated reading time\" \/>\n\t<meta name=\"twitter:data2\" content=\"2 minutes\" \/>\n<script type=\"application\/ld+json\" class=\"yoast-schema-graph\">{\"@context\":\"https:\/\/schema.org\",\"@graph\":[{\"@type\":\"Article\",\"@id\":\"https:\/\/denizcankizil.tr\/uk\/haberler\/antalya\/konakli-atiksu-aritma-tesisine-200-milyon-tllik-modernizasyon-yatirimi\/#article\",\"isPartOf\":{\"@id\":\"https:\/\/denizcankizil.tr\/uk\/haberler\/antalya\/konakli-atiksu-aritma-tesisine-200-milyon-tllik-modernizasyon-yatirimi\/\"},\"author\":{\"name\":\"Av. Deniz Can K\u0131z\u0131l\",\"@id\":\"https:\/\/denizcankizil.tr\/de\/#\/schema\/person\/5dc1b22991bd7ac833867c10afc9b0ff\"},\"headline\":\"Konakl\u0131 At\u0131ksu Ar\u0131tma Tesisi\u2019ne 200 Milyon TL\u2019lik Modernizasyon Yat\u0131r\u0131m\u0131\",\"datePublished\":\"2025-07-18T10:41:15+00:00\",\"mainEntityOfPage\":{\"@id\":\"https:\/\/denizcankizil.tr\/uk\/haberler\/antalya\/konakli-atiksu-aritma-tesisine-200-milyon-tllik-modernizasyon-yatirimi\/\"},\"wordCount\":327,\"publisher\":{\"@id\":\"https:\/\/denizcankizil.tr\/de\/#organization\"},\"image\":{\"@id\":\"https:\/\/denizcankizil.tr\/uk\/haberler\/antalya\/konakli-atiksu-aritma-tesisine-200-milyon-tllik-modernizasyon-yatirimi\/#primaryimage\"},\"thumbnailUrl\":\"http:\/\/denizcankizil.tr\/wp-content\/uploads\/2025\/07\/k-o-n-a-k-l-i-a-t-i-k-s-u-a-r-i-t-m-a-t-e-s-i-s-i-n-e-200-m-i-l-y-821590-243397-p6prWT.jpg\",\"articleSection\":[\"Antalya\"],\"inLanguage\":\"en-GB\"},{\"@type\":\"WebPage\",\"@id\":\"https:\/\/denizcankizil.tr\/uk\/haberler\/antalya\/konakli-atiksu-aritma-tesisine-200-milyon-tllik-modernizasyon-yatirimi\/\",\"url\":\"https:\/\/denizcankizil.tr\/uk\/haberler\/antalya\/konakli-atiksu-aritma-tesisine-200-milyon-tllik-modernizasyon-yatirimi\/\",\"name\":\"Konakl\u0131 At\u0131ksu Ar\u0131tma Tesisi\u2019ne 200 Milyon TL\u2019lik Modernizasyon Yat\u0131r\u0131m\u0131 - Av. Deniz Can K\u0131z\u0131l\",\"isPartOf\":{\"@id\":\"https:\/\/denizcankizil.tr\/de\/#website\"},\"primaryImageOfPage\":{\"@id\":\"https:\/\/denizcankizil.tr\/uk\/haberler\/antalya\/konakli-atiksu-aritma-tesisine-200-milyon-tllik-modernizasyon-yatirimi\/#primaryimage\"},\"image\":{\"@id\":\"https:\/\/denizcankizil.tr\/uk\/haberler\/antalya\/konakli-atiksu-aritma-tesisine-200-milyon-tllik-modernizasyon-yatirimi\/#primaryimage\"},\"thumbnailUrl\":\"http:\/\/denizcankizil.tr\/wp-content\/uploads\/2025\/07\/k-o-n-a-k-l-i-a-t-i-k-s-u-a-r-i-t-m-a-t-e-s-i-s-i-n-e-200-m-i-l-y-821590-243397-p6prWT.jpg\",\"datePublished\":\"2025-07-18T10:41:15+00:00\",\"breadcrumb\":{\"@id\":\"https:\/\/denizcankizil.tr\/uk\/haberler\/antalya\/konakli-atiksu-aritma-tesisine-200-milyon-tllik-modernizasyon-yatirimi\/#breadcrumb\"},\"inLanguage\":\"en-GB\",\"potentialAction\":[{\"@type\":\"ReadAction\",\"target\":[\"https:\/\/denizcankizil.tr\/uk\/haberler\/antalya\/konakli-atiksu-aritma-tesisine-200-milyon-tllik-modernizasyon-yatirimi\/\"]}]},{\"@type\":\"ImageObject\",\"inLanguage\":\"en-GB\",\"@id\":\"https:\/\/denizcankizil.tr\/uk\/haberler\/antalya\/konakli-atiksu-aritma-tesisine-200-milyon-tllik-modernizasyon-yatirimi\/#primaryimage\",\"url\":\"http:\/\/denizcankizil.tr\/wp-content\/uploads\/2025\/07\/k-o-n-a-k-l-i-a-t-i-k-s-u-a-r-i-t-m-a-t-e-s-i-s-i-n-e-200-m-i-l-y-821590-243397-p6prWT.jpg\",\"contentUrl\":\"http:\/\/denizcankizil.tr\/wp-content\/uploads\/2025\/07\/k-o-n-a-k-l-i-a-t-i-k-s-u-a-r-i-t-m-a-t-e-s-i-s-i-n-e-200-m-i-l-y-821590-243397-p6prWT.jpg\",\"width\":1280,\"height\":720},{\"@type\":\"BreadcrumbList\",\"@id\":\"https:\/\/denizcankizil.tr\/uk\/haberler\/antalya\/konakli-atiksu-aritma-tesisine-200-milyon-tllik-modernizasyon-yatirimi\/#breadcrumb\",\"itemListElement\":[{\"@type\":\"ListItem\",\"position\":1,\"name\":\"Home\",\"item\":\"https:\/\/denizcankizil.tr\/de\/\"},{\"@type\":\"ListItem\",\"position\":2,\"name\":\"Konakl\u0131 At\u0131ksu Ar\u0131tma Tesisi\u2019ne 200 Milyon TL\u2019lik Modernizasyon Yat\u0131r\u0131m\u0131\"}]},{\"@type\":\"WebSite\",\"@id\":\"https:\/\/denizcankizil.tr\/de\/#website\",\"url\":\"https:\/\/denizcankizil.tr\/de\/\",\"name\":\"Av. Deniz Can K\u0131z\u0131l\",\"description\":\"Avukat Deniz Can K\u0131z\u0131l Antalya Barosu\",\"publisher\":{\"@id\":\"https:\/\/denizcankizil.tr\/de\/#organization\"},\"potentialAction\":[{\"@type\":\"SearchAction\",\"target\":{\"@type\":\"EntryPoint\",\"urlTemplate\":\"https:\/\/denizcankizil.tr\/de\/?s={search_term_string}\"},\"query-input\":{\"@type\":\"PropertyValueSpecification\",\"valueRequired\":true,\"valueName\":\"search_term_string\"}}],\"inLanguage\":\"en-GB\"},{\"@type\":\"Organization\",\"@id\":\"https:\/\/denizcankizil.tr\/de\/#organization\",\"name\":\"Av. Deniz Can K\u0131z\u0131l\",\"url\":\"https:\/\/denizcankizil.tr\/de\/\",\"logo\":{\"@type\":\"ImageObject\",\"inLanguage\":\"en-GB\",\"@id\":\"https:\/\/denizcankizil.tr\/de\/#\/schema\/logo\/image\/\",\"url\":\"http:\/\/denizcankizil.tr\/wp-content\/uploads\/2024\/10\/siyah-logo-svg.svg\",\"contentUrl\":\"http:\/\/denizcankizil.tr\/wp-content\/uploads\/2024\/10\/siyah-logo-svg.svg\",\"width\":1080,\"height\":1080,\"caption\":\"Av. Deniz Can K\u0131z\u0131l\"},\"image\":{\"@id\":\"https:\/\/denizcankizil.tr\/de\/#\/schema\/logo\/image\/\"}},{\"@type\":\"Person\",\"@id\":\"https:\/\/denizcankizil.tr\/de\/#\/schema\/person\/5dc1b22991bd7ac833867c10afc9b0ff\",\"name\":\"Av. Deniz Can K\u0131z\u0131l\",\"image\":{\"@type\":\"ImageObject\",\"inLanguage\":\"en-GB\",\"@id\":\"https:\/\/denizcankizil.tr\/de\/#\/schema\/person\/image\/\",\"url\":\"https:\/\/secure.gravatar.com\/avatar\/a0b128fb9855c79efc976d5640eedb31dc35ec297594d6016d2cf7c60e975bb6?s=96&d=mm&r=g\",\"contentUrl\":\"https:\/\/secure.gravatar.com\/avatar\/a0b128fb9855c79efc976d5640eedb31dc35ec297594d6016d2cf7c60e975bb6?s=96&d=mm&r=g\",\"caption\":\"Av. Deniz Can K\u0131z\u0131l\"},\"sameAs\":[\"http:\/\/www.denizcankizil.tr\"],\"url\":\"http:\/\/denizcankizil.tr\/en\/author\/denizcankizil\/\"}]}<\/script>\n<!-- \/ Yoast SEO Premium plugin. -->","yoast_head_json":{"title":"Konakl\u0131 At\u0131ksu Ar\u0131tma Tesisi\u2019ne 200 Milyon TL\u2019lik Modernizasyon Yat\u0131r\u0131m\u0131 - Av. Deniz Can K\u0131z\u0131l","robots":{"index":"index","follow":"follow","max-snippet":"max-snippet:-1","max-image-preview":"max-image-preview:large","max-video-preview":"max-video-preview:-1"},"canonical":"https:\/\/denizcankizil.tr\/en\/haberler\/antalya\/konakli-atiksu-aritma-tesisine-200-milyon-tllik-modernizasyon-yatirimi\/","og_locale":"en_GB","og_type":"article","og_title":"Konakl\u0131 At\u0131ksu Ar\u0131tma Tesisi\u2019ne 200 Milyon TL\u2019lik Modernizasyon Yat\u0131r\u0131m\u0131","og_description":"Antalya B\u00fcy\u00fck\u015fehir Belediyesi ASAT Genel M\u00fcd\u00fcrl\u00fc\u011f\u00fc, artan n\u00fcfus ve turizm hareketlili\u011fine ba\u011fl\u0131 olarak Konakl\u0131 At\u0131ksu Ar\u0131tma Tesisi&#8217;nde modernizasyon \u00e7al\u0131\u015fmalar\u0131na ba\u015flad\u0131. 2007 y\u0131l\u0131nda hizmete al\u0131nan tesisin kapasitesini ve verimlili\u011fini art\u0131rmak amac\u0131yla ba\u015flat\u0131lan projenin yakla\u015f\u0131k 200 milyon TL&#8217;ye mal olmas\u0131 \u00f6ng\u00f6r\u00fcl\u00fcyor. B\u00fcy\u00fck\u015fehir Belediyesi ASAT Genel M\u00fcd\u00fcrl\u00fc\u011f\u00fc, ger\u00e7ekle\u015ftirdi\u011fi b\u00fcy\u00fck \u00f6l\u00e7ekli yat\u0131r\u0131mlarla kenti daha temiz, sa\u011fl\u0131kl\u0131 ve \u00e7evre dostu bir yap\u0131ya kavu\u015fturmay\u0131 hedefliyor. Bu do\u011frultuda, Konakl\u0131 At\u0131ksu Ar\u0131tma Tesisi&#8217;nde ba\u015flat\u0131lan kapasite art\u0131r\u0131m\u0131 \u00e7al\u0131\u015fmalar\u0131 t\u00fcm h\u0131z\u0131yla s\u00fcr\u00fcyor. TES\u0130S\u0130N VER\u0130ML\u0130L\u0130\u011e\u0130 VE \u00c7EVREYE OLUMLU ETK\u0130S\u0130 ARTIRILIYOR Proje kapsam\u0131nda, 30.000 m\u00b3\/g\u00fcn kapasiteli Konakl\u0131 At\u0131ksu Ar\u0131tma Tesisi&#8217;nin havaland\u0131rma havuzlar\u0131nda iyile\u015ftirme ve rehabilitasyon \u00e7al\u0131\u015fmalar\u0131 ger\u00e7ekle\u015ftirilecek. Ayr\u0131ca, \u00e7evrede rahats\u0131zl\u0131k olu\u015fturan k\u00f6t\u00fc kokular\u0131n \u00f6n\u00fcne ge\u00e7mek amac\u0131yla \u00f6n ar\u0131tma \u00fcnitesi, modern koku giderme sistemleriyle donat\u0131lacak. Yap\u0131lacak yap\u0131sal iyile\u015ftirmeler sayesinde tesis, hem \u00e7evre hem de halk sa\u011fl\u0131\u011f\u0131 a\u00e7\u0131s\u0131ndan daha etkin ve s\u00fcrd\u00fcr\u00fclebilir \u015fekilde hizmet verecek. S\u00dcRD\u00dcR\u00dcLEB\u0130L\u0130R ALTYAPI \u0130LE GELECE\u011eE YATIRIM Yap\u0131lacak modernizasyon \u00e7al\u0131\u015fmalar\u0131n\u0131n yakla\u015f\u0131k 200 milyon TL&#8217;lik bir yat\u0131r\u0131mla hayata ge\u00e7irilmesi planlan\u0131yor. ASAT yetkilileri, bu projenin sadece mevcut sorunlara \u00e7\u00f6z\u00fcm sunmakla kalmay\u0131p, ayn\u0131 zamanda gelecekteki n\u00fcfus art\u0131\u015f\u0131na da haz\u0131rl\u0131kl\u0131 bir altyap\u0131 sa\u011flayaca\u011f\u0131n\u0131 belirtti. Proje tamamland\u0131\u011f\u0131nda Konakl\u0131 b\u00f6lgesinin \u00e7evresel s\u00fcrd\u00fcr\u00fclebilirli\u011fine b\u00fcy\u00fck katk\u0131 sunmas\u0131 bekleniyor. Kaynak: www.kanalv.com.tr Haber Sitesinden Al\u0131nm\u0131\u015ft\u0131r.","og_url":"https:\/\/denizcankizil.tr\/en\/haberler\/antalya\/konakli-atiksu-aritma-tesisine-200-milyon-tllik-modernizasyon-yatirimi\/","og_site_name":"Av. Deniz Can K\u0131z\u0131l","article_published_time":"2025-07-18T10:41:15+00:00","og_image":[{"width":1280,"height":720,"url":"https:\/\/denizcankizil.tr\/wp-content\/uploads\/2025\/07\/k-o-n-a-k-l-i-a-t-i-k-s-u-a-r-i-t-m-a-t-e-s-i-s-i-n-e-200-m-i-l-y-821590-243397-p6prWT.jpg","type":"image\/jpeg"}],"author":"Av. Deniz Can K\u0131z\u0131l","twitter_card":"summary_large_image","twitter_misc":{"Written by":"Av. Deniz Can K\u0131z\u0131l","Estimated reading time":"2 minutes"},"schema":{"@context":"https:\/\/schema.org","@graph":[{"@type":"Article","@id":"https:\/\/denizcankizil.tr\/uk\/haberler\/antalya\/konakli-atiksu-aritma-tesisine-200-milyon-tllik-modernizasyon-yatirimi\/#article","isPartOf":{"@id":"https:\/\/denizcankizil.tr\/uk\/haberler\/antalya\/konakli-atiksu-aritma-tesisine-200-milyon-tllik-modernizasyon-yatirimi\/"},"author":{"name":"Av. Deniz Can K\u0131z\u0131l","@id":"https:\/\/denizcankizil.tr\/de\/#\/schema\/person\/5dc1b22991bd7ac833867c10afc9b0ff"},"headline":"Konakl\u0131 At\u0131ksu Ar\u0131tma Tesisi\u2019ne 200 Milyon TL\u2019lik Modernizasyon Yat\u0131r\u0131m\u0131","datePublished":"2025-07-18T10:41:15+00:00","mainEntityOfPage":{"@id":"https:\/\/denizcankizil.tr\/uk\/haberler\/antalya\/konakli-atiksu-aritma-tesisine-200-milyon-tllik-modernizasyon-yatirimi\/"},"wordCount":327,"publisher":{"@id":"https:\/\/denizcankizil.tr\/de\/#organization"},"image":{"@id":"https:\/\/denizcankizil.tr\/uk\/haberler\/antalya\/konakli-atiksu-aritma-tesisine-200-milyon-tllik-modernizasyon-yatirimi\/#primaryimage"},"thumbnailUrl":"http:\/\/denizcankizil.tr\/wp-content\/uploads\/2025\/07\/k-o-n-a-k-l-i-a-t-i-k-s-u-a-r-i-t-m-a-t-e-s-i-s-i-n-e-200-m-i-l-y-821590-243397-p6prWT.jpg","articleSection":["Antalya"],"inLanguage":"en-GB"},{"@type":"WebPage","@id":"https:\/\/denizcankizil.tr\/uk\/haberler\/antalya\/konakli-atiksu-aritma-tesisine-200-milyon-tllik-modernizasyon-yatirimi\/","url":"https:\/\/denizcankizil.tr\/uk\/haberler\/antalya\/konakli-atiksu-aritma-tesisine-200-milyon-tllik-modernizasyon-yatirimi\/","name":"Konakl\u0131 At\u0131ksu Ar\u0131tma Tesisi\u2019ne 200 Milyon TL\u2019lik Modernizasyon Yat\u0131r\u0131m\u0131 - Av. Deniz Can K\u0131z\u0131l","isPartOf":{"@id":"https:\/\/denizcankizil.tr\/de\/#website"},"primaryImageOfPage":{"@id":"https:\/\/denizcankizil.tr\/uk\/haberler\/antalya\/konakli-atiksu-aritma-tesisine-200-milyon-tllik-modernizasyon-yatirimi\/#primaryimage"},"image":{"@id":"https:\/\/denizcankizil.tr\/uk\/haberler\/antalya\/konakli-atiksu-aritma-tesisine-200-milyon-tllik-modernizasyon-yatirimi\/#primaryimage"},"thumbnailUrl":"http:\/\/denizcankizil.tr\/wp-content\/uploads\/2025\/07\/k-o-n-a-k-l-i-a-t-i-k-s-u-a-r-i-t-m-a-t-e-s-i-s-i-n-e-200-m-i-l-y-821590-243397-p6prWT.jpg","datePublished":"2025-07-18T10:41:15+00:00","breadcrumb":{"@id":"https:\/\/denizcankizil.tr\/uk\/haberler\/antalya\/konakli-atiksu-aritma-tesisine-200-milyon-tllik-modernizasyon-yatirimi\/#breadcrumb"},"inLanguage":"en-GB","potentialAction":[{"@type":"ReadAction","target":["https:\/\/denizcankizil.tr\/uk\/haberler\/antalya\/konakli-atiksu-aritma-tesisine-200-milyon-tllik-modernizasyon-yatirimi\/"]}]},{"@type":"ImageObject","inLanguage":"en-GB","@id":"https:\/\/denizcankizil.tr\/uk\/haberler\/antalya\/konakli-atiksu-aritma-tesisine-200-milyon-tllik-modernizasyon-yatirimi\/#primaryimage","url":"http:\/\/denizcankizil.tr\/wp-content\/uploads\/2025\/07\/k-o-n-a-k-l-i-a-t-i-k-s-u-a-r-i-t-m-a-t-e-s-i-s-i-n-e-200-m-i-l-y-821590-243397-p6prWT.jpg","contentUrl":"http:\/\/denizcankizil.tr\/wp-content\/uploads\/2025\/07\/k-o-n-a-k-l-i-a-t-i-k-s-u-a-r-i-t-m-a-t-e-s-i-s-i-n-e-200-m-i-l-y-821590-243397-p6prWT.jpg","width":1280,"height":720},{"@type":"BreadcrumbList","@id":"https:\/\/denizcankizil.tr\/uk\/haberler\/antalya\/konakli-atiksu-aritma-tesisine-200-milyon-tllik-modernizasyon-yatirimi\/#breadcrumb","itemListElement":[{"@type":"ListItem","position":1,"name":"Home","item":"https:\/\/denizcankizil.tr\/de\/"},{"@type":"ListItem","position":2,"name":"Konakl\u0131 At\u0131ksu Ar\u0131tma Tesisi\u2019ne 200 Milyon TL\u2019lik Modernizasyon Yat\u0131r\u0131m\u0131"}]},{"@type":"WebSite","@id":"https:\/\/denizcankizil.tr\/de\/#website","url":"https:\/\/denizcankizil.tr\/de\/","name":"Av. Deniz Can K\u0131z\u0131l","description":"Avukat Deniz Can K\u0131z\u0131l Antalya Barosu","publisher":{"@id":"https:\/\/denizcankizil.tr\/de\/#organization"},"potentialAction":[{"@type":"SearchAction","target":{"@type":"EntryPoint","urlTemplate":"https:\/\/denizcankizil.tr\/de\/?s={search_term_string}"},"query-input":{"@type":"PropertyValueSpecification","valueRequired":true,"valueName":"search_term_string"}}],"inLanguage":"en-GB"},{"@type":"Organization","@id":"https:\/\/denizcankizil.tr\/de\/#organization","name":"Av. Deniz Can K\u0131z\u0131l","url":"https:\/\/denizcankizil.tr\/de\/","logo":{"@type":"ImageObject","inLanguage":"en-GB","@id":"https:\/\/denizcankizil.tr\/de\/#\/schema\/logo\/image\/","url":"http:\/\/denizcankizil.tr\/wp-content\/uploads\/2024\/10\/siyah-logo-svg.svg","contentUrl":"http:\/\/denizcankizil.tr\/wp-content\/uploads\/2024\/10\/siyah-logo-svg.svg","width":1080,"height":1080,"caption":"Av. Deniz Can K\u0131z\u0131l"},"image":{"@id":"https:\/\/denizcankizil.tr\/de\/#\/schema\/logo\/image\/"}},{"@type":"Person","@id":"https:\/\/denizcankizil.tr\/de\/#\/schema\/person\/5dc1b22991bd7ac833867c10afc9b0ff","name":"Av. Deniz Can K\u0131z\u0131l","image":{"@type":"ImageObject","inLanguage":"en-GB","@id":"https:\/\/denizcankizil.tr\/de\/#\/schema\/person\/image\/","url":"https:\/\/secure.gravatar.com\/avatar\/a0b128fb9855c79efc976d5640eedb31dc35ec297594d6016d2cf7c60e975bb6?s=96&d=mm&r=g","contentUrl":"https:\/\/secure.gravatar.com\/avatar\/a0b128fb9855c79efc976d5640eedb31dc35ec297594d6016d2cf7c60e975bb6?s=96&d=mm&r=g","caption":"Av. Deniz Can K\u0131z\u0131l"},"sameAs":["http:\/\/www.denizcankizil.tr"],"url":"http:\/\/denizcankizil.tr\/en\/author\/denizcankizil\/"}]}},"_links":{"self":[{"href":"http:\/\/denizcankizil.tr\/en\/wp-json\/wp\/v2\/posts\/149781","targetHints":{"allow":["GET"]}}],"collection":[{"href":"http:\/\/denizcankizil.tr\/en\/wp-json\/wp\/v2\/posts"}],"about":[{"href":"http:\/\/denizcankizil.tr\/en\/wp-json\/wp\/v2\/types\/post"}],"author":[{"embeddable":true,"href":"http:\/\/denizcankizil.tr\/en\/wp-json\/wp\/v2\/users\/4"}],"replies":[{"embeddable":true,"href":"http:\/\/denizcankizil.tr\/en\/wp-json\/wp\/v2\/comments?post=149781"}],"version-history":[{"count":0,"href":"http:\/\/denizcankizil.tr\/en\/wp-json\/wp\/v2\/posts\/149781\/revisions"}],"wp:featuredmedia":[{"embeddable":true,"href":"http:\/\/denizcankizil.tr\/en\/wp-json\/wp\/v2\/media\/149782"}],"wp:attachment":[{"href":"http:\/\/denizcankizil.tr\/en\/wp-json\/wp\/v2\/media?parent=149781"}],"wp:term":[{"taxonomy":"category","embeddable":true,"href":"http:\/\/denizcankizil.tr\/en\/wp-json\/wp\/v2\/categories?post=149781"},{"taxonomy":"post_tag","embeddable":true,"href":"http:\/\/denizcankizil.tr\/en\/wp-json\/wp\/v2\/tags?post=149781"}],"curies":[{"name":"wp","href":"https:\/\/api.w.org\/{rel}","templated":true}]}}