{"id":148700,"date":"2025-07-17T11:41:49","date_gmt":"2025-07-17T08:41:49","guid":{"rendered":"https:\/\/denizcankizil.tr\/uncategorized-tr\/lgsde-imam-hatip-6-birinci-cikardi-ortalik-karisti\/"},"modified":"2025-07-17T11:41:49","modified_gmt":"2025-07-17T08:41:49","slug":"lgsde-imam-hatip-6-birinci-cikardi-ortalik-karisti","status":"publish","type":"post","link":"http:\/\/denizcankizil.tr\/en\/haberler\/gundem\/lgsde-imam-hatip-6-birinci-cikardi-ortalik-karisti\/","title":{"rendered":"LGS&#8217;de imam hatip 6 birinci \u00e7\u0131kard\u0131, ortal\u0131k kar\u0131\u015ft\u0131"},"content":{"rendered":"<p>T\u00fcrkiye genelinde 15 Haziran 2025 tarihinde d\u00fczenlenen Liseye Ge\u00e7i\u015f Sistemi (LGS) sonu\u00e7lar\u0131 ge\u00e7ti\u011fimiz g\u00fcnlerde (11 Temmuz 2025) a\u00e7\u0131kland\u0131. Milli E\u011fitim Bakanl\u0131\u011f\u0131 taraf\u0131ndan yap\u0131lan a\u00e7\u0131klamada, iki oturum halinde ger\u00e7ekle\u015fen s\u0131nava 1 milyon 10 bin 916 \u00f6\u011frenci ba\u015fvurdu. 963 bin 142&#8217;si s\u0131nava kat\u0131ld\u0131, s\u0131nava kat\u0131l\u0131m oran\u0131 y\u00fczde 95,27 olarak belirlenirken en \u00e7ok konu\u015fulan konu ise T\u00fcrkiye birincileri oldu.<\/p>\n<p>TEK OKULDAN 46 B\u0130R\u0130NC\u0130<\/p>\n<p>T\u00fcrkiye genelinde ger\u00e7ekle\u015fen LGS s\u0131nav\u0131nda 719 \u00f6\u011frenci 500 tam puan almay\u0131 ba\u015fard\u0131. 3 farkl\u0131 ilde ayn\u0131 isimde faaliyet g\u00f6steren Mahmut Celalettin \u00d6kten \u0130mam Hatip Ortaokulu\u2019ndan 46 \u00f6\u011frencinin tam puan almas\u0131 dikkat \u00e7ekti. Okulun 3 farkl\u0131 ilde b\u00f6yle bir ba\u015far\u0131 kazanmas\u0131 tart\u0131\u015fmalar\u0131 da beraberinde getirdi.<\/p>\n<p>ANTALYA\u2019DA O OKULLARIN ARASINDA<\/p>\n<p>Antalya, Bursa ve Trabzon\u2019da bulunan ve ayn\u0131 isme sahip olan Mahmut Celalettin \u00d6kten \u0130mam Hatip Okulu\u2019nda toplamda 46 \u00f6\u011frenci LGS s\u0131nav\u0131ndan tam puan ald\u0131. Antalya\u2019da bu say\u0131 6, Bursa\u2019da 36 ve Trabzon da ise bu say\u0131 4 olarak belirlendi. T\u00fcrkiye genelinde geriye kalan 3 bin 500 \u0130mam Hatip okulundan sadece 17 \u00f6\u011frenci 500 tam puan alabilmi\u015fken tek bir okuldan 46 birinci \u00e7\u0131kmas\u0131 dikkat \u00e7ekti.<\/p>\n<p>\u201cKENT DE\u011e\u0130\u015e\u0130YOR \u0130S\u0130M DE\u011e\u0130\u015eM\u0130YOR\u201d<\/p>\n<p>Tart\u0131\u015fmalar devam ederken Halk TV\u2019nin sunucu G\u00f6zde \u015eeker canl\u0131 yay\u0131nda Mahmut Celalettin \u00d6kten \u0130mam Hatip Okulu hakk\u0131nda s\u00f6yledi\u011fi s\u00f6zler T\u00fcrkiye g\u00fcndemine oturdu. \u015eeker, \u201cBursa\u2019da bir okulda 36 \u00f6\u011frenci bir s\u0131navdan nas\u0131l 500 tam puan al\u0131yor. Bunu soruyoruz. A\u00e7\u0131klas\u0131n anlayal\u0131m. Bursa Mahmut Celalettin \u00d6kten \u0130mam Hatip Ortaokulu, Antalya Kepez, Mahmut Celalettin \u00d6kten Anadolu \u0130mam Hatip Lisesi\u2026 0 hata ve 500 tam puan alan 6 \u00f6\u011frenci var. Trabzon\u2019a ge\u00e7iyoruz. Kent de\u011fi\u015fiyor isim de\u011fi\u015fmiyor, Mahmut Celalettin \u00d6kten Anadolu \u0130mam Hatip Lisesi tam puan alan 4 \u00f6\u011frenci var. Yani Mahmut Celalettin \u00d6kten Anadolu \u0130mam Hatip Lisesi\u2019nde toplamda 46 \u00f6\u011frenci, bu s\u0131navdan kusursuz bir performansla tam puanla \u00e7\u0131k\u0131yor. Mahmut Celalettin \u00d6kten bile gelse \u2018Bu i\u015fte bir i\u015f var\u2019 derdi\u201d dedi.<\/p>\n<p>SORULAR \u00c7ALINDI MI?<\/p>\n<p>Ya\u015fan bu durumun ard\u0131ndan sorular\u0131n \u00e7al\u0131nd\u0131\u011f\u0131 iddia edilirken, \u0130leti\u015fim Ba\u015fkanl\u0131\u011f\u0131 ise s\u00f6z konusu iddialarla alakal\u0131 a\u00e7\u0131klama yapt\u0131. Yap\u0131lan a\u00e7\u0131klamada, \u201cBu durum, payla\u015f\u0131mlar\u0131n \u00e7arp\u0131t\u0131ld\u0131\u011f\u0131n\u0131 ve kas\u0131tl\u0131 \u015fekilde yanl\u0131\u015f alg\u0131 olu\u015fturulmaya \u00e7al\u0131\u015f\u0131ld\u0131\u011f\u0131n\u0131 ortaya koymaktad\u0131r. E\u011fitim gibi hassas bir alanda, \u00f6zellikle \u00f6\u011frencilerimizin eme\u011fine g\u00f6lge d\u00fc\u015f\u00fcrecek, kamuoyunu yan\u0131ltacak bu t\u00fcr as\u0131ls\u0131z iddialara itibar edilmemesi b\u00fcy\u00fck \u00f6nem ta\u015f\u0131maktad\u0131r. Ger\u00e7ek d\u0131\u015f\u0131 i\u00e7eriklerle toplumda g\u00fcvensizlik olu\u015fturmak isteyen \u00e7evrelere kar\u015f\u0131 dikkatli olunmal\u0131, yaln\u0131zca Mill\u00ee E\u011fitim Bakanl\u0131\u011f\u0131 taraf\u0131ndan yap\u0131lan resm\u00ee a\u00e7\u0131klamalar dikkate al\u0131nmal\u0131d\u0131r\u201d denildi.<\/p>\n<p>Baz\u0131 sosyal medya mecralar\u0131nda, \u201cBursa Mahmut Celalettin \u00d6kten \u0130mam Hatip Ortaokulu\u2019ndan 39 \u00f6\u011frencinin 2025 LGS\u2019de 500 tam puan ald\u0131\u011f\u0131\u201d y\u00f6n\u00fcndeki iddialar ger\u00e7e\u011fi yans\u0131tmamaktad\u0131r. Bu iddialar \u00fczerinden kamuoyu yan\u0131lt\u0131lmakta ve Mill\u00ee E\u011fitim Bakanl\u0131\u011f\u0131m\u0131z haks\u0131z bir \u015fekilde hedef\u2026 pic.twitter.com\/7VDH2QqKXL<br \/>\n\u2014 Dezenformasyonla M\u00fccadele Merkezi (@dmmiletisim) July 16, 2025<\/p>\n<p>AYNI OKULDAN BU KADAR B\u0130R\u0130NC\u0130 \u00c7IKMASI M\u00dcMK\u00dcN DE\u011e\u0130L<\/p>\n<p>Ayn\u0131 okuldan bu kadar fazla \u00f6\u011frencini tam puan almas\u0131n\u0131n m\u00fcmk\u00fcn olmad\u0131\u011f\u0131n\u0131 ifade eden E\u011fitim Sen Antalya \u015eube Ba\u015fkan\u0131 Kadir \u00d6zt\u00fcrk, \u201cLGS\u2019de bir \u0130mam Hatip Ortaokulu\u2019nun bu kadar birinci \u00e7\u0131karmas\u0131 \u00e7ok da m\u00fcmk\u00fcn de\u011fil. Bizler laik, demokratik ve e\u015fit e\u011fitimden yanay\u0131z. Ge\u00e7mi\u015f y\u0131llarda sorular\u0131n \u00e7al\u0131nd\u0131\u011f\u0131n\u0131, cevaplar\u0131n belirli ki\u015filere da\u011f\u0131t\u0131ld\u0131\u011f\u0131n\u0131 biliyoruz. \u00d6n\u00fcm\u00fczde b\u00f6yle \u00f6rnekler varken Mahmut Celalettin \u00d6kten \u0130mam Hatip Ortaokulu\u2019nun sadece Antalya\u2019dan 6 LGS birincisi \u00e7\u0131karmas\u0131 olduk\u00e7a d\u00fc\u015f\u00fcnd\u00fcr\u00fcc\u00fc. Bu okulun ba\u015fka illerden de LGS birincisi \u00e7\u0131kard\u0131\u011f\u0131n\u0131 biliyoruz. Milli E\u011fitim Bakan\u0131 Yusuf Tekin\u2019in a\u00e7\u0131klamalar\u0131 ise inand\u0131r\u0131c\u0131 gelmiyor\u201d diye konu\u015ftu.<\/p>\n<p>\u200bT\u00fcrkiye genelinde ger\u00e7ekle\u015fen Liseye Ge\u00e7i\u015f Sistemi (LGS) sonu\u00e7lar\u0131n\u0131n a\u00e7\u0131klanmas\u0131yla birlikte 719 \u00f6\u011frencinin 500 tam<br \/>\npuan ald\u0131\u011f\u0131 a\u00e7\u0131kland\u0131. Sadece Antalya&#8217;da Mahmut Celalettin \u00d6kten \u0130mam Hatip Okulu\u2019ndan 6 birinci \u00e7\u0131kmas\u0131 kafa kar\u0131\u015ft\u0131rd\u0131. E\u011fitim Sen sonu\u00e7lar\u0131n d\u00fc\u015f\u00fcnd\u00fcr\u00fcc\u00fcl\u00fc\u011f\u00fcne vurgu yapt\u0131.\u00a0<\/p>\n<p>\u200bHaberin Al\u0131nt\u0131land\u0131\u011f\u0131 Kaynak: www.antalyakorfez.com<\/p>","protected":false},"excerpt":{"rendered":"<p>T\u00fcrkiye genelinde 15 Haziran 2025 tarihinde d\u00fczenlenen Liseye Ge\u00e7i\u015f Sistemi (LGS) sonu\u00e7lar\u0131 ge\u00e7ti\u011fimiz g\u00fcnlerde (11 Temmuz 2025) a\u00e7\u0131kland\u0131. Milli E\u011fitim Bakanl\u0131\u011f\u0131 taraf\u0131ndan yap\u0131lan a\u00e7\u0131klamada, iki oturum halinde ger\u00e7ekle\u015fen s\u0131nava 1 milyon 10 bin 916 \u00f6\u011frenci ba\u015fvurdu. 963 bin 142&#8217;si s\u0131nava kat\u0131ld\u0131, s\u0131nava kat\u0131l\u0131m oran\u0131 y\u00fczde 95,27 olarak belirlenirken en \u00e7ok konu\u015fulan konu ise T\u00fcrkiye birincileri oldu. TEK OKULDAN 46 B\u0130R\u0130NC\u0130 T\u00fcrkiye genelinde ger\u00e7ekle\u015fen LGS s\u0131nav\u0131nda 719 \u00f6\u011frenci 500 tam puan almay\u0131 ba\u015fard\u0131. 3 farkl\u0131 ilde ayn\u0131 isimde faaliyet g\u00f6steren Mahmut Celalettin \u00d6kten \u0130mam Hatip Ortaokulu\u2019ndan 46 \u00f6\u011frencinin tam puan almas\u0131 dikkat \u00e7ekti. Okulun 3 farkl\u0131 ilde b\u00f6yle bir ba\u015far\u0131 kazanmas\u0131 tart\u0131\u015fmalar\u0131 da beraberinde getirdi. ANTALYA\u2019DA O OKULLARIN ARASINDA Antalya, Bursa ve Trabzon\u2019da bulunan ve ayn\u0131 isme sahip olan Mahmut Celalettin \u00d6kten \u0130mam Hatip Okulu\u2019nda toplamda 46 \u00f6\u011frenci LGS s\u0131nav\u0131ndan tam puan ald\u0131. Antalya\u2019da bu say\u0131 6, Bursa\u2019da 36 ve Trabzon da ise bu say\u0131 4 olarak belirlendi. T\u00fcrkiye genelinde geriye kalan 3 bin 500 \u0130mam Hatip okulundan sadece 17 \u00f6\u011frenci 500 tam puan alabilmi\u015fken tek bir okuldan 46 birinci \u00e7\u0131kmas\u0131 dikkat \u00e7ekti. \u201cKENT DE\u011e\u0130\u015e\u0130YOR \u0130S\u0130M DE\u011e\u0130\u015eM\u0130YOR\u201d Tart\u0131\u015fmalar devam ederken Halk TV\u2019nin sunucu G\u00f6zde \u015eeker canl\u0131 yay\u0131nda Mahmut Celalettin \u00d6kten \u0130mam Hatip Okulu hakk\u0131nda s\u00f6yledi\u011fi s\u00f6zler T\u00fcrkiye g\u00fcndemine oturdu. \u015eeker, \u201cBursa\u2019da &hellip;<\/p>","protected":false},"author":5,"featured_media":0,"comment_status":"","ping_status":"open","sticky":false,"template":"","format":"standard","meta":{"_acf_changed":false,"footnotes":""},"categories":[24],"tags":[],"class_list":["post-148700","post","type-post","status-publish","format-standard","has-post-thumbnail","hentry","category-gundem"],"acf":[],"yoast_head":"<!-- This site is optimized with the Yoast SEO Premium plugin v26.6 (Yoast SEO v27.1.1) - https:\/\/yoast.com\/product\/yoast-seo-premium-wordpress\/ -->\n<title>LGS&#039;de imam hatip 6 birinci \u00e7\u0131kard\u0131, ortal\u0131k kar\u0131\u015ft\u0131 - Av. Deniz Can K\u0131z\u0131l<\/title>\n<meta name=\"robots\" content=\"index, follow, max-snippet:-1, max-image-preview:large, max-video-preview:-1\" \/>\n<link rel=\"canonical\" href=\"http:\/\/denizcankizil.tr\/en\/haberler\/gundem\/lgsde-imam-hatip-6-birinci-cikardi-ortalik-karisti\/\" \/>\n<meta property=\"og:locale\" content=\"en_GB\" \/>\n<meta property=\"og:type\" content=\"article\" \/>\n<meta property=\"og:title\" content=\"LGS&#039;de imam hatip 6 birinci \u00e7\u0131kard\u0131, ortal\u0131k kar\u0131\u015ft\u0131\" \/>\n<meta property=\"og:description\" content=\"T\u00fcrkiye genelinde 15 Haziran 2025 tarihinde d\u00fczenlenen Liseye Ge\u00e7i\u015f Sistemi (LGS) sonu\u00e7lar\u0131 ge\u00e7ti\u011fimiz g\u00fcnlerde (11 Temmuz 2025) a\u00e7\u0131kland\u0131. Milli E\u011fitim Bakanl\u0131\u011f\u0131 taraf\u0131ndan yap\u0131lan a\u00e7\u0131klamada, iki oturum halinde ger\u00e7ekle\u015fen s\u0131nava 1 milyon 10 bin 916 \u00f6\u011frenci ba\u015fvurdu. 963 bin 142&#8217;si s\u0131nava kat\u0131ld\u0131, s\u0131nava kat\u0131l\u0131m oran\u0131 y\u00fczde 95,27 olarak belirlenirken en \u00e7ok konu\u015fulan konu ise T\u00fcrkiye birincileri oldu. TEK OKULDAN 46 B\u0130R\u0130NC\u0130 T\u00fcrkiye genelinde ger\u00e7ekle\u015fen LGS s\u0131nav\u0131nda 719 \u00f6\u011frenci 500 tam puan almay\u0131 ba\u015fard\u0131. 3 farkl\u0131 ilde ayn\u0131 isimde faaliyet g\u00f6steren Mahmut Celalettin \u00d6kten \u0130mam Hatip Ortaokulu\u2019ndan 46 \u00f6\u011frencinin tam puan almas\u0131 dikkat \u00e7ekti. Okulun 3 farkl\u0131 ilde b\u00f6yle bir ba\u015far\u0131 kazanmas\u0131 tart\u0131\u015fmalar\u0131 da beraberinde getirdi. ANTALYA\u2019DA O OKULLARIN ARASINDA Antalya, Bursa ve Trabzon\u2019da bulunan ve ayn\u0131 isme sahip olan Mahmut Celalettin \u00d6kten \u0130mam Hatip Okulu\u2019nda toplamda 46 \u00f6\u011frenci LGS s\u0131nav\u0131ndan tam puan ald\u0131. Antalya\u2019da bu say\u0131 6, Bursa\u2019da 36 ve Trabzon da ise bu say\u0131 4 olarak belirlendi. T\u00fcrkiye genelinde geriye kalan 3 bin 500 \u0130mam Hatip okulundan sadece 17 \u00f6\u011frenci 500 tam puan alabilmi\u015fken tek bir okuldan 46 birinci \u00e7\u0131kmas\u0131 dikkat \u00e7ekti. \u201cKENT DE\u011e\u0130\u015e\u0130YOR \u0130S\u0130M DE\u011e\u0130\u015eM\u0130YOR\u201d Tart\u0131\u015fmalar devam ederken Halk TV\u2019nin sunucu G\u00f6zde \u015eeker canl\u0131 yay\u0131nda Mahmut Celalettin \u00d6kten \u0130mam Hatip Okulu hakk\u0131nda s\u00f6yledi\u011fi s\u00f6zler T\u00fcrkiye g\u00fcndemine oturdu. \u015eeker, \u201cBursa\u2019da &hellip;\" \/>\n<meta property=\"og:url\" content=\"http:\/\/denizcankizil.tr\/en\/haberler\/gundem\/lgsde-imam-hatip-6-birinci-cikardi-ortalik-karisti\/\" \/>\n<meta property=\"og:site_name\" content=\"Av. Deniz Can K\u0131z\u0131l\" \/>\n<meta property=\"article:published_time\" content=\"2025-07-17T08:41:49+00:00\" \/>\n<meta name=\"author\" content=\"Antalya K\u00f6rfez\" \/>\n<meta name=\"twitter:card\" content=\"summary_large_image\" \/>\n<meta name=\"twitter:label1\" content=\"Written by\" \/>\n\t<meta name=\"twitter:data1\" content=\"Antalya K\u00f6rfez\" \/>\n\t<meta name=\"twitter:label2\" content=\"Estimated reading time\" \/>\n\t<meta name=\"twitter:data2\" content=\"4 minutes\" \/>\n<script type=\"application\/ld+json\" class=\"yoast-schema-graph\">{\"@context\":\"https:\/\/schema.org\",\"@graph\":[{\"@type\":\"Article\",\"@id\":\"http:\/\/denizcankizil.tr\/en\/haberler\/gundem\/lgsde-imam-hatip-6-birinci-cikardi-ortalik-karisti\/#article\",\"isPartOf\":{\"@id\":\"http:\/\/denizcankizil.tr\/en\/haberler\/gundem\/lgsde-imam-hatip-6-birinci-cikardi-ortalik-karisti\/\"},\"author\":{\"name\":\"Antalya K\u00f6rfez\",\"@id\":\"https:\/\/denizcankizil.tr\/de\/#\/schema\/person\/e1eb71bb4dd684d46563f0af307e1234\"},\"headline\":\"LGS&#8217;de imam hatip 6 birinci \u00e7\u0131kard\u0131, ortal\u0131k kar\u0131\u015ft\u0131\",\"datePublished\":\"2025-07-17T08:41:49+00:00\",\"mainEntityOfPage\":{\"@id\":\"http:\/\/denizcankizil.tr\/en\/haberler\/gundem\/lgsde-imam-hatip-6-birinci-cikardi-ortalik-karisti\/\"},\"wordCount\":733,\"publisher\":{\"@id\":\"https:\/\/denizcankizil.tr\/de\/#organization\"},\"articleSection\":[\"G\u00fcndem\"],\"inLanguage\":\"en-GB\"},{\"@type\":\"WebPage\",\"@id\":\"http:\/\/denizcankizil.tr\/en\/haberler\/gundem\/lgsde-imam-hatip-6-birinci-cikardi-ortalik-karisti\/\",\"url\":\"http:\/\/denizcankizil.tr\/en\/haberler\/gundem\/lgsde-imam-hatip-6-birinci-cikardi-ortalik-karisti\/\",\"name\":\"LGS'de imam hatip 6 birinci \u00e7\u0131kard\u0131, ortal\u0131k kar\u0131\u015ft\u0131 - Av. Deniz Can K\u0131z\u0131l\",\"isPartOf\":{\"@id\":\"https:\/\/denizcankizil.tr\/de\/#website\"},\"datePublished\":\"2025-07-17T08:41:49+00:00\",\"breadcrumb\":{\"@id\":\"http:\/\/denizcankizil.tr\/en\/haberler\/gundem\/lgsde-imam-hatip-6-birinci-cikardi-ortalik-karisti\/#breadcrumb\"},\"inLanguage\":\"en-GB\",\"potentialAction\":[{\"@type\":\"ReadAction\",\"target\":[\"http:\/\/denizcankizil.tr\/en\/haberler\/gundem\/lgsde-imam-hatip-6-birinci-cikardi-ortalik-karisti\/\"]}]},{\"@type\":\"BreadcrumbList\",\"@id\":\"http:\/\/denizcankizil.tr\/en\/haberler\/gundem\/lgsde-imam-hatip-6-birinci-cikardi-ortalik-karisti\/#breadcrumb\",\"itemListElement\":[{\"@type\":\"ListItem\",\"position\":1,\"name\":\"Home\",\"item\":\"https:\/\/denizcankizil.tr\/de\/\"},{\"@type\":\"ListItem\",\"position\":2,\"name\":\"LGS&#8217;de imam hatip 6 birinci \u00e7\u0131kard\u0131, ortal\u0131k kar\u0131\u015ft\u0131\"}]},{\"@type\":\"WebSite\",\"@id\":\"https:\/\/denizcankizil.tr\/de\/#website\",\"url\":\"https:\/\/denizcankizil.tr\/de\/\",\"name\":\"Av. Deniz Can K\u0131z\u0131l\",\"description\":\"Avukat Deniz Can K\u0131z\u0131l Antalya Barosu\",\"publisher\":{\"@id\":\"https:\/\/denizcankizil.tr\/de\/#organization\"},\"potentialAction\":[{\"@type\":\"SearchAction\",\"target\":{\"@type\":\"EntryPoint\",\"urlTemplate\":\"https:\/\/denizcankizil.tr\/de\/?s={search_term_string}\"},\"query-input\":{\"@type\":\"PropertyValueSpecification\",\"valueRequired\":true,\"valueName\":\"search_term_string\"}}],\"inLanguage\":\"en-GB\"},{\"@type\":\"Organization\",\"@id\":\"https:\/\/denizcankizil.tr\/de\/#organization\",\"name\":\"Av. Deniz Can K\u0131z\u0131l\",\"url\":\"https:\/\/denizcankizil.tr\/de\/\",\"logo\":{\"@type\":\"ImageObject\",\"inLanguage\":\"en-GB\",\"@id\":\"https:\/\/denizcankizil.tr\/de\/#\/schema\/logo\/image\/\",\"url\":\"http:\/\/denizcankizil.tr\/wp-content\/uploads\/2024\/10\/siyah-logo-svg.svg\",\"contentUrl\":\"http:\/\/denizcankizil.tr\/wp-content\/uploads\/2024\/10\/siyah-logo-svg.svg\",\"width\":1080,\"height\":1080,\"caption\":\"Av. Deniz Can K\u0131z\u0131l\"},\"image\":{\"@id\":\"https:\/\/denizcankizil.tr\/de\/#\/schema\/logo\/image\/\"}},{\"@type\":\"Person\",\"@id\":\"https:\/\/denizcankizil.tr\/de\/#\/schema\/person\/e1eb71bb4dd684d46563f0af307e1234\",\"name\":\"Antalya K\u00f6rfez\",\"image\":{\"@type\":\"ImageObject\",\"inLanguage\":\"en-GB\",\"@id\":\"https:\/\/denizcankizil.tr\/de\/#\/schema\/person\/image\/\",\"url\":\"https:\/\/secure.gravatar.com\/avatar\/42b01982558a48a0b501fdcab6a408d3717ea5919095ee2e67b0e521799c5905?s=96&d=mm&r=g\",\"contentUrl\":\"https:\/\/secure.gravatar.com\/avatar\/42b01982558a48a0b501fdcab6a408d3717ea5919095ee2e67b0e521799c5905?s=96&d=mm&r=g\",\"caption\":\"Antalya K\u00f6rfez\"},\"sameAs\":[\"http:\/\/www.antalyakorfez.com\"],\"url\":\"https:\/\/www.antalyakorfez.com\/lgsde-imam-hatip-6-birinci-cikardi-ortalik-karisti\"}]}<\/script>\n<!-- \/ Yoast SEO Premium plugin. -->","yoast_head_json":{"title":"LGS'de imam hatip 6 birinci \u00e7\u0131kard\u0131, ortal\u0131k kar\u0131\u015ft\u0131 - Av. Deniz Can K\u0131z\u0131l","robots":{"index":"index","follow":"follow","max-snippet":"max-snippet:-1","max-image-preview":"max-image-preview:large","max-video-preview":"max-video-preview:-1"},"canonical":"http:\/\/denizcankizil.tr\/en\/haberler\/gundem\/lgsde-imam-hatip-6-birinci-cikardi-ortalik-karisti\/","og_locale":"en_GB","og_type":"article","og_title":"LGS'de imam hatip 6 birinci \u00e7\u0131kard\u0131, ortal\u0131k kar\u0131\u015ft\u0131","og_description":"T\u00fcrkiye genelinde 15 Haziran 2025 tarihinde d\u00fczenlenen Liseye Ge\u00e7i\u015f Sistemi (LGS) sonu\u00e7lar\u0131 ge\u00e7ti\u011fimiz g\u00fcnlerde (11 Temmuz 2025) a\u00e7\u0131kland\u0131. Milli E\u011fitim Bakanl\u0131\u011f\u0131 taraf\u0131ndan yap\u0131lan a\u00e7\u0131klamada, iki oturum halinde ger\u00e7ekle\u015fen s\u0131nava 1 milyon 10 bin 916 \u00f6\u011frenci ba\u015fvurdu. 963 bin 142&#8217;si s\u0131nava kat\u0131ld\u0131, s\u0131nava kat\u0131l\u0131m oran\u0131 y\u00fczde 95,27 olarak belirlenirken en \u00e7ok konu\u015fulan konu ise T\u00fcrkiye birincileri oldu. TEK OKULDAN 46 B\u0130R\u0130NC\u0130 T\u00fcrkiye genelinde ger\u00e7ekle\u015fen LGS s\u0131nav\u0131nda 719 \u00f6\u011frenci 500 tam puan almay\u0131 ba\u015fard\u0131. 3 farkl\u0131 ilde ayn\u0131 isimde faaliyet g\u00f6steren Mahmut Celalettin \u00d6kten \u0130mam Hatip Ortaokulu\u2019ndan 46 \u00f6\u011frencinin tam puan almas\u0131 dikkat \u00e7ekti. Okulun 3 farkl\u0131 ilde b\u00f6yle bir ba\u015far\u0131 kazanmas\u0131 tart\u0131\u015fmalar\u0131 da beraberinde getirdi. ANTALYA\u2019DA O OKULLARIN ARASINDA Antalya, Bursa ve Trabzon\u2019da bulunan ve ayn\u0131 isme sahip olan Mahmut Celalettin \u00d6kten \u0130mam Hatip Okulu\u2019nda toplamda 46 \u00f6\u011frenci LGS s\u0131nav\u0131ndan tam puan ald\u0131. Antalya\u2019da bu say\u0131 6, Bursa\u2019da 36 ve Trabzon da ise bu say\u0131 4 olarak belirlendi. T\u00fcrkiye genelinde geriye kalan 3 bin 500 \u0130mam Hatip okulundan sadece 17 \u00f6\u011frenci 500 tam puan alabilmi\u015fken tek bir okuldan 46 birinci \u00e7\u0131kmas\u0131 dikkat \u00e7ekti. \u201cKENT DE\u011e\u0130\u015e\u0130YOR \u0130S\u0130M DE\u011e\u0130\u015eM\u0130YOR\u201d Tart\u0131\u015fmalar devam ederken Halk TV\u2019nin sunucu G\u00f6zde \u015eeker canl\u0131 yay\u0131nda Mahmut Celalettin \u00d6kten \u0130mam Hatip Okulu hakk\u0131nda s\u00f6yledi\u011fi s\u00f6zler T\u00fcrkiye g\u00fcndemine oturdu. \u015eeker, \u201cBursa\u2019da &hellip;","og_url":"http:\/\/denizcankizil.tr\/en\/haberler\/gundem\/lgsde-imam-hatip-6-birinci-cikardi-ortalik-karisti\/","og_site_name":"Av. Deniz Can K\u0131z\u0131l","article_published_time":"2025-07-17T08:41:49+00:00","author":"Antalya K\u00f6rfez","twitter_card":"summary_large_image","twitter_misc":{"Written by":"Antalya K\u00f6rfez","Estimated reading time":"4 minutes"},"schema":{"@context":"https:\/\/schema.org","@graph":[{"@type":"Article","@id":"http:\/\/denizcankizil.tr\/en\/haberler\/gundem\/lgsde-imam-hatip-6-birinci-cikardi-ortalik-karisti\/#article","isPartOf":{"@id":"http:\/\/denizcankizil.tr\/en\/haberler\/gundem\/lgsde-imam-hatip-6-birinci-cikardi-ortalik-karisti\/"},"author":{"name":"Antalya K\u00f6rfez","@id":"https:\/\/denizcankizil.tr\/de\/#\/schema\/person\/e1eb71bb4dd684d46563f0af307e1234"},"headline":"LGS&#8217;de imam hatip 6 birinci \u00e7\u0131kard\u0131, ortal\u0131k kar\u0131\u015ft\u0131","datePublished":"2025-07-17T08:41:49+00:00","mainEntityOfPage":{"@id":"http:\/\/denizcankizil.tr\/en\/haberler\/gundem\/lgsde-imam-hatip-6-birinci-cikardi-ortalik-karisti\/"},"wordCount":733,"publisher":{"@id":"https:\/\/denizcankizil.tr\/de\/#organization"},"articleSection":["G\u00fcndem"],"inLanguage":"en-GB"},{"@type":"WebPage","@id":"http:\/\/denizcankizil.tr\/en\/haberler\/gundem\/lgsde-imam-hatip-6-birinci-cikardi-ortalik-karisti\/","url":"http:\/\/denizcankizil.tr\/en\/haberler\/gundem\/lgsde-imam-hatip-6-birinci-cikardi-ortalik-karisti\/","name":"LGS'de imam hatip 6 birinci \u00e7\u0131kard\u0131, ortal\u0131k kar\u0131\u015ft\u0131 - Av. Deniz Can K\u0131z\u0131l","isPartOf":{"@id":"https:\/\/denizcankizil.tr\/de\/#website"},"datePublished":"2025-07-17T08:41:49+00:00","breadcrumb":{"@id":"http:\/\/denizcankizil.tr\/en\/haberler\/gundem\/lgsde-imam-hatip-6-birinci-cikardi-ortalik-karisti\/#breadcrumb"},"inLanguage":"en-GB","potentialAction":[{"@type":"ReadAction","target":["http:\/\/denizcankizil.tr\/en\/haberler\/gundem\/lgsde-imam-hatip-6-birinci-cikardi-ortalik-karisti\/"]}]},{"@type":"BreadcrumbList","@id":"http:\/\/denizcankizil.tr\/en\/haberler\/gundem\/lgsde-imam-hatip-6-birinci-cikardi-ortalik-karisti\/#breadcrumb","itemListElement":[{"@type":"ListItem","position":1,"name":"Home","item":"https:\/\/denizcankizil.tr\/de\/"},{"@type":"ListItem","position":2,"name":"LGS&#8217;de imam hatip 6 birinci \u00e7\u0131kard\u0131, ortal\u0131k kar\u0131\u015ft\u0131"}]},{"@type":"WebSite","@id":"https:\/\/denizcankizil.tr\/de\/#website","url":"https:\/\/denizcankizil.tr\/de\/","name":"Av. Deniz Can K\u0131z\u0131l","description":"Avukat Deniz Can K\u0131z\u0131l Antalya Barosu","publisher":{"@id":"https:\/\/denizcankizil.tr\/de\/#organization"},"potentialAction":[{"@type":"SearchAction","target":{"@type":"EntryPoint","urlTemplate":"https:\/\/denizcankizil.tr\/de\/?s={search_term_string}"},"query-input":{"@type":"PropertyValueSpecification","valueRequired":true,"valueName":"search_term_string"}}],"inLanguage":"en-GB"},{"@type":"Organization","@id":"https:\/\/denizcankizil.tr\/de\/#organization","name":"Av. Deniz Can K\u0131z\u0131l","url":"https:\/\/denizcankizil.tr\/de\/","logo":{"@type":"ImageObject","inLanguage":"en-GB","@id":"https:\/\/denizcankizil.tr\/de\/#\/schema\/logo\/image\/","url":"http:\/\/denizcankizil.tr\/wp-content\/uploads\/2024\/10\/siyah-logo-svg.svg","contentUrl":"http:\/\/denizcankizil.tr\/wp-content\/uploads\/2024\/10\/siyah-logo-svg.svg","width":1080,"height":1080,"caption":"Av. Deniz Can K\u0131z\u0131l"},"image":{"@id":"https:\/\/denizcankizil.tr\/de\/#\/schema\/logo\/image\/"}},{"@type":"Person","@id":"https:\/\/denizcankizil.tr\/de\/#\/schema\/person\/e1eb71bb4dd684d46563f0af307e1234","name":"Antalya K\u00f6rfez","image":{"@type":"ImageObject","inLanguage":"en-GB","@id":"https:\/\/denizcankizil.tr\/de\/#\/schema\/person\/image\/","url":"https:\/\/secure.gravatar.com\/avatar\/42b01982558a48a0b501fdcab6a408d3717ea5919095ee2e67b0e521799c5905?s=96&d=mm&r=g","contentUrl":"https:\/\/secure.gravatar.com\/avatar\/42b01982558a48a0b501fdcab6a408d3717ea5919095ee2e67b0e521799c5905?s=96&d=mm&r=g","caption":"Antalya K\u00f6rfez"},"sameAs":["http:\/\/www.antalyakorfez.com"],"url":"https:\/\/www.antalyakorfez.com\/lgsde-imam-hatip-6-birinci-cikardi-ortalik-karisti"}]}},"_links":{"self":[{"href":"http:\/\/denizcankizil.tr\/en\/wp-json\/wp\/v2\/posts\/148700","targetHints":{"allow":["GET"]}}],"collection":[{"href":"http:\/\/denizcankizil.tr\/en\/wp-json\/wp\/v2\/posts"}],"about":[{"href":"http:\/\/denizcankizil.tr\/en\/wp-json\/wp\/v2\/types\/post"}],"author":[{"embeddable":true,"href":"http:\/\/denizcankizil.tr\/en\/wp-json\/wp\/v2\/users\/5"}],"replies":[{"embeddable":true,"href":"http:\/\/denizcankizil.tr\/en\/wp-json\/wp\/v2\/comments?post=148700"}],"version-history":[{"count":0,"href":"http:\/\/denizcankizil.tr\/en\/wp-json\/wp\/v2\/posts\/148700\/revisions"}],"wp:attachment":[{"href":"http:\/\/denizcankizil.tr\/en\/wp-json\/wp\/v2\/media?parent=148700"}],"wp:term":[{"taxonomy":"category","embeddable":true,"href":"http:\/\/denizcankizil.tr\/en\/wp-json\/wp\/v2\/categories?post=148700"},{"taxonomy":"post_tag","embeddable":true,"href":"http:\/\/denizcankizil.tr\/en\/wp-json\/wp\/v2\/tags?post=148700"}],"curies":[{"name":"wp","href":"https:\/\/api.w.org\/{rel}","templated":true}]}}