{"id":145834,"date":"2025-07-14T17:41:14","date_gmt":"2025-07-14T14:41:14","guid":{"rendered":"https:\/\/denizcankizil.tr\/uncategorized-tr\/ali-bidi-ankara-duatlonunda-cifte-basari-elde-etti\/"},"modified":"2025-07-14T17:41:14","modified_gmt":"2025-07-14T14:41:14","slug":"ali-bidi-ankara-duatlonunda-cifte-basari-elde-etti","status":"publish","type":"post","link":"http:\/\/denizcankizil.tr\/en\/haberler\/antalya\/ali-bidi-ankara-duatlonunda-cifte-basari-elde-etti\/","title":{"rendered":"Ali B\u0131d\u0131, Ankara Duatlonu\u2019nda \u00c7ifte Ba\u015far\u0131 Elde Etti"},"content":{"rendered":"<p>\u00a0Antalyal\u0131 i\u015f insan\u0131 ve milli sporcu Ali B\u0131d\u0131, Ankara D\u0131atlonu\u2019ndan iki birincilik ile d\u00f6nd\u00fc. T\u00fcrkiye Triatlon Federasyonu\u2019nun (TTF) 2025 faaliyet program\u0131nda yer alan Ankara Duatlonu, hafta sonu Etimesgut Eryaman TOHM\u2019da ger\u00e7ekle\u015fti. Elit, gen\u00e7, y\u0131ld\u0131z, ya\u015f gruplar\u0131 ve paratriatlet kategorilerinde 300\u2019\u00fcn \u00fczerinde sporcunun m\u00fccadele etti\u011fi etkinlik, b\u00fcy\u00fck bir heyecana sahne oldu.<br \/>\nAntalya\u2019dan yar\u0131\u015flara kat\u0131lan \u2018Demir Adam\u2019 lakapl\u0131 milli sporcu ve i\u015f insan\u0131 Ali B\u0131d\u0131, 75-79 Ya\u015f Grubu kategorisinde m\u00fccadele verdi. \u00d6nce 5 km ko\u015fan, ard\u0131ndan 20 km bisiklet s\u00fcren B\u0131d\u0131, 2,5 km daha ko\u015ftuktan sonra parkuru 1 saat 47 dakika 20 saniyede tamamlayarak birincilik k\u00fcrs\u00fcs\u00fcne \u00e7\u0131kt\u0131. \u2018Demir Adam\u2019 ayr\u0131ca Konya, \u0130zmir ve Ankara\u2019da yap\u0131lan yar\u0131\u015flarda elde etti\u011fi ba\u015far\u0131dan dolay\u0131 T\u00fcrkiye Kupas\u0131\u2019na lay\u0131k g\u00f6r\u00fcld\u00fc. B\u0131d\u0131 \u00f6d\u00fcllerini, T\u00fcrkiye Triatlon Federasyonu Ba\u015fkan\u0131 Bayram Yal\u00e7\u0131nkaya\u2019n\u0131n elinden ald\u0131. Ali B\u0131d\u0131\u2019n\u0131n ba\u015fkentteki performans\u0131 hem sporcular, hem de izleyenler taraf\u0131ndan b\u00fcy\u00fck alk\u0131\u015f toplad\u0131. Toplam alt\u0131 farkl\u0131 kategoride d\u00fczenlenen 2025 Ankara Duatlonu, her ya\u015ftan ve performans d\u00fczeyinden sporcuya hitap eden yap\u0131s\u0131yla dikkat \u00e7ekti. Etkinlik, triatlon sporunun T\u00fcrkiye\u2019deki geli\u015fimine katk\u0131 sa\u011flayan \u00f6nemli organizasyonlardan biri olarak \u00f6ne \u00e7\u0131kt\u0131.<\/p>\n<p>Kaynak: www.kanalv.com.tr Haber Sitesinden Al\u0131nm\u0131\u015ft\u0131r.<\/p>","protected":false},"excerpt":{"rendered":"<p>\u00a0Antalyal\u0131 i\u015f insan\u0131 ve milli sporcu Ali B\u0131d\u0131, Ankara D\u0131atlonu\u2019ndan iki birincilik ile d\u00f6nd\u00fc. T\u00fcrkiye Triatlon Federasyonu\u2019nun (TTF) 2025 faaliyet program\u0131nda yer alan Ankara Duatlonu, hafta sonu Etimesgut Eryaman TOHM\u2019da ger\u00e7ekle\u015fti. Elit, gen\u00e7, y\u0131ld\u0131z, ya\u015f gruplar\u0131 ve paratriatlet kategorilerinde 300\u2019\u00fcn \u00fczerinde sporcunun m\u00fccadele etti\u011fi etkinlik, b\u00fcy\u00fck bir heyecana sahne oldu. Antalya\u2019dan yar\u0131\u015flara kat\u0131lan \u2018Demir Adam\u2019 lakapl\u0131 milli sporcu ve i\u015f insan\u0131 Ali B\u0131d\u0131, 75-79 Ya\u015f Grubu kategorisinde m\u00fccadele verdi. \u00d6nce 5 km ko\u015fan, ard\u0131ndan 20 km bisiklet s\u00fcren B\u0131d\u0131, 2,5 km daha ko\u015ftuktan sonra parkuru 1 saat 47 dakika 20 saniyede tamamlayarak birincilik k\u00fcrs\u00fcs\u00fcne \u00e7\u0131kt\u0131. \u2018Demir Adam\u2019 ayr\u0131ca Konya, \u0130zmir ve Ankara\u2019da yap\u0131lan yar\u0131\u015flarda elde etti\u011fi ba\u015far\u0131dan dolay\u0131 T\u00fcrkiye Kupas\u0131\u2019na lay\u0131k g\u00f6r\u00fcld\u00fc. B\u0131d\u0131 \u00f6d\u00fcllerini, T\u00fcrkiye Triatlon Federasyonu Ba\u015fkan\u0131 Bayram Yal\u00e7\u0131nkaya\u2019n\u0131n elinden ald\u0131. Ali B\u0131d\u0131\u2019n\u0131n ba\u015fkentteki performans\u0131 hem sporcular, hem de izleyenler taraf\u0131ndan b\u00fcy\u00fck alk\u0131\u015f toplad\u0131. Toplam alt\u0131 farkl\u0131 kategoride d\u00fczenlenen 2025 Ankara Duatlonu, her ya\u015ftan ve performans d\u00fczeyinden sporcuya hitap eden yap\u0131s\u0131yla dikkat \u00e7ekti. Etkinlik, triatlon sporunun T\u00fcrkiye\u2019deki geli\u015fimine katk\u0131 sa\u011flayan \u00f6nemli organizasyonlardan biri olarak \u00f6ne \u00e7\u0131kt\u0131. Kaynak: www.kanalv.com.tr Haber Sitesinden Al\u0131nm\u0131\u015ft\u0131r.<\/p>","protected":false},"author":4,"featured_media":0,"comment_status":"","ping_status":"open","sticky":false,"template":"","format":"standard","meta":{"_acf_changed":false,"footnotes":""},"categories":[26],"tags":[],"class_list":["post-145834","post","type-post","status-publish","format-standard","hentry","category-antalya"],"acf":[],"yoast_head":"<!-- This site is optimized with the Yoast SEO Premium plugin v26.6 (Yoast SEO v27.1.1) - https:\/\/yoast.com\/product\/yoast-seo-premium-wordpress\/ -->\n<title>Ali B\u0131d\u0131, Ankara Duatlonu\u2019nda \u00c7ifte Ba\u015far\u0131 Elde Etti - Av. Deniz Can K\u0131z\u0131l<\/title>\n<meta name=\"robots\" content=\"index, follow, max-snippet:-1, max-image-preview:large, max-video-preview:-1\" \/>\n<link rel=\"canonical\" href=\"http:\/\/denizcankizil.tr\/en\/haberler\/antalya\/ali-bidi-ankara-duatlonunda-cifte-basari-elde-etti\/\" \/>\n<meta property=\"og:locale\" content=\"en_GB\" \/>\n<meta property=\"og:type\" content=\"article\" \/>\n<meta property=\"og:title\" content=\"Ali B\u0131d\u0131, Ankara Duatlonu\u2019nda \u00c7ifte Ba\u015far\u0131 Elde Etti\" \/>\n<meta property=\"og:description\" content=\"\u00a0Antalyal\u0131 i\u015f insan\u0131 ve milli sporcu Ali B\u0131d\u0131, Ankara D\u0131atlonu\u2019ndan iki birincilik ile d\u00f6nd\u00fc. T\u00fcrkiye Triatlon Federasyonu\u2019nun (TTF) 2025 faaliyet program\u0131nda yer alan Ankara Duatlonu, hafta sonu Etimesgut Eryaman TOHM\u2019da ger\u00e7ekle\u015fti. Elit, gen\u00e7, y\u0131ld\u0131z, ya\u015f gruplar\u0131 ve paratriatlet kategorilerinde 300\u2019\u00fcn \u00fczerinde sporcunun m\u00fccadele etti\u011fi etkinlik, b\u00fcy\u00fck bir heyecana sahne oldu. Antalya\u2019dan yar\u0131\u015flara kat\u0131lan \u2018Demir Adam\u2019 lakapl\u0131 milli sporcu ve i\u015f insan\u0131 Ali B\u0131d\u0131, 75-79 Ya\u015f Grubu kategorisinde m\u00fccadele verdi. \u00d6nce 5 km ko\u015fan, ard\u0131ndan 20 km bisiklet s\u00fcren B\u0131d\u0131, 2,5 km daha ko\u015ftuktan sonra parkuru 1 saat 47 dakika 20 saniyede tamamlayarak birincilik k\u00fcrs\u00fcs\u00fcne \u00e7\u0131kt\u0131. \u2018Demir Adam\u2019 ayr\u0131ca Konya, \u0130zmir ve Ankara\u2019da yap\u0131lan yar\u0131\u015flarda elde etti\u011fi ba\u015far\u0131dan dolay\u0131 T\u00fcrkiye Kupas\u0131\u2019na lay\u0131k g\u00f6r\u00fcld\u00fc. B\u0131d\u0131 \u00f6d\u00fcllerini, T\u00fcrkiye Triatlon Federasyonu Ba\u015fkan\u0131 Bayram Yal\u00e7\u0131nkaya\u2019n\u0131n elinden ald\u0131. Ali B\u0131d\u0131\u2019n\u0131n ba\u015fkentteki performans\u0131 hem sporcular, hem de izleyenler taraf\u0131ndan b\u00fcy\u00fck alk\u0131\u015f toplad\u0131. Toplam alt\u0131 farkl\u0131 kategoride d\u00fczenlenen 2025 Ankara Duatlonu, her ya\u015ftan ve performans d\u00fczeyinden sporcuya hitap eden yap\u0131s\u0131yla dikkat \u00e7ekti. Etkinlik, triatlon sporunun T\u00fcrkiye\u2019deki geli\u015fimine katk\u0131 sa\u011flayan \u00f6nemli organizasyonlardan biri olarak \u00f6ne \u00e7\u0131kt\u0131. Kaynak: www.kanalv.com.tr Haber Sitesinden Al\u0131nm\u0131\u015ft\u0131r.\" \/>\n<meta property=\"og:url\" content=\"http:\/\/denizcankizil.tr\/en\/haberler\/antalya\/ali-bidi-ankara-duatlonunda-cifte-basari-elde-etti\/\" \/>\n<meta property=\"og:site_name\" content=\"Av. Deniz Can K\u0131z\u0131l\" \/>\n<meta property=\"article:published_time\" content=\"2025-07-14T14:41:14+00:00\" \/>\n<meta name=\"author\" content=\"Av. Deniz Can K\u0131z\u0131l\" \/>\n<meta name=\"twitter:card\" content=\"summary_large_image\" \/>\n<meta name=\"twitter:label1\" content=\"Written by\" \/>\n\t<meta name=\"twitter:data1\" content=\"Av. Deniz Can K\u0131z\u0131l\" \/>\n\t<meta name=\"twitter:label2\" content=\"Estimated reading time\" \/>\n\t<meta name=\"twitter:data2\" content=\"1 minute\" \/>\n<script type=\"application\/ld+json\" class=\"yoast-schema-graph\">{\"@context\":\"https:\/\/schema.org\",\"@graph\":[{\"@type\":\"Article\",\"@id\":\"http:\/\/denizcankizil.tr\/en\/haberler\/antalya\/ali-bidi-ankara-duatlonunda-cifte-basari-elde-etti\/#article\",\"isPartOf\":{\"@id\":\"http:\/\/denizcankizil.tr\/en\/haberler\/antalya\/ali-bidi-ankara-duatlonunda-cifte-basari-elde-etti\/\"},\"author\":{\"name\":\"Av. Deniz Can K\u0131z\u0131l\",\"@id\":\"https:\/\/denizcankizil.tr\/de\/#\/schema\/person\/5dc1b22991bd7ac833867c10afc9b0ff\"},\"headline\":\"Ali B\u0131d\u0131, Ankara Duatlonu\u2019nda \u00c7ifte Ba\u015far\u0131 Elde Etti\",\"datePublished\":\"2025-07-14T14:41:14+00:00\",\"mainEntityOfPage\":{\"@id\":\"http:\/\/denizcankizil.tr\/en\/haberler\/antalya\/ali-bidi-ankara-duatlonunda-cifte-basari-elde-etti\/\"},\"wordCount\":245,\"publisher\":{\"@id\":\"https:\/\/denizcankizil.tr\/de\/#organization\"},\"articleSection\":[\"Antalya\"],\"inLanguage\":\"en-GB\"},{\"@type\":\"WebPage\",\"@id\":\"http:\/\/denizcankizil.tr\/en\/haberler\/antalya\/ali-bidi-ankara-duatlonunda-cifte-basari-elde-etti\/\",\"url\":\"http:\/\/denizcankizil.tr\/en\/haberler\/antalya\/ali-bidi-ankara-duatlonunda-cifte-basari-elde-etti\/\",\"name\":\"Ali B\u0131d\u0131, Ankara Duatlonu\u2019nda \u00c7ifte Ba\u015far\u0131 Elde Etti - Av. Deniz Can K\u0131z\u0131l\",\"isPartOf\":{\"@id\":\"https:\/\/denizcankizil.tr\/de\/#website\"},\"datePublished\":\"2025-07-14T14:41:14+00:00\",\"breadcrumb\":{\"@id\":\"http:\/\/denizcankizil.tr\/en\/haberler\/antalya\/ali-bidi-ankara-duatlonunda-cifte-basari-elde-etti\/#breadcrumb\"},\"inLanguage\":\"en-GB\",\"potentialAction\":[{\"@type\":\"ReadAction\",\"target\":[\"http:\/\/denizcankizil.tr\/en\/haberler\/antalya\/ali-bidi-ankara-duatlonunda-cifte-basari-elde-etti\/\"]}]},{\"@type\":\"BreadcrumbList\",\"@id\":\"http:\/\/denizcankizil.tr\/en\/haberler\/antalya\/ali-bidi-ankara-duatlonunda-cifte-basari-elde-etti\/#breadcrumb\",\"itemListElement\":[{\"@type\":\"ListItem\",\"position\":1,\"name\":\"Home\",\"item\":\"https:\/\/denizcankizil.tr\/de\/\"},{\"@type\":\"ListItem\",\"position\":2,\"name\":\"Ali B\u0131d\u0131, Ankara Duatlonu\u2019nda \u00c7ifte Ba\u015far\u0131 Elde Etti\"}]},{\"@type\":\"WebSite\",\"@id\":\"https:\/\/denizcankizil.tr\/de\/#website\",\"url\":\"https:\/\/denizcankizil.tr\/de\/\",\"name\":\"Av. Deniz Can K\u0131z\u0131l\",\"description\":\"Avukat Deniz Can K\u0131z\u0131l Antalya Barosu\",\"publisher\":{\"@id\":\"https:\/\/denizcankizil.tr\/de\/#organization\"},\"potentialAction\":[{\"@type\":\"SearchAction\",\"target\":{\"@type\":\"EntryPoint\",\"urlTemplate\":\"https:\/\/denizcankizil.tr\/de\/?s={search_term_string}\"},\"query-input\":{\"@type\":\"PropertyValueSpecification\",\"valueRequired\":true,\"valueName\":\"search_term_string\"}}],\"inLanguage\":\"en-GB\"},{\"@type\":\"Organization\",\"@id\":\"https:\/\/denizcankizil.tr\/de\/#organization\",\"name\":\"Av. Deniz Can K\u0131z\u0131l\",\"url\":\"https:\/\/denizcankizil.tr\/de\/\",\"logo\":{\"@type\":\"ImageObject\",\"inLanguage\":\"en-GB\",\"@id\":\"https:\/\/denizcankizil.tr\/de\/#\/schema\/logo\/image\/\",\"url\":\"http:\/\/denizcankizil.tr\/wp-content\/uploads\/2024\/10\/siyah-logo-svg.svg\",\"contentUrl\":\"http:\/\/denizcankizil.tr\/wp-content\/uploads\/2024\/10\/siyah-logo-svg.svg\",\"width\":1080,\"height\":1080,\"caption\":\"Av. Deniz Can K\u0131z\u0131l\"},\"image\":{\"@id\":\"https:\/\/denizcankizil.tr\/de\/#\/schema\/logo\/image\/\"}},{\"@type\":\"Person\",\"@id\":\"https:\/\/denizcankizil.tr\/de\/#\/schema\/person\/5dc1b22991bd7ac833867c10afc9b0ff\",\"name\":\"Av. Deniz Can K\u0131z\u0131l\",\"image\":{\"@type\":\"ImageObject\",\"inLanguage\":\"en-GB\",\"@id\":\"https:\/\/denizcankizil.tr\/de\/#\/schema\/person\/image\/\",\"url\":\"https:\/\/secure.gravatar.com\/avatar\/a0b128fb9855c79efc976d5640eedb31dc35ec297594d6016d2cf7c60e975bb6?s=96&d=mm&r=g\",\"contentUrl\":\"https:\/\/secure.gravatar.com\/avatar\/a0b128fb9855c79efc976d5640eedb31dc35ec297594d6016d2cf7c60e975bb6?s=96&d=mm&r=g\",\"caption\":\"Av. Deniz Can K\u0131z\u0131l\"},\"sameAs\":[\"http:\/\/www.denizcankizil.tr\"],\"url\":\"http:\/\/denizcankizil.tr\/en\/author\/denizcankizil\/\"}]}<\/script>\n<!-- \/ Yoast SEO Premium plugin. -->","yoast_head_json":{"title":"Ali B\u0131d\u0131, Ankara Duatlonu\u2019nda \u00c7ifte Ba\u015far\u0131 Elde Etti - Av. Deniz Can K\u0131z\u0131l","robots":{"index":"index","follow":"follow","max-snippet":"max-snippet:-1","max-image-preview":"max-image-preview:large","max-video-preview":"max-video-preview:-1"},"canonical":"http:\/\/denizcankizil.tr\/en\/haberler\/antalya\/ali-bidi-ankara-duatlonunda-cifte-basari-elde-etti\/","og_locale":"en_GB","og_type":"article","og_title":"Ali B\u0131d\u0131, Ankara Duatlonu\u2019nda \u00c7ifte Ba\u015far\u0131 Elde Etti","og_description":"\u00a0Antalyal\u0131 i\u015f insan\u0131 ve milli sporcu Ali B\u0131d\u0131, Ankara D\u0131atlonu\u2019ndan iki birincilik ile d\u00f6nd\u00fc. T\u00fcrkiye Triatlon Federasyonu\u2019nun (TTF) 2025 faaliyet program\u0131nda yer alan Ankara Duatlonu, hafta sonu Etimesgut Eryaman TOHM\u2019da ger\u00e7ekle\u015fti. Elit, gen\u00e7, y\u0131ld\u0131z, ya\u015f gruplar\u0131 ve paratriatlet kategorilerinde 300\u2019\u00fcn \u00fczerinde sporcunun m\u00fccadele etti\u011fi etkinlik, b\u00fcy\u00fck bir heyecana sahne oldu. Antalya\u2019dan yar\u0131\u015flara kat\u0131lan \u2018Demir Adam\u2019 lakapl\u0131 milli sporcu ve i\u015f insan\u0131 Ali B\u0131d\u0131, 75-79 Ya\u015f Grubu kategorisinde m\u00fccadele verdi. \u00d6nce 5 km ko\u015fan, ard\u0131ndan 20 km bisiklet s\u00fcren B\u0131d\u0131, 2,5 km daha ko\u015ftuktan sonra parkuru 1 saat 47 dakika 20 saniyede tamamlayarak birincilik k\u00fcrs\u00fcs\u00fcne \u00e7\u0131kt\u0131. \u2018Demir Adam\u2019 ayr\u0131ca Konya, \u0130zmir ve Ankara\u2019da yap\u0131lan yar\u0131\u015flarda elde etti\u011fi ba\u015far\u0131dan dolay\u0131 T\u00fcrkiye Kupas\u0131\u2019na lay\u0131k g\u00f6r\u00fcld\u00fc. B\u0131d\u0131 \u00f6d\u00fcllerini, T\u00fcrkiye Triatlon Federasyonu Ba\u015fkan\u0131 Bayram Yal\u00e7\u0131nkaya\u2019n\u0131n elinden ald\u0131. Ali B\u0131d\u0131\u2019n\u0131n ba\u015fkentteki performans\u0131 hem sporcular, hem de izleyenler taraf\u0131ndan b\u00fcy\u00fck alk\u0131\u015f toplad\u0131. Toplam alt\u0131 farkl\u0131 kategoride d\u00fczenlenen 2025 Ankara Duatlonu, her ya\u015ftan ve performans d\u00fczeyinden sporcuya hitap eden yap\u0131s\u0131yla dikkat \u00e7ekti. Etkinlik, triatlon sporunun T\u00fcrkiye\u2019deki geli\u015fimine katk\u0131 sa\u011flayan \u00f6nemli organizasyonlardan biri olarak \u00f6ne \u00e7\u0131kt\u0131. Kaynak: www.kanalv.com.tr Haber Sitesinden Al\u0131nm\u0131\u015ft\u0131r.","og_url":"http:\/\/denizcankizil.tr\/en\/haberler\/antalya\/ali-bidi-ankara-duatlonunda-cifte-basari-elde-etti\/","og_site_name":"Av. Deniz Can K\u0131z\u0131l","article_published_time":"2025-07-14T14:41:14+00:00","author":"Av. Deniz Can K\u0131z\u0131l","twitter_card":"summary_large_image","twitter_misc":{"Written by":"Av. Deniz Can K\u0131z\u0131l","Estimated reading time":"1 minute"},"schema":{"@context":"https:\/\/schema.org","@graph":[{"@type":"Article","@id":"http:\/\/denizcankizil.tr\/en\/haberler\/antalya\/ali-bidi-ankara-duatlonunda-cifte-basari-elde-etti\/#article","isPartOf":{"@id":"http:\/\/denizcankizil.tr\/en\/haberler\/antalya\/ali-bidi-ankara-duatlonunda-cifte-basari-elde-etti\/"},"author":{"name":"Av. Deniz Can K\u0131z\u0131l","@id":"https:\/\/denizcankizil.tr\/de\/#\/schema\/person\/5dc1b22991bd7ac833867c10afc9b0ff"},"headline":"Ali B\u0131d\u0131, Ankara Duatlonu\u2019nda \u00c7ifte Ba\u015far\u0131 Elde Etti","datePublished":"2025-07-14T14:41:14+00:00","mainEntityOfPage":{"@id":"http:\/\/denizcankizil.tr\/en\/haberler\/antalya\/ali-bidi-ankara-duatlonunda-cifte-basari-elde-etti\/"},"wordCount":245,"publisher":{"@id":"https:\/\/denizcankizil.tr\/de\/#organization"},"articleSection":["Antalya"],"inLanguage":"en-GB"},{"@type":"WebPage","@id":"http:\/\/denizcankizil.tr\/en\/haberler\/antalya\/ali-bidi-ankara-duatlonunda-cifte-basari-elde-etti\/","url":"http:\/\/denizcankizil.tr\/en\/haberler\/antalya\/ali-bidi-ankara-duatlonunda-cifte-basari-elde-etti\/","name":"Ali B\u0131d\u0131, Ankara Duatlonu\u2019nda \u00c7ifte Ba\u015far\u0131 Elde Etti - Av. Deniz Can K\u0131z\u0131l","isPartOf":{"@id":"https:\/\/denizcankizil.tr\/de\/#website"},"datePublished":"2025-07-14T14:41:14+00:00","breadcrumb":{"@id":"http:\/\/denizcankizil.tr\/en\/haberler\/antalya\/ali-bidi-ankara-duatlonunda-cifte-basari-elde-etti\/#breadcrumb"},"inLanguage":"en-GB","potentialAction":[{"@type":"ReadAction","target":["http:\/\/denizcankizil.tr\/en\/haberler\/antalya\/ali-bidi-ankara-duatlonunda-cifte-basari-elde-etti\/"]}]},{"@type":"BreadcrumbList","@id":"http:\/\/denizcankizil.tr\/en\/haberler\/antalya\/ali-bidi-ankara-duatlonunda-cifte-basari-elde-etti\/#breadcrumb","itemListElement":[{"@type":"ListItem","position":1,"name":"Home","item":"https:\/\/denizcankizil.tr\/de\/"},{"@type":"ListItem","position":2,"name":"Ali B\u0131d\u0131, Ankara Duatlonu\u2019nda \u00c7ifte Ba\u015far\u0131 Elde Etti"}]},{"@type":"WebSite","@id":"https:\/\/denizcankizil.tr\/de\/#website","url":"https:\/\/denizcankizil.tr\/de\/","name":"Av. Deniz Can K\u0131z\u0131l","description":"Avukat Deniz Can K\u0131z\u0131l Antalya Barosu","publisher":{"@id":"https:\/\/denizcankizil.tr\/de\/#organization"},"potentialAction":[{"@type":"SearchAction","target":{"@type":"EntryPoint","urlTemplate":"https:\/\/denizcankizil.tr\/de\/?s={search_term_string}"},"query-input":{"@type":"PropertyValueSpecification","valueRequired":true,"valueName":"search_term_string"}}],"inLanguage":"en-GB"},{"@type":"Organization","@id":"https:\/\/denizcankizil.tr\/de\/#organization","name":"Av. Deniz Can K\u0131z\u0131l","url":"https:\/\/denizcankizil.tr\/de\/","logo":{"@type":"ImageObject","inLanguage":"en-GB","@id":"https:\/\/denizcankizil.tr\/de\/#\/schema\/logo\/image\/","url":"http:\/\/denizcankizil.tr\/wp-content\/uploads\/2024\/10\/siyah-logo-svg.svg","contentUrl":"http:\/\/denizcankizil.tr\/wp-content\/uploads\/2024\/10\/siyah-logo-svg.svg","width":1080,"height":1080,"caption":"Av. Deniz Can K\u0131z\u0131l"},"image":{"@id":"https:\/\/denizcankizil.tr\/de\/#\/schema\/logo\/image\/"}},{"@type":"Person","@id":"https:\/\/denizcankizil.tr\/de\/#\/schema\/person\/5dc1b22991bd7ac833867c10afc9b0ff","name":"Av. Deniz Can K\u0131z\u0131l","image":{"@type":"ImageObject","inLanguage":"en-GB","@id":"https:\/\/denizcankizil.tr\/de\/#\/schema\/person\/image\/","url":"https:\/\/secure.gravatar.com\/avatar\/a0b128fb9855c79efc976d5640eedb31dc35ec297594d6016d2cf7c60e975bb6?s=96&d=mm&r=g","contentUrl":"https:\/\/secure.gravatar.com\/avatar\/a0b128fb9855c79efc976d5640eedb31dc35ec297594d6016d2cf7c60e975bb6?s=96&d=mm&r=g","caption":"Av. Deniz Can K\u0131z\u0131l"},"sameAs":["http:\/\/www.denizcankizil.tr"],"url":"http:\/\/denizcankizil.tr\/en\/author\/denizcankizil\/"}]}},"_links":{"self":[{"href":"http:\/\/denizcankizil.tr\/en\/wp-json\/wp\/v2\/posts\/145834","targetHints":{"allow":["GET"]}}],"collection":[{"href":"http:\/\/denizcankizil.tr\/en\/wp-json\/wp\/v2\/posts"}],"about":[{"href":"http:\/\/denizcankizil.tr\/en\/wp-json\/wp\/v2\/types\/post"}],"author":[{"embeddable":true,"href":"http:\/\/denizcankizil.tr\/en\/wp-json\/wp\/v2\/users\/4"}],"replies":[{"embeddable":true,"href":"http:\/\/denizcankizil.tr\/en\/wp-json\/wp\/v2\/comments?post=145834"}],"version-history":[{"count":0,"href":"http:\/\/denizcankizil.tr\/en\/wp-json\/wp\/v2\/posts\/145834\/revisions"}],"wp:attachment":[{"href":"http:\/\/denizcankizil.tr\/en\/wp-json\/wp\/v2\/media?parent=145834"}],"wp:term":[{"taxonomy":"category","embeddable":true,"href":"http:\/\/denizcankizil.tr\/en\/wp-json\/wp\/v2\/categories?post=145834"},{"taxonomy":"post_tag","embeddable":true,"href":"http:\/\/denizcankizil.tr\/en\/wp-json\/wp\/v2\/tags?post=145834"}],"curies":[{"name":"wp","href":"https:\/\/api.w.org\/{rel}","templated":true}]}}