{"id":14316,"date":"2024-11-08T10:41:15","date_gmt":"2024-11-08T07:41:15","guid":{"rendered":"https:\/\/denizcankizil.tr\/uncategorized-tr\/antalyada-bedava-tatilin-adresinde-yikim-basliyor-chpli-belediye-tek-tek-yikacak\/"},"modified":"2024-11-08T10:41:15","modified_gmt":"2024-11-08T07:41:15","slug":"antalyada-bedava-tatilin-adresinde-yikim-basliyor-chpli-belediye-tek-tek-yikacak","status":"publish","type":"post","link":"http:\/\/denizcankizil.tr\/en\/haberler\/gundem\/antalyada-bedava-tatilin-adresinde-yikim-basliyor-chpli-belediye-tek-tek-yikacak\/","title":{"rendered":"Antalya&#8217;da &#8216;bedava tatilin adresi&#8217;nde y\u0131k\u0131m ba\u015fl\u0131yor! CHP&#8217;li belediye tek tek y\u0131kacak"},"content":{"rendered":"<p>Antalya&#8217;n\u0131n Aksu il\u00e7esinde deniz kaplumba\u011falar\u0131n\u0131n yuvalama alan\u0131 olan Kumk\u00f6y Sahili&#8217;nde kurulan ve 2021 y\u0131l\u0131ndan bu yana y\u0131k\u0131m\u0131 y\u0131lan hikayesine d\u00f6nen \u00e7ardaklar i\u00e7in son g\u00fcn 20 Kas\u0131m. Antalya Valili\u011fi ve Aksu Belediyesi, 20 Kas\u0131m&#8217;da \u00e7ardaklar\u0131 y\u0131kacak ve plaj tamamen halk\u0131n kullan\u0131m\u0131na a\u00e7\u0131lacak.<\/p>\n<p>BEDAVA TAT\u0130L\u0130N ADRES\u0130 OLARAK B\u0130L\u0130N\u0130YOR\u00a0<\/p>\n<p>Aksu&#8217;daki 1,5 kilometrelik Kumk\u00f6y Sahili, 2021 y\u0131l\u0131n\u0131n mart ay\u0131nda Cumhurba\u015fkan\u0131 karar\u0131yla &#8216;nesli t\u00fckenme tehlikesindeki deniz kaplumba\u011falar\u0131n\u0131n yuvalama alan\u0131&#8217; ilan edildi. \u00d6zellikle Aksu ve Serik il\u00e7elerindeki binlerce ki\u015finin yaz tatilini ge\u00e7irdi\u011fi, l\u00fcks otellere kom\u015fu ve &#8216;bedava tatilin adresi&#8217; olarak tan\u0131mlanan \u00e7ardaklar i\u00e7in 2022 y\u0131l\u0131nda \u00c7evre, \u015eehircilik ve \u0130klim De\u011fi\u015fikli\u011fi Bakanl\u0131\u011f\u0131&#8217;nca y\u0131k\u0131m karar\u0131 al\u0131nd\u0131. 2 y\u0131l \u00f6nce Aksu Belediyesi&#8217;ne g\u00f6nderilen karar, d\u00f6nemin belediye y\u00f6netimi taraf\u0131ndan uygulanmad\u0131. Y\u0131k\u0131m tarihleri belirlenip, tabelalar as\u0131ld\u0131 ancak s\u00fcrekli ertelendi.<\/p>\n<p>KA\u00c7AK \u00c7ARDAKLARI CHP&#8217;L\u0130 BELED\u0130YE YIKACAK\u00a0<\/p>\n<p>D\u00f6nemin \u00c7evre, \u015eehircilik ve \u0130klim De\u011fi\u015fikli\u011fi Bakan\u0131 Mehmet \u00d6zhaseki, yapt\u0131\u011f\u0131 a\u00e7\u0131klamada, sahillerin denetlenece\u011fini ve ka\u00e7ak yap\u0131la\u015fmaya izin vermeyip y\u0131kacaklar\u0131n\u0131, t\u00fcm sahillerin vatanda\u015fa a\u00e7\u0131laca\u011f\u0131n\u0131 s\u00f6yledi. Bu a\u00e7\u0131klaman\u0131n ard\u0131ndan ka\u00e7ak durumda olan \u00e7ardaklar, bir kez daha g\u00fcndeme geldi. 31 Mart Mahalli \u0130dareler Genel Se\u00e7imi&#8217;nden sonras\u0131 belediye ba\u015fkanl\u0131\u011f\u0131n\u0131 kazanan CHP&#8217;li \u0130sa Y\u0131ld\u0131r\u0131m, \u00e7ardaklarla ilgili y\u0131k\u0131m karar\u0131 ald\u0131. 700 \u00e7ardak sahibine de y\u0131k\u0131m karar\u0131 bildirildi. \u00c7ardaklar i\u00e7in 20 Kas\u0131m son g\u00fcn olacak.<\/p>\n<p>OTEL YA DA \u0130\u015eLETMEYE VER\u0130LMEYECEK\u00a0<\/p>\n<p>Antalya Valisi Hulusi \u015eahin ge\u00e7en haziran ay\u0131nda yapt\u0131\u011f\u0131 a\u00e7\u0131klamada, \u00e7ardaklar\u0131n y\u0131k\u0131m s\u00fcrecinin yak\u0131n takip\u00e7isi olacaklar\u0131n\u0131 ve y\u0131kacaklar\u0131n\u0131 s\u00f6yledi. Plajdaki \u00e7ardaklar\u0131n y\u0131k\u0131m\u0131n\u0131n ard\u0131ndan sahilin tamamen vatanda\u015f\u0131n kullan\u0131m\u0131na sunulaca\u011f\u0131n\u0131 belirten Vali \u015eahin, plaj\u0131n herhangi bir otel ya da i\u015fletmeye verilmeyece\u011fini de vurgulad\u0131. Di\u011fer yandan Aksu Belediyesi \u00e7ardaklarla ilgili yeni bir proje geli\u015ftirdi. Proje kapsam\u0131nda korunma alt\u0131ndaki sahilden 200 metre geriye tek tip ah\u015fap yap\u0131lar\u0131n yap\u0131laca\u011f\u0131, Kumk\u00f6y&#8217;de ikameti olanlara bu alandaki yap\u0131lar\u0131n teslim edilece\u011fi \u00f6\u011frenildi. Belediyenin belirlenen yap\u0131 say\u0131s\u0131n\u0131n d\u0131\u015f\u0131na \u00e7\u0131k\u0131lmas\u0131na da m\u00fcsaade etmeyece\u011fi \u00f6\u011frenildi.<\/p>\n<p>EVS\u0130Z K\u0130\u015e\u0130LER\u0130N BARINDI\u011eI, \u00c7\u00d6P VE K\u0130RL\u0130L\u0130KLE G\u00dcNDEME GEL\u0130YOR<\/p>\n<p>2 katl\u0131 in\u015fa edilen ve \u00e7o\u011funlukla demirden ya da konteynerden olu\u015fan \u00e7ardaklarda, sezonda 5 bin ki\u015fi tatil imkan\u0131 buluyor. B\u00f6lgede elektrik olmad\u0131\u011f\u0131 i\u00e7in g\u00fcne\u015f panelleri ya da ak\u00fclerle bu ihtiyac\u0131 kar\u015f\u0131layan b\u00f6lge sakinleri, su ihtiya\u00e7lar\u0131n\u0131 belediyenin vidanj\u00f6rlerinin g\u00fcn a\u015f\u0131r\u0131 b\u00f6lgeye giderek su depolar\u0131n\u0131 doldurmas\u0131yla kar\u015f\u0131l\u0131yor. Zaman zaman asayi\u015f olaylar\u0131n\u0131n da ya\u015fand\u0131\u011f\u0131 \u00e7ardaklar, vatanda\u015f\u0131n yaz mevsimi sonunda b\u00f6lgeden ayr\u0131lmas\u0131yla evsiz ki\u015filerin bar\u0131nd\u0131\u011f\u0131, \u00e7\u00f6p ve kirlilikle g\u00fcndeme geliyor. Bu y\u0131l son kez tatil yapma imkan\u0131 bulan \u00e7ardak sahiplerinin, yaz mevsiminin sona ermesi ile b\u00f6lgeden ayr\u0131ld\u0131\u011f\u0131 g\u00f6r\u00fcld\u00fc. Baz\u0131 vatanda\u015flar\u0131n plaja kurdu\u011fu \u00e7arda\u011f\u0131n taban\u0131na parke ta\u015f d\u00f6\u015fedi\u011fi ve su deposu yerle\u015ftirdi\u011fi de dikkati \u00e7ekti. Baz\u0131 \u00e7ardaklarda ise otopark\u0131n dahi d\u00fc\u015f\u00fcn\u00fcld\u00fc\u011f\u00fc g\u00f6r\u00fcld\u00fc.\u00a0<\/p>\n<p>\u200bAntalya Aksu&#8217;da yaz aylar\u0131nda &#8216;bedava adresin adresi&#8217; olarak tan\u0131nan Kumk\u00f6y Sahili&#8217;nde bulunan \u00e7ardaklar\u0131n y\u0131k\u0131m\u0131na say\u0131l\u0131 g\u00fcnler kald\u0131.\u00a0<\/p>\n<p>\u200bHaberin Al\u0131nt\u0131land\u0131\u011f\u0131 Kaynak: www.antalyakorfez.com<\/p>","protected":false},"excerpt":{"rendered":"<p>Antalya&#8217;n\u0131n Aksu il\u00e7esinde deniz kaplumba\u011falar\u0131n\u0131n yuvalama alan\u0131 olan Kumk\u00f6y Sahili&#8217;nde kurulan ve 2021 y\u0131l\u0131ndan bu yana y\u0131k\u0131m\u0131 y\u0131lan hikayesine d\u00f6nen \u00e7ardaklar i\u00e7in son g\u00fcn 20 Kas\u0131m. Antalya Valili\u011fi ve Aksu Belediyesi, 20 Kas\u0131m&#8217;da \u00e7ardaklar\u0131 y\u0131kacak ve plaj tamamen halk\u0131n kullan\u0131m\u0131na a\u00e7\u0131lacak. BEDAVA TAT\u0130L\u0130N ADRES\u0130 OLARAK B\u0130L\u0130N\u0130YOR\u00a0 Aksu&#8217;daki 1,5 kilometrelik Kumk\u00f6y Sahili, 2021 y\u0131l\u0131n\u0131n mart ay\u0131nda Cumhurba\u015fkan\u0131 karar\u0131yla &#8216;nesli t\u00fckenme tehlikesindeki deniz kaplumba\u011falar\u0131n\u0131n yuvalama alan\u0131&#8217; ilan edildi. \u00d6zellikle Aksu ve Serik il\u00e7elerindeki binlerce ki\u015finin yaz tatilini ge\u00e7irdi\u011fi, l\u00fcks otellere kom\u015fu ve &#8216;bedava tatilin adresi&#8217; olarak tan\u0131mlanan \u00e7ardaklar i\u00e7in 2022 y\u0131l\u0131nda \u00c7evre, \u015eehircilik ve \u0130klim De\u011fi\u015fikli\u011fi Bakanl\u0131\u011f\u0131&#8217;nca y\u0131k\u0131m karar\u0131 al\u0131nd\u0131. 2 y\u0131l \u00f6nce Aksu Belediyesi&#8217;ne g\u00f6nderilen karar, d\u00f6nemin belediye y\u00f6netimi taraf\u0131ndan uygulanmad\u0131. Y\u0131k\u0131m tarihleri belirlenip, tabelalar as\u0131ld\u0131 ancak s\u00fcrekli ertelendi. KA\u00c7AK \u00c7ARDAKLARI CHP&#8217;L\u0130 BELED\u0130YE YIKACAK\u00a0 D\u00f6nemin \u00c7evre, \u015eehircilik ve \u0130klim De\u011fi\u015fikli\u011fi Bakan\u0131 Mehmet \u00d6zhaseki, yapt\u0131\u011f\u0131 a\u00e7\u0131klamada, sahillerin denetlenece\u011fini ve ka\u00e7ak yap\u0131la\u015fmaya izin vermeyip y\u0131kacaklar\u0131n\u0131, t\u00fcm sahillerin vatanda\u015fa a\u00e7\u0131laca\u011f\u0131n\u0131 s\u00f6yledi. Bu a\u00e7\u0131klaman\u0131n ard\u0131ndan ka\u00e7ak durumda olan \u00e7ardaklar, bir kez daha g\u00fcndeme geldi. 31 Mart Mahalli \u0130dareler Genel Se\u00e7imi&#8217;nden sonras\u0131 belediye ba\u015fkanl\u0131\u011f\u0131n\u0131 kazanan CHP&#8217;li \u0130sa Y\u0131ld\u0131r\u0131m, \u00e7ardaklarla ilgili y\u0131k\u0131m karar\u0131 ald\u0131. 700 \u00e7ardak sahibine de y\u0131k\u0131m karar\u0131 bildirildi. \u00c7ardaklar i\u00e7in 20 Kas\u0131m son g\u00fcn olacak. OTEL YA DA \u0130\u015eLETMEYE VER\u0130LMEYECEK\u00a0 Antalya Valisi Hulusi \u015eahin &hellip;<\/p>","protected":false},"author":0,"featured_media":0,"comment_status":"open","ping_status":"open","sticky":false,"template":"","format":"standard","meta":{"_acf_changed":false,"footnotes":""},"categories":[24,535],"tags":[],"class_list":["post-14316","post","type-post","status-publish","format-standard","has-post-thumbnail","hentry","category-gundem","category-uncategorized-tr"],"acf":[],"yoast_head":"<!-- This site is optimized with the Yoast SEO Premium plugin v26.6 (Yoast SEO v27.1.1) - https:\/\/yoast.com\/product\/yoast-seo-premium-wordpress\/ -->\n<title>Antalya&#039;da &#039;bedava tatilin adresi&#039;nde y\u0131k\u0131m ba\u015fl\u0131yor! CHP&#039;li belediye tek tek y\u0131kacak - Av. Deniz Can K\u0131z\u0131l<\/title>\n<meta name=\"robots\" content=\"index, follow, max-snippet:-1, max-image-preview:large, max-video-preview:-1\" \/>\n<link rel=\"canonical\" href=\"http:\/\/denizcankizil.tr\/en\/haberler\/gundem\/antalyada-bedava-tatilin-adresinde-yikim-basliyor-chpli-belediye-tek-tek-yikacak\/\" \/>\n<meta property=\"og:locale\" content=\"en_GB\" \/>\n<meta property=\"og:type\" content=\"article\" \/>\n<meta property=\"og:title\" content=\"Antalya&#039;da &#039;bedava tatilin adresi&#039;nde y\u0131k\u0131m ba\u015fl\u0131yor! CHP&#039;li belediye tek tek y\u0131kacak\" \/>\n<meta property=\"og:description\" content=\"Antalya&#8217;n\u0131n Aksu il\u00e7esinde deniz kaplumba\u011falar\u0131n\u0131n yuvalama alan\u0131 olan Kumk\u00f6y Sahili&#8217;nde kurulan ve 2021 y\u0131l\u0131ndan bu yana y\u0131k\u0131m\u0131 y\u0131lan hikayesine d\u00f6nen \u00e7ardaklar i\u00e7in son g\u00fcn 20 Kas\u0131m. Antalya Valili\u011fi ve Aksu Belediyesi, 20 Kas\u0131m&#8217;da \u00e7ardaklar\u0131 y\u0131kacak ve plaj tamamen halk\u0131n kullan\u0131m\u0131na a\u00e7\u0131lacak. BEDAVA TAT\u0130L\u0130N ADRES\u0130 OLARAK B\u0130L\u0130N\u0130YOR\u00a0 Aksu&#8217;daki 1,5 kilometrelik Kumk\u00f6y Sahili, 2021 y\u0131l\u0131n\u0131n mart ay\u0131nda Cumhurba\u015fkan\u0131 karar\u0131yla &#8216;nesli t\u00fckenme tehlikesindeki deniz kaplumba\u011falar\u0131n\u0131n yuvalama alan\u0131&#8217; ilan edildi. \u00d6zellikle Aksu ve Serik il\u00e7elerindeki binlerce ki\u015finin yaz tatilini ge\u00e7irdi\u011fi, l\u00fcks otellere kom\u015fu ve &#8216;bedava tatilin adresi&#8217; olarak tan\u0131mlanan \u00e7ardaklar i\u00e7in 2022 y\u0131l\u0131nda \u00c7evre, \u015eehircilik ve \u0130klim De\u011fi\u015fikli\u011fi Bakanl\u0131\u011f\u0131&#8217;nca y\u0131k\u0131m karar\u0131 al\u0131nd\u0131. 2 y\u0131l \u00f6nce Aksu Belediyesi&#8217;ne g\u00f6nderilen karar, d\u00f6nemin belediye y\u00f6netimi taraf\u0131ndan uygulanmad\u0131. Y\u0131k\u0131m tarihleri belirlenip, tabelalar as\u0131ld\u0131 ancak s\u00fcrekli ertelendi. KA\u00c7AK \u00c7ARDAKLARI CHP&#8217;L\u0130 BELED\u0130YE YIKACAK\u00a0 D\u00f6nemin \u00c7evre, \u015eehircilik ve \u0130klim De\u011fi\u015fikli\u011fi Bakan\u0131 Mehmet \u00d6zhaseki, yapt\u0131\u011f\u0131 a\u00e7\u0131klamada, sahillerin denetlenece\u011fini ve ka\u00e7ak yap\u0131la\u015fmaya izin vermeyip y\u0131kacaklar\u0131n\u0131, t\u00fcm sahillerin vatanda\u015fa a\u00e7\u0131laca\u011f\u0131n\u0131 s\u00f6yledi. Bu a\u00e7\u0131klaman\u0131n ard\u0131ndan ka\u00e7ak durumda olan \u00e7ardaklar, bir kez daha g\u00fcndeme geldi. 31 Mart Mahalli \u0130dareler Genel Se\u00e7imi&#8217;nden sonras\u0131 belediye ba\u015fkanl\u0131\u011f\u0131n\u0131 kazanan CHP&#8217;li \u0130sa Y\u0131ld\u0131r\u0131m, \u00e7ardaklarla ilgili y\u0131k\u0131m karar\u0131 ald\u0131. 700 \u00e7ardak sahibine de y\u0131k\u0131m karar\u0131 bildirildi. \u00c7ardaklar i\u00e7in 20 Kas\u0131m son g\u00fcn olacak. OTEL YA DA \u0130\u015eLETMEYE VER\u0130LMEYECEK\u00a0 Antalya Valisi Hulusi \u015eahin &hellip;\" \/>\n<meta property=\"og:url\" content=\"http:\/\/denizcankizil.tr\/en\/haberler\/gundem\/antalyada-bedava-tatilin-adresinde-yikim-basliyor-chpli-belediye-tek-tek-yikacak\/\" \/>\n<meta property=\"og:site_name\" content=\"Av. Deniz Can K\u0131z\u0131l\" \/>\n<meta property=\"article:published_time\" content=\"2024-11-08T07:41:15+00:00\" \/>\n<meta name=\"twitter:card\" content=\"summary_large_image\" \/>\n<meta name=\"twitter:label1\" content=\"Estimated reading time\" \/>\n\t<meta name=\"twitter:data1\" content=\"3 minutes\" \/>\n<script type=\"application\/ld+json\" class=\"yoast-schema-graph\">{\"@context\":\"https:\/\/schema.org\",\"@graph\":[{\"@type\":\"Article\",\"@id\":\"http:\/\/denizcankizil.tr\/en\/haberler\/gundem\/antalyada-bedava-tatilin-adresinde-yikim-basliyor-chpli-belediye-tek-tek-yikacak\/#article\",\"isPartOf\":{\"@id\":\"http:\/\/denizcankizil.tr\/en\/haberler\/gundem\/antalyada-bedava-tatilin-adresinde-yikim-basliyor-chpli-belediye-tek-tek-yikacak\/\"},\"author\":{\"name\":\"\",\"@id\":\"\"},\"headline\":\"Antalya&#8217;da &#8216;bedava tatilin adresi&#8217;nde y\u0131k\u0131m ba\u015fl\u0131yor! CHP&#8217;li belediye tek tek y\u0131kacak\",\"datePublished\":\"2024-11-08T07:41:15+00:00\",\"mainEntityOfPage\":{\"@id\":\"http:\/\/denizcankizil.tr\/en\/haberler\/gundem\/antalyada-bedava-tatilin-adresinde-yikim-basliyor-chpli-belediye-tek-tek-yikacak\/\"},\"wordCount\":649,\"commentCount\":0,\"publisher\":{\"@id\":\"https:\/\/denizcankizil.tr\/de\/#organization\"},\"articleSection\":[\"G\u00fcndem\",\"Uncategorized\"],\"inLanguage\":\"en-GB\",\"potentialAction\":[{\"@type\":\"CommentAction\",\"name\":\"Comment\",\"target\":[\"http:\/\/denizcankizil.tr\/en\/haberler\/gundem\/antalyada-bedava-tatilin-adresinde-yikim-basliyor-chpli-belediye-tek-tek-yikacak\/#respond\"]}]},{\"@type\":\"WebPage\",\"@id\":\"http:\/\/denizcankizil.tr\/en\/haberler\/gundem\/antalyada-bedava-tatilin-adresinde-yikim-basliyor-chpli-belediye-tek-tek-yikacak\/\",\"url\":\"http:\/\/denizcankizil.tr\/en\/haberler\/gundem\/antalyada-bedava-tatilin-adresinde-yikim-basliyor-chpli-belediye-tek-tek-yikacak\/\",\"name\":\"Antalya'da 'bedava tatilin adresi'nde y\u0131k\u0131m ba\u015fl\u0131yor! CHP'li belediye tek tek y\u0131kacak - Av. Deniz Can K\u0131z\u0131l\",\"isPartOf\":{\"@id\":\"https:\/\/denizcankizil.tr\/de\/#website\"},\"datePublished\":\"2024-11-08T07:41:15+00:00\",\"breadcrumb\":{\"@id\":\"http:\/\/denizcankizil.tr\/en\/haberler\/gundem\/antalyada-bedava-tatilin-adresinde-yikim-basliyor-chpli-belediye-tek-tek-yikacak\/#breadcrumb\"},\"inLanguage\":\"en-GB\",\"potentialAction\":[{\"@type\":\"ReadAction\",\"target\":[\"http:\/\/denizcankizil.tr\/en\/haberler\/gundem\/antalyada-bedava-tatilin-adresinde-yikim-basliyor-chpli-belediye-tek-tek-yikacak\/\"]}]},{\"@type\":\"BreadcrumbList\",\"@id\":\"http:\/\/denizcankizil.tr\/en\/haberler\/gundem\/antalyada-bedava-tatilin-adresinde-yikim-basliyor-chpli-belediye-tek-tek-yikacak\/#breadcrumb\",\"itemListElement\":[{\"@type\":\"ListItem\",\"position\":1,\"name\":\"Home\",\"item\":\"https:\/\/denizcankizil.tr\/de\/\"},{\"@type\":\"ListItem\",\"position\":2,\"name\":\"Antalya&#8217;da &#8216;bedava tatilin adresi&#8217;nde y\u0131k\u0131m ba\u015fl\u0131yor! CHP&#8217;li belediye tek tek y\u0131kacak\"}]},{\"@type\":\"WebSite\",\"@id\":\"https:\/\/denizcankizil.tr\/de\/#website\",\"url\":\"https:\/\/denizcankizil.tr\/de\/\",\"name\":\"Av. Deniz Can K\u0131z\u0131l\",\"description\":\"Avukat Deniz Can K\u0131z\u0131l Antalya Barosu\",\"publisher\":{\"@id\":\"https:\/\/denizcankizil.tr\/de\/#organization\"},\"potentialAction\":[{\"@type\":\"SearchAction\",\"target\":{\"@type\":\"EntryPoint\",\"urlTemplate\":\"https:\/\/denizcankizil.tr\/de\/?s={search_term_string}\"},\"query-input\":{\"@type\":\"PropertyValueSpecification\",\"valueRequired\":true,\"valueName\":\"search_term_string\"}}],\"inLanguage\":\"en-GB\"},{\"@type\":\"Organization\",\"@id\":\"https:\/\/denizcankizil.tr\/de\/#organization\",\"name\":\"Av. Deniz Can K\u0131z\u0131l\",\"url\":\"https:\/\/denizcankizil.tr\/de\/\",\"logo\":{\"@type\":\"ImageObject\",\"inLanguage\":\"en-GB\",\"@id\":\"https:\/\/denizcankizil.tr\/de\/#\/schema\/logo\/image\/\",\"url\":\"http:\/\/denizcankizil.tr\/wp-content\/uploads\/2024\/10\/siyah-logo-svg.svg\",\"contentUrl\":\"http:\/\/denizcankizil.tr\/wp-content\/uploads\/2024\/10\/siyah-logo-svg.svg\",\"width\":1080,\"height\":1080,\"caption\":\"Av. Deniz Can K\u0131z\u0131l\"},\"image\":{\"@id\":\"https:\/\/denizcankizil.tr\/de\/#\/schema\/logo\/image\/\"}}]}<\/script>\n<!-- \/ Yoast SEO Premium plugin. -->","yoast_head_json":{"title":"Antalya'da 'bedava tatilin adresi'nde y\u0131k\u0131m ba\u015fl\u0131yor! CHP'li belediye tek tek y\u0131kacak - Av. Deniz Can K\u0131z\u0131l","robots":{"index":"index","follow":"follow","max-snippet":"max-snippet:-1","max-image-preview":"max-image-preview:large","max-video-preview":"max-video-preview:-1"},"canonical":"http:\/\/denizcankizil.tr\/en\/haberler\/gundem\/antalyada-bedava-tatilin-adresinde-yikim-basliyor-chpli-belediye-tek-tek-yikacak\/","og_locale":"en_GB","og_type":"article","og_title":"Antalya'da 'bedava tatilin adresi'nde y\u0131k\u0131m ba\u015fl\u0131yor! CHP'li belediye tek tek y\u0131kacak","og_description":"Antalya&#8217;n\u0131n Aksu il\u00e7esinde deniz kaplumba\u011falar\u0131n\u0131n yuvalama alan\u0131 olan Kumk\u00f6y Sahili&#8217;nde kurulan ve 2021 y\u0131l\u0131ndan bu yana y\u0131k\u0131m\u0131 y\u0131lan hikayesine d\u00f6nen \u00e7ardaklar i\u00e7in son g\u00fcn 20 Kas\u0131m. Antalya Valili\u011fi ve Aksu Belediyesi, 20 Kas\u0131m&#8217;da \u00e7ardaklar\u0131 y\u0131kacak ve plaj tamamen halk\u0131n kullan\u0131m\u0131na a\u00e7\u0131lacak. BEDAVA TAT\u0130L\u0130N ADRES\u0130 OLARAK B\u0130L\u0130N\u0130YOR\u00a0 Aksu&#8217;daki 1,5 kilometrelik Kumk\u00f6y Sahili, 2021 y\u0131l\u0131n\u0131n mart ay\u0131nda Cumhurba\u015fkan\u0131 karar\u0131yla &#8216;nesli t\u00fckenme tehlikesindeki deniz kaplumba\u011falar\u0131n\u0131n yuvalama alan\u0131&#8217; ilan edildi. \u00d6zellikle Aksu ve Serik il\u00e7elerindeki binlerce ki\u015finin yaz tatilini ge\u00e7irdi\u011fi, l\u00fcks otellere kom\u015fu ve &#8216;bedava tatilin adresi&#8217; olarak tan\u0131mlanan \u00e7ardaklar i\u00e7in 2022 y\u0131l\u0131nda \u00c7evre, \u015eehircilik ve \u0130klim De\u011fi\u015fikli\u011fi Bakanl\u0131\u011f\u0131&#8217;nca y\u0131k\u0131m karar\u0131 al\u0131nd\u0131. 2 y\u0131l \u00f6nce Aksu Belediyesi&#8217;ne g\u00f6nderilen karar, d\u00f6nemin belediye y\u00f6netimi taraf\u0131ndan uygulanmad\u0131. Y\u0131k\u0131m tarihleri belirlenip, tabelalar as\u0131ld\u0131 ancak s\u00fcrekli ertelendi. KA\u00c7AK \u00c7ARDAKLARI CHP&#8217;L\u0130 BELED\u0130YE YIKACAK\u00a0 D\u00f6nemin \u00c7evre, \u015eehircilik ve \u0130klim De\u011fi\u015fikli\u011fi Bakan\u0131 Mehmet \u00d6zhaseki, yapt\u0131\u011f\u0131 a\u00e7\u0131klamada, sahillerin denetlenece\u011fini ve ka\u00e7ak yap\u0131la\u015fmaya izin vermeyip y\u0131kacaklar\u0131n\u0131, t\u00fcm sahillerin vatanda\u015fa a\u00e7\u0131laca\u011f\u0131n\u0131 s\u00f6yledi. Bu a\u00e7\u0131klaman\u0131n ard\u0131ndan ka\u00e7ak durumda olan \u00e7ardaklar, bir kez daha g\u00fcndeme geldi. 31 Mart Mahalli \u0130dareler Genel Se\u00e7imi&#8217;nden sonras\u0131 belediye ba\u015fkanl\u0131\u011f\u0131n\u0131 kazanan CHP&#8217;li \u0130sa Y\u0131ld\u0131r\u0131m, \u00e7ardaklarla ilgili y\u0131k\u0131m karar\u0131 ald\u0131. 700 \u00e7ardak sahibine de y\u0131k\u0131m karar\u0131 bildirildi. \u00c7ardaklar i\u00e7in 20 Kas\u0131m son g\u00fcn olacak. OTEL YA DA \u0130\u015eLETMEYE VER\u0130LMEYECEK\u00a0 Antalya Valisi Hulusi \u015eahin &hellip;","og_url":"http:\/\/denizcankizil.tr\/en\/haberler\/gundem\/antalyada-bedava-tatilin-adresinde-yikim-basliyor-chpli-belediye-tek-tek-yikacak\/","og_site_name":"Av. Deniz Can K\u0131z\u0131l","article_published_time":"2024-11-08T07:41:15+00:00","twitter_card":"summary_large_image","twitter_misc":{"Estimated reading time":"3 minutes"},"schema":{"@context":"https:\/\/schema.org","@graph":[{"@type":"Article","@id":"http:\/\/denizcankizil.tr\/en\/haberler\/gundem\/antalyada-bedava-tatilin-adresinde-yikim-basliyor-chpli-belediye-tek-tek-yikacak\/#article","isPartOf":{"@id":"http:\/\/denizcankizil.tr\/en\/haberler\/gundem\/antalyada-bedava-tatilin-adresinde-yikim-basliyor-chpli-belediye-tek-tek-yikacak\/"},"author":{"name":"","@id":""},"headline":"Antalya&#8217;da &#8216;bedava tatilin adresi&#8217;nde y\u0131k\u0131m ba\u015fl\u0131yor! CHP&#8217;li belediye tek tek y\u0131kacak","datePublished":"2024-11-08T07:41:15+00:00","mainEntityOfPage":{"@id":"http:\/\/denizcankizil.tr\/en\/haberler\/gundem\/antalyada-bedava-tatilin-adresinde-yikim-basliyor-chpli-belediye-tek-tek-yikacak\/"},"wordCount":649,"commentCount":0,"publisher":{"@id":"https:\/\/denizcankizil.tr\/de\/#organization"},"articleSection":["G\u00fcndem","Uncategorized"],"inLanguage":"en-GB","potentialAction":[{"@type":"CommentAction","name":"Comment","target":["http:\/\/denizcankizil.tr\/en\/haberler\/gundem\/antalyada-bedava-tatilin-adresinde-yikim-basliyor-chpli-belediye-tek-tek-yikacak\/#respond"]}]},{"@type":"WebPage","@id":"http:\/\/denizcankizil.tr\/en\/haberler\/gundem\/antalyada-bedava-tatilin-adresinde-yikim-basliyor-chpli-belediye-tek-tek-yikacak\/","url":"http:\/\/denizcankizil.tr\/en\/haberler\/gundem\/antalyada-bedava-tatilin-adresinde-yikim-basliyor-chpli-belediye-tek-tek-yikacak\/","name":"Antalya'da 'bedava tatilin adresi'nde y\u0131k\u0131m ba\u015fl\u0131yor! CHP'li belediye tek tek y\u0131kacak - Av. Deniz Can K\u0131z\u0131l","isPartOf":{"@id":"https:\/\/denizcankizil.tr\/de\/#website"},"datePublished":"2024-11-08T07:41:15+00:00","breadcrumb":{"@id":"http:\/\/denizcankizil.tr\/en\/haberler\/gundem\/antalyada-bedava-tatilin-adresinde-yikim-basliyor-chpli-belediye-tek-tek-yikacak\/#breadcrumb"},"inLanguage":"en-GB","potentialAction":[{"@type":"ReadAction","target":["http:\/\/denizcankizil.tr\/en\/haberler\/gundem\/antalyada-bedava-tatilin-adresinde-yikim-basliyor-chpli-belediye-tek-tek-yikacak\/"]}]},{"@type":"BreadcrumbList","@id":"http:\/\/denizcankizil.tr\/en\/haberler\/gundem\/antalyada-bedava-tatilin-adresinde-yikim-basliyor-chpli-belediye-tek-tek-yikacak\/#breadcrumb","itemListElement":[{"@type":"ListItem","position":1,"name":"Home","item":"https:\/\/denizcankizil.tr\/de\/"},{"@type":"ListItem","position":2,"name":"Antalya&#8217;da &#8216;bedava tatilin adresi&#8217;nde y\u0131k\u0131m ba\u015fl\u0131yor! CHP&#8217;li belediye tek tek y\u0131kacak"}]},{"@type":"WebSite","@id":"https:\/\/denizcankizil.tr\/de\/#website","url":"https:\/\/denizcankizil.tr\/de\/","name":"Av. Deniz Can K\u0131z\u0131l","description":"Avukat Deniz Can K\u0131z\u0131l Antalya Barosu","publisher":{"@id":"https:\/\/denizcankizil.tr\/de\/#organization"},"potentialAction":[{"@type":"SearchAction","target":{"@type":"EntryPoint","urlTemplate":"https:\/\/denizcankizil.tr\/de\/?s={search_term_string}"},"query-input":{"@type":"PropertyValueSpecification","valueRequired":true,"valueName":"search_term_string"}}],"inLanguage":"en-GB"},{"@type":"Organization","@id":"https:\/\/denizcankizil.tr\/de\/#organization","name":"Av. Deniz Can K\u0131z\u0131l","url":"https:\/\/denizcankizil.tr\/de\/","logo":{"@type":"ImageObject","inLanguage":"en-GB","@id":"https:\/\/denizcankizil.tr\/de\/#\/schema\/logo\/image\/","url":"http:\/\/denizcankizil.tr\/wp-content\/uploads\/2024\/10\/siyah-logo-svg.svg","contentUrl":"http:\/\/denizcankizil.tr\/wp-content\/uploads\/2024\/10\/siyah-logo-svg.svg","width":1080,"height":1080,"caption":"Av. Deniz Can K\u0131z\u0131l"},"image":{"@id":"https:\/\/denizcankizil.tr\/de\/#\/schema\/logo\/image\/"}}]}},"_links":{"self":[{"href":"http:\/\/denizcankizil.tr\/en\/wp-json\/wp\/v2\/posts\/14316","targetHints":{"allow":["GET"]}}],"collection":[{"href":"http:\/\/denizcankizil.tr\/en\/wp-json\/wp\/v2\/posts"}],"about":[{"href":"http:\/\/denizcankizil.tr\/en\/wp-json\/wp\/v2\/types\/post"}],"replies":[{"embeddable":true,"href":"http:\/\/denizcankizil.tr\/en\/wp-json\/wp\/v2\/comments?post=14316"}],"version-history":[{"count":0,"href":"http:\/\/denizcankizil.tr\/en\/wp-json\/wp\/v2\/posts\/14316\/revisions"}],"wp:attachment":[{"href":"http:\/\/denizcankizil.tr\/en\/wp-json\/wp\/v2\/media?parent=14316"}],"wp:term":[{"taxonomy":"category","embeddable":true,"href":"http:\/\/denizcankizil.tr\/en\/wp-json\/wp\/v2\/categories?post=14316"},{"taxonomy":"post_tag","embeddable":true,"href":"http:\/\/denizcankizil.tr\/en\/wp-json\/wp\/v2\/tags?post=14316"}],"curies":[{"name":"wp","href":"https:\/\/api.w.org\/{rel}","templated":true}]}}