{"id":142733,"date":"2025-07-11T16:41:21","date_gmt":"2025-07-11T13:41:21","guid":{"rendered":"https:\/\/denizcankizil.tr\/uncategorized-tr\/antalya-gunler-sonra-baskanvekiline-kavustu-iste-antalyalilara-ilk-sozleri\/"},"modified":"2025-07-11T16:41:21","modified_gmt":"2025-07-11T13:41:21","slug":"antalya-gunler-sonra-baskanvekiline-kavustu-iste-antalyalilara-ilk-sozleri","status":"publish","type":"post","link":"http:\/\/denizcankizil.tr\/en\/haberler\/gundem\/antalya-gunler-sonra-baskanvekiline-kavustu-iste-antalyalilara-ilk-sozleri\/","title":{"rendered":"Antalya g\u00fcnler sonra ba\u015fkanvekiline kavu\u015ftu: \u0130\u015fte Antalyal\u0131lara ilk s\u00f6zleri"},"content":{"rendered":"<p>Antalya B\u00fcy\u00fck\u015fehir Belediye Ba\u015fkan\u0131 Muhittin B\u00f6cek\u2019in tutuklanmas\u0131n\u0131n ard\u0131ndan ba\u015fkanvekilini se\u00e7mek i\u00e7in ola\u011fan\u00fcst\u00fc topland\u0131. Meclis oturumu meclis birinci ba\u015fkanvekili Bayram Ali \u00c7eltik taraf\u0131ndan y\u00f6netildi. D\u00fcn ya\u015fanan gerilimin ard\u0131ndan AK Parti ve CHP\u2019li meclis \u00fcyelerinin aras\u0131n\u0131n daha samimi ve daha s\u0131cak oldu\u011fu g\u00f6r\u00fcld\u00fc.<\/p>\n<p>104 OYUN 75 TANES\u0130N\u0130 ALDI<\/p>\n<p>Oylamada 104 oy kullan\u0131ld\u0131. Sand\u0131ktan \u00e7\u0131kan ge\u00e7erli oy say\u0131s\u0131 75, bo\u015f \u00e7\u0131kan oy say\u0131s\u0131 ise 29 oldu. Yap\u0131lan oylamada B\u00fc\u015fra \u00d6zdemir, kullan\u0131lan oylar\u0131n 75\u2019ini alarak Antalya B\u00fcy\u00fck\u015fehir Belediye Ba\u015fkan\u0131 Muhittin B\u00f6cek\u2019in tutuklanmas\u0131 sonras\u0131 bo\u015falan ba\u015fkanl\u0131k makam\u0131na vekalet edecek isim oldu. Ba\u015fkanvekili se\u00e7imin ard\u0131ndan Bayram Ali \u00c7eltik koltu\u011funu B\u00fc\u015fra \u00d6zdemir\u2019e emanet etti.<\/p>\n<p>CUMHUR\u0130YET KADINI OLARAK BURADAYIM<\/p>\n<p>G\u00f6reve ba\u015flaman\u0131n kendisi i\u00e7in kolay olmad\u0131\u011f\u0131n\u0131 ifade eden \u00d6zdemir, \u201cMuhittin B\u00f6cek ba\u015fkan\u0131m\u0131z\u0131n Konyaalt\u0131 Belediye Ba\u015fkanl\u0131\u011f\u0131na uzanan yol arkada\u015fl\u0131\u011f\u0131 ve bu kente g\u00f6n\u00fcl vermi\u015f biri isim olarak kar\u015f\u0131n\u0131za \u00e7\u0131kt\u0131m. Toroslar\u0131n evlad\u0131n\u0131n emanetine sahip \u00e7\u0131kacak bir Y\u00f6r\u00fck k\u0131z\u0131 ve Cumhuriyet kad\u0131n\u0131 olarak buraday\u0131m. Ba\u015fkan\u0131m\u0131z\u0131n siyaset \u00fcst\u00fcnl\u00fc\u011f\u00fcn\u00fc en iyi ifade eden o herkesin ba\u015fkan\u0131 iradesini aynen yans\u0131mak \u00fczere kar\u015f\u0131n\u0131zday\u0131m\u201d dedi.<\/p>\n<p>Y\u00dcREKTEN S\u00d6Z VER\u0130YORUM<\/p>\n<p>Kendilerine verilen destek i\u00e7in te\u015fekk\u00fcr eden \u00d6zdemir, \u201cBu g\u00fcvene lay\u0131k olabilmek i\u00e7in t\u00fcm g\u00fcc\u00fcmle \u00e7al\u0131\u015faca\u011f\u0131ma, bu onurlu emaneti ta\u015f\u0131rken Antalya halk\u0131na ve sizlere mahcup olmayaca\u011f\u0131ma y\u00fcrekten s\u00f6z veriyorum. Antalya halk\u0131n\u0131n oylar\u0131yla se\u00e7ilmi\u015f olan belediye ba\u015fkan\u0131m\u0131z Muhittin B\u00f6cek bug\u00fcn hepimizin i\u00e7in ac\u0131tan bir bi\u00e7imde d\u00f6rt duvar aras\u0131nda tutsakt\u0131r. Ba\u015fkan\u0131m\u0131z orada ba\u015f\u0131 dik, anl\u0131\u011f\u0131 a\u00e7\u0131k, biz burada y\u00fcre\u011fimizde onun sevgisiyle dimdik hayattay\u0131z. Bug\u00fcn burada olmas\u0131 gereken ki\u015fi asl\u0131nda Muhittin B\u00f6cek&#8217;tir. \u00c7\u00fcnk\u00fc bu makam, bu yetki, bu sorumluluk ondad\u0131r\u201d a\u00e7\u0131klamas\u0131na yer verdi.<\/p>\n<p>SIRADAN B\u0130R G\u00d6REV DE\u011e\u0130L<\/p>\n<p>Ald\u0131\u011f\u0131 sorumlu\u011fun b\u00fcy\u00fckl\u00fc\u011f\u00fcn\u00fc ifade eden \u00d6zdemir, \u201cO Antalya halk\u0131n\u0131n iradesinin kar\u015f\u0131l\u0131\u011f\u0131d\u0131r. Ben bu iradenin ge\u00e7ici bir vekili, onun iradesinin uygulay\u0131c\u0131s\u0131y\u0131m. Ve bu vekaleti ta\u015f\u0131man\u0131n onuru kadar a\u011f\u0131rl\u0131\u011f\u0131n\u0131zla fark\u0131nday\u0131m. B\u00f6yle bir d\u00f6nemde sorumluluk almak benim i\u00e7in s\u0131radan bir g\u00f6rev de\u011fil. Aksine hem tarihi bir vazife hem de vicdani bir h\u00fck\u00fcml\u00fcl\u00fckt\u00fcr. Antalya halk\u0131n\u0131n ba\u015fkan\u0131m\u0131z\u0131 omuzlar\u0131nda ta\u015f\u0131yarak bu makama aln\u0131n\u0131n ak\u0131yla geri d\u00f6nd\u00fc\u011f\u00fcnde emaneti as\u0131l sahibine yani Antalya&#8217;n\u0131n se\u00e7ilmi\u015f hatta Antalya tarihini ismini yazd\u0131rarak iki kez \u00fcst \u00fcste se\u00e7ilmi\u015f belediye ba\u015fkan\u0131na iade etmek bana verilen bu g\u00f6revin en asil, en onurlu finali olacakt\u0131r\u201d dedi.<\/p>\n<p>M\u00dcSAADE ETMEYECE\u011e\u0130Z<\/p>\n<p>Antalya i\u00e7in bir g\u00fcn bile durmadan \u00e7al\u0131\u015facaklar\u0131n\u0131n s\u00f6z\u00fcn\u00fc veren \u00d6zdemir \u201cBa\u015fkan\u0131m\u0131z\u0131n bize ilk mesaj\u0131 ben d\u00f6nene kadar Antalya i\u00e7in \u00e7al\u0131\u015fmaya devam edin olmu\u015ftur. O y\u00fczden Antalya B\u00fcy\u00fck\u015fehir Belediyesi&#8217;nin hizmet bayra\u011f\u0131n\u0131 yere d\u00fc\u015f\u00fcrmemek art\u0131k hepimizin ortak sorumlulu\u011fudur. Bug\u00fcn siyasi partisi ve g\u00f6r\u00fc\u015f\u00fc fark etmeksizin t\u00fcm meclis \u00fcyelerimizin ortak gayesi Antalya olmal\u0131d\u0131r. Bu meclisin fertleri olarak birlikte hareket ederek bu kentin tek bir g\u00fcn bile hizmetten malum kalmas\u0131na m\u00fcsaade etmeyece\u011fiz. Bu \u015fehir i\u00e7in bir g\u00fcn bile durmadan Antalya&#8217;y\u0131 daima ileriye, \u00f6zg\u00fcr ve adaletli yar\u0131nlara hep birlikte ta\u015f\u0131yaca\u011f\u0131z. Adaletin tecelli etti\u011fi o g\u00fcn geldi\u011finde ba\u015fkan\u0131m\u0131z \u00f6zg\u00fcrl\u00fc\u011f\u00fcyle yeniden aram\u0131za d\u00f6nd\u00fc\u011f\u00fcnde bu emaneti an\u0131m\u0131za ba\u015f\u0131m\u0131z dik bir \u015fekilde kendisine teslim edece\u011fiz\u201d ifadelerine yer verdi.<\/p>\n<p>\u200bAntalya B\u00fcy\u00fck\u015fehir Belediye Ba\u015fkan\u0131 Muhittin B\u00f6cek\u2019in tutuklanmas\u0131 sonras\u0131 bo\u015falan ba\u015fkanl\u0131k makam\u0131na CHP Grup Ba\u015fkanvekili ve Kepez Meclis \u00dcyesi B\u00fc\u015fra \u00d6zdemir se\u00e7ildi. \u0130\u015fte \u00d6zdemir\u2019in Antalyal\u0131lara ilk s\u00f6zleri\u2026\u00a0<\/p>\n<p>\u200bHaberin Al\u0131nt\u0131land\u0131\u011f\u0131 Kaynak: www.antalyakorfez.com<\/p>","protected":false},"excerpt":{"rendered":"<p>Antalya B\u00fcy\u00fck\u015fehir Belediye Ba\u015fkan\u0131 Muhittin B\u00f6cek\u2019in tutuklanmas\u0131n\u0131n ard\u0131ndan ba\u015fkanvekilini se\u00e7mek i\u00e7in ola\u011fan\u00fcst\u00fc topland\u0131. Meclis oturumu meclis birinci ba\u015fkanvekili Bayram Ali \u00c7eltik taraf\u0131ndan y\u00f6netildi. D\u00fcn ya\u015fanan gerilimin ard\u0131ndan AK Parti ve CHP\u2019li meclis \u00fcyelerinin aras\u0131n\u0131n daha samimi ve daha s\u0131cak oldu\u011fu g\u00f6r\u00fcld\u00fc. 104 OYUN 75 TANES\u0130N\u0130 ALDI Oylamada 104 oy kullan\u0131ld\u0131. Sand\u0131ktan \u00e7\u0131kan ge\u00e7erli oy say\u0131s\u0131 75, bo\u015f \u00e7\u0131kan oy say\u0131s\u0131 ise 29 oldu. Yap\u0131lan oylamada B\u00fc\u015fra \u00d6zdemir, kullan\u0131lan oylar\u0131n 75\u2019ini alarak Antalya B\u00fcy\u00fck\u015fehir Belediye Ba\u015fkan\u0131 Muhittin B\u00f6cek\u2019in tutuklanmas\u0131 sonras\u0131 bo\u015falan ba\u015fkanl\u0131k makam\u0131na vekalet edecek isim oldu. Ba\u015fkanvekili se\u00e7imin ard\u0131ndan Bayram Ali \u00c7eltik koltu\u011funu B\u00fc\u015fra \u00d6zdemir\u2019e emanet etti. CUMHUR\u0130YET KADINI OLARAK BURADAYIM G\u00f6reve ba\u015flaman\u0131n kendisi i\u00e7in kolay olmad\u0131\u011f\u0131n\u0131 ifade eden \u00d6zdemir, \u201cMuhittin B\u00f6cek ba\u015fkan\u0131m\u0131z\u0131n Konyaalt\u0131 Belediye Ba\u015fkanl\u0131\u011f\u0131na uzanan yol arkada\u015fl\u0131\u011f\u0131 ve bu kente g\u00f6n\u00fcl vermi\u015f biri isim olarak kar\u015f\u0131n\u0131za \u00e7\u0131kt\u0131m. Toroslar\u0131n evlad\u0131n\u0131n emanetine sahip \u00e7\u0131kacak bir Y\u00f6r\u00fck k\u0131z\u0131 ve Cumhuriyet kad\u0131n\u0131 olarak buraday\u0131m. Ba\u015fkan\u0131m\u0131z\u0131n siyaset \u00fcst\u00fcnl\u00fc\u011f\u00fcn\u00fc en iyi ifade eden o herkesin ba\u015fkan\u0131 iradesini aynen yans\u0131mak \u00fczere kar\u015f\u0131n\u0131zday\u0131m\u201d dedi. Y\u00dcREKTEN S\u00d6Z VER\u0130YORUM Kendilerine verilen destek i\u00e7in te\u015fekk\u00fcr eden \u00d6zdemir, \u201cBu g\u00fcvene lay\u0131k olabilmek i\u00e7in t\u00fcm g\u00fcc\u00fcmle \u00e7al\u0131\u015faca\u011f\u0131ma, bu onurlu emaneti ta\u015f\u0131rken Antalya halk\u0131na ve sizlere mahcup olmayaca\u011f\u0131ma y\u00fcrekten s\u00f6z veriyorum. Antalya halk\u0131n\u0131n oylar\u0131yla se\u00e7ilmi\u015f olan belediye ba\u015fkan\u0131m\u0131z Muhittin B\u00f6cek bug\u00fcn hepimizin &hellip;<\/p>","protected":false},"author":5,"featured_media":0,"comment_status":"","ping_status":"open","sticky":false,"template":"","format":"standard","meta":{"_acf_changed":false,"footnotes":""},"categories":[24],"tags":[],"class_list":["post-142733","post","type-post","status-publish","format-standard","has-post-thumbnail","hentry","category-gundem"],"acf":[],"yoast_head":"<!-- This site is optimized with the Yoast SEO Premium plugin v26.6 (Yoast SEO v27.1.1) - https:\/\/yoast.com\/product\/yoast-seo-premium-wordpress\/ -->\n<title>Antalya g\u00fcnler sonra ba\u015fkanvekiline kavu\u015ftu: \u0130\u015fte Antalyal\u0131lara ilk s\u00f6zleri - Av. Deniz Can K\u0131z\u0131l<\/title>\n<meta name=\"robots\" content=\"index, follow, max-snippet:-1, max-image-preview:large, max-video-preview:-1\" \/>\n<link rel=\"canonical\" href=\"http:\/\/denizcankizil.tr\/en\/haberler\/gundem\/antalya-gunler-sonra-baskanvekiline-kavustu-iste-antalyalilara-ilk-sozleri\/\" \/>\n<meta property=\"og:locale\" content=\"en_GB\" \/>\n<meta property=\"og:type\" content=\"article\" \/>\n<meta property=\"og:title\" content=\"Antalya g\u00fcnler sonra ba\u015fkanvekiline kavu\u015ftu: \u0130\u015fte Antalyal\u0131lara ilk s\u00f6zleri\" \/>\n<meta property=\"og:description\" content=\"Antalya B\u00fcy\u00fck\u015fehir Belediye Ba\u015fkan\u0131 Muhittin B\u00f6cek\u2019in tutuklanmas\u0131n\u0131n ard\u0131ndan ba\u015fkanvekilini se\u00e7mek i\u00e7in ola\u011fan\u00fcst\u00fc topland\u0131. Meclis oturumu meclis birinci ba\u015fkanvekili Bayram Ali \u00c7eltik taraf\u0131ndan y\u00f6netildi. D\u00fcn ya\u015fanan gerilimin ard\u0131ndan AK Parti ve CHP\u2019li meclis \u00fcyelerinin aras\u0131n\u0131n daha samimi ve daha s\u0131cak oldu\u011fu g\u00f6r\u00fcld\u00fc. 104 OYUN 75 TANES\u0130N\u0130 ALDI Oylamada 104 oy kullan\u0131ld\u0131. Sand\u0131ktan \u00e7\u0131kan ge\u00e7erli oy say\u0131s\u0131 75, bo\u015f \u00e7\u0131kan oy say\u0131s\u0131 ise 29 oldu. Yap\u0131lan oylamada B\u00fc\u015fra \u00d6zdemir, kullan\u0131lan oylar\u0131n 75\u2019ini alarak Antalya B\u00fcy\u00fck\u015fehir Belediye Ba\u015fkan\u0131 Muhittin B\u00f6cek\u2019in tutuklanmas\u0131 sonras\u0131 bo\u015falan ba\u015fkanl\u0131k makam\u0131na vekalet edecek isim oldu. Ba\u015fkanvekili se\u00e7imin ard\u0131ndan Bayram Ali \u00c7eltik koltu\u011funu B\u00fc\u015fra \u00d6zdemir\u2019e emanet etti. CUMHUR\u0130YET KADINI OLARAK BURADAYIM G\u00f6reve ba\u015flaman\u0131n kendisi i\u00e7in kolay olmad\u0131\u011f\u0131n\u0131 ifade eden \u00d6zdemir, \u201cMuhittin B\u00f6cek ba\u015fkan\u0131m\u0131z\u0131n Konyaalt\u0131 Belediye Ba\u015fkanl\u0131\u011f\u0131na uzanan yol arkada\u015fl\u0131\u011f\u0131 ve bu kente g\u00f6n\u00fcl vermi\u015f biri isim olarak kar\u015f\u0131n\u0131za \u00e7\u0131kt\u0131m. Toroslar\u0131n evlad\u0131n\u0131n emanetine sahip \u00e7\u0131kacak bir Y\u00f6r\u00fck k\u0131z\u0131 ve Cumhuriyet kad\u0131n\u0131 olarak buraday\u0131m. Ba\u015fkan\u0131m\u0131z\u0131n siyaset \u00fcst\u00fcnl\u00fc\u011f\u00fcn\u00fc en iyi ifade eden o herkesin ba\u015fkan\u0131 iradesini aynen yans\u0131mak \u00fczere kar\u015f\u0131n\u0131zday\u0131m\u201d dedi. Y\u00dcREKTEN S\u00d6Z VER\u0130YORUM Kendilerine verilen destek i\u00e7in te\u015fekk\u00fcr eden \u00d6zdemir, \u201cBu g\u00fcvene lay\u0131k olabilmek i\u00e7in t\u00fcm g\u00fcc\u00fcmle \u00e7al\u0131\u015faca\u011f\u0131ma, bu onurlu emaneti ta\u015f\u0131rken Antalya halk\u0131na ve sizlere mahcup olmayaca\u011f\u0131ma y\u00fcrekten s\u00f6z veriyorum. Antalya halk\u0131n\u0131n oylar\u0131yla se\u00e7ilmi\u015f olan belediye ba\u015fkan\u0131m\u0131z Muhittin B\u00f6cek bug\u00fcn hepimizin &hellip;\" \/>\n<meta property=\"og:url\" content=\"http:\/\/denizcankizil.tr\/en\/haberler\/gundem\/antalya-gunler-sonra-baskanvekiline-kavustu-iste-antalyalilara-ilk-sozleri\/\" \/>\n<meta property=\"og:site_name\" content=\"Av. Deniz Can K\u0131z\u0131l\" \/>\n<meta property=\"article:published_time\" content=\"2025-07-11T13:41:21+00:00\" \/>\n<meta name=\"author\" content=\"Antalya K\u00f6rfez\" \/>\n<meta name=\"twitter:card\" content=\"summary_large_image\" \/>\n<meta name=\"twitter:label1\" content=\"Written by\" \/>\n\t<meta name=\"twitter:data1\" content=\"Antalya K\u00f6rfez\" \/>\n\t<meta name=\"twitter:label2\" content=\"Estimated reading time\" \/>\n\t<meta name=\"twitter:data2\" content=\"4 minutes\" \/>\n<script type=\"application\/ld+json\" class=\"yoast-schema-graph\">{\"@context\":\"https:\/\/schema.org\",\"@graph\":[{\"@type\":\"Article\",\"@id\":\"http:\/\/denizcankizil.tr\/en\/haberler\/gundem\/antalya-gunler-sonra-baskanvekiline-kavustu-iste-antalyalilara-ilk-sozleri\/#article\",\"isPartOf\":{\"@id\":\"http:\/\/denizcankizil.tr\/en\/haberler\/gundem\/antalya-gunler-sonra-baskanvekiline-kavustu-iste-antalyalilara-ilk-sozleri\/\"},\"author\":{\"name\":\"Antalya K\u00f6rfez\",\"@id\":\"https:\/\/denizcankizil.tr\/de\/#\/schema\/person\/e1eb71bb4dd684d46563f0af307e1234\"},\"headline\":\"Antalya g\u00fcnler sonra ba\u015fkanvekiline kavu\u015ftu: \u0130\u015fte Antalyal\u0131lara ilk s\u00f6zleri\",\"datePublished\":\"2025-07-11T13:41:21+00:00\",\"mainEntityOfPage\":{\"@id\":\"http:\/\/denizcankizil.tr\/en\/haberler\/gundem\/antalya-gunler-sonra-baskanvekiline-kavustu-iste-antalyalilara-ilk-sozleri\/\"},\"wordCount\":760,\"publisher\":{\"@id\":\"https:\/\/denizcankizil.tr\/de\/#organization\"},\"articleSection\":[\"G\u00fcndem\"],\"inLanguage\":\"en-GB\"},{\"@type\":\"WebPage\",\"@id\":\"http:\/\/denizcankizil.tr\/en\/haberler\/gundem\/antalya-gunler-sonra-baskanvekiline-kavustu-iste-antalyalilara-ilk-sozleri\/\",\"url\":\"http:\/\/denizcankizil.tr\/en\/haberler\/gundem\/antalya-gunler-sonra-baskanvekiline-kavustu-iste-antalyalilara-ilk-sozleri\/\",\"name\":\"Antalya g\u00fcnler sonra ba\u015fkanvekiline kavu\u015ftu: \u0130\u015fte Antalyal\u0131lara ilk s\u00f6zleri - Av. Deniz Can K\u0131z\u0131l\",\"isPartOf\":{\"@id\":\"https:\/\/denizcankizil.tr\/de\/#website\"},\"datePublished\":\"2025-07-11T13:41:21+00:00\",\"breadcrumb\":{\"@id\":\"http:\/\/denizcankizil.tr\/en\/haberler\/gundem\/antalya-gunler-sonra-baskanvekiline-kavustu-iste-antalyalilara-ilk-sozleri\/#breadcrumb\"},\"inLanguage\":\"en-GB\",\"potentialAction\":[{\"@type\":\"ReadAction\",\"target\":[\"http:\/\/denizcankizil.tr\/en\/haberler\/gundem\/antalya-gunler-sonra-baskanvekiline-kavustu-iste-antalyalilara-ilk-sozleri\/\"]}]},{\"@type\":\"BreadcrumbList\",\"@id\":\"http:\/\/denizcankizil.tr\/en\/haberler\/gundem\/antalya-gunler-sonra-baskanvekiline-kavustu-iste-antalyalilara-ilk-sozleri\/#breadcrumb\",\"itemListElement\":[{\"@type\":\"ListItem\",\"position\":1,\"name\":\"Home\",\"item\":\"https:\/\/denizcankizil.tr\/de\/\"},{\"@type\":\"ListItem\",\"position\":2,\"name\":\"Antalya g\u00fcnler sonra ba\u015fkanvekiline kavu\u015ftu: \u0130\u015fte Antalyal\u0131lara ilk s\u00f6zleri\"}]},{\"@type\":\"WebSite\",\"@id\":\"https:\/\/denizcankizil.tr\/de\/#website\",\"url\":\"https:\/\/denizcankizil.tr\/de\/\",\"name\":\"Av. Deniz Can K\u0131z\u0131l\",\"description\":\"Avukat Deniz Can K\u0131z\u0131l Antalya Barosu\",\"publisher\":{\"@id\":\"https:\/\/denizcankizil.tr\/de\/#organization\"},\"potentialAction\":[{\"@type\":\"SearchAction\",\"target\":{\"@type\":\"EntryPoint\",\"urlTemplate\":\"https:\/\/denizcankizil.tr\/de\/?s={search_term_string}\"},\"query-input\":{\"@type\":\"PropertyValueSpecification\",\"valueRequired\":true,\"valueName\":\"search_term_string\"}}],\"inLanguage\":\"en-GB\"},{\"@type\":\"Organization\",\"@id\":\"https:\/\/denizcankizil.tr\/de\/#organization\",\"name\":\"Av. Deniz Can K\u0131z\u0131l\",\"url\":\"https:\/\/denizcankizil.tr\/de\/\",\"logo\":{\"@type\":\"ImageObject\",\"inLanguage\":\"en-GB\",\"@id\":\"https:\/\/denizcankizil.tr\/de\/#\/schema\/logo\/image\/\",\"url\":\"http:\/\/denizcankizil.tr\/wp-content\/uploads\/2024\/10\/siyah-logo-svg.svg\",\"contentUrl\":\"http:\/\/denizcankizil.tr\/wp-content\/uploads\/2024\/10\/siyah-logo-svg.svg\",\"width\":1080,\"height\":1080,\"caption\":\"Av. Deniz Can K\u0131z\u0131l\"},\"image\":{\"@id\":\"https:\/\/denizcankizil.tr\/de\/#\/schema\/logo\/image\/\"}},{\"@type\":\"Person\",\"@id\":\"https:\/\/denizcankizil.tr\/de\/#\/schema\/person\/e1eb71bb4dd684d46563f0af307e1234\",\"name\":\"Antalya K\u00f6rfez\",\"image\":{\"@type\":\"ImageObject\",\"inLanguage\":\"en-GB\",\"@id\":\"https:\/\/denizcankizil.tr\/de\/#\/schema\/person\/image\/\",\"url\":\"https:\/\/secure.gravatar.com\/avatar\/42b01982558a48a0b501fdcab6a408d3717ea5919095ee2e67b0e521799c5905?s=96&d=mm&r=g\",\"contentUrl\":\"https:\/\/secure.gravatar.com\/avatar\/42b01982558a48a0b501fdcab6a408d3717ea5919095ee2e67b0e521799c5905?s=96&d=mm&r=g\",\"caption\":\"Antalya K\u00f6rfez\"},\"sameAs\":[\"http:\/\/www.antalyakorfez.com\"],\"url\":\"https:\/\/www.antalyakorfez.com\/antalya-gunler-sonra-baskanvekiline-kavustu-iste-antalyalilara-ilk-sozleri\"}]}<\/script>\n<!-- \/ Yoast SEO Premium plugin. -->","yoast_head_json":{"title":"Antalya g\u00fcnler sonra ba\u015fkanvekiline kavu\u015ftu: \u0130\u015fte Antalyal\u0131lara ilk s\u00f6zleri - Av. Deniz Can K\u0131z\u0131l","robots":{"index":"index","follow":"follow","max-snippet":"max-snippet:-1","max-image-preview":"max-image-preview:large","max-video-preview":"max-video-preview:-1"},"canonical":"http:\/\/denizcankizil.tr\/en\/haberler\/gundem\/antalya-gunler-sonra-baskanvekiline-kavustu-iste-antalyalilara-ilk-sozleri\/","og_locale":"en_GB","og_type":"article","og_title":"Antalya g\u00fcnler sonra ba\u015fkanvekiline kavu\u015ftu: \u0130\u015fte Antalyal\u0131lara ilk s\u00f6zleri","og_description":"Antalya B\u00fcy\u00fck\u015fehir Belediye Ba\u015fkan\u0131 Muhittin B\u00f6cek\u2019in tutuklanmas\u0131n\u0131n ard\u0131ndan ba\u015fkanvekilini se\u00e7mek i\u00e7in ola\u011fan\u00fcst\u00fc topland\u0131. Meclis oturumu meclis birinci ba\u015fkanvekili Bayram Ali \u00c7eltik taraf\u0131ndan y\u00f6netildi. D\u00fcn ya\u015fanan gerilimin ard\u0131ndan AK Parti ve CHP\u2019li meclis \u00fcyelerinin aras\u0131n\u0131n daha samimi ve daha s\u0131cak oldu\u011fu g\u00f6r\u00fcld\u00fc. 104 OYUN 75 TANES\u0130N\u0130 ALDI Oylamada 104 oy kullan\u0131ld\u0131. Sand\u0131ktan \u00e7\u0131kan ge\u00e7erli oy say\u0131s\u0131 75, bo\u015f \u00e7\u0131kan oy say\u0131s\u0131 ise 29 oldu. Yap\u0131lan oylamada B\u00fc\u015fra \u00d6zdemir, kullan\u0131lan oylar\u0131n 75\u2019ini alarak Antalya B\u00fcy\u00fck\u015fehir Belediye Ba\u015fkan\u0131 Muhittin B\u00f6cek\u2019in tutuklanmas\u0131 sonras\u0131 bo\u015falan ba\u015fkanl\u0131k makam\u0131na vekalet edecek isim oldu. Ba\u015fkanvekili se\u00e7imin ard\u0131ndan Bayram Ali \u00c7eltik koltu\u011funu B\u00fc\u015fra \u00d6zdemir\u2019e emanet etti. CUMHUR\u0130YET KADINI OLARAK BURADAYIM G\u00f6reve ba\u015flaman\u0131n kendisi i\u00e7in kolay olmad\u0131\u011f\u0131n\u0131 ifade eden \u00d6zdemir, \u201cMuhittin B\u00f6cek ba\u015fkan\u0131m\u0131z\u0131n Konyaalt\u0131 Belediye Ba\u015fkanl\u0131\u011f\u0131na uzanan yol arkada\u015fl\u0131\u011f\u0131 ve bu kente g\u00f6n\u00fcl vermi\u015f biri isim olarak kar\u015f\u0131n\u0131za \u00e7\u0131kt\u0131m. Toroslar\u0131n evlad\u0131n\u0131n emanetine sahip \u00e7\u0131kacak bir Y\u00f6r\u00fck k\u0131z\u0131 ve Cumhuriyet kad\u0131n\u0131 olarak buraday\u0131m. Ba\u015fkan\u0131m\u0131z\u0131n siyaset \u00fcst\u00fcnl\u00fc\u011f\u00fcn\u00fc en iyi ifade eden o herkesin ba\u015fkan\u0131 iradesini aynen yans\u0131mak \u00fczere kar\u015f\u0131n\u0131zday\u0131m\u201d dedi. Y\u00dcREKTEN S\u00d6Z VER\u0130YORUM Kendilerine verilen destek i\u00e7in te\u015fekk\u00fcr eden \u00d6zdemir, \u201cBu g\u00fcvene lay\u0131k olabilmek i\u00e7in t\u00fcm g\u00fcc\u00fcmle \u00e7al\u0131\u015faca\u011f\u0131ma, bu onurlu emaneti ta\u015f\u0131rken Antalya halk\u0131na ve sizlere mahcup olmayaca\u011f\u0131ma y\u00fcrekten s\u00f6z veriyorum. Antalya halk\u0131n\u0131n oylar\u0131yla se\u00e7ilmi\u015f olan belediye ba\u015fkan\u0131m\u0131z Muhittin B\u00f6cek bug\u00fcn hepimizin &hellip;","og_url":"http:\/\/denizcankizil.tr\/en\/haberler\/gundem\/antalya-gunler-sonra-baskanvekiline-kavustu-iste-antalyalilara-ilk-sozleri\/","og_site_name":"Av. Deniz Can K\u0131z\u0131l","article_published_time":"2025-07-11T13:41:21+00:00","author":"Antalya K\u00f6rfez","twitter_card":"summary_large_image","twitter_misc":{"Written by":"Antalya K\u00f6rfez","Estimated reading time":"4 minutes"},"schema":{"@context":"https:\/\/schema.org","@graph":[{"@type":"Article","@id":"http:\/\/denizcankizil.tr\/en\/haberler\/gundem\/antalya-gunler-sonra-baskanvekiline-kavustu-iste-antalyalilara-ilk-sozleri\/#article","isPartOf":{"@id":"http:\/\/denizcankizil.tr\/en\/haberler\/gundem\/antalya-gunler-sonra-baskanvekiline-kavustu-iste-antalyalilara-ilk-sozleri\/"},"author":{"name":"Antalya K\u00f6rfez","@id":"https:\/\/denizcankizil.tr\/de\/#\/schema\/person\/e1eb71bb4dd684d46563f0af307e1234"},"headline":"Antalya g\u00fcnler sonra ba\u015fkanvekiline kavu\u015ftu: \u0130\u015fte Antalyal\u0131lara ilk s\u00f6zleri","datePublished":"2025-07-11T13:41:21+00:00","mainEntityOfPage":{"@id":"http:\/\/denizcankizil.tr\/en\/haberler\/gundem\/antalya-gunler-sonra-baskanvekiline-kavustu-iste-antalyalilara-ilk-sozleri\/"},"wordCount":760,"publisher":{"@id":"https:\/\/denizcankizil.tr\/de\/#organization"},"articleSection":["G\u00fcndem"],"inLanguage":"en-GB"},{"@type":"WebPage","@id":"http:\/\/denizcankizil.tr\/en\/haberler\/gundem\/antalya-gunler-sonra-baskanvekiline-kavustu-iste-antalyalilara-ilk-sozleri\/","url":"http:\/\/denizcankizil.tr\/en\/haberler\/gundem\/antalya-gunler-sonra-baskanvekiline-kavustu-iste-antalyalilara-ilk-sozleri\/","name":"Antalya g\u00fcnler sonra ba\u015fkanvekiline kavu\u015ftu: \u0130\u015fte Antalyal\u0131lara ilk s\u00f6zleri - Av. Deniz Can K\u0131z\u0131l","isPartOf":{"@id":"https:\/\/denizcankizil.tr\/de\/#website"},"datePublished":"2025-07-11T13:41:21+00:00","breadcrumb":{"@id":"http:\/\/denizcankizil.tr\/en\/haberler\/gundem\/antalya-gunler-sonra-baskanvekiline-kavustu-iste-antalyalilara-ilk-sozleri\/#breadcrumb"},"inLanguage":"en-GB","potentialAction":[{"@type":"ReadAction","target":["http:\/\/denizcankizil.tr\/en\/haberler\/gundem\/antalya-gunler-sonra-baskanvekiline-kavustu-iste-antalyalilara-ilk-sozleri\/"]}]},{"@type":"BreadcrumbList","@id":"http:\/\/denizcankizil.tr\/en\/haberler\/gundem\/antalya-gunler-sonra-baskanvekiline-kavustu-iste-antalyalilara-ilk-sozleri\/#breadcrumb","itemListElement":[{"@type":"ListItem","position":1,"name":"Home","item":"https:\/\/denizcankizil.tr\/de\/"},{"@type":"ListItem","position":2,"name":"Antalya g\u00fcnler sonra ba\u015fkanvekiline kavu\u015ftu: \u0130\u015fte Antalyal\u0131lara ilk s\u00f6zleri"}]},{"@type":"WebSite","@id":"https:\/\/denizcankizil.tr\/de\/#website","url":"https:\/\/denizcankizil.tr\/de\/","name":"Av. Deniz Can K\u0131z\u0131l","description":"Avukat Deniz Can K\u0131z\u0131l Antalya Barosu","publisher":{"@id":"https:\/\/denizcankizil.tr\/de\/#organization"},"potentialAction":[{"@type":"SearchAction","target":{"@type":"EntryPoint","urlTemplate":"https:\/\/denizcankizil.tr\/de\/?s={search_term_string}"},"query-input":{"@type":"PropertyValueSpecification","valueRequired":true,"valueName":"search_term_string"}}],"inLanguage":"en-GB"},{"@type":"Organization","@id":"https:\/\/denizcankizil.tr\/de\/#organization","name":"Av. Deniz Can K\u0131z\u0131l","url":"https:\/\/denizcankizil.tr\/de\/","logo":{"@type":"ImageObject","inLanguage":"en-GB","@id":"https:\/\/denizcankizil.tr\/de\/#\/schema\/logo\/image\/","url":"http:\/\/denizcankizil.tr\/wp-content\/uploads\/2024\/10\/siyah-logo-svg.svg","contentUrl":"http:\/\/denizcankizil.tr\/wp-content\/uploads\/2024\/10\/siyah-logo-svg.svg","width":1080,"height":1080,"caption":"Av. Deniz Can K\u0131z\u0131l"},"image":{"@id":"https:\/\/denizcankizil.tr\/de\/#\/schema\/logo\/image\/"}},{"@type":"Person","@id":"https:\/\/denizcankizil.tr\/de\/#\/schema\/person\/e1eb71bb4dd684d46563f0af307e1234","name":"Antalya K\u00f6rfez","image":{"@type":"ImageObject","inLanguage":"en-GB","@id":"https:\/\/denizcankizil.tr\/de\/#\/schema\/person\/image\/","url":"https:\/\/secure.gravatar.com\/avatar\/42b01982558a48a0b501fdcab6a408d3717ea5919095ee2e67b0e521799c5905?s=96&d=mm&r=g","contentUrl":"https:\/\/secure.gravatar.com\/avatar\/42b01982558a48a0b501fdcab6a408d3717ea5919095ee2e67b0e521799c5905?s=96&d=mm&r=g","caption":"Antalya K\u00f6rfez"},"sameAs":["http:\/\/www.antalyakorfez.com"],"url":"https:\/\/www.antalyakorfez.com\/antalya-gunler-sonra-baskanvekiline-kavustu-iste-antalyalilara-ilk-sozleri"}]}},"_links":{"self":[{"href":"http:\/\/denizcankizil.tr\/en\/wp-json\/wp\/v2\/posts\/142733","targetHints":{"allow":["GET"]}}],"collection":[{"href":"http:\/\/denizcankizil.tr\/en\/wp-json\/wp\/v2\/posts"}],"about":[{"href":"http:\/\/denizcankizil.tr\/en\/wp-json\/wp\/v2\/types\/post"}],"author":[{"embeddable":true,"href":"http:\/\/denizcankizil.tr\/en\/wp-json\/wp\/v2\/users\/5"}],"replies":[{"embeddable":true,"href":"http:\/\/denizcankizil.tr\/en\/wp-json\/wp\/v2\/comments?post=142733"}],"version-history":[{"count":0,"href":"http:\/\/denizcankizil.tr\/en\/wp-json\/wp\/v2\/posts\/142733\/revisions"}],"wp:attachment":[{"href":"http:\/\/denizcankizil.tr\/en\/wp-json\/wp\/v2\/media?parent=142733"}],"wp:term":[{"taxonomy":"category","embeddable":true,"href":"http:\/\/denizcankizil.tr\/en\/wp-json\/wp\/v2\/categories?post=142733"},{"taxonomy":"post_tag","embeddable":true,"href":"http:\/\/denizcankizil.tr\/en\/wp-json\/wp\/v2\/tags?post=142733"}],"curies":[{"name":"wp","href":"https:\/\/api.w.org\/{rel}","templated":true}]}}