{"id":142569,"date":"2025-07-11T12:41:19","date_gmt":"2025-07-11T09:41:19","guid":{"rendered":"https:\/\/denizcankizil.tr\/uncategorized-tr\/sap-hastaligi-kirmizi-et-fiyatlarini-etkiler-mi\/"},"modified":"2025-07-11T12:41:19","modified_gmt":"2025-07-11T09:41:19","slug":"sap-hastaligi-kirmizi-et-fiyatlarini-etkiler-mi","status":"publish","type":"post","link":"http:\/\/denizcankizil.tr\/en\/haberler\/gundem\/sap-hastaligi-kirmizi-et-fiyatlarini-etkiler-mi\/","title":{"rendered":"\u015eap hastal\u0131\u011f\u0131 k\u0131rm\u0131z\u0131 et fiyatlar\u0131n\u0131 etkiler mi?"},"content":{"rendered":"<p>Tar\u0131m ve Orman Bakanl\u0131\u011f\u0131 taraf\u0131ndan al\u0131nan kararla, \u00fclke \u00e7ap\u0131nda canl\u0131 hayvan pazarlar\u0131 kapat\u0131ld\u0131. Karara gerek\u00e7e olarak da \u015fap hastal\u0131\u011f\u0131 g\u00f6sterildi. Antalya K\u0131rm\u0131z\u0131 Et \u00dcreticileri Birli\u011fi Ba\u015fkan\u0131 \u0130lhan Ayhan, bakanl\u0131\u011f\u0131n karar\u0131n\u0131 de\u011ferlendirdi. Ba\u015fkan \u0130lhan Ayhan, \u015fap hastal\u0131\u011f\u0131n\u0131n hayvanlarda kilo kayb\u0131na yol a\u00e7t\u0131\u011f\u0131n\u0131, bunun da et verimini d\u00fc\u015f\u00fcrd\u00fc\u011f\u00fcn\u00fc ifade etti. Ancak \u0130lhan et fiyatlar\u0131nda bir art\u0131\u015f beklemediklerini s\u00f6yledi.<\/p>\n<p>ET F\u0130YATLARINI ETK\u0130LEMEZ<\/p>\n<p>Ba\u015fkan Ayhan, \u015fap hastal\u0131\u011f\u0131n\u0131n k\u0131rm\u0131z\u0131 et piyasas\u0131na \u00f6nemli bir etkisi olmayaca\u011f\u0131n\u0131, ancak canl\u0131 hayvan bak\u0131m\u0131nda olumsuz etkiler do\u011furabilece\u011fini belirtti. Ba\u015fkan Ayhan Tar\u0131m ve Orman Bakanl\u0131\u011f\u0131\u2019n\u0131n \u00fclke genelindeki hayvan pazarlar\u0131n\u0131 kapatma karar\u0131n\u0131n \u00f6nemli bir ad\u0131m oldu\u011funu vurgulayarak, &#8220;Hayvan pazarlar\u0131n\u0131n kapat\u0131lmas\u0131, hastal\u0131\u011f\u0131n yay\u0131lmas\u0131n\u0131 engellemek ad\u0131na faydal\u0131 olacakt\u0131r. Ke\u015fke bu t\u00fcr \u00f6nlemler daha \u00f6nce al\u0131nsayd\u0131. \u00d6nceden a\u015f\u0131lama yap\u0131lm\u0131\u015f olsayd\u0131, hastal\u0131\u011f\u0131n bu kadar yay\u0131lmas\u0131 engellenebilirdi&#8221; ifadelerini kulland\u0131.<\/p>\n<p>\u201c\u0130LERLEYEN ZAMANLARDA ARZ A\u00c7I\u011eINA YOL A\u00c7AB\u0130L\u0130R\u201d<\/p>\n<p>\u015eap hastal\u0131\u011f\u0131n\u0131n insan sa\u011fl\u0131\u011f\u0131na herhangi bir zarar\u0131 olmad\u0131\u011f\u0131n\u0131, ancak hayvanlar\u0131n a\u011fz\u0131ndaki yaralar nedeniyle yeterli beslenemedikleri i\u00e7in zay\u0131flad\u0131klar\u0131n\u0131 s\u00f6yleyen Ba\u015fkan Ayhan, &#8220;Bu durum, et fiyatlar\u0131nda art\u0131\u015fa yol a\u00e7maz ama baz\u0131 durumlarda fiyatlar\u0131n d\u00fc\u015f\u00fc\u015f g\u00f6stermesi m\u00fcmk\u00fcn olabilir. \u015eap hastal\u0131\u011f\u0131, hayvanlar\u0131n a\u011f\u0131zlar\u0131nda yaralar olu\u015fturdu\u011fu i\u00e7in beslenme zorlu\u011fu ya\u015fan\u0131r ve bu da kilo kayb\u0131na neden olur. Bu, ilerleyen s\u00fcre\u00e7te bir arz a\u00e7\u0131\u011f\u0131na yol a\u00e7abilir. Ancak insan sa\u011fl\u0131\u011f\u0131 a\u00e7\u0131s\u0131ndan herhangi bir tehlike s\u00f6z konusu de\u011fil&#8221; dedi.<\/p>\n<p>\u201cSPEK\u00dcLASYONLARA \u0130T\u0130BAR ED\u0130LMEMEL\u0130\u201d<\/p>\n<p>T\u00fcrkiye Kasaplar Besiciler Et ve Et \u00dcr\u00fcnleri Federasyonu Ba\u015fkan\u0131 Osman Yard\u0131mc\u0131 ise, et fiyatlar\u0131n\u0131n artaca\u011f\u0131na dair yap\u0131lan spek\u00fclasyonlar\u0131 yalanlad\u0131. Yard\u0131mc\u0131, &#8220;Et fiyatlar\u0131n\u0131n artaca\u011f\u0131na dair s\u00f6ylentiler do\u011fru de\u011fil. Zaten Kurban Bayram\u0131\u2019ndan bu yana piyasa durgun. \u015eap hastal\u0131\u011f\u0131n\u0131n et fiyatlar\u0131 \u00fczerinde belirgin bir etkisi olmayacakt\u0131r&#8221; ifadelerini kulland\u0131.<\/p>\n<p>\u200b\u015eap hastal\u0131\u011f\u0131 nedeniyle Tar\u0131m ve Orman Bakanl\u0131\u011f\u0131, \u00fclke genelindeki canl\u0131 hayvan pazarlar\u0131n\u0131 s\u00fcresiz olarak kapatt\u0131. Bu \u00f6nlemler kapsam\u0131nda bakanl\u0131k, hastal\u0131\u011f\u0131n yay\u0131lmas\u0131n\u0131 engellemeyi ama\u00e7l\u0131yor. Peki, \u015fap hastal\u0131\u011f\u0131n\u0131n k\u0131rm\u0131z\u0131 et fiyatlar\u0131na etkisi olacak m\u0131? \u0130\u015fte detaylar&#8230;\u00a0<\/p>\n<p>\u200bHaberin Al\u0131nt\u0131land\u0131\u011f\u0131 Kaynak: www.antalyakorfez.com<\/p>","protected":false},"excerpt":{"rendered":"<p>Tar\u0131m ve Orman Bakanl\u0131\u011f\u0131 taraf\u0131ndan al\u0131nan kararla, \u00fclke \u00e7ap\u0131nda canl\u0131 hayvan pazarlar\u0131 kapat\u0131ld\u0131. Karara gerek\u00e7e olarak da \u015fap hastal\u0131\u011f\u0131 g\u00f6sterildi. Antalya K\u0131rm\u0131z\u0131 Et \u00dcreticileri Birli\u011fi Ba\u015fkan\u0131 \u0130lhan Ayhan, bakanl\u0131\u011f\u0131n karar\u0131n\u0131 de\u011ferlendirdi. Ba\u015fkan \u0130lhan Ayhan, \u015fap hastal\u0131\u011f\u0131n\u0131n hayvanlarda kilo kayb\u0131na yol a\u00e7t\u0131\u011f\u0131n\u0131, bunun da et verimini d\u00fc\u015f\u00fcrd\u00fc\u011f\u00fcn\u00fc ifade etti. Ancak \u0130lhan et fiyatlar\u0131nda bir art\u0131\u015f beklemediklerini s\u00f6yledi. ET F\u0130YATLARINI ETK\u0130LEMEZ Ba\u015fkan Ayhan, \u015fap hastal\u0131\u011f\u0131n\u0131n k\u0131rm\u0131z\u0131 et piyasas\u0131na \u00f6nemli bir etkisi olmayaca\u011f\u0131n\u0131, ancak canl\u0131 hayvan bak\u0131m\u0131nda olumsuz etkiler do\u011furabilece\u011fini belirtti. Ba\u015fkan Ayhan Tar\u0131m ve Orman Bakanl\u0131\u011f\u0131\u2019n\u0131n \u00fclke genelindeki hayvan pazarlar\u0131n\u0131 kapatma karar\u0131n\u0131n \u00f6nemli bir ad\u0131m oldu\u011funu vurgulayarak, &#8220;Hayvan pazarlar\u0131n\u0131n kapat\u0131lmas\u0131, hastal\u0131\u011f\u0131n yay\u0131lmas\u0131n\u0131 engellemek ad\u0131na faydal\u0131 olacakt\u0131r. Ke\u015fke bu t\u00fcr \u00f6nlemler daha \u00f6nce al\u0131nsayd\u0131. \u00d6nceden a\u015f\u0131lama yap\u0131lm\u0131\u015f olsayd\u0131, hastal\u0131\u011f\u0131n bu kadar yay\u0131lmas\u0131 engellenebilirdi&#8221; ifadelerini kulland\u0131. \u201c\u0130LERLEYEN ZAMANLARDA ARZ A\u00c7I\u011eINA YOL A\u00c7AB\u0130L\u0130R\u201d \u015eap hastal\u0131\u011f\u0131n\u0131n insan sa\u011fl\u0131\u011f\u0131na herhangi bir zarar\u0131 olmad\u0131\u011f\u0131n\u0131, ancak hayvanlar\u0131n a\u011fz\u0131ndaki yaralar nedeniyle yeterli beslenemedikleri i\u00e7in zay\u0131flad\u0131klar\u0131n\u0131 s\u00f6yleyen Ba\u015fkan Ayhan, &#8220;Bu durum, et fiyatlar\u0131nda art\u0131\u015fa yol a\u00e7maz ama baz\u0131 durumlarda fiyatlar\u0131n d\u00fc\u015f\u00fc\u015f g\u00f6stermesi m\u00fcmk\u00fcn olabilir. \u015eap hastal\u0131\u011f\u0131, hayvanlar\u0131n a\u011f\u0131zlar\u0131nda yaralar olu\u015fturdu\u011fu i\u00e7in beslenme zorlu\u011fu ya\u015fan\u0131r ve bu da kilo kayb\u0131na neden olur. Bu, ilerleyen s\u00fcre\u00e7te bir arz a\u00e7\u0131\u011f\u0131na yol a\u00e7abilir. Ancak insan sa\u011fl\u0131\u011f\u0131 a\u00e7\u0131s\u0131ndan herhangi bir tehlike s\u00f6z konusu de\u011fil&#8221; dedi. \u201cSPEK\u00dcLASYONLARA &hellip;<\/p>","protected":false},"author":5,"featured_media":0,"comment_status":"","ping_status":"open","sticky":false,"template":"","format":"standard","meta":{"_acf_changed":false,"footnotes":""},"categories":[24],"tags":[],"class_list":["post-142569","post","type-post","status-publish","format-standard","has-post-thumbnail","hentry","category-gundem"],"acf":[],"yoast_head":"<!-- This site is optimized with the Yoast SEO Premium plugin v26.6 (Yoast SEO v27.1.1) - https:\/\/yoast.com\/product\/yoast-seo-premium-wordpress\/ -->\n<title>\u015eap hastal\u0131\u011f\u0131 k\u0131rm\u0131z\u0131 et fiyatlar\u0131n\u0131 etkiler mi? - Av. Deniz Can K\u0131z\u0131l<\/title>\n<meta name=\"robots\" content=\"index, follow, max-snippet:-1, max-image-preview:large, max-video-preview:-1\" \/>\n<link rel=\"canonical\" href=\"http:\/\/denizcankizil.tr\/en\/haberler\/gundem\/sap-hastaligi-kirmizi-et-fiyatlarini-etkiler-mi\/\" \/>\n<meta property=\"og:locale\" content=\"en_GB\" \/>\n<meta property=\"og:type\" content=\"article\" \/>\n<meta property=\"og:title\" content=\"\u015eap hastal\u0131\u011f\u0131 k\u0131rm\u0131z\u0131 et fiyatlar\u0131n\u0131 etkiler mi?\" \/>\n<meta property=\"og:description\" content=\"Tar\u0131m ve Orman Bakanl\u0131\u011f\u0131 taraf\u0131ndan al\u0131nan kararla, \u00fclke \u00e7ap\u0131nda canl\u0131 hayvan pazarlar\u0131 kapat\u0131ld\u0131. Karara gerek\u00e7e olarak da \u015fap hastal\u0131\u011f\u0131 g\u00f6sterildi. Antalya K\u0131rm\u0131z\u0131 Et \u00dcreticileri Birli\u011fi Ba\u015fkan\u0131 \u0130lhan Ayhan, bakanl\u0131\u011f\u0131n karar\u0131n\u0131 de\u011ferlendirdi. Ba\u015fkan \u0130lhan Ayhan, \u015fap hastal\u0131\u011f\u0131n\u0131n hayvanlarda kilo kayb\u0131na yol a\u00e7t\u0131\u011f\u0131n\u0131, bunun da et verimini d\u00fc\u015f\u00fcrd\u00fc\u011f\u00fcn\u00fc ifade etti. Ancak \u0130lhan et fiyatlar\u0131nda bir art\u0131\u015f beklemediklerini s\u00f6yledi. ET F\u0130YATLARINI ETK\u0130LEMEZ Ba\u015fkan Ayhan, \u015fap hastal\u0131\u011f\u0131n\u0131n k\u0131rm\u0131z\u0131 et piyasas\u0131na \u00f6nemli bir etkisi olmayaca\u011f\u0131n\u0131, ancak canl\u0131 hayvan bak\u0131m\u0131nda olumsuz etkiler do\u011furabilece\u011fini belirtti. Ba\u015fkan Ayhan Tar\u0131m ve Orman Bakanl\u0131\u011f\u0131\u2019n\u0131n \u00fclke genelindeki hayvan pazarlar\u0131n\u0131 kapatma karar\u0131n\u0131n \u00f6nemli bir ad\u0131m oldu\u011funu vurgulayarak, &#8220;Hayvan pazarlar\u0131n\u0131n kapat\u0131lmas\u0131, hastal\u0131\u011f\u0131n yay\u0131lmas\u0131n\u0131 engellemek ad\u0131na faydal\u0131 olacakt\u0131r. Ke\u015fke bu t\u00fcr \u00f6nlemler daha \u00f6nce al\u0131nsayd\u0131. \u00d6nceden a\u015f\u0131lama yap\u0131lm\u0131\u015f olsayd\u0131, hastal\u0131\u011f\u0131n bu kadar yay\u0131lmas\u0131 engellenebilirdi&#8221; ifadelerini kulland\u0131. \u201c\u0130LERLEYEN ZAMANLARDA ARZ A\u00c7I\u011eINA YOL A\u00c7AB\u0130L\u0130R\u201d \u015eap hastal\u0131\u011f\u0131n\u0131n insan sa\u011fl\u0131\u011f\u0131na herhangi bir zarar\u0131 olmad\u0131\u011f\u0131n\u0131, ancak hayvanlar\u0131n a\u011fz\u0131ndaki yaralar nedeniyle yeterli beslenemedikleri i\u00e7in zay\u0131flad\u0131klar\u0131n\u0131 s\u00f6yleyen Ba\u015fkan Ayhan, &#8220;Bu durum, et fiyatlar\u0131nda art\u0131\u015fa yol a\u00e7maz ama baz\u0131 durumlarda fiyatlar\u0131n d\u00fc\u015f\u00fc\u015f g\u00f6stermesi m\u00fcmk\u00fcn olabilir. \u015eap hastal\u0131\u011f\u0131, hayvanlar\u0131n a\u011f\u0131zlar\u0131nda yaralar olu\u015fturdu\u011fu i\u00e7in beslenme zorlu\u011fu ya\u015fan\u0131r ve bu da kilo kayb\u0131na neden olur. Bu, ilerleyen s\u00fcre\u00e7te bir arz a\u00e7\u0131\u011f\u0131na yol a\u00e7abilir. Ancak insan sa\u011fl\u0131\u011f\u0131 a\u00e7\u0131s\u0131ndan herhangi bir tehlike s\u00f6z konusu de\u011fil&#8221; dedi. \u201cSPEK\u00dcLASYONLARA &hellip;\" \/>\n<meta property=\"og:url\" content=\"http:\/\/denizcankizil.tr\/en\/haberler\/gundem\/sap-hastaligi-kirmizi-et-fiyatlarini-etkiler-mi\/\" \/>\n<meta property=\"og:site_name\" content=\"Av. Deniz Can K\u0131z\u0131l\" \/>\n<meta property=\"article:published_time\" content=\"2025-07-11T09:41:19+00:00\" \/>\n<meta name=\"author\" content=\"Antalya K\u00f6rfez\" \/>\n<meta name=\"twitter:card\" content=\"summary_large_image\" \/>\n<meta name=\"twitter:label1\" content=\"Written by\" \/>\n\t<meta name=\"twitter:data1\" content=\"Antalya K\u00f6rfez\" \/>\n\t<meta name=\"twitter:label2\" content=\"Estimated reading time\" \/>\n\t<meta name=\"twitter:data2\" content=\"2 minutes\" \/>\n<script type=\"application\/ld+json\" class=\"yoast-schema-graph\">{\"@context\":\"https:\/\/schema.org\",\"@graph\":[{\"@type\":\"Article\",\"@id\":\"http:\/\/denizcankizil.tr\/de\/haberler\/gundem\/sap-hastaligi-kirmizi-et-fiyatlarini-etkiler-mi\/#article\",\"isPartOf\":{\"@id\":\"http:\/\/denizcankizil.tr\/de\/haberler\/gundem\/sap-hastaligi-kirmizi-et-fiyatlarini-etkiler-mi\/\"},\"author\":{\"name\":\"Antalya K\u00f6rfez\",\"@id\":\"https:\/\/denizcankizil.tr\/de\/#\/schema\/person\/e1eb71bb4dd684d46563f0af307e1234\"},\"headline\":\"\u015eap hastal\u0131\u011f\u0131 k\u0131rm\u0131z\u0131 et fiyatlar\u0131n\u0131 etkiler mi?\",\"datePublished\":\"2025-07-11T09:41:19+00:00\",\"mainEntityOfPage\":{\"@id\":\"http:\/\/denizcankizil.tr\/de\/haberler\/gundem\/sap-hastaligi-kirmizi-et-fiyatlarini-etkiler-mi\/\"},\"wordCount\":443,\"publisher\":{\"@id\":\"https:\/\/denizcankizil.tr\/de\/#organization\"},\"articleSection\":[\"G\u00fcndem\"],\"inLanguage\":\"en-GB\"},{\"@type\":\"WebPage\",\"@id\":\"http:\/\/denizcankizil.tr\/de\/haberler\/gundem\/sap-hastaligi-kirmizi-et-fiyatlarini-etkiler-mi\/\",\"url\":\"http:\/\/denizcankizil.tr\/de\/haberler\/gundem\/sap-hastaligi-kirmizi-et-fiyatlarini-etkiler-mi\/\",\"name\":\"\u015eap hastal\u0131\u011f\u0131 k\u0131rm\u0131z\u0131 et fiyatlar\u0131n\u0131 etkiler mi? - Av. Deniz Can K\u0131z\u0131l\",\"isPartOf\":{\"@id\":\"https:\/\/denizcankizil.tr\/de\/#website\"},\"datePublished\":\"2025-07-11T09:41:19+00:00\",\"breadcrumb\":{\"@id\":\"http:\/\/denizcankizil.tr\/de\/haberler\/gundem\/sap-hastaligi-kirmizi-et-fiyatlarini-etkiler-mi\/#breadcrumb\"},\"inLanguage\":\"en-GB\",\"potentialAction\":[{\"@type\":\"ReadAction\",\"target\":[\"http:\/\/denizcankizil.tr\/de\/haberler\/gundem\/sap-hastaligi-kirmizi-et-fiyatlarini-etkiler-mi\/\"]}]},{\"@type\":\"BreadcrumbList\",\"@id\":\"http:\/\/denizcankizil.tr\/de\/haberler\/gundem\/sap-hastaligi-kirmizi-et-fiyatlarini-etkiler-mi\/#breadcrumb\",\"itemListElement\":[{\"@type\":\"ListItem\",\"position\":1,\"name\":\"Home\",\"item\":\"https:\/\/denizcankizil.tr\/de\/\"},{\"@type\":\"ListItem\",\"position\":2,\"name\":\"\u015eap hastal\u0131\u011f\u0131 k\u0131rm\u0131z\u0131 et fiyatlar\u0131n\u0131 etkiler mi?\"}]},{\"@type\":\"WebSite\",\"@id\":\"https:\/\/denizcankizil.tr\/de\/#website\",\"url\":\"https:\/\/denizcankizil.tr\/de\/\",\"name\":\"Av. Deniz Can K\u0131z\u0131l\",\"description\":\"Avukat Deniz Can K\u0131z\u0131l Antalya Barosu\",\"publisher\":{\"@id\":\"https:\/\/denizcankizil.tr\/de\/#organization\"},\"potentialAction\":[{\"@type\":\"SearchAction\",\"target\":{\"@type\":\"EntryPoint\",\"urlTemplate\":\"https:\/\/denizcankizil.tr\/de\/?s={search_term_string}\"},\"query-input\":{\"@type\":\"PropertyValueSpecification\",\"valueRequired\":true,\"valueName\":\"search_term_string\"}}],\"inLanguage\":\"en-GB\"},{\"@type\":\"Organization\",\"@id\":\"https:\/\/denizcankizil.tr\/de\/#organization\",\"name\":\"Av. Deniz Can K\u0131z\u0131l\",\"url\":\"https:\/\/denizcankizil.tr\/de\/\",\"logo\":{\"@type\":\"ImageObject\",\"inLanguage\":\"en-GB\",\"@id\":\"https:\/\/denizcankizil.tr\/de\/#\/schema\/logo\/image\/\",\"url\":\"http:\/\/denizcankizil.tr\/wp-content\/uploads\/2024\/10\/siyah-logo-svg.svg\",\"contentUrl\":\"http:\/\/denizcankizil.tr\/wp-content\/uploads\/2024\/10\/siyah-logo-svg.svg\",\"width\":1080,\"height\":1080,\"caption\":\"Av. Deniz Can K\u0131z\u0131l\"},\"image\":{\"@id\":\"https:\/\/denizcankizil.tr\/de\/#\/schema\/logo\/image\/\"}},{\"@type\":\"Person\",\"@id\":\"https:\/\/denizcankizil.tr\/de\/#\/schema\/person\/e1eb71bb4dd684d46563f0af307e1234\",\"name\":\"Antalya K\u00f6rfez\",\"image\":{\"@type\":\"ImageObject\",\"inLanguage\":\"en-GB\",\"@id\":\"https:\/\/denizcankizil.tr\/de\/#\/schema\/person\/image\/\",\"url\":\"https:\/\/secure.gravatar.com\/avatar\/42b01982558a48a0b501fdcab6a408d3717ea5919095ee2e67b0e521799c5905?s=96&d=mm&r=g\",\"contentUrl\":\"https:\/\/secure.gravatar.com\/avatar\/42b01982558a48a0b501fdcab6a408d3717ea5919095ee2e67b0e521799c5905?s=96&d=mm&r=g\",\"caption\":\"Antalya K\u00f6rfez\"},\"sameAs\":[\"http:\/\/www.antalyakorfez.com\"],\"url\":\"https:\/\/www.antalyakorfez.com\/sap-hastaligi-kirmizi-et-fiyatlarini-etkiler-mi\"}]}<\/script>\n<!-- \/ Yoast SEO Premium plugin. -->","yoast_head_json":{"title":"\u015eap hastal\u0131\u011f\u0131 k\u0131rm\u0131z\u0131 et fiyatlar\u0131n\u0131 etkiler mi? - Av. Deniz Can K\u0131z\u0131l","robots":{"index":"index","follow":"follow","max-snippet":"max-snippet:-1","max-image-preview":"max-image-preview:large","max-video-preview":"max-video-preview:-1"},"canonical":"http:\/\/denizcankizil.tr\/en\/haberler\/gundem\/sap-hastaligi-kirmizi-et-fiyatlarini-etkiler-mi\/","og_locale":"en_GB","og_type":"article","og_title":"\u015eap hastal\u0131\u011f\u0131 k\u0131rm\u0131z\u0131 et fiyatlar\u0131n\u0131 etkiler mi?","og_description":"Tar\u0131m ve Orman Bakanl\u0131\u011f\u0131 taraf\u0131ndan al\u0131nan kararla, \u00fclke \u00e7ap\u0131nda canl\u0131 hayvan pazarlar\u0131 kapat\u0131ld\u0131. Karara gerek\u00e7e olarak da \u015fap hastal\u0131\u011f\u0131 g\u00f6sterildi. Antalya K\u0131rm\u0131z\u0131 Et \u00dcreticileri Birli\u011fi Ba\u015fkan\u0131 \u0130lhan Ayhan, bakanl\u0131\u011f\u0131n karar\u0131n\u0131 de\u011ferlendirdi. Ba\u015fkan \u0130lhan Ayhan, \u015fap hastal\u0131\u011f\u0131n\u0131n hayvanlarda kilo kayb\u0131na yol a\u00e7t\u0131\u011f\u0131n\u0131, bunun da et verimini d\u00fc\u015f\u00fcrd\u00fc\u011f\u00fcn\u00fc ifade etti. Ancak \u0130lhan et fiyatlar\u0131nda bir art\u0131\u015f beklemediklerini s\u00f6yledi. ET F\u0130YATLARINI ETK\u0130LEMEZ Ba\u015fkan Ayhan, \u015fap hastal\u0131\u011f\u0131n\u0131n k\u0131rm\u0131z\u0131 et piyasas\u0131na \u00f6nemli bir etkisi olmayaca\u011f\u0131n\u0131, ancak canl\u0131 hayvan bak\u0131m\u0131nda olumsuz etkiler do\u011furabilece\u011fini belirtti. Ba\u015fkan Ayhan Tar\u0131m ve Orman Bakanl\u0131\u011f\u0131\u2019n\u0131n \u00fclke genelindeki hayvan pazarlar\u0131n\u0131 kapatma karar\u0131n\u0131n \u00f6nemli bir ad\u0131m oldu\u011funu vurgulayarak, &#8220;Hayvan pazarlar\u0131n\u0131n kapat\u0131lmas\u0131, hastal\u0131\u011f\u0131n yay\u0131lmas\u0131n\u0131 engellemek ad\u0131na faydal\u0131 olacakt\u0131r. Ke\u015fke bu t\u00fcr \u00f6nlemler daha \u00f6nce al\u0131nsayd\u0131. \u00d6nceden a\u015f\u0131lama yap\u0131lm\u0131\u015f olsayd\u0131, hastal\u0131\u011f\u0131n bu kadar yay\u0131lmas\u0131 engellenebilirdi&#8221; ifadelerini kulland\u0131. \u201c\u0130LERLEYEN ZAMANLARDA ARZ A\u00c7I\u011eINA YOL A\u00c7AB\u0130L\u0130R\u201d \u015eap hastal\u0131\u011f\u0131n\u0131n insan sa\u011fl\u0131\u011f\u0131na herhangi bir zarar\u0131 olmad\u0131\u011f\u0131n\u0131, ancak hayvanlar\u0131n a\u011fz\u0131ndaki yaralar nedeniyle yeterli beslenemedikleri i\u00e7in zay\u0131flad\u0131klar\u0131n\u0131 s\u00f6yleyen Ba\u015fkan Ayhan, &#8220;Bu durum, et fiyatlar\u0131nda art\u0131\u015fa yol a\u00e7maz ama baz\u0131 durumlarda fiyatlar\u0131n d\u00fc\u015f\u00fc\u015f g\u00f6stermesi m\u00fcmk\u00fcn olabilir. \u015eap hastal\u0131\u011f\u0131, hayvanlar\u0131n a\u011f\u0131zlar\u0131nda yaralar olu\u015fturdu\u011fu i\u00e7in beslenme zorlu\u011fu ya\u015fan\u0131r ve bu da kilo kayb\u0131na neden olur. Bu, ilerleyen s\u00fcre\u00e7te bir arz a\u00e7\u0131\u011f\u0131na yol a\u00e7abilir. Ancak insan sa\u011fl\u0131\u011f\u0131 a\u00e7\u0131s\u0131ndan herhangi bir tehlike s\u00f6z konusu de\u011fil&#8221; dedi. \u201cSPEK\u00dcLASYONLARA &hellip;","og_url":"http:\/\/denizcankizil.tr\/en\/haberler\/gundem\/sap-hastaligi-kirmizi-et-fiyatlarini-etkiler-mi\/","og_site_name":"Av. Deniz Can K\u0131z\u0131l","article_published_time":"2025-07-11T09:41:19+00:00","author":"Antalya K\u00f6rfez","twitter_card":"summary_large_image","twitter_misc":{"Written by":"Antalya K\u00f6rfez","Estimated reading time":"2 minutes"},"schema":{"@context":"https:\/\/schema.org","@graph":[{"@type":"Article","@id":"http:\/\/denizcankizil.tr\/de\/haberler\/gundem\/sap-hastaligi-kirmizi-et-fiyatlarini-etkiler-mi\/#article","isPartOf":{"@id":"http:\/\/denizcankizil.tr\/de\/haberler\/gundem\/sap-hastaligi-kirmizi-et-fiyatlarini-etkiler-mi\/"},"author":{"name":"Antalya K\u00f6rfez","@id":"https:\/\/denizcankizil.tr\/de\/#\/schema\/person\/e1eb71bb4dd684d46563f0af307e1234"},"headline":"\u015eap hastal\u0131\u011f\u0131 k\u0131rm\u0131z\u0131 et fiyatlar\u0131n\u0131 etkiler mi?","datePublished":"2025-07-11T09:41:19+00:00","mainEntityOfPage":{"@id":"http:\/\/denizcankizil.tr\/de\/haberler\/gundem\/sap-hastaligi-kirmizi-et-fiyatlarini-etkiler-mi\/"},"wordCount":443,"publisher":{"@id":"https:\/\/denizcankizil.tr\/de\/#organization"},"articleSection":["G\u00fcndem"],"inLanguage":"en-GB"},{"@type":"WebPage","@id":"http:\/\/denizcankizil.tr\/de\/haberler\/gundem\/sap-hastaligi-kirmizi-et-fiyatlarini-etkiler-mi\/","url":"http:\/\/denizcankizil.tr\/de\/haberler\/gundem\/sap-hastaligi-kirmizi-et-fiyatlarini-etkiler-mi\/","name":"\u015eap hastal\u0131\u011f\u0131 k\u0131rm\u0131z\u0131 et fiyatlar\u0131n\u0131 etkiler mi? - Av. Deniz Can K\u0131z\u0131l","isPartOf":{"@id":"https:\/\/denizcankizil.tr\/de\/#website"},"datePublished":"2025-07-11T09:41:19+00:00","breadcrumb":{"@id":"http:\/\/denizcankizil.tr\/de\/haberler\/gundem\/sap-hastaligi-kirmizi-et-fiyatlarini-etkiler-mi\/#breadcrumb"},"inLanguage":"en-GB","potentialAction":[{"@type":"ReadAction","target":["http:\/\/denizcankizil.tr\/de\/haberler\/gundem\/sap-hastaligi-kirmizi-et-fiyatlarini-etkiler-mi\/"]}]},{"@type":"BreadcrumbList","@id":"http:\/\/denizcankizil.tr\/de\/haberler\/gundem\/sap-hastaligi-kirmizi-et-fiyatlarini-etkiler-mi\/#breadcrumb","itemListElement":[{"@type":"ListItem","position":1,"name":"Home","item":"https:\/\/denizcankizil.tr\/de\/"},{"@type":"ListItem","position":2,"name":"\u015eap hastal\u0131\u011f\u0131 k\u0131rm\u0131z\u0131 et fiyatlar\u0131n\u0131 etkiler mi?"}]},{"@type":"WebSite","@id":"https:\/\/denizcankizil.tr\/de\/#website","url":"https:\/\/denizcankizil.tr\/de\/","name":"Av. Deniz Can K\u0131z\u0131l","description":"Avukat Deniz Can K\u0131z\u0131l Antalya Barosu","publisher":{"@id":"https:\/\/denizcankizil.tr\/de\/#organization"},"potentialAction":[{"@type":"SearchAction","target":{"@type":"EntryPoint","urlTemplate":"https:\/\/denizcankizil.tr\/de\/?s={search_term_string}"},"query-input":{"@type":"PropertyValueSpecification","valueRequired":true,"valueName":"search_term_string"}}],"inLanguage":"en-GB"},{"@type":"Organization","@id":"https:\/\/denizcankizil.tr\/de\/#organization","name":"Av. Deniz Can K\u0131z\u0131l","url":"https:\/\/denizcankizil.tr\/de\/","logo":{"@type":"ImageObject","inLanguage":"en-GB","@id":"https:\/\/denizcankizil.tr\/de\/#\/schema\/logo\/image\/","url":"http:\/\/denizcankizil.tr\/wp-content\/uploads\/2024\/10\/siyah-logo-svg.svg","contentUrl":"http:\/\/denizcankizil.tr\/wp-content\/uploads\/2024\/10\/siyah-logo-svg.svg","width":1080,"height":1080,"caption":"Av. Deniz Can K\u0131z\u0131l"},"image":{"@id":"https:\/\/denizcankizil.tr\/de\/#\/schema\/logo\/image\/"}},{"@type":"Person","@id":"https:\/\/denizcankizil.tr\/de\/#\/schema\/person\/e1eb71bb4dd684d46563f0af307e1234","name":"Antalya K\u00f6rfez","image":{"@type":"ImageObject","inLanguage":"en-GB","@id":"https:\/\/denizcankizil.tr\/de\/#\/schema\/person\/image\/","url":"https:\/\/secure.gravatar.com\/avatar\/42b01982558a48a0b501fdcab6a408d3717ea5919095ee2e67b0e521799c5905?s=96&d=mm&r=g","contentUrl":"https:\/\/secure.gravatar.com\/avatar\/42b01982558a48a0b501fdcab6a408d3717ea5919095ee2e67b0e521799c5905?s=96&d=mm&r=g","caption":"Antalya K\u00f6rfez"},"sameAs":["http:\/\/www.antalyakorfez.com"],"url":"https:\/\/www.antalyakorfez.com\/sap-hastaligi-kirmizi-et-fiyatlarini-etkiler-mi"}]}},"_links":{"self":[{"href":"http:\/\/denizcankizil.tr\/en\/wp-json\/wp\/v2\/posts\/142569","targetHints":{"allow":["GET"]}}],"collection":[{"href":"http:\/\/denizcankizil.tr\/en\/wp-json\/wp\/v2\/posts"}],"about":[{"href":"http:\/\/denizcankizil.tr\/en\/wp-json\/wp\/v2\/types\/post"}],"author":[{"embeddable":true,"href":"http:\/\/denizcankizil.tr\/en\/wp-json\/wp\/v2\/users\/5"}],"replies":[{"embeddable":true,"href":"http:\/\/denizcankizil.tr\/en\/wp-json\/wp\/v2\/comments?post=142569"}],"version-history":[{"count":0,"href":"http:\/\/denizcankizil.tr\/en\/wp-json\/wp\/v2\/posts\/142569\/revisions"}],"wp:attachment":[{"href":"http:\/\/denizcankizil.tr\/en\/wp-json\/wp\/v2\/media?parent=142569"}],"wp:term":[{"taxonomy":"category","embeddable":true,"href":"http:\/\/denizcankizil.tr\/en\/wp-json\/wp\/v2\/categories?post=142569"},{"taxonomy":"post_tag","embeddable":true,"href":"http:\/\/denizcankizil.tr\/en\/wp-json\/wp\/v2\/tags?post=142569"}],"curies":[{"name":"wp","href":"https:\/\/api.w.org\/{rel}","templated":true}]}}