{"id":141895,"date":"2025-07-10T19:41:17","date_gmt":"2025-07-10T16:41:17","guid":{"rendered":"https:\/\/denizcankizil.tr\/uncategorized-tr\/sucustu-yakalanan-manavgat-belediye-baskan-yardimcisi-itirafci-oldu-her-seyi-bir-bir-anlatti\/"},"modified":"2025-07-10T19:41:17","modified_gmt":"2025-07-10T16:41:17","slug":"sucustu-yakalanan-manavgat-belediye-baskan-yardimcisi-itirafci-oldu-her-seyi-bir-bir-anlatti","status":"publish","type":"post","link":"http:\/\/denizcankizil.tr\/en\/haberler\/gundem\/sucustu-yakalanan-manavgat-belediye-baskan-yardimcisi-itirafci-oldu-her-seyi-bir-bir-anlatti\/","title":{"rendered":"Su\u00e7\u00fcst\u00fc yakalanan Manavgat Belediye Ba\u015fkan Yard\u0131mc\u0131s\u0131 itiraf\u00e7\u0131 oldu! Her \u015feyi bir bir anlatt\u0131"},"content":{"rendered":"<p>Manavgat Belediyesi&#8217;ne y\u00f6nelik operasyonda baklava kutusunda 110 bin avro r\u00fc\u015fvet al\u0131rken su\u00e7\u00fcst\u00fc yakalan\u0131p, tutuklanan Belediye Ba\u015fkan Yard\u0131mc\u0131s\u0131 Mehmet Engin T\u00fcter, etkin pi\u015fmanl\u0131ktan yararlanarak ek ifade verdi. Manavgat Belediye Ba\u015fkan\u0131 Niyazi Nefi Kara&#8217;n\u0131n g\u00f6reve ba\u015flad\u0131ktan sonra yak\u0131nlar\u0131ndan ekip olu\u015fturdu\u011funu anlatan T\u00fcter ifadesinde; Kara&#8217;n\u0131n ye\u011feni Bulem \u015eahbaz&#8217;\u0131 \u00f6zel kalem m\u00fcd\u00fcr\u00fc, bald\u0131z\u0131 S\u0131la Ceyhan Berkaya&#8217;y\u0131 ve okul arkada\u015f\u0131 G\u00fcls\u00fcm \u00d6zer&#8217;i belediye ba\u015fkan yard\u0131mc\u0131s\u0131 yapt\u0131\u011f\u0131n\u0131 belirtti.<\/p>\n<p>\u201cHER \u015eEYDEN O SORUMLUYDU\u201d<\/p>\n<p>Niyazi Nefi Kara&#8217;n\u0131n ye\u011feni H\u00fcseyin Cem G\u00fcl&#8217;\u00fc belediye ile ilgisi olmamas\u0131na ra\u011fmen aktif ki\u015fi haline getirdi\u011fini, arkada\u015f\u0131 Demir Demir&#8217;i de belediyeye ba\u011fl\u0131 \u00f6nemli bir i\u015ftirakin ba\u015f\u0131na ge\u00e7irdi\u011fini belirten T\u00fcter, &#8220;Belediyenin her biriminde H\u00fcseyin Cem G\u00fcl s\u00f6z sahibi oldu. \u00d6zellikle in\u015faata ba\u015flama ruhsat\u0131, iskan, tadilat ruhsat\u0131 ve otel i\u015fletme ruhsat\u0131 konular\u0131nda ba\u015fvuruda bulunan ki\u015filer, ruhsatlar verilmeden \u00f6nce muhakkak ba\u015fkan\u0131n talimat\u0131 ile H\u00fcseyin Cem G\u00fcl&#8217;e y\u00f6nlendirilirdi. H\u00fcseyin Cem G\u00fcl ile anla\u015f\u0131lmadan ruhsat al\u0131nmas\u0131 m\u00fcmk\u00fcn de\u011fildi&#8221; iddias\u0131nda bulundu.<\/p>\n<p>\u201cOTEL\u0130N KA\u00c7AK ODALARINA G\u00d6Z YUMDU \u201c<\/p>\n<p>\u0130\u015f insan\u0131 E.\u00d6.&#8217;den otel in\u015faat\u0131 izni i\u00e7in ara\u00e7 istendi\u011fini, tutuklu belediye meclisi \u00fcyesi Seval \u00d6z \u00d6zgen\u00e7&#8217;e ait otelin ise ka\u00e7ak odalar\u0131na g\u00f6z yumuldu\u011funu belirten T\u00fcter, otel sahibi M.\u00d6.&#8217;n\u00fcn iskan alabilmek i\u00e7in \u00f6zel kalem m\u00fcd\u00fcr\u00fc Bulem \u015eahbaz&#8217;\u0131n y\u00f6nlendirmesiyle ba\u015fkan\u0131n makam odas\u0131n\u0131 yenilemesine ra\u011fmen iskan alamad\u0131\u011f\u0131n\u0131 savundu. Kumk\u00f6y&#8217;deki al\u0131\u015fveri\u015f merkezinde de ka\u00e7ak yap\u0131la\u015fmaya g\u00f6z yumuldu\u011funu ileri s\u00fcren T\u00fcter, i\u015f insan\u0131 A.\u00d6.&#8217;n\u00fcn G\u00fcndo\u011fdu&#8217;da bulunan oteline ruhsat alabilmek i\u00e7in Belediye Ba\u015fkan\u0131 Kara&#8217;ya makam odas\u0131nda 150 bin avro verdi\u011fini duydu\u011funu \u00f6ne s\u00fcrd\u00fc. H\u00fcseyin Cem G\u00fcl&#8217;\u00fcn, otel sahiplerini hafriyat i\u015flerini Mesut Kara&#8217;ya vermeleri konusunda zorlad\u0131\u011f\u0131n\u0131 anlatan T\u00fcter, &#8220;Usuls\u00fcz yap\u0131lan i\u015flemlere ili\u015fkin not tutmu\u015ftum. Bu not defterini r\u0131zam dahilinde teslim ediyorum&#8221; dedi.<\/p>\n<p>\u200bAntalya Manavgat Belediyesi&#8217;ne y\u00f6nelik ger\u00e7ekle\u015fen operasyonlar\u0131n ard\u0131ndan baklava kutusunda 110 bin euro r\u00fc\u015fvet al\u0131rken yakalanan ve  tutuklanan Belediye Ba\u015fkan Yard\u0131mc\u0131s\u0131 Mehmet Engin T\u00fcter, itiraf\u00e7\u0131 oldu. T\u00fcter, Niyazi Nefi Kara&#8217;n\u0131n ye\u011feni H\u00fcseyin Cem G\u00fcl&#8217;\u00fc belediyeyle ilgisi olmamas\u0131na ra\u011fmen aktif ki\u015fi haline getirdi\u011fini ve belediyenin her biriminde G\u00fcl\u2019\u00fcn s\u00f6z sahibi oldu\u011funu iddia etti.\u00a0<\/p>\n<p>\u200bHaberin Al\u0131nt\u0131land\u0131\u011f\u0131 Kaynak: www.antalyakorfez.com<\/p>","protected":false},"excerpt":{"rendered":"<p>Manavgat Belediyesi&#8217;ne y\u00f6nelik operasyonda baklava kutusunda 110 bin avro r\u00fc\u015fvet al\u0131rken su\u00e7\u00fcst\u00fc yakalan\u0131p, tutuklanan Belediye Ba\u015fkan Yard\u0131mc\u0131s\u0131 Mehmet Engin T\u00fcter, etkin pi\u015fmanl\u0131ktan yararlanarak ek ifade verdi. Manavgat Belediye Ba\u015fkan\u0131 Niyazi Nefi Kara&#8217;n\u0131n g\u00f6reve ba\u015flad\u0131ktan sonra yak\u0131nlar\u0131ndan ekip olu\u015fturdu\u011funu anlatan T\u00fcter ifadesinde; Kara&#8217;n\u0131n ye\u011feni Bulem \u015eahbaz&#8217;\u0131 \u00f6zel kalem m\u00fcd\u00fcr\u00fc, bald\u0131z\u0131 S\u0131la Ceyhan Berkaya&#8217;y\u0131 ve okul arkada\u015f\u0131 G\u00fcls\u00fcm \u00d6zer&#8217;i belediye ba\u015fkan yard\u0131mc\u0131s\u0131 yapt\u0131\u011f\u0131n\u0131 belirtti. \u201cHER \u015eEYDEN O SORUMLUYDU\u201d Niyazi Nefi Kara&#8217;n\u0131n ye\u011feni H\u00fcseyin Cem G\u00fcl&#8217;\u00fc belediye ile ilgisi olmamas\u0131na ra\u011fmen aktif ki\u015fi haline getirdi\u011fini, arkada\u015f\u0131 Demir Demir&#8217;i de belediyeye ba\u011fl\u0131 \u00f6nemli bir i\u015ftirakin ba\u015f\u0131na ge\u00e7irdi\u011fini belirten T\u00fcter, &#8220;Belediyenin her biriminde H\u00fcseyin Cem G\u00fcl s\u00f6z sahibi oldu. \u00d6zellikle in\u015faata ba\u015flama ruhsat\u0131, iskan, tadilat ruhsat\u0131 ve otel i\u015fletme ruhsat\u0131 konular\u0131nda ba\u015fvuruda bulunan ki\u015filer, ruhsatlar verilmeden \u00f6nce muhakkak ba\u015fkan\u0131n talimat\u0131 ile H\u00fcseyin Cem G\u00fcl&#8217;e y\u00f6nlendirilirdi. H\u00fcseyin Cem G\u00fcl ile anla\u015f\u0131lmadan ruhsat al\u0131nmas\u0131 m\u00fcmk\u00fcn de\u011fildi&#8221; iddias\u0131nda bulundu. \u201cOTEL\u0130N KA\u00c7AK ODALARINA G\u00d6Z YUMDU \u201c \u0130\u015f insan\u0131 E.\u00d6.&#8217;den otel in\u015faat\u0131 izni i\u00e7in ara\u00e7 istendi\u011fini, tutuklu belediye meclisi \u00fcyesi Seval \u00d6z \u00d6zgen\u00e7&#8217;e ait otelin ise ka\u00e7ak odalar\u0131na g\u00f6z yumuldu\u011funu belirten T\u00fcter, otel sahibi M.\u00d6.&#8217;n\u00fcn iskan alabilmek i\u00e7in \u00f6zel kalem m\u00fcd\u00fcr\u00fc Bulem \u015eahbaz&#8217;\u0131n y\u00f6nlendirmesiyle ba\u015fkan\u0131n makam odas\u0131n\u0131 yenilemesine ra\u011fmen iskan alamad\u0131\u011f\u0131n\u0131 savundu. Kumk\u00f6y&#8217;deki al\u0131\u015fveri\u015f merkezinde de ka\u00e7ak yap\u0131la\u015fmaya g\u00f6z yumuldu\u011funu &hellip;<\/p>","protected":false},"author":5,"featured_media":0,"comment_status":"","ping_status":"open","sticky":false,"template":"","format":"standard","meta":{"_acf_changed":false,"footnotes":""},"categories":[24],"tags":[],"class_list":["post-141895","post","type-post","status-publish","format-standard","has-post-thumbnail","hentry","category-gundem"],"acf":[],"yoast_head":"<!-- This site is optimized with the Yoast SEO Premium plugin v26.6 (Yoast SEO v27.1.1) - https:\/\/yoast.com\/product\/yoast-seo-premium-wordpress\/ -->\n<title>Su\u00e7\u00fcst\u00fc yakalanan Manavgat Belediye Ba\u015fkan Yard\u0131mc\u0131s\u0131 itiraf\u00e7\u0131 oldu! Her \u015feyi bir bir anlatt\u0131 - Av. Deniz Can K\u0131z\u0131l<\/title>\n<meta name=\"robots\" content=\"index, follow, max-snippet:-1, max-image-preview:large, max-video-preview:-1\" \/>\n<link rel=\"canonical\" href=\"https:\/\/denizcankizil.tr\/en\/haberler\/gundem\/sucustu-yakalanan-manavgat-belediye-baskan-yardimcisi-itirafci-oldu-her-seyi-bir-bir-anlatti\/\" \/>\n<meta property=\"og:locale\" content=\"en_GB\" \/>\n<meta property=\"og:type\" content=\"article\" \/>\n<meta property=\"og:title\" content=\"Su\u00e7\u00fcst\u00fc yakalanan Manavgat Belediye Ba\u015fkan Yard\u0131mc\u0131s\u0131 itiraf\u00e7\u0131 oldu! Her \u015feyi bir bir anlatt\u0131\" \/>\n<meta property=\"og:description\" content=\"Manavgat Belediyesi&#8217;ne y\u00f6nelik operasyonda baklava kutusunda 110 bin avro r\u00fc\u015fvet al\u0131rken su\u00e7\u00fcst\u00fc yakalan\u0131p, tutuklanan Belediye Ba\u015fkan Yard\u0131mc\u0131s\u0131 Mehmet Engin T\u00fcter, etkin pi\u015fmanl\u0131ktan yararlanarak ek ifade verdi. Manavgat Belediye Ba\u015fkan\u0131 Niyazi Nefi Kara&#8217;n\u0131n g\u00f6reve ba\u015flad\u0131ktan sonra yak\u0131nlar\u0131ndan ekip olu\u015fturdu\u011funu anlatan T\u00fcter ifadesinde; Kara&#8217;n\u0131n ye\u011feni Bulem \u015eahbaz&#8217;\u0131 \u00f6zel kalem m\u00fcd\u00fcr\u00fc, bald\u0131z\u0131 S\u0131la Ceyhan Berkaya&#8217;y\u0131 ve okul arkada\u015f\u0131 G\u00fcls\u00fcm \u00d6zer&#8217;i belediye ba\u015fkan yard\u0131mc\u0131s\u0131 yapt\u0131\u011f\u0131n\u0131 belirtti. \u201cHER \u015eEYDEN O SORUMLUYDU\u201d Niyazi Nefi Kara&#8217;n\u0131n ye\u011feni H\u00fcseyin Cem G\u00fcl&#8217;\u00fc belediye ile ilgisi olmamas\u0131na ra\u011fmen aktif ki\u015fi haline getirdi\u011fini, arkada\u015f\u0131 Demir Demir&#8217;i de belediyeye ba\u011fl\u0131 \u00f6nemli bir i\u015ftirakin ba\u015f\u0131na ge\u00e7irdi\u011fini belirten T\u00fcter, &#8220;Belediyenin her biriminde H\u00fcseyin Cem G\u00fcl s\u00f6z sahibi oldu. \u00d6zellikle in\u015faata ba\u015flama ruhsat\u0131, iskan, tadilat ruhsat\u0131 ve otel i\u015fletme ruhsat\u0131 konular\u0131nda ba\u015fvuruda bulunan ki\u015filer, ruhsatlar verilmeden \u00f6nce muhakkak ba\u015fkan\u0131n talimat\u0131 ile H\u00fcseyin Cem G\u00fcl&#8217;e y\u00f6nlendirilirdi. H\u00fcseyin Cem G\u00fcl ile anla\u015f\u0131lmadan ruhsat al\u0131nmas\u0131 m\u00fcmk\u00fcn de\u011fildi&#8221; iddias\u0131nda bulundu. \u201cOTEL\u0130N KA\u00c7AK ODALARINA G\u00d6Z YUMDU \u201c \u0130\u015f insan\u0131 E.\u00d6.&#8217;den otel in\u015faat\u0131 izni i\u00e7in ara\u00e7 istendi\u011fini, tutuklu belediye meclisi \u00fcyesi Seval \u00d6z \u00d6zgen\u00e7&#8217;e ait otelin ise ka\u00e7ak odalar\u0131na g\u00f6z yumuldu\u011funu belirten T\u00fcter, otel sahibi M.\u00d6.&#8217;n\u00fcn iskan alabilmek i\u00e7in \u00f6zel kalem m\u00fcd\u00fcr\u00fc Bulem \u015eahbaz&#8217;\u0131n y\u00f6nlendirmesiyle ba\u015fkan\u0131n makam odas\u0131n\u0131 yenilemesine ra\u011fmen iskan alamad\u0131\u011f\u0131n\u0131 savundu. Kumk\u00f6y&#8217;deki al\u0131\u015fveri\u015f merkezinde de ka\u00e7ak yap\u0131la\u015fmaya g\u00f6z yumuldu\u011funu &hellip;\" \/>\n<meta property=\"og:url\" content=\"https:\/\/denizcankizil.tr\/en\/haberler\/gundem\/sucustu-yakalanan-manavgat-belediye-baskan-yardimcisi-itirafci-oldu-her-seyi-bir-bir-anlatti\/\" \/>\n<meta property=\"og:site_name\" content=\"Av. Deniz Can K\u0131z\u0131l\" \/>\n<meta property=\"article:published_time\" content=\"2025-07-10T16:41:17+00:00\" \/>\n<meta name=\"author\" content=\"Antalya K\u00f6rfez\" \/>\n<meta name=\"twitter:card\" content=\"summary_large_image\" \/>\n<meta name=\"twitter:label1\" content=\"Written by\" \/>\n\t<meta name=\"twitter:data1\" content=\"Antalya K\u00f6rfez\" \/>\n\t<meta name=\"twitter:label2\" content=\"Estimated reading time\" \/>\n\t<meta name=\"twitter:data2\" content=\"2 minutes\" \/>\n<script type=\"application\/ld+json\" class=\"yoast-schema-graph\">{\"@context\":\"https:\/\/schema.org\",\"@graph\":[{\"@type\":\"Article\",\"@id\":\"https:\/\/denizcankizil.tr\/ru\/haberler\/gundem\/sucustu-yakalanan-manavgat-belediye-baskan-yardimcisi-itirafci-oldu-her-seyi-bir-bir-anlatti\/#article\",\"isPartOf\":{\"@id\":\"https:\/\/denizcankizil.tr\/ru\/haberler\/gundem\/sucustu-yakalanan-manavgat-belediye-baskan-yardimcisi-itirafci-oldu-her-seyi-bir-bir-anlatti\/\"},\"author\":{\"name\":\"Antalya K\u00f6rfez\",\"@id\":\"https:\/\/denizcankizil.tr\/de\/#\/schema\/person\/e1eb71bb4dd684d46563f0af307e1234\"},\"headline\":\"Su\u00e7\u00fcst\u00fc yakalanan Manavgat Belediye Ba\u015fkan Yard\u0131mc\u0131s\u0131 itiraf\u00e7\u0131 oldu! Her \u015feyi bir bir anlatt\u0131\",\"datePublished\":\"2025-07-10T16:41:17+00:00\",\"mainEntityOfPage\":{\"@id\":\"https:\/\/denizcankizil.tr\/ru\/haberler\/gundem\/sucustu-yakalanan-manavgat-belediye-baskan-yardimcisi-itirafci-oldu-her-seyi-bir-bir-anlatti\/\"},\"wordCount\":486,\"publisher\":{\"@id\":\"https:\/\/denizcankizil.tr\/de\/#organization\"},\"articleSection\":[\"G\u00fcndem\"],\"inLanguage\":\"en-GB\"},{\"@type\":\"WebPage\",\"@id\":\"https:\/\/denizcankizil.tr\/ru\/haberler\/gundem\/sucustu-yakalanan-manavgat-belediye-baskan-yardimcisi-itirafci-oldu-her-seyi-bir-bir-anlatti\/\",\"url\":\"https:\/\/denizcankizil.tr\/ru\/haberler\/gundem\/sucustu-yakalanan-manavgat-belediye-baskan-yardimcisi-itirafci-oldu-her-seyi-bir-bir-anlatti\/\",\"name\":\"Su\u00e7\u00fcst\u00fc yakalanan Manavgat Belediye Ba\u015fkan Yard\u0131mc\u0131s\u0131 itiraf\u00e7\u0131 oldu! Her \u015feyi bir bir anlatt\u0131 - Av. Deniz Can K\u0131z\u0131l\",\"isPartOf\":{\"@id\":\"https:\/\/denizcankizil.tr\/de\/#website\"},\"datePublished\":\"2025-07-10T16:41:17+00:00\",\"breadcrumb\":{\"@id\":\"https:\/\/denizcankizil.tr\/ru\/haberler\/gundem\/sucustu-yakalanan-manavgat-belediye-baskan-yardimcisi-itirafci-oldu-her-seyi-bir-bir-anlatti\/#breadcrumb\"},\"inLanguage\":\"en-GB\",\"potentialAction\":[{\"@type\":\"ReadAction\",\"target\":[\"https:\/\/denizcankizil.tr\/ru\/haberler\/gundem\/sucustu-yakalanan-manavgat-belediye-baskan-yardimcisi-itirafci-oldu-her-seyi-bir-bir-anlatti\/\"]}]},{\"@type\":\"BreadcrumbList\",\"@id\":\"https:\/\/denizcankizil.tr\/ru\/haberler\/gundem\/sucustu-yakalanan-manavgat-belediye-baskan-yardimcisi-itirafci-oldu-her-seyi-bir-bir-anlatti\/#breadcrumb\",\"itemListElement\":[{\"@type\":\"ListItem\",\"position\":1,\"name\":\"Home\",\"item\":\"https:\/\/denizcankizil.tr\/de\/\"},{\"@type\":\"ListItem\",\"position\":2,\"name\":\"Su\u00e7\u00fcst\u00fc yakalanan Manavgat Belediye Ba\u015fkan Yard\u0131mc\u0131s\u0131 itiraf\u00e7\u0131 oldu! Her \u015feyi bir bir anlatt\u0131\"}]},{\"@type\":\"WebSite\",\"@id\":\"https:\/\/denizcankizil.tr\/de\/#website\",\"url\":\"https:\/\/denizcankizil.tr\/de\/\",\"name\":\"Av. Deniz Can K\u0131z\u0131l\",\"description\":\"Avukat Deniz Can K\u0131z\u0131l Antalya Barosu\",\"publisher\":{\"@id\":\"https:\/\/denizcankizil.tr\/de\/#organization\"},\"potentialAction\":[{\"@type\":\"SearchAction\",\"target\":{\"@type\":\"EntryPoint\",\"urlTemplate\":\"https:\/\/denizcankizil.tr\/de\/?s={search_term_string}\"},\"query-input\":{\"@type\":\"PropertyValueSpecification\",\"valueRequired\":true,\"valueName\":\"search_term_string\"}}],\"inLanguage\":\"en-GB\"},{\"@type\":\"Organization\",\"@id\":\"https:\/\/denizcankizil.tr\/de\/#organization\",\"name\":\"Av. Deniz Can K\u0131z\u0131l\",\"url\":\"https:\/\/denizcankizil.tr\/de\/\",\"logo\":{\"@type\":\"ImageObject\",\"inLanguage\":\"en-GB\",\"@id\":\"https:\/\/denizcankizil.tr\/de\/#\/schema\/logo\/image\/\",\"url\":\"http:\/\/denizcankizil.tr\/wp-content\/uploads\/2024\/10\/siyah-logo-svg.svg\",\"contentUrl\":\"http:\/\/denizcankizil.tr\/wp-content\/uploads\/2024\/10\/siyah-logo-svg.svg\",\"width\":1080,\"height\":1080,\"caption\":\"Av. Deniz Can K\u0131z\u0131l\"},\"image\":{\"@id\":\"https:\/\/denizcankizil.tr\/de\/#\/schema\/logo\/image\/\"}},{\"@type\":\"Person\",\"@id\":\"https:\/\/denizcankizil.tr\/de\/#\/schema\/person\/e1eb71bb4dd684d46563f0af307e1234\",\"name\":\"Antalya K\u00f6rfez\",\"image\":{\"@type\":\"ImageObject\",\"inLanguage\":\"en-GB\",\"@id\":\"https:\/\/denizcankizil.tr\/de\/#\/schema\/person\/image\/\",\"url\":\"https:\/\/secure.gravatar.com\/avatar\/42b01982558a48a0b501fdcab6a408d3717ea5919095ee2e67b0e521799c5905?s=96&d=mm&r=g\",\"contentUrl\":\"https:\/\/secure.gravatar.com\/avatar\/42b01982558a48a0b501fdcab6a408d3717ea5919095ee2e67b0e521799c5905?s=96&d=mm&r=g\",\"caption\":\"Antalya K\u00f6rfez\"},\"sameAs\":[\"http:\/\/www.antalyakorfez.com\"],\"url\":\"https:\/\/www.antalyakorfez.com\/sucustu-yakalanan-manavgat-belediye-baskan-yardimcisi-itirafci-oldu-her-seyi-bir-bir-anlatti\"}]}<\/script>\n<!-- \/ Yoast SEO Premium plugin. -->","yoast_head_json":{"title":"Su\u00e7\u00fcst\u00fc yakalanan Manavgat Belediye Ba\u015fkan Yard\u0131mc\u0131s\u0131 itiraf\u00e7\u0131 oldu! Her \u015feyi bir bir anlatt\u0131 - Av. Deniz Can K\u0131z\u0131l","robots":{"index":"index","follow":"follow","max-snippet":"max-snippet:-1","max-image-preview":"max-image-preview:large","max-video-preview":"max-video-preview:-1"},"canonical":"https:\/\/denizcankizil.tr\/en\/haberler\/gundem\/sucustu-yakalanan-manavgat-belediye-baskan-yardimcisi-itirafci-oldu-her-seyi-bir-bir-anlatti\/","og_locale":"en_GB","og_type":"article","og_title":"Su\u00e7\u00fcst\u00fc yakalanan Manavgat Belediye Ba\u015fkan Yard\u0131mc\u0131s\u0131 itiraf\u00e7\u0131 oldu! Her \u015feyi bir bir anlatt\u0131","og_description":"Manavgat Belediyesi&#8217;ne y\u00f6nelik operasyonda baklava kutusunda 110 bin avro r\u00fc\u015fvet al\u0131rken su\u00e7\u00fcst\u00fc yakalan\u0131p, tutuklanan Belediye Ba\u015fkan Yard\u0131mc\u0131s\u0131 Mehmet Engin T\u00fcter, etkin pi\u015fmanl\u0131ktan yararlanarak ek ifade verdi. Manavgat Belediye Ba\u015fkan\u0131 Niyazi Nefi Kara&#8217;n\u0131n g\u00f6reve ba\u015flad\u0131ktan sonra yak\u0131nlar\u0131ndan ekip olu\u015fturdu\u011funu anlatan T\u00fcter ifadesinde; Kara&#8217;n\u0131n ye\u011feni Bulem \u015eahbaz&#8217;\u0131 \u00f6zel kalem m\u00fcd\u00fcr\u00fc, bald\u0131z\u0131 S\u0131la Ceyhan Berkaya&#8217;y\u0131 ve okul arkada\u015f\u0131 G\u00fcls\u00fcm \u00d6zer&#8217;i belediye ba\u015fkan yard\u0131mc\u0131s\u0131 yapt\u0131\u011f\u0131n\u0131 belirtti. \u201cHER \u015eEYDEN O SORUMLUYDU\u201d Niyazi Nefi Kara&#8217;n\u0131n ye\u011feni H\u00fcseyin Cem G\u00fcl&#8217;\u00fc belediye ile ilgisi olmamas\u0131na ra\u011fmen aktif ki\u015fi haline getirdi\u011fini, arkada\u015f\u0131 Demir Demir&#8217;i de belediyeye ba\u011fl\u0131 \u00f6nemli bir i\u015ftirakin ba\u015f\u0131na ge\u00e7irdi\u011fini belirten T\u00fcter, &#8220;Belediyenin her biriminde H\u00fcseyin Cem G\u00fcl s\u00f6z sahibi oldu. \u00d6zellikle in\u015faata ba\u015flama ruhsat\u0131, iskan, tadilat ruhsat\u0131 ve otel i\u015fletme ruhsat\u0131 konular\u0131nda ba\u015fvuruda bulunan ki\u015filer, ruhsatlar verilmeden \u00f6nce muhakkak ba\u015fkan\u0131n talimat\u0131 ile H\u00fcseyin Cem G\u00fcl&#8217;e y\u00f6nlendirilirdi. H\u00fcseyin Cem G\u00fcl ile anla\u015f\u0131lmadan ruhsat al\u0131nmas\u0131 m\u00fcmk\u00fcn de\u011fildi&#8221; iddias\u0131nda bulundu. \u201cOTEL\u0130N KA\u00c7AK ODALARINA G\u00d6Z YUMDU \u201c \u0130\u015f insan\u0131 E.\u00d6.&#8217;den otel in\u015faat\u0131 izni i\u00e7in ara\u00e7 istendi\u011fini, tutuklu belediye meclisi \u00fcyesi Seval \u00d6z \u00d6zgen\u00e7&#8217;e ait otelin ise ka\u00e7ak odalar\u0131na g\u00f6z yumuldu\u011funu belirten T\u00fcter, otel sahibi M.\u00d6.&#8217;n\u00fcn iskan alabilmek i\u00e7in \u00f6zel kalem m\u00fcd\u00fcr\u00fc Bulem \u015eahbaz&#8217;\u0131n y\u00f6nlendirmesiyle ba\u015fkan\u0131n makam odas\u0131n\u0131 yenilemesine ra\u011fmen iskan alamad\u0131\u011f\u0131n\u0131 savundu. Kumk\u00f6y&#8217;deki al\u0131\u015fveri\u015f merkezinde de ka\u00e7ak yap\u0131la\u015fmaya g\u00f6z yumuldu\u011funu &hellip;","og_url":"https:\/\/denizcankizil.tr\/en\/haberler\/gundem\/sucustu-yakalanan-manavgat-belediye-baskan-yardimcisi-itirafci-oldu-her-seyi-bir-bir-anlatti\/","og_site_name":"Av. Deniz Can K\u0131z\u0131l","article_published_time":"2025-07-10T16:41:17+00:00","author":"Antalya K\u00f6rfez","twitter_card":"summary_large_image","twitter_misc":{"Written by":"Antalya K\u00f6rfez","Estimated reading time":"2 minutes"},"schema":{"@context":"https:\/\/schema.org","@graph":[{"@type":"Article","@id":"https:\/\/denizcankizil.tr\/ru\/haberler\/gundem\/sucustu-yakalanan-manavgat-belediye-baskan-yardimcisi-itirafci-oldu-her-seyi-bir-bir-anlatti\/#article","isPartOf":{"@id":"https:\/\/denizcankizil.tr\/ru\/haberler\/gundem\/sucustu-yakalanan-manavgat-belediye-baskan-yardimcisi-itirafci-oldu-her-seyi-bir-bir-anlatti\/"},"author":{"name":"Antalya K\u00f6rfez","@id":"https:\/\/denizcankizil.tr\/de\/#\/schema\/person\/e1eb71bb4dd684d46563f0af307e1234"},"headline":"Su\u00e7\u00fcst\u00fc yakalanan Manavgat Belediye Ba\u015fkan Yard\u0131mc\u0131s\u0131 itiraf\u00e7\u0131 oldu! Her \u015feyi bir bir anlatt\u0131","datePublished":"2025-07-10T16:41:17+00:00","mainEntityOfPage":{"@id":"https:\/\/denizcankizil.tr\/ru\/haberler\/gundem\/sucustu-yakalanan-manavgat-belediye-baskan-yardimcisi-itirafci-oldu-her-seyi-bir-bir-anlatti\/"},"wordCount":486,"publisher":{"@id":"https:\/\/denizcankizil.tr\/de\/#organization"},"articleSection":["G\u00fcndem"],"inLanguage":"en-GB"},{"@type":"WebPage","@id":"https:\/\/denizcankizil.tr\/ru\/haberler\/gundem\/sucustu-yakalanan-manavgat-belediye-baskan-yardimcisi-itirafci-oldu-her-seyi-bir-bir-anlatti\/","url":"https:\/\/denizcankizil.tr\/ru\/haberler\/gundem\/sucustu-yakalanan-manavgat-belediye-baskan-yardimcisi-itirafci-oldu-her-seyi-bir-bir-anlatti\/","name":"Su\u00e7\u00fcst\u00fc yakalanan Manavgat Belediye Ba\u015fkan Yard\u0131mc\u0131s\u0131 itiraf\u00e7\u0131 oldu! Her \u015feyi bir bir anlatt\u0131 - Av. Deniz Can K\u0131z\u0131l","isPartOf":{"@id":"https:\/\/denizcankizil.tr\/de\/#website"},"datePublished":"2025-07-10T16:41:17+00:00","breadcrumb":{"@id":"https:\/\/denizcankizil.tr\/ru\/haberler\/gundem\/sucustu-yakalanan-manavgat-belediye-baskan-yardimcisi-itirafci-oldu-her-seyi-bir-bir-anlatti\/#breadcrumb"},"inLanguage":"en-GB","potentialAction":[{"@type":"ReadAction","target":["https:\/\/denizcankizil.tr\/ru\/haberler\/gundem\/sucustu-yakalanan-manavgat-belediye-baskan-yardimcisi-itirafci-oldu-her-seyi-bir-bir-anlatti\/"]}]},{"@type":"BreadcrumbList","@id":"https:\/\/denizcankizil.tr\/ru\/haberler\/gundem\/sucustu-yakalanan-manavgat-belediye-baskan-yardimcisi-itirafci-oldu-her-seyi-bir-bir-anlatti\/#breadcrumb","itemListElement":[{"@type":"ListItem","position":1,"name":"Home","item":"https:\/\/denizcankizil.tr\/de\/"},{"@type":"ListItem","position":2,"name":"Su\u00e7\u00fcst\u00fc yakalanan Manavgat Belediye Ba\u015fkan Yard\u0131mc\u0131s\u0131 itiraf\u00e7\u0131 oldu! Her \u015feyi bir bir anlatt\u0131"}]},{"@type":"WebSite","@id":"https:\/\/denizcankizil.tr\/de\/#website","url":"https:\/\/denizcankizil.tr\/de\/","name":"Av. Deniz Can K\u0131z\u0131l","description":"Avukat Deniz Can K\u0131z\u0131l Antalya Barosu","publisher":{"@id":"https:\/\/denizcankizil.tr\/de\/#organization"},"potentialAction":[{"@type":"SearchAction","target":{"@type":"EntryPoint","urlTemplate":"https:\/\/denizcankizil.tr\/de\/?s={search_term_string}"},"query-input":{"@type":"PropertyValueSpecification","valueRequired":true,"valueName":"search_term_string"}}],"inLanguage":"en-GB"},{"@type":"Organization","@id":"https:\/\/denizcankizil.tr\/de\/#organization","name":"Av. Deniz Can K\u0131z\u0131l","url":"https:\/\/denizcankizil.tr\/de\/","logo":{"@type":"ImageObject","inLanguage":"en-GB","@id":"https:\/\/denizcankizil.tr\/de\/#\/schema\/logo\/image\/","url":"http:\/\/denizcankizil.tr\/wp-content\/uploads\/2024\/10\/siyah-logo-svg.svg","contentUrl":"http:\/\/denizcankizil.tr\/wp-content\/uploads\/2024\/10\/siyah-logo-svg.svg","width":1080,"height":1080,"caption":"Av. Deniz Can K\u0131z\u0131l"},"image":{"@id":"https:\/\/denizcankizil.tr\/de\/#\/schema\/logo\/image\/"}},{"@type":"Person","@id":"https:\/\/denizcankizil.tr\/de\/#\/schema\/person\/e1eb71bb4dd684d46563f0af307e1234","name":"Antalya K\u00f6rfez","image":{"@type":"ImageObject","inLanguage":"en-GB","@id":"https:\/\/denizcankizil.tr\/de\/#\/schema\/person\/image\/","url":"https:\/\/secure.gravatar.com\/avatar\/42b01982558a48a0b501fdcab6a408d3717ea5919095ee2e67b0e521799c5905?s=96&d=mm&r=g","contentUrl":"https:\/\/secure.gravatar.com\/avatar\/42b01982558a48a0b501fdcab6a408d3717ea5919095ee2e67b0e521799c5905?s=96&d=mm&r=g","caption":"Antalya K\u00f6rfez"},"sameAs":["http:\/\/www.antalyakorfez.com"],"url":"https:\/\/www.antalyakorfez.com\/sucustu-yakalanan-manavgat-belediye-baskan-yardimcisi-itirafci-oldu-her-seyi-bir-bir-anlatti"}]}},"_links":{"self":[{"href":"http:\/\/denizcankizil.tr\/en\/wp-json\/wp\/v2\/posts\/141895","targetHints":{"allow":["GET"]}}],"collection":[{"href":"http:\/\/denizcankizil.tr\/en\/wp-json\/wp\/v2\/posts"}],"about":[{"href":"http:\/\/denizcankizil.tr\/en\/wp-json\/wp\/v2\/types\/post"}],"author":[{"embeddable":true,"href":"http:\/\/denizcankizil.tr\/en\/wp-json\/wp\/v2\/users\/5"}],"replies":[{"embeddable":true,"href":"http:\/\/denizcankizil.tr\/en\/wp-json\/wp\/v2\/comments?post=141895"}],"version-history":[{"count":0,"href":"http:\/\/denizcankizil.tr\/en\/wp-json\/wp\/v2\/posts\/141895\/revisions"}],"wp:attachment":[{"href":"http:\/\/denizcankizil.tr\/en\/wp-json\/wp\/v2\/media?parent=141895"}],"wp:term":[{"taxonomy":"category","embeddable":true,"href":"http:\/\/denizcankizil.tr\/en\/wp-json\/wp\/v2\/categories?post=141895"},{"taxonomy":"post_tag","embeddable":true,"href":"http:\/\/denizcankizil.tr\/en\/wp-json\/wp\/v2\/tags?post=141895"}],"curies":[{"name":"wp","href":"https:\/\/api.w.org\/{rel}","templated":true}]}}