{"id":139932,"date":"2025-07-08T17:41:17","date_gmt":"2025-07-08T14:41:17","guid":{"rendered":"https:\/\/denizcankizil.tr\/uncategorized-tr\/antalyada-kritik-secimin-tarihi-belli-oldu-buyuksehirde-partilerin-koltuk-dagilim-nasil\/"},"modified":"2025-07-08T17:41:17","modified_gmt":"2025-07-08T14:41:17","slug":"antalyada-kritik-secimin-tarihi-belli-oldu-buyuksehirde-partilerin-koltuk-dagilim-nasil","status":"publish","type":"post","link":"http:\/\/denizcankizil.tr\/en\/haberler\/gundem\/antalyada-kritik-secimin-tarihi-belli-oldu-buyuksehirde-partilerin-koltuk-dagilim-nasil\/","title":{"rendered":"Antalya\u2019da kritik se\u00e7imin tarihi belli oldu! B\u00fcy\u00fck\u015fehir&#8217;de partilerin koltuk da\u011f\u0131l\u0131m nas\u0131l?"},"content":{"rendered":"<p>Antalya Cumhuriyet Ba\u015fsavc\u0131l\u0131\u011f\u0131 taraf\u0131ndan y\u00fcr\u00fct\u00fclen &#8216;r\u00fc\u015fvet&#8217; soru\u015fturmas\u0131 kapsam\u0131nda Antalya B\u00fcy\u00fck\u015fehir Belediye Ba\u015fkan\u0131 Muhittin B\u00f6cek, g\u00f6zalt\u0131na al\u0131nd\u0131. Emniyetteki i\u015flemlerin ard\u0131ndan ayn\u0131 g\u00fcn ak\u015fam saatlerinde adliyeye sevk edilen Ba\u015fkan B\u00f6cek\u2019in sorgusu 2 saat s\u00fcrd\u00fc. Sorgusu tamamlanan Muhitin B\u00f6cek, tutuklama talebiyle sevk edildi\u011fi n\u00f6bet\u00e7i sulh ceza hakimli\u011fi taraf\u0131ndan tutukland\u0131. Tutuklama karar\u0131 ard\u0131ndan B\u00f6cek, D\u00f6\u015femealt\u0131 L Tipi Cezaevi&#8217;ne g\u00f6t\u00fcr\u00fcld\u00fc.<\/p>\n<p>MECL\u0130S CUMA G\u00dcN\u00dc TOPLANACAK<\/p>\n<p>Ya\u015fanan bu geli\u015fmenin ard\u0131ndan \u0130\u00e7i\u015fleri Bakanl\u0131\u011f\u0131 yapt\u0131\u011f\u0131 a\u00e7\u0131klamada Ba\u015fkan Muhittin B\u00f6cek&#8217;in, hakk\u0131nda y\u00fcr\u00fct\u00fclen soru\u015fturma kapsam\u0131nda tutuklanmas\u0131n\u0131n ard\u0131ndan ge\u00e7ici bir tedbir olarak g\u00f6revden uzakla\u015ft\u0131r\u0131ld\u0131\u011f\u0131n\u0131 duyurdu. Antalya Valisi Hulusi \u015eahin imzas\u0131yla B\u00fcy\u00fck\u015fehir Belediyesi&#8217;ne g\u00f6nderilen yaz\u0131da, Antalya B\u00fcy\u00fck\u015fehir Belediye Meclisinin 11 Temmuz Cuma g\u00fcn\u00fc toplanmas\u0131 istendi . Cuma g\u00fcn\u00fc toplanan B\u00fcy\u00fck\u015fehir Belediye Meclisi, yap\u0131lan se\u00e7imin ard\u0131ndan ba\u015fkan vekilini belirleyecek. Al\u0131nan bu karar\u0131n ard\u0131ndan mecliste partilerin da\u011f\u0131l\u0131m\u0131 merak konusu oldu.<\/p>\n<p>MECL\u0130STEK\u0130 KOLTUK DA\u011eILIMI<\/p>\n<p>Antalya B\u00fcy\u00fck\u015fehir Belediyesi 11 Temmuz Cuma g\u00fcn\u00fc ola\u011fan\u00fcst\u00fc bir \u015fekilde toplanacak. \u0130\u015fte Antalya B\u00fcy\u00fck\u015fehir Belediyesi Meclis\u2019inde partilerin koltuk say\u0131s\u0131:<\/p>\n<p> CHP: 76 meclis \u00fcyesi<\/p>\n<p> AK Parti: 22 meclis \u00fcyesi<\/p>\n<p> MHP: 10 meclis \u00fcyesi<\/p>\n<p> Demokrat Parti: 3 meclis \u00fcyesi<\/p>\n<p> \u0130Y\u0130 Parti: 1 meclis \u00fcyesi<\/p>\n<p> 1 ba\u011f\u0131ms\u0131z meclis \u00fcyesi<\/p>\n<p>\u200bAntalya B\u00fcy\u00fck\u015fehir Belediye Ba\u015fkan\u0131 Muhittin B\u00f6cek\u2019in tutuklanmas\u0131n\u0131n ard\u0131ndan Belediye Meclisi 11 Temmuz Cuma g\u00fcn\u00fc ola\u011fan\u00fcst\u00fc toplanarak ba\u015fkan vekilini se\u00e7ecek. Se\u00e7im \u00f6ncesi mecliste partilerin da\u011f\u0131l\u0131m\u0131 ise merak konusu oldu. B\u00fcy\u00fck\u015fehir Meclisi&#8217;nde hangi parti ka\u00e7 koltukla temsil ediliyor\u2026\u00a0<\/p>\n<p>\u200bHaberin Al\u0131nt\u0131land\u0131\u011f\u0131 Kaynak: www.antalyakorfez.com<\/p>","protected":false},"excerpt":{"rendered":"<p>Antalya Cumhuriyet Ba\u015fsavc\u0131l\u0131\u011f\u0131 taraf\u0131ndan y\u00fcr\u00fct\u00fclen &#8216;r\u00fc\u015fvet&#8217; soru\u015fturmas\u0131 kapsam\u0131nda Antalya B\u00fcy\u00fck\u015fehir Belediye Ba\u015fkan\u0131 Muhittin B\u00f6cek, g\u00f6zalt\u0131na al\u0131nd\u0131. Emniyetteki i\u015flemlerin ard\u0131ndan ayn\u0131 g\u00fcn ak\u015fam saatlerinde adliyeye sevk edilen Ba\u015fkan B\u00f6cek\u2019in sorgusu 2 saat s\u00fcrd\u00fc. Sorgusu tamamlanan Muhitin B\u00f6cek, tutuklama talebiyle sevk edildi\u011fi n\u00f6bet\u00e7i sulh ceza hakimli\u011fi taraf\u0131ndan tutukland\u0131. Tutuklama karar\u0131 ard\u0131ndan B\u00f6cek, D\u00f6\u015femealt\u0131 L Tipi Cezaevi&#8217;ne g\u00f6t\u00fcr\u00fcld\u00fc. MECL\u0130S CUMA G\u00dcN\u00dc TOPLANACAK Ya\u015fanan bu geli\u015fmenin ard\u0131ndan \u0130\u00e7i\u015fleri Bakanl\u0131\u011f\u0131 yapt\u0131\u011f\u0131 a\u00e7\u0131klamada Ba\u015fkan Muhittin B\u00f6cek&#8217;in, hakk\u0131nda y\u00fcr\u00fct\u00fclen soru\u015fturma kapsam\u0131nda tutuklanmas\u0131n\u0131n ard\u0131ndan ge\u00e7ici bir tedbir olarak g\u00f6revden uzakla\u015ft\u0131r\u0131ld\u0131\u011f\u0131n\u0131 duyurdu. Antalya Valisi Hulusi \u015eahin imzas\u0131yla B\u00fcy\u00fck\u015fehir Belediyesi&#8217;ne g\u00f6nderilen yaz\u0131da, Antalya B\u00fcy\u00fck\u015fehir Belediye Meclisinin 11 Temmuz Cuma g\u00fcn\u00fc toplanmas\u0131 istendi . Cuma g\u00fcn\u00fc toplanan B\u00fcy\u00fck\u015fehir Belediye Meclisi, yap\u0131lan se\u00e7imin ard\u0131ndan ba\u015fkan vekilini belirleyecek. Al\u0131nan bu karar\u0131n ard\u0131ndan mecliste partilerin da\u011f\u0131l\u0131m\u0131 merak konusu oldu. MECL\u0130STEK\u0130 KOLTUK DA\u011eILIMI Antalya B\u00fcy\u00fck\u015fehir Belediyesi 11 Temmuz Cuma g\u00fcn\u00fc ola\u011fan\u00fcst\u00fc bir \u015fekilde toplanacak. \u0130\u015fte Antalya B\u00fcy\u00fck\u015fehir Belediyesi Meclis\u2019inde partilerin koltuk say\u0131s\u0131: CHP: 76 meclis \u00fcyesi AK Parti: 22 meclis \u00fcyesi MHP: 10 meclis \u00fcyesi Demokrat Parti: 3 meclis \u00fcyesi \u0130Y\u0130 Parti: 1 meclis \u00fcyesi 1 ba\u011f\u0131ms\u0131z meclis \u00fcyesi \u200bAntalya B\u00fcy\u00fck\u015fehir Belediye Ba\u015fkan\u0131 Muhittin B\u00f6cek\u2019in tutuklanmas\u0131n\u0131n ard\u0131ndan Belediye Meclisi 11 Temmuz Cuma g\u00fcn\u00fc ola\u011fan\u00fcst\u00fc toplanarak ba\u015fkan vekilini se\u00e7ecek. Se\u00e7im \u00f6ncesi mecliste partilerin da\u011f\u0131l\u0131m\u0131 ise merak &hellip;<\/p>","protected":false},"author":5,"featured_media":0,"comment_status":"","ping_status":"open","sticky":false,"template":"","format":"standard","meta":{"_acf_changed":false,"footnotes":""},"categories":[24],"tags":[],"class_list":["post-139932","post","type-post","status-publish","format-standard","has-post-thumbnail","hentry","category-gundem"],"acf":[],"yoast_head":"<!-- This site is optimized with the Yoast SEO Premium plugin v26.6 (Yoast SEO v27.1.1) - https:\/\/yoast.com\/product\/yoast-seo-premium-wordpress\/ -->\n<title>Antalya\u2019da kritik se\u00e7imin tarihi belli oldu! B\u00fcy\u00fck\u015fehir&#039;de partilerin koltuk da\u011f\u0131l\u0131m nas\u0131l? - Av. Deniz Can K\u0131z\u0131l<\/title>\n<meta name=\"robots\" content=\"index, follow, max-snippet:-1, max-image-preview:large, max-video-preview:-1\" \/>\n<link rel=\"canonical\" href=\"http:\/\/denizcankizil.tr\/en\/haberler\/gundem\/antalyada-kritik-secimin-tarihi-belli-oldu-buyuksehirde-partilerin-koltuk-dagilim-nasil\/\" \/>\n<meta property=\"og:locale\" content=\"en_GB\" \/>\n<meta property=\"og:type\" content=\"article\" \/>\n<meta property=\"og:title\" content=\"Antalya\u2019da kritik se\u00e7imin tarihi belli oldu! B\u00fcy\u00fck\u015fehir&#039;de partilerin koltuk da\u011f\u0131l\u0131m nas\u0131l?\" \/>\n<meta property=\"og:description\" content=\"Antalya Cumhuriyet Ba\u015fsavc\u0131l\u0131\u011f\u0131 taraf\u0131ndan y\u00fcr\u00fct\u00fclen &#8216;r\u00fc\u015fvet&#8217; soru\u015fturmas\u0131 kapsam\u0131nda Antalya B\u00fcy\u00fck\u015fehir Belediye Ba\u015fkan\u0131 Muhittin B\u00f6cek, g\u00f6zalt\u0131na al\u0131nd\u0131. Emniyetteki i\u015flemlerin ard\u0131ndan ayn\u0131 g\u00fcn ak\u015fam saatlerinde adliyeye sevk edilen Ba\u015fkan B\u00f6cek\u2019in sorgusu 2 saat s\u00fcrd\u00fc. Sorgusu tamamlanan Muhitin B\u00f6cek, tutuklama talebiyle sevk edildi\u011fi n\u00f6bet\u00e7i sulh ceza hakimli\u011fi taraf\u0131ndan tutukland\u0131. Tutuklama karar\u0131 ard\u0131ndan B\u00f6cek, D\u00f6\u015femealt\u0131 L Tipi Cezaevi&#8217;ne g\u00f6t\u00fcr\u00fcld\u00fc. MECL\u0130S CUMA G\u00dcN\u00dc TOPLANACAK Ya\u015fanan bu geli\u015fmenin ard\u0131ndan \u0130\u00e7i\u015fleri Bakanl\u0131\u011f\u0131 yapt\u0131\u011f\u0131 a\u00e7\u0131klamada Ba\u015fkan Muhittin B\u00f6cek&#8217;in, hakk\u0131nda y\u00fcr\u00fct\u00fclen soru\u015fturma kapsam\u0131nda tutuklanmas\u0131n\u0131n ard\u0131ndan ge\u00e7ici bir tedbir olarak g\u00f6revden uzakla\u015ft\u0131r\u0131ld\u0131\u011f\u0131n\u0131 duyurdu. Antalya Valisi Hulusi \u015eahin imzas\u0131yla B\u00fcy\u00fck\u015fehir Belediyesi&#8217;ne g\u00f6nderilen yaz\u0131da, Antalya B\u00fcy\u00fck\u015fehir Belediye Meclisinin 11 Temmuz Cuma g\u00fcn\u00fc toplanmas\u0131 istendi . Cuma g\u00fcn\u00fc toplanan B\u00fcy\u00fck\u015fehir Belediye Meclisi, yap\u0131lan se\u00e7imin ard\u0131ndan ba\u015fkan vekilini belirleyecek. Al\u0131nan bu karar\u0131n ard\u0131ndan mecliste partilerin da\u011f\u0131l\u0131m\u0131 merak konusu oldu. MECL\u0130STEK\u0130 KOLTUK DA\u011eILIMI Antalya B\u00fcy\u00fck\u015fehir Belediyesi 11 Temmuz Cuma g\u00fcn\u00fc ola\u011fan\u00fcst\u00fc bir \u015fekilde toplanacak. \u0130\u015fte Antalya B\u00fcy\u00fck\u015fehir Belediyesi Meclis\u2019inde partilerin koltuk say\u0131s\u0131: CHP: 76 meclis \u00fcyesi AK Parti: 22 meclis \u00fcyesi MHP: 10 meclis \u00fcyesi Demokrat Parti: 3 meclis \u00fcyesi \u0130Y\u0130 Parti: 1 meclis \u00fcyesi 1 ba\u011f\u0131ms\u0131z meclis \u00fcyesi \u200bAntalya B\u00fcy\u00fck\u015fehir Belediye Ba\u015fkan\u0131 Muhittin B\u00f6cek\u2019in tutuklanmas\u0131n\u0131n ard\u0131ndan Belediye Meclisi 11 Temmuz Cuma g\u00fcn\u00fc ola\u011fan\u00fcst\u00fc toplanarak ba\u015fkan vekilini se\u00e7ecek. Se\u00e7im \u00f6ncesi mecliste partilerin da\u011f\u0131l\u0131m\u0131 ise merak &hellip;\" \/>\n<meta property=\"og:url\" content=\"http:\/\/denizcankizil.tr\/en\/haberler\/gundem\/antalyada-kritik-secimin-tarihi-belli-oldu-buyuksehirde-partilerin-koltuk-dagilim-nasil\/\" \/>\n<meta property=\"og:site_name\" content=\"Av. Deniz Can K\u0131z\u0131l\" \/>\n<meta property=\"article:published_time\" content=\"2025-07-08T14:41:17+00:00\" \/>\n<meta name=\"author\" content=\"Antalya K\u00f6rfez\" \/>\n<meta name=\"twitter:card\" content=\"summary_large_image\" \/>\n<meta name=\"twitter:label1\" content=\"Written by\" \/>\n\t<meta name=\"twitter:data1\" content=\"Antalya K\u00f6rfez\" \/>\n\t<meta name=\"twitter:label2\" content=\"Estimated reading time\" \/>\n\t<meta name=\"twitter:data2\" content=\"2 minutes\" \/>\n<script type=\"application\/ld+json\" class=\"yoast-schema-graph\">{\"@context\":\"https:\/\/schema.org\",\"@graph\":[{\"@type\":\"Article\",\"@id\":\"http:\/\/denizcankizil.tr\/en\/haberler\/gundem\/antalyada-kritik-secimin-tarihi-belli-oldu-buyuksehirde-partilerin-koltuk-dagilim-nasil\/#article\",\"isPartOf\":{\"@id\":\"http:\/\/denizcankizil.tr\/en\/haberler\/gundem\/antalyada-kritik-secimin-tarihi-belli-oldu-buyuksehirde-partilerin-koltuk-dagilim-nasil\/\"},\"author\":{\"name\":\"Antalya K\u00f6rfez\",\"@id\":\"https:\/\/denizcankizil.tr\/#\/schema\/person\/e1eb71bb4dd684d46563f0af307e1234\"},\"headline\":\"Antalya\u2019da kritik se\u00e7imin tarihi belli oldu! B\u00fcy\u00fck\u015fehir&#8217;de partilerin koltuk da\u011f\u0131l\u0131m nas\u0131l?\",\"datePublished\":\"2025-07-08T14:41:17+00:00\",\"mainEntityOfPage\":{\"@id\":\"http:\/\/denizcankizil.tr\/en\/haberler\/gundem\/antalyada-kritik-secimin-tarihi-belli-oldu-buyuksehirde-partilerin-koltuk-dagilim-nasil\/\"},\"wordCount\":350,\"publisher\":{\"@id\":\"https:\/\/denizcankizil.tr\/#organization\"},\"articleSection\":[\"G\u00fcndem\"],\"inLanguage\":\"en-GB\"},{\"@type\":\"WebPage\",\"@id\":\"http:\/\/denizcankizil.tr\/en\/haberler\/gundem\/antalyada-kritik-secimin-tarihi-belli-oldu-buyuksehirde-partilerin-koltuk-dagilim-nasil\/\",\"url\":\"http:\/\/denizcankizil.tr\/en\/haberler\/gundem\/antalyada-kritik-secimin-tarihi-belli-oldu-buyuksehirde-partilerin-koltuk-dagilim-nasil\/\",\"name\":\"Antalya\u2019da kritik se\u00e7imin tarihi belli oldu! B\u00fcy\u00fck\u015fehir'de partilerin koltuk da\u011f\u0131l\u0131m nas\u0131l? - Av. Deniz Can K\u0131z\u0131l\",\"isPartOf\":{\"@id\":\"https:\/\/denizcankizil.tr\/#website\"},\"datePublished\":\"2025-07-08T14:41:17+00:00\",\"breadcrumb\":{\"@id\":\"http:\/\/denizcankizil.tr\/en\/haberler\/gundem\/antalyada-kritik-secimin-tarihi-belli-oldu-buyuksehirde-partilerin-koltuk-dagilim-nasil\/#breadcrumb\"},\"inLanguage\":\"en-GB\",\"potentialAction\":[{\"@type\":\"ReadAction\",\"target\":[\"http:\/\/denizcankizil.tr\/en\/haberler\/gundem\/antalyada-kritik-secimin-tarihi-belli-oldu-buyuksehirde-partilerin-koltuk-dagilim-nasil\/\"]}]},{\"@type\":\"BreadcrumbList\",\"@id\":\"http:\/\/denizcankizil.tr\/en\/haberler\/gundem\/antalyada-kritik-secimin-tarihi-belli-oldu-buyuksehirde-partilerin-koltuk-dagilim-nasil\/#breadcrumb\",\"itemListElement\":[{\"@type\":\"ListItem\",\"position\":1,\"name\":\"Home\",\"item\":\"https:\/\/denizcankizil.tr\/de\/\"},{\"@type\":\"ListItem\",\"position\":2,\"name\":\"Antalya\u2019da kritik se\u00e7imin tarihi belli oldu! B\u00fcy\u00fck\u015fehir&#8217;de partilerin koltuk da\u011f\u0131l\u0131m nas\u0131l?\"}]},{\"@type\":\"WebSite\",\"@id\":\"https:\/\/denizcankizil.tr\/#website\",\"url\":\"https:\/\/denizcankizil.tr\/\",\"name\":\"Av. Deniz Can K\u0131z\u0131l\",\"description\":\"Avukat Deniz Can K\u0131z\u0131l Antalya Barosu\",\"publisher\":{\"@id\":\"https:\/\/denizcankizil.tr\/#organization\"},\"potentialAction\":[{\"@type\":\"SearchAction\",\"target\":{\"@type\":\"EntryPoint\",\"urlTemplate\":\"https:\/\/denizcankizil.tr\/?s={search_term_string}\"},\"query-input\":{\"@type\":\"PropertyValueSpecification\",\"valueRequired\":true,\"valueName\":\"search_term_string\"}}],\"inLanguage\":\"en-GB\"},{\"@type\":\"Organization\",\"@id\":\"https:\/\/denizcankizil.tr\/#organization\",\"name\":\"Av. Deniz Can K\u0131z\u0131l\",\"url\":\"https:\/\/denizcankizil.tr\/\",\"logo\":{\"@type\":\"ImageObject\",\"inLanguage\":\"en-GB\",\"@id\":\"https:\/\/denizcankizil.tr\/#\/schema\/logo\/image\/\",\"url\":\"http:\/\/denizcankizil.tr\/wp-content\/uploads\/2024\/10\/siyah-logo-svg.svg\",\"contentUrl\":\"http:\/\/denizcankizil.tr\/wp-content\/uploads\/2024\/10\/siyah-logo-svg.svg\",\"width\":1080,\"height\":1080,\"caption\":\"Av. Deniz Can K\u0131z\u0131l\"},\"image\":{\"@id\":\"https:\/\/denizcankizil.tr\/#\/schema\/logo\/image\/\"}},{\"@type\":\"Person\",\"@id\":\"https:\/\/denizcankizil.tr\/#\/schema\/person\/e1eb71bb4dd684d46563f0af307e1234\",\"name\":\"Antalya K\u00f6rfez\",\"image\":{\"@type\":\"ImageObject\",\"inLanguage\":\"en-GB\",\"@id\":\"https:\/\/denizcankizil.tr\/#\/schema\/person\/image\/\",\"url\":\"https:\/\/secure.gravatar.com\/avatar\/42b01982558a48a0b501fdcab6a408d3717ea5919095ee2e67b0e521799c5905?s=96&d=mm&r=g\",\"contentUrl\":\"https:\/\/secure.gravatar.com\/avatar\/42b01982558a48a0b501fdcab6a408d3717ea5919095ee2e67b0e521799c5905?s=96&d=mm&r=g\",\"caption\":\"Antalya K\u00f6rfez\"},\"sameAs\":[\"http:\/\/www.antalyakorfez.com\"],\"url\":\"https:\/\/www.antalyakorfez.com\/antalyada-kritik-secimin-tarihi-belli-oldu-buyuksehirde-partilerin-koltuk-dagilim-nasil\"}]}<\/script>\n<!-- \/ Yoast SEO Premium plugin. -->","yoast_head_json":{"title":"Antalya\u2019da kritik se\u00e7imin tarihi belli oldu! B\u00fcy\u00fck\u015fehir'de partilerin koltuk da\u011f\u0131l\u0131m nas\u0131l? - Av. Deniz Can K\u0131z\u0131l","robots":{"index":"index","follow":"follow","max-snippet":"max-snippet:-1","max-image-preview":"max-image-preview:large","max-video-preview":"max-video-preview:-1"},"canonical":"http:\/\/denizcankizil.tr\/en\/haberler\/gundem\/antalyada-kritik-secimin-tarihi-belli-oldu-buyuksehirde-partilerin-koltuk-dagilim-nasil\/","og_locale":"en_GB","og_type":"article","og_title":"Antalya\u2019da kritik se\u00e7imin tarihi belli oldu! B\u00fcy\u00fck\u015fehir'de partilerin koltuk da\u011f\u0131l\u0131m nas\u0131l?","og_description":"Antalya Cumhuriyet Ba\u015fsavc\u0131l\u0131\u011f\u0131 taraf\u0131ndan y\u00fcr\u00fct\u00fclen &#8216;r\u00fc\u015fvet&#8217; soru\u015fturmas\u0131 kapsam\u0131nda Antalya B\u00fcy\u00fck\u015fehir Belediye Ba\u015fkan\u0131 Muhittin B\u00f6cek, g\u00f6zalt\u0131na al\u0131nd\u0131. Emniyetteki i\u015flemlerin ard\u0131ndan ayn\u0131 g\u00fcn ak\u015fam saatlerinde adliyeye sevk edilen Ba\u015fkan B\u00f6cek\u2019in sorgusu 2 saat s\u00fcrd\u00fc. Sorgusu tamamlanan Muhitin B\u00f6cek, tutuklama talebiyle sevk edildi\u011fi n\u00f6bet\u00e7i sulh ceza hakimli\u011fi taraf\u0131ndan tutukland\u0131. Tutuklama karar\u0131 ard\u0131ndan B\u00f6cek, D\u00f6\u015femealt\u0131 L Tipi Cezaevi&#8217;ne g\u00f6t\u00fcr\u00fcld\u00fc. MECL\u0130S CUMA G\u00dcN\u00dc TOPLANACAK Ya\u015fanan bu geli\u015fmenin ard\u0131ndan \u0130\u00e7i\u015fleri Bakanl\u0131\u011f\u0131 yapt\u0131\u011f\u0131 a\u00e7\u0131klamada Ba\u015fkan Muhittin B\u00f6cek&#8217;in, hakk\u0131nda y\u00fcr\u00fct\u00fclen soru\u015fturma kapsam\u0131nda tutuklanmas\u0131n\u0131n ard\u0131ndan ge\u00e7ici bir tedbir olarak g\u00f6revden uzakla\u015ft\u0131r\u0131ld\u0131\u011f\u0131n\u0131 duyurdu. Antalya Valisi Hulusi \u015eahin imzas\u0131yla B\u00fcy\u00fck\u015fehir Belediyesi&#8217;ne g\u00f6nderilen yaz\u0131da, Antalya B\u00fcy\u00fck\u015fehir Belediye Meclisinin 11 Temmuz Cuma g\u00fcn\u00fc toplanmas\u0131 istendi . Cuma g\u00fcn\u00fc toplanan B\u00fcy\u00fck\u015fehir Belediye Meclisi, yap\u0131lan se\u00e7imin ard\u0131ndan ba\u015fkan vekilini belirleyecek. Al\u0131nan bu karar\u0131n ard\u0131ndan mecliste partilerin da\u011f\u0131l\u0131m\u0131 merak konusu oldu. MECL\u0130STEK\u0130 KOLTUK DA\u011eILIMI Antalya B\u00fcy\u00fck\u015fehir Belediyesi 11 Temmuz Cuma g\u00fcn\u00fc ola\u011fan\u00fcst\u00fc bir \u015fekilde toplanacak. \u0130\u015fte Antalya B\u00fcy\u00fck\u015fehir Belediyesi Meclis\u2019inde partilerin koltuk say\u0131s\u0131: CHP: 76 meclis \u00fcyesi AK Parti: 22 meclis \u00fcyesi MHP: 10 meclis \u00fcyesi Demokrat Parti: 3 meclis \u00fcyesi \u0130Y\u0130 Parti: 1 meclis \u00fcyesi 1 ba\u011f\u0131ms\u0131z meclis \u00fcyesi \u200bAntalya B\u00fcy\u00fck\u015fehir Belediye Ba\u015fkan\u0131 Muhittin B\u00f6cek\u2019in tutuklanmas\u0131n\u0131n ard\u0131ndan Belediye Meclisi 11 Temmuz Cuma g\u00fcn\u00fc ola\u011fan\u00fcst\u00fc toplanarak ba\u015fkan vekilini se\u00e7ecek. Se\u00e7im \u00f6ncesi mecliste partilerin da\u011f\u0131l\u0131m\u0131 ise merak &hellip;","og_url":"http:\/\/denizcankizil.tr\/en\/haberler\/gundem\/antalyada-kritik-secimin-tarihi-belli-oldu-buyuksehirde-partilerin-koltuk-dagilim-nasil\/","og_site_name":"Av. Deniz Can K\u0131z\u0131l","article_published_time":"2025-07-08T14:41:17+00:00","author":"Antalya K\u00f6rfez","twitter_card":"summary_large_image","twitter_misc":{"Written by":"Antalya K\u00f6rfez","Estimated reading time":"2 minutes"},"schema":{"@context":"https:\/\/schema.org","@graph":[{"@type":"Article","@id":"http:\/\/denizcankizil.tr\/en\/haberler\/gundem\/antalyada-kritik-secimin-tarihi-belli-oldu-buyuksehirde-partilerin-koltuk-dagilim-nasil\/#article","isPartOf":{"@id":"http:\/\/denizcankizil.tr\/en\/haberler\/gundem\/antalyada-kritik-secimin-tarihi-belli-oldu-buyuksehirde-partilerin-koltuk-dagilim-nasil\/"},"author":{"name":"Antalya K\u00f6rfez","@id":"https:\/\/denizcankizil.tr\/#\/schema\/person\/e1eb71bb4dd684d46563f0af307e1234"},"headline":"Antalya\u2019da kritik se\u00e7imin tarihi belli oldu! B\u00fcy\u00fck\u015fehir&#8217;de partilerin koltuk da\u011f\u0131l\u0131m nas\u0131l?","datePublished":"2025-07-08T14:41:17+00:00","mainEntityOfPage":{"@id":"http:\/\/denizcankizil.tr\/en\/haberler\/gundem\/antalyada-kritik-secimin-tarihi-belli-oldu-buyuksehirde-partilerin-koltuk-dagilim-nasil\/"},"wordCount":350,"publisher":{"@id":"https:\/\/denizcankizil.tr\/#organization"},"articleSection":["G\u00fcndem"],"inLanguage":"en-GB"},{"@type":"WebPage","@id":"http:\/\/denizcankizil.tr\/en\/haberler\/gundem\/antalyada-kritik-secimin-tarihi-belli-oldu-buyuksehirde-partilerin-koltuk-dagilim-nasil\/","url":"http:\/\/denizcankizil.tr\/en\/haberler\/gundem\/antalyada-kritik-secimin-tarihi-belli-oldu-buyuksehirde-partilerin-koltuk-dagilim-nasil\/","name":"Antalya\u2019da kritik se\u00e7imin tarihi belli oldu! B\u00fcy\u00fck\u015fehir'de partilerin koltuk da\u011f\u0131l\u0131m nas\u0131l? - Av. Deniz Can K\u0131z\u0131l","isPartOf":{"@id":"https:\/\/denizcankizil.tr\/#website"},"datePublished":"2025-07-08T14:41:17+00:00","breadcrumb":{"@id":"http:\/\/denizcankizil.tr\/en\/haberler\/gundem\/antalyada-kritik-secimin-tarihi-belli-oldu-buyuksehirde-partilerin-koltuk-dagilim-nasil\/#breadcrumb"},"inLanguage":"en-GB","potentialAction":[{"@type":"ReadAction","target":["http:\/\/denizcankizil.tr\/en\/haberler\/gundem\/antalyada-kritik-secimin-tarihi-belli-oldu-buyuksehirde-partilerin-koltuk-dagilim-nasil\/"]}]},{"@type":"BreadcrumbList","@id":"http:\/\/denizcankizil.tr\/en\/haberler\/gundem\/antalyada-kritik-secimin-tarihi-belli-oldu-buyuksehirde-partilerin-koltuk-dagilim-nasil\/#breadcrumb","itemListElement":[{"@type":"ListItem","position":1,"name":"Home","item":"https:\/\/denizcankizil.tr\/de\/"},{"@type":"ListItem","position":2,"name":"Antalya\u2019da kritik se\u00e7imin tarihi belli oldu! B\u00fcy\u00fck\u015fehir&#8217;de partilerin koltuk da\u011f\u0131l\u0131m nas\u0131l?"}]},{"@type":"WebSite","@id":"https:\/\/denizcankizil.tr\/#website","url":"https:\/\/denizcankizil.tr\/","name":"Av. Deniz Can K\u0131z\u0131l","description":"Avukat Deniz Can K\u0131z\u0131l Antalya Barosu","publisher":{"@id":"https:\/\/denizcankizil.tr\/#organization"},"potentialAction":[{"@type":"SearchAction","target":{"@type":"EntryPoint","urlTemplate":"https:\/\/denizcankizil.tr\/?s={search_term_string}"},"query-input":{"@type":"PropertyValueSpecification","valueRequired":true,"valueName":"search_term_string"}}],"inLanguage":"en-GB"},{"@type":"Organization","@id":"https:\/\/denizcankizil.tr\/#organization","name":"Av. Deniz Can K\u0131z\u0131l","url":"https:\/\/denizcankizil.tr\/","logo":{"@type":"ImageObject","inLanguage":"en-GB","@id":"https:\/\/denizcankizil.tr\/#\/schema\/logo\/image\/","url":"http:\/\/denizcankizil.tr\/wp-content\/uploads\/2024\/10\/siyah-logo-svg.svg","contentUrl":"http:\/\/denizcankizil.tr\/wp-content\/uploads\/2024\/10\/siyah-logo-svg.svg","width":1080,"height":1080,"caption":"Av. Deniz Can K\u0131z\u0131l"},"image":{"@id":"https:\/\/denizcankizil.tr\/#\/schema\/logo\/image\/"}},{"@type":"Person","@id":"https:\/\/denizcankizil.tr\/#\/schema\/person\/e1eb71bb4dd684d46563f0af307e1234","name":"Antalya K\u00f6rfez","image":{"@type":"ImageObject","inLanguage":"en-GB","@id":"https:\/\/denizcankizil.tr\/#\/schema\/person\/image\/","url":"https:\/\/secure.gravatar.com\/avatar\/42b01982558a48a0b501fdcab6a408d3717ea5919095ee2e67b0e521799c5905?s=96&d=mm&r=g","contentUrl":"https:\/\/secure.gravatar.com\/avatar\/42b01982558a48a0b501fdcab6a408d3717ea5919095ee2e67b0e521799c5905?s=96&d=mm&r=g","caption":"Antalya K\u00f6rfez"},"sameAs":["http:\/\/www.antalyakorfez.com"],"url":"https:\/\/www.antalyakorfez.com\/antalyada-kritik-secimin-tarihi-belli-oldu-buyuksehirde-partilerin-koltuk-dagilim-nasil"}]}},"_links":{"self":[{"href":"http:\/\/denizcankizil.tr\/en\/wp-json\/wp\/v2\/posts\/139932","targetHints":{"allow":["GET"]}}],"collection":[{"href":"http:\/\/denizcankizil.tr\/en\/wp-json\/wp\/v2\/posts"}],"about":[{"href":"http:\/\/denizcankizil.tr\/en\/wp-json\/wp\/v2\/types\/post"}],"author":[{"embeddable":true,"href":"http:\/\/denizcankizil.tr\/en\/wp-json\/wp\/v2\/users\/5"}],"replies":[{"embeddable":true,"href":"http:\/\/denizcankizil.tr\/en\/wp-json\/wp\/v2\/comments?post=139932"}],"version-history":[{"count":0,"href":"http:\/\/denizcankizil.tr\/en\/wp-json\/wp\/v2\/posts\/139932\/revisions"}],"wp:attachment":[{"href":"http:\/\/denizcankizil.tr\/en\/wp-json\/wp\/v2\/media?parent=139932"}],"wp:term":[{"taxonomy":"category","embeddable":true,"href":"http:\/\/denizcankizil.tr\/en\/wp-json\/wp\/v2\/categories?post=139932"},{"taxonomy":"post_tag","embeddable":true,"href":"http:\/\/denizcankizil.tr\/en\/wp-json\/wp\/v2\/tags?post=139932"}],"curies":[{"name":"wp","href":"https:\/\/api.w.org\/{rel}","templated":true}]}}