{"id":139763,"date":"2025-07-08T13:41:24","date_gmt":"2025-07-08T10:41:24","guid":{"rendered":"https:\/\/denizcankizil.tr\/uncategorized-tr\/chp-istanbul-il-baskani-ozgur-celik-hakkinda-gozalti-karari\/"},"modified":"2025-07-08T13:41:24","modified_gmt":"2025-07-08T10:41:24","slug":"chp-istanbul-il-baskani-ozgur-celik-hakkinda-gozalti-karari","status":"publish","type":"post","link":"http:\/\/denizcankizil.tr\/en\/haberler\/gundem\/chp-istanbul-il-baskani-ozgur-celik-hakkinda-gozalti-karari\/","title":{"rendered":"CHP \u0130stanbul \u0130l Ba\u015fkan\u0131 \u00d6zg\u00fcr \u00c7elik hakk\u0131nda g\u00f6zalt\u0131 karar\u0131!"},"content":{"rendered":"<p>Cumhuriyet Halk Partisi (CHP) \u0130stanbul \u0130l Ba\u015fkanl\u0131\u011f\u0131 se\u00e7iminde se\u00e7ime hile kar\u0131\u015ft\u0131r\u0131ld\u0131\u011f\u0131 iddialar\u0131n\u0131 i\u00e7eren ihbarlara ili\u015fkin aralar\u0131nda Cumhuriyet Halk Partisi \u0130stanbul \u0130l Ba\u015fkan\u0131 \u00d6zg\u00fcr \u00c7elik\u2019in de bulundu\u011fu \u015f\u00fcpheliler hakk\u0131nda ifadelerinin al\u0131nmas\u0131na y\u00f6nelik emniyete talimat verildi.<\/p>\n<p>Ayr\u0131nt\u0131lar geliyor&#8230;<\/p>\n<p>\u200bCumhuriyet Halk Partisi \u0130stanbul \u0130l Ba\u015fkan\u0131 \u00d6zg\u00fcr \u00c7elik hakk\u0131nda g\u00f6zalt\u0131 karar\u0131 verildi\u011fi a\u00e7\u0131kland\u0131.\u00a0<\/p>\n<p>\u200bHaberin Al\u0131nt\u0131land\u0131\u011f\u0131 Kaynak: www.antalyakorfez.com<\/p>","protected":false},"excerpt":{"rendered":"<p>Cumhuriyet Halk Partisi (CHP) \u0130stanbul \u0130l Ba\u015fkanl\u0131\u011f\u0131 se\u00e7iminde se\u00e7ime hile kar\u0131\u015ft\u0131r\u0131ld\u0131\u011f\u0131 iddialar\u0131n\u0131 i\u00e7eren ihbarlara ili\u015fkin aralar\u0131nda Cumhuriyet Halk Partisi \u0130stanbul \u0130l Ba\u015fkan\u0131 \u00d6zg\u00fcr \u00c7elik\u2019in de bulundu\u011fu \u015f\u00fcpheliler hakk\u0131nda ifadelerinin al\u0131nmas\u0131na y\u00f6nelik emniyete talimat verildi. Ayr\u0131nt\u0131lar geliyor&#8230; \u200bCumhuriyet Halk Partisi \u0130stanbul \u0130l Ba\u015fkan\u0131 \u00d6zg\u00fcr \u00c7elik hakk\u0131nda g\u00f6zalt\u0131 karar\u0131 verildi\u011fi a\u00e7\u0131kland\u0131.\u00a0 \u200bHaberin Al\u0131nt\u0131land\u0131\u011f\u0131 Kaynak: www.antalyakorfez.com<\/p>","protected":false},"author":5,"featured_media":0,"comment_status":"","ping_status":"open","sticky":false,"template":"","format":"standard","meta":{"_acf_changed":false,"footnotes":""},"categories":[24],"tags":[],"class_list":["post-139763","post","type-post","status-publish","format-standard","has-post-thumbnail","hentry","category-gundem"],"acf":[],"yoast_head":"<!-- This site is optimized with the Yoast SEO Premium plugin v26.6 (Yoast SEO v27.1.1) - https:\/\/yoast.com\/product\/yoast-seo-premium-wordpress\/ -->\n<title>CHP \u0130stanbul \u0130l Ba\u015fkan\u0131 \u00d6zg\u00fcr \u00c7elik hakk\u0131nda g\u00f6zalt\u0131 karar\u0131! - Av. Deniz Can K\u0131z\u0131l<\/title>\n<meta name=\"robots\" content=\"index, follow, max-snippet:-1, max-image-preview:large, max-video-preview:-1\" \/>\n<link rel=\"canonical\" href=\"http:\/\/denizcankizil.tr\/en\/haberler\/gundem\/chp-istanbul-il-baskani-ozgur-celik-hakkinda-gozalti-karari\/\" \/>\n<meta property=\"og:locale\" content=\"en_GB\" \/>\n<meta property=\"og:type\" content=\"article\" \/>\n<meta property=\"og:title\" content=\"CHP \u0130stanbul \u0130l Ba\u015fkan\u0131 \u00d6zg\u00fcr \u00c7elik hakk\u0131nda g\u00f6zalt\u0131 karar\u0131!\" \/>\n<meta property=\"og:description\" content=\"Cumhuriyet Halk Partisi (CHP) \u0130stanbul \u0130l Ba\u015fkanl\u0131\u011f\u0131 se\u00e7iminde se\u00e7ime hile kar\u0131\u015ft\u0131r\u0131ld\u0131\u011f\u0131 iddialar\u0131n\u0131 i\u00e7eren ihbarlara ili\u015fkin aralar\u0131nda Cumhuriyet Halk Partisi \u0130stanbul \u0130l Ba\u015fkan\u0131 \u00d6zg\u00fcr \u00c7elik\u2019in de bulundu\u011fu \u015f\u00fcpheliler hakk\u0131nda ifadelerinin al\u0131nmas\u0131na y\u00f6nelik emniyete talimat verildi. Ayr\u0131nt\u0131lar geliyor&#8230; \u200bCumhuriyet Halk Partisi \u0130stanbul \u0130l Ba\u015fkan\u0131 \u00d6zg\u00fcr \u00c7elik hakk\u0131nda g\u00f6zalt\u0131 karar\u0131 verildi\u011fi a\u00e7\u0131kland\u0131.\u00a0 \u200bHaberin Al\u0131nt\u0131land\u0131\u011f\u0131 Kaynak: www.antalyakorfez.com\" \/>\n<meta property=\"og:url\" content=\"http:\/\/denizcankizil.tr\/en\/haberler\/gundem\/chp-istanbul-il-baskani-ozgur-celik-hakkinda-gozalti-karari\/\" \/>\n<meta property=\"og:site_name\" content=\"Av. Deniz Can K\u0131z\u0131l\" \/>\n<meta property=\"article:published_time\" content=\"2025-07-08T10:41:24+00:00\" \/>\n<meta name=\"author\" content=\"Antalya K\u00f6rfez\" \/>\n<meta name=\"twitter:card\" content=\"summary_large_image\" \/>\n<meta name=\"twitter:label1\" content=\"Written by\" \/>\n\t<meta name=\"twitter:data1\" content=\"Antalya K\u00f6rfez\" \/>\n<script type=\"application\/ld+json\" class=\"yoast-schema-graph\">{\"@context\":\"https:\/\/schema.org\",\"@graph\":[{\"@type\":\"Article\",\"@id\":\"http:\/\/denizcankizil.tr\/en\/haberler\/gundem\/chp-istanbul-il-baskani-ozgur-celik-hakkinda-gozalti-karari\/#article\",\"isPartOf\":{\"@id\":\"http:\/\/denizcankizil.tr\/en\/haberler\/gundem\/chp-istanbul-il-baskani-ozgur-celik-hakkinda-gozalti-karari\/\"},\"author\":{\"name\":\"Antalya K\u00f6rfez\",\"@id\":\"https:\/\/denizcankizil.tr\/#\/schema\/person\/e1eb71bb4dd684d46563f0af307e1234\"},\"headline\":\"CHP \u0130stanbul \u0130l Ba\u015fkan\u0131 \u00d6zg\u00fcr \u00c7elik hakk\u0131nda g\u00f6zalt\u0131 karar\u0131!\",\"datePublished\":\"2025-07-08T10:41:24+00:00\",\"mainEntityOfPage\":{\"@id\":\"http:\/\/denizcankizil.tr\/en\/haberler\/gundem\/chp-istanbul-il-baskani-ozgur-celik-hakkinda-gozalti-karari\/\"},\"wordCount\":96,\"publisher\":{\"@id\":\"https:\/\/denizcankizil.tr\/#organization\"},\"articleSection\":[\"G\u00fcndem\"],\"inLanguage\":\"en-GB\"},{\"@type\":\"WebPage\",\"@id\":\"http:\/\/denizcankizil.tr\/en\/haberler\/gundem\/chp-istanbul-il-baskani-ozgur-celik-hakkinda-gozalti-karari\/\",\"url\":\"http:\/\/denizcankizil.tr\/en\/haberler\/gundem\/chp-istanbul-il-baskani-ozgur-celik-hakkinda-gozalti-karari\/\",\"name\":\"CHP \u0130stanbul \u0130l Ba\u015fkan\u0131 \u00d6zg\u00fcr \u00c7elik hakk\u0131nda g\u00f6zalt\u0131 karar\u0131! - Av. Deniz Can K\u0131z\u0131l\",\"isPartOf\":{\"@id\":\"https:\/\/denizcankizil.tr\/#website\"},\"datePublished\":\"2025-07-08T10:41:24+00:00\",\"breadcrumb\":{\"@id\":\"http:\/\/denizcankizil.tr\/en\/haberler\/gundem\/chp-istanbul-il-baskani-ozgur-celik-hakkinda-gozalti-karari\/#breadcrumb\"},\"inLanguage\":\"en-GB\",\"potentialAction\":[{\"@type\":\"ReadAction\",\"target\":[\"http:\/\/denizcankizil.tr\/en\/haberler\/gundem\/chp-istanbul-il-baskani-ozgur-celik-hakkinda-gozalti-karari\/\"]}]},{\"@type\":\"BreadcrumbList\",\"@id\":\"http:\/\/denizcankizil.tr\/en\/haberler\/gundem\/chp-istanbul-il-baskani-ozgur-celik-hakkinda-gozalti-karari\/#breadcrumb\",\"itemListElement\":[{\"@type\":\"ListItem\",\"position\":1,\"name\":\"Home\",\"item\":\"https:\/\/denizcankizil.tr\/de\/\"},{\"@type\":\"ListItem\",\"position\":2,\"name\":\"CHP \u0130stanbul \u0130l Ba\u015fkan\u0131 \u00d6zg\u00fcr \u00c7elik hakk\u0131nda g\u00f6zalt\u0131 karar\u0131!\"}]},{\"@type\":\"WebSite\",\"@id\":\"https:\/\/denizcankizil.tr\/#website\",\"url\":\"https:\/\/denizcankizil.tr\/\",\"name\":\"Av. Deniz Can K\u0131z\u0131l\",\"description\":\"Avukat Deniz Can K\u0131z\u0131l Antalya Barosu\",\"publisher\":{\"@id\":\"https:\/\/denizcankizil.tr\/#organization\"},\"potentialAction\":[{\"@type\":\"SearchAction\",\"target\":{\"@type\":\"EntryPoint\",\"urlTemplate\":\"https:\/\/denizcankizil.tr\/?s={search_term_string}\"},\"query-input\":{\"@type\":\"PropertyValueSpecification\",\"valueRequired\":true,\"valueName\":\"search_term_string\"}}],\"inLanguage\":\"en-GB\"},{\"@type\":\"Organization\",\"@id\":\"https:\/\/denizcankizil.tr\/#organization\",\"name\":\"Av. Deniz Can K\u0131z\u0131l\",\"url\":\"https:\/\/denizcankizil.tr\/\",\"logo\":{\"@type\":\"ImageObject\",\"inLanguage\":\"en-GB\",\"@id\":\"https:\/\/denizcankizil.tr\/#\/schema\/logo\/image\/\",\"url\":\"http:\/\/denizcankizil.tr\/wp-content\/uploads\/2024\/10\/siyah-logo-svg.svg\",\"contentUrl\":\"http:\/\/denizcankizil.tr\/wp-content\/uploads\/2024\/10\/siyah-logo-svg.svg\",\"width\":1080,\"height\":1080,\"caption\":\"Av. Deniz Can K\u0131z\u0131l\"},\"image\":{\"@id\":\"https:\/\/denizcankizil.tr\/#\/schema\/logo\/image\/\"}},{\"@type\":\"Person\",\"@id\":\"https:\/\/denizcankizil.tr\/#\/schema\/person\/e1eb71bb4dd684d46563f0af307e1234\",\"name\":\"Antalya K\u00f6rfez\",\"image\":{\"@type\":\"ImageObject\",\"inLanguage\":\"en-GB\",\"@id\":\"https:\/\/denizcankizil.tr\/#\/schema\/person\/image\/\",\"url\":\"https:\/\/secure.gravatar.com\/avatar\/42b01982558a48a0b501fdcab6a408d3717ea5919095ee2e67b0e521799c5905?s=96&d=mm&r=g\",\"contentUrl\":\"https:\/\/secure.gravatar.com\/avatar\/42b01982558a48a0b501fdcab6a408d3717ea5919095ee2e67b0e521799c5905?s=96&d=mm&r=g\",\"caption\":\"Antalya K\u00f6rfez\"},\"sameAs\":[\"http:\/\/www.antalyakorfez.com\"],\"url\":\"https:\/\/www.antalyakorfez.com\/chp-istanbul-il-baskani-ozgur-celik-hakkinda-gozalti-karari\"}]}<\/script>\n<!-- \/ Yoast SEO Premium plugin. -->","yoast_head_json":{"title":"CHP \u0130stanbul \u0130l Ba\u015fkan\u0131 \u00d6zg\u00fcr \u00c7elik hakk\u0131nda g\u00f6zalt\u0131 karar\u0131! - Av. Deniz Can K\u0131z\u0131l","robots":{"index":"index","follow":"follow","max-snippet":"max-snippet:-1","max-image-preview":"max-image-preview:large","max-video-preview":"max-video-preview:-1"},"canonical":"http:\/\/denizcankizil.tr\/en\/haberler\/gundem\/chp-istanbul-il-baskani-ozgur-celik-hakkinda-gozalti-karari\/","og_locale":"en_GB","og_type":"article","og_title":"CHP \u0130stanbul \u0130l Ba\u015fkan\u0131 \u00d6zg\u00fcr \u00c7elik hakk\u0131nda g\u00f6zalt\u0131 karar\u0131!","og_description":"Cumhuriyet Halk Partisi (CHP) \u0130stanbul \u0130l Ba\u015fkanl\u0131\u011f\u0131 se\u00e7iminde se\u00e7ime hile kar\u0131\u015ft\u0131r\u0131ld\u0131\u011f\u0131 iddialar\u0131n\u0131 i\u00e7eren ihbarlara ili\u015fkin aralar\u0131nda Cumhuriyet Halk Partisi \u0130stanbul \u0130l Ba\u015fkan\u0131 \u00d6zg\u00fcr \u00c7elik\u2019in de bulundu\u011fu \u015f\u00fcpheliler hakk\u0131nda ifadelerinin al\u0131nmas\u0131na y\u00f6nelik emniyete talimat verildi. Ayr\u0131nt\u0131lar geliyor&#8230; \u200bCumhuriyet Halk Partisi \u0130stanbul \u0130l Ba\u015fkan\u0131 \u00d6zg\u00fcr \u00c7elik hakk\u0131nda g\u00f6zalt\u0131 karar\u0131 verildi\u011fi a\u00e7\u0131kland\u0131.\u00a0 \u200bHaberin Al\u0131nt\u0131land\u0131\u011f\u0131 Kaynak: www.antalyakorfez.com","og_url":"http:\/\/denizcankizil.tr\/en\/haberler\/gundem\/chp-istanbul-il-baskani-ozgur-celik-hakkinda-gozalti-karari\/","og_site_name":"Av. Deniz Can K\u0131z\u0131l","article_published_time":"2025-07-08T10:41:24+00:00","author":"Antalya K\u00f6rfez","twitter_card":"summary_large_image","twitter_misc":{"Written by":"Antalya K\u00f6rfez"},"schema":{"@context":"https:\/\/schema.org","@graph":[{"@type":"Article","@id":"http:\/\/denizcankizil.tr\/en\/haberler\/gundem\/chp-istanbul-il-baskani-ozgur-celik-hakkinda-gozalti-karari\/#article","isPartOf":{"@id":"http:\/\/denizcankizil.tr\/en\/haberler\/gundem\/chp-istanbul-il-baskani-ozgur-celik-hakkinda-gozalti-karari\/"},"author":{"name":"Antalya K\u00f6rfez","@id":"https:\/\/denizcankizil.tr\/#\/schema\/person\/e1eb71bb4dd684d46563f0af307e1234"},"headline":"CHP \u0130stanbul \u0130l Ba\u015fkan\u0131 \u00d6zg\u00fcr \u00c7elik hakk\u0131nda g\u00f6zalt\u0131 karar\u0131!","datePublished":"2025-07-08T10:41:24+00:00","mainEntityOfPage":{"@id":"http:\/\/denizcankizil.tr\/en\/haberler\/gundem\/chp-istanbul-il-baskani-ozgur-celik-hakkinda-gozalti-karari\/"},"wordCount":96,"publisher":{"@id":"https:\/\/denizcankizil.tr\/#organization"},"articleSection":["G\u00fcndem"],"inLanguage":"en-GB"},{"@type":"WebPage","@id":"http:\/\/denizcankizil.tr\/en\/haberler\/gundem\/chp-istanbul-il-baskani-ozgur-celik-hakkinda-gozalti-karari\/","url":"http:\/\/denizcankizil.tr\/en\/haberler\/gundem\/chp-istanbul-il-baskani-ozgur-celik-hakkinda-gozalti-karari\/","name":"CHP \u0130stanbul \u0130l Ba\u015fkan\u0131 \u00d6zg\u00fcr \u00c7elik hakk\u0131nda g\u00f6zalt\u0131 karar\u0131! - Av. Deniz Can K\u0131z\u0131l","isPartOf":{"@id":"https:\/\/denizcankizil.tr\/#website"},"datePublished":"2025-07-08T10:41:24+00:00","breadcrumb":{"@id":"http:\/\/denizcankizil.tr\/en\/haberler\/gundem\/chp-istanbul-il-baskani-ozgur-celik-hakkinda-gozalti-karari\/#breadcrumb"},"inLanguage":"en-GB","potentialAction":[{"@type":"ReadAction","target":["http:\/\/denizcankizil.tr\/en\/haberler\/gundem\/chp-istanbul-il-baskani-ozgur-celik-hakkinda-gozalti-karari\/"]}]},{"@type":"BreadcrumbList","@id":"http:\/\/denizcankizil.tr\/en\/haberler\/gundem\/chp-istanbul-il-baskani-ozgur-celik-hakkinda-gozalti-karari\/#breadcrumb","itemListElement":[{"@type":"ListItem","position":1,"name":"Home","item":"https:\/\/denizcankizil.tr\/de\/"},{"@type":"ListItem","position":2,"name":"CHP \u0130stanbul \u0130l Ba\u015fkan\u0131 \u00d6zg\u00fcr \u00c7elik hakk\u0131nda g\u00f6zalt\u0131 karar\u0131!"}]},{"@type":"WebSite","@id":"https:\/\/denizcankizil.tr\/#website","url":"https:\/\/denizcankizil.tr\/","name":"Av. Deniz Can K\u0131z\u0131l","description":"Avukat Deniz Can K\u0131z\u0131l Antalya Barosu","publisher":{"@id":"https:\/\/denizcankizil.tr\/#organization"},"potentialAction":[{"@type":"SearchAction","target":{"@type":"EntryPoint","urlTemplate":"https:\/\/denizcankizil.tr\/?s={search_term_string}"},"query-input":{"@type":"PropertyValueSpecification","valueRequired":true,"valueName":"search_term_string"}}],"inLanguage":"en-GB"},{"@type":"Organization","@id":"https:\/\/denizcankizil.tr\/#organization","name":"Av. Deniz Can K\u0131z\u0131l","url":"https:\/\/denizcankizil.tr\/","logo":{"@type":"ImageObject","inLanguage":"en-GB","@id":"https:\/\/denizcankizil.tr\/#\/schema\/logo\/image\/","url":"http:\/\/denizcankizil.tr\/wp-content\/uploads\/2024\/10\/siyah-logo-svg.svg","contentUrl":"http:\/\/denizcankizil.tr\/wp-content\/uploads\/2024\/10\/siyah-logo-svg.svg","width":1080,"height":1080,"caption":"Av. Deniz Can K\u0131z\u0131l"},"image":{"@id":"https:\/\/denizcankizil.tr\/#\/schema\/logo\/image\/"}},{"@type":"Person","@id":"https:\/\/denizcankizil.tr\/#\/schema\/person\/e1eb71bb4dd684d46563f0af307e1234","name":"Antalya K\u00f6rfez","image":{"@type":"ImageObject","inLanguage":"en-GB","@id":"https:\/\/denizcankizil.tr\/#\/schema\/person\/image\/","url":"https:\/\/secure.gravatar.com\/avatar\/42b01982558a48a0b501fdcab6a408d3717ea5919095ee2e67b0e521799c5905?s=96&d=mm&r=g","contentUrl":"https:\/\/secure.gravatar.com\/avatar\/42b01982558a48a0b501fdcab6a408d3717ea5919095ee2e67b0e521799c5905?s=96&d=mm&r=g","caption":"Antalya K\u00f6rfez"},"sameAs":["http:\/\/www.antalyakorfez.com"],"url":"https:\/\/www.antalyakorfez.com\/chp-istanbul-il-baskani-ozgur-celik-hakkinda-gozalti-karari"}]}},"_links":{"self":[{"href":"http:\/\/denizcankizil.tr\/en\/wp-json\/wp\/v2\/posts\/139763","targetHints":{"allow":["GET"]}}],"collection":[{"href":"http:\/\/denizcankizil.tr\/en\/wp-json\/wp\/v2\/posts"}],"about":[{"href":"http:\/\/denizcankizil.tr\/en\/wp-json\/wp\/v2\/types\/post"}],"author":[{"embeddable":true,"href":"http:\/\/denizcankizil.tr\/en\/wp-json\/wp\/v2\/users\/5"}],"replies":[{"embeddable":true,"href":"http:\/\/denizcankizil.tr\/en\/wp-json\/wp\/v2\/comments?post=139763"}],"version-history":[{"count":0,"href":"http:\/\/denizcankizil.tr\/en\/wp-json\/wp\/v2\/posts\/139763\/revisions"}],"wp:attachment":[{"href":"http:\/\/denizcankizil.tr\/en\/wp-json\/wp\/v2\/media?parent=139763"}],"wp:term":[{"taxonomy":"category","embeddable":true,"href":"http:\/\/denizcankizil.tr\/en\/wp-json\/wp\/v2\/categories?post=139763"},{"taxonomy":"post_tag","embeddable":true,"href":"http:\/\/denizcankizil.tr\/en\/wp-json\/wp\/v2\/tags?post=139763"}],"curies":[{"name":"wp","href":"https:\/\/api.w.org\/{rel}","templated":true}]}}