{"id":13844,"date":"2024-11-07T09:41:13","date_gmt":"2024-11-07T06:41:13","guid":{"rendered":"https:\/\/denizcankizil.tr\/uncategorized-tr\/antalyanin-milyar-dolarlik-projelerinde-olumcul-tehlike\/"},"modified":"2024-11-07T09:41:13","modified_gmt":"2024-11-07T06:41:13","slug":"antalyanin-milyar-dolarlik-projelerinde-olumcul-tehlike","status":"publish","type":"post","link":"http:\/\/denizcankizil.tr\/en\/haberler\/gundem\/antalyanin-milyar-dolarlik-projelerinde-olumcul-tehlike\/","title":{"rendered":"Antalya\u2019n\u0131n milyar dolarl\u0131k projelerinde \u00f6l\u00fcmc\u00fcl tehlike!"},"content":{"rendered":"<p>Ge\u00e7ti\u011fimiz g\u00fcnlerde turizmciler ile bir araya gelen Antalya Valisi Hulusi \u015eahin de konuyu g\u00fcndeme getirerek, \u201cKemer\u2019de otelde \u00e7\u0131kan yang\u0131nda itfaiye giremedi. Allah korusun bir \u00f6l\u00fcm olsa etkisi nas\u0131l olurdu. Otelleri kurarken yang\u0131n konusunu l\u00fctfen unutmay\u0131n\u201d demi\u015fti. Vali \u015eahin\u2019in uyar\u0131lar\u0131n\u0131n ard\u0131ndan l\u00fcks projelerin g\u00fcvenli\u011fi bir kez daha g\u00fcndeme geldi. Antalya K\u00f6rfez Gazetesi muhabiri Ertu\u011frul G\u00fcn&#8217;\u00fcn ula\u015ft\u0131\u011f\u0131 uzmanlar iskandan sonra projelerin keyfi olarak de\u011fi\u015ftirildi\u011fini ileri s\u00fcrd\u00fc. Bu t\u00fcr projelerin s\u0131k s\u0131k denetlenmesi \u00e7a\u011fr\u0131s\u0131nda bulunan uzman isimler, mevzuata ayk\u0131r\u0131 en k\u00fc\u00e7\u00fck de\u011fi\u015fiklikte olas\u0131 bir afet an\u0131nda facia ya\u015fanabilece\u011fine dikkat \u00e7ekti.\u00a0<\/p>\n<p>VAL\u0130 HULUS\u0130 \u015eAH\u0130N G\u00dcNDEME GET\u0130RD\u0130<\/p>\n<p>Antalya Valisi Hulusi \u015eahin\u2019in AKTOB taraf\u0131ndan d\u00fczenlenen ekim ay\u0131 turizm bulu\u015fmalar\u0131nda kentte bulunan 5 y\u0131ld\u0131zl\u0131 otellerin bir\u00e7o\u011funda ya\u015fanan sorunlar\u0131 dile getirerek uyar\u0131da bulunmu\u015ftu. Vali \u015eahin\u2019in otellerde yang\u0131nlar\u0131na \u00f6nlenmesine ve m\u00fcdahale konusunda s\u0131k\u0131nt\u0131lar ya\u015fand\u0131\u011f\u0131n\u0131 ifade ederek, \u201cOtellerimizde yang\u0131nlar ile ilgili sorunlar ya\u015f\u0131yoruz. Kemer\u2019de ya\u015fanan son yang\u0131nda otele bizim itfaiye ara\u00e7lar\u0131m\u0131z giremedi, tahliyede s\u0131k\u0131nt\u0131s\u0131 ya\u015fad\u0131k. Allah korusun bir \u00f6l\u00fcm olsa etkisi nas\u0131l olurdu. Otelleri kurarken dizayn ederken yang\u0131n konusunu l\u00fctfen unutmay\u0131n\u201d demi\u015fti.\u00a0<\/p>\n<p>ZAMAN KAYBI<\/p>\n<p>\u015eahin, turizm sekt\u00f6r\u00fcnde faaliyet g\u00f6steren i\u015fletmelere y\u00f6nelik uyar\u0131larda bulunarak, yang\u0131n g\u00fcvenli\u011finin sadece otelin de\u011fil, ayn\u0131 zamanda Antalya\u2019n\u0131n turizm imaj\u0131 a\u00e7\u0131s\u0131ndan da hayati bir \u00f6neme sahip oldu\u011funu vurgulad\u0131. Bu konu\u015fmalar\u0131n ard\u0131ndan Antalya\u2019da bulunan l\u00fcks sitelerin ve 5 y\u0131ld\u0131zl\u0131 otellerin yang\u0131n g\u00fcvenli\u011fi bir kez daha g\u00fcndeme geldi. Nitekim ge\u00e7en y\u0131l Akdeniz \u00dcniversitesinin hemen bat\u0131s\u0131nda yer alan bir l\u00fcks sitede de Rus bir ailenin kald\u0131\u011f\u0131 dairede yang\u0131n \u00e7\u0131km\u0131\u015f, itfaiye ekipleri site kap\u0131s\u0131ndan i\u00e7eri girememi\u015fti. \u0130tfaiye ekiplerinin yang\u0131na site duvar\u0131n\u0131n \u00fczerinden m\u00fcdahale etmesi zaman kayb\u0131na ve tahliyelerde gecikmelere neden olmu\u015ftu.\u00a0<\/p>\n<p>\u0130TFA\u0130YE SOKAKTAN GE\u00c7EM\u0130YOR<\/p>\n<p>Bu t\u00fcr olaylar\u0131n tekrarlanmamas\u0131 i\u00e7in yang\u0131n g\u00fcvenli\u011fi konusundaki d\u00fczenlemelerin yeniden g\u00f6zden ge\u00e7irilmesi gerekti\u011fini vurgulayan uzmanlar, otellerin ve l\u00fcks sitelerin yang\u0131n g\u00fcvenli\u011fi a\u00e7\u0131s\u0131ndan gerekli standartlar\u0131 kar\u015f\u0131lamas\u0131 gerekti\u011fine dikkat \u00e7ekti. \u00a0Ya\u015fanan soruna ili\u015fkin konu\u015fan Antalya \u0130n\u015faat M\u00fchendisleri Odas\u0131 Ba\u015fkan\u0131 Mehmet Soner Akdo\u011fan, \u201cBunlar ile ilgili yasal zorunluluk yoktu. 2007 y\u0131l\u0131nda binalar\u0131n yang\u0131ndan korunmas\u0131 hakk\u0131nda y\u00f6netmelik yay\u0131nland\u0131. Bu y\u00f6netmelikte binan\u0131n yang\u0131n ka\u00e7\u0131\u015f yollar\u0131, yang\u0131n merdivenleri, yang\u0131n dolaplar\u0131, itfaiyeye su verme a\u011f\u0131zlar\u0131na kadar bir\u00e7ok d\u00fczenleme mevcut. Bir\u00e7ok yap\u0131 isk\u00e2n ald\u0131ktan sonra denetlenmiyor. Sokaklar\u0131m\u0131zda bile itfaiye ge\u00e7emiyor. \u00a0\u0130skan\u0131n\u0131 alan sitenin i\u00e7erisinde istediklerini yap\u0131yorlar. Bir felaket olaca\u011f\u0131 d\u00fc\u015f\u00fcn\u00fclm\u00fcyor, kendi konforlar\u0131n\u0131 d\u00fc\u015f\u00fcn\u00fcyorlar. Otellerin bir\u00e7o\u011fu ka\u00e7ak yap\u0131lard\u0131r. Daha fazla alan kazanal\u0131m diyerek hareket ediyorlar.\u201d dedi.\u00a0<\/p>\n<p>DENET\u0130MLER YAPILIYOR<\/p>\n<p>Sitelerde itfaiye ve ambulans\u0131n girmesi gibi bir zorunluluk olmad\u0131\u011f\u0131n\u0131 ifade eden Yap\u0131 Denetim Kurulu\u015flar\u0131 Birli\u011fi Derne\u011fi Antalya Volkan Soysal, \u201cYeni yap\u0131lan projelerde hem yang\u0131n merdiveni hem de yang\u0131n ka\u00e7\u0131\u015f alanlar\u0131 oluyor. Acil bir durumda kim nereye ka\u00e7aca\u011f\u0131 belli oluyor. Sitelerde yang\u0131n merdiveni zorunlulu\u011fu var. \u0130tfaiye ve ambulans\u0131n girebildi\u011fi siteler de var. Her katta yang\u0131n dolaplar\u0131 olmas\u0131 gerekir. Yeni binalarda bu t\u00fcr durumlara kar\u015f\u0131 denetimler yap\u0131l\u0131yor. Yap\u0131 denetimde biz bunlara \u00e7ok dikkat ediyoruz. Ruhsat verilirken bu t\u00fcr \u015feylere \u00e7ok dikkat ediliyor. \u0130skandan sonra da belirli aral\u0131klarla takip ediyoruz. \u00d6zellikle deprem b\u00f6lgesinde bu t\u00fcr kontroller yap\u0131yoruz. Daha dikkatli olmakta fayda var. Vali beyin dedikleri \u00e7ok do\u011fru. \u0130sk\u00e2n ald\u0131ktan sonra projede de\u011fi\u015fiklik yapanlar da var\u201d s\u00f6zlerine yer verdi.\u00a0<\/p>\n<p>ZORUNLULUK YOK<\/p>\n<p>Mimarlar Odas\u0131 Antalya \u015eubesi Ba\u015fkan Hasan \u00c7er\u00e7iler ise, \u201cProje \u00e7izilirken yang\u0131n hususu \u00f6ne \u00e7\u0131kar\u0131l\u0131r. Bu t\u00fcr yap\u0131larda itfaiye daire ba\u015fkanl\u0131\u011f\u0131 gerekli incelemeleri yaparak ruhsat \u00f6ncesinde onay veriyor. Kalabal\u0131k binalarda \u00e7ift merdiven zorunludur. Y\u00f6netmelikte itfaiye ve ambulans girecek diye bir zorunluluk yok. Otel tipi yap\u0131larda yang\u0131n\u0131 sistemin s\u00f6nd\u00fcrmesi gerekir. Asl\u0131nda bu i\u015fin bir standarda oturtulmas\u0131 gerekir. Giri\u015f tak\u0131lar\u0131n\u0131n 4-5 metre olmal\u0131d\u0131r\u201d dedi.\u00a0<\/p>\n<p>\u200bTurizm ba\u015fkenti Antalya\u2019da milyar dolara in\u015fa edilen bir\u00e7ok otel ve l\u00fcks sitelerin bah\u00e7esine ambulans ve itfaiye ara\u00e7lar\u0131 giremiyor.\u00a0Milyar dolarl\u0131k projelerde yatan \u00f6l\u00fcmc\u00fcl tehlike g\u00fcndeme ta\u015f\u0131nd\u0131. \u0130\u015fte detaylar&#8230;\u00a0<\/p>\n<p>\u200bHaberin Al\u0131nt\u0131land\u0131\u011f\u0131 Kaynak: www.antalyakorfez.com<\/p>","protected":false},"excerpt":{"rendered":"<p>Ge\u00e7ti\u011fimiz g\u00fcnlerde turizmciler ile bir araya gelen Antalya Valisi Hulusi \u015eahin de konuyu g\u00fcndeme getirerek, \u201cKemer\u2019de otelde \u00e7\u0131kan yang\u0131nda itfaiye giremedi. Allah korusun bir \u00f6l\u00fcm olsa etkisi nas\u0131l olurdu. Otelleri kurarken yang\u0131n konusunu l\u00fctfen unutmay\u0131n\u201d demi\u015fti. Vali \u015eahin\u2019in uyar\u0131lar\u0131n\u0131n ard\u0131ndan l\u00fcks projelerin g\u00fcvenli\u011fi bir kez daha g\u00fcndeme geldi. Antalya K\u00f6rfez Gazetesi muhabiri Ertu\u011frul G\u00fcn&#8217;\u00fcn ula\u015ft\u0131\u011f\u0131 uzmanlar iskandan sonra projelerin keyfi olarak de\u011fi\u015ftirildi\u011fini ileri s\u00fcrd\u00fc. Bu t\u00fcr projelerin s\u0131k s\u0131k denetlenmesi \u00e7a\u011fr\u0131s\u0131nda bulunan uzman isimler, mevzuata ayk\u0131r\u0131 en k\u00fc\u00e7\u00fck de\u011fi\u015fiklikte olas\u0131 bir afet an\u0131nda facia ya\u015fanabilece\u011fine dikkat \u00e7ekti.\u00a0 VAL\u0130 HULUS\u0130 \u015eAH\u0130N G\u00dcNDEME GET\u0130RD\u0130 Antalya Valisi Hulusi \u015eahin\u2019in AKTOB taraf\u0131ndan d\u00fczenlenen ekim ay\u0131 turizm bulu\u015fmalar\u0131nda kentte bulunan 5 y\u0131ld\u0131zl\u0131 otellerin bir\u00e7o\u011funda ya\u015fanan sorunlar\u0131 dile getirerek uyar\u0131da bulunmu\u015ftu. Vali \u015eahin\u2019in otellerde yang\u0131nlar\u0131na \u00f6nlenmesine ve m\u00fcdahale konusunda s\u0131k\u0131nt\u0131lar ya\u015fand\u0131\u011f\u0131n\u0131 ifade ederek, \u201cOtellerimizde yang\u0131nlar ile ilgili sorunlar ya\u015f\u0131yoruz. Kemer\u2019de ya\u015fanan son yang\u0131nda otele bizim itfaiye ara\u00e7lar\u0131m\u0131z giremedi, tahliyede s\u0131k\u0131nt\u0131s\u0131 ya\u015fad\u0131k. Allah korusun bir \u00f6l\u00fcm olsa etkisi nas\u0131l olurdu. Otelleri kurarken dizayn ederken yang\u0131n konusunu l\u00fctfen unutmay\u0131n\u201d demi\u015fti.\u00a0 ZAMAN KAYBI \u015eahin, turizm sekt\u00f6r\u00fcnde faaliyet g\u00f6steren i\u015fletmelere y\u00f6nelik uyar\u0131larda bulunarak, yang\u0131n g\u00fcvenli\u011finin sadece otelin de\u011fil, ayn\u0131 zamanda Antalya\u2019n\u0131n turizm imaj\u0131 a\u00e7\u0131s\u0131ndan da hayati bir \u00f6neme sahip oldu\u011funu vurgulad\u0131. Bu konu\u015fmalar\u0131n ard\u0131ndan Antalya\u2019da bulunan l\u00fcks sitelerin ve 5 &hellip;<\/p>","protected":false},"author":0,"featured_media":0,"comment_status":"open","ping_status":"open","sticky":false,"template":"","format":"standard","meta":{"_acf_changed":false,"footnotes":""},"categories":[24,535],"tags":[],"class_list":["post-13844","post","type-post","status-publish","format-standard","has-post-thumbnail","hentry","category-gundem","category-uncategorized-tr"],"acf":[],"yoast_head":"<!-- This site is optimized with the Yoast SEO Premium plugin v26.6 (Yoast SEO v27.1.1) - https:\/\/yoast.com\/product\/yoast-seo-premium-wordpress\/ -->\n<title>Antalya\u2019n\u0131n milyar dolarl\u0131k projelerinde \u00f6l\u00fcmc\u00fcl tehlike! - Av. Deniz Can K\u0131z\u0131l<\/title>\n<meta name=\"robots\" content=\"index, follow, max-snippet:-1, max-image-preview:large, max-video-preview:-1\" \/>\n<link rel=\"canonical\" href=\"http:\/\/denizcankizil.tr\/en\/haberler\/gundem\/antalyanin-milyar-dolarlik-projelerinde-olumcul-tehlike\/\" \/>\n<meta property=\"og:locale\" content=\"en_GB\" \/>\n<meta property=\"og:type\" content=\"article\" \/>\n<meta property=\"og:title\" content=\"Antalya\u2019n\u0131n milyar dolarl\u0131k projelerinde \u00f6l\u00fcmc\u00fcl tehlike!\" \/>\n<meta property=\"og:description\" content=\"Ge\u00e7ti\u011fimiz g\u00fcnlerde turizmciler ile bir araya gelen Antalya Valisi Hulusi \u015eahin de konuyu g\u00fcndeme getirerek, \u201cKemer\u2019de otelde \u00e7\u0131kan yang\u0131nda itfaiye giremedi. Allah korusun bir \u00f6l\u00fcm olsa etkisi nas\u0131l olurdu. Otelleri kurarken yang\u0131n konusunu l\u00fctfen unutmay\u0131n\u201d demi\u015fti. Vali \u015eahin\u2019in uyar\u0131lar\u0131n\u0131n ard\u0131ndan l\u00fcks projelerin g\u00fcvenli\u011fi bir kez daha g\u00fcndeme geldi. Antalya K\u00f6rfez Gazetesi muhabiri Ertu\u011frul G\u00fcn&#8217;\u00fcn ula\u015ft\u0131\u011f\u0131 uzmanlar iskandan sonra projelerin keyfi olarak de\u011fi\u015ftirildi\u011fini ileri s\u00fcrd\u00fc. Bu t\u00fcr projelerin s\u0131k s\u0131k denetlenmesi \u00e7a\u011fr\u0131s\u0131nda bulunan uzman isimler, mevzuata ayk\u0131r\u0131 en k\u00fc\u00e7\u00fck de\u011fi\u015fiklikte olas\u0131 bir afet an\u0131nda facia ya\u015fanabilece\u011fine dikkat \u00e7ekti.\u00a0 VAL\u0130 HULUS\u0130 \u015eAH\u0130N G\u00dcNDEME GET\u0130RD\u0130 Antalya Valisi Hulusi \u015eahin\u2019in AKTOB taraf\u0131ndan d\u00fczenlenen ekim ay\u0131 turizm bulu\u015fmalar\u0131nda kentte bulunan 5 y\u0131ld\u0131zl\u0131 otellerin bir\u00e7o\u011funda ya\u015fanan sorunlar\u0131 dile getirerek uyar\u0131da bulunmu\u015ftu. Vali \u015eahin\u2019in otellerde yang\u0131nlar\u0131na \u00f6nlenmesine ve m\u00fcdahale konusunda s\u0131k\u0131nt\u0131lar ya\u015fand\u0131\u011f\u0131n\u0131 ifade ederek, \u201cOtellerimizde yang\u0131nlar ile ilgili sorunlar ya\u015f\u0131yoruz. Kemer\u2019de ya\u015fanan son yang\u0131nda otele bizim itfaiye ara\u00e7lar\u0131m\u0131z giremedi, tahliyede s\u0131k\u0131nt\u0131s\u0131 ya\u015fad\u0131k. Allah korusun bir \u00f6l\u00fcm olsa etkisi nas\u0131l olurdu. Otelleri kurarken dizayn ederken yang\u0131n konusunu l\u00fctfen unutmay\u0131n\u201d demi\u015fti.\u00a0 ZAMAN KAYBI \u015eahin, turizm sekt\u00f6r\u00fcnde faaliyet g\u00f6steren i\u015fletmelere y\u00f6nelik uyar\u0131larda bulunarak, yang\u0131n g\u00fcvenli\u011finin sadece otelin de\u011fil, ayn\u0131 zamanda Antalya\u2019n\u0131n turizm imaj\u0131 a\u00e7\u0131s\u0131ndan da hayati bir \u00f6neme sahip oldu\u011funu vurgulad\u0131. Bu konu\u015fmalar\u0131n ard\u0131ndan Antalya\u2019da bulunan l\u00fcks sitelerin ve 5 &hellip;\" \/>\n<meta property=\"og:url\" content=\"http:\/\/denizcankizil.tr\/en\/haberler\/gundem\/antalyanin-milyar-dolarlik-projelerinde-olumcul-tehlike\/\" \/>\n<meta property=\"og:site_name\" content=\"Av. Deniz Can K\u0131z\u0131l\" \/>\n<meta property=\"article:published_time\" content=\"2024-11-07T06:41:13+00:00\" \/>\n<meta name=\"twitter:card\" content=\"summary_large_image\" \/>\n<meta name=\"twitter:label1\" content=\"Estimated reading time\" \/>\n\t<meta name=\"twitter:data1\" content=\"4 minutes\" \/>\n<script type=\"application\/ld+json\" class=\"yoast-schema-graph\">{\"@context\":\"https:\/\/schema.org\",\"@graph\":[{\"@type\":\"Article\",\"@id\":\"http:\/\/denizcankizil.tr\/ru\/haberler\/gundem\/antalyanin-milyar-dolarlik-projelerinde-olumcul-tehlike\/#article\",\"isPartOf\":{\"@id\":\"http:\/\/denizcankizil.tr\/ru\/haberler\/gundem\/antalyanin-milyar-dolarlik-projelerinde-olumcul-tehlike\/\"},\"author\":{\"name\":\"\",\"@id\":\"\"},\"headline\":\"Antalya\u2019n\u0131n milyar dolarl\u0131k projelerinde \u00f6l\u00fcmc\u00fcl tehlike!\",\"datePublished\":\"2024-11-07T06:41:13+00:00\",\"mainEntityOfPage\":{\"@id\":\"http:\/\/denizcankizil.tr\/ru\/haberler\/gundem\/antalyanin-milyar-dolarlik-projelerinde-olumcul-tehlike\/\"},\"wordCount\":839,\"commentCount\":0,\"publisher\":{\"@id\":\"https:\/\/denizcankizil.tr\/de\/#organization\"},\"articleSection\":[\"G\u00fcndem\",\"Uncategorized\"],\"inLanguage\":\"en-GB\",\"potentialAction\":[{\"@type\":\"CommentAction\",\"name\":\"Comment\",\"target\":[\"http:\/\/denizcankizil.tr\/ru\/haberler\/gundem\/antalyanin-milyar-dolarlik-projelerinde-olumcul-tehlike\/#respond\"]}]},{\"@type\":\"WebPage\",\"@id\":\"http:\/\/denizcankizil.tr\/ru\/haberler\/gundem\/antalyanin-milyar-dolarlik-projelerinde-olumcul-tehlike\/\",\"url\":\"http:\/\/denizcankizil.tr\/ru\/haberler\/gundem\/antalyanin-milyar-dolarlik-projelerinde-olumcul-tehlike\/\",\"name\":\"Antalya\u2019n\u0131n milyar dolarl\u0131k projelerinde \u00f6l\u00fcmc\u00fcl tehlike! - Av. Deniz Can K\u0131z\u0131l\",\"isPartOf\":{\"@id\":\"https:\/\/denizcankizil.tr\/de\/#website\"},\"datePublished\":\"2024-11-07T06:41:13+00:00\",\"breadcrumb\":{\"@id\":\"http:\/\/denizcankizil.tr\/ru\/haberler\/gundem\/antalyanin-milyar-dolarlik-projelerinde-olumcul-tehlike\/#breadcrumb\"},\"inLanguage\":\"en-GB\",\"potentialAction\":[{\"@type\":\"ReadAction\",\"target\":[\"http:\/\/denizcankizil.tr\/ru\/haberler\/gundem\/antalyanin-milyar-dolarlik-projelerinde-olumcul-tehlike\/\"]}]},{\"@type\":\"BreadcrumbList\",\"@id\":\"http:\/\/denizcankizil.tr\/ru\/haberler\/gundem\/antalyanin-milyar-dolarlik-projelerinde-olumcul-tehlike\/#breadcrumb\",\"itemListElement\":[{\"@type\":\"ListItem\",\"position\":1,\"name\":\"Home\",\"item\":\"https:\/\/denizcankizil.tr\/de\/\"},{\"@type\":\"ListItem\",\"position\":2,\"name\":\"Antalya\u2019n\u0131n milyar dolarl\u0131k projelerinde \u00f6l\u00fcmc\u00fcl tehlike!\"}]},{\"@type\":\"WebSite\",\"@id\":\"https:\/\/denizcankizil.tr\/de\/#website\",\"url\":\"https:\/\/denizcankizil.tr\/de\/\",\"name\":\"Av. Deniz Can K\u0131z\u0131l\",\"description\":\"Avukat Deniz Can K\u0131z\u0131l Antalya Barosu\",\"publisher\":{\"@id\":\"https:\/\/denizcankizil.tr\/de\/#organization\"},\"potentialAction\":[{\"@type\":\"SearchAction\",\"target\":{\"@type\":\"EntryPoint\",\"urlTemplate\":\"https:\/\/denizcankizil.tr\/de\/?s={search_term_string}\"},\"query-input\":{\"@type\":\"PropertyValueSpecification\",\"valueRequired\":true,\"valueName\":\"search_term_string\"}}],\"inLanguage\":\"en-GB\"},{\"@type\":\"Organization\",\"@id\":\"https:\/\/denizcankizil.tr\/de\/#organization\",\"name\":\"Av. Deniz Can K\u0131z\u0131l\",\"url\":\"https:\/\/denizcankizil.tr\/de\/\",\"logo\":{\"@type\":\"ImageObject\",\"inLanguage\":\"en-GB\",\"@id\":\"https:\/\/denizcankizil.tr\/de\/#\/schema\/logo\/image\/\",\"url\":\"http:\/\/denizcankizil.tr\/wp-content\/uploads\/2024\/10\/siyah-logo-svg.svg\",\"contentUrl\":\"http:\/\/denizcankizil.tr\/wp-content\/uploads\/2024\/10\/siyah-logo-svg.svg\",\"width\":1080,\"height\":1080,\"caption\":\"Av. Deniz Can K\u0131z\u0131l\"},\"image\":{\"@id\":\"https:\/\/denizcankizil.tr\/de\/#\/schema\/logo\/image\/\"}}]}<\/script>\n<!-- \/ Yoast SEO Premium plugin. -->","yoast_head_json":{"title":"Antalya\u2019n\u0131n milyar dolarl\u0131k projelerinde \u00f6l\u00fcmc\u00fcl tehlike! - Av. Deniz Can K\u0131z\u0131l","robots":{"index":"index","follow":"follow","max-snippet":"max-snippet:-1","max-image-preview":"max-image-preview:large","max-video-preview":"max-video-preview:-1"},"canonical":"http:\/\/denizcankizil.tr\/en\/haberler\/gundem\/antalyanin-milyar-dolarlik-projelerinde-olumcul-tehlike\/","og_locale":"en_GB","og_type":"article","og_title":"Antalya\u2019n\u0131n milyar dolarl\u0131k projelerinde \u00f6l\u00fcmc\u00fcl tehlike!","og_description":"Ge\u00e7ti\u011fimiz g\u00fcnlerde turizmciler ile bir araya gelen Antalya Valisi Hulusi \u015eahin de konuyu g\u00fcndeme getirerek, \u201cKemer\u2019de otelde \u00e7\u0131kan yang\u0131nda itfaiye giremedi. Allah korusun bir \u00f6l\u00fcm olsa etkisi nas\u0131l olurdu. Otelleri kurarken yang\u0131n konusunu l\u00fctfen unutmay\u0131n\u201d demi\u015fti. Vali \u015eahin\u2019in uyar\u0131lar\u0131n\u0131n ard\u0131ndan l\u00fcks projelerin g\u00fcvenli\u011fi bir kez daha g\u00fcndeme geldi. Antalya K\u00f6rfez Gazetesi muhabiri Ertu\u011frul G\u00fcn&#8217;\u00fcn ula\u015ft\u0131\u011f\u0131 uzmanlar iskandan sonra projelerin keyfi olarak de\u011fi\u015ftirildi\u011fini ileri s\u00fcrd\u00fc. Bu t\u00fcr projelerin s\u0131k s\u0131k denetlenmesi \u00e7a\u011fr\u0131s\u0131nda bulunan uzman isimler, mevzuata ayk\u0131r\u0131 en k\u00fc\u00e7\u00fck de\u011fi\u015fiklikte olas\u0131 bir afet an\u0131nda facia ya\u015fanabilece\u011fine dikkat \u00e7ekti.\u00a0 VAL\u0130 HULUS\u0130 \u015eAH\u0130N G\u00dcNDEME GET\u0130RD\u0130 Antalya Valisi Hulusi \u015eahin\u2019in AKTOB taraf\u0131ndan d\u00fczenlenen ekim ay\u0131 turizm bulu\u015fmalar\u0131nda kentte bulunan 5 y\u0131ld\u0131zl\u0131 otellerin bir\u00e7o\u011funda ya\u015fanan sorunlar\u0131 dile getirerek uyar\u0131da bulunmu\u015ftu. Vali \u015eahin\u2019in otellerde yang\u0131nlar\u0131na \u00f6nlenmesine ve m\u00fcdahale konusunda s\u0131k\u0131nt\u0131lar ya\u015fand\u0131\u011f\u0131n\u0131 ifade ederek, \u201cOtellerimizde yang\u0131nlar ile ilgili sorunlar ya\u015f\u0131yoruz. Kemer\u2019de ya\u015fanan son yang\u0131nda otele bizim itfaiye ara\u00e7lar\u0131m\u0131z giremedi, tahliyede s\u0131k\u0131nt\u0131s\u0131 ya\u015fad\u0131k. Allah korusun bir \u00f6l\u00fcm olsa etkisi nas\u0131l olurdu. Otelleri kurarken dizayn ederken yang\u0131n konusunu l\u00fctfen unutmay\u0131n\u201d demi\u015fti.\u00a0 ZAMAN KAYBI \u015eahin, turizm sekt\u00f6r\u00fcnde faaliyet g\u00f6steren i\u015fletmelere y\u00f6nelik uyar\u0131larda bulunarak, yang\u0131n g\u00fcvenli\u011finin sadece otelin de\u011fil, ayn\u0131 zamanda Antalya\u2019n\u0131n turizm imaj\u0131 a\u00e7\u0131s\u0131ndan da hayati bir \u00f6neme sahip oldu\u011funu vurgulad\u0131. Bu konu\u015fmalar\u0131n ard\u0131ndan Antalya\u2019da bulunan l\u00fcks sitelerin ve 5 &hellip;","og_url":"http:\/\/denizcankizil.tr\/en\/haberler\/gundem\/antalyanin-milyar-dolarlik-projelerinde-olumcul-tehlike\/","og_site_name":"Av. Deniz Can K\u0131z\u0131l","article_published_time":"2024-11-07T06:41:13+00:00","twitter_card":"summary_large_image","twitter_misc":{"Estimated reading time":"4 minutes"},"schema":{"@context":"https:\/\/schema.org","@graph":[{"@type":"Article","@id":"http:\/\/denizcankizil.tr\/ru\/haberler\/gundem\/antalyanin-milyar-dolarlik-projelerinde-olumcul-tehlike\/#article","isPartOf":{"@id":"http:\/\/denizcankizil.tr\/ru\/haberler\/gundem\/antalyanin-milyar-dolarlik-projelerinde-olumcul-tehlike\/"},"author":{"name":"","@id":""},"headline":"Antalya\u2019n\u0131n milyar dolarl\u0131k projelerinde \u00f6l\u00fcmc\u00fcl tehlike!","datePublished":"2024-11-07T06:41:13+00:00","mainEntityOfPage":{"@id":"http:\/\/denizcankizil.tr\/ru\/haberler\/gundem\/antalyanin-milyar-dolarlik-projelerinde-olumcul-tehlike\/"},"wordCount":839,"commentCount":0,"publisher":{"@id":"https:\/\/denizcankizil.tr\/de\/#organization"},"articleSection":["G\u00fcndem","Uncategorized"],"inLanguage":"en-GB","potentialAction":[{"@type":"CommentAction","name":"Comment","target":["http:\/\/denizcankizil.tr\/ru\/haberler\/gundem\/antalyanin-milyar-dolarlik-projelerinde-olumcul-tehlike\/#respond"]}]},{"@type":"WebPage","@id":"http:\/\/denizcankizil.tr\/ru\/haberler\/gundem\/antalyanin-milyar-dolarlik-projelerinde-olumcul-tehlike\/","url":"http:\/\/denizcankizil.tr\/ru\/haberler\/gundem\/antalyanin-milyar-dolarlik-projelerinde-olumcul-tehlike\/","name":"Antalya\u2019n\u0131n milyar dolarl\u0131k projelerinde \u00f6l\u00fcmc\u00fcl tehlike! - Av. Deniz Can K\u0131z\u0131l","isPartOf":{"@id":"https:\/\/denizcankizil.tr\/de\/#website"},"datePublished":"2024-11-07T06:41:13+00:00","breadcrumb":{"@id":"http:\/\/denizcankizil.tr\/ru\/haberler\/gundem\/antalyanin-milyar-dolarlik-projelerinde-olumcul-tehlike\/#breadcrumb"},"inLanguage":"en-GB","potentialAction":[{"@type":"ReadAction","target":["http:\/\/denizcankizil.tr\/ru\/haberler\/gundem\/antalyanin-milyar-dolarlik-projelerinde-olumcul-tehlike\/"]}]},{"@type":"BreadcrumbList","@id":"http:\/\/denizcankizil.tr\/ru\/haberler\/gundem\/antalyanin-milyar-dolarlik-projelerinde-olumcul-tehlike\/#breadcrumb","itemListElement":[{"@type":"ListItem","position":1,"name":"Home","item":"https:\/\/denizcankizil.tr\/de\/"},{"@type":"ListItem","position":2,"name":"Antalya\u2019n\u0131n milyar dolarl\u0131k projelerinde \u00f6l\u00fcmc\u00fcl tehlike!"}]},{"@type":"WebSite","@id":"https:\/\/denizcankizil.tr\/de\/#website","url":"https:\/\/denizcankizil.tr\/de\/","name":"Av. Deniz Can K\u0131z\u0131l","description":"Avukat Deniz Can K\u0131z\u0131l Antalya Barosu","publisher":{"@id":"https:\/\/denizcankizil.tr\/de\/#organization"},"potentialAction":[{"@type":"SearchAction","target":{"@type":"EntryPoint","urlTemplate":"https:\/\/denizcankizil.tr\/de\/?s={search_term_string}"},"query-input":{"@type":"PropertyValueSpecification","valueRequired":true,"valueName":"search_term_string"}}],"inLanguage":"en-GB"},{"@type":"Organization","@id":"https:\/\/denizcankizil.tr\/de\/#organization","name":"Av. Deniz Can K\u0131z\u0131l","url":"https:\/\/denizcankizil.tr\/de\/","logo":{"@type":"ImageObject","inLanguage":"en-GB","@id":"https:\/\/denizcankizil.tr\/de\/#\/schema\/logo\/image\/","url":"http:\/\/denizcankizil.tr\/wp-content\/uploads\/2024\/10\/siyah-logo-svg.svg","contentUrl":"http:\/\/denizcankizil.tr\/wp-content\/uploads\/2024\/10\/siyah-logo-svg.svg","width":1080,"height":1080,"caption":"Av. Deniz Can K\u0131z\u0131l"},"image":{"@id":"https:\/\/denizcankizil.tr\/de\/#\/schema\/logo\/image\/"}}]}},"_links":{"self":[{"href":"http:\/\/denizcankizil.tr\/en\/wp-json\/wp\/v2\/posts\/13844","targetHints":{"allow":["GET"]}}],"collection":[{"href":"http:\/\/denizcankizil.tr\/en\/wp-json\/wp\/v2\/posts"}],"about":[{"href":"http:\/\/denizcankizil.tr\/en\/wp-json\/wp\/v2\/types\/post"}],"replies":[{"embeddable":true,"href":"http:\/\/denizcankizil.tr\/en\/wp-json\/wp\/v2\/comments?post=13844"}],"version-history":[{"count":0,"href":"http:\/\/denizcankizil.tr\/en\/wp-json\/wp\/v2\/posts\/13844\/revisions"}],"wp:attachment":[{"href":"http:\/\/denizcankizil.tr\/en\/wp-json\/wp\/v2\/media?parent=13844"}],"wp:term":[{"taxonomy":"category","embeddable":true,"href":"http:\/\/denizcankizil.tr\/en\/wp-json\/wp\/v2\/categories?post=13844"},{"taxonomy":"post_tag","embeddable":true,"href":"http:\/\/denizcankizil.tr\/en\/wp-json\/wp\/v2\/tags?post=13844"}],"curies":[{"name":"wp","href":"https:\/\/api.w.org\/{rel}","templated":true}]}}