{"id":136633,"date":"2025-07-05T10:42:37","date_gmt":"2025-07-05T07:42:37","guid":{"rendered":"https:\/\/denizcankizil.tr\/uncategorized-tr\/son-1-haftada-624-orman-yangini\/"},"modified":"2025-07-05T10:42:37","modified_gmt":"2025-07-05T07:42:37","slug":"son-1-haftada-624-orman-yangini","status":"publish","type":"post","link":"http:\/\/denizcankizil.tr\/en\/haberler\/gundem\/son-1-haftada-624-orman-yangini\/","title":{"rendered":"Son 1 haftada 624 orman yang\u0131n\u0131"},"content":{"rendered":"<p>Tar\u0131m ve Orman Bakan\u0131 \u0130brahim Yumakl\u0131, son 1 haftada 624 orman yang\u0131n\u0131ndan 621&#8217;inin kontrol alt\u0131na al\u0131nd\u0131\u011f\u0131n\u0131 a\u00e7\u0131klad\u0131. Yang\u0131nlarla m\u00fccadelede 25 bin personel g\u00f6rev yapt\u0131. \u0130zmir&#8217;deki yang\u0131n hala devam ediyor. Buca yang\u0131n\u0131na duyars\u0131zl\u0131k ele\u015ftirisi yap\u0131ld\u0131.ANKARA (\u0130GFA) &#8211; Tar\u0131m ve Orman Bakan\u0131 \u0130brahim Yumakl\u0131, Orman Genel M\u00fcd\u00fcrl\u00fc\u011f\u00fc Yang\u0131n Y\u00f6netim Merkezi&#8217;nde, orman yang\u0131nlar\u0131na ili\u015fkin son durumu payla\u015ft\u0131.<br \/>\nSon 1 haftan\u0131n orman yang\u0131nlar\u0131yla m\u00fccadelede \u00e7ok yo\u011fun ge\u00e7ti\u011fini belirten Yumakl\u0131, bu y\u0131l\u0131n 6 ay\u0131nda 1305&#8217;i ormanl\u0131k alanda, 1739&#8217;u da orman d\u0131\u015f\u0131nda olmak \u00fczere toplam 3 bin 44 yang\u0131n \u00e7\u0131kt\u0131\u011f\u0131 bilgisini verdi.<br \/>\nYumakl\u0131, bu yang\u0131nlarla Cumhuriyet tarihinin en b\u00fcy\u00fck kara ve hava filosu, deneyimli 25 bin personelle m\u00fccadele ettiklerini ifade ederek, &#8220;Hava ara\u00e7lar\u0131m\u0131z yaz ba\u015f\u0131ndan bu yana 16 bin 35 sorti yapt\u0131lar ve sadece havadan 52 bin ton su at\u0131ld\u0131. Yakla\u015f\u0131k 3 bin 44 yang\u0131ndan 624&#8217;\u00fc sadece son 1 haftada \u00e7\u0131kt\u0131. Yani neredeyse 5&#8217;te 1&#8217;i son 1 haftada \u00e7\u0131kt\u0131.&#8221; dedi.<br \/>\nSon 1 haftada \u0130zmir&#8217;de, Sakarya&#8217;da, Hatay&#8217;da, Bilecik&#8217;te, Manisa&#8217;da, \u0130stanbul&#8217;da ve Bursa&#8217;da \u00e7ok ciddi boyutlara ula\u015fan yang\u0131nlarla m\u00fccadele ettiklerine i\u015faret eden Tar\u0131m ve Orman Bakan\u0131 Yumakl\u0131, &#8220;Bu illerde 20 b\u00fcy\u00fck yang\u0131ndan, her biri haf\u0131zalara kaz\u0131nan 2021 yang\u0131nlar\u0131 potansiyelini g\u00f6rd\u00fck. Dolay\u0131s\u0131yla Cumhuriyet tarihinin en iyi hava ve kara filosu ve personeliyle m\u00fcdahalelerimizle bu zorlu s\u00fcre\u00e7te \u00e7ok iyi sonu\u00e7lar ald\u0131k.&#8221; de\u011ferlendirmesinde bulundu.<br \/>\n624 YANGINDAN 621&#8217;\u0130 KONTROL ALTINA ALINDI<br \/>\nBakan Yumakl\u0131, s\u00f6z konusu 624 yang\u0131n\u0131n 621&#8217;ini kontrol alt\u0131na ald\u0131klar\u0131n\u0131, sadece bug\u00fcn 9 b\u00fcy\u00fck yang\u0131nla m\u00fccadele ettiklerini bildirdi.<br \/>\nBu yang\u0131nlardan 6&#8217;s\u0131n\u0131 kontrol alt\u0131na ald\u0131klar\u0131n\u0131n bilgisini payla\u015fan Yumakl\u0131, &#8220;Antalya, Mersin, K\u0131rklareli, \u0130stanbul Silivri, Adana Ceyhan, U\u015fak E\u015fme bu yang\u0131nlar kontrol alt\u0131na al\u0131nm\u0131\u015ft\u0131r.&#8221; dedi.<br \/>\nBakan \u0130brahim Yumakl\u0131, \u0130zmir&#8217;in \u00c7e\u015fme il\u00e7esindeki yang\u0131n\u0131n da enerjisinin d\u00fc\u015ft\u00fc\u011f\u00fcn\u00fc ve bu yang\u0131nla ilgili \u00e7ok daha g\u00fczel haberler vermeyi umduklar\u0131n\u0131 s\u00f6yledi.<br \/>\n\u0130zmir&#8217;in \u00d6demi\u015f il\u00e7esindeki yang\u0131n\u0131n r\u00fczgar\u0131n etkisiyle b\u00fcy\u00fcyerek \u00e7ok geni\u015f alana h\u0131zl\u0131ca yay\u0131ld\u0131\u011f\u0131n\u0131 aktaran Yumakl\u0131, \u015fiddetli r\u00fczgar\u0131n devam etti\u011fini ve yang\u0131nla m\u00fccadelenin s\u00fcrd\u00fc\u011f\u00fcn\u00fc bildirdi.<br \/>\nBakan Yumakl\u0131, yang\u0131nlarla m\u00fccadele eden personelden birini bug\u00fcn \u015fehit verdiklerini dile getirerek, &#8220;Bir di\u011fer arkada\u015f\u0131m\u0131z da \u015fu anda ent\u00fcbe vaziyette hastanede. Yine \u00d6demi\u015f&#8217;te 81 ya\u015f\u0131nda bir vatanda\u015f\u0131m\u0131z\u0131 kaybettik. Hepsine Allah&#8217;tan rahmet diliyorum.&#8221; diye konu\u015ftu.<br \/>\nYang\u0131nlarla m\u00fccadele eden personelden morallerini d\u00fc\u015f\u00fcrmemelerini isteyen Tar\u0131m ve Orman Bakan\u0131 \u0130brahim Yumakl\u0131, \u015funlar\u0131 s\u00f6yledi:<br \/>\n&#8220;\u015eehidimizin ard\u0131ndan elbette bir g\u00f6rev olarak bu yang\u0131nlar\u0131 s\u00f6nd\u00fcrece\u011fiz, onlar\u0131n emanetlerine sahip \u00e7\u0131kaca\u011f\u0131z. Vatan savunmas\u0131 i\u00e7in can\u0131n\u0131 veren kolluk g\u00fc\u00e7lerimizden, g\u00fcvenlik g\u00fc\u00e7lerimizden, silahl\u0131 kuvvetlerimizden sonra en fazla \u015fehit veren Orman Genel M\u00fcd\u00fcrl\u00fc\u011f\u00fc. \u0130n\u015fallah bundan sonra ba\u015fka bir karde\u015fimizi, ba\u015fka bir arkada\u015f\u0131m\u0131z\u0131, vatan\u0131 i\u00e7in can\u0131n\u0131 di\u015fine takarak sava\u015fan, \u00e7al\u0131\u015fan, m\u00fccadele eden hi\u00e7 kimseyi kaybetmeyiz.&#8221;<br \/>\nYumakl\u0131, \u0130zmir&#8217;deki 3 yang\u0131na, 10 u\u00e7ak, 25 helikopter, araz\u00f6zler, ilk m\u00fcdahale ara\u00e7lar\u0131 ile Devlet Su \u0130\u015fleri, Karayollar\u0131, belediyelerin b\u00fct\u00fcn imkanlar\u0131yla dahil olduklar\u0131n\u0131, Buca ve \u00d6demi\u015f i\u00e7in m\u00fcdahale ve m\u00fccadeleye devam edilece\u011fini s\u00f6yledi.<br \/>\nBu s\u00fcre\u00e7te toplumu manip\u00fcle edecek \u00f6l\u00e7\u00fcde dezenformasyonlar\u0131n kendilerini yordu\u011funa de\u011finen Bakan Yumakl\u0131, &#8220;Hi\u00e7 kimsenin sahada m\u00fccadele eden arkada\u015flar\u0131m\u0131z\u0131n moralini bozmaya hakk\u0131 yok. Herkes kendisine \u00e7ekid\u00fczen versin. Sadece i\u015fimize odaklan\u0131yoruz. Sizlerden ricam, bu insan\u00fcst\u00fc m\u00fccadeleye T\u00fcrkiye&#8217;nin 86 milyon vatanda\u015f\u0131, evlad\u0131 destek versin.&#8221; ifadelerini kulland\u0131.<br \/>\nVATANDA\u015eLARA ORMAN YANGINI UYARISI<br \/>\nTar\u0131m ve Orman Bakan\u0131 Yumakl\u0131, Meteoroloji Genel M\u00fcd\u00fcrl\u00fc\u011f\u00fcn\u00fcn ilerleyen g\u00fcnlerde \u00e7ok \u015fiddetli r\u00fczgar, a\u015f\u0131r\u0131 s\u0131cakl\u0131k ve d\u00fc\u015f\u00fck nem uyar\u0131s\u0131 yapt\u0131\u011f\u0131n\u0131 an\u0131msatarak, \u015funlar\u0131 kaydetti:<br \/>\n&#8220;Sadece bizde de\u011fil, b\u00fct\u00fcn d\u00fcnyada da benzer \u015fekilde, benzer meteorolojik olaylar ya\u015fan\u0131yor. L\u00fctfen d\u0131\u015far\u0131da ate\u015f yakmay\u0131n. Bir k\u0131v\u0131lc\u0131m bile olsa, yapt\u0131\u011f\u0131n\u0131z her neyse, bunu yapmay\u0131n. Bizi en \u00e7ok yoran, sava\u015f olarak niteledi\u011fimiz orman yang\u0131nlar\u0131yla m\u00fccadelede yeni cepheler a\u00e7\u0131lmas\u0131. E\u011fer bug\u00fcn Buca&#8217;daki o duyars\u0131zl\u0131k, o vurdumduymazl\u0131k, olmasayd\u0131 biz bug\u00fcn \u00d6demi\u015f yang\u0131n\u0131yla ilgili sizlere g\u00fczel haberler veriyor olacakt\u0131k. Ama g\u00fc\u00e7lerimiz b\u00f6l\u00fcnd\u00fc, arkada\u015flar\u0131m\u0131z yoruldu. 10 g\u00fcnd\u00fcr bununla m\u00fccadele ediyoruz. 15 Ekim&#8217;e kadar teyakkuz halindeyiz ama bug\u00fcn itibar\u0131yla \u015fu bir haftay\u0131 d\u0131\u015far\u0131da ate\u015f yakmadan, ate\u015fe sebep olacak herhangi bir \u015feyi yapmadan ge\u00e7irelim. \u00c7\u0131kan her yang\u0131n\u0131 s\u00f6nd\u00fcrmekle \u00f6v\u00fcnmek istemiyoruz, yang\u0131n\u0131n \u00e7\u0131kmamas\u0131n\u0131 sa\u011flayal\u0131m, bununla \u00f6v\u00fcnelim.&#8221;<\/p>\n<p>\u200bTar\u0131m ve Orman Bakan\u0131 \u0130brahim Yumakl\u0131, son 1 haftada 624 orman yang\u0131n\u0131ndan 621&#8217;inin kontrol alt\u0131na al\u0131nd\u0131\u011f\u0131n\u0131 a\u00e7\u0131klad\u0131. Yang\u0131nlarla m\u00fccadelede 25 bin personel g\u00f6rev yapt\u0131. \u0130zmir&#8217;deki yang\u0131n hala devam ediyor. Buca yang\u0131n\u0131na duyars\u0131zl\u0131k ele\u015ftirisi yap\u0131ld\u0131.ANKARA (\u0130GFA) &#8211; Tar\u0131m ve Orman Bakan\u0131 \u0130brahim Yumakl\u0131, Orman Genel M\u00fcd\u00fcrl\u00fc\u011f\u00fc Yang\u0131n Y\u00f6netim Merkezi&#8217;nde, orman yang\u0131nlar\u0131na ili\u015fkin son durumu payla\u015ft\u0131.<br \/>\nSon 1 haftan\u0131n orman yang\u0131nlar\u0131yla m\u00fccadelede \u00e7ok yo\u011fun ge\u00e7ti\u011fini belirten Yumakl\u0131, bu y\u0131l\u0131n 6 ay\u0131nda 1305&#8217;i ormanl\u0131k alanda, 1739&#8217;u da orman d\u0131\u015f\u0131nda olmak \u00fczere toplam 3 bin 44 yang\u0131n \u00e7\u0131kt\u0131\u011f\u0131 bilgisini verdi.<br \/>\nYumakl\u0131, bu yang\u0131nlarla Cumhuriyet tarihinin en b\u00fcy\u00fck kara ve hava filosu, deneyimli 25 bin personelle m\u00fccadele ettiklerini ifade ederek, &#8220;Hava ara\u00e7lar\u0131m\u0131z yaz ba\u015f\u0131ndan bu yana 16 bin 35 sorti yapt\u0131lar ve sadece havadan 52 bin ton su at\u0131ld\u0131. Yakla\u015f\u0131k 3 bin 44 yang\u0131ndan 624&#8217;\u00fc sadece son 1 haftada \u00e7\u0131kt\u0131. Yani neredeyse 5&#8217;te 1&#8217;i son 1 haftada \u00e7\u0131kt\u0131.&#8221; dedi.<br \/>\nSon 1 haftada \u0130zmir&#8217;de, Sakarya&#8217;da, Hatay&#8217;da, Bilecik&#8217;te, Manisa&#8217;da, \u0130stanbul&#8217;da ve Bursa&#8217;da \u00e7ok ciddi boyutlara ula\u015fan yang\u0131nlarla m\u00fccadele ettiklerine i\u015faret eden Tar\u0131m ve Orman Bakan\u0131 Yumakl\u0131, &#8220;Bu illerde 20 b\u00fcy\u00fck yang\u0131ndan, her biri haf\u0131zalara kaz\u0131nan 2021 yang\u0131nlar\u0131 potansiyelini g\u00f6rd\u00fck. Dolay\u0131s\u0131yla Cumhuriyet tarihinin en iyi hava ve kara filosu ve personeliyle m\u00fcdahalelerimizle bu zorlu s\u00fcre\u00e7te \u00e7ok iyi sonu\u00e7lar ald\u0131k.&#8221; de\u011ferlendirmesinde bulundu.<br \/>\n624 YANGINDAN 621&#8217;\u0130 KONTROL ALTINA ALINDI<br \/>\nBakan Yumakl\u0131, s\u00f6z konusu 624 yang\u0131n\u0131n 621&#8217;ini kontrol alt\u0131na ald\u0131klar\u0131n\u0131, sadece bug\u00fcn 9 b\u00fcy\u00fck yang\u0131nla m\u00fccadele ettiklerini bildirdi.<br \/>\nBu yang\u0131nlardan 6&#8217;s\u0131n\u0131 kontrol alt\u0131na ald\u0131klar\u0131n\u0131n bilgisini payla\u015fan Yumakl\u0131, &#8220;Antalya, Mersin, K\u0131rklareli, \u0130stanbul Silivri, Adana Ceyhan, U\u015fak E\u015fme bu yang\u0131nlar kontrol alt\u0131na al\u0131nm\u0131\u015ft\u0131r.&#8221; dedi.<br \/>\nBakan \u0130brahim Yumakl\u0131, \u0130zmir&#8217;in \u00c7e\u015fme il\u00e7esindeki yang\u0131n\u0131n da enerjisinin d\u00fc\u015ft\u00fc\u011f\u00fcn\u00fc ve bu yang\u0131nla ilgili \u00e7ok daha g\u00fczel haberler vermeyi umduklar\u0131n\u0131 s\u00f6yledi.<br \/>\n\u0130zmir&#8217;in \u00d6demi\u015f il\u00e7esindeki yang\u0131n\u0131n r\u00fczgar\u0131n etkisiyle b\u00fcy\u00fcyerek \u00e7ok geni\u015f alana h\u0131zl\u0131ca yay\u0131ld\u0131\u011f\u0131n\u0131 aktaran Yumakl\u0131, \u015fiddetli r\u00fczgar\u0131n devam etti\u011fini ve yang\u0131nla m\u00fccadelenin s\u00fcrd\u00fc\u011f\u00fcn\u00fc bildirdi.<br \/>\nBakan Yumakl\u0131, yang\u0131nlarla m\u00fccadele eden personelden birini bug\u00fcn \u015fehit verdiklerini dile getirerek, &#8220;Bir di\u011fer arkada\u015f\u0131m\u0131z da \u015fu anda ent\u00fcbe vaziyette hastanede. Yine \u00d6demi\u015f&#8217;te 81 ya\u015f\u0131nda bir vatanda\u015f\u0131m\u0131z\u0131 kaybettik. Hepsine Allah&#8217;tan rahmet diliyorum.&#8221; diye konu\u015ftu.<br \/>\nYang\u0131nlarla m\u00fccadele eden personelden morallerini d\u00fc\u015f\u00fcrmemelerini isteyen Tar\u0131m ve Orman Bakan\u0131 \u0130brahim Yumakl\u0131, \u015funlar\u0131 s\u00f6yledi:<br \/>\n&#8220;\u015eehidimizin ard\u0131ndan elbette bir g\u00f6rev olarak bu yang\u0131nlar\u0131 s\u00f6nd\u00fcrece\u011fiz, onlar\u0131n emanetlerine sahip \u00e7\u0131kaca\u011f\u0131z. Vatan savunmas\u0131 i\u00e7in can\u0131n\u0131 veren kolluk g\u00fc\u00e7lerimizden, g\u00fcvenlik g\u00fc\u00e7lerimizden, silahl\u0131 kuvvetlerimizden sonra en fazla \u015fehit veren Orman Genel M\u00fcd\u00fcrl\u00fc\u011f\u00fc. \u0130n\u015fallah bundan sonra ba\u015fka bir karde\u015fimizi, ba\u015fka bir arkada\u015f\u0131m\u0131z\u0131, vatan\u0131 i\u00e7in can\u0131n\u0131 di\u015fine takarak sava\u015fan, \u00e7al\u0131\u015fan, m\u00fccadele eden hi\u00e7 kimseyi kaybetmeyiz.&#8221;<br \/>\nYumakl\u0131, \u0130zmir&#8217;deki 3 yang\u0131na, 10 u\u00e7ak, 25 helikopter, araz\u00f6zler, ilk m\u00fcdahale ara\u00e7lar\u0131 ile Devlet Su \u0130\u015fleri, Karayollar\u0131, belediyelerin b\u00fct\u00fcn imkanlar\u0131yla dahil olduklar\u0131n\u0131, Buca ve \u00d6demi\u015f i\u00e7in m\u00fcdahale ve m\u00fccadeleye devam edilece\u011fini s\u00f6yledi.<br \/>\nBu s\u00fcre\u00e7te toplumu manip\u00fcle edecek \u00f6l\u00e7\u00fcde dezenformasyonlar\u0131n kendilerini yordu\u011funa de\u011finen Bakan Yumakl\u0131, &#8220;Hi\u00e7 kimsenin sahada m\u00fccadele eden arkada\u015flar\u0131m\u0131z\u0131n moralini bozmaya hakk\u0131 yok. Herkes kendisine \u00e7ekid\u00fczen versin. Sadece i\u015fimize odaklan\u0131yoruz. Sizlerden ricam, bu insan\u00fcst\u00fc m\u00fccadeleye T\u00fcrkiye&#8217;nin 86 milyon vatanda\u015f\u0131, evlad\u0131 destek versin.&#8221; ifadelerini kulland\u0131.<br \/>\nVATANDA\u015eLARA ORMAN YANGINI UYARISI<br \/>\nTar\u0131m ve Orman Bakan\u0131 Yumakl\u0131, Meteoroloji Genel M\u00fcd\u00fcrl\u00fc\u011f\u00fcn\u00fcn ilerleyen g\u00fcnlerde \u00e7ok \u015fiddetli r\u00fczgar, a\u015f\u0131r\u0131 s\u0131cakl\u0131k ve d\u00fc\u015f\u00fck nem uyar\u0131s\u0131 yapt\u0131\u011f\u0131n\u0131 an\u0131msatarak, \u015funlar\u0131 kaydetti:<br \/>\n&#8220;Sadece bizde de\u011fil, b\u00fct\u00fcn d\u00fcnyada da benzer \u015fekilde, benzer meteorolojik olaylar ya\u015fan\u0131yor. L\u00fctfen d\u0131\u015far\u0131da ate\u015f yakmay\u0131n. Bir k\u0131v\u0131lc\u0131m bile olsa, yapt\u0131\u011f\u0131n\u0131z her neyse, bunu yapmay\u0131n. Bizi en \u00e7ok yoran, sava\u015f olarak niteledi\u011fimiz orman yang\u0131nlar\u0131yla m\u00fccadelede yeni cepheler a\u00e7\u0131lmas\u0131. E\u011fer bug\u00fcn Buca&#8217;daki o duyars\u0131zl\u0131k, o vurdumduymazl\u0131k, olmasayd\u0131 biz bug\u00fcn \u00d6demi\u015f yang\u0131n\u0131yla ilgili sizlere g\u00fczel haberler veriyor olacakt\u0131k. Ama g\u00fc\u00e7lerimiz b\u00f6l\u00fcnd\u00fc, arkada\u015flar\u0131m\u0131z yoruldu. 10 g\u00fcnd\u00fcr bununla m\u00fccadele ediyoruz. 15 Ekim&#8217;e kadar teyakkuz halindeyiz ama bug\u00fcn itibar\u0131yla \u015fu bir haftay\u0131 d\u0131\u015far\u0131da ate\u015f yakmadan, ate\u015fe sebep olacak herhangi bir \u015feyi yapmadan ge\u00e7irelim. \u00c7\u0131kan her yang\u0131n\u0131 s\u00f6nd\u00fcrmekle \u00f6v\u00fcnmek istemiyoruz, yang\u0131n\u0131n \u00e7\u0131kmamas\u0131n\u0131 sa\u011flayal\u0131m, bununla \u00f6v\u00fcnelim.&#8221;\u00a0<\/p>\n<p>\u200bHaberin Al\u0131nt\u0131land\u0131\u011f\u0131 Kaynak: www.iskenderun.org<\/p>","protected":false},"excerpt":{"rendered":"<p>Tar\u0131m ve Orman Bakan\u0131 \u0130brahim Yumakl\u0131, son 1 haftada 624 orman yang\u0131n\u0131ndan 621&#8217;inin kontrol alt\u0131na al\u0131nd\u0131\u011f\u0131n\u0131 a\u00e7\u0131klad\u0131. Yang\u0131nlarla m\u00fccadelede 25 bin personel g\u00f6rev yapt\u0131. \u0130zmir&#8217;deki yang\u0131n hala devam ediyor. Buca yang\u0131n\u0131na duyars\u0131zl\u0131k ele\u015ftirisi yap\u0131ld\u0131.ANKARA (\u0130GFA) &#8211; Tar\u0131m ve Orman Bakan\u0131 \u0130brahim Yumakl\u0131, Orman Genel M\u00fcd\u00fcrl\u00fc\u011f\u00fc Yang\u0131n Y\u00f6netim Merkezi&#8217;nde, orman yang\u0131nlar\u0131na ili\u015fkin son durumu payla\u015ft\u0131. Son 1 haftan\u0131n orman yang\u0131nlar\u0131yla m\u00fccadelede \u00e7ok yo\u011fun ge\u00e7ti\u011fini belirten Yumakl\u0131, bu y\u0131l\u0131n 6 ay\u0131nda 1305&#8217;i ormanl\u0131k alanda, 1739&#8217;u da orman d\u0131\u015f\u0131nda olmak \u00fczere toplam 3 bin 44 yang\u0131n \u00e7\u0131kt\u0131\u011f\u0131 bilgisini verdi. Yumakl\u0131, bu yang\u0131nlarla Cumhuriyet tarihinin en b\u00fcy\u00fck kara ve hava filosu, deneyimli 25 bin personelle m\u00fccadele ettiklerini ifade ederek, &#8220;Hava ara\u00e7lar\u0131m\u0131z yaz ba\u015f\u0131ndan bu yana 16 bin 35 sorti yapt\u0131lar ve sadece havadan 52 bin ton su at\u0131ld\u0131. Yakla\u015f\u0131k 3 bin 44 yang\u0131ndan 624&#8217;\u00fc sadece son 1 haftada \u00e7\u0131kt\u0131. Yani neredeyse 5&#8217;te 1&#8217;i son 1 haftada \u00e7\u0131kt\u0131.&#8221; dedi. Son 1 haftada \u0130zmir&#8217;de, Sakarya&#8217;da, Hatay&#8217;da, Bilecik&#8217;te, Manisa&#8217;da, \u0130stanbul&#8217;da ve Bursa&#8217;da \u00e7ok ciddi boyutlara ula\u015fan yang\u0131nlarla m\u00fccadele ettiklerine i\u015faret eden Tar\u0131m ve Orman Bakan\u0131 Yumakl\u0131, &#8220;Bu illerde 20 b\u00fcy\u00fck yang\u0131ndan, her biri haf\u0131zalara kaz\u0131nan 2021 yang\u0131nlar\u0131 potansiyelini g\u00f6rd\u00fck. Dolay\u0131s\u0131yla Cumhuriyet tarihinin en iyi hava ve kara filosu ve personeliyle m\u00fcdahalelerimizle bu zorlu s\u00fcre\u00e7te \u00e7ok iyi sonu\u00e7lar &hellip;<\/p>","protected":false},"author":1,"featured_media":0,"comment_status":"","ping_status":"open","sticky":false,"template":"","format":"standard","meta":{"_acf_changed":false,"footnotes":""},"categories":[24],"tags":[],"class_list":["post-136633","post","type-post","status-publish","format-standard","has-post-thumbnail","hentry","category-gundem"],"acf":[],"yoast_head":"<!-- This site is optimized with the Yoast SEO Premium plugin v26.6 (Yoast SEO v27.1.1) - https:\/\/yoast.com\/product\/yoast-seo-premium-wordpress\/ -->\n<title>Son 1 haftada 624 orman yang\u0131n\u0131 - Av. Deniz Can K\u0131z\u0131l<\/title>\n<meta name=\"robots\" content=\"index, follow, max-snippet:-1, max-image-preview:large, max-video-preview:-1\" \/>\n<link rel=\"canonical\" href=\"https:\/\/denizcankizil.tr\/en\/haberler\/gundem\/son-1-haftada-624-orman-yangini\/\" \/>\n<meta property=\"og:locale\" content=\"en_GB\" \/>\n<meta property=\"og:type\" content=\"article\" \/>\n<meta property=\"og:title\" content=\"Son 1 haftada 624 orman yang\u0131n\u0131\" \/>\n<meta property=\"og:description\" content=\"Tar\u0131m ve Orman Bakan\u0131 \u0130brahim Yumakl\u0131, son 1 haftada 624 orman yang\u0131n\u0131ndan 621&#8217;inin kontrol alt\u0131na al\u0131nd\u0131\u011f\u0131n\u0131 a\u00e7\u0131klad\u0131. Yang\u0131nlarla m\u00fccadelede 25 bin personel g\u00f6rev yapt\u0131. \u0130zmir&#8217;deki yang\u0131n hala devam ediyor. Buca yang\u0131n\u0131na duyars\u0131zl\u0131k ele\u015ftirisi yap\u0131ld\u0131.ANKARA (\u0130GFA) &#8211; Tar\u0131m ve Orman Bakan\u0131 \u0130brahim Yumakl\u0131, Orman Genel M\u00fcd\u00fcrl\u00fc\u011f\u00fc Yang\u0131n Y\u00f6netim Merkezi&#8217;nde, orman yang\u0131nlar\u0131na ili\u015fkin son durumu payla\u015ft\u0131. Son 1 haftan\u0131n orman yang\u0131nlar\u0131yla m\u00fccadelede \u00e7ok yo\u011fun ge\u00e7ti\u011fini belirten Yumakl\u0131, bu y\u0131l\u0131n 6 ay\u0131nda 1305&#8217;i ormanl\u0131k alanda, 1739&#8217;u da orman d\u0131\u015f\u0131nda olmak \u00fczere toplam 3 bin 44 yang\u0131n \u00e7\u0131kt\u0131\u011f\u0131 bilgisini verdi. Yumakl\u0131, bu yang\u0131nlarla Cumhuriyet tarihinin en b\u00fcy\u00fck kara ve hava filosu, deneyimli 25 bin personelle m\u00fccadele ettiklerini ifade ederek, &#8220;Hava ara\u00e7lar\u0131m\u0131z yaz ba\u015f\u0131ndan bu yana 16 bin 35 sorti yapt\u0131lar ve sadece havadan 52 bin ton su at\u0131ld\u0131. Yakla\u015f\u0131k 3 bin 44 yang\u0131ndan 624&#8217;\u00fc sadece son 1 haftada \u00e7\u0131kt\u0131. Yani neredeyse 5&#8217;te 1&#8217;i son 1 haftada \u00e7\u0131kt\u0131.&#8221; dedi. Son 1 haftada \u0130zmir&#8217;de, Sakarya&#8217;da, Hatay&#8217;da, Bilecik&#8217;te, Manisa&#8217;da, \u0130stanbul&#8217;da ve Bursa&#8217;da \u00e7ok ciddi boyutlara ula\u015fan yang\u0131nlarla m\u00fccadele ettiklerine i\u015faret eden Tar\u0131m ve Orman Bakan\u0131 Yumakl\u0131, &#8220;Bu illerde 20 b\u00fcy\u00fck yang\u0131ndan, her biri haf\u0131zalara kaz\u0131nan 2021 yang\u0131nlar\u0131 potansiyelini g\u00f6rd\u00fck. Dolay\u0131s\u0131yla Cumhuriyet tarihinin en iyi hava ve kara filosu ve personeliyle m\u00fcdahalelerimizle bu zorlu s\u00fcre\u00e7te \u00e7ok iyi sonu\u00e7lar &hellip;\" \/>\n<meta property=\"og:url\" content=\"https:\/\/denizcankizil.tr\/en\/haberler\/gundem\/son-1-haftada-624-orman-yangini\/\" \/>\n<meta property=\"og:site_name\" content=\"Av. Deniz Can K\u0131z\u0131l\" \/>\n<meta property=\"article:published_time\" content=\"2025-07-05T07:42:37+00:00\" \/>\n<meta name=\"author\" content=\"admin\" \/>\n<meta name=\"twitter:card\" content=\"summary_large_image\" \/>\n<meta name=\"twitter:label1\" content=\"Written by\" \/>\n\t<meta name=\"twitter:data1\" content=\"admin\" \/>\n\t<meta name=\"twitter:label2\" content=\"Estimated reading time\" \/>\n\t<meta name=\"twitter:data2\" content=\"8 minutes\" \/>\n<script type=\"application\/ld+json\" class=\"yoast-schema-graph\">{\"@context\":\"https:\/\/schema.org\",\"@graph\":[{\"@type\":\"Article\",\"@id\":\"https:\/\/denizcankizil.tr\/de\/haberler\/gundem\/son-1-haftada-624-orman-yangini\/#article\",\"isPartOf\":{\"@id\":\"https:\/\/denizcankizil.tr\/de\/haberler\/gundem\/son-1-haftada-624-orman-yangini\/\"},\"author\":{\"name\":\"admin\",\"@id\":\"https:\/\/denizcankizil.tr\/de\/#\/schema\/person\/be3c05fe6a12686905512445d8185489\"},\"headline\":\"Son 1 haftada 624 orman yang\u0131n\u0131\",\"datePublished\":\"2025-07-05T07:42:37+00:00\",\"mainEntityOfPage\":{\"@id\":\"https:\/\/denizcankizil.tr\/de\/haberler\/gundem\/son-1-haftada-624-orman-yangini\/\"},\"wordCount\":1729,\"publisher\":{\"@id\":\"https:\/\/denizcankizil.tr\/de\/#organization\"},\"articleSection\":[\"G\u00fcndem\"],\"inLanguage\":\"en-GB\"},{\"@type\":\"WebPage\",\"@id\":\"https:\/\/denizcankizil.tr\/de\/haberler\/gundem\/son-1-haftada-624-orman-yangini\/\",\"url\":\"https:\/\/denizcankizil.tr\/de\/haberler\/gundem\/son-1-haftada-624-orman-yangini\/\",\"name\":\"Son 1 haftada 624 orman yang\u0131n\u0131 - Av. Deniz Can K\u0131z\u0131l\",\"isPartOf\":{\"@id\":\"https:\/\/denizcankizil.tr\/de\/#website\"},\"datePublished\":\"2025-07-05T07:42:37+00:00\",\"breadcrumb\":{\"@id\":\"https:\/\/denizcankizil.tr\/de\/haberler\/gundem\/son-1-haftada-624-orman-yangini\/#breadcrumb\"},\"inLanguage\":\"en-GB\",\"potentialAction\":[{\"@type\":\"ReadAction\",\"target\":[\"https:\/\/denizcankizil.tr\/de\/haberler\/gundem\/son-1-haftada-624-orman-yangini\/\"]}]},{\"@type\":\"BreadcrumbList\",\"@id\":\"https:\/\/denizcankizil.tr\/de\/haberler\/gundem\/son-1-haftada-624-orman-yangini\/#breadcrumb\",\"itemListElement\":[{\"@type\":\"ListItem\",\"position\":1,\"name\":\"Home\",\"item\":\"https:\/\/denizcankizil.tr\/de\/\"},{\"@type\":\"ListItem\",\"position\":2,\"name\":\"Son 1 haftada 624 orman yang\u0131n\u0131\"}]},{\"@type\":\"WebSite\",\"@id\":\"https:\/\/denizcankizil.tr\/de\/#website\",\"url\":\"https:\/\/denizcankizil.tr\/de\/\",\"name\":\"Av. Deniz Can K\u0131z\u0131l\",\"description\":\"Avukat Deniz Can K\u0131z\u0131l Antalya Barosu\",\"publisher\":{\"@id\":\"https:\/\/denizcankizil.tr\/de\/#organization\"},\"potentialAction\":[{\"@type\":\"SearchAction\",\"target\":{\"@type\":\"EntryPoint\",\"urlTemplate\":\"https:\/\/denizcankizil.tr\/de\/?s={search_term_string}\"},\"query-input\":{\"@type\":\"PropertyValueSpecification\",\"valueRequired\":true,\"valueName\":\"search_term_string\"}}],\"inLanguage\":\"en-GB\"},{\"@type\":\"Organization\",\"@id\":\"https:\/\/denizcankizil.tr\/de\/#organization\",\"name\":\"Av. Deniz Can K\u0131z\u0131l\",\"url\":\"https:\/\/denizcankizil.tr\/de\/\",\"logo\":{\"@type\":\"ImageObject\",\"inLanguage\":\"en-GB\",\"@id\":\"https:\/\/denizcankizil.tr\/de\/#\/schema\/logo\/image\/\",\"url\":\"http:\/\/denizcankizil.tr\/wp-content\/uploads\/2024\/10\/siyah-logo-svg.svg\",\"contentUrl\":\"http:\/\/denizcankizil.tr\/wp-content\/uploads\/2024\/10\/siyah-logo-svg.svg\",\"width\":1080,\"height\":1080,\"caption\":\"Av. Deniz Can K\u0131z\u0131l\"},\"image\":{\"@id\":\"https:\/\/denizcankizil.tr\/de\/#\/schema\/logo\/image\/\"}},{\"@type\":\"Person\",\"@id\":\"https:\/\/denizcankizil.tr\/de\/#\/schema\/person\/be3c05fe6a12686905512445d8185489\",\"name\":\"admin\",\"image\":{\"@type\":\"ImageObject\",\"inLanguage\":\"en-GB\",\"@id\":\"https:\/\/denizcankizil.tr\/de\/#\/schema\/person\/image\/\",\"url\":\"https:\/\/secure.gravatar.com\/avatar\/c1fce94c830dc79107e174f890d7210541c4a63e8e5d816341794a2151c9d58c?s=96&d=mm&r=g\",\"contentUrl\":\"https:\/\/secure.gravatar.com\/avatar\/c1fce94c830dc79107e174f890d7210541c4a63e8e5d816341794a2151c9d58c?s=96&d=mm&r=g\",\"caption\":\"admin\"},\"sameAs\":[\"http:\/\/denizcankizil.tr\"],\"url\":\"https:\/\/www.iskenderun.org\/son-1-haftada-624-orman-yangini\"}]}<\/script>\n<!-- \/ Yoast SEO Premium plugin. -->","yoast_head_json":{"title":"Son 1 haftada 624 orman yang\u0131n\u0131 - Av. Deniz Can K\u0131z\u0131l","robots":{"index":"index","follow":"follow","max-snippet":"max-snippet:-1","max-image-preview":"max-image-preview:large","max-video-preview":"max-video-preview:-1"},"canonical":"https:\/\/denizcankizil.tr\/en\/haberler\/gundem\/son-1-haftada-624-orman-yangini\/","og_locale":"en_GB","og_type":"article","og_title":"Son 1 haftada 624 orman yang\u0131n\u0131","og_description":"Tar\u0131m ve Orman Bakan\u0131 \u0130brahim Yumakl\u0131, son 1 haftada 624 orman yang\u0131n\u0131ndan 621&#8217;inin kontrol alt\u0131na al\u0131nd\u0131\u011f\u0131n\u0131 a\u00e7\u0131klad\u0131. Yang\u0131nlarla m\u00fccadelede 25 bin personel g\u00f6rev yapt\u0131. \u0130zmir&#8217;deki yang\u0131n hala devam ediyor. Buca yang\u0131n\u0131na duyars\u0131zl\u0131k ele\u015ftirisi yap\u0131ld\u0131.ANKARA (\u0130GFA) &#8211; Tar\u0131m ve Orman Bakan\u0131 \u0130brahim Yumakl\u0131, Orman Genel M\u00fcd\u00fcrl\u00fc\u011f\u00fc Yang\u0131n Y\u00f6netim Merkezi&#8217;nde, orman yang\u0131nlar\u0131na ili\u015fkin son durumu payla\u015ft\u0131. Son 1 haftan\u0131n orman yang\u0131nlar\u0131yla m\u00fccadelede \u00e7ok yo\u011fun ge\u00e7ti\u011fini belirten Yumakl\u0131, bu y\u0131l\u0131n 6 ay\u0131nda 1305&#8217;i ormanl\u0131k alanda, 1739&#8217;u da orman d\u0131\u015f\u0131nda olmak \u00fczere toplam 3 bin 44 yang\u0131n \u00e7\u0131kt\u0131\u011f\u0131 bilgisini verdi. Yumakl\u0131, bu yang\u0131nlarla Cumhuriyet tarihinin en b\u00fcy\u00fck kara ve hava filosu, deneyimli 25 bin personelle m\u00fccadele ettiklerini ifade ederek, &#8220;Hava ara\u00e7lar\u0131m\u0131z yaz ba\u015f\u0131ndan bu yana 16 bin 35 sorti yapt\u0131lar ve sadece havadan 52 bin ton su at\u0131ld\u0131. Yakla\u015f\u0131k 3 bin 44 yang\u0131ndan 624&#8217;\u00fc sadece son 1 haftada \u00e7\u0131kt\u0131. Yani neredeyse 5&#8217;te 1&#8217;i son 1 haftada \u00e7\u0131kt\u0131.&#8221; dedi. Son 1 haftada \u0130zmir&#8217;de, Sakarya&#8217;da, Hatay&#8217;da, Bilecik&#8217;te, Manisa&#8217;da, \u0130stanbul&#8217;da ve Bursa&#8217;da \u00e7ok ciddi boyutlara ula\u015fan yang\u0131nlarla m\u00fccadele ettiklerine i\u015faret eden Tar\u0131m ve Orman Bakan\u0131 Yumakl\u0131, &#8220;Bu illerde 20 b\u00fcy\u00fck yang\u0131ndan, her biri haf\u0131zalara kaz\u0131nan 2021 yang\u0131nlar\u0131 potansiyelini g\u00f6rd\u00fck. Dolay\u0131s\u0131yla Cumhuriyet tarihinin en iyi hava ve kara filosu ve personeliyle m\u00fcdahalelerimizle bu zorlu s\u00fcre\u00e7te \u00e7ok iyi sonu\u00e7lar &hellip;","og_url":"https:\/\/denizcankizil.tr\/en\/haberler\/gundem\/son-1-haftada-624-orman-yangini\/","og_site_name":"Av. Deniz Can K\u0131z\u0131l","article_published_time":"2025-07-05T07:42:37+00:00","author":"admin","twitter_card":"summary_large_image","twitter_misc":{"Written by":"admin","Estimated reading time":"8 minutes"},"schema":{"@context":"https:\/\/schema.org","@graph":[{"@type":"Article","@id":"https:\/\/denizcankizil.tr\/de\/haberler\/gundem\/son-1-haftada-624-orman-yangini\/#article","isPartOf":{"@id":"https:\/\/denizcankizil.tr\/de\/haberler\/gundem\/son-1-haftada-624-orman-yangini\/"},"author":{"name":"admin","@id":"https:\/\/denizcankizil.tr\/de\/#\/schema\/person\/be3c05fe6a12686905512445d8185489"},"headline":"Son 1 haftada 624 orman yang\u0131n\u0131","datePublished":"2025-07-05T07:42:37+00:00","mainEntityOfPage":{"@id":"https:\/\/denizcankizil.tr\/de\/haberler\/gundem\/son-1-haftada-624-orman-yangini\/"},"wordCount":1729,"publisher":{"@id":"https:\/\/denizcankizil.tr\/de\/#organization"},"articleSection":["G\u00fcndem"],"inLanguage":"en-GB"},{"@type":"WebPage","@id":"https:\/\/denizcankizil.tr\/de\/haberler\/gundem\/son-1-haftada-624-orman-yangini\/","url":"https:\/\/denizcankizil.tr\/de\/haberler\/gundem\/son-1-haftada-624-orman-yangini\/","name":"Son 1 haftada 624 orman yang\u0131n\u0131 - Av. Deniz Can K\u0131z\u0131l","isPartOf":{"@id":"https:\/\/denizcankizil.tr\/de\/#website"},"datePublished":"2025-07-05T07:42:37+00:00","breadcrumb":{"@id":"https:\/\/denizcankizil.tr\/de\/haberler\/gundem\/son-1-haftada-624-orman-yangini\/#breadcrumb"},"inLanguage":"en-GB","potentialAction":[{"@type":"ReadAction","target":["https:\/\/denizcankizil.tr\/de\/haberler\/gundem\/son-1-haftada-624-orman-yangini\/"]}]},{"@type":"BreadcrumbList","@id":"https:\/\/denizcankizil.tr\/de\/haberler\/gundem\/son-1-haftada-624-orman-yangini\/#breadcrumb","itemListElement":[{"@type":"ListItem","position":1,"name":"Home","item":"https:\/\/denizcankizil.tr\/de\/"},{"@type":"ListItem","position":2,"name":"Son 1 haftada 624 orman yang\u0131n\u0131"}]},{"@type":"WebSite","@id":"https:\/\/denizcankizil.tr\/de\/#website","url":"https:\/\/denizcankizil.tr\/de\/","name":"Av. Deniz Can K\u0131z\u0131l","description":"Avukat Deniz Can K\u0131z\u0131l Antalya Barosu","publisher":{"@id":"https:\/\/denizcankizil.tr\/de\/#organization"},"potentialAction":[{"@type":"SearchAction","target":{"@type":"EntryPoint","urlTemplate":"https:\/\/denizcankizil.tr\/de\/?s={search_term_string}"},"query-input":{"@type":"PropertyValueSpecification","valueRequired":true,"valueName":"search_term_string"}}],"inLanguage":"en-GB"},{"@type":"Organization","@id":"https:\/\/denizcankizil.tr\/de\/#organization","name":"Av. Deniz Can K\u0131z\u0131l","url":"https:\/\/denizcankizil.tr\/de\/","logo":{"@type":"ImageObject","inLanguage":"en-GB","@id":"https:\/\/denizcankizil.tr\/de\/#\/schema\/logo\/image\/","url":"http:\/\/denizcankizil.tr\/wp-content\/uploads\/2024\/10\/siyah-logo-svg.svg","contentUrl":"http:\/\/denizcankizil.tr\/wp-content\/uploads\/2024\/10\/siyah-logo-svg.svg","width":1080,"height":1080,"caption":"Av. Deniz Can K\u0131z\u0131l"},"image":{"@id":"https:\/\/denizcankizil.tr\/de\/#\/schema\/logo\/image\/"}},{"@type":"Person","@id":"https:\/\/denizcankizil.tr\/de\/#\/schema\/person\/be3c05fe6a12686905512445d8185489","name":"admin","image":{"@type":"ImageObject","inLanguage":"en-GB","@id":"https:\/\/denizcankizil.tr\/de\/#\/schema\/person\/image\/","url":"https:\/\/secure.gravatar.com\/avatar\/c1fce94c830dc79107e174f890d7210541c4a63e8e5d816341794a2151c9d58c?s=96&d=mm&r=g","contentUrl":"https:\/\/secure.gravatar.com\/avatar\/c1fce94c830dc79107e174f890d7210541c4a63e8e5d816341794a2151c9d58c?s=96&d=mm&r=g","caption":"admin"},"sameAs":["http:\/\/denizcankizil.tr"],"url":"https:\/\/www.iskenderun.org\/son-1-haftada-624-orman-yangini"}]}},"_links":{"self":[{"href":"http:\/\/denizcankizil.tr\/en\/wp-json\/wp\/v2\/posts\/136633","targetHints":{"allow":["GET"]}}],"collection":[{"href":"http:\/\/denizcankizil.tr\/en\/wp-json\/wp\/v2\/posts"}],"about":[{"href":"http:\/\/denizcankizil.tr\/en\/wp-json\/wp\/v2\/types\/post"}],"author":[{"embeddable":true,"href":"http:\/\/denizcankizil.tr\/en\/wp-json\/wp\/v2\/users\/1"}],"replies":[{"embeddable":true,"href":"http:\/\/denizcankizil.tr\/en\/wp-json\/wp\/v2\/comments?post=136633"}],"version-history":[{"count":0,"href":"http:\/\/denizcankizil.tr\/en\/wp-json\/wp\/v2\/posts\/136633\/revisions"}],"wp:attachment":[{"href":"http:\/\/denizcankizil.tr\/en\/wp-json\/wp\/v2\/media?parent=136633"}],"wp:term":[{"taxonomy":"category","embeddable":true,"href":"http:\/\/denizcankizil.tr\/en\/wp-json\/wp\/v2\/categories?post=136633"},{"taxonomy":"post_tag","embeddable":true,"href":"http:\/\/denizcankizil.tr\/en\/wp-json\/wp\/v2\/tags?post=136633"}],"curies":[{"name":"wp","href":"https:\/\/api.w.org\/{rel}","templated":true}]}}