{"id":136632,"date":"2025-07-05T10:42:35","date_gmt":"2025-07-05T07:42:35","guid":{"rendered":"https:\/\/denizcankizil.tr\/uncategorized-tr\/adana-ve-adiyaman-belediye-baskanlari-gozaltina-alindi\/"},"modified":"2025-07-05T10:42:35","modified_gmt":"2025-07-05T07:42:35","slug":"adana-ve-adiyaman-belediye-baskanlari-gozaltina-alindi","status":"publish","type":"post","link":"http:\/\/denizcankizil.tr\/en\/haberler\/gundem\/adana-ve-adiyaman-belediye-baskanlari-gozaltina-alindi\/","title":{"rendered":"Adana ve Ad\u0131yaman belediye ba\u015fkanlar\u0131 g\u00f6zalt\u0131na al\u0131nd\u0131"},"content":{"rendered":"<p>Belediye y\u00f6nelik yolsuzluk operasyonlar\u0131 kapsam\u0131nda Adana B\u00fcy\u00fck\u015fehir Belediye Ba\u015fkan\u0131 Zeydan Karalar ve Ad\u0131yaman Belediye Ba\u015fkan\u0131 Abdurrahman Tutdere g\u00f6zalt\u0131na al\u0131nd\u0131.\u0130STANBUL (\u0130GFA) &#8211;  \u0130stanbul Cumhuriyet Ba\u015fsavc\u0131l\u0131\u011f\u0131 taraf\u0131ndan Aziz \u0130hsan Akta\u015f su\u00e7 \u00f6rg\u00fct\u00fc ile ilgili yap\u0131lan soru\u015fturma \u00e7er\u00e7evesinde Adana B\u00fcy\u00fck\u015fehir Belediye Ba\u015fkan\u0131 Zeydan Karalar ve Ad\u0131yaman Belediye Ba\u015fkan\u0131 Abdurrahman Tutdere g\u00f6zalt\u0131na al\u0131nd\u0131. Adana ve Ad\u0131yaman&#8217;da belediye \u00fcst d\u00fczey y\u00f6neticilerinden 8 ki\u015finin daha g\u00f6zalt\u0131na al\u0131nd\u0131\u011f\u0131 \u00f6\u011frenildi.<br \/>\nEmniyetin belediyelerde arama yapt\u0131\u011f\u0131, belediye ba\u015fkanlar\u0131 dahil g\u00f6zalt\u0131na al\u0131nan 10 ki\u015finin \u0130stanbul&#8217;a g\u00f6t\u00fcr\u00fcld\u00fc\u011f\u00fc \u00f6\u011frenildi.<\/p>\n<p>\u200bBelediye y\u00f6nelik yolsuzluk operasyonlar\u0131 kapsam\u0131nda Adana B\u00fcy\u00fck\u015fehir Belediye Ba\u015fkan\u0131 Zeydan Karalar ve Ad\u0131yaman Belediye Ba\u015fkan\u0131 Abdurrahman Tutdere g\u00f6zalt\u0131na al\u0131nd\u0131.\u0130STANBUL (\u0130GFA) &#8211;  \u0130stanbul Cumhuriyet Ba\u015fsavc\u0131l\u0131\u011f\u0131 taraf\u0131ndan Aziz \u0130hsan Akta\u015f su\u00e7 \u00f6rg\u00fct\u00fc ile ilgili yap\u0131lan soru\u015fturma \u00e7er\u00e7evesinde Adana B\u00fcy\u00fck\u015fehir Belediye Ba\u015fkan\u0131 Zeydan Karalar ve Ad\u0131yaman Belediye Ba\u015fkan\u0131 Abdurrahman Tutdere g\u00f6zalt\u0131na al\u0131nd\u0131. Adana ve Ad\u0131yaman&#8217;da belediye \u00fcst d\u00fczey y\u00f6neticilerinden 8 ki\u015finin daha g\u00f6zalt\u0131na al\u0131nd\u0131\u011f\u0131 \u00f6\u011frenildi.<br \/>\nEmniyetin belediyelerde arama yapt\u0131\u011f\u0131, belediye ba\u015fkanlar\u0131 dahil g\u00f6zalt\u0131na al\u0131nan 10 ki\u015finin \u0130stanbul&#8217;a g\u00f6t\u00fcr\u00fcld\u00fc\u011f\u00fc \u00f6\u011frenildi.\u00a0<\/p>\n<p>\u200bHaberin Al\u0131nt\u0131land\u0131\u011f\u0131 Kaynak: www.iskenderun.org<\/p>","protected":false},"excerpt":{"rendered":"<p>Belediye y\u00f6nelik yolsuzluk operasyonlar\u0131 kapsam\u0131nda Adana B\u00fcy\u00fck\u015fehir Belediye Ba\u015fkan\u0131 Zeydan Karalar ve Ad\u0131yaman Belediye Ba\u015fkan\u0131 Abdurrahman Tutdere g\u00f6zalt\u0131na al\u0131nd\u0131.\u0130STANBUL (\u0130GFA) &#8211; \u0130stanbul Cumhuriyet Ba\u015fsavc\u0131l\u0131\u011f\u0131 taraf\u0131ndan Aziz \u0130hsan Akta\u015f su\u00e7 \u00f6rg\u00fct\u00fc ile ilgili yap\u0131lan soru\u015fturma \u00e7er\u00e7evesinde Adana B\u00fcy\u00fck\u015fehir Belediye Ba\u015fkan\u0131 Zeydan Karalar ve Ad\u0131yaman Belediye Ba\u015fkan\u0131 Abdurrahman Tutdere g\u00f6zalt\u0131na al\u0131nd\u0131. Adana ve Ad\u0131yaman&#8217;da belediye \u00fcst d\u00fczey y\u00f6neticilerinden 8 ki\u015finin daha g\u00f6zalt\u0131na al\u0131nd\u0131\u011f\u0131 \u00f6\u011frenildi. Emniyetin belediyelerde arama yapt\u0131\u011f\u0131, belediye ba\u015fkanlar\u0131 dahil g\u00f6zalt\u0131na al\u0131nan 10 ki\u015finin \u0130stanbul&#8217;a g\u00f6t\u00fcr\u00fcld\u00fc\u011f\u00fc \u00f6\u011frenildi. \u200bBelediye y\u00f6nelik yolsuzluk operasyonlar\u0131 kapsam\u0131nda Adana B\u00fcy\u00fck\u015fehir Belediye Ba\u015fkan\u0131 Zeydan Karalar ve Ad\u0131yaman Belediye Ba\u015fkan\u0131 Abdurrahman Tutdere g\u00f6zalt\u0131na al\u0131nd\u0131.\u0130STANBUL (\u0130GFA) &#8211; \u0130stanbul Cumhuriyet Ba\u015fsavc\u0131l\u0131\u011f\u0131 taraf\u0131ndan Aziz \u0130hsan Akta\u015f su\u00e7 \u00f6rg\u00fct\u00fc ile ilgili yap\u0131lan soru\u015fturma \u00e7er\u00e7evesinde Adana B\u00fcy\u00fck\u015fehir Belediye Ba\u015fkan\u0131 Zeydan Karalar ve Ad\u0131yaman Belediye Ba\u015fkan\u0131 Abdurrahman Tutdere g\u00f6zalt\u0131na al\u0131nd\u0131. Adana ve Ad\u0131yaman&#8217;da belediye \u00fcst d\u00fczey y\u00f6neticilerinden 8 ki\u015finin daha g\u00f6zalt\u0131na al\u0131nd\u0131\u011f\u0131 \u00f6\u011frenildi. Emniyetin belediyelerde arama yapt\u0131\u011f\u0131, belediye ba\u015fkanlar\u0131 dahil g\u00f6zalt\u0131na al\u0131nan 10 ki\u015finin \u0130stanbul&#8217;a g\u00f6t\u00fcr\u00fcld\u00fc\u011f\u00fc \u00f6\u011frenildi.\u00a0 \u200bHaberin Al\u0131nt\u0131land\u0131\u011f\u0131 Kaynak: www.iskenderun.org<\/p>","protected":false},"author":1,"featured_media":0,"comment_status":"","ping_status":"open","sticky":false,"template":"","format":"standard","meta":{"_acf_changed":false,"footnotes":""},"categories":[24],"tags":[],"class_list":["post-136632","post","type-post","status-publish","format-standard","has-post-thumbnail","hentry","category-gundem"],"acf":[],"yoast_head":"<!-- This site is optimized with the Yoast SEO Premium plugin v26.6 (Yoast SEO v27.1.1) - https:\/\/yoast.com\/product\/yoast-seo-premium-wordpress\/ -->\n<title>Adana ve Ad\u0131yaman belediye ba\u015fkanlar\u0131 g\u00f6zalt\u0131na al\u0131nd\u0131 - Av. Deniz Can K\u0131z\u0131l<\/title>\n<meta name=\"robots\" content=\"index, follow, max-snippet:-1, max-image-preview:large, max-video-preview:-1\" \/>\n<link rel=\"canonical\" href=\"http:\/\/denizcankizil.tr\/en\/haberler\/gundem\/adana-ve-adiyaman-belediye-baskanlari-gozaltina-alindi\/\" \/>\n<meta property=\"og:locale\" content=\"en_GB\" \/>\n<meta property=\"og:type\" content=\"article\" \/>\n<meta property=\"og:title\" content=\"Adana ve Ad\u0131yaman belediye ba\u015fkanlar\u0131 g\u00f6zalt\u0131na al\u0131nd\u0131\" \/>\n<meta property=\"og:description\" content=\"Belediye y\u00f6nelik yolsuzluk operasyonlar\u0131 kapsam\u0131nda Adana B\u00fcy\u00fck\u015fehir Belediye Ba\u015fkan\u0131 Zeydan Karalar ve Ad\u0131yaman Belediye Ba\u015fkan\u0131 Abdurrahman Tutdere g\u00f6zalt\u0131na al\u0131nd\u0131.\u0130STANBUL (\u0130GFA) &#8211; \u0130stanbul Cumhuriyet Ba\u015fsavc\u0131l\u0131\u011f\u0131 taraf\u0131ndan Aziz \u0130hsan Akta\u015f su\u00e7 \u00f6rg\u00fct\u00fc ile ilgili yap\u0131lan soru\u015fturma \u00e7er\u00e7evesinde Adana B\u00fcy\u00fck\u015fehir Belediye Ba\u015fkan\u0131 Zeydan Karalar ve Ad\u0131yaman Belediye Ba\u015fkan\u0131 Abdurrahman Tutdere g\u00f6zalt\u0131na al\u0131nd\u0131. Adana ve Ad\u0131yaman&#8217;da belediye \u00fcst d\u00fczey y\u00f6neticilerinden 8 ki\u015finin daha g\u00f6zalt\u0131na al\u0131nd\u0131\u011f\u0131 \u00f6\u011frenildi. Emniyetin belediyelerde arama yapt\u0131\u011f\u0131, belediye ba\u015fkanlar\u0131 dahil g\u00f6zalt\u0131na al\u0131nan 10 ki\u015finin \u0130stanbul&#8217;a g\u00f6t\u00fcr\u00fcld\u00fc\u011f\u00fc \u00f6\u011frenildi. \u200bBelediye y\u00f6nelik yolsuzluk operasyonlar\u0131 kapsam\u0131nda Adana B\u00fcy\u00fck\u015fehir Belediye Ba\u015fkan\u0131 Zeydan Karalar ve Ad\u0131yaman Belediye Ba\u015fkan\u0131 Abdurrahman Tutdere g\u00f6zalt\u0131na al\u0131nd\u0131.\u0130STANBUL (\u0130GFA) &#8211; \u0130stanbul Cumhuriyet Ba\u015fsavc\u0131l\u0131\u011f\u0131 taraf\u0131ndan Aziz \u0130hsan Akta\u015f su\u00e7 \u00f6rg\u00fct\u00fc ile ilgili yap\u0131lan soru\u015fturma \u00e7er\u00e7evesinde Adana B\u00fcy\u00fck\u015fehir Belediye Ba\u015fkan\u0131 Zeydan Karalar ve Ad\u0131yaman Belediye Ba\u015fkan\u0131 Abdurrahman Tutdere g\u00f6zalt\u0131na al\u0131nd\u0131. Adana ve Ad\u0131yaman&#8217;da belediye \u00fcst d\u00fczey y\u00f6neticilerinden 8 ki\u015finin daha g\u00f6zalt\u0131na al\u0131nd\u0131\u011f\u0131 \u00f6\u011frenildi. Emniyetin belediyelerde arama yapt\u0131\u011f\u0131, belediye ba\u015fkanlar\u0131 dahil g\u00f6zalt\u0131na al\u0131nan 10 ki\u015finin \u0130stanbul&#8217;a g\u00f6t\u00fcr\u00fcld\u00fc\u011f\u00fc \u00f6\u011frenildi.\u00a0 \u200bHaberin Al\u0131nt\u0131land\u0131\u011f\u0131 Kaynak: www.iskenderun.org\" \/>\n<meta property=\"og:url\" content=\"http:\/\/denizcankizil.tr\/en\/haberler\/gundem\/adana-ve-adiyaman-belediye-baskanlari-gozaltina-alindi\/\" \/>\n<meta property=\"og:site_name\" content=\"Av. Deniz Can K\u0131z\u0131l\" \/>\n<meta property=\"article:published_time\" content=\"2025-07-05T07:42:35+00:00\" \/>\n<meta name=\"author\" content=\"admin\" \/>\n<meta name=\"twitter:card\" content=\"summary_large_image\" \/>\n<meta name=\"twitter:label1\" content=\"Written by\" \/>\n\t<meta name=\"twitter:data1\" content=\"admin\" \/>\n\t<meta name=\"twitter:label2\" content=\"Estimated reading time\" \/>\n\t<meta name=\"twitter:data2\" content=\"1 minute\" \/>\n<script type=\"application\/ld+json\" class=\"yoast-schema-graph\">{\"@context\":\"https:\/\/schema.org\",\"@graph\":[{\"@type\":\"Article\",\"@id\":\"http:\/\/denizcankizil.tr\/en\/haberler\/gundem\/adana-ve-adiyaman-belediye-baskanlari-gozaltina-alindi\/#article\",\"isPartOf\":{\"@id\":\"http:\/\/denizcankizil.tr\/en\/haberler\/gundem\/adana-ve-adiyaman-belediye-baskanlari-gozaltina-alindi\/\"},\"author\":{\"name\":\"admin\",\"@id\":\"https:\/\/denizcankizil.tr\/de\/#\/schema\/person\/be3c05fe6a12686905512445d8185489\"},\"headline\":\"Adana ve Ad\u0131yaman belediye ba\u015fkanlar\u0131 g\u00f6zalt\u0131na al\u0131nd\u0131\",\"datePublished\":\"2025-07-05T07:42:35+00:00\",\"mainEntityOfPage\":{\"@id\":\"http:\/\/denizcankizil.tr\/en\/haberler\/gundem\/adana-ve-adiyaman-belediye-baskanlari-gozaltina-alindi\/\"},\"wordCount\":258,\"publisher\":{\"@id\":\"https:\/\/denizcankizil.tr\/de\/#organization\"},\"articleSection\":[\"G\u00fcndem\"],\"inLanguage\":\"en-GB\"},{\"@type\":\"WebPage\",\"@id\":\"http:\/\/denizcankizil.tr\/en\/haberler\/gundem\/adana-ve-adiyaman-belediye-baskanlari-gozaltina-alindi\/\",\"url\":\"http:\/\/denizcankizil.tr\/en\/haberler\/gundem\/adana-ve-adiyaman-belediye-baskanlari-gozaltina-alindi\/\",\"name\":\"Adana ve Ad\u0131yaman belediye ba\u015fkanlar\u0131 g\u00f6zalt\u0131na al\u0131nd\u0131 - Av. Deniz Can K\u0131z\u0131l\",\"isPartOf\":{\"@id\":\"https:\/\/denizcankizil.tr\/de\/#website\"},\"datePublished\":\"2025-07-05T07:42:35+00:00\",\"breadcrumb\":{\"@id\":\"http:\/\/denizcankizil.tr\/en\/haberler\/gundem\/adana-ve-adiyaman-belediye-baskanlari-gozaltina-alindi\/#breadcrumb\"},\"inLanguage\":\"en-GB\",\"potentialAction\":[{\"@type\":\"ReadAction\",\"target\":[\"http:\/\/denizcankizil.tr\/en\/haberler\/gundem\/adana-ve-adiyaman-belediye-baskanlari-gozaltina-alindi\/\"]}]},{\"@type\":\"BreadcrumbList\",\"@id\":\"http:\/\/denizcankizil.tr\/en\/haberler\/gundem\/adana-ve-adiyaman-belediye-baskanlari-gozaltina-alindi\/#breadcrumb\",\"itemListElement\":[{\"@type\":\"ListItem\",\"position\":1,\"name\":\"Home\",\"item\":\"https:\/\/denizcankizil.tr\/de\/\"},{\"@type\":\"ListItem\",\"position\":2,\"name\":\"Adana ve Ad\u0131yaman belediye ba\u015fkanlar\u0131 g\u00f6zalt\u0131na al\u0131nd\u0131\"}]},{\"@type\":\"WebSite\",\"@id\":\"https:\/\/denizcankizil.tr\/de\/#website\",\"url\":\"https:\/\/denizcankizil.tr\/de\/\",\"name\":\"Av. Deniz Can K\u0131z\u0131l\",\"description\":\"Avukat Deniz Can K\u0131z\u0131l Antalya Barosu\",\"publisher\":{\"@id\":\"https:\/\/denizcankizil.tr\/de\/#organization\"},\"potentialAction\":[{\"@type\":\"SearchAction\",\"target\":{\"@type\":\"EntryPoint\",\"urlTemplate\":\"https:\/\/denizcankizil.tr\/de\/?s={search_term_string}\"},\"query-input\":{\"@type\":\"PropertyValueSpecification\",\"valueRequired\":true,\"valueName\":\"search_term_string\"}}],\"inLanguage\":\"en-GB\"},{\"@type\":\"Organization\",\"@id\":\"https:\/\/denizcankizil.tr\/de\/#organization\",\"name\":\"Av. Deniz Can K\u0131z\u0131l\",\"url\":\"https:\/\/denizcankizil.tr\/de\/\",\"logo\":{\"@type\":\"ImageObject\",\"inLanguage\":\"en-GB\",\"@id\":\"https:\/\/denizcankizil.tr\/de\/#\/schema\/logo\/image\/\",\"url\":\"http:\/\/denizcankizil.tr\/wp-content\/uploads\/2024\/10\/siyah-logo-svg.svg\",\"contentUrl\":\"http:\/\/denizcankizil.tr\/wp-content\/uploads\/2024\/10\/siyah-logo-svg.svg\",\"width\":1080,\"height\":1080,\"caption\":\"Av. Deniz Can K\u0131z\u0131l\"},\"image\":{\"@id\":\"https:\/\/denizcankizil.tr\/de\/#\/schema\/logo\/image\/\"}},{\"@type\":\"Person\",\"@id\":\"https:\/\/denizcankizil.tr\/de\/#\/schema\/person\/be3c05fe6a12686905512445d8185489\",\"name\":\"admin\",\"image\":{\"@type\":\"ImageObject\",\"inLanguage\":\"en-GB\",\"@id\":\"https:\/\/denizcankizil.tr\/de\/#\/schema\/person\/image\/\",\"url\":\"https:\/\/secure.gravatar.com\/avatar\/c1fce94c830dc79107e174f890d7210541c4a63e8e5d816341794a2151c9d58c?s=96&d=mm&r=g\",\"contentUrl\":\"https:\/\/secure.gravatar.com\/avatar\/c1fce94c830dc79107e174f890d7210541c4a63e8e5d816341794a2151c9d58c?s=96&d=mm&r=g\",\"caption\":\"admin\"},\"sameAs\":[\"http:\/\/denizcankizil.tr\"],\"url\":\"https:\/\/www.iskenderun.org\/adana-ve-adiyaman-belediye-baskanlari-gozaltina-alindi\"}]}<\/script>\n<!-- \/ Yoast SEO Premium plugin. -->","yoast_head_json":{"title":"Adana ve Ad\u0131yaman belediye ba\u015fkanlar\u0131 g\u00f6zalt\u0131na al\u0131nd\u0131 - Av. Deniz Can K\u0131z\u0131l","robots":{"index":"index","follow":"follow","max-snippet":"max-snippet:-1","max-image-preview":"max-image-preview:large","max-video-preview":"max-video-preview:-1"},"canonical":"http:\/\/denizcankizil.tr\/en\/haberler\/gundem\/adana-ve-adiyaman-belediye-baskanlari-gozaltina-alindi\/","og_locale":"en_GB","og_type":"article","og_title":"Adana ve Ad\u0131yaman belediye ba\u015fkanlar\u0131 g\u00f6zalt\u0131na al\u0131nd\u0131","og_description":"Belediye y\u00f6nelik yolsuzluk operasyonlar\u0131 kapsam\u0131nda Adana B\u00fcy\u00fck\u015fehir Belediye Ba\u015fkan\u0131 Zeydan Karalar ve Ad\u0131yaman Belediye Ba\u015fkan\u0131 Abdurrahman Tutdere g\u00f6zalt\u0131na al\u0131nd\u0131.\u0130STANBUL (\u0130GFA) &#8211; \u0130stanbul Cumhuriyet Ba\u015fsavc\u0131l\u0131\u011f\u0131 taraf\u0131ndan Aziz \u0130hsan Akta\u015f su\u00e7 \u00f6rg\u00fct\u00fc ile ilgili yap\u0131lan soru\u015fturma \u00e7er\u00e7evesinde Adana B\u00fcy\u00fck\u015fehir Belediye Ba\u015fkan\u0131 Zeydan Karalar ve Ad\u0131yaman Belediye Ba\u015fkan\u0131 Abdurrahman Tutdere g\u00f6zalt\u0131na al\u0131nd\u0131. Adana ve Ad\u0131yaman&#8217;da belediye \u00fcst d\u00fczey y\u00f6neticilerinden 8 ki\u015finin daha g\u00f6zalt\u0131na al\u0131nd\u0131\u011f\u0131 \u00f6\u011frenildi. Emniyetin belediyelerde arama yapt\u0131\u011f\u0131, belediye ba\u015fkanlar\u0131 dahil g\u00f6zalt\u0131na al\u0131nan 10 ki\u015finin \u0130stanbul&#8217;a g\u00f6t\u00fcr\u00fcld\u00fc\u011f\u00fc \u00f6\u011frenildi. \u200bBelediye y\u00f6nelik yolsuzluk operasyonlar\u0131 kapsam\u0131nda Adana B\u00fcy\u00fck\u015fehir Belediye Ba\u015fkan\u0131 Zeydan Karalar ve Ad\u0131yaman Belediye Ba\u015fkan\u0131 Abdurrahman Tutdere g\u00f6zalt\u0131na al\u0131nd\u0131.\u0130STANBUL (\u0130GFA) &#8211; \u0130stanbul Cumhuriyet Ba\u015fsavc\u0131l\u0131\u011f\u0131 taraf\u0131ndan Aziz \u0130hsan Akta\u015f su\u00e7 \u00f6rg\u00fct\u00fc ile ilgili yap\u0131lan soru\u015fturma \u00e7er\u00e7evesinde Adana B\u00fcy\u00fck\u015fehir Belediye Ba\u015fkan\u0131 Zeydan Karalar ve Ad\u0131yaman Belediye Ba\u015fkan\u0131 Abdurrahman Tutdere g\u00f6zalt\u0131na al\u0131nd\u0131. Adana ve Ad\u0131yaman&#8217;da belediye \u00fcst d\u00fczey y\u00f6neticilerinden 8 ki\u015finin daha g\u00f6zalt\u0131na al\u0131nd\u0131\u011f\u0131 \u00f6\u011frenildi. Emniyetin belediyelerde arama yapt\u0131\u011f\u0131, belediye ba\u015fkanlar\u0131 dahil g\u00f6zalt\u0131na al\u0131nan 10 ki\u015finin \u0130stanbul&#8217;a g\u00f6t\u00fcr\u00fcld\u00fc\u011f\u00fc \u00f6\u011frenildi.\u00a0 \u200bHaberin Al\u0131nt\u0131land\u0131\u011f\u0131 Kaynak: www.iskenderun.org","og_url":"http:\/\/denizcankizil.tr\/en\/haberler\/gundem\/adana-ve-adiyaman-belediye-baskanlari-gozaltina-alindi\/","og_site_name":"Av. Deniz Can K\u0131z\u0131l","article_published_time":"2025-07-05T07:42:35+00:00","author":"admin","twitter_card":"summary_large_image","twitter_misc":{"Written by":"admin","Estimated reading time":"1 minute"},"schema":{"@context":"https:\/\/schema.org","@graph":[{"@type":"Article","@id":"http:\/\/denizcankizil.tr\/en\/haberler\/gundem\/adana-ve-adiyaman-belediye-baskanlari-gozaltina-alindi\/#article","isPartOf":{"@id":"http:\/\/denizcankizil.tr\/en\/haberler\/gundem\/adana-ve-adiyaman-belediye-baskanlari-gozaltina-alindi\/"},"author":{"name":"admin","@id":"https:\/\/denizcankizil.tr\/de\/#\/schema\/person\/be3c05fe6a12686905512445d8185489"},"headline":"Adana ve Ad\u0131yaman belediye ba\u015fkanlar\u0131 g\u00f6zalt\u0131na al\u0131nd\u0131","datePublished":"2025-07-05T07:42:35+00:00","mainEntityOfPage":{"@id":"http:\/\/denizcankizil.tr\/en\/haberler\/gundem\/adana-ve-adiyaman-belediye-baskanlari-gozaltina-alindi\/"},"wordCount":258,"publisher":{"@id":"https:\/\/denizcankizil.tr\/de\/#organization"},"articleSection":["G\u00fcndem"],"inLanguage":"en-GB"},{"@type":"WebPage","@id":"http:\/\/denizcankizil.tr\/en\/haberler\/gundem\/adana-ve-adiyaman-belediye-baskanlari-gozaltina-alindi\/","url":"http:\/\/denizcankizil.tr\/en\/haberler\/gundem\/adana-ve-adiyaman-belediye-baskanlari-gozaltina-alindi\/","name":"Adana ve Ad\u0131yaman belediye ba\u015fkanlar\u0131 g\u00f6zalt\u0131na al\u0131nd\u0131 - Av. Deniz Can K\u0131z\u0131l","isPartOf":{"@id":"https:\/\/denizcankizil.tr\/de\/#website"},"datePublished":"2025-07-05T07:42:35+00:00","breadcrumb":{"@id":"http:\/\/denizcankizil.tr\/en\/haberler\/gundem\/adana-ve-adiyaman-belediye-baskanlari-gozaltina-alindi\/#breadcrumb"},"inLanguage":"en-GB","potentialAction":[{"@type":"ReadAction","target":["http:\/\/denizcankizil.tr\/en\/haberler\/gundem\/adana-ve-adiyaman-belediye-baskanlari-gozaltina-alindi\/"]}]},{"@type":"BreadcrumbList","@id":"http:\/\/denizcankizil.tr\/en\/haberler\/gundem\/adana-ve-adiyaman-belediye-baskanlari-gozaltina-alindi\/#breadcrumb","itemListElement":[{"@type":"ListItem","position":1,"name":"Home","item":"https:\/\/denizcankizil.tr\/de\/"},{"@type":"ListItem","position":2,"name":"Adana ve Ad\u0131yaman belediye ba\u015fkanlar\u0131 g\u00f6zalt\u0131na al\u0131nd\u0131"}]},{"@type":"WebSite","@id":"https:\/\/denizcankizil.tr\/de\/#website","url":"https:\/\/denizcankizil.tr\/de\/","name":"Av. Deniz Can K\u0131z\u0131l","description":"Avukat Deniz Can K\u0131z\u0131l Antalya Barosu","publisher":{"@id":"https:\/\/denizcankizil.tr\/de\/#organization"},"potentialAction":[{"@type":"SearchAction","target":{"@type":"EntryPoint","urlTemplate":"https:\/\/denizcankizil.tr\/de\/?s={search_term_string}"},"query-input":{"@type":"PropertyValueSpecification","valueRequired":true,"valueName":"search_term_string"}}],"inLanguage":"en-GB"},{"@type":"Organization","@id":"https:\/\/denizcankizil.tr\/de\/#organization","name":"Av. Deniz Can K\u0131z\u0131l","url":"https:\/\/denizcankizil.tr\/de\/","logo":{"@type":"ImageObject","inLanguage":"en-GB","@id":"https:\/\/denizcankizil.tr\/de\/#\/schema\/logo\/image\/","url":"http:\/\/denizcankizil.tr\/wp-content\/uploads\/2024\/10\/siyah-logo-svg.svg","contentUrl":"http:\/\/denizcankizil.tr\/wp-content\/uploads\/2024\/10\/siyah-logo-svg.svg","width":1080,"height":1080,"caption":"Av. Deniz Can K\u0131z\u0131l"},"image":{"@id":"https:\/\/denizcankizil.tr\/de\/#\/schema\/logo\/image\/"}},{"@type":"Person","@id":"https:\/\/denizcankizil.tr\/de\/#\/schema\/person\/be3c05fe6a12686905512445d8185489","name":"admin","image":{"@type":"ImageObject","inLanguage":"en-GB","@id":"https:\/\/denizcankizil.tr\/de\/#\/schema\/person\/image\/","url":"https:\/\/secure.gravatar.com\/avatar\/c1fce94c830dc79107e174f890d7210541c4a63e8e5d816341794a2151c9d58c?s=96&d=mm&r=g","contentUrl":"https:\/\/secure.gravatar.com\/avatar\/c1fce94c830dc79107e174f890d7210541c4a63e8e5d816341794a2151c9d58c?s=96&d=mm&r=g","caption":"admin"},"sameAs":["http:\/\/denizcankizil.tr"],"url":"https:\/\/www.iskenderun.org\/adana-ve-adiyaman-belediye-baskanlari-gozaltina-alindi"}]}},"_links":{"self":[{"href":"http:\/\/denizcankizil.tr\/en\/wp-json\/wp\/v2\/posts\/136632","targetHints":{"allow":["GET"]}}],"collection":[{"href":"http:\/\/denizcankizil.tr\/en\/wp-json\/wp\/v2\/posts"}],"about":[{"href":"http:\/\/denizcankizil.tr\/en\/wp-json\/wp\/v2\/types\/post"}],"author":[{"embeddable":true,"href":"http:\/\/denizcankizil.tr\/en\/wp-json\/wp\/v2\/users\/1"}],"replies":[{"embeddable":true,"href":"http:\/\/denizcankizil.tr\/en\/wp-json\/wp\/v2\/comments?post=136632"}],"version-history":[{"count":0,"href":"http:\/\/denizcankizil.tr\/en\/wp-json\/wp\/v2\/posts\/136632\/revisions"}],"wp:attachment":[{"href":"http:\/\/denizcankizil.tr\/en\/wp-json\/wp\/v2\/media?parent=136632"}],"wp:term":[{"taxonomy":"category","embeddable":true,"href":"http:\/\/denizcankizil.tr\/en\/wp-json\/wp\/v2\/categories?post=136632"},{"taxonomy":"post_tag","embeddable":true,"href":"http:\/\/denizcankizil.tr\/en\/wp-json\/wp\/v2\/tags?post=136632"}],"curies":[{"name":"wp","href":"https:\/\/api.w.org\/{rel}","templated":true}]}}