{"id":136591,"date":"2025-07-05T10:41:15","date_gmt":"2025-07-05T07:41:15","guid":{"rendered":"https:\/\/denizcankizil.tr\/uncategorized-tr\/antalyanin-isportacilari-kaldirim-yol-derken-simdide-yesil-alanlari-isgal-ediyor\/"},"modified":"2025-07-05T10:41:15","modified_gmt":"2025-07-05T07:41:15","slug":"antalyanin-isportacilari-kaldirim-yol-derken-simdide-yesil-alanlari-isgal-ediyor","status":"publish","type":"post","link":"http:\/\/denizcankizil.tr\/en\/haberler\/gundem\/antalyanin-isportacilari-kaldirim-yol-derken-simdide-yesil-alanlari-isgal-ediyor\/","title":{"rendered":"Antalya\u2019n\u0131n i\u015fportac\u0131lar\u0131 kald\u0131r\u0131m, yol derken \u015fimdide ye\u015fil alanlar\u0131 i\u015fgal ediyor!"},"content":{"rendered":"<p>Antalya\u2019n\u0131n Muratpa\u015fa il\u00e7esinde kurulan semt pazarlar\u0131nda kald\u0131r\u0131mda ba\u015flayan i\u015fportac\u0131 tezgahlar\u0131, yol ve ye\u015fil alan, parklar\u0131 ta\u015ft\u0131. Antalya B\u00fcy\u00fck\u015fehir ve Muratpa\u015fa Belediye zab\u0131ta ekipleri ya\u015fanan bu sorun kar\u015f\u0131s\u0131nda sessiz.<\/p>\n<p>YE\u015e\u0130L ALAN VE PARKLARIDA \u0130\u015eGAL ETT\u0130LER!<\/p>\n<p>Pazar alan\u0131n \u00e7evresinde sebze ve meyve gibi g\u0131da \u00fcr\u00fcnlerinin yan\u0131 s\u0131ra, giysi ve \u00e7e\u015fitli i\u015fporta mallar\u0131n\u0131n sat\u0131ld\u0131\u011f\u0131 tezgahlar, kald\u0131r\u0131mlar\u0131 tamamen i\u015fgal etmekle kalm\u0131yor, yollar\u0131n d\u0131\u015f\u0131nda \u015fimdide ye\u015fil alan ile parklarda g\u00f6r\u00fclmeye ba\u015fland\u0131. Yol kenar\u0131nda park edilen ara\u00e7lar da bu kaosa eklenince, al\u0131\u015fveri\u015f yapmak isteyen veya Pazar d\u00f6n\u00fc\u015f\u00fc y\u00fcr\u00fcyen vatanda\u015flar, durumdan \u015fikayet\u00e7i.<\/p>\n<p>YAYALARIN \u0130\u015ePOARTACI \u0130SYANI<\/p>\n<p>Pazara al\u0131\u015fveri\u015f yapmak i\u00e7in gelen vatanda\u015flar, y\u00fcr\u00fcrken s\u0131k\u0131\u015f\u0131kl\u0131k nedeniyle rahats\u0131zl\u0131k duyuyor. Yola ta\u015fan tezgahlar ve kald\u0131r\u0131mlar\u0131n i\u015fgal edilmesi, yayalar i\u00e7in \u00e7ileye d\u00f6n\u00fc\u015f\u00fcyor. Pazardan d\u00f6nen baz\u0131 vatanda\u015flar, \u201cBurada her hafta bu manzaray\u0131 g\u00f6rmek zorunda kal\u0131yoruz. \u015eimdi de yolun ortas\u0131na hatta ye\u015fil alanlar ve parklara kurulmu\u015flar. Zab\u0131ta g\u00f6rm\u00fcyor mu anlam\u0131yoruz\u201d \u015feklinde tepkilerini dile getiriyorlar.<\/p>\n<p>\u015eEHR\u0130N \u00d6NEML\u0130 B\u00d6L\u00dcM\u00dc BU MANZARAYA HAK\u0130M<\/p>\n<p>Y\u0131llard\u0131r ya\u015fanan bu sorun kar\u015f\u0131s\u0131nda ise yerel y\u00f6netimler gerekli ad\u0131mlar\u0131 bir t\u00fcrl\u00fc atamad\u0131. Muratpa\u015fa Camisinin yaya kald\u0131r\u0131m\u0131n\u0131 y\u0131llard\u0131r i\u015fgal eden i\u015fportac\u0131lar kar\u015f\u0131s\u0131nda zab\u0131ta ekiplerinin sessiz kalmas\u0131na vatanda\u015flar tepki g\u00f6steriyor. Antalya\u2019n\u0131n kalbinde devam eden i\u015fportac\u0131 sorununa bir t\u00fcrl\u00fc \u00e7\u00f6z\u00fcm bulunamad\u0131.<\/p>\n<p>\u200bAntalya\u2019n\u0131n merkez il\u00e7elerinden Muratpa\u015fa\u2019da kurulan semt pazar\u0131ndaki i\u015fportac\u0131lar, kald\u0131r\u0131m ve yollar\u0131n d\u0131\u015f\u0131nda \u015fimdide park ve ye\u015fil alanlarda kendilerini g\u00f6steriyor.\u00a0<\/p>\n<p>\u200bHaberin Al\u0131nt\u0131land\u0131\u011f\u0131 Kaynak: www.antalyakorfez.com<\/p>","protected":false},"excerpt":{"rendered":"<p>Antalya\u2019n\u0131n Muratpa\u015fa il\u00e7esinde kurulan semt pazarlar\u0131nda kald\u0131r\u0131mda ba\u015flayan i\u015fportac\u0131 tezgahlar\u0131, yol ve ye\u015fil alan, parklar\u0131 ta\u015ft\u0131. Antalya B\u00fcy\u00fck\u015fehir ve Muratpa\u015fa Belediye zab\u0131ta ekipleri ya\u015fanan bu sorun kar\u015f\u0131s\u0131nda sessiz. YE\u015e\u0130L ALAN VE PARKLARIDA \u0130\u015eGAL ETT\u0130LER! Pazar alan\u0131n \u00e7evresinde sebze ve meyve gibi g\u0131da \u00fcr\u00fcnlerinin yan\u0131 s\u0131ra, giysi ve \u00e7e\u015fitli i\u015fporta mallar\u0131n\u0131n sat\u0131ld\u0131\u011f\u0131 tezgahlar, kald\u0131r\u0131mlar\u0131 tamamen i\u015fgal etmekle kalm\u0131yor, yollar\u0131n d\u0131\u015f\u0131nda \u015fimdide ye\u015fil alan ile parklarda g\u00f6r\u00fclmeye ba\u015fland\u0131. Yol kenar\u0131nda park edilen ara\u00e7lar da bu kaosa eklenince, al\u0131\u015fveri\u015f yapmak isteyen veya Pazar d\u00f6n\u00fc\u015f\u00fc y\u00fcr\u00fcyen vatanda\u015flar, durumdan \u015fikayet\u00e7i. YAYALARIN \u0130\u015ePOARTACI \u0130SYANI Pazara al\u0131\u015fveri\u015f yapmak i\u00e7in gelen vatanda\u015flar, y\u00fcr\u00fcrken s\u0131k\u0131\u015f\u0131kl\u0131k nedeniyle rahats\u0131zl\u0131k duyuyor. Yola ta\u015fan tezgahlar ve kald\u0131r\u0131mlar\u0131n i\u015fgal edilmesi, yayalar i\u00e7in \u00e7ileye d\u00f6n\u00fc\u015f\u00fcyor. Pazardan d\u00f6nen baz\u0131 vatanda\u015flar, \u201cBurada her hafta bu manzaray\u0131 g\u00f6rmek zorunda kal\u0131yoruz. \u015eimdi de yolun ortas\u0131na hatta ye\u015fil alanlar ve parklara kurulmu\u015flar. Zab\u0131ta g\u00f6rm\u00fcyor mu anlam\u0131yoruz\u201d \u015feklinde tepkilerini dile getiriyorlar. \u015eEHR\u0130N \u00d6NEML\u0130 B\u00d6L\u00dcM\u00dc BU MANZARAYA HAK\u0130M Y\u0131llard\u0131r ya\u015fanan bu sorun kar\u015f\u0131s\u0131nda ise yerel y\u00f6netimler gerekli ad\u0131mlar\u0131 bir t\u00fcrl\u00fc atamad\u0131. Muratpa\u015fa Camisinin yaya kald\u0131r\u0131m\u0131n\u0131 y\u0131llard\u0131r i\u015fgal eden i\u015fportac\u0131lar kar\u015f\u0131s\u0131nda zab\u0131ta ekiplerinin sessiz kalmas\u0131na vatanda\u015flar tepki g\u00f6steriyor. Antalya\u2019n\u0131n kalbinde devam eden i\u015fportac\u0131 sorununa bir t\u00fcrl\u00fc \u00e7\u00f6z\u00fcm bulunamad\u0131. \u200bAntalya\u2019n\u0131n merkez il\u00e7elerinden Muratpa\u015fa\u2019da kurulan semt pazar\u0131ndaki i\u015fportac\u0131lar, kald\u0131r\u0131m ve yollar\u0131n d\u0131\u015f\u0131nda \u015fimdide park ve &hellip;<\/p>","protected":false},"author":5,"featured_media":0,"comment_status":"","ping_status":"open","sticky":false,"template":"","format":"standard","meta":{"_acf_changed":false,"footnotes":""},"categories":[24],"tags":[],"class_list":["post-136591","post","type-post","status-publish","format-standard","has-post-thumbnail","hentry","category-gundem"],"acf":[],"yoast_head":"<!-- This site is optimized with the Yoast SEO Premium plugin v26.6 (Yoast SEO v27.1.1) - https:\/\/yoast.com\/product\/yoast-seo-premium-wordpress\/ -->\n<title>Antalya\u2019n\u0131n i\u015fportac\u0131lar\u0131 kald\u0131r\u0131m, yol derken \u015fimdide ye\u015fil alanlar\u0131 i\u015fgal ediyor! - Av. Deniz Can K\u0131z\u0131l<\/title>\n<meta name=\"robots\" content=\"index, follow, max-snippet:-1, max-image-preview:large, max-video-preview:-1\" \/>\n<link rel=\"canonical\" href=\"http:\/\/denizcankizil.tr\/en\/haberler\/gundem\/antalyanin-isportacilari-kaldirim-yol-derken-simdide-yesil-alanlari-isgal-ediyor\/\" \/>\n<meta property=\"og:locale\" content=\"en_GB\" \/>\n<meta property=\"og:type\" content=\"article\" \/>\n<meta property=\"og:title\" content=\"Antalya\u2019n\u0131n i\u015fportac\u0131lar\u0131 kald\u0131r\u0131m, yol derken \u015fimdide ye\u015fil alanlar\u0131 i\u015fgal ediyor!\" \/>\n<meta property=\"og:description\" content=\"Antalya\u2019n\u0131n Muratpa\u015fa il\u00e7esinde kurulan semt pazarlar\u0131nda kald\u0131r\u0131mda ba\u015flayan i\u015fportac\u0131 tezgahlar\u0131, yol ve ye\u015fil alan, parklar\u0131 ta\u015ft\u0131. Antalya B\u00fcy\u00fck\u015fehir ve Muratpa\u015fa Belediye zab\u0131ta ekipleri ya\u015fanan bu sorun kar\u015f\u0131s\u0131nda sessiz. YE\u015e\u0130L ALAN VE PARKLARIDA \u0130\u015eGAL ETT\u0130LER! Pazar alan\u0131n \u00e7evresinde sebze ve meyve gibi g\u0131da \u00fcr\u00fcnlerinin yan\u0131 s\u0131ra, giysi ve \u00e7e\u015fitli i\u015fporta mallar\u0131n\u0131n sat\u0131ld\u0131\u011f\u0131 tezgahlar, kald\u0131r\u0131mlar\u0131 tamamen i\u015fgal etmekle kalm\u0131yor, yollar\u0131n d\u0131\u015f\u0131nda \u015fimdide ye\u015fil alan ile parklarda g\u00f6r\u00fclmeye ba\u015fland\u0131. Yol kenar\u0131nda park edilen ara\u00e7lar da bu kaosa eklenince, al\u0131\u015fveri\u015f yapmak isteyen veya Pazar d\u00f6n\u00fc\u015f\u00fc y\u00fcr\u00fcyen vatanda\u015flar, durumdan \u015fikayet\u00e7i. YAYALARIN \u0130\u015ePOARTACI \u0130SYANI Pazara al\u0131\u015fveri\u015f yapmak i\u00e7in gelen vatanda\u015flar, y\u00fcr\u00fcrken s\u0131k\u0131\u015f\u0131kl\u0131k nedeniyle rahats\u0131zl\u0131k duyuyor. Yola ta\u015fan tezgahlar ve kald\u0131r\u0131mlar\u0131n i\u015fgal edilmesi, yayalar i\u00e7in \u00e7ileye d\u00f6n\u00fc\u015f\u00fcyor. Pazardan d\u00f6nen baz\u0131 vatanda\u015flar, \u201cBurada her hafta bu manzaray\u0131 g\u00f6rmek zorunda kal\u0131yoruz. \u015eimdi de yolun ortas\u0131na hatta ye\u015fil alanlar ve parklara kurulmu\u015flar. Zab\u0131ta g\u00f6rm\u00fcyor mu anlam\u0131yoruz\u201d \u015feklinde tepkilerini dile getiriyorlar. \u015eEHR\u0130N \u00d6NEML\u0130 B\u00d6L\u00dcM\u00dc BU MANZARAYA HAK\u0130M Y\u0131llard\u0131r ya\u015fanan bu sorun kar\u015f\u0131s\u0131nda ise yerel y\u00f6netimler gerekli ad\u0131mlar\u0131 bir t\u00fcrl\u00fc atamad\u0131. Muratpa\u015fa Camisinin yaya kald\u0131r\u0131m\u0131n\u0131 y\u0131llard\u0131r i\u015fgal eden i\u015fportac\u0131lar kar\u015f\u0131s\u0131nda zab\u0131ta ekiplerinin sessiz kalmas\u0131na vatanda\u015flar tepki g\u00f6steriyor. Antalya\u2019n\u0131n kalbinde devam eden i\u015fportac\u0131 sorununa bir t\u00fcrl\u00fc \u00e7\u00f6z\u00fcm bulunamad\u0131. \u200bAntalya\u2019n\u0131n merkez il\u00e7elerinden Muratpa\u015fa\u2019da kurulan semt pazar\u0131ndaki i\u015fportac\u0131lar, kald\u0131r\u0131m ve yollar\u0131n d\u0131\u015f\u0131nda \u015fimdide park ve &hellip;\" \/>\n<meta property=\"og:url\" content=\"http:\/\/denizcankizil.tr\/en\/haberler\/gundem\/antalyanin-isportacilari-kaldirim-yol-derken-simdide-yesil-alanlari-isgal-ediyor\/\" \/>\n<meta property=\"og:site_name\" content=\"Av. Deniz Can K\u0131z\u0131l\" \/>\n<meta property=\"article:published_time\" content=\"2025-07-05T07:41:15+00:00\" \/>\n<meta name=\"author\" content=\"Antalya K\u00f6rfez\" \/>\n<meta name=\"twitter:card\" content=\"summary_large_image\" \/>\n<meta name=\"twitter:label1\" content=\"Written by\" \/>\n\t<meta name=\"twitter:data1\" content=\"Antalya K\u00f6rfez\" \/>\n\t<meta name=\"twitter:label2\" content=\"Estimated reading time\" \/>\n\t<meta name=\"twitter:data2\" content=\"2 minutes\" \/>\n<script type=\"application\/ld+json\" class=\"yoast-schema-graph\">{\"@context\":\"https:\/\/schema.org\",\"@graph\":[{\"@type\":\"Article\",\"@id\":\"http:\/\/denizcankizil.tr\/en\/haberler\/gundem\/antalyanin-isportacilari-kaldirim-yol-derken-simdide-yesil-alanlari-isgal-ediyor\/#article\",\"isPartOf\":{\"@id\":\"http:\/\/denizcankizil.tr\/en\/haberler\/gundem\/antalyanin-isportacilari-kaldirim-yol-derken-simdide-yesil-alanlari-isgal-ediyor\/\"},\"author\":{\"name\":\"Antalya K\u00f6rfez\",\"@id\":\"https:\/\/denizcankizil.tr\/#\/schema\/person\/e1eb71bb4dd684d46563f0af307e1234\"},\"headline\":\"Antalya\u2019n\u0131n i\u015fportac\u0131lar\u0131 kald\u0131r\u0131m, yol derken \u015fimdide ye\u015fil alanlar\u0131 i\u015fgal ediyor!\",\"datePublished\":\"2025-07-05T07:41:15+00:00\",\"mainEntityOfPage\":{\"@id\":\"http:\/\/denizcankizil.tr\/en\/haberler\/gundem\/antalyanin-isportacilari-kaldirim-yol-derken-simdide-yesil-alanlari-isgal-ediyor\/\"},\"wordCount\":353,\"publisher\":{\"@id\":\"https:\/\/denizcankizil.tr\/#organization\"},\"articleSection\":[\"G\u00fcndem\"],\"inLanguage\":\"en-GB\"},{\"@type\":\"WebPage\",\"@id\":\"http:\/\/denizcankizil.tr\/en\/haberler\/gundem\/antalyanin-isportacilari-kaldirim-yol-derken-simdide-yesil-alanlari-isgal-ediyor\/\",\"url\":\"http:\/\/denizcankizil.tr\/en\/haberler\/gundem\/antalyanin-isportacilari-kaldirim-yol-derken-simdide-yesil-alanlari-isgal-ediyor\/\",\"name\":\"Antalya\u2019n\u0131n i\u015fportac\u0131lar\u0131 kald\u0131r\u0131m, yol derken \u015fimdide ye\u015fil alanlar\u0131 i\u015fgal ediyor! - Av. Deniz Can K\u0131z\u0131l\",\"isPartOf\":{\"@id\":\"https:\/\/denizcankizil.tr\/#website\"},\"datePublished\":\"2025-07-05T07:41:15+00:00\",\"breadcrumb\":{\"@id\":\"http:\/\/denizcankizil.tr\/en\/haberler\/gundem\/antalyanin-isportacilari-kaldirim-yol-derken-simdide-yesil-alanlari-isgal-ediyor\/#breadcrumb\"},\"inLanguage\":\"en-GB\",\"potentialAction\":[{\"@type\":\"ReadAction\",\"target\":[\"http:\/\/denizcankizil.tr\/en\/haberler\/gundem\/antalyanin-isportacilari-kaldirim-yol-derken-simdide-yesil-alanlari-isgal-ediyor\/\"]}]},{\"@type\":\"BreadcrumbList\",\"@id\":\"http:\/\/denizcankizil.tr\/en\/haberler\/gundem\/antalyanin-isportacilari-kaldirim-yol-derken-simdide-yesil-alanlari-isgal-ediyor\/#breadcrumb\",\"itemListElement\":[{\"@type\":\"ListItem\",\"position\":1,\"name\":\"Home\",\"item\":\"https:\/\/denizcankizil.tr\/de\/\"},{\"@type\":\"ListItem\",\"position\":2,\"name\":\"Antalya\u2019n\u0131n i\u015fportac\u0131lar\u0131 kald\u0131r\u0131m, yol derken \u015fimdide ye\u015fil alanlar\u0131 i\u015fgal ediyor!\"}]},{\"@type\":\"WebSite\",\"@id\":\"https:\/\/denizcankizil.tr\/#website\",\"url\":\"https:\/\/denizcankizil.tr\/\",\"name\":\"Av. Deniz Can K\u0131z\u0131l\",\"description\":\"Avukat Deniz Can K\u0131z\u0131l Antalya Barosu\",\"publisher\":{\"@id\":\"https:\/\/denizcankizil.tr\/#organization\"},\"potentialAction\":[{\"@type\":\"SearchAction\",\"target\":{\"@type\":\"EntryPoint\",\"urlTemplate\":\"https:\/\/denizcankizil.tr\/?s={search_term_string}\"},\"query-input\":{\"@type\":\"PropertyValueSpecification\",\"valueRequired\":true,\"valueName\":\"search_term_string\"}}],\"inLanguage\":\"en-GB\"},{\"@type\":\"Organization\",\"@id\":\"https:\/\/denizcankizil.tr\/#organization\",\"name\":\"Av. Deniz Can K\u0131z\u0131l\",\"url\":\"https:\/\/denizcankizil.tr\/\",\"logo\":{\"@type\":\"ImageObject\",\"inLanguage\":\"en-GB\",\"@id\":\"https:\/\/denizcankizil.tr\/#\/schema\/logo\/image\/\",\"url\":\"http:\/\/denizcankizil.tr\/wp-content\/uploads\/2024\/10\/siyah-logo-svg.svg\",\"contentUrl\":\"http:\/\/denizcankizil.tr\/wp-content\/uploads\/2024\/10\/siyah-logo-svg.svg\",\"width\":1080,\"height\":1080,\"caption\":\"Av. Deniz Can K\u0131z\u0131l\"},\"image\":{\"@id\":\"https:\/\/denizcankizil.tr\/#\/schema\/logo\/image\/\"}},{\"@type\":\"Person\",\"@id\":\"https:\/\/denizcankizil.tr\/#\/schema\/person\/e1eb71bb4dd684d46563f0af307e1234\",\"name\":\"Antalya K\u00f6rfez\",\"image\":{\"@type\":\"ImageObject\",\"inLanguage\":\"en-GB\",\"@id\":\"https:\/\/denizcankizil.tr\/#\/schema\/person\/image\/\",\"url\":\"https:\/\/secure.gravatar.com\/avatar\/42b01982558a48a0b501fdcab6a408d3717ea5919095ee2e67b0e521799c5905?s=96&d=mm&r=g\",\"contentUrl\":\"https:\/\/secure.gravatar.com\/avatar\/42b01982558a48a0b501fdcab6a408d3717ea5919095ee2e67b0e521799c5905?s=96&d=mm&r=g\",\"caption\":\"Antalya K\u00f6rfez\"},\"sameAs\":[\"http:\/\/www.antalyakorfez.com\"],\"url\":\"https:\/\/www.antalyakorfez.com\/antalyanin-isportacilari-kaldirim-yol-derken-simdide-yesil-alanlari-isgal-ediyor\"}]}<\/script>\n<!-- \/ Yoast SEO Premium plugin. -->","yoast_head_json":{"title":"Antalya\u2019n\u0131n i\u015fportac\u0131lar\u0131 kald\u0131r\u0131m, yol derken \u015fimdide ye\u015fil alanlar\u0131 i\u015fgal ediyor! - Av. Deniz Can K\u0131z\u0131l","robots":{"index":"index","follow":"follow","max-snippet":"max-snippet:-1","max-image-preview":"max-image-preview:large","max-video-preview":"max-video-preview:-1"},"canonical":"http:\/\/denizcankizil.tr\/en\/haberler\/gundem\/antalyanin-isportacilari-kaldirim-yol-derken-simdide-yesil-alanlari-isgal-ediyor\/","og_locale":"en_GB","og_type":"article","og_title":"Antalya\u2019n\u0131n i\u015fportac\u0131lar\u0131 kald\u0131r\u0131m, yol derken \u015fimdide ye\u015fil alanlar\u0131 i\u015fgal ediyor!","og_description":"Antalya\u2019n\u0131n Muratpa\u015fa il\u00e7esinde kurulan semt pazarlar\u0131nda kald\u0131r\u0131mda ba\u015flayan i\u015fportac\u0131 tezgahlar\u0131, yol ve ye\u015fil alan, parklar\u0131 ta\u015ft\u0131. Antalya B\u00fcy\u00fck\u015fehir ve Muratpa\u015fa Belediye zab\u0131ta ekipleri ya\u015fanan bu sorun kar\u015f\u0131s\u0131nda sessiz. YE\u015e\u0130L ALAN VE PARKLARIDA \u0130\u015eGAL ETT\u0130LER! Pazar alan\u0131n \u00e7evresinde sebze ve meyve gibi g\u0131da \u00fcr\u00fcnlerinin yan\u0131 s\u0131ra, giysi ve \u00e7e\u015fitli i\u015fporta mallar\u0131n\u0131n sat\u0131ld\u0131\u011f\u0131 tezgahlar, kald\u0131r\u0131mlar\u0131 tamamen i\u015fgal etmekle kalm\u0131yor, yollar\u0131n d\u0131\u015f\u0131nda \u015fimdide ye\u015fil alan ile parklarda g\u00f6r\u00fclmeye ba\u015fland\u0131. Yol kenar\u0131nda park edilen ara\u00e7lar da bu kaosa eklenince, al\u0131\u015fveri\u015f yapmak isteyen veya Pazar d\u00f6n\u00fc\u015f\u00fc y\u00fcr\u00fcyen vatanda\u015flar, durumdan \u015fikayet\u00e7i. YAYALARIN \u0130\u015ePOARTACI \u0130SYANI Pazara al\u0131\u015fveri\u015f yapmak i\u00e7in gelen vatanda\u015flar, y\u00fcr\u00fcrken s\u0131k\u0131\u015f\u0131kl\u0131k nedeniyle rahats\u0131zl\u0131k duyuyor. Yola ta\u015fan tezgahlar ve kald\u0131r\u0131mlar\u0131n i\u015fgal edilmesi, yayalar i\u00e7in \u00e7ileye d\u00f6n\u00fc\u015f\u00fcyor. Pazardan d\u00f6nen baz\u0131 vatanda\u015flar, \u201cBurada her hafta bu manzaray\u0131 g\u00f6rmek zorunda kal\u0131yoruz. \u015eimdi de yolun ortas\u0131na hatta ye\u015fil alanlar ve parklara kurulmu\u015flar. Zab\u0131ta g\u00f6rm\u00fcyor mu anlam\u0131yoruz\u201d \u015feklinde tepkilerini dile getiriyorlar. \u015eEHR\u0130N \u00d6NEML\u0130 B\u00d6L\u00dcM\u00dc BU MANZARAYA HAK\u0130M Y\u0131llard\u0131r ya\u015fanan bu sorun kar\u015f\u0131s\u0131nda ise yerel y\u00f6netimler gerekli ad\u0131mlar\u0131 bir t\u00fcrl\u00fc atamad\u0131. Muratpa\u015fa Camisinin yaya kald\u0131r\u0131m\u0131n\u0131 y\u0131llard\u0131r i\u015fgal eden i\u015fportac\u0131lar kar\u015f\u0131s\u0131nda zab\u0131ta ekiplerinin sessiz kalmas\u0131na vatanda\u015flar tepki g\u00f6steriyor. Antalya\u2019n\u0131n kalbinde devam eden i\u015fportac\u0131 sorununa bir t\u00fcrl\u00fc \u00e7\u00f6z\u00fcm bulunamad\u0131. \u200bAntalya\u2019n\u0131n merkez il\u00e7elerinden Muratpa\u015fa\u2019da kurulan semt pazar\u0131ndaki i\u015fportac\u0131lar, kald\u0131r\u0131m ve yollar\u0131n d\u0131\u015f\u0131nda \u015fimdide park ve &hellip;","og_url":"http:\/\/denizcankizil.tr\/en\/haberler\/gundem\/antalyanin-isportacilari-kaldirim-yol-derken-simdide-yesil-alanlari-isgal-ediyor\/","og_site_name":"Av. Deniz Can K\u0131z\u0131l","article_published_time":"2025-07-05T07:41:15+00:00","author":"Antalya K\u00f6rfez","twitter_card":"summary_large_image","twitter_misc":{"Written by":"Antalya K\u00f6rfez","Estimated reading time":"2 minutes"},"schema":{"@context":"https:\/\/schema.org","@graph":[{"@type":"Article","@id":"http:\/\/denizcankizil.tr\/en\/haberler\/gundem\/antalyanin-isportacilari-kaldirim-yol-derken-simdide-yesil-alanlari-isgal-ediyor\/#article","isPartOf":{"@id":"http:\/\/denizcankizil.tr\/en\/haberler\/gundem\/antalyanin-isportacilari-kaldirim-yol-derken-simdide-yesil-alanlari-isgal-ediyor\/"},"author":{"name":"Antalya K\u00f6rfez","@id":"https:\/\/denizcankizil.tr\/#\/schema\/person\/e1eb71bb4dd684d46563f0af307e1234"},"headline":"Antalya\u2019n\u0131n i\u015fportac\u0131lar\u0131 kald\u0131r\u0131m, yol derken \u015fimdide ye\u015fil alanlar\u0131 i\u015fgal ediyor!","datePublished":"2025-07-05T07:41:15+00:00","mainEntityOfPage":{"@id":"http:\/\/denizcankizil.tr\/en\/haberler\/gundem\/antalyanin-isportacilari-kaldirim-yol-derken-simdide-yesil-alanlari-isgal-ediyor\/"},"wordCount":353,"publisher":{"@id":"https:\/\/denizcankizil.tr\/#organization"},"articleSection":["G\u00fcndem"],"inLanguage":"en-GB"},{"@type":"WebPage","@id":"http:\/\/denizcankizil.tr\/en\/haberler\/gundem\/antalyanin-isportacilari-kaldirim-yol-derken-simdide-yesil-alanlari-isgal-ediyor\/","url":"http:\/\/denizcankizil.tr\/en\/haberler\/gundem\/antalyanin-isportacilari-kaldirim-yol-derken-simdide-yesil-alanlari-isgal-ediyor\/","name":"Antalya\u2019n\u0131n i\u015fportac\u0131lar\u0131 kald\u0131r\u0131m, yol derken \u015fimdide ye\u015fil alanlar\u0131 i\u015fgal ediyor! - Av. Deniz Can K\u0131z\u0131l","isPartOf":{"@id":"https:\/\/denizcankizil.tr\/#website"},"datePublished":"2025-07-05T07:41:15+00:00","breadcrumb":{"@id":"http:\/\/denizcankizil.tr\/en\/haberler\/gundem\/antalyanin-isportacilari-kaldirim-yol-derken-simdide-yesil-alanlari-isgal-ediyor\/#breadcrumb"},"inLanguage":"en-GB","potentialAction":[{"@type":"ReadAction","target":["http:\/\/denizcankizil.tr\/en\/haberler\/gundem\/antalyanin-isportacilari-kaldirim-yol-derken-simdide-yesil-alanlari-isgal-ediyor\/"]}]},{"@type":"BreadcrumbList","@id":"http:\/\/denizcankizil.tr\/en\/haberler\/gundem\/antalyanin-isportacilari-kaldirim-yol-derken-simdide-yesil-alanlari-isgal-ediyor\/#breadcrumb","itemListElement":[{"@type":"ListItem","position":1,"name":"Home","item":"https:\/\/denizcankizil.tr\/de\/"},{"@type":"ListItem","position":2,"name":"Antalya\u2019n\u0131n i\u015fportac\u0131lar\u0131 kald\u0131r\u0131m, yol derken \u015fimdide ye\u015fil alanlar\u0131 i\u015fgal ediyor!"}]},{"@type":"WebSite","@id":"https:\/\/denizcankizil.tr\/#website","url":"https:\/\/denizcankizil.tr\/","name":"Av. Deniz Can K\u0131z\u0131l","description":"Avukat Deniz Can K\u0131z\u0131l Antalya Barosu","publisher":{"@id":"https:\/\/denizcankizil.tr\/#organization"},"potentialAction":[{"@type":"SearchAction","target":{"@type":"EntryPoint","urlTemplate":"https:\/\/denizcankizil.tr\/?s={search_term_string}"},"query-input":{"@type":"PropertyValueSpecification","valueRequired":true,"valueName":"search_term_string"}}],"inLanguage":"en-GB"},{"@type":"Organization","@id":"https:\/\/denizcankizil.tr\/#organization","name":"Av. Deniz Can K\u0131z\u0131l","url":"https:\/\/denizcankizil.tr\/","logo":{"@type":"ImageObject","inLanguage":"en-GB","@id":"https:\/\/denizcankizil.tr\/#\/schema\/logo\/image\/","url":"http:\/\/denizcankizil.tr\/wp-content\/uploads\/2024\/10\/siyah-logo-svg.svg","contentUrl":"http:\/\/denizcankizil.tr\/wp-content\/uploads\/2024\/10\/siyah-logo-svg.svg","width":1080,"height":1080,"caption":"Av. Deniz Can K\u0131z\u0131l"},"image":{"@id":"https:\/\/denizcankizil.tr\/#\/schema\/logo\/image\/"}},{"@type":"Person","@id":"https:\/\/denizcankizil.tr\/#\/schema\/person\/e1eb71bb4dd684d46563f0af307e1234","name":"Antalya K\u00f6rfez","image":{"@type":"ImageObject","inLanguage":"en-GB","@id":"https:\/\/denizcankizil.tr\/#\/schema\/person\/image\/","url":"https:\/\/secure.gravatar.com\/avatar\/42b01982558a48a0b501fdcab6a408d3717ea5919095ee2e67b0e521799c5905?s=96&d=mm&r=g","contentUrl":"https:\/\/secure.gravatar.com\/avatar\/42b01982558a48a0b501fdcab6a408d3717ea5919095ee2e67b0e521799c5905?s=96&d=mm&r=g","caption":"Antalya K\u00f6rfez"},"sameAs":["http:\/\/www.antalyakorfez.com"],"url":"https:\/\/www.antalyakorfez.com\/antalyanin-isportacilari-kaldirim-yol-derken-simdide-yesil-alanlari-isgal-ediyor"}]}},"_links":{"self":[{"href":"http:\/\/denizcankizil.tr\/en\/wp-json\/wp\/v2\/posts\/136591","targetHints":{"allow":["GET"]}}],"collection":[{"href":"http:\/\/denizcankizil.tr\/en\/wp-json\/wp\/v2\/posts"}],"about":[{"href":"http:\/\/denizcankizil.tr\/en\/wp-json\/wp\/v2\/types\/post"}],"author":[{"embeddable":true,"href":"http:\/\/denizcankizil.tr\/en\/wp-json\/wp\/v2\/users\/5"}],"replies":[{"embeddable":true,"href":"http:\/\/denizcankizil.tr\/en\/wp-json\/wp\/v2\/comments?post=136591"}],"version-history":[{"count":0,"href":"http:\/\/denizcankizil.tr\/en\/wp-json\/wp\/v2\/posts\/136591\/revisions"}],"wp:attachment":[{"href":"http:\/\/denizcankizil.tr\/en\/wp-json\/wp\/v2\/media?parent=136591"}],"wp:term":[{"taxonomy":"category","embeddable":true,"href":"http:\/\/denizcankizil.tr\/en\/wp-json\/wp\/v2\/categories?post=136591"},{"taxonomy":"post_tag","embeddable":true,"href":"http:\/\/denizcankizil.tr\/en\/wp-json\/wp\/v2\/tags?post=136591"}],"curies":[{"name":"wp","href":"https:\/\/api.w.org\/{rel}","templated":true}]}}