{"id":136545,"date":"2025-07-05T08:42:32","date_gmt":"2025-07-05T05:42:32","guid":{"rendered":"https:\/\/denizcankizil.tr\/uncategorized-tr\/bilecikte-yangin-sonrasi-devlet-seferberligi-4-gunde-konteyner-kent-30-milyon-tl-odenek\/"},"modified":"2025-07-05T08:42:32","modified_gmt":"2025-07-05T05:42:32","slug":"bilecikte-yangin-sonrasi-devlet-seferberligi-4-gunde-konteyner-kent-30-milyon-tl-odenek","status":"publish","type":"post","link":"http:\/\/denizcankizil.tr\/en\/haberler\/gundem\/bilecikte-yangin-sonrasi-devlet-seferberligi-4-gunde-konteyner-kent-30-milyon-tl-odenek\/","title":{"rendered":"Bilecik\u2019te yang\u0131n sonras\u0131 devlet seferberli\u011fi&#8230; 4 g\u00fcnde konteyner kent, 30 milyon TL \u00f6denek"},"content":{"rendered":"<p>\u0130\u00e7i\u015fleri Bakan\u0131 Ali Yerlikaya, Bilecik\u2019in G\u00f6lpazar\u0131 ve Osmaneli il\u00e7elerindeki orman yang\u0131nlar\u0131n\u0131n ard\u0131ndan ba\u015flat\u0131lan \u00e7al\u0131\u015fmalar\u0131 yerinde inceledi. 26 aile i\u00e7in konteyner kentler kurulurken, b\u00f6lgeye 30 milyon TL acil yard\u0131m \u00f6dene\u011fi aktar\u0131ld\u0131\u011f\u0131n\u0131 belirten Bakan Yerlikaya, yang\u0131ndan etkilenen 16 aile i\u00e7in 4 g\u00fcnde altyap\u0131s\u0131yla haz\u0131r hale getirilen konteyner kentte yerle\u015fimlerin ba\u015flad\u0131\u011f\u0131n\u0131 duyurdu.B\u0130LEC\u0130K (\u0130GFA) &#8211; \u0130\u00e7i\u015fleri Bakan\u0131 Ali Yerlikaya, Tar\u0131m ve Orman Bakanl\u0131\u011f\u0131 koordinesinde s\u00fcrd\u00fcr\u00fclen orman yang\u0131nlar\u0131yla m\u00fccadele kapsam\u0131nda, Bilecik\u2019in G\u00f6lpazar\u0131 ve Osmaneli il\u00e7elerinde 28 Haziran 2025\u2019te \u00e7\u0131kan yang\u0131nlar\u0131n ard\u0131ndan b\u00f6lgede incelemelerde bulundu.<br \/>\nYang\u0131n felaketinin etkiledi\u011fi alanlar\u0131 denetleyen Bakan Yerlikaya, Osmaneli So\u011fcakp\u0131nar K\u00f6y\u00fc Ka\u015f\u0131k\u00e7\u0131 Ba\u011fl\u0131s\u0131\u2019nda kurulan konteyner kenti ziyaret ederek yang\u0131nzedelerle bir araya geldi. Bilecik Valisi Faik Oktay S\u00f6zer&#8217;in de haz\u0131r bulundu\u011fu incelemeler sonras\u0131nda bas\u0131n a\u00e7\u0131klamas\u0131 yapan Bakan Yerlikaya, yang\u0131nlar\u0131n kontrol alt\u0131na al\u0131nd\u0131\u011f\u0131 30 Haziran\u2019dan itibaren sadece 4 g\u00fcn i\u00e7inde, 3 Temmuz itibar\u0131yla Osmaneli Ka\u015f\u0131k\u00e7\u0131 Ba\u011fl\u0131s\u0131\u2019nda 16 aile, G\u00f6lpazar\u0131 K\u00f6pr\u00fccek\u2019te 10 aile i\u00e7in altyap\u0131s\u0131yla birlikte konteyner kentler kuruldu\u011funu belirtti.<\/p>\n<p><blockquote class=\"twitter-tweet\" data-width=\"550\" data-dnt=\"true\"><p lang=\"tr\" dir=\"ltr\">Bilecik&#39;te Afet Sonras\u0131 Y\u00fcr\u00fct\u00fclen \u00c7al\u0131\u015fmalarla \u0130lgili Bas\u0131n A\u00e7\u0131klamam\u0131z\u0131 Ger\u00e7ekle\u015ftiriyoruz.<br>\ud83d\udccd Bilecik <a href=\"https:\/\/twitter.com\/hashtag\/Canl%C4%B1Yay%C4%B1n?src=hash&amp;ref_src=twsrc%5Etfw\">#Canl\u0131Yay\u0131n<\/a><br>\ud83d\udce1\ud83c\udfa5<br> <a href=\"https:\/\/t.co\/A2MkBk0tgf\">https:\/\/t.co\/A2MkBk0tgf<\/a><\/p>&mdash; Ali Yerlikaya (@AliYerlikaya) <a href=\"https:\/\/twitter.com\/AliYerlikaya\/status\/1941176132243542037?ref_src=twsrc%5Etfw\">July 4, 2025<\/a><\/blockquote><script async src=\"https:\/\/platform.twitter.com\/widgets.js\" charset=\"utf-8\"><\/script><\/p>\n<p>AFAD taraf\u0131ndan 7 k\u00f6y ve 11 mahalleden 721 vatanda\u015f g\u00fcvenli b\u00f6lgelere tahliye edildi\u011finib elirten Bakan Yerlikaya, evlerinde hasar olmayanlar evlerine d\u00f6nerken, hasar g\u00f6renler i\u00e7in konteyner kentlere yerle\u015fimin ba\u015flad\u0131\u011f\u0131n\u0131 bildirdi.<br \/>\nHasar tespit \u00e7al\u0131\u015fmalar\u0131na g\u00f6re, yang\u0131nda 69 konut, 3 i\u015f yeri ve 27 ah\u0131r a\u011f\u0131r hasar g\u00f6rd\u00fc\u011f\u00fcn\u00fc, 360 hektar tar\u0131m alan\u0131 ve 772 tar\u0131m arac\u0131n\u0131n zarar g\u00f6rd\u00fc\u011f\u00fcn\u00fc belirten Bakan Yerlikaya, G\u00f6lpazar\u0131\u2019n\u0131n K\u00f6pr\u00fccek ve Tongurlar k\u00f6yleri ile Osmaneli\u2019nin So\u011fcakp\u0131nar K\u00f6y\u00fc ve ba\u011fl\u0131lar\u0131 \u201cGenel Hayata Etkili Afet B\u00f6lgesi\u201d ilan edildi\u011fini bildirdi.<\/p>\n<p>\u0130\u00e7i\u015fleri Bakanl\u0131\u011f\u0131&#8217;n\u0131n Bilecik\u2019e ilk etapta 30 milyon TL acil yard\u0131m \u00f6dene\u011fi aktard\u0131\u011f\u0131n\u0131 an\u0131msatan Bakan Yerlikaya, 60 haneye toplam 5 milyon 745 bin TL nakdi destek sa\u011flan\u0131rken, Aile ve Sosyal Hizmetler Bakanl\u0131\u011f\u0131 da 257 aileye 1 milyon 285 bin TL yard\u0131m ula\u015ft\u0131rd\u0131klar\u0131n\u0131 kaydetti.<br \/>\nYang\u0131ndan etkilenen vatanda\u015flara &#8216;ge\u00e7mi\u015f olsun&#8217; dileklerini ileten Bakan Yerlikaya, \u201cDevletimiz t\u00fcm kurumlar\u0131yla yang\u0131nzedelerin yan\u0131ndad\u0131r. Orman yang\u0131nlar\u0131yla m\u00fccadele eden t\u00fcm kurumlar\u0131m\u0131za, g\u00f6n\u00fcll\u00fclerimize ve sivil toplum kurulu\u015flar\u0131m\u0131za te\u015fekk\u00fcr ediyorum\u201d dedi.<\/p>\n<p>\u200b\u0130\u00e7i\u015fleri Bakan\u0131 Ali Yerlikaya, Bilecik\u2019in G\u00f6lpazar\u0131 ve Osmaneli il\u00e7elerindeki orman yang\u0131nlar\u0131n\u0131n ard\u0131ndan ba\u015flat\u0131lan \u00e7al\u0131\u015fmalar\u0131 yerinde inceledi. 26 aile i\u00e7in konteyner kentler kurulurken, b\u00f6lgeye 30 milyon TL acil yard\u0131m \u00f6dene\u011fi aktar\u0131ld\u0131\u011f\u0131n\u0131 belirten Bakan Yerlikaya, yang\u0131ndan etkilenen 16 aile i\u00e7in 4 g\u00fcnde altyap\u0131s\u0131yla haz\u0131r hale getirilen konteyner kentte yerle\u015fimlerin ba\u015flad\u0131\u011f\u0131n\u0131 duyurdu.B\u0130LEC\u0130K (\u0130GFA) &#8211; \u0130\u00e7i\u015fleri Bakan\u0131 Ali Yerlikaya, Tar\u0131m ve Orman Bakanl\u0131\u011f\u0131 koordinesinde s\u00fcrd\u00fcr\u00fclen orman yang\u0131nlar\u0131yla m\u00fccadele kapsam\u0131nda, Bilecik\u2019in G\u00f6lpazar\u0131 ve Osmaneli il\u00e7elerinde 28 Haziran 2025\u2019te \u00e7\u0131kan yang\u0131nlar\u0131n ard\u0131ndan b\u00f6lgede incelemelerde bulundu.<br \/>\nYang\u0131n felaketinin etkiledi\u011fi alanlar\u0131 denetleyen Bakan Yerlikaya, Osmaneli So\u011fcakp\u0131nar K\u00f6y\u00fc Ka\u015f\u0131k\u00e7\u0131 Ba\u011fl\u0131s\u0131\u2019nda kurulan konteyner kenti ziyaret ederek yang\u0131nzedelerle bir araya geldi. Bilecik Valisi Faik Oktay S\u00f6zer&#8217;in de haz\u0131r bulundu\u011fu incelemeler sonras\u0131nda bas\u0131n a\u00e7\u0131klamas\u0131 yapan Bakan Yerlikaya, yang\u0131nlar\u0131n kontrol alt\u0131na al\u0131nd\u0131\u011f\u0131 30 Haziran\u2019dan itibaren sadece 4 g\u00fcn i\u00e7inde, 3 Temmuz itibar\u0131yla Osmaneli Ka\u015f\u0131k\u00e7\u0131 Ba\u011fl\u0131s\u0131\u2019nda 16 aile, G\u00f6lpazar\u0131 K\u00f6pr\u00fccek\u2019te 10 aile i\u00e7in altyap\u0131s\u0131yla birlikte konteyner kentler kuruldu\u011funu belirtti.<\/p>\n<p><blockquote class=\"twitter-tweet\" data-width=\"550\" data-dnt=\"true\"><p lang=\"tr\" dir=\"ltr\">Bilecik&#39;te Afet Sonras\u0131 Y\u00fcr\u00fct\u00fclen \u00c7al\u0131\u015fmalarla \u0130lgili Bas\u0131n A\u00e7\u0131klamam\u0131z\u0131 Ger\u00e7ekle\u015ftiriyoruz.<br>\ud83d\udccd Bilecik <a href=\"https:\/\/twitter.com\/hashtag\/Canl%C4%B1Yay%C4%B1n?src=hash&amp;ref_src=twsrc%5Etfw\">#Canl\u0131Yay\u0131n<\/a><br>\ud83d\udce1\ud83c\udfa5<br> <a href=\"https:\/\/t.co\/A2MkBk0tgf\">https:\/\/t.co\/A2MkBk0tgf<\/a><\/p>&mdash; Ali Yerlikaya (@AliYerlikaya) <a href=\"https:\/\/twitter.com\/AliYerlikaya\/status\/1941176132243542037?ref_src=twsrc%5Etfw\">July 4, 2025<\/a><\/blockquote><script async src=\"https:\/\/platform.twitter.com\/widgets.js\" charset=\"utf-8\"><\/script><\/p>\n<p>AFAD taraf\u0131ndan 7 k\u00f6y ve 11 mahalleden 721 vatanda\u015f g\u00fcvenli b\u00f6lgelere tahliye edildi\u011finib elirten Bakan Yerlikaya, evlerinde hasar olmayanlar evlerine d\u00f6nerken, hasar g\u00f6renler i\u00e7in konteyner kentlere yerle\u015fimin ba\u015flad\u0131\u011f\u0131n\u0131 bildirdi.<br \/>\nHasar tespit \u00e7al\u0131\u015fmalar\u0131na g\u00f6re, yang\u0131nda 69 konut, 3 i\u015f yeri ve 27 ah\u0131r a\u011f\u0131r hasar g\u00f6rd\u00fc\u011f\u00fcn\u00fc, 360 hektar tar\u0131m alan\u0131 ve 772 tar\u0131m arac\u0131n\u0131n zarar g\u00f6rd\u00fc\u011f\u00fcn\u00fc belirten Bakan Yerlikaya, G\u00f6lpazar\u0131\u2019n\u0131n K\u00f6pr\u00fccek ve Tongurlar k\u00f6yleri ile Osmaneli\u2019nin So\u011fcakp\u0131nar K\u00f6y\u00fc ve ba\u011fl\u0131lar\u0131 \u201cGenel Hayata Etkili Afet B\u00f6lgesi\u201d ilan edildi\u011fini bildirdi.<\/p>\n<p>\u0130\u00e7i\u015fleri Bakanl\u0131\u011f\u0131&#8217;n\u0131n Bilecik\u2019e ilk etapta 30 milyon TL acil yard\u0131m \u00f6dene\u011fi aktard\u0131\u011f\u0131n\u0131 an\u0131msatan Bakan Yerlikaya, 60 haneye toplam 5 milyon 745 bin TL nakdi destek sa\u011flan\u0131rken, Aile ve Sosyal Hizmetler Bakanl\u0131\u011f\u0131 da 257 aileye 1 milyon 285 bin TL yard\u0131m ula\u015ft\u0131rd\u0131klar\u0131n\u0131 kaydetti.<br \/>\nYang\u0131ndan etkilenen vatanda\u015flara &#8216;ge\u00e7mi\u015f olsun&#8217; dileklerini ileten Bakan Yerlikaya, \u201cDevletimiz t\u00fcm kurumlar\u0131yla yang\u0131nzedelerin yan\u0131ndad\u0131r. Orman yang\u0131nlar\u0131yla m\u00fccadele eden t\u00fcm kurumlar\u0131m\u0131za, g\u00f6n\u00fcll\u00fclerimize ve sivil toplum kurulu\u015flar\u0131m\u0131za te\u015fekk\u00fcr ediyorum\u201d dedi.\u00a0<\/p>\n<p>\u200bHaberin Al\u0131nt\u0131land\u0131\u011f\u0131 Kaynak: www.iskenderun.org<\/p>","protected":false},"excerpt":{"rendered":"<p>\u0130\u00e7i\u015fleri Bakan\u0131 Ali Yerlikaya, Bilecik\u2019in G\u00f6lpazar\u0131 ve Osmaneli il\u00e7elerindeki orman yang\u0131nlar\u0131n\u0131n ard\u0131ndan ba\u015flat\u0131lan \u00e7al\u0131\u015fmalar\u0131 yerinde inceledi. 26 aile i\u00e7in konteyner kentler kurulurken, b\u00f6lgeye 30 milyon TL acil yard\u0131m \u00f6dene\u011fi aktar\u0131ld\u0131\u011f\u0131n\u0131 belirten Bakan Yerlikaya, yang\u0131ndan etkilenen 16 aile i\u00e7in 4 g\u00fcnde altyap\u0131s\u0131yla haz\u0131r hale getirilen konteyner kentte yerle\u015fimlerin ba\u015flad\u0131\u011f\u0131n\u0131 duyurdu.B\u0130LEC\u0130K (\u0130GFA) &#8211; \u0130\u00e7i\u015fleri Bakan\u0131 Ali Yerlikaya, Tar\u0131m ve Orman Bakanl\u0131\u011f\u0131 koordinesinde s\u00fcrd\u00fcr\u00fclen orman yang\u0131nlar\u0131yla m\u00fccadele kapsam\u0131nda, Bilecik\u2019in G\u00f6lpazar\u0131 ve Osmaneli il\u00e7elerinde 28 Haziran 2025\u2019te \u00e7\u0131kan yang\u0131nlar\u0131n ard\u0131ndan b\u00f6lgede incelemelerde bulundu. Yang\u0131n felaketinin etkiledi\u011fi alanlar\u0131 denetleyen Bakan Yerlikaya, Osmaneli So\u011fcakp\u0131nar K\u00f6y\u00fc Ka\u015f\u0131k\u00e7\u0131 Ba\u011fl\u0131s\u0131\u2019nda kurulan konteyner kenti ziyaret ederek yang\u0131nzedelerle bir araya geldi. Bilecik Valisi Faik Oktay S\u00f6zer&#8217;in de haz\u0131r bulundu\u011fu incelemeler sonras\u0131nda bas\u0131n a\u00e7\u0131klamas\u0131 yapan Bakan Yerlikaya, yang\u0131nlar\u0131n kontrol alt\u0131na al\u0131nd\u0131\u011f\u0131 30 Haziran\u2019dan itibaren sadece 4 g\u00fcn i\u00e7inde, 3 Temmuz itibar\u0131yla Osmaneli Ka\u015f\u0131k\u00e7\u0131 Ba\u011fl\u0131s\u0131\u2019nda 16 aile, G\u00f6lpazar\u0131 K\u00f6pr\u00fccek\u2019te 10 aile i\u00e7in altyap\u0131s\u0131yla birlikte konteyner kentler kuruldu\u011funu belirtti. Bilecik&#39;te Afet Sonras\u0131 Y\u00fcr\u00fct\u00fclen \u00c7al\u0131\u015fmalarla \u0130lgili Bas\u0131n A\u00e7\u0131klamam\u0131z\u0131 Ger\u00e7ekle\u015ftiriyoruz.\ud83d\udccd Bilecik #Canl\u0131Yay\u0131n\ud83d\udce1\ud83c\udfa5 https:\/\/t.co\/A2MkBk0tgf &mdash; Ali Yerlikaya (@AliYerlikaya) July 4, 2025 AFAD taraf\u0131ndan 7 k\u00f6y ve 11 mahalleden 721 vatanda\u015f g\u00fcvenli b\u00f6lgelere tahliye edildi\u011finib elirten Bakan Yerlikaya, evlerinde hasar olmayanlar evlerine d\u00f6nerken, hasar g\u00f6renler i\u00e7in konteyner kentlere yerle\u015fimin ba\u015flad\u0131\u011f\u0131n\u0131 bildirdi. Hasar tespit \u00e7al\u0131\u015fmalar\u0131na g\u00f6re, yang\u0131nda 69 konut, &hellip;<\/p>","protected":false},"author":1,"featured_media":0,"comment_status":"","ping_status":"open","sticky":false,"template":"","format":"standard","meta":{"_acf_changed":false,"footnotes":""},"categories":[24],"tags":[],"class_list":["post-136545","post","type-post","status-publish","format-standard","has-post-thumbnail","hentry","category-gundem"],"acf":[],"yoast_head":"<!-- This site is optimized with the Yoast SEO Premium plugin v26.6 (Yoast SEO v27.1.1) - https:\/\/yoast.com\/product\/yoast-seo-premium-wordpress\/ -->\n<title>Bilecik\u2019te yang\u0131n sonras\u0131 devlet seferberli\u011fi... 4 g\u00fcnde konteyner kent, 30 milyon TL \u00f6denek - Av. Deniz Can K\u0131z\u0131l<\/title>\n<meta name=\"robots\" content=\"index, follow, max-snippet:-1, max-image-preview:large, max-video-preview:-1\" \/>\n<link rel=\"canonical\" href=\"http:\/\/denizcankizil.tr\/en\/haberler\/gundem\/bilecikte-yangin-sonrasi-devlet-seferberligi-4-gunde-konteyner-kent-30-milyon-tl-odenek\/\" \/>\n<meta property=\"og:locale\" content=\"en_GB\" \/>\n<meta property=\"og:type\" content=\"article\" \/>\n<meta property=\"og:title\" content=\"Bilecik\u2019te yang\u0131n sonras\u0131 devlet seferberli\u011fi... 4 g\u00fcnde konteyner kent, 30 milyon TL \u00f6denek\" \/>\n<meta property=\"og:description\" content=\"\u0130\u00e7i\u015fleri Bakan\u0131 Ali Yerlikaya, Bilecik\u2019in G\u00f6lpazar\u0131 ve Osmaneli il\u00e7elerindeki orman yang\u0131nlar\u0131n\u0131n ard\u0131ndan ba\u015flat\u0131lan \u00e7al\u0131\u015fmalar\u0131 yerinde inceledi. 26 aile i\u00e7in konteyner kentler kurulurken, b\u00f6lgeye 30 milyon TL acil yard\u0131m \u00f6dene\u011fi aktar\u0131ld\u0131\u011f\u0131n\u0131 belirten Bakan Yerlikaya, yang\u0131ndan etkilenen 16 aile i\u00e7in 4 g\u00fcnde altyap\u0131s\u0131yla haz\u0131r hale getirilen konteyner kentte yerle\u015fimlerin ba\u015flad\u0131\u011f\u0131n\u0131 duyurdu.B\u0130LEC\u0130K (\u0130GFA) &#8211; \u0130\u00e7i\u015fleri Bakan\u0131 Ali Yerlikaya, Tar\u0131m ve Orman Bakanl\u0131\u011f\u0131 koordinesinde s\u00fcrd\u00fcr\u00fclen orman yang\u0131nlar\u0131yla m\u00fccadele kapsam\u0131nda, Bilecik\u2019in G\u00f6lpazar\u0131 ve Osmaneli il\u00e7elerinde 28 Haziran 2025\u2019te \u00e7\u0131kan yang\u0131nlar\u0131n ard\u0131ndan b\u00f6lgede incelemelerde bulundu. Yang\u0131n felaketinin etkiledi\u011fi alanlar\u0131 denetleyen Bakan Yerlikaya, Osmaneli So\u011fcakp\u0131nar K\u00f6y\u00fc Ka\u015f\u0131k\u00e7\u0131 Ba\u011fl\u0131s\u0131\u2019nda kurulan konteyner kenti ziyaret ederek yang\u0131nzedelerle bir araya geldi. Bilecik Valisi Faik Oktay S\u00f6zer&#8217;in de haz\u0131r bulundu\u011fu incelemeler sonras\u0131nda bas\u0131n a\u00e7\u0131klamas\u0131 yapan Bakan Yerlikaya, yang\u0131nlar\u0131n kontrol alt\u0131na al\u0131nd\u0131\u011f\u0131 30 Haziran\u2019dan itibaren sadece 4 g\u00fcn i\u00e7inde, 3 Temmuz itibar\u0131yla Osmaneli Ka\u015f\u0131k\u00e7\u0131 Ba\u011fl\u0131s\u0131\u2019nda 16 aile, G\u00f6lpazar\u0131 K\u00f6pr\u00fccek\u2019te 10 aile i\u00e7in altyap\u0131s\u0131yla birlikte konteyner kentler kuruldu\u011funu belirtti. Bilecik&#039;te Afet Sonras\u0131 Y\u00fcr\u00fct\u00fclen \u00c7al\u0131\u015fmalarla \u0130lgili Bas\u0131n A\u00e7\u0131klamam\u0131z\u0131 Ger\u00e7ekle\u015ftiriyoruz.\ud83d\udccd Bilecik #Canl\u0131Yay\u0131n\ud83d\udce1\ud83c\udfa5 https:\/\/t.co\/A2MkBk0tgf &mdash; Ali Yerlikaya (@AliYerlikaya) July 4, 2025 AFAD taraf\u0131ndan 7 k\u00f6y ve 11 mahalleden 721 vatanda\u015f g\u00fcvenli b\u00f6lgelere tahliye edildi\u011finib elirten Bakan Yerlikaya, evlerinde hasar olmayanlar evlerine d\u00f6nerken, hasar g\u00f6renler i\u00e7in konteyner kentlere yerle\u015fimin ba\u015flad\u0131\u011f\u0131n\u0131 bildirdi. Hasar tespit \u00e7al\u0131\u015fmalar\u0131na g\u00f6re, yang\u0131nda 69 konut, &hellip;\" \/>\n<meta property=\"og:url\" content=\"http:\/\/denizcankizil.tr\/en\/haberler\/gundem\/bilecikte-yangin-sonrasi-devlet-seferberligi-4-gunde-konteyner-kent-30-milyon-tl-odenek\/\" \/>\n<meta property=\"og:site_name\" content=\"Av. Deniz Can K\u0131z\u0131l\" \/>\n<meta property=\"article:published_time\" content=\"2025-07-05T05:42:32+00:00\" \/>\n<meta name=\"author\" content=\"admin\" \/>\n<meta name=\"twitter:card\" content=\"summary_large_image\" \/>\n<meta name=\"twitter:label1\" content=\"Written by\" \/>\n\t<meta name=\"twitter:data1\" content=\"admin\" \/>\n\t<meta name=\"twitter:label2\" content=\"Estimated reading time\" \/>\n\t<meta name=\"twitter:data2\" content=\"4 minutes\" \/>\n<script type=\"application\/ld+json\" class=\"yoast-schema-graph\">{\"@context\":\"https:\/\/schema.org\",\"@graph\":[{\"@type\":\"Article\",\"@id\":\"http:\/\/denizcankizil.tr\/en\/haberler\/gundem\/bilecikte-yangin-sonrasi-devlet-seferberligi-4-gunde-konteyner-kent-30-milyon-tl-odenek\/#article\",\"isPartOf\":{\"@id\":\"http:\/\/denizcankizil.tr\/en\/haberler\/gundem\/bilecikte-yangin-sonrasi-devlet-seferberligi-4-gunde-konteyner-kent-30-milyon-tl-odenek\/\"},\"author\":{\"name\":\"admin\",\"@id\":\"https:\/\/denizcankizil.tr\/de\/#\/schema\/person\/be3c05fe6a12686905512445d8185489\"},\"headline\":\"Bilecik\u2019te yang\u0131n sonras\u0131 devlet seferberli\u011fi&#8230; 4 g\u00fcnde konteyner kent, 30 milyon TL \u00f6denek\",\"datePublished\":\"2025-07-05T05:42:32+00:00\",\"mainEntityOfPage\":{\"@id\":\"http:\/\/denizcankizil.tr\/en\/haberler\/gundem\/bilecikte-yangin-sonrasi-devlet-seferberligi-4-gunde-konteyner-kent-30-milyon-tl-odenek\/\"},\"wordCount\":883,\"publisher\":{\"@id\":\"https:\/\/denizcankizil.tr\/de\/#organization\"},\"articleSection\":[\"G\u00fcndem\"],\"inLanguage\":\"en-GB\"},{\"@type\":\"WebPage\",\"@id\":\"http:\/\/denizcankizil.tr\/en\/haberler\/gundem\/bilecikte-yangin-sonrasi-devlet-seferberligi-4-gunde-konteyner-kent-30-milyon-tl-odenek\/\",\"url\":\"http:\/\/denizcankizil.tr\/en\/haberler\/gundem\/bilecikte-yangin-sonrasi-devlet-seferberligi-4-gunde-konteyner-kent-30-milyon-tl-odenek\/\",\"name\":\"Bilecik\u2019te yang\u0131n sonras\u0131 devlet seferberli\u011fi... 4 g\u00fcnde konteyner kent, 30 milyon TL \u00f6denek - Av. Deniz Can K\u0131z\u0131l\",\"isPartOf\":{\"@id\":\"https:\/\/denizcankizil.tr\/de\/#website\"},\"datePublished\":\"2025-07-05T05:42:32+00:00\",\"breadcrumb\":{\"@id\":\"http:\/\/denizcankizil.tr\/en\/haberler\/gundem\/bilecikte-yangin-sonrasi-devlet-seferberligi-4-gunde-konteyner-kent-30-milyon-tl-odenek\/#breadcrumb\"},\"inLanguage\":\"en-GB\",\"potentialAction\":[{\"@type\":\"ReadAction\",\"target\":[\"http:\/\/denizcankizil.tr\/en\/haberler\/gundem\/bilecikte-yangin-sonrasi-devlet-seferberligi-4-gunde-konteyner-kent-30-milyon-tl-odenek\/\"]}]},{\"@type\":\"BreadcrumbList\",\"@id\":\"http:\/\/denizcankizil.tr\/en\/haberler\/gundem\/bilecikte-yangin-sonrasi-devlet-seferberligi-4-gunde-konteyner-kent-30-milyon-tl-odenek\/#breadcrumb\",\"itemListElement\":[{\"@type\":\"ListItem\",\"position\":1,\"name\":\"Home\",\"item\":\"https:\/\/denizcankizil.tr\/de\/\"},{\"@type\":\"ListItem\",\"position\":2,\"name\":\"Bilecik\u2019te yang\u0131n sonras\u0131 devlet seferberli\u011fi&#8230; 4 g\u00fcnde konteyner kent, 30 milyon TL \u00f6denek\"}]},{\"@type\":\"WebSite\",\"@id\":\"https:\/\/denizcankizil.tr\/de\/#website\",\"url\":\"https:\/\/denizcankizil.tr\/de\/\",\"name\":\"Av. Deniz Can K\u0131z\u0131l\",\"description\":\"Avukat Deniz Can K\u0131z\u0131l Antalya Barosu\",\"publisher\":{\"@id\":\"https:\/\/denizcankizil.tr\/de\/#organization\"},\"potentialAction\":[{\"@type\":\"SearchAction\",\"target\":{\"@type\":\"EntryPoint\",\"urlTemplate\":\"https:\/\/denizcankizil.tr\/de\/?s={search_term_string}\"},\"query-input\":{\"@type\":\"PropertyValueSpecification\",\"valueRequired\":true,\"valueName\":\"search_term_string\"}}],\"inLanguage\":\"en-GB\"},{\"@type\":\"Organization\",\"@id\":\"https:\/\/denizcankizil.tr\/de\/#organization\",\"name\":\"Av. Deniz Can K\u0131z\u0131l\",\"url\":\"https:\/\/denizcankizil.tr\/de\/\",\"logo\":{\"@type\":\"ImageObject\",\"inLanguage\":\"en-GB\",\"@id\":\"https:\/\/denizcankizil.tr\/de\/#\/schema\/logo\/image\/\",\"url\":\"http:\/\/denizcankizil.tr\/wp-content\/uploads\/2024\/10\/siyah-logo-svg.svg\",\"contentUrl\":\"http:\/\/denizcankizil.tr\/wp-content\/uploads\/2024\/10\/siyah-logo-svg.svg\",\"width\":1080,\"height\":1080,\"caption\":\"Av. Deniz Can K\u0131z\u0131l\"},\"image\":{\"@id\":\"https:\/\/denizcankizil.tr\/de\/#\/schema\/logo\/image\/\"}},{\"@type\":\"Person\",\"@id\":\"https:\/\/denizcankizil.tr\/de\/#\/schema\/person\/be3c05fe6a12686905512445d8185489\",\"name\":\"admin\",\"image\":{\"@type\":\"ImageObject\",\"inLanguage\":\"en-GB\",\"@id\":\"https:\/\/denizcankizil.tr\/de\/#\/schema\/person\/image\/\",\"url\":\"https:\/\/secure.gravatar.com\/avatar\/c1fce94c830dc79107e174f890d7210541c4a63e8e5d816341794a2151c9d58c?s=96&d=mm&r=g\",\"contentUrl\":\"https:\/\/secure.gravatar.com\/avatar\/c1fce94c830dc79107e174f890d7210541c4a63e8e5d816341794a2151c9d58c?s=96&d=mm&r=g\",\"caption\":\"admin\"},\"sameAs\":[\"http:\/\/denizcankizil.tr\"],\"url\":\"https:\/\/www.iskenderun.org\/bilecikte-yangin-sonrasi-devlet-seferberligi-4-gunde-konteyner-kent-30-milyon-tl-odenek\"}]}<\/script>\n<!-- \/ Yoast SEO Premium plugin. -->","yoast_head_json":{"title":"Bilecik\u2019te yang\u0131n sonras\u0131 devlet seferberli\u011fi... 4 g\u00fcnde konteyner kent, 30 milyon TL \u00f6denek - Av. Deniz Can K\u0131z\u0131l","robots":{"index":"index","follow":"follow","max-snippet":"max-snippet:-1","max-image-preview":"max-image-preview:large","max-video-preview":"max-video-preview:-1"},"canonical":"http:\/\/denizcankizil.tr\/en\/haberler\/gundem\/bilecikte-yangin-sonrasi-devlet-seferberligi-4-gunde-konteyner-kent-30-milyon-tl-odenek\/","og_locale":"en_GB","og_type":"article","og_title":"Bilecik\u2019te yang\u0131n sonras\u0131 devlet seferberli\u011fi... 4 g\u00fcnde konteyner kent, 30 milyon TL \u00f6denek","og_description":"\u0130\u00e7i\u015fleri Bakan\u0131 Ali Yerlikaya, Bilecik\u2019in G\u00f6lpazar\u0131 ve Osmaneli il\u00e7elerindeki orman yang\u0131nlar\u0131n\u0131n ard\u0131ndan ba\u015flat\u0131lan \u00e7al\u0131\u015fmalar\u0131 yerinde inceledi. 26 aile i\u00e7in konteyner kentler kurulurken, b\u00f6lgeye 30 milyon TL acil yard\u0131m \u00f6dene\u011fi aktar\u0131ld\u0131\u011f\u0131n\u0131 belirten Bakan Yerlikaya, yang\u0131ndan etkilenen 16 aile i\u00e7in 4 g\u00fcnde altyap\u0131s\u0131yla haz\u0131r hale getirilen konteyner kentte yerle\u015fimlerin ba\u015flad\u0131\u011f\u0131n\u0131 duyurdu.B\u0130LEC\u0130K (\u0130GFA) &#8211; \u0130\u00e7i\u015fleri Bakan\u0131 Ali Yerlikaya, Tar\u0131m ve Orman Bakanl\u0131\u011f\u0131 koordinesinde s\u00fcrd\u00fcr\u00fclen orman yang\u0131nlar\u0131yla m\u00fccadele kapsam\u0131nda, Bilecik\u2019in G\u00f6lpazar\u0131 ve Osmaneli il\u00e7elerinde 28 Haziran 2025\u2019te \u00e7\u0131kan yang\u0131nlar\u0131n ard\u0131ndan b\u00f6lgede incelemelerde bulundu. Yang\u0131n felaketinin etkiledi\u011fi alanlar\u0131 denetleyen Bakan Yerlikaya, Osmaneli So\u011fcakp\u0131nar K\u00f6y\u00fc Ka\u015f\u0131k\u00e7\u0131 Ba\u011fl\u0131s\u0131\u2019nda kurulan konteyner kenti ziyaret ederek yang\u0131nzedelerle bir araya geldi. Bilecik Valisi Faik Oktay S\u00f6zer&#8217;in de haz\u0131r bulundu\u011fu incelemeler sonras\u0131nda bas\u0131n a\u00e7\u0131klamas\u0131 yapan Bakan Yerlikaya, yang\u0131nlar\u0131n kontrol alt\u0131na al\u0131nd\u0131\u011f\u0131 30 Haziran\u2019dan itibaren sadece 4 g\u00fcn i\u00e7inde, 3 Temmuz itibar\u0131yla Osmaneli Ka\u015f\u0131k\u00e7\u0131 Ba\u011fl\u0131s\u0131\u2019nda 16 aile, G\u00f6lpazar\u0131 K\u00f6pr\u00fccek\u2019te 10 aile i\u00e7in altyap\u0131s\u0131yla birlikte konteyner kentler kuruldu\u011funu belirtti. Bilecik&#39;te Afet Sonras\u0131 Y\u00fcr\u00fct\u00fclen \u00c7al\u0131\u015fmalarla \u0130lgili Bas\u0131n A\u00e7\u0131klamam\u0131z\u0131 Ger\u00e7ekle\u015ftiriyoruz.\ud83d\udccd Bilecik #Canl\u0131Yay\u0131n\ud83d\udce1\ud83c\udfa5 https:\/\/t.co\/A2MkBk0tgf &mdash; Ali Yerlikaya (@AliYerlikaya) July 4, 2025 AFAD taraf\u0131ndan 7 k\u00f6y ve 11 mahalleden 721 vatanda\u015f g\u00fcvenli b\u00f6lgelere tahliye edildi\u011finib elirten Bakan Yerlikaya, evlerinde hasar olmayanlar evlerine d\u00f6nerken, hasar g\u00f6renler i\u00e7in konteyner kentlere yerle\u015fimin ba\u015flad\u0131\u011f\u0131n\u0131 bildirdi. Hasar tespit \u00e7al\u0131\u015fmalar\u0131na g\u00f6re, yang\u0131nda 69 konut, &hellip;","og_url":"http:\/\/denizcankizil.tr\/en\/haberler\/gundem\/bilecikte-yangin-sonrasi-devlet-seferberligi-4-gunde-konteyner-kent-30-milyon-tl-odenek\/","og_site_name":"Av. Deniz Can K\u0131z\u0131l","article_published_time":"2025-07-05T05:42:32+00:00","author":"admin","twitter_card":"summary_large_image","twitter_misc":{"Written by":"admin","Estimated reading time":"4 minutes"},"schema":{"@context":"https:\/\/schema.org","@graph":[{"@type":"Article","@id":"http:\/\/denizcankizil.tr\/en\/haberler\/gundem\/bilecikte-yangin-sonrasi-devlet-seferberligi-4-gunde-konteyner-kent-30-milyon-tl-odenek\/#article","isPartOf":{"@id":"http:\/\/denizcankizil.tr\/en\/haberler\/gundem\/bilecikte-yangin-sonrasi-devlet-seferberligi-4-gunde-konteyner-kent-30-milyon-tl-odenek\/"},"author":{"name":"admin","@id":"https:\/\/denizcankizil.tr\/de\/#\/schema\/person\/be3c05fe6a12686905512445d8185489"},"headline":"Bilecik\u2019te yang\u0131n sonras\u0131 devlet seferberli\u011fi&#8230; 4 g\u00fcnde konteyner kent, 30 milyon TL \u00f6denek","datePublished":"2025-07-05T05:42:32+00:00","mainEntityOfPage":{"@id":"http:\/\/denizcankizil.tr\/en\/haberler\/gundem\/bilecikte-yangin-sonrasi-devlet-seferberligi-4-gunde-konteyner-kent-30-milyon-tl-odenek\/"},"wordCount":883,"publisher":{"@id":"https:\/\/denizcankizil.tr\/de\/#organization"},"articleSection":["G\u00fcndem"],"inLanguage":"en-GB"},{"@type":"WebPage","@id":"http:\/\/denizcankizil.tr\/en\/haberler\/gundem\/bilecikte-yangin-sonrasi-devlet-seferberligi-4-gunde-konteyner-kent-30-milyon-tl-odenek\/","url":"http:\/\/denizcankizil.tr\/en\/haberler\/gundem\/bilecikte-yangin-sonrasi-devlet-seferberligi-4-gunde-konteyner-kent-30-milyon-tl-odenek\/","name":"Bilecik\u2019te yang\u0131n sonras\u0131 devlet seferberli\u011fi... 4 g\u00fcnde konteyner kent, 30 milyon TL \u00f6denek - Av. Deniz Can K\u0131z\u0131l","isPartOf":{"@id":"https:\/\/denizcankizil.tr\/de\/#website"},"datePublished":"2025-07-05T05:42:32+00:00","breadcrumb":{"@id":"http:\/\/denizcankizil.tr\/en\/haberler\/gundem\/bilecikte-yangin-sonrasi-devlet-seferberligi-4-gunde-konteyner-kent-30-milyon-tl-odenek\/#breadcrumb"},"inLanguage":"en-GB","potentialAction":[{"@type":"ReadAction","target":["http:\/\/denizcankizil.tr\/en\/haberler\/gundem\/bilecikte-yangin-sonrasi-devlet-seferberligi-4-gunde-konteyner-kent-30-milyon-tl-odenek\/"]}]},{"@type":"BreadcrumbList","@id":"http:\/\/denizcankizil.tr\/en\/haberler\/gundem\/bilecikte-yangin-sonrasi-devlet-seferberligi-4-gunde-konteyner-kent-30-milyon-tl-odenek\/#breadcrumb","itemListElement":[{"@type":"ListItem","position":1,"name":"Home","item":"https:\/\/denizcankizil.tr\/de\/"},{"@type":"ListItem","position":2,"name":"Bilecik\u2019te yang\u0131n sonras\u0131 devlet seferberli\u011fi&#8230; 4 g\u00fcnde konteyner kent, 30 milyon TL \u00f6denek"}]},{"@type":"WebSite","@id":"https:\/\/denizcankizil.tr\/de\/#website","url":"https:\/\/denizcankizil.tr\/de\/","name":"Av. Deniz Can K\u0131z\u0131l","description":"Avukat Deniz Can K\u0131z\u0131l Antalya Barosu","publisher":{"@id":"https:\/\/denizcankizil.tr\/de\/#organization"},"potentialAction":[{"@type":"SearchAction","target":{"@type":"EntryPoint","urlTemplate":"https:\/\/denizcankizil.tr\/de\/?s={search_term_string}"},"query-input":{"@type":"PropertyValueSpecification","valueRequired":true,"valueName":"search_term_string"}}],"inLanguage":"en-GB"},{"@type":"Organization","@id":"https:\/\/denizcankizil.tr\/de\/#organization","name":"Av. Deniz Can K\u0131z\u0131l","url":"https:\/\/denizcankizil.tr\/de\/","logo":{"@type":"ImageObject","inLanguage":"en-GB","@id":"https:\/\/denizcankizil.tr\/de\/#\/schema\/logo\/image\/","url":"http:\/\/denizcankizil.tr\/wp-content\/uploads\/2024\/10\/siyah-logo-svg.svg","contentUrl":"http:\/\/denizcankizil.tr\/wp-content\/uploads\/2024\/10\/siyah-logo-svg.svg","width":1080,"height":1080,"caption":"Av. Deniz Can K\u0131z\u0131l"},"image":{"@id":"https:\/\/denizcankizil.tr\/de\/#\/schema\/logo\/image\/"}},{"@type":"Person","@id":"https:\/\/denizcankizil.tr\/de\/#\/schema\/person\/be3c05fe6a12686905512445d8185489","name":"admin","image":{"@type":"ImageObject","inLanguage":"en-GB","@id":"https:\/\/denizcankizil.tr\/de\/#\/schema\/person\/image\/","url":"https:\/\/secure.gravatar.com\/avatar\/c1fce94c830dc79107e174f890d7210541c4a63e8e5d816341794a2151c9d58c?s=96&d=mm&r=g","contentUrl":"https:\/\/secure.gravatar.com\/avatar\/c1fce94c830dc79107e174f890d7210541c4a63e8e5d816341794a2151c9d58c?s=96&d=mm&r=g","caption":"admin"},"sameAs":["http:\/\/denizcankizil.tr"],"url":"https:\/\/www.iskenderun.org\/bilecikte-yangin-sonrasi-devlet-seferberligi-4-gunde-konteyner-kent-30-milyon-tl-odenek"}]}},"_links":{"self":[{"href":"http:\/\/denizcankizil.tr\/en\/wp-json\/wp\/v2\/posts\/136545","targetHints":{"allow":["GET"]}}],"collection":[{"href":"http:\/\/denizcankizil.tr\/en\/wp-json\/wp\/v2\/posts"}],"about":[{"href":"http:\/\/denizcankizil.tr\/en\/wp-json\/wp\/v2\/types\/post"}],"author":[{"embeddable":true,"href":"http:\/\/denizcankizil.tr\/en\/wp-json\/wp\/v2\/users\/1"}],"replies":[{"embeddable":true,"href":"http:\/\/denizcankizil.tr\/en\/wp-json\/wp\/v2\/comments?post=136545"}],"version-history":[{"count":0,"href":"http:\/\/denizcankizil.tr\/en\/wp-json\/wp\/v2\/posts\/136545\/revisions"}],"wp:attachment":[{"href":"http:\/\/denizcankizil.tr\/en\/wp-json\/wp\/v2\/media?parent=136545"}],"wp:term":[{"taxonomy":"category","embeddable":true,"href":"http:\/\/denizcankizil.tr\/en\/wp-json\/wp\/v2\/categories?post=136545"},{"taxonomy":"post_tag","embeddable":true,"href":"http:\/\/denizcankizil.tr\/en\/wp-json\/wp\/v2\/tags?post=136545"}],"curies":[{"name":"wp","href":"https:\/\/api.w.org\/{rel}","templated":true}]}}