{"id":135876,"date":"2025-07-04T16:43:03","date_gmt":"2025-07-04T13:43:03","guid":{"rendered":"https:\/\/denizcankizil.tr\/uncategorized-tr\/5-temmuz-coskusu-felaketler-golgesinde-kaldi\/"},"modified":"2025-07-04T16:43:03","modified_gmt":"2025-07-04T13:43:03","slug":"5-temmuz-coskusu-felaketler-golgesinde-kaldi","status":"publish","type":"post","link":"http:\/\/denizcankizil.tr\/en\/haberler\/gundem\/5-temmuz-coskusu-felaketler-golgesinde-kaldi\/","title":{"rendered":"5 Temmuz Co\u015fkusu felaketler g\u00f6lgesinde kald\u0131\u2026"},"content":{"rendered":"<p>\u0130skenderun.org ekibi Misak-i milli s\u0131n\u0131rlar\u0131 d\u0131\u015f\u0131nda 20 y\u0131l esarette kalan 40 as\u0131rl\u0131k T\u00fcrk yurdunun, anavatana kat\u0131l\u0131\u015f\u0131nda \u00e7ok \u00f6nemli bir e\u015fik olan 5 Temmuz, T\u00fcrk Askerinin \u0130skenderun\u2019dan Hatay\u2019a giri\u015fi \u2018gurur g\u00fcn\u00fcn\u00fcn ne ifade etti\u011fini sokaktaki vatanda\u015flara sordu.<\/p>\n<p>Gurur g\u00fcn\u00fc 5 Temmuz 1980\u2019lerden sonra uluslararas\u0131 K\u00fclt\u00fcr ve Turizm Festivali organizasyonlar\u0131yla kutland\u0131. Ancak son y\u0131llarda ya\u015fanan ter\u00f6r, pandemi ve do\u011fal afetler uzun y\u0131llar, kentin bu \u00f6nemli g\u00fcn\u00fcn\u00fc i\u015flerli\u011fi ile i\u00e7eri\u011finin s\u00f6n\u00fck ge\u00e7mesine neden oldu. K\u0131sa bir s\u00fcre \u00f6nce T\u00fcrkiye\u2019nin bir\u00e7ok yerinde oldu\u011fu gibi Hatay\u2019da da ya\u015fanan orman yang\u0131nlar\u0131 nedeniyle 87. Y\u0131ld\u00f6n\u00fcm\u00fc de sportif faaliyetlerin d\u0131\u015f\u0131na \u00e7\u0131kar\u0131lamad\u0131.<\/p>\n<p>Sokaktaki Vatanda\u015f, ya\u015fanan olumsuzluklara ra\u011fmen 5 Temmuz\u2019un kendileri i\u00e7in tarihi ve manevi \u00f6nem ta\u015f\u0131d\u0131\u011f\u0131n\u0131 vurgulad\u0131.<\/p>\n<p>\u0130skenderun\u2019un Kurtulu\u015f G\u00fcn\u00fc olarak bilinen 5 Temmuz\u2019un her y\u0131l \u00e7e\u015fitli etkinliklerle kutland\u0131\u011f\u0131n\u0131 hat\u0131rlatan vatanda\u015flar, bu y\u0131l orman yang\u0131nlar\u0131 nedeniyle resmi kutlamalar\u0131n yap\u0131lamamas\u0131ndan dolay\u0131 \u00fcz\u00fcnt\u00fc duyduklar\u0131n\u0131 s\u00f6yledi.<\/p>\n<p>\u201c\u00c7OK \u00d6NEML\u0130 VE ANLAMLI B\u0130R G\u00dcN\u201d<br \/>\nG\u00f6r\u00fc\u015flerini dile getiren bir vatanda\u015f, \u201cG\u00fczel bir \u015fey, \u00e7ok mutluyum. \u0130skenderun\u2019un Kurtulu\u015f G\u00fcn\u00fc, bence \u00e7ok \u00f6nemli bir g\u00fcn. Daha \u00f6nce sahilde festivaller yap\u0131l\u0131yordu, askeri y\u00fcr\u00fcy\u00fc\u015fler d\u00fczenleniyordu. \u015eimdi etkinlikler iptal edildi ama bu g\u00fcn bizim i\u00e7in h\u00e2l\u00e2 \u00e7ok k\u0131ymetli\u201d dedi.<\/p>\n<p>\u201cYANGINLAR NEDEN\u0130YLE <\/p>\n<p>KUTLAYAMIYORUZ\u201d<br \/>\nBaz\u0131 vatanda\u015flar ise b\u00f6lgede \u00e7\u0131kan yang\u0131nlara dikkat \u00e7ekerek, \u201cEtkinlikler olacakt\u0131 ama olamad\u0131. \u00c7ok \u00fczg\u00fcn\u00fcz, T\u00fcrkiye\u2019nin bir\u00e7ok yerinde yang\u0131n var. Ama 5 Temmuz bizim i\u00e7in gurur verici bir tarih. Bu topraklar\u0131n ana vatana kat\u0131ld\u0131\u011f\u0131 g\u00fcn. Ben bural\u0131 de\u011filim ama burada ya\u015famaktan gurur duyuyorum\u201d diye konu\u015ftu.<\/p>\n<p>\u201cK\u00dcLT\u00dcREL ETK\u0130NL\u0130KLER MORAL OLAB\u0130L\u0130R\u201d<br \/>\n\u0130skenderun halk\u0131, \u00f6n\u00fcm\u00fczdeki y\u0131llarda bu \u00f6zel g\u00fcn\u00fcn daha kapsaml\u0131 programlarla an\u0131lmas\u0131n\u0131 istiyor. Vatanda\u015flar, tiyatro, konser gibi etkinliklerin halkla \u00fccretsiz bulu\u015fturulabilece\u011fini belirterek, \u201cBelediyeler bu gibi \u00f6zel g\u00fcnlerde k\u00fclt\u00fcrel faaliyetler d\u00fczenlemeli. \u0130nsanlar tiyatroya, sinemaya gidemiyor. \u00dcnl\u00fc bir sanat\u00e7\u0131n\u0131n halka a\u00e7\u0131k bir konseri bile moral olur\u201d g\u00f6r\u00fc\u015f\u00fcn\u00fc payla\u015ft\u0131.<\/p>\n<p>\u201cDEPREMDEN SONRA HALK YORGUN AMA UMUTLU\u201d<br \/>\nKahramanmara\u015f merkezli depremlerden etkilenen \u0130skenderun\u2019da vatanda\u015flar, \u015fehrin yeniden aya\u011fa kalkmas\u0131 i\u00e7in birlik ve beraberlik \u00e7a\u011fr\u0131s\u0131 yaparak \u015funlar\u0131 payla\u015ft\u0131: \u201cHalk da \u00e7al\u0131\u015fanlar da yorgun ama hep birlikte aya\u011fa kalkmal\u0131y\u0131z. 5 Temmuz gibi g\u00fcnler, bu birlikteli\u011fi peki\u015ftirmek i\u00e7in f\u0131rsat olabilir. Daha fazla sosyal dayan\u0131\u015fma ve etkinlik talep ediyoruz\u201d<\/p>\n<p>Hatay\u2019\u0131n T\u00fcrkiye Cumhuriyeti\u2019ne kat\u0131lmas\u0131nda kritik bir ad\u0131m olan 5 Temmuz 1938\u2019in y\u0131l d\u00f6n\u00fcm\u00fc, \u0130skenderun halk\u0131 i\u00e7in tarihsel bir gurur g\u00fcn\u00fc olmaya devam ediyor.<\/p>\n<p>\u200b20 y\u0131l esaret alt\u0131nda kald\u0131ktan sonra, Anavatana kat\u0131lma karar\u0131 al\u0131nmas\u0131 \u00fczerine T\u00fcrk askerinin 5 Temmuz 1938\u2019de \u0130skenderun\u2019dan Hatay\u2019a giri\u015finin 87\u2019nci y\u0131l d\u00f6n\u00fcm\u00fc kutlan\u0131yor. Vatanda\u015flar, bu \u00f6zel g\u00fcnle ilgili duygu ve d\u00fc\u015f\u00fcncelerini kamuoyu ile payla\u015ft\u0131.\u00a0<\/p>\n<p>\u200bHaberin Al\u0131nt\u0131land\u0131\u011f\u0131 Kaynak: www.iskenderun.org<\/p>","protected":false},"excerpt":{"rendered":"<p>\u0130skenderun.org ekibi Misak-i milli s\u0131n\u0131rlar\u0131 d\u0131\u015f\u0131nda 20 y\u0131l esarette kalan 40 as\u0131rl\u0131k T\u00fcrk yurdunun, anavatana kat\u0131l\u0131\u015f\u0131nda \u00e7ok \u00f6nemli bir e\u015fik olan 5 Temmuz, T\u00fcrk Askerinin \u0130skenderun\u2019dan Hatay\u2019a giri\u015fi \u2018gurur g\u00fcn\u00fcn\u00fcn ne ifade etti\u011fini sokaktaki vatanda\u015flara sordu. Gurur g\u00fcn\u00fc 5 Temmuz 1980\u2019lerden sonra uluslararas\u0131 K\u00fclt\u00fcr ve Turizm Festivali organizasyonlar\u0131yla kutland\u0131. Ancak son y\u0131llarda ya\u015fanan ter\u00f6r, pandemi ve do\u011fal afetler uzun y\u0131llar, kentin bu \u00f6nemli g\u00fcn\u00fcn\u00fc i\u015flerli\u011fi ile i\u00e7eri\u011finin s\u00f6n\u00fck ge\u00e7mesine neden oldu. K\u0131sa bir s\u00fcre \u00f6nce T\u00fcrkiye\u2019nin bir\u00e7ok yerinde oldu\u011fu gibi Hatay\u2019da da ya\u015fanan orman yang\u0131nlar\u0131 nedeniyle 87. Y\u0131ld\u00f6n\u00fcm\u00fc de sportif faaliyetlerin d\u0131\u015f\u0131na \u00e7\u0131kar\u0131lamad\u0131. Sokaktaki Vatanda\u015f, ya\u015fanan olumsuzluklara ra\u011fmen 5 Temmuz\u2019un kendileri i\u00e7in tarihi ve manevi \u00f6nem ta\u015f\u0131d\u0131\u011f\u0131n\u0131 vurgulad\u0131. \u0130skenderun\u2019un Kurtulu\u015f G\u00fcn\u00fc olarak bilinen 5 Temmuz\u2019un her y\u0131l \u00e7e\u015fitli etkinliklerle kutland\u0131\u011f\u0131n\u0131 hat\u0131rlatan vatanda\u015flar, bu y\u0131l orman yang\u0131nlar\u0131 nedeniyle resmi kutlamalar\u0131n yap\u0131lamamas\u0131ndan dolay\u0131 \u00fcz\u00fcnt\u00fc duyduklar\u0131n\u0131 s\u00f6yledi. \u201c\u00c7OK \u00d6NEML\u0130 VE ANLAMLI B\u0130R G\u00dcN\u201d G\u00f6r\u00fc\u015flerini dile getiren bir vatanda\u015f, \u201cG\u00fczel bir \u015fey, \u00e7ok mutluyum. \u0130skenderun\u2019un Kurtulu\u015f G\u00fcn\u00fc, bence \u00e7ok \u00f6nemli bir g\u00fcn. Daha \u00f6nce sahilde festivaller yap\u0131l\u0131yordu, askeri y\u00fcr\u00fcy\u00fc\u015fler d\u00fczenleniyordu. \u015eimdi etkinlikler iptal edildi ama bu g\u00fcn bizim i\u00e7in h\u00e2l\u00e2 \u00e7ok k\u0131ymetli\u201d dedi. \u201cYANGINLAR NEDEN\u0130YLE KUTLAYAMIYORUZ\u201d Baz\u0131 vatanda\u015flar ise b\u00f6lgede \u00e7\u0131kan yang\u0131nlara dikkat \u00e7ekerek, \u201cEtkinlikler olacakt\u0131 ama olamad\u0131. \u00c7ok \u00fczg\u00fcn\u00fcz, T\u00fcrkiye\u2019nin bir\u00e7ok yerinde yang\u0131n &hellip;<\/p>","protected":false},"author":1,"featured_media":0,"comment_status":"","ping_status":"open","sticky":false,"template":"","format":"standard","meta":{"_acf_changed":false,"footnotes":""},"categories":[24],"tags":[],"class_list":["post-135876","post","type-post","status-publish","format-standard","has-post-thumbnail","hentry","category-gundem"],"acf":[],"yoast_head":"<!-- This site is optimized with the Yoast SEO Premium plugin v26.6 (Yoast SEO v27.1.1) - https:\/\/yoast.com\/product\/yoast-seo-premium-wordpress\/ -->\n<title>5 Temmuz Co\u015fkusu felaketler g\u00f6lgesinde kald\u0131\u2026 - Av. Deniz Can K\u0131z\u0131l<\/title>\n<meta name=\"robots\" content=\"index, follow, max-snippet:-1, max-image-preview:large, max-video-preview:-1\" \/>\n<link rel=\"canonical\" href=\"https:\/\/denizcankizil.tr\/en\/haberler\/gundem\/5-temmuz-coskusu-felaketler-golgesinde-kaldi\/\" \/>\n<meta property=\"og:locale\" content=\"en_GB\" \/>\n<meta property=\"og:type\" content=\"article\" \/>\n<meta property=\"og:title\" content=\"5 Temmuz Co\u015fkusu felaketler g\u00f6lgesinde kald\u0131\u2026\" \/>\n<meta property=\"og:description\" content=\"\u0130skenderun.org ekibi Misak-i milli s\u0131n\u0131rlar\u0131 d\u0131\u015f\u0131nda 20 y\u0131l esarette kalan 40 as\u0131rl\u0131k T\u00fcrk yurdunun, anavatana kat\u0131l\u0131\u015f\u0131nda \u00e7ok \u00f6nemli bir e\u015fik olan 5 Temmuz, T\u00fcrk Askerinin \u0130skenderun\u2019dan Hatay\u2019a giri\u015fi \u2018gurur g\u00fcn\u00fcn\u00fcn ne ifade etti\u011fini sokaktaki vatanda\u015flara sordu. Gurur g\u00fcn\u00fc 5 Temmuz 1980\u2019lerden sonra uluslararas\u0131 K\u00fclt\u00fcr ve Turizm Festivali organizasyonlar\u0131yla kutland\u0131. Ancak son y\u0131llarda ya\u015fanan ter\u00f6r, pandemi ve do\u011fal afetler uzun y\u0131llar, kentin bu \u00f6nemli g\u00fcn\u00fcn\u00fc i\u015flerli\u011fi ile i\u00e7eri\u011finin s\u00f6n\u00fck ge\u00e7mesine neden oldu. K\u0131sa bir s\u00fcre \u00f6nce T\u00fcrkiye\u2019nin bir\u00e7ok yerinde oldu\u011fu gibi Hatay\u2019da da ya\u015fanan orman yang\u0131nlar\u0131 nedeniyle 87. Y\u0131ld\u00f6n\u00fcm\u00fc de sportif faaliyetlerin d\u0131\u015f\u0131na \u00e7\u0131kar\u0131lamad\u0131. Sokaktaki Vatanda\u015f, ya\u015fanan olumsuzluklara ra\u011fmen 5 Temmuz\u2019un kendileri i\u00e7in tarihi ve manevi \u00f6nem ta\u015f\u0131d\u0131\u011f\u0131n\u0131 vurgulad\u0131. \u0130skenderun\u2019un Kurtulu\u015f G\u00fcn\u00fc olarak bilinen 5 Temmuz\u2019un her y\u0131l \u00e7e\u015fitli etkinliklerle kutland\u0131\u011f\u0131n\u0131 hat\u0131rlatan vatanda\u015flar, bu y\u0131l orman yang\u0131nlar\u0131 nedeniyle resmi kutlamalar\u0131n yap\u0131lamamas\u0131ndan dolay\u0131 \u00fcz\u00fcnt\u00fc duyduklar\u0131n\u0131 s\u00f6yledi. \u201c\u00c7OK \u00d6NEML\u0130 VE ANLAMLI B\u0130R G\u00dcN\u201d G\u00f6r\u00fc\u015flerini dile getiren bir vatanda\u015f, \u201cG\u00fczel bir \u015fey, \u00e7ok mutluyum. \u0130skenderun\u2019un Kurtulu\u015f G\u00fcn\u00fc, bence \u00e7ok \u00f6nemli bir g\u00fcn. Daha \u00f6nce sahilde festivaller yap\u0131l\u0131yordu, askeri y\u00fcr\u00fcy\u00fc\u015fler d\u00fczenleniyordu. \u015eimdi etkinlikler iptal edildi ama bu g\u00fcn bizim i\u00e7in h\u00e2l\u00e2 \u00e7ok k\u0131ymetli\u201d dedi. \u201cYANGINLAR NEDEN\u0130YLE KUTLAYAMIYORUZ\u201d Baz\u0131 vatanda\u015flar ise b\u00f6lgede \u00e7\u0131kan yang\u0131nlara dikkat \u00e7ekerek, \u201cEtkinlikler olacakt\u0131 ama olamad\u0131. \u00c7ok \u00fczg\u00fcn\u00fcz, T\u00fcrkiye\u2019nin bir\u00e7ok yerinde yang\u0131n &hellip;\" \/>\n<meta property=\"og:url\" content=\"https:\/\/denizcankizil.tr\/en\/haberler\/gundem\/5-temmuz-coskusu-felaketler-golgesinde-kaldi\/\" \/>\n<meta property=\"og:site_name\" content=\"Av. Deniz Can K\u0131z\u0131l\" \/>\n<meta property=\"article:published_time\" content=\"2025-07-04T13:43:03+00:00\" \/>\n<meta name=\"author\" content=\"admin\" \/>\n<meta name=\"twitter:card\" content=\"summary_large_image\" \/>\n<meta name=\"twitter:label1\" content=\"Written by\" \/>\n\t<meta name=\"twitter:data1\" content=\"admin\" \/>\n\t<meta name=\"twitter:label2\" content=\"Estimated reading time\" \/>\n\t<meta name=\"twitter:data2\" content=\"3 minutes\" \/>\n<script type=\"application\/ld+json\" class=\"yoast-schema-graph\">{\"@context\":\"https:\/\/schema.org\",\"@graph\":[{\"@type\":\"Article\",\"@id\":\"https:\/\/denizcankizil.tr\/uk\/haberler\/gundem\/5-temmuz-coskusu-felaketler-golgesinde-kaldi\/#article\",\"isPartOf\":{\"@id\":\"https:\/\/denizcankizil.tr\/uk\/haberler\/gundem\/5-temmuz-coskusu-felaketler-golgesinde-kaldi\/\"},\"author\":{\"name\":\"admin\",\"@id\":\"https:\/\/denizcankizil.tr\/de\/#\/schema\/person\/be3c05fe6a12686905512445d8185489\"},\"headline\":\"5 Temmuz Co\u015fkusu felaketler g\u00f6lgesinde kald\u0131\u2026\",\"datePublished\":\"2025-07-04T13:43:03+00:00\",\"mainEntityOfPage\":{\"@id\":\"https:\/\/denizcankizil.tr\/uk\/haberler\/gundem\/5-temmuz-coskusu-felaketler-golgesinde-kaldi\/\"},\"wordCount\":567,\"publisher\":{\"@id\":\"https:\/\/denizcankizil.tr\/de\/#organization\"},\"articleSection\":[\"G\u00fcndem\"],\"inLanguage\":\"en-GB\"},{\"@type\":\"WebPage\",\"@id\":\"https:\/\/denizcankizil.tr\/uk\/haberler\/gundem\/5-temmuz-coskusu-felaketler-golgesinde-kaldi\/\",\"url\":\"https:\/\/denizcankizil.tr\/uk\/haberler\/gundem\/5-temmuz-coskusu-felaketler-golgesinde-kaldi\/\",\"name\":\"5 Temmuz Co\u015fkusu felaketler g\u00f6lgesinde kald\u0131\u2026 - Av. Deniz Can K\u0131z\u0131l\",\"isPartOf\":{\"@id\":\"https:\/\/denizcankizil.tr\/de\/#website\"},\"datePublished\":\"2025-07-04T13:43:03+00:00\",\"breadcrumb\":{\"@id\":\"https:\/\/denizcankizil.tr\/uk\/haberler\/gundem\/5-temmuz-coskusu-felaketler-golgesinde-kaldi\/#breadcrumb\"},\"inLanguage\":\"en-GB\",\"potentialAction\":[{\"@type\":\"ReadAction\",\"target\":[\"https:\/\/denizcankizil.tr\/uk\/haberler\/gundem\/5-temmuz-coskusu-felaketler-golgesinde-kaldi\/\"]}]},{\"@type\":\"BreadcrumbList\",\"@id\":\"https:\/\/denizcankizil.tr\/uk\/haberler\/gundem\/5-temmuz-coskusu-felaketler-golgesinde-kaldi\/#breadcrumb\",\"itemListElement\":[{\"@type\":\"ListItem\",\"position\":1,\"name\":\"Home\",\"item\":\"https:\/\/denizcankizil.tr\/de\/\"},{\"@type\":\"ListItem\",\"position\":2,\"name\":\"5 Temmuz Co\u015fkusu felaketler g\u00f6lgesinde kald\u0131\u2026\"}]},{\"@type\":\"WebSite\",\"@id\":\"https:\/\/denizcankizil.tr\/de\/#website\",\"url\":\"https:\/\/denizcankizil.tr\/de\/\",\"name\":\"Av. Deniz Can K\u0131z\u0131l\",\"description\":\"Avukat Deniz Can K\u0131z\u0131l Antalya Barosu\",\"publisher\":{\"@id\":\"https:\/\/denizcankizil.tr\/de\/#organization\"},\"potentialAction\":[{\"@type\":\"SearchAction\",\"target\":{\"@type\":\"EntryPoint\",\"urlTemplate\":\"https:\/\/denizcankizil.tr\/de\/?s={search_term_string}\"},\"query-input\":{\"@type\":\"PropertyValueSpecification\",\"valueRequired\":true,\"valueName\":\"search_term_string\"}}],\"inLanguage\":\"en-GB\"},{\"@type\":\"Organization\",\"@id\":\"https:\/\/denizcankizil.tr\/de\/#organization\",\"name\":\"Av. Deniz Can K\u0131z\u0131l\",\"url\":\"https:\/\/denizcankizil.tr\/de\/\",\"logo\":{\"@type\":\"ImageObject\",\"inLanguage\":\"en-GB\",\"@id\":\"https:\/\/denizcankizil.tr\/de\/#\/schema\/logo\/image\/\",\"url\":\"http:\/\/denizcankizil.tr\/wp-content\/uploads\/2024\/10\/siyah-logo-svg.svg\",\"contentUrl\":\"http:\/\/denizcankizil.tr\/wp-content\/uploads\/2024\/10\/siyah-logo-svg.svg\",\"width\":1080,\"height\":1080,\"caption\":\"Av. Deniz Can K\u0131z\u0131l\"},\"image\":{\"@id\":\"https:\/\/denizcankizil.tr\/de\/#\/schema\/logo\/image\/\"}},{\"@type\":\"Person\",\"@id\":\"https:\/\/denizcankizil.tr\/de\/#\/schema\/person\/be3c05fe6a12686905512445d8185489\",\"name\":\"admin\",\"image\":{\"@type\":\"ImageObject\",\"inLanguage\":\"en-GB\",\"@id\":\"https:\/\/denizcankizil.tr\/de\/#\/schema\/person\/image\/\",\"url\":\"https:\/\/secure.gravatar.com\/avatar\/c1fce94c830dc79107e174f890d7210541c4a63e8e5d816341794a2151c9d58c?s=96&d=mm&r=g\",\"contentUrl\":\"https:\/\/secure.gravatar.com\/avatar\/c1fce94c830dc79107e174f890d7210541c4a63e8e5d816341794a2151c9d58c?s=96&d=mm&r=g\",\"caption\":\"admin\"},\"sameAs\":[\"http:\/\/denizcankizil.tr\"],\"url\":\"https:\/\/www.iskenderun.org\/5-temmuz-coskusu-felaketler-golgesinde-kaldi\"}]}<\/script>\n<!-- \/ Yoast SEO Premium plugin. -->","yoast_head_json":{"title":"5 Temmuz Co\u015fkusu felaketler g\u00f6lgesinde kald\u0131\u2026 - Av. Deniz Can K\u0131z\u0131l","robots":{"index":"index","follow":"follow","max-snippet":"max-snippet:-1","max-image-preview":"max-image-preview:large","max-video-preview":"max-video-preview:-1"},"canonical":"https:\/\/denizcankizil.tr\/en\/haberler\/gundem\/5-temmuz-coskusu-felaketler-golgesinde-kaldi\/","og_locale":"en_GB","og_type":"article","og_title":"5 Temmuz Co\u015fkusu felaketler g\u00f6lgesinde kald\u0131\u2026","og_description":"\u0130skenderun.org ekibi Misak-i milli s\u0131n\u0131rlar\u0131 d\u0131\u015f\u0131nda 20 y\u0131l esarette kalan 40 as\u0131rl\u0131k T\u00fcrk yurdunun, anavatana kat\u0131l\u0131\u015f\u0131nda \u00e7ok \u00f6nemli bir e\u015fik olan 5 Temmuz, T\u00fcrk Askerinin \u0130skenderun\u2019dan Hatay\u2019a giri\u015fi \u2018gurur g\u00fcn\u00fcn\u00fcn ne ifade etti\u011fini sokaktaki vatanda\u015flara sordu. Gurur g\u00fcn\u00fc 5 Temmuz 1980\u2019lerden sonra uluslararas\u0131 K\u00fclt\u00fcr ve Turizm Festivali organizasyonlar\u0131yla kutland\u0131. Ancak son y\u0131llarda ya\u015fanan ter\u00f6r, pandemi ve do\u011fal afetler uzun y\u0131llar, kentin bu \u00f6nemli g\u00fcn\u00fcn\u00fc i\u015flerli\u011fi ile i\u00e7eri\u011finin s\u00f6n\u00fck ge\u00e7mesine neden oldu. K\u0131sa bir s\u00fcre \u00f6nce T\u00fcrkiye\u2019nin bir\u00e7ok yerinde oldu\u011fu gibi Hatay\u2019da da ya\u015fanan orman yang\u0131nlar\u0131 nedeniyle 87. Y\u0131ld\u00f6n\u00fcm\u00fc de sportif faaliyetlerin d\u0131\u015f\u0131na \u00e7\u0131kar\u0131lamad\u0131. Sokaktaki Vatanda\u015f, ya\u015fanan olumsuzluklara ra\u011fmen 5 Temmuz\u2019un kendileri i\u00e7in tarihi ve manevi \u00f6nem ta\u015f\u0131d\u0131\u011f\u0131n\u0131 vurgulad\u0131. \u0130skenderun\u2019un Kurtulu\u015f G\u00fcn\u00fc olarak bilinen 5 Temmuz\u2019un her y\u0131l \u00e7e\u015fitli etkinliklerle kutland\u0131\u011f\u0131n\u0131 hat\u0131rlatan vatanda\u015flar, bu y\u0131l orman yang\u0131nlar\u0131 nedeniyle resmi kutlamalar\u0131n yap\u0131lamamas\u0131ndan dolay\u0131 \u00fcz\u00fcnt\u00fc duyduklar\u0131n\u0131 s\u00f6yledi. \u201c\u00c7OK \u00d6NEML\u0130 VE ANLAMLI B\u0130R G\u00dcN\u201d G\u00f6r\u00fc\u015flerini dile getiren bir vatanda\u015f, \u201cG\u00fczel bir \u015fey, \u00e7ok mutluyum. \u0130skenderun\u2019un Kurtulu\u015f G\u00fcn\u00fc, bence \u00e7ok \u00f6nemli bir g\u00fcn. Daha \u00f6nce sahilde festivaller yap\u0131l\u0131yordu, askeri y\u00fcr\u00fcy\u00fc\u015fler d\u00fczenleniyordu. \u015eimdi etkinlikler iptal edildi ama bu g\u00fcn bizim i\u00e7in h\u00e2l\u00e2 \u00e7ok k\u0131ymetli\u201d dedi. \u201cYANGINLAR NEDEN\u0130YLE KUTLAYAMIYORUZ\u201d Baz\u0131 vatanda\u015flar ise b\u00f6lgede \u00e7\u0131kan yang\u0131nlara dikkat \u00e7ekerek, \u201cEtkinlikler olacakt\u0131 ama olamad\u0131. \u00c7ok \u00fczg\u00fcn\u00fcz, T\u00fcrkiye\u2019nin bir\u00e7ok yerinde yang\u0131n &hellip;","og_url":"https:\/\/denizcankizil.tr\/en\/haberler\/gundem\/5-temmuz-coskusu-felaketler-golgesinde-kaldi\/","og_site_name":"Av. Deniz Can K\u0131z\u0131l","article_published_time":"2025-07-04T13:43:03+00:00","author":"admin","twitter_card":"summary_large_image","twitter_misc":{"Written by":"admin","Estimated reading time":"3 minutes"},"schema":{"@context":"https:\/\/schema.org","@graph":[{"@type":"Article","@id":"https:\/\/denizcankizil.tr\/uk\/haberler\/gundem\/5-temmuz-coskusu-felaketler-golgesinde-kaldi\/#article","isPartOf":{"@id":"https:\/\/denizcankizil.tr\/uk\/haberler\/gundem\/5-temmuz-coskusu-felaketler-golgesinde-kaldi\/"},"author":{"name":"admin","@id":"https:\/\/denizcankizil.tr\/de\/#\/schema\/person\/be3c05fe6a12686905512445d8185489"},"headline":"5 Temmuz Co\u015fkusu felaketler g\u00f6lgesinde kald\u0131\u2026","datePublished":"2025-07-04T13:43:03+00:00","mainEntityOfPage":{"@id":"https:\/\/denizcankizil.tr\/uk\/haberler\/gundem\/5-temmuz-coskusu-felaketler-golgesinde-kaldi\/"},"wordCount":567,"publisher":{"@id":"https:\/\/denizcankizil.tr\/de\/#organization"},"articleSection":["G\u00fcndem"],"inLanguage":"en-GB"},{"@type":"WebPage","@id":"https:\/\/denizcankizil.tr\/uk\/haberler\/gundem\/5-temmuz-coskusu-felaketler-golgesinde-kaldi\/","url":"https:\/\/denizcankizil.tr\/uk\/haberler\/gundem\/5-temmuz-coskusu-felaketler-golgesinde-kaldi\/","name":"5 Temmuz Co\u015fkusu felaketler g\u00f6lgesinde kald\u0131\u2026 - Av. Deniz Can K\u0131z\u0131l","isPartOf":{"@id":"https:\/\/denizcankizil.tr\/de\/#website"},"datePublished":"2025-07-04T13:43:03+00:00","breadcrumb":{"@id":"https:\/\/denizcankizil.tr\/uk\/haberler\/gundem\/5-temmuz-coskusu-felaketler-golgesinde-kaldi\/#breadcrumb"},"inLanguage":"en-GB","potentialAction":[{"@type":"ReadAction","target":["https:\/\/denizcankizil.tr\/uk\/haberler\/gundem\/5-temmuz-coskusu-felaketler-golgesinde-kaldi\/"]}]},{"@type":"BreadcrumbList","@id":"https:\/\/denizcankizil.tr\/uk\/haberler\/gundem\/5-temmuz-coskusu-felaketler-golgesinde-kaldi\/#breadcrumb","itemListElement":[{"@type":"ListItem","position":1,"name":"Home","item":"https:\/\/denizcankizil.tr\/de\/"},{"@type":"ListItem","position":2,"name":"5 Temmuz Co\u015fkusu felaketler g\u00f6lgesinde kald\u0131\u2026"}]},{"@type":"WebSite","@id":"https:\/\/denizcankizil.tr\/de\/#website","url":"https:\/\/denizcankizil.tr\/de\/","name":"Av. Deniz Can K\u0131z\u0131l","description":"Avukat Deniz Can K\u0131z\u0131l Antalya Barosu","publisher":{"@id":"https:\/\/denizcankizil.tr\/de\/#organization"},"potentialAction":[{"@type":"SearchAction","target":{"@type":"EntryPoint","urlTemplate":"https:\/\/denizcankizil.tr\/de\/?s={search_term_string}"},"query-input":{"@type":"PropertyValueSpecification","valueRequired":true,"valueName":"search_term_string"}}],"inLanguage":"en-GB"},{"@type":"Organization","@id":"https:\/\/denizcankizil.tr\/de\/#organization","name":"Av. Deniz Can K\u0131z\u0131l","url":"https:\/\/denizcankizil.tr\/de\/","logo":{"@type":"ImageObject","inLanguage":"en-GB","@id":"https:\/\/denizcankizil.tr\/de\/#\/schema\/logo\/image\/","url":"http:\/\/denizcankizil.tr\/wp-content\/uploads\/2024\/10\/siyah-logo-svg.svg","contentUrl":"http:\/\/denizcankizil.tr\/wp-content\/uploads\/2024\/10\/siyah-logo-svg.svg","width":1080,"height":1080,"caption":"Av. Deniz Can K\u0131z\u0131l"},"image":{"@id":"https:\/\/denizcankizil.tr\/de\/#\/schema\/logo\/image\/"}},{"@type":"Person","@id":"https:\/\/denizcankizil.tr\/de\/#\/schema\/person\/be3c05fe6a12686905512445d8185489","name":"admin","image":{"@type":"ImageObject","inLanguage":"en-GB","@id":"https:\/\/denizcankizil.tr\/de\/#\/schema\/person\/image\/","url":"https:\/\/secure.gravatar.com\/avatar\/c1fce94c830dc79107e174f890d7210541c4a63e8e5d816341794a2151c9d58c?s=96&d=mm&r=g","contentUrl":"https:\/\/secure.gravatar.com\/avatar\/c1fce94c830dc79107e174f890d7210541c4a63e8e5d816341794a2151c9d58c?s=96&d=mm&r=g","caption":"admin"},"sameAs":["http:\/\/denizcankizil.tr"],"url":"https:\/\/www.iskenderun.org\/5-temmuz-coskusu-felaketler-golgesinde-kaldi"}]}},"_links":{"self":[{"href":"http:\/\/denizcankizil.tr\/en\/wp-json\/wp\/v2\/posts\/135876","targetHints":{"allow":["GET"]}}],"collection":[{"href":"http:\/\/denizcankizil.tr\/en\/wp-json\/wp\/v2\/posts"}],"about":[{"href":"http:\/\/denizcankizil.tr\/en\/wp-json\/wp\/v2\/types\/post"}],"author":[{"embeddable":true,"href":"http:\/\/denizcankizil.tr\/en\/wp-json\/wp\/v2\/users\/1"}],"replies":[{"embeddable":true,"href":"http:\/\/denizcankizil.tr\/en\/wp-json\/wp\/v2\/comments?post=135876"}],"version-history":[{"count":0,"href":"http:\/\/denizcankizil.tr\/en\/wp-json\/wp\/v2\/posts\/135876\/revisions"}],"wp:attachment":[{"href":"http:\/\/denizcankizil.tr\/en\/wp-json\/wp\/v2\/media?parent=135876"}],"wp:term":[{"taxonomy":"category","embeddable":true,"href":"http:\/\/denizcankizil.tr\/en\/wp-json\/wp\/v2\/categories?post=135876"},{"taxonomy":"post_tag","embeddable":true,"href":"http:\/\/denizcankizil.tr\/en\/wp-json\/wp\/v2\/tags?post=135876"}],"curies":[{"name":"wp","href":"https:\/\/api.w.org\/{rel}","templated":true}]}}