{"id":135823,"date":"2025-07-04T15:42:28","date_gmt":"2025-07-04T12:42:28","guid":{"rendered":"https:\/\/denizcankizil.tr\/uncategorized-tr\/manisada-su-depolarinin-cevresinde-yangin-riskine-karsi-temizlik\/"},"modified":"2025-07-04T15:42:28","modified_gmt":"2025-07-04T12:42:28","slug":"manisada-su-depolarinin-cevresinde-yangin-riskine-karsi-temizlik","status":"publish","type":"post","link":"http:\/\/denizcankizil.tr\/en\/haberler\/gundem\/manisada-su-depolarinin-cevresinde-yangin-riskine-karsi-temizlik\/","title":{"rendered":"Manisa&#8217;da su depolar\u0131n\u0131n \u00e7evresinde yang\u0131n riskine kar\u015f\u0131 temizlik"},"content":{"rendered":"<p>Manisa B\u00fcy\u00fck\u015fehir Belediyesi ile Manisa Su ve Kanalizasyon \u0130daresi (MASK\u0130) Genel M\u00fcd\u00fcrl\u00fc\u011f\u00fc, i\u00e7me suyu depolar\u0131n\u0131n \u00e7evresinde temizlik \u00e7al\u0131\u015fmas\u0131 ger\u00e7ekle\u015ftirdi. Depo alanlar\u0131nda kuru otlar ve yabani bitkiler temizlenirken budama ve \u00e7im bi\u00e7me i\u015flemleri de ger\u00e7ekle\u015ftirildi.MAN\u0130SA (\u0130GFA) &#8211;  Yaz mevsiminin getirdi\u011fi kurakl\u0131k ve s\u0131cakl\u0131kla birlikte artan yang\u0131n riskine kar\u015f\u0131 al\u0131nan \u00f6nlemler kapsam\u0131nda Manisa B\u00fcy\u00fck\u015fehir Belediyesi Kent Esteti\u011fi Dairesi Ba\u015fkanl\u0131\u011f\u0131 Ye\u015fil Alanlar Bak\u0131m ve Uygulama \u015eube M\u00fcd\u00fcrl\u00fc\u011f\u00fc ve MASK\u0130 ekipleri kapsaml\u0131 bir temizlik \u00e7al\u0131\u015fmas\u0131 y\u00fcr\u00fct\u00fcyor.<br \/>\nKent Esteti\u011fi Dairesi Ba\u015fkan\u0131 M\u00fcge T\u00fcrkeli Ku\u011fu ile MASK\u0130 \u0130\u00e7me Suyu Dairesi Ba\u015fkan\u0131 Necip Kurtar\u0131c\u0131 da \u00e7al\u0131\u015fmalar\u0131 yerinde inceledi.<br \/>\nM\u00fcge T\u00fcrkeli Ku\u011fu, \u201cMASK\u0130 Genel M\u00fcd\u00fcrl\u00fc\u011f\u00fcm\u00fcz ile i\u015f birli\u011fi i\u00e7inde y\u00fcr\u00fctt\u00fc\u011f\u00fcm\u00fcz \u00e7al\u0131\u015fmada, ot temizli\u011fi, budama, form ve \u00e7im bi\u00e7me gibi i\u015flemler ger\u00e7ekle\u015ftiriliyor. T\u00fcm depolarda devam edecek bu uygulamayla i\u00e7me suyu depolar\u0131m\u0131z\u0131n \u00e7evresi yang\u0131n riskine kar\u015f\u0131 korunurken daha d\u00fczenli ve estetik bir g\u00f6r\u00fcn\u00fcme de kavu\u015facak. Vatanda\u015flar\u0131m\u0131zdan da \u00e7evre temizli\u011fi ve yang\u0131n riski konusunda duyarl\u0131l\u0131k bekliyoruz\u201d dedi.<\/p>\n<p>\u201cHEM \u00c7EVREY\u0130 HEM HALK SA\u011eLI\u011eINI KORUYORUZ\u201d<br \/>\n\u0130\u00e7me Suyu Daire Ba\u015fkan\u0131 Necip Kurtar\u0131c\u0131 ise \u201cSu depolar\u0131 gibi kritik altyap\u0131 alanlar\u0131n\u0131n \u00e7evresinde periyodik bak\u0131m ve temizlik faaliyetlerini B\u00fcy\u00fck\u015fehir Belediyemiz ile i\u015f birli\u011fi i\u00e7erisinde s\u00fcrd\u00fcr\u00fcyoruz. Bu \u00e7al\u0131\u015fmalarla \u00e7evresel riskleri azalt\u0131p halk sa\u011fl\u0131\u011f\u0131n\u0131 koruma y\u00f6n\u00fcnde \u00f6nemli bir ad\u0131m at\u0131yoruz\u201d diye konu\u015ftu,<\/p>\n<p>\u200bManisa B\u00fcy\u00fck\u015fehir Belediyesi ile Manisa Su ve Kanalizasyon \u0130daresi (MASK\u0130) Genel M\u00fcd\u00fcrl\u00fc\u011f\u00fc, i\u00e7me suyu depolar\u0131n\u0131n \u00e7evresinde temizlik \u00e7al\u0131\u015fmas\u0131 ger\u00e7ekle\u015ftirdi. Depo alanlar\u0131nda kuru otlar ve yabani bitkiler temizlenirken budama ve \u00e7im bi\u00e7me i\u015flemleri de ger\u00e7ekle\u015ftirildi.MAN\u0130SA (\u0130GFA) &#8211;  Yaz mevsiminin getirdi\u011fi kurakl\u0131k ve s\u0131cakl\u0131kla birlikte artan yang\u0131n riskine kar\u015f\u0131 al\u0131nan \u00f6nlemler kapsam\u0131nda Manisa B\u00fcy\u00fck\u015fehir Belediyesi Kent Esteti\u011fi Dairesi Ba\u015fkanl\u0131\u011f\u0131 Ye\u015fil Alanlar Bak\u0131m ve Uygulama \u015eube M\u00fcd\u00fcrl\u00fc\u011f\u00fc ve MASK\u0130 ekipleri kapsaml\u0131 bir temizlik \u00e7al\u0131\u015fmas\u0131 y\u00fcr\u00fct\u00fcyor.<br \/>\nKent Esteti\u011fi Dairesi Ba\u015fkan\u0131 M\u00fcge T\u00fcrkeli Ku\u011fu ile MASK\u0130 \u0130\u00e7me Suyu Dairesi Ba\u015fkan\u0131 Necip Kurtar\u0131c\u0131 da \u00e7al\u0131\u015fmalar\u0131 yerinde inceledi.<br \/>\nM\u00fcge T\u00fcrkeli Ku\u011fu, \u201cMASK\u0130 Genel M\u00fcd\u00fcrl\u00fc\u011f\u00fcm\u00fcz ile i\u015f birli\u011fi i\u00e7inde y\u00fcr\u00fctt\u00fc\u011f\u00fcm\u00fcz \u00e7al\u0131\u015fmada, ot temizli\u011fi, budama, form ve \u00e7im bi\u00e7me gibi i\u015flemler ger\u00e7ekle\u015ftiriliyor. T\u00fcm depolarda devam edecek bu uygulamayla i\u00e7me suyu depolar\u0131m\u0131z\u0131n \u00e7evresi yang\u0131n riskine kar\u015f\u0131 korunurken daha d\u00fczenli ve estetik bir g\u00f6r\u00fcn\u00fcme de kavu\u015facak. Vatanda\u015flar\u0131m\u0131zdan da \u00e7evre temizli\u011fi ve yang\u0131n riski konusunda duyarl\u0131l\u0131k bekliyoruz\u201d dedi.<\/p>\n<p>\u201cHEM \u00c7EVREY\u0130 HEM HALK SA\u011eLI\u011eINI KORUYORUZ\u201d<br \/>\n\u0130\u00e7me Suyu Daire Ba\u015fkan\u0131 Necip Kurtar\u0131c\u0131 ise \u201cSu depolar\u0131 gibi kritik altyap\u0131 alanlar\u0131n\u0131n \u00e7evresinde periyodik bak\u0131m ve temizlik faaliyetlerini B\u00fcy\u00fck\u015fehir Belediyemiz ile i\u015f birli\u011fi i\u00e7erisinde s\u00fcrd\u00fcr\u00fcyoruz. Bu \u00e7al\u0131\u015fmalarla \u00e7evresel riskleri azalt\u0131p halk sa\u011fl\u0131\u011f\u0131n\u0131 koruma y\u00f6n\u00fcnde \u00f6nemli bir ad\u0131m at\u0131yoruz\u201d diye konu\u015ftu,\u00a0<\/p>\n<p>\u200bHaberin Al\u0131nt\u0131land\u0131\u011f\u0131 Kaynak: www.iskenderun.org<\/p>","protected":false},"excerpt":{"rendered":"<p>Manisa B\u00fcy\u00fck\u015fehir Belediyesi ile Manisa Su ve Kanalizasyon \u0130daresi (MASK\u0130) Genel M\u00fcd\u00fcrl\u00fc\u011f\u00fc, i\u00e7me suyu depolar\u0131n\u0131n \u00e7evresinde temizlik \u00e7al\u0131\u015fmas\u0131 ger\u00e7ekle\u015ftirdi. Depo alanlar\u0131nda kuru otlar ve yabani bitkiler temizlenirken budama ve \u00e7im bi\u00e7me i\u015flemleri de ger\u00e7ekle\u015ftirildi.MAN\u0130SA (\u0130GFA) &#8211; Yaz mevsiminin getirdi\u011fi kurakl\u0131k ve s\u0131cakl\u0131kla birlikte artan yang\u0131n riskine kar\u015f\u0131 al\u0131nan \u00f6nlemler kapsam\u0131nda Manisa B\u00fcy\u00fck\u015fehir Belediyesi Kent Esteti\u011fi Dairesi Ba\u015fkanl\u0131\u011f\u0131 Ye\u015fil Alanlar Bak\u0131m ve Uygulama \u015eube M\u00fcd\u00fcrl\u00fc\u011f\u00fc ve MASK\u0130 ekipleri kapsaml\u0131 bir temizlik \u00e7al\u0131\u015fmas\u0131 y\u00fcr\u00fct\u00fcyor. Kent Esteti\u011fi Dairesi Ba\u015fkan\u0131 M\u00fcge T\u00fcrkeli Ku\u011fu ile MASK\u0130 \u0130\u00e7me Suyu Dairesi Ba\u015fkan\u0131 Necip Kurtar\u0131c\u0131 da \u00e7al\u0131\u015fmalar\u0131 yerinde inceledi. M\u00fcge T\u00fcrkeli Ku\u011fu, \u201cMASK\u0130 Genel M\u00fcd\u00fcrl\u00fc\u011f\u00fcm\u00fcz ile i\u015f birli\u011fi i\u00e7inde y\u00fcr\u00fctt\u00fc\u011f\u00fcm\u00fcz \u00e7al\u0131\u015fmada, ot temizli\u011fi, budama, form ve \u00e7im bi\u00e7me gibi i\u015flemler ger\u00e7ekle\u015ftiriliyor. T\u00fcm depolarda devam edecek bu uygulamayla i\u00e7me suyu depolar\u0131m\u0131z\u0131n \u00e7evresi yang\u0131n riskine kar\u015f\u0131 korunurken daha d\u00fczenli ve estetik bir g\u00f6r\u00fcn\u00fcme de kavu\u015facak. Vatanda\u015flar\u0131m\u0131zdan da \u00e7evre temizli\u011fi ve yang\u0131n riski konusunda duyarl\u0131l\u0131k bekliyoruz\u201d dedi. \u201cHEM \u00c7EVREY\u0130 HEM HALK SA\u011eLI\u011eINI KORUYORUZ\u201d \u0130\u00e7me Suyu Daire Ba\u015fkan\u0131 Necip Kurtar\u0131c\u0131 ise \u201cSu depolar\u0131 gibi kritik altyap\u0131 alanlar\u0131n\u0131n \u00e7evresinde periyodik bak\u0131m ve temizlik faaliyetlerini B\u00fcy\u00fck\u015fehir Belediyemiz ile i\u015f birli\u011fi i\u00e7erisinde s\u00fcrd\u00fcr\u00fcyoruz. Bu \u00e7al\u0131\u015fmalarla \u00e7evresel riskleri azalt\u0131p halk sa\u011fl\u0131\u011f\u0131n\u0131 koruma y\u00f6n\u00fcnde \u00f6nemli bir ad\u0131m at\u0131yoruz\u201d diye konu\u015ftu, \u200bManisa B\u00fcy\u00fck\u015fehir Belediyesi ile Manisa Su ve &hellip;<\/p>","protected":false},"author":1,"featured_media":0,"comment_status":"","ping_status":"open","sticky":false,"template":"","format":"standard","meta":{"_acf_changed":false,"footnotes":""},"categories":[24],"tags":[],"class_list":["post-135823","post","type-post","status-publish","format-standard","has-post-thumbnail","hentry","category-gundem"],"acf":[],"yoast_head":"<!-- This site is optimized with the Yoast SEO Premium plugin v26.6 (Yoast SEO v27.1.1) - https:\/\/yoast.com\/product\/yoast-seo-premium-wordpress\/ -->\n<title>Manisa&#039;da su depolar\u0131n\u0131n \u00e7evresinde yang\u0131n riskine kar\u015f\u0131 temizlik - Av. Deniz Can K\u0131z\u0131l<\/title>\n<meta name=\"robots\" content=\"index, follow, max-snippet:-1, max-image-preview:large, max-video-preview:-1\" \/>\n<link rel=\"canonical\" href=\"http:\/\/denizcankizil.tr\/en\/haberler\/gundem\/manisada-su-depolarinin-cevresinde-yangin-riskine-karsi-temizlik\/\" \/>\n<meta property=\"og:locale\" content=\"en_GB\" \/>\n<meta property=\"og:type\" content=\"article\" \/>\n<meta property=\"og:title\" content=\"Manisa&#039;da su depolar\u0131n\u0131n \u00e7evresinde yang\u0131n riskine kar\u015f\u0131 temizlik\" \/>\n<meta property=\"og:description\" content=\"Manisa B\u00fcy\u00fck\u015fehir Belediyesi ile Manisa Su ve Kanalizasyon \u0130daresi (MASK\u0130) Genel M\u00fcd\u00fcrl\u00fc\u011f\u00fc, i\u00e7me suyu depolar\u0131n\u0131n \u00e7evresinde temizlik \u00e7al\u0131\u015fmas\u0131 ger\u00e7ekle\u015ftirdi. Depo alanlar\u0131nda kuru otlar ve yabani bitkiler temizlenirken budama ve \u00e7im bi\u00e7me i\u015flemleri de ger\u00e7ekle\u015ftirildi.MAN\u0130SA (\u0130GFA) &#8211; Yaz mevsiminin getirdi\u011fi kurakl\u0131k ve s\u0131cakl\u0131kla birlikte artan yang\u0131n riskine kar\u015f\u0131 al\u0131nan \u00f6nlemler kapsam\u0131nda Manisa B\u00fcy\u00fck\u015fehir Belediyesi Kent Esteti\u011fi Dairesi Ba\u015fkanl\u0131\u011f\u0131 Ye\u015fil Alanlar Bak\u0131m ve Uygulama \u015eube M\u00fcd\u00fcrl\u00fc\u011f\u00fc ve MASK\u0130 ekipleri kapsaml\u0131 bir temizlik \u00e7al\u0131\u015fmas\u0131 y\u00fcr\u00fct\u00fcyor. Kent Esteti\u011fi Dairesi Ba\u015fkan\u0131 M\u00fcge T\u00fcrkeli Ku\u011fu ile MASK\u0130 \u0130\u00e7me Suyu Dairesi Ba\u015fkan\u0131 Necip Kurtar\u0131c\u0131 da \u00e7al\u0131\u015fmalar\u0131 yerinde inceledi. M\u00fcge T\u00fcrkeli Ku\u011fu, \u201cMASK\u0130 Genel M\u00fcd\u00fcrl\u00fc\u011f\u00fcm\u00fcz ile i\u015f birli\u011fi i\u00e7inde y\u00fcr\u00fctt\u00fc\u011f\u00fcm\u00fcz \u00e7al\u0131\u015fmada, ot temizli\u011fi, budama, form ve \u00e7im bi\u00e7me gibi i\u015flemler ger\u00e7ekle\u015ftiriliyor. T\u00fcm depolarda devam edecek bu uygulamayla i\u00e7me suyu depolar\u0131m\u0131z\u0131n \u00e7evresi yang\u0131n riskine kar\u015f\u0131 korunurken daha d\u00fczenli ve estetik bir g\u00f6r\u00fcn\u00fcme de kavu\u015facak. Vatanda\u015flar\u0131m\u0131zdan da \u00e7evre temizli\u011fi ve yang\u0131n riski konusunda duyarl\u0131l\u0131k bekliyoruz\u201d dedi. \u201cHEM \u00c7EVREY\u0130 HEM HALK SA\u011eLI\u011eINI KORUYORUZ\u201d \u0130\u00e7me Suyu Daire Ba\u015fkan\u0131 Necip Kurtar\u0131c\u0131 ise \u201cSu depolar\u0131 gibi kritik altyap\u0131 alanlar\u0131n\u0131n \u00e7evresinde periyodik bak\u0131m ve temizlik faaliyetlerini B\u00fcy\u00fck\u015fehir Belediyemiz ile i\u015f birli\u011fi i\u00e7erisinde s\u00fcrd\u00fcr\u00fcyoruz. Bu \u00e7al\u0131\u015fmalarla \u00e7evresel riskleri azalt\u0131p halk sa\u011fl\u0131\u011f\u0131n\u0131 koruma y\u00f6n\u00fcnde \u00f6nemli bir ad\u0131m at\u0131yoruz\u201d diye konu\u015ftu, \u200bManisa B\u00fcy\u00fck\u015fehir Belediyesi ile Manisa Su ve &hellip;\" \/>\n<meta property=\"og:url\" content=\"http:\/\/denizcankizil.tr\/en\/haberler\/gundem\/manisada-su-depolarinin-cevresinde-yangin-riskine-karsi-temizlik\/\" \/>\n<meta property=\"og:site_name\" content=\"Av. Deniz Can K\u0131z\u0131l\" \/>\n<meta property=\"article:published_time\" content=\"2025-07-04T12:42:28+00:00\" \/>\n<meta name=\"author\" content=\"admin\" \/>\n<meta name=\"twitter:card\" content=\"summary_large_image\" \/>\n<meta name=\"twitter:label1\" content=\"Written by\" \/>\n\t<meta name=\"twitter:data1\" content=\"admin\" \/>\n\t<meta name=\"twitter:label2\" content=\"Estimated reading time\" \/>\n\t<meta name=\"twitter:data2\" content=\"3 minutes\" \/>\n<script type=\"application\/ld+json\" class=\"yoast-schema-graph\">{\"@context\":\"https:\/\/schema.org\",\"@graph\":[{\"@type\":\"Article\",\"@id\":\"http:\/\/denizcankizil.tr\/en\/haberler\/gundem\/manisada-su-depolarinin-cevresinde-yangin-riskine-karsi-temizlik\/#article\",\"isPartOf\":{\"@id\":\"http:\/\/denizcankizil.tr\/en\/haberler\/gundem\/manisada-su-depolarinin-cevresinde-yangin-riskine-karsi-temizlik\/\"},\"author\":{\"name\":\"admin\",\"@id\":\"https:\/\/denizcankizil.tr\/de\/#\/schema\/person\/be3c05fe6a12686905512445d8185489\"},\"headline\":\"Manisa&#8217;da su depolar\u0131n\u0131n \u00e7evresinde yang\u0131n riskine kar\u015f\u0131 temizlik\",\"datePublished\":\"2025-07-04T12:42:28+00:00\",\"mainEntityOfPage\":{\"@id\":\"http:\/\/denizcankizil.tr\/en\/haberler\/gundem\/manisada-su-depolarinin-cevresinde-yangin-riskine-karsi-temizlik\/\"},\"wordCount\":620,\"publisher\":{\"@id\":\"https:\/\/denizcankizil.tr\/de\/#organization\"},\"articleSection\":[\"G\u00fcndem\"],\"inLanguage\":\"en-GB\"},{\"@type\":\"WebPage\",\"@id\":\"http:\/\/denizcankizil.tr\/en\/haberler\/gundem\/manisada-su-depolarinin-cevresinde-yangin-riskine-karsi-temizlik\/\",\"url\":\"http:\/\/denizcankizil.tr\/en\/haberler\/gundem\/manisada-su-depolarinin-cevresinde-yangin-riskine-karsi-temizlik\/\",\"name\":\"Manisa'da su depolar\u0131n\u0131n \u00e7evresinde yang\u0131n riskine kar\u015f\u0131 temizlik - Av. Deniz Can K\u0131z\u0131l\",\"isPartOf\":{\"@id\":\"https:\/\/denizcankizil.tr\/de\/#website\"},\"datePublished\":\"2025-07-04T12:42:28+00:00\",\"breadcrumb\":{\"@id\":\"http:\/\/denizcankizil.tr\/en\/haberler\/gundem\/manisada-su-depolarinin-cevresinde-yangin-riskine-karsi-temizlik\/#breadcrumb\"},\"inLanguage\":\"en-GB\",\"potentialAction\":[{\"@type\":\"ReadAction\",\"target\":[\"http:\/\/denizcankizil.tr\/en\/haberler\/gundem\/manisada-su-depolarinin-cevresinde-yangin-riskine-karsi-temizlik\/\"]}]},{\"@type\":\"BreadcrumbList\",\"@id\":\"http:\/\/denizcankizil.tr\/en\/haberler\/gundem\/manisada-su-depolarinin-cevresinde-yangin-riskine-karsi-temizlik\/#breadcrumb\",\"itemListElement\":[{\"@type\":\"ListItem\",\"position\":1,\"name\":\"Home\",\"item\":\"https:\/\/denizcankizil.tr\/de\/\"},{\"@type\":\"ListItem\",\"position\":2,\"name\":\"Manisa&#8217;da su depolar\u0131n\u0131n \u00e7evresinde yang\u0131n riskine kar\u015f\u0131 temizlik\"}]},{\"@type\":\"WebSite\",\"@id\":\"https:\/\/denizcankizil.tr\/de\/#website\",\"url\":\"https:\/\/denizcankizil.tr\/de\/\",\"name\":\"Av. Deniz Can K\u0131z\u0131l\",\"description\":\"Avukat Deniz Can K\u0131z\u0131l Antalya Barosu\",\"publisher\":{\"@id\":\"https:\/\/denizcankizil.tr\/de\/#organization\"},\"potentialAction\":[{\"@type\":\"SearchAction\",\"target\":{\"@type\":\"EntryPoint\",\"urlTemplate\":\"https:\/\/denizcankizil.tr\/de\/?s={search_term_string}\"},\"query-input\":{\"@type\":\"PropertyValueSpecification\",\"valueRequired\":true,\"valueName\":\"search_term_string\"}}],\"inLanguage\":\"en-GB\"},{\"@type\":\"Organization\",\"@id\":\"https:\/\/denizcankizil.tr\/de\/#organization\",\"name\":\"Av. Deniz Can K\u0131z\u0131l\",\"url\":\"https:\/\/denizcankizil.tr\/de\/\",\"logo\":{\"@type\":\"ImageObject\",\"inLanguage\":\"en-GB\",\"@id\":\"https:\/\/denizcankizil.tr\/de\/#\/schema\/logo\/image\/\",\"url\":\"http:\/\/denizcankizil.tr\/wp-content\/uploads\/2024\/10\/siyah-logo-svg.svg\",\"contentUrl\":\"http:\/\/denizcankizil.tr\/wp-content\/uploads\/2024\/10\/siyah-logo-svg.svg\",\"width\":1080,\"height\":1080,\"caption\":\"Av. Deniz Can K\u0131z\u0131l\"},\"image\":{\"@id\":\"https:\/\/denizcankizil.tr\/de\/#\/schema\/logo\/image\/\"}},{\"@type\":\"Person\",\"@id\":\"https:\/\/denizcankizil.tr\/de\/#\/schema\/person\/be3c05fe6a12686905512445d8185489\",\"name\":\"admin\",\"image\":{\"@type\":\"ImageObject\",\"inLanguage\":\"en-GB\",\"@id\":\"https:\/\/denizcankizil.tr\/de\/#\/schema\/person\/image\/\",\"url\":\"https:\/\/secure.gravatar.com\/avatar\/c1fce94c830dc79107e174f890d7210541c4a63e8e5d816341794a2151c9d58c?s=96&d=mm&r=g\",\"contentUrl\":\"https:\/\/secure.gravatar.com\/avatar\/c1fce94c830dc79107e174f890d7210541c4a63e8e5d816341794a2151c9d58c?s=96&d=mm&r=g\",\"caption\":\"admin\"},\"sameAs\":[\"http:\/\/denizcankizil.tr\"],\"url\":\"https:\/\/www.iskenderun.org\/manisada-su-depolarinin-cevresinde-yangin-riskine-karsi-temizlik\"}]}<\/script>\n<!-- \/ Yoast SEO Premium plugin. -->","yoast_head_json":{"title":"Manisa'da su depolar\u0131n\u0131n \u00e7evresinde yang\u0131n riskine kar\u015f\u0131 temizlik - Av. Deniz Can K\u0131z\u0131l","robots":{"index":"index","follow":"follow","max-snippet":"max-snippet:-1","max-image-preview":"max-image-preview:large","max-video-preview":"max-video-preview:-1"},"canonical":"http:\/\/denizcankizil.tr\/en\/haberler\/gundem\/manisada-su-depolarinin-cevresinde-yangin-riskine-karsi-temizlik\/","og_locale":"en_GB","og_type":"article","og_title":"Manisa'da su depolar\u0131n\u0131n \u00e7evresinde yang\u0131n riskine kar\u015f\u0131 temizlik","og_description":"Manisa B\u00fcy\u00fck\u015fehir Belediyesi ile Manisa Su ve Kanalizasyon \u0130daresi (MASK\u0130) Genel M\u00fcd\u00fcrl\u00fc\u011f\u00fc, i\u00e7me suyu depolar\u0131n\u0131n \u00e7evresinde temizlik \u00e7al\u0131\u015fmas\u0131 ger\u00e7ekle\u015ftirdi. Depo alanlar\u0131nda kuru otlar ve yabani bitkiler temizlenirken budama ve \u00e7im bi\u00e7me i\u015flemleri de ger\u00e7ekle\u015ftirildi.MAN\u0130SA (\u0130GFA) &#8211; Yaz mevsiminin getirdi\u011fi kurakl\u0131k ve s\u0131cakl\u0131kla birlikte artan yang\u0131n riskine kar\u015f\u0131 al\u0131nan \u00f6nlemler kapsam\u0131nda Manisa B\u00fcy\u00fck\u015fehir Belediyesi Kent Esteti\u011fi Dairesi Ba\u015fkanl\u0131\u011f\u0131 Ye\u015fil Alanlar Bak\u0131m ve Uygulama \u015eube M\u00fcd\u00fcrl\u00fc\u011f\u00fc ve MASK\u0130 ekipleri kapsaml\u0131 bir temizlik \u00e7al\u0131\u015fmas\u0131 y\u00fcr\u00fct\u00fcyor. Kent Esteti\u011fi Dairesi Ba\u015fkan\u0131 M\u00fcge T\u00fcrkeli Ku\u011fu ile MASK\u0130 \u0130\u00e7me Suyu Dairesi Ba\u015fkan\u0131 Necip Kurtar\u0131c\u0131 da \u00e7al\u0131\u015fmalar\u0131 yerinde inceledi. M\u00fcge T\u00fcrkeli Ku\u011fu, \u201cMASK\u0130 Genel M\u00fcd\u00fcrl\u00fc\u011f\u00fcm\u00fcz ile i\u015f birli\u011fi i\u00e7inde y\u00fcr\u00fctt\u00fc\u011f\u00fcm\u00fcz \u00e7al\u0131\u015fmada, ot temizli\u011fi, budama, form ve \u00e7im bi\u00e7me gibi i\u015flemler ger\u00e7ekle\u015ftiriliyor. T\u00fcm depolarda devam edecek bu uygulamayla i\u00e7me suyu depolar\u0131m\u0131z\u0131n \u00e7evresi yang\u0131n riskine kar\u015f\u0131 korunurken daha d\u00fczenli ve estetik bir g\u00f6r\u00fcn\u00fcme de kavu\u015facak. Vatanda\u015flar\u0131m\u0131zdan da \u00e7evre temizli\u011fi ve yang\u0131n riski konusunda duyarl\u0131l\u0131k bekliyoruz\u201d dedi. \u201cHEM \u00c7EVREY\u0130 HEM HALK SA\u011eLI\u011eINI KORUYORUZ\u201d \u0130\u00e7me Suyu Daire Ba\u015fkan\u0131 Necip Kurtar\u0131c\u0131 ise \u201cSu depolar\u0131 gibi kritik altyap\u0131 alanlar\u0131n\u0131n \u00e7evresinde periyodik bak\u0131m ve temizlik faaliyetlerini B\u00fcy\u00fck\u015fehir Belediyemiz ile i\u015f birli\u011fi i\u00e7erisinde s\u00fcrd\u00fcr\u00fcyoruz. Bu \u00e7al\u0131\u015fmalarla \u00e7evresel riskleri azalt\u0131p halk sa\u011fl\u0131\u011f\u0131n\u0131 koruma y\u00f6n\u00fcnde \u00f6nemli bir ad\u0131m at\u0131yoruz\u201d diye konu\u015ftu, \u200bManisa B\u00fcy\u00fck\u015fehir Belediyesi ile Manisa Su ve &hellip;","og_url":"http:\/\/denizcankizil.tr\/en\/haberler\/gundem\/manisada-su-depolarinin-cevresinde-yangin-riskine-karsi-temizlik\/","og_site_name":"Av. Deniz Can K\u0131z\u0131l","article_published_time":"2025-07-04T12:42:28+00:00","author":"admin","twitter_card":"summary_large_image","twitter_misc":{"Written by":"admin","Estimated reading time":"3 minutes"},"schema":{"@context":"https:\/\/schema.org","@graph":[{"@type":"Article","@id":"http:\/\/denizcankizil.tr\/en\/haberler\/gundem\/manisada-su-depolarinin-cevresinde-yangin-riskine-karsi-temizlik\/#article","isPartOf":{"@id":"http:\/\/denizcankizil.tr\/en\/haberler\/gundem\/manisada-su-depolarinin-cevresinde-yangin-riskine-karsi-temizlik\/"},"author":{"name":"admin","@id":"https:\/\/denizcankizil.tr\/de\/#\/schema\/person\/be3c05fe6a12686905512445d8185489"},"headline":"Manisa&#8217;da su depolar\u0131n\u0131n \u00e7evresinde yang\u0131n riskine kar\u015f\u0131 temizlik","datePublished":"2025-07-04T12:42:28+00:00","mainEntityOfPage":{"@id":"http:\/\/denizcankizil.tr\/en\/haberler\/gundem\/manisada-su-depolarinin-cevresinde-yangin-riskine-karsi-temizlik\/"},"wordCount":620,"publisher":{"@id":"https:\/\/denizcankizil.tr\/de\/#organization"},"articleSection":["G\u00fcndem"],"inLanguage":"en-GB"},{"@type":"WebPage","@id":"http:\/\/denizcankizil.tr\/en\/haberler\/gundem\/manisada-su-depolarinin-cevresinde-yangin-riskine-karsi-temizlik\/","url":"http:\/\/denizcankizil.tr\/en\/haberler\/gundem\/manisada-su-depolarinin-cevresinde-yangin-riskine-karsi-temizlik\/","name":"Manisa'da su depolar\u0131n\u0131n \u00e7evresinde yang\u0131n riskine kar\u015f\u0131 temizlik - Av. Deniz Can K\u0131z\u0131l","isPartOf":{"@id":"https:\/\/denizcankizil.tr\/de\/#website"},"datePublished":"2025-07-04T12:42:28+00:00","breadcrumb":{"@id":"http:\/\/denizcankizil.tr\/en\/haberler\/gundem\/manisada-su-depolarinin-cevresinde-yangin-riskine-karsi-temizlik\/#breadcrumb"},"inLanguage":"en-GB","potentialAction":[{"@type":"ReadAction","target":["http:\/\/denizcankizil.tr\/en\/haberler\/gundem\/manisada-su-depolarinin-cevresinde-yangin-riskine-karsi-temizlik\/"]}]},{"@type":"BreadcrumbList","@id":"http:\/\/denizcankizil.tr\/en\/haberler\/gundem\/manisada-su-depolarinin-cevresinde-yangin-riskine-karsi-temizlik\/#breadcrumb","itemListElement":[{"@type":"ListItem","position":1,"name":"Home","item":"https:\/\/denizcankizil.tr\/de\/"},{"@type":"ListItem","position":2,"name":"Manisa&#8217;da su depolar\u0131n\u0131n \u00e7evresinde yang\u0131n riskine kar\u015f\u0131 temizlik"}]},{"@type":"WebSite","@id":"https:\/\/denizcankizil.tr\/de\/#website","url":"https:\/\/denizcankizil.tr\/de\/","name":"Av. Deniz Can K\u0131z\u0131l","description":"Avukat Deniz Can K\u0131z\u0131l Antalya Barosu","publisher":{"@id":"https:\/\/denizcankizil.tr\/de\/#organization"},"potentialAction":[{"@type":"SearchAction","target":{"@type":"EntryPoint","urlTemplate":"https:\/\/denizcankizil.tr\/de\/?s={search_term_string}"},"query-input":{"@type":"PropertyValueSpecification","valueRequired":true,"valueName":"search_term_string"}}],"inLanguage":"en-GB"},{"@type":"Organization","@id":"https:\/\/denizcankizil.tr\/de\/#organization","name":"Av. Deniz Can K\u0131z\u0131l","url":"https:\/\/denizcankizil.tr\/de\/","logo":{"@type":"ImageObject","inLanguage":"en-GB","@id":"https:\/\/denizcankizil.tr\/de\/#\/schema\/logo\/image\/","url":"http:\/\/denizcankizil.tr\/wp-content\/uploads\/2024\/10\/siyah-logo-svg.svg","contentUrl":"http:\/\/denizcankizil.tr\/wp-content\/uploads\/2024\/10\/siyah-logo-svg.svg","width":1080,"height":1080,"caption":"Av. Deniz Can K\u0131z\u0131l"},"image":{"@id":"https:\/\/denizcankizil.tr\/de\/#\/schema\/logo\/image\/"}},{"@type":"Person","@id":"https:\/\/denizcankizil.tr\/de\/#\/schema\/person\/be3c05fe6a12686905512445d8185489","name":"admin","image":{"@type":"ImageObject","inLanguage":"en-GB","@id":"https:\/\/denizcankizil.tr\/de\/#\/schema\/person\/image\/","url":"https:\/\/secure.gravatar.com\/avatar\/c1fce94c830dc79107e174f890d7210541c4a63e8e5d816341794a2151c9d58c?s=96&d=mm&r=g","contentUrl":"https:\/\/secure.gravatar.com\/avatar\/c1fce94c830dc79107e174f890d7210541c4a63e8e5d816341794a2151c9d58c?s=96&d=mm&r=g","caption":"admin"},"sameAs":["http:\/\/denizcankizil.tr"],"url":"https:\/\/www.iskenderun.org\/manisada-su-depolarinin-cevresinde-yangin-riskine-karsi-temizlik"}]}},"_links":{"self":[{"href":"http:\/\/denizcankizil.tr\/en\/wp-json\/wp\/v2\/posts\/135823","targetHints":{"allow":["GET"]}}],"collection":[{"href":"http:\/\/denizcankizil.tr\/en\/wp-json\/wp\/v2\/posts"}],"about":[{"href":"http:\/\/denizcankizil.tr\/en\/wp-json\/wp\/v2\/types\/post"}],"author":[{"embeddable":true,"href":"http:\/\/denizcankizil.tr\/en\/wp-json\/wp\/v2\/users\/1"}],"replies":[{"embeddable":true,"href":"http:\/\/denizcankizil.tr\/en\/wp-json\/wp\/v2\/comments?post=135823"}],"version-history":[{"count":0,"href":"http:\/\/denizcankizil.tr\/en\/wp-json\/wp\/v2\/posts\/135823\/revisions"}],"wp:attachment":[{"href":"http:\/\/denizcankizil.tr\/en\/wp-json\/wp\/v2\/media?parent=135823"}],"wp:term":[{"taxonomy":"category","embeddable":true,"href":"http:\/\/denizcankizil.tr\/en\/wp-json\/wp\/v2\/categories?post=135823"},{"taxonomy":"post_tag","embeddable":true,"href":"http:\/\/denizcankizil.tr\/en\/wp-json\/wp\/v2\/tags?post=135823"}],"curies":[{"name":"wp","href":"https:\/\/api.w.org\/{rel}","templated":true}]}}