{"id":134877,"date":"2025-07-03T18:42:40","date_gmt":"2025-07-03T15:42:40","guid":{"rendered":"https:\/\/denizcankizil.tr\/uncategorized-tr\/izmir-odemiste-yanginla-mucadele-suruyor\/"},"modified":"2025-07-03T18:42:40","modified_gmt":"2025-07-03T15:42:40","slug":"izmir-odemiste-yanginla-mucadele-suruyor","status":"publish","type":"post","link":"http:\/\/denizcankizil.tr\/en\/haberler\/gundem\/izmir-odemiste-yanginla-mucadele-suruyor\/","title":{"rendered":"\u0130zmir \u00d6demi\u015f\u2019te yang\u0131nla m\u00fccadele s\u00fcr\u00fcyor"},"content":{"rendered":"<p>\u0130zmir B\u00fcy\u00fck\u015fehir Belediyesi \u0130tfaiye Dairesi Ba\u015fkanl\u0131\u011f\u0131 ekipleri \u00d6demi\u015f&#8217;te r\u00fczgar\u0131n da etkisiyle \u00fc\u00e7 k\u00f6y\u00fc tehdit eden yang\u0131nla m\u00fccadele \u00e7al\u0131\u015fmalar\u0131n\u0131 \u00e7ok say\u0131da personel ve 20 ara\u00e7la s\u00fcrd\u00fcr\u00fcyor.\u00a0\u0130ZM\u0130R (\u0130GFA) &#8211; \u0130zmir B\u00fcy\u00fck\u015fehir Belediyesi \u0130tfaiye Dairesi Ba\u015fkanl\u0131\u011f\u0131 ekipleri 20 ara\u00e7 ve \u00e7ok say\u0131da personel ile d\u00fcn ak\u015fam saatlerinde \u00d6demi\u015f&#8217;in Tosunlar Mahallesi Manast\u0131r b\u00f6lgesinde \u00e7\u0131kan orman yang\u0131n\u0131yla m\u00fccadelesini s\u00fcrd\u00fcr\u00fcyor. Elektrik tellerinden \u00e7\u0131kt\u0131\u011f\u0131 tahmin edilen yang\u0131n sabah saatlerinde \u015fiddetli r\u00fczgar\u0131n etkisiyle yeniden alevlendi. Vadide kalan 50 haneli Tosunlar Mahallesi&#8217;nde 30 ev yand\u0131. Su\u00e7\u0131kt\u0131 Mahallesi&#8217;nde ise ilk belirlemelere g\u00f6re 3 ev zarar g\u00f6r\u00fcrken yanan evlere m\u00fcdahale devam ediyor. K\u00f6seler Mahallesi&#8217;ne do\u011fru ilerleyen alevlerin \u00f6n\u00fcne ge\u00e7mek i\u00e7in \u0130zmir \u0130tfaiyesi&#8217;nin yan\u0131 s\u0131ra \u0130zmir Orman B\u00f6lge M\u00fcd\u00fcrl\u00fc\u011f\u00fc, AFAD, \u0130zmir B\u00fcy\u00fck\u015fehir Belediyesi \u0130ZSU ekipleri, jandarma, emniyet ekipleri, \u00e7evre illerden ve il\u00e7e belediyelerinden gelen ekipler havadan ve karadan m\u00fcdahaleyi s\u00fcrd\u00fcr\u00fcyor. \u0130zmir \u0130tfaiyesi Su\u00e7\u0131kt\u0131 Mahallesi&#8217;nde yanan evleri korumak i\u00e7in s\u00f6nd\u00fcrme \u00e7al\u0131\u015fmalar\u0131na devam ederken,  K\u00f6seler Mahallesi&#8217;nde alevlerin k\u00f6ye inmesini engellemek i\u00e7in de canla ba\u015fla \u00e7al\u0131\u015f\u0131yor.  Tedbir ama\u00e7l\u0131 \u00dcz\u00fcml\u00fc Mahallesi\u2019nin de tahliye edildi\u011fi bildirildi. <\/p>\n<p>HAYVANLAR KAMYONLARLA TAHL\u0130YE ED\u0130L\u0130YOR<br \/>\nGeceden beri ekipler Tosunlar, Su\u00e7\u0131kt\u0131 ve K\u00f6seler mahallelerinde ya\u015fayan yurtta\u015flar\u0131 tahliye etmek i\u00e7in \u00e7al\u0131\u015fmalar\u0131na devam ediyor. Yang\u0131n\u0131n tehdit etti\u011fi K\u00f6seler&#8217;de camiden anons yap\u0131larak tahliye \u00e7a\u011fr\u0131lar\u0131 yinelendi. K\u00f6yde arama kurtarma ekipleri evleri teker teker kontrol ederek vatanda\u015flar\u0131 tahliye etti. \u00d6te yandan k\u00f6ydeki hayvanlar\u0131 kurtarmak i\u00e7in de seferberlik ba\u015flad\u0131. K\u00f6ye gelen kamyonlarla hayvanlar h\u0131zla b\u00f6lgeden uzakla\u015ft\u0131r\u0131l\u0131yor.<\/p>\n<p>\u200b\u0130zmir B\u00fcy\u00fck\u015fehir Belediyesi \u0130tfaiye Dairesi Ba\u015fkanl\u0131\u011f\u0131 ekipleri \u00d6demi\u015f&#8217;te r\u00fczgar\u0131n da etkisiyle \u00fc\u00e7 k\u00f6y\u00fc tehdit eden yang\u0131nla m\u00fccadele \u00e7al\u0131\u015fmalar\u0131n\u0131 \u00e7ok say\u0131da personel ve 20 ara\u00e7la s\u00fcrd\u00fcr\u00fcyor.\u00a0\u0130ZM\u0130R (\u0130GFA) &#8211; \u0130zmir B\u00fcy\u00fck\u015fehir Belediyesi \u0130tfaiye Dairesi Ba\u015fkanl\u0131\u011f\u0131 ekipleri 20 ara\u00e7 ve \u00e7ok say\u0131da personel ile d\u00fcn ak\u015fam saatlerinde \u00d6demi\u015f&#8217;in Tosunlar Mahallesi Manast\u0131r b\u00f6lgesinde \u00e7\u0131kan orman yang\u0131n\u0131yla m\u00fccadelesini s\u00fcrd\u00fcr\u00fcyor. Elektrik tellerinden \u00e7\u0131kt\u0131\u011f\u0131 tahmin edilen yang\u0131n sabah saatlerinde \u015fiddetli r\u00fczgar\u0131n etkisiyle yeniden alevlendi. Vadide kalan 50 haneli Tosunlar Mahallesi&#8217;nde 30 ev yand\u0131. Su\u00e7\u0131kt\u0131 Mahallesi&#8217;nde ise ilk belirlemelere g\u00f6re 3 ev zarar g\u00f6r\u00fcrken yanan evlere m\u00fcdahale devam ediyor. K\u00f6seler Mahallesi&#8217;ne do\u011fru ilerleyen alevlerin \u00f6n\u00fcne ge\u00e7mek i\u00e7in \u0130zmir \u0130tfaiyesi&#8217;nin yan\u0131 s\u0131ra \u0130zmir Orman B\u00f6lge M\u00fcd\u00fcrl\u00fc\u011f\u00fc, AFAD, \u0130zmir B\u00fcy\u00fck\u015fehir Belediyesi \u0130ZSU ekipleri, jandarma, emniyet ekipleri, \u00e7evre illerden ve il\u00e7e belediyelerinden gelen ekipler havadan ve karadan m\u00fcdahaleyi s\u00fcrd\u00fcr\u00fcyor. \u0130zmir \u0130tfaiyesi Su\u00e7\u0131kt\u0131 Mahallesi&#8217;nde yanan evleri korumak i\u00e7in s\u00f6nd\u00fcrme \u00e7al\u0131\u015fmalar\u0131na devam ederken,  K\u00f6seler Mahallesi&#8217;nde alevlerin k\u00f6ye inmesini engellemek i\u00e7in de canla ba\u015fla \u00e7al\u0131\u015f\u0131yor.  Tedbir ama\u00e7l\u0131 \u00dcz\u00fcml\u00fc Mahallesi\u2019nin de tahliye edildi\u011fi bildirildi. <\/p>\n<p>HAYVANLAR KAMYONLARLA TAHL\u0130YE ED\u0130L\u0130YOR<br \/>\nGeceden beri ekipler Tosunlar, Su\u00e7\u0131kt\u0131 ve K\u00f6seler mahallelerinde ya\u015fayan yurtta\u015flar\u0131 tahliye etmek i\u00e7in \u00e7al\u0131\u015fmalar\u0131na devam ediyor. Yang\u0131n\u0131n tehdit etti\u011fi K\u00f6seler&#8217;de camiden anons yap\u0131larak tahliye \u00e7a\u011fr\u0131lar\u0131 yinelendi. K\u00f6yde arama kurtarma ekipleri evleri teker teker kontrol ederek vatanda\u015flar\u0131 tahliye etti. \u00d6te yandan k\u00f6ydeki hayvanlar\u0131 kurtarmak i\u00e7in de seferberlik ba\u015flad\u0131. K\u00f6ye gelen kamyonlarla hayvanlar h\u0131zla b\u00f6lgeden uzakla\u015ft\u0131r\u0131l\u0131yor.\u00a0<\/p>\n<p>\u200bHaberin Al\u0131nt\u0131land\u0131\u011f\u0131 Kaynak: www.iskenderun.org<\/p>","protected":false},"excerpt":{"rendered":"<p>\u0130zmir B\u00fcy\u00fck\u015fehir Belediyesi \u0130tfaiye Dairesi Ba\u015fkanl\u0131\u011f\u0131 ekipleri \u00d6demi\u015f&#8217;te r\u00fczgar\u0131n da etkisiyle \u00fc\u00e7 k\u00f6y\u00fc tehdit eden yang\u0131nla m\u00fccadele \u00e7al\u0131\u015fmalar\u0131n\u0131 \u00e7ok say\u0131da personel ve 20 ara\u00e7la s\u00fcrd\u00fcr\u00fcyor.\u00a0\u0130ZM\u0130R (\u0130GFA) &#8211; \u0130zmir B\u00fcy\u00fck\u015fehir Belediyesi \u0130tfaiye Dairesi Ba\u015fkanl\u0131\u011f\u0131 ekipleri 20 ara\u00e7 ve \u00e7ok say\u0131da personel ile d\u00fcn ak\u015fam saatlerinde \u00d6demi\u015f&#8217;in Tosunlar Mahallesi Manast\u0131r b\u00f6lgesinde \u00e7\u0131kan orman yang\u0131n\u0131yla m\u00fccadelesini s\u00fcrd\u00fcr\u00fcyor. Elektrik tellerinden \u00e7\u0131kt\u0131\u011f\u0131 tahmin edilen yang\u0131n sabah saatlerinde \u015fiddetli r\u00fczgar\u0131n etkisiyle yeniden alevlendi. Vadide kalan 50 haneli Tosunlar Mahallesi&#8217;nde 30 ev yand\u0131. Su\u00e7\u0131kt\u0131 Mahallesi&#8217;nde ise ilk belirlemelere g\u00f6re 3 ev zarar g\u00f6r\u00fcrken yanan evlere m\u00fcdahale devam ediyor. K\u00f6seler Mahallesi&#8217;ne do\u011fru ilerleyen alevlerin \u00f6n\u00fcne ge\u00e7mek i\u00e7in \u0130zmir \u0130tfaiyesi&#8217;nin yan\u0131 s\u0131ra \u0130zmir Orman B\u00f6lge M\u00fcd\u00fcrl\u00fc\u011f\u00fc, AFAD, \u0130zmir B\u00fcy\u00fck\u015fehir Belediyesi \u0130ZSU ekipleri, jandarma, emniyet ekipleri, \u00e7evre illerden ve il\u00e7e belediyelerinden gelen ekipler havadan ve karadan m\u00fcdahaleyi s\u00fcrd\u00fcr\u00fcyor. \u0130zmir \u0130tfaiyesi Su\u00e7\u0131kt\u0131 Mahallesi&#8217;nde yanan evleri korumak i\u00e7in s\u00f6nd\u00fcrme \u00e7al\u0131\u015fmalar\u0131na devam ederken, K\u00f6seler Mahallesi&#8217;nde alevlerin k\u00f6ye inmesini engellemek i\u00e7in de canla ba\u015fla \u00e7al\u0131\u015f\u0131yor. Tedbir ama\u00e7l\u0131 \u00dcz\u00fcml\u00fc Mahallesi\u2019nin de tahliye edildi\u011fi bildirildi. HAYVANLAR KAMYONLARLA TAHL\u0130YE ED\u0130L\u0130YOR Geceden beri ekipler Tosunlar, Su\u00e7\u0131kt\u0131 ve K\u00f6seler mahallelerinde ya\u015fayan yurtta\u015flar\u0131 tahliye etmek i\u00e7in \u00e7al\u0131\u015fmalar\u0131na devam ediyor. Yang\u0131n\u0131n tehdit etti\u011fi K\u00f6seler&#8217;de camiden anons yap\u0131larak tahliye \u00e7a\u011fr\u0131lar\u0131 yinelendi. K\u00f6yde arama kurtarma ekipleri evleri teker teker kontrol ederek vatanda\u015flar\u0131 tahliye &hellip;<\/p>","protected":false},"author":1,"featured_media":0,"comment_status":"","ping_status":"open","sticky":false,"template":"","format":"standard","meta":{"_acf_changed":false,"footnotes":""},"categories":[24],"tags":[],"class_list":["post-134877","post","type-post","status-publish","format-standard","has-post-thumbnail","hentry","category-gundem"],"acf":[],"yoast_head":"<!-- This site is optimized with the Yoast SEO Premium plugin v26.6 (Yoast SEO v27.1.1) - https:\/\/yoast.com\/product\/yoast-seo-premium-wordpress\/ -->\n<title>\u0130zmir \u00d6demi\u015f\u2019te yang\u0131nla m\u00fccadele s\u00fcr\u00fcyor - Av. Deniz Can K\u0131z\u0131l<\/title>\n<meta name=\"robots\" content=\"index, follow, max-snippet:-1, max-image-preview:large, max-video-preview:-1\" \/>\n<link rel=\"canonical\" href=\"http:\/\/denizcankizil.tr\/en\/haberler\/gundem\/izmir-odemiste-yanginla-mucadele-suruyor\/\" \/>\n<meta property=\"og:locale\" content=\"en_GB\" \/>\n<meta property=\"og:type\" content=\"article\" \/>\n<meta property=\"og:title\" content=\"\u0130zmir \u00d6demi\u015f\u2019te yang\u0131nla m\u00fccadele s\u00fcr\u00fcyor\" \/>\n<meta property=\"og:description\" content=\"\u0130zmir B\u00fcy\u00fck\u015fehir Belediyesi \u0130tfaiye Dairesi Ba\u015fkanl\u0131\u011f\u0131 ekipleri \u00d6demi\u015f&#8217;te r\u00fczgar\u0131n da etkisiyle \u00fc\u00e7 k\u00f6y\u00fc tehdit eden yang\u0131nla m\u00fccadele \u00e7al\u0131\u015fmalar\u0131n\u0131 \u00e7ok say\u0131da personel ve 20 ara\u00e7la s\u00fcrd\u00fcr\u00fcyor.\u00a0\u0130ZM\u0130R (\u0130GFA) &#8211; \u0130zmir B\u00fcy\u00fck\u015fehir Belediyesi \u0130tfaiye Dairesi Ba\u015fkanl\u0131\u011f\u0131 ekipleri 20 ara\u00e7 ve \u00e7ok say\u0131da personel ile d\u00fcn ak\u015fam saatlerinde \u00d6demi\u015f&#8217;in Tosunlar Mahallesi Manast\u0131r b\u00f6lgesinde \u00e7\u0131kan orman yang\u0131n\u0131yla m\u00fccadelesini s\u00fcrd\u00fcr\u00fcyor. Elektrik tellerinden \u00e7\u0131kt\u0131\u011f\u0131 tahmin edilen yang\u0131n sabah saatlerinde \u015fiddetli r\u00fczgar\u0131n etkisiyle yeniden alevlendi. Vadide kalan 50 haneli Tosunlar Mahallesi&#8217;nde 30 ev yand\u0131. Su\u00e7\u0131kt\u0131 Mahallesi&#8217;nde ise ilk belirlemelere g\u00f6re 3 ev zarar g\u00f6r\u00fcrken yanan evlere m\u00fcdahale devam ediyor. K\u00f6seler Mahallesi&#8217;ne do\u011fru ilerleyen alevlerin \u00f6n\u00fcne ge\u00e7mek i\u00e7in \u0130zmir \u0130tfaiyesi&#8217;nin yan\u0131 s\u0131ra \u0130zmir Orman B\u00f6lge M\u00fcd\u00fcrl\u00fc\u011f\u00fc, AFAD, \u0130zmir B\u00fcy\u00fck\u015fehir Belediyesi \u0130ZSU ekipleri, jandarma, emniyet ekipleri, \u00e7evre illerden ve il\u00e7e belediyelerinden gelen ekipler havadan ve karadan m\u00fcdahaleyi s\u00fcrd\u00fcr\u00fcyor. \u0130zmir \u0130tfaiyesi Su\u00e7\u0131kt\u0131 Mahallesi&#8217;nde yanan evleri korumak i\u00e7in s\u00f6nd\u00fcrme \u00e7al\u0131\u015fmalar\u0131na devam ederken, K\u00f6seler Mahallesi&#8217;nde alevlerin k\u00f6ye inmesini engellemek i\u00e7in de canla ba\u015fla \u00e7al\u0131\u015f\u0131yor. Tedbir ama\u00e7l\u0131 \u00dcz\u00fcml\u00fc Mahallesi\u2019nin de tahliye edildi\u011fi bildirildi. HAYVANLAR KAMYONLARLA TAHL\u0130YE ED\u0130L\u0130YOR Geceden beri ekipler Tosunlar, Su\u00e7\u0131kt\u0131 ve K\u00f6seler mahallelerinde ya\u015fayan yurtta\u015flar\u0131 tahliye etmek i\u00e7in \u00e7al\u0131\u015fmalar\u0131na devam ediyor. Yang\u0131n\u0131n tehdit etti\u011fi K\u00f6seler&#8217;de camiden anons yap\u0131larak tahliye \u00e7a\u011fr\u0131lar\u0131 yinelendi. K\u00f6yde arama kurtarma ekipleri evleri teker teker kontrol ederek vatanda\u015flar\u0131 tahliye &hellip;\" \/>\n<meta property=\"og:url\" content=\"http:\/\/denizcankizil.tr\/en\/haberler\/gundem\/izmir-odemiste-yanginla-mucadele-suruyor\/\" \/>\n<meta property=\"og:site_name\" content=\"Av. Deniz Can K\u0131z\u0131l\" \/>\n<meta property=\"article:published_time\" content=\"2025-07-03T15:42:40+00:00\" \/>\n<meta name=\"author\" content=\"admin\" \/>\n<meta name=\"twitter:card\" content=\"summary_large_image\" \/>\n<meta name=\"twitter:label1\" content=\"Written by\" \/>\n\t<meta name=\"twitter:data1\" content=\"admin\" \/>\n\t<meta name=\"twitter:label2\" content=\"Estimated reading time\" \/>\n\t<meta name=\"twitter:data2\" content=\"3 minutes\" \/>\n<script type=\"application\/ld+json\" class=\"yoast-schema-graph\">{\"@context\":\"https:\/\/schema.org\",\"@graph\":[{\"@type\":\"Article\",\"@id\":\"http:\/\/denizcankizil.tr\/en\/haberler\/gundem\/izmir-odemiste-yanginla-mucadele-suruyor\/#article\",\"isPartOf\":{\"@id\":\"http:\/\/denizcankizil.tr\/en\/haberler\/gundem\/izmir-odemiste-yanginla-mucadele-suruyor\/\"},\"author\":{\"name\":\"admin\",\"@id\":\"https:\/\/denizcankizil.tr\/de\/#\/schema\/person\/be3c05fe6a12686905512445d8185489\"},\"headline\":\"\u0130zmir \u00d6demi\u015f\u2019te yang\u0131nla m\u00fccadele s\u00fcr\u00fcyor\",\"datePublished\":\"2025-07-03T15:42:40+00:00\",\"mainEntityOfPage\":{\"@id\":\"http:\/\/denizcankizil.tr\/en\/haberler\/gundem\/izmir-odemiste-yanginla-mucadele-suruyor\/\"},\"wordCount\":662,\"publisher\":{\"@id\":\"https:\/\/denizcankizil.tr\/de\/#organization\"},\"articleSection\":[\"G\u00fcndem\"],\"inLanguage\":\"en-GB\"},{\"@type\":\"WebPage\",\"@id\":\"http:\/\/denizcankizil.tr\/en\/haberler\/gundem\/izmir-odemiste-yanginla-mucadele-suruyor\/\",\"url\":\"http:\/\/denizcankizil.tr\/en\/haberler\/gundem\/izmir-odemiste-yanginla-mucadele-suruyor\/\",\"name\":\"\u0130zmir \u00d6demi\u015f\u2019te yang\u0131nla m\u00fccadele s\u00fcr\u00fcyor - Av. Deniz Can K\u0131z\u0131l\",\"isPartOf\":{\"@id\":\"https:\/\/denizcankizil.tr\/de\/#website\"},\"datePublished\":\"2025-07-03T15:42:40+00:00\",\"breadcrumb\":{\"@id\":\"http:\/\/denizcankizil.tr\/en\/haberler\/gundem\/izmir-odemiste-yanginla-mucadele-suruyor\/#breadcrumb\"},\"inLanguage\":\"en-GB\",\"potentialAction\":[{\"@type\":\"ReadAction\",\"target\":[\"http:\/\/denizcankizil.tr\/en\/haberler\/gundem\/izmir-odemiste-yanginla-mucadele-suruyor\/\"]}]},{\"@type\":\"BreadcrumbList\",\"@id\":\"http:\/\/denizcankizil.tr\/en\/haberler\/gundem\/izmir-odemiste-yanginla-mucadele-suruyor\/#breadcrumb\",\"itemListElement\":[{\"@type\":\"ListItem\",\"position\":1,\"name\":\"Home\",\"item\":\"https:\/\/denizcankizil.tr\/de\/\"},{\"@type\":\"ListItem\",\"position\":2,\"name\":\"\u0130zmir \u00d6demi\u015f\u2019te yang\u0131nla m\u00fccadele s\u00fcr\u00fcyor\"}]},{\"@type\":\"WebSite\",\"@id\":\"https:\/\/denizcankizil.tr\/de\/#website\",\"url\":\"https:\/\/denizcankizil.tr\/de\/\",\"name\":\"Av. Deniz Can K\u0131z\u0131l\",\"description\":\"Avukat Deniz Can K\u0131z\u0131l Antalya Barosu\",\"publisher\":{\"@id\":\"https:\/\/denizcankizil.tr\/de\/#organization\"},\"potentialAction\":[{\"@type\":\"SearchAction\",\"target\":{\"@type\":\"EntryPoint\",\"urlTemplate\":\"https:\/\/denizcankizil.tr\/de\/?s={search_term_string}\"},\"query-input\":{\"@type\":\"PropertyValueSpecification\",\"valueRequired\":true,\"valueName\":\"search_term_string\"}}],\"inLanguage\":\"en-GB\"},{\"@type\":\"Organization\",\"@id\":\"https:\/\/denizcankizil.tr\/de\/#organization\",\"name\":\"Av. Deniz Can K\u0131z\u0131l\",\"url\":\"https:\/\/denizcankizil.tr\/de\/\",\"logo\":{\"@type\":\"ImageObject\",\"inLanguage\":\"en-GB\",\"@id\":\"https:\/\/denizcankizil.tr\/de\/#\/schema\/logo\/image\/\",\"url\":\"http:\/\/denizcankizil.tr\/wp-content\/uploads\/2024\/10\/siyah-logo-svg.svg\",\"contentUrl\":\"http:\/\/denizcankizil.tr\/wp-content\/uploads\/2024\/10\/siyah-logo-svg.svg\",\"width\":1080,\"height\":1080,\"caption\":\"Av. Deniz Can K\u0131z\u0131l\"},\"image\":{\"@id\":\"https:\/\/denizcankizil.tr\/de\/#\/schema\/logo\/image\/\"}},{\"@type\":\"Person\",\"@id\":\"https:\/\/denizcankizil.tr\/de\/#\/schema\/person\/be3c05fe6a12686905512445d8185489\",\"name\":\"admin\",\"image\":{\"@type\":\"ImageObject\",\"inLanguage\":\"en-GB\",\"@id\":\"https:\/\/denizcankizil.tr\/de\/#\/schema\/person\/image\/\",\"url\":\"https:\/\/secure.gravatar.com\/avatar\/c1fce94c830dc79107e174f890d7210541c4a63e8e5d816341794a2151c9d58c?s=96&d=mm&r=g\",\"contentUrl\":\"https:\/\/secure.gravatar.com\/avatar\/c1fce94c830dc79107e174f890d7210541c4a63e8e5d816341794a2151c9d58c?s=96&d=mm&r=g\",\"caption\":\"admin\"},\"sameAs\":[\"http:\/\/denizcankizil.tr\"],\"url\":\"https:\/\/www.iskenderun.org\/izmir-odemiste-yanginla-mucadele-suruyor\"}]}<\/script>\n<!-- \/ Yoast SEO Premium plugin. -->","yoast_head_json":{"title":"\u0130zmir \u00d6demi\u015f\u2019te yang\u0131nla m\u00fccadele s\u00fcr\u00fcyor - Av. Deniz Can K\u0131z\u0131l","robots":{"index":"index","follow":"follow","max-snippet":"max-snippet:-1","max-image-preview":"max-image-preview:large","max-video-preview":"max-video-preview:-1"},"canonical":"http:\/\/denizcankizil.tr\/en\/haberler\/gundem\/izmir-odemiste-yanginla-mucadele-suruyor\/","og_locale":"en_GB","og_type":"article","og_title":"\u0130zmir \u00d6demi\u015f\u2019te yang\u0131nla m\u00fccadele s\u00fcr\u00fcyor","og_description":"\u0130zmir B\u00fcy\u00fck\u015fehir Belediyesi \u0130tfaiye Dairesi Ba\u015fkanl\u0131\u011f\u0131 ekipleri \u00d6demi\u015f&#8217;te r\u00fczgar\u0131n da etkisiyle \u00fc\u00e7 k\u00f6y\u00fc tehdit eden yang\u0131nla m\u00fccadele \u00e7al\u0131\u015fmalar\u0131n\u0131 \u00e7ok say\u0131da personel ve 20 ara\u00e7la s\u00fcrd\u00fcr\u00fcyor.\u00a0\u0130ZM\u0130R (\u0130GFA) &#8211; \u0130zmir B\u00fcy\u00fck\u015fehir Belediyesi \u0130tfaiye Dairesi Ba\u015fkanl\u0131\u011f\u0131 ekipleri 20 ara\u00e7 ve \u00e7ok say\u0131da personel ile d\u00fcn ak\u015fam saatlerinde \u00d6demi\u015f&#8217;in Tosunlar Mahallesi Manast\u0131r b\u00f6lgesinde \u00e7\u0131kan orman yang\u0131n\u0131yla m\u00fccadelesini s\u00fcrd\u00fcr\u00fcyor. Elektrik tellerinden \u00e7\u0131kt\u0131\u011f\u0131 tahmin edilen yang\u0131n sabah saatlerinde \u015fiddetli r\u00fczgar\u0131n etkisiyle yeniden alevlendi. Vadide kalan 50 haneli Tosunlar Mahallesi&#8217;nde 30 ev yand\u0131. Su\u00e7\u0131kt\u0131 Mahallesi&#8217;nde ise ilk belirlemelere g\u00f6re 3 ev zarar g\u00f6r\u00fcrken yanan evlere m\u00fcdahale devam ediyor. K\u00f6seler Mahallesi&#8217;ne do\u011fru ilerleyen alevlerin \u00f6n\u00fcne ge\u00e7mek i\u00e7in \u0130zmir \u0130tfaiyesi&#8217;nin yan\u0131 s\u0131ra \u0130zmir Orman B\u00f6lge M\u00fcd\u00fcrl\u00fc\u011f\u00fc, AFAD, \u0130zmir B\u00fcy\u00fck\u015fehir Belediyesi \u0130ZSU ekipleri, jandarma, emniyet ekipleri, \u00e7evre illerden ve il\u00e7e belediyelerinden gelen ekipler havadan ve karadan m\u00fcdahaleyi s\u00fcrd\u00fcr\u00fcyor. \u0130zmir \u0130tfaiyesi Su\u00e7\u0131kt\u0131 Mahallesi&#8217;nde yanan evleri korumak i\u00e7in s\u00f6nd\u00fcrme \u00e7al\u0131\u015fmalar\u0131na devam ederken, K\u00f6seler Mahallesi&#8217;nde alevlerin k\u00f6ye inmesini engellemek i\u00e7in de canla ba\u015fla \u00e7al\u0131\u015f\u0131yor. Tedbir ama\u00e7l\u0131 \u00dcz\u00fcml\u00fc Mahallesi\u2019nin de tahliye edildi\u011fi bildirildi. HAYVANLAR KAMYONLARLA TAHL\u0130YE ED\u0130L\u0130YOR Geceden beri ekipler Tosunlar, Su\u00e7\u0131kt\u0131 ve K\u00f6seler mahallelerinde ya\u015fayan yurtta\u015flar\u0131 tahliye etmek i\u00e7in \u00e7al\u0131\u015fmalar\u0131na devam ediyor. Yang\u0131n\u0131n tehdit etti\u011fi K\u00f6seler&#8217;de camiden anons yap\u0131larak tahliye \u00e7a\u011fr\u0131lar\u0131 yinelendi. K\u00f6yde arama kurtarma ekipleri evleri teker teker kontrol ederek vatanda\u015flar\u0131 tahliye &hellip;","og_url":"http:\/\/denizcankizil.tr\/en\/haberler\/gundem\/izmir-odemiste-yanginla-mucadele-suruyor\/","og_site_name":"Av. Deniz Can K\u0131z\u0131l","article_published_time":"2025-07-03T15:42:40+00:00","author":"admin","twitter_card":"summary_large_image","twitter_misc":{"Written by":"admin","Estimated reading time":"3 minutes"},"schema":{"@context":"https:\/\/schema.org","@graph":[{"@type":"Article","@id":"http:\/\/denizcankizil.tr\/en\/haberler\/gundem\/izmir-odemiste-yanginla-mucadele-suruyor\/#article","isPartOf":{"@id":"http:\/\/denizcankizil.tr\/en\/haberler\/gundem\/izmir-odemiste-yanginla-mucadele-suruyor\/"},"author":{"name":"admin","@id":"https:\/\/denizcankizil.tr\/de\/#\/schema\/person\/be3c05fe6a12686905512445d8185489"},"headline":"\u0130zmir \u00d6demi\u015f\u2019te yang\u0131nla m\u00fccadele s\u00fcr\u00fcyor","datePublished":"2025-07-03T15:42:40+00:00","mainEntityOfPage":{"@id":"http:\/\/denizcankizil.tr\/en\/haberler\/gundem\/izmir-odemiste-yanginla-mucadele-suruyor\/"},"wordCount":662,"publisher":{"@id":"https:\/\/denizcankizil.tr\/de\/#organization"},"articleSection":["G\u00fcndem"],"inLanguage":"en-GB"},{"@type":"WebPage","@id":"http:\/\/denizcankizil.tr\/en\/haberler\/gundem\/izmir-odemiste-yanginla-mucadele-suruyor\/","url":"http:\/\/denizcankizil.tr\/en\/haberler\/gundem\/izmir-odemiste-yanginla-mucadele-suruyor\/","name":"\u0130zmir \u00d6demi\u015f\u2019te yang\u0131nla m\u00fccadele s\u00fcr\u00fcyor - Av. Deniz Can K\u0131z\u0131l","isPartOf":{"@id":"https:\/\/denizcankizil.tr\/de\/#website"},"datePublished":"2025-07-03T15:42:40+00:00","breadcrumb":{"@id":"http:\/\/denizcankizil.tr\/en\/haberler\/gundem\/izmir-odemiste-yanginla-mucadele-suruyor\/#breadcrumb"},"inLanguage":"en-GB","potentialAction":[{"@type":"ReadAction","target":["http:\/\/denizcankizil.tr\/en\/haberler\/gundem\/izmir-odemiste-yanginla-mucadele-suruyor\/"]}]},{"@type":"BreadcrumbList","@id":"http:\/\/denizcankizil.tr\/en\/haberler\/gundem\/izmir-odemiste-yanginla-mucadele-suruyor\/#breadcrumb","itemListElement":[{"@type":"ListItem","position":1,"name":"Home","item":"https:\/\/denizcankizil.tr\/de\/"},{"@type":"ListItem","position":2,"name":"\u0130zmir \u00d6demi\u015f\u2019te yang\u0131nla m\u00fccadele s\u00fcr\u00fcyor"}]},{"@type":"WebSite","@id":"https:\/\/denizcankizil.tr\/de\/#website","url":"https:\/\/denizcankizil.tr\/de\/","name":"Av. Deniz Can K\u0131z\u0131l","description":"Avukat Deniz Can K\u0131z\u0131l Antalya Barosu","publisher":{"@id":"https:\/\/denizcankizil.tr\/de\/#organization"},"potentialAction":[{"@type":"SearchAction","target":{"@type":"EntryPoint","urlTemplate":"https:\/\/denizcankizil.tr\/de\/?s={search_term_string}"},"query-input":{"@type":"PropertyValueSpecification","valueRequired":true,"valueName":"search_term_string"}}],"inLanguage":"en-GB"},{"@type":"Organization","@id":"https:\/\/denizcankizil.tr\/de\/#organization","name":"Av. Deniz Can K\u0131z\u0131l","url":"https:\/\/denizcankizil.tr\/de\/","logo":{"@type":"ImageObject","inLanguage":"en-GB","@id":"https:\/\/denizcankizil.tr\/de\/#\/schema\/logo\/image\/","url":"http:\/\/denizcankizil.tr\/wp-content\/uploads\/2024\/10\/siyah-logo-svg.svg","contentUrl":"http:\/\/denizcankizil.tr\/wp-content\/uploads\/2024\/10\/siyah-logo-svg.svg","width":1080,"height":1080,"caption":"Av. Deniz Can K\u0131z\u0131l"},"image":{"@id":"https:\/\/denizcankizil.tr\/de\/#\/schema\/logo\/image\/"}},{"@type":"Person","@id":"https:\/\/denizcankizil.tr\/de\/#\/schema\/person\/be3c05fe6a12686905512445d8185489","name":"admin","image":{"@type":"ImageObject","inLanguage":"en-GB","@id":"https:\/\/denizcankizil.tr\/de\/#\/schema\/person\/image\/","url":"https:\/\/secure.gravatar.com\/avatar\/c1fce94c830dc79107e174f890d7210541c4a63e8e5d816341794a2151c9d58c?s=96&d=mm&r=g","contentUrl":"https:\/\/secure.gravatar.com\/avatar\/c1fce94c830dc79107e174f890d7210541c4a63e8e5d816341794a2151c9d58c?s=96&d=mm&r=g","caption":"admin"},"sameAs":["http:\/\/denizcankizil.tr"],"url":"https:\/\/www.iskenderun.org\/izmir-odemiste-yanginla-mucadele-suruyor"}]}},"_links":{"self":[{"href":"http:\/\/denizcankizil.tr\/en\/wp-json\/wp\/v2\/posts\/134877","targetHints":{"allow":["GET"]}}],"collection":[{"href":"http:\/\/denizcankizil.tr\/en\/wp-json\/wp\/v2\/posts"}],"about":[{"href":"http:\/\/denizcankizil.tr\/en\/wp-json\/wp\/v2\/types\/post"}],"author":[{"embeddable":true,"href":"http:\/\/denizcankizil.tr\/en\/wp-json\/wp\/v2\/users\/1"}],"replies":[{"embeddable":true,"href":"http:\/\/denizcankizil.tr\/en\/wp-json\/wp\/v2\/comments?post=134877"}],"version-history":[{"count":0,"href":"http:\/\/denizcankizil.tr\/en\/wp-json\/wp\/v2\/posts\/134877\/revisions"}],"wp:attachment":[{"href":"http:\/\/denizcankizil.tr\/en\/wp-json\/wp\/v2\/media?parent=134877"}],"wp:term":[{"taxonomy":"category","embeddable":true,"href":"http:\/\/denizcankizil.tr\/en\/wp-json\/wp\/v2\/categories?post=134877"},{"taxonomy":"post_tag","embeddable":true,"href":"http:\/\/denizcankizil.tr\/en\/wp-json\/wp\/v2\/tags?post=134877"}],"curies":[{"name":"wp","href":"https:\/\/api.w.org\/{rel}","templated":true}]}}