{"id":13404,"date":"2024-11-06T14:41:35","date_gmt":"2024-11-06T11:41:35","guid":{"rendered":"https:\/\/denizcankizil.tr\/uncategorized-tr\/burdurda-aile-hekimligi-yonetmeligi-protestosu-cozum-degil-sorun\/"},"modified":"2024-11-06T14:41:35","modified_gmt":"2024-11-06T11:41:35","slug":"burdurda-aile-hekimligi-yonetmeligi-protestosu-cozum-degil-sorun","status":"publish","type":"post","link":"http:\/\/denizcankizil.tr\/en\/haberler\/gundem\/burdurda-aile-hekimligi-yonetmeligi-protestosu-cozum-degil-sorun\/","title":{"rendered":"Burdur&#8217;da Aile Hekimli\u011fi Y\u00f6netmeli\u011fi protestosu: \u00c7\u00f6z\u00fcm de\u011fil, sorun"},"content":{"rendered":"<p>Burdur&#8217;da Genel Sa\u011fl\u0131k \u0130\u015f Sendikas\u0131 \u00fcyeleri aile hekimli\u011fi y\u00f6netmeli\u011fini ele\u015ftiren bas\u0131n a\u00e7\u0131klamas\u0131 yapt\u0131.\u00a0Genel Sa\u011fl\u0131k \u0130\u015f Sendikas\u0131 Burdur \u015eube Ba\u015fkan\u0131 \u00dcmit G\u00fcm\u00fc\u015fta\u015f, yapt\u0131\u011f\u0131 a\u00e7\u0131klamada,\u00a0Y\u00f6netmeli\u011fin eksik, hatal\u0131 y\u00f6nlerini ve \u00e7\u00f6z\u00fcm \u00f6nerilerini bakanl\u0131\u011fa ilettiklerini ancak yetkililerin dikkate almad\u0131\u011f\u0131n\u0131 dikkat \u00e7ekti.\u00a0<\/p>\n<p>BAKANLIK T\u00dcM UYARI, \u00d6NER\u0130 VE ELE\u015eT\u0130R\u0130LER\u0130 DUYMAZDAN GELD\u0130\u00a0\u00a0<\/p>\n<p>\u0130l Sa\u011fl\u0131k M\u00fcd\u00fcrl\u00fc\u011f\u00fc \u00f6n\u00fcndeki a\u00e7\u0131klamada konu\u015fan Genel Sa\u011fl\u0131k \u0130\u015f Sendikas\u0131 Burdur \u015eube Ba\u015fkan\u0131 \u00dcmit G\u00fcm\u00fc\u015fta\u015f, Sa\u011fl\u0131k Bakanl\u0131\u011f\u0131 taraf\u0131ndan haz\u0131rlanan &#8216;Aile Hekimli\u011fi Performans ve \u00d6deme Y\u00f6netmeli\u011fi&#8217;nin sa\u011fl\u0131ktaki sorunlara \u00e7\u00f6z\u00fcm olmayaca\u011f\u0131n\u0131 s\u00f6yledi. G\u00fcm\u00fc\u015fta\u015f, &#8220;Bizler her g\u00fcn y\u00fczbinlerce vatanda\u015f\u0131m\u0131z\u0131 sa\u011fl\u0131\u011f\u0131na kavu\u015fturmak, hastalanmalar\u0131n\u0131 \u00f6nlemek i\u00e7in aile sa\u011fl\u0131\u011f\u0131 merkezlerinde aral\u0131ks\u0131z \u00e7al\u0131\u015fan aile hekimlerinin, aile sa\u011fl\u0131\u011f\u0131 \u00e7al\u0131\u015fanlar\u0131n\u0131n \u00f6rg\u00fctleri olarak; sa\u011fl\u0131k sisteminde ya\u015fanan ve yenido\u011fan skandal\u0131 ile g\u00f6r\u00fcn\u00fcr hale gelen b\u00fcy\u00fck sorunlar\u0131 g\u00f6r\u00fcyor, biliyoruz. Hen\u00fcz yenido\u011fan skandal\u0131 ortaya \u00e7\u0131kmadan \u00f6nce 14 Ekim&#8217;de bakanl\u0131\u011f\u0131n haz\u0131rlamakta oldu\u011fu Aile Hekimli\u011fi Performans ve \u00d6deme Y\u00f6netmeli\u011fi&#8217;nin bu sorunlara \u00e7\u00f6z\u00fcm olmayaca\u011f\u0131n\u0131, sorunlar yuma\u011f\u0131na d\u00f6n\u00fc\u015fm\u00fc\u015f sa\u011fl\u0131k sisteminin d\u00fczeltilebilmesinin yolunun birinci basamak sa\u011fl\u0131k hizmetlerinin ve koruyucu hekimlik uygulamalar\u0131n\u0131n g\u00fc\u00e7lendirilmesi oldu\u011funu hem her kademeden bakanl\u0131k yetkililerine hem kamuoyuna duyurmu\u015ftuk. Y\u00f6netmeli\u011fin eksik, hatal\u0131 y\u00f6nlerini ve \u00e7\u00f6z\u00fcm \u00f6nerilerimizi bakanl\u0131k yetkilileri ile yapt\u0131\u011f\u0131m\u0131z g\u00f6r\u00fc\u015fmelerde iletmi\u015f ve 19 Ekim&#8217;de Ankara&#8217;da d\u00fczenledi\u011fimiz b\u00fcy\u00fck Ankara mitingi ile taleplerimiz konusunda kararl\u0131l\u0131\u011f\u0131m\u0131z\u0131 ifade etmi\u015ftik. Ancak bakanl\u0131k t\u00fcm uyar\u0131, \u00f6neri ve ele\u015ftirilerimizi duymazdan gelip 1 Kas\u0131m itibar\u0131yla y\u00f6netmeli\u011fi y\u00fcr\u00fcrl\u00fc\u011fe soktu&#8221; dedi.<\/p>\n<p>SORUNLAR DAHA DA DER\u0130NLE\u015eECEK<\/p>\n<p>G\u00fcm\u00fc\u015fta\u015f, y\u00f6netmeli\u011fin \u00e7al\u0131\u015fma ko\u015fullar\u0131n\u0131 eziyete d\u00f6n\u00fc\u015ft\u00fcrece\u011fini, halk\u0131n sa\u011fl\u0131\u011f\u0131n\u0131, hekimlerin ve sa\u011fl\u0131k \u00e7al\u0131\u015fanlar\u0131n\u0131n \u00f6zl\u00fck haklar\u0131 ve \u00e7al\u0131\u015fma ko\u015fullar\u0131n\u0131 iyile\u015ftirmek bir yana ya\u015fanmakta olan sorunlar\u0131 daha da derinle\u015ftirece\u011fini belirtti. A\u00e7\u0131klaman\u0131n ard\u0131ndan grup da\u011f\u0131ld\u0131.\u00a0<\/p>\n<p>\u200bBurdur&#8217;da Genel Sa\u011fl\u0131k \u0130\u015f Sendikas\u0131 \u015eube Ba\u015fkan\u0131 \u00dcmit G\u00fcm\u00fc\u015fta\u015f, \u0130l Sa\u011fl\u0131k M\u00fcd\u00fcrl\u00fc\u011f\u00fc \u00f6n\u00fcnde &#8216;Aile Hekimli\u011fi Performans ve \u00d6deme Y\u00f6netmeli\u011fi&#8217;ni ele\u015ftirdi. Y\u00f6netmeli\u011fin \u00e7\u00f6z\u00fcm de\u011fil soruna neden olaca\u011f\u0131n\u0131 s\u00f6yleyen G\u00fcm\u00fc\u015fta\u015f, &#8220;Sorunlar yuma\u011f\u0131na d\u00f6n\u00fc\u015fm\u00fc\u015f sa\u011fl\u0131k sisteminin d\u00fczeltilebilmesinin yolunun birinci basamak sa\u011fl\u0131k hizmetlerinin ve koruyucu hekimlik uygulamalar\u0131n\u0131n g\u00fc\u00e7lendirilmesi gerekiyor&#8221; dedi.\u00a0<\/p>\n<p>\u200bHaberin Al\u0131nt\u0131land\u0131\u011f\u0131 Kaynak: www.antalyakorfez.com<\/p>","protected":false},"excerpt":{"rendered":"<p>Burdur&#8217;da Genel Sa\u011fl\u0131k \u0130\u015f Sendikas\u0131 \u00fcyeleri aile hekimli\u011fi y\u00f6netmeli\u011fini ele\u015ftiren bas\u0131n a\u00e7\u0131klamas\u0131 yapt\u0131.\u00a0Genel Sa\u011fl\u0131k \u0130\u015f Sendikas\u0131 Burdur \u015eube Ba\u015fkan\u0131 \u00dcmit G\u00fcm\u00fc\u015fta\u015f, yapt\u0131\u011f\u0131 a\u00e7\u0131klamada,\u00a0Y\u00f6netmeli\u011fin eksik, hatal\u0131 y\u00f6nlerini ve \u00e7\u00f6z\u00fcm \u00f6nerilerini bakanl\u0131\u011fa ilettiklerini ancak yetkililerin dikkate almad\u0131\u011f\u0131n\u0131 dikkat \u00e7ekti.\u00a0 BAKANLIK T\u00dcM UYARI, \u00d6NER\u0130 VE ELE\u015eT\u0130R\u0130LER\u0130 DUYMAZDAN GELD\u0130\u00a0\u00a0 \u0130l Sa\u011fl\u0131k M\u00fcd\u00fcrl\u00fc\u011f\u00fc \u00f6n\u00fcndeki a\u00e7\u0131klamada konu\u015fan Genel Sa\u011fl\u0131k \u0130\u015f Sendikas\u0131 Burdur \u015eube Ba\u015fkan\u0131 \u00dcmit G\u00fcm\u00fc\u015fta\u015f, Sa\u011fl\u0131k Bakanl\u0131\u011f\u0131 taraf\u0131ndan haz\u0131rlanan &#8216;Aile Hekimli\u011fi Performans ve \u00d6deme Y\u00f6netmeli\u011fi&#8217;nin sa\u011fl\u0131ktaki sorunlara \u00e7\u00f6z\u00fcm olmayaca\u011f\u0131n\u0131 s\u00f6yledi. G\u00fcm\u00fc\u015fta\u015f, &#8220;Bizler her g\u00fcn y\u00fczbinlerce vatanda\u015f\u0131m\u0131z\u0131 sa\u011fl\u0131\u011f\u0131na kavu\u015fturmak, hastalanmalar\u0131n\u0131 \u00f6nlemek i\u00e7in aile sa\u011fl\u0131\u011f\u0131 merkezlerinde aral\u0131ks\u0131z \u00e7al\u0131\u015fan aile hekimlerinin, aile sa\u011fl\u0131\u011f\u0131 \u00e7al\u0131\u015fanlar\u0131n\u0131n \u00f6rg\u00fctleri olarak; sa\u011fl\u0131k sisteminde ya\u015fanan ve yenido\u011fan skandal\u0131 ile g\u00f6r\u00fcn\u00fcr hale gelen b\u00fcy\u00fck sorunlar\u0131 g\u00f6r\u00fcyor, biliyoruz. Hen\u00fcz yenido\u011fan skandal\u0131 ortaya \u00e7\u0131kmadan \u00f6nce 14 Ekim&#8217;de bakanl\u0131\u011f\u0131n haz\u0131rlamakta oldu\u011fu Aile Hekimli\u011fi Performans ve \u00d6deme Y\u00f6netmeli\u011fi&#8217;nin bu sorunlara \u00e7\u00f6z\u00fcm olmayaca\u011f\u0131n\u0131, sorunlar yuma\u011f\u0131na d\u00f6n\u00fc\u015fm\u00fc\u015f sa\u011fl\u0131k sisteminin d\u00fczeltilebilmesinin yolunun birinci basamak sa\u011fl\u0131k hizmetlerinin ve koruyucu hekimlik uygulamalar\u0131n\u0131n g\u00fc\u00e7lendirilmesi oldu\u011funu hem her kademeden bakanl\u0131k yetkililerine hem kamuoyuna duyurmu\u015ftuk. Y\u00f6netmeli\u011fin eksik, hatal\u0131 y\u00f6nlerini ve \u00e7\u00f6z\u00fcm \u00f6nerilerimizi bakanl\u0131k yetkilileri ile yapt\u0131\u011f\u0131m\u0131z g\u00f6r\u00fc\u015fmelerde iletmi\u015f ve 19 Ekim&#8217;de Ankara&#8217;da d\u00fczenledi\u011fimiz b\u00fcy\u00fck Ankara mitingi ile taleplerimiz konusunda kararl\u0131l\u0131\u011f\u0131m\u0131z\u0131 ifade etmi\u015ftik. Ancak bakanl\u0131k t\u00fcm uyar\u0131, \u00f6neri ve ele\u015ftirilerimizi duymazdan gelip 1 Kas\u0131m itibar\u0131yla y\u00f6netmeli\u011fi y\u00fcr\u00fcrl\u00fc\u011fe soktu&#8221; &hellip;<\/p>","protected":false},"author":0,"featured_media":0,"comment_status":"open","ping_status":"open","sticky":false,"template":"","format":"standard","meta":{"_acf_changed":false,"footnotes":""},"categories":[24,535],"tags":[],"class_list":["post-13404","post","type-post","status-publish","format-standard","has-post-thumbnail","hentry","category-gundem","category-uncategorized-tr"],"acf":[],"yoast_head":"<!-- This site is optimized with the Yoast SEO Premium plugin v26.6 (Yoast SEO v27.1.1) - https:\/\/yoast.com\/product\/yoast-seo-premium-wordpress\/ -->\n<title>Burdur&#039;da Aile Hekimli\u011fi Y\u00f6netmeli\u011fi protestosu: \u00c7\u00f6z\u00fcm de\u011fil, sorun - Av. Deniz Can K\u0131z\u0131l<\/title>\n<meta name=\"robots\" content=\"index, follow, max-snippet:-1, max-image-preview:large, max-video-preview:-1\" \/>\n<link rel=\"canonical\" href=\"http:\/\/denizcankizil.tr\/en\/haberler\/gundem\/burdurda-aile-hekimligi-yonetmeligi-protestosu-cozum-degil-sorun\/\" \/>\n<meta property=\"og:locale\" content=\"en_GB\" \/>\n<meta property=\"og:type\" content=\"article\" \/>\n<meta property=\"og:title\" content=\"Burdur&#039;da Aile Hekimli\u011fi Y\u00f6netmeli\u011fi protestosu: \u00c7\u00f6z\u00fcm de\u011fil, sorun\" \/>\n<meta property=\"og:description\" content=\"Burdur&#8217;da Genel Sa\u011fl\u0131k \u0130\u015f Sendikas\u0131 \u00fcyeleri aile hekimli\u011fi y\u00f6netmeli\u011fini ele\u015ftiren bas\u0131n a\u00e7\u0131klamas\u0131 yapt\u0131.\u00a0Genel Sa\u011fl\u0131k \u0130\u015f Sendikas\u0131 Burdur \u015eube Ba\u015fkan\u0131 \u00dcmit G\u00fcm\u00fc\u015fta\u015f, yapt\u0131\u011f\u0131 a\u00e7\u0131klamada,\u00a0Y\u00f6netmeli\u011fin eksik, hatal\u0131 y\u00f6nlerini ve \u00e7\u00f6z\u00fcm \u00f6nerilerini bakanl\u0131\u011fa ilettiklerini ancak yetkililerin dikkate almad\u0131\u011f\u0131n\u0131 dikkat \u00e7ekti.\u00a0 BAKANLIK T\u00dcM UYARI, \u00d6NER\u0130 VE ELE\u015eT\u0130R\u0130LER\u0130 DUYMAZDAN GELD\u0130\u00a0\u00a0 \u0130l Sa\u011fl\u0131k M\u00fcd\u00fcrl\u00fc\u011f\u00fc \u00f6n\u00fcndeki a\u00e7\u0131klamada konu\u015fan Genel Sa\u011fl\u0131k \u0130\u015f Sendikas\u0131 Burdur \u015eube Ba\u015fkan\u0131 \u00dcmit G\u00fcm\u00fc\u015fta\u015f, Sa\u011fl\u0131k Bakanl\u0131\u011f\u0131 taraf\u0131ndan haz\u0131rlanan &#8216;Aile Hekimli\u011fi Performans ve \u00d6deme Y\u00f6netmeli\u011fi&#8217;nin sa\u011fl\u0131ktaki sorunlara \u00e7\u00f6z\u00fcm olmayaca\u011f\u0131n\u0131 s\u00f6yledi. G\u00fcm\u00fc\u015fta\u015f, &#8220;Bizler her g\u00fcn y\u00fczbinlerce vatanda\u015f\u0131m\u0131z\u0131 sa\u011fl\u0131\u011f\u0131na kavu\u015fturmak, hastalanmalar\u0131n\u0131 \u00f6nlemek i\u00e7in aile sa\u011fl\u0131\u011f\u0131 merkezlerinde aral\u0131ks\u0131z \u00e7al\u0131\u015fan aile hekimlerinin, aile sa\u011fl\u0131\u011f\u0131 \u00e7al\u0131\u015fanlar\u0131n\u0131n \u00f6rg\u00fctleri olarak; sa\u011fl\u0131k sisteminde ya\u015fanan ve yenido\u011fan skandal\u0131 ile g\u00f6r\u00fcn\u00fcr hale gelen b\u00fcy\u00fck sorunlar\u0131 g\u00f6r\u00fcyor, biliyoruz. Hen\u00fcz yenido\u011fan skandal\u0131 ortaya \u00e7\u0131kmadan \u00f6nce 14 Ekim&#8217;de bakanl\u0131\u011f\u0131n haz\u0131rlamakta oldu\u011fu Aile Hekimli\u011fi Performans ve \u00d6deme Y\u00f6netmeli\u011fi&#8217;nin bu sorunlara \u00e7\u00f6z\u00fcm olmayaca\u011f\u0131n\u0131, sorunlar yuma\u011f\u0131na d\u00f6n\u00fc\u015fm\u00fc\u015f sa\u011fl\u0131k sisteminin d\u00fczeltilebilmesinin yolunun birinci basamak sa\u011fl\u0131k hizmetlerinin ve koruyucu hekimlik uygulamalar\u0131n\u0131n g\u00fc\u00e7lendirilmesi oldu\u011funu hem her kademeden bakanl\u0131k yetkililerine hem kamuoyuna duyurmu\u015ftuk. Y\u00f6netmeli\u011fin eksik, hatal\u0131 y\u00f6nlerini ve \u00e7\u00f6z\u00fcm \u00f6nerilerimizi bakanl\u0131k yetkilileri ile yapt\u0131\u011f\u0131m\u0131z g\u00f6r\u00fc\u015fmelerde iletmi\u015f ve 19 Ekim&#8217;de Ankara&#8217;da d\u00fczenledi\u011fimiz b\u00fcy\u00fck Ankara mitingi ile taleplerimiz konusunda kararl\u0131l\u0131\u011f\u0131m\u0131z\u0131 ifade etmi\u015ftik. Ancak bakanl\u0131k t\u00fcm uyar\u0131, \u00f6neri ve ele\u015ftirilerimizi duymazdan gelip 1 Kas\u0131m itibar\u0131yla y\u00f6netmeli\u011fi y\u00fcr\u00fcrl\u00fc\u011fe soktu&#8221; &hellip;\" \/>\n<meta property=\"og:url\" content=\"http:\/\/denizcankizil.tr\/en\/haberler\/gundem\/burdurda-aile-hekimligi-yonetmeligi-protestosu-cozum-degil-sorun\/\" \/>\n<meta property=\"og:site_name\" content=\"Av. Deniz Can K\u0131z\u0131l\" \/>\n<meta property=\"article:published_time\" content=\"2024-11-06T11:41:35+00:00\" \/>\n<meta name=\"twitter:card\" content=\"summary_large_image\" \/>\n<meta name=\"twitter:label1\" content=\"Estimated reading time\" \/>\n\t<meta name=\"twitter:data1\" content=\"2 minutes\" \/>\n<script type=\"application\/ld+json\" class=\"yoast-schema-graph\">{\"@context\":\"https:\/\/schema.org\",\"@graph\":[{\"@type\":\"Article\",\"@id\":\"http:\/\/denizcankizil.tr\/en\/haberler\/gundem\/burdurda-aile-hekimligi-yonetmeligi-protestosu-cozum-degil-sorun\/#article\",\"isPartOf\":{\"@id\":\"http:\/\/denizcankizil.tr\/en\/haberler\/gundem\/burdurda-aile-hekimligi-yonetmeligi-protestosu-cozum-degil-sorun\/\"},\"author\":{\"name\":\"\",\"@id\":\"\"},\"headline\":\"Burdur&#8217;da Aile Hekimli\u011fi Y\u00f6netmeli\u011fi protestosu: \u00c7\u00f6z\u00fcm de\u011fil, sorun\",\"datePublished\":\"2024-11-06T11:41:35+00:00\",\"mainEntityOfPage\":{\"@id\":\"http:\/\/denizcankizil.tr\/en\/haberler\/gundem\/burdurda-aile-hekimligi-yonetmeligi-protestosu-cozum-degil-sorun\/\"},\"wordCount\":503,\"commentCount\":0,\"publisher\":{\"@id\":\"https:\/\/denizcankizil.tr\/de\/#organization\"},\"articleSection\":[\"G\u00fcndem\",\"Uncategorized\"],\"inLanguage\":\"en-GB\",\"potentialAction\":[{\"@type\":\"CommentAction\",\"name\":\"Comment\",\"target\":[\"http:\/\/denizcankizil.tr\/en\/haberler\/gundem\/burdurda-aile-hekimligi-yonetmeligi-protestosu-cozum-degil-sorun\/#respond\"]}]},{\"@type\":\"WebPage\",\"@id\":\"http:\/\/denizcankizil.tr\/en\/haberler\/gundem\/burdurda-aile-hekimligi-yonetmeligi-protestosu-cozum-degil-sorun\/\",\"url\":\"http:\/\/denizcankizil.tr\/en\/haberler\/gundem\/burdurda-aile-hekimligi-yonetmeligi-protestosu-cozum-degil-sorun\/\",\"name\":\"Burdur'da Aile Hekimli\u011fi Y\u00f6netmeli\u011fi protestosu: \u00c7\u00f6z\u00fcm de\u011fil, sorun - Av. Deniz Can K\u0131z\u0131l\",\"isPartOf\":{\"@id\":\"https:\/\/denizcankizil.tr\/de\/#website\"},\"datePublished\":\"2024-11-06T11:41:35+00:00\",\"breadcrumb\":{\"@id\":\"http:\/\/denizcankizil.tr\/en\/haberler\/gundem\/burdurda-aile-hekimligi-yonetmeligi-protestosu-cozum-degil-sorun\/#breadcrumb\"},\"inLanguage\":\"en-GB\",\"potentialAction\":[{\"@type\":\"ReadAction\",\"target\":[\"http:\/\/denizcankizil.tr\/en\/haberler\/gundem\/burdurda-aile-hekimligi-yonetmeligi-protestosu-cozum-degil-sorun\/\"]}]},{\"@type\":\"BreadcrumbList\",\"@id\":\"http:\/\/denizcankizil.tr\/en\/haberler\/gundem\/burdurda-aile-hekimligi-yonetmeligi-protestosu-cozum-degil-sorun\/#breadcrumb\",\"itemListElement\":[{\"@type\":\"ListItem\",\"position\":1,\"name\":\"Home\",\"item\":\"https:\/\/denizcankizil.tr\/de\/\"},{\"@type\":\"ListItem\",\"position\":2,\"name\":\"Burdur&#8217;da Aile Hekimli\u011fi Y\u00f6netmeli\u011fi protestosu: \u00c7\u00f6z\u00fcm de\u011fil, sorun\"}]},{\"@type\":\"WebSite\",\"@id\":\"https:\/\/denizcankizil.tr\/de\/#website\",\"url\":\"https:\/\/denizcankizil.tr\/de\/\",\"name\":\"Av. Deniz Can K\u0131z\u0131l\",\"description\":\"Avukat Deniz Can K\u0131z\u0131l Antalya Barosu\",\"publisher\":{\"@id\":\"https:\/\/denizcankizil.tr\/de\/#organization\"},\"potentialAction\":[{\"@type\":\"SearchAction\",\"target\":{\"@type\":\"EntryPoint\",\"urlTemplate\":\"https:\/\/denizcankizil.tr\/de\/?s={search_term_string}\"},\"query-input\":{\"@type\":\"PropertyValueSpecification\",\"valueRequired\":true,\"valueName\":\"search_term_string\"}}],\"inLanguage\":\"en-GB\"},{\"@type\":\"Organization\",\"@id\":\"https:\/\/denizcankizil.tr\/de\/#organization\",\"name\":\"Av. Deniz Can K\u0131z\u0131l\",\"url\":\"https:\/\/denizcankizil.tr\/de\/\",\"logo\":{\"@type\":\"ImageObject\",\"inLanguage\":\"en-GB\",\"@id\":\"https:\/\/denizcankizil.tr\/de\/#\/schema\/logo\/image\/\",\"url\":\"http:\/\/denizcankizil.tr\/wp-content\/uploads\/2024\/10\/siyah-logo-svg.svg\",\"contentUrl\":\"http:\/\/denizcankizil.tr\/wp-content\/uploads\/2024\/10\/siyah-logo-svg.svg\",\"width\":1080,\"height\":1080,\"caption\":\"Av. Deniz Can K\u0131z\u0131l\"},\"image\":{\"@id\":\"https:\/\/denizcankizil.tr\/de\/#\/schema\/logo\/image\/\"}}]}<\/script>\n<!-- \/ Yoast SEO Premium plugin. -->","yoast_head_json":{"title":"Burdur'da Aile Hekimli\u011fi Y\u00f6netmeli\u011fi protestosu: \u00c7\u00f6z\u00fcm de\u011fil, sorun - Av. Deniz Can K\u0131z\u0131l","robots":{"index":"index","follow":"follow","max-snippet":"max-snippet:-1","max-image-preview":"max-image-preview:large","max-video-preview":"max-video-preview:-1"},"canonical":"http:\/\/denizcankizil.tr\/en\/haberler\/gundem\/burdurda-aile-hekimligi-yonetmeligi-protestosu-cozum-degil-sorun\/","og_locale":"en_GB","og_type":"article","og_title":"Burdur'da Aile Hekimli\u011fi Y\u00f6netmeli\u011fi protestosu: \u00c7\u00f6z\u00fcm de\u011fil, sorun","og_description":"Burdur&#8217;da Genel Sa\u011fl\u0131k \u0130\u015f Sendikas\u0131 \u00fcyeleri aile hekimli\u011fi y\u00f6netmeli\u011fini ele\u015ftiren bas\u0131n a\u00e7\u0131klamas\u0131 yapt\u0131.\u00a0Genel Sa\u011fl\u0131k \u0130\u015f Sendikas\u0131 Burdur \u015eube Ba\u015fkan\u0131 \u00dcmit G\u00fcm\u00fc\u015fta\u015f, yapt\u0131\u011f\u0131 a\u00e7\u0131klamada,\u00a0Y\u00f6netmeli\u011fin eksik, hatal\u0131 y\u00f6nlerini ve \u00e7\u00f6z\u00fcm \u00f6nerilerini bakanl\u0131\u011fa ilettiklerini ancak yetkililerin dikkate almad\u0131\u011f\u0131n\u0131 dikkat \u00e7ekti.\u00a0 BAKANLIK T\u00dcM UYARI, \u00d6NER\u0130 VE ELE\u015eT\u0130R\u0130LER\u0130 DUYMAZDAN GELD\u0130\u00a0\u00a0 \u0130l Sa\u011fl\u0131k M\u00fcd\u00fcrl\u00fc\u011f\u00fc \u00f6n\u00fcndeki a\u00e7\u0131klamada konu\u015fan Genel Sa\u011fl\u0131k \u0130\u015f Sendikas\u0131 Burdur \u015eube Ba\u015fkan\u0131 \u00dcmit G\u00fcm\u00fc\u015fta\u015f, Sa\u011fl\u0131k Bakanl\u0131\u011f\u0131 taraf\u0131ndan haz\u0131rlanan &#8216;Aile Hekimli\u011fi Performans ve \u00d6deme Y\u00f6netmeli\u011fi&#8217;nin sa\u011fl\u0131ktaki sorunlara \u00e7\u00f6z\u00fcm olmayaca\u011f\u0131n\u0131 s\u00f6yledi. G\u00fcm\u00fc\u015fta\u015f, &#8220;Bizler her g\u00fcn y\u00fczbinlerce vatanda\u015f\u0131m\u0131z\u0131 sa\u011fl\u0131\u011f\u0131na kavu\u015fturmak, hastalanmalar\u0131n\u0131 \u00f6nlemek i\u00e7in aile sa\u011fl\u0131\u011f\u0131 merkezlerinde aral\u0131ks\u0131z \u00e7al\u0131\u015fan aile hekimlerinin, aile sa\u011fl\u0131\u011f\u0131 \u00e7al\u0131\u015fanlar\u0131n\u0131n \u00f6rg\u00fctleri olarak; sa\u011fl\u0131k sisteminde ya\u015fanan ve yenido\u011fan skandal\u0131 ile g\u00f6r\u00fcn\u00fcr hale gelen b\u00fcy\u00fck sorunlar\u0131 g\u00f6r\u00fcyor, biliyoruz. Hen\u00fcz yenido\u011fan skandal\u0131 ortaya \u00e7\u0131kmadan \u00f6nce 14 Ekim&#8217;de bakanl\u0131\u011f\u0131n haz\u0131rlamakta oldu\u011fu Aile Hekimli\u011fi Performans ve \u00d6deme Y\u00f6netmeli\u011fi&#8217;nin bu sorunlara \u00e7\u00f6z\u00fcm olmayaca\u011f\u0131n\u0131, sorunlar yuma\u011f\u0131na d\u00f6n\u00fc\u015fm\u00fc\u015f sa\u011fl\u0131k sisteminin d\u00fczeltilebilmesinin yolunun birinci basamak sa\u011fl\u0131k hizmetlerinin ve koruyucu hekimlik uygulamalar\u0131n\u0131n g\u00fc\u00e7lendirilmesi oldu\u011funu hem her kademeden bakanl\u0131k yetkililerine hem kamuoyuna duyurmu\u015ftuk. Y\u00f6netmeli\u011fin eksik, hatal\u0131 y\u00f6nlerini ve \u00e7\u00f6z\u00fcm \u00f6nerilerimizi bakanl\u0131k yetkilileri ile yapt\u0131\u011f\u0131m\u0131z g\u00f6r\u00fc\u015fmelerde iletmi\u015f ve 19 Ekim&#8217;de Ankara&#8217;da d\u00fczenledi\u011fimiz b\u00fcy\u00fck Ankara mitingi ile taleplerimiz konusunda kararl\u0131l\u0131\u011f\u0131m\u0131z\u0131 ifade etmi\u015ftik. Ancak bakanl\u0131k t\u00fcm uyar\u0131, \u00f6neri ve ele\u015ftirilerimizi duymazdan gelip 1 Kas\u0131m itibar\u0131yla y\u00f6netmeli\u011fi y\u00fcr\u00fcrl\u00fc\u011fe soktu&#8221; &hellip;","og_url":"http:\/\/denizcankizil.tr\/en\/haberler\/gundem\/burdurda-aile-hekimligi-yonetmeligi-protestosu-cozum-degil-sorun\/","og_site_name":"Av. Deniz Can K\u0131z\u0131l","article_published_time":"2024-11-06T11:41:35+00:00","twitter_card":"summary_large_image","twitter_misc":{"Estimated reading time":"2 minutes"},"schema":{"@context":"https:\/\/schema.org","@graph":[{"@type":"Article","@id":"http:\/\/denizcankizil.tr\/en\/haberler\/gundem\/burdurda-aile-hekimligi-yonetmeligi-protestosu-cozum-degil-sorun\/#article","isPartOf":{"@id":"http:\/\/denizcankizil.tr\/en\/haberler\/gundem\/burdurda-aile-hekimligi-yonetmeligi-protestosu-cozum-degil-sorun\/"},"author":{"name":"","@id":""},"headline":"Burdur&#8217;da Aile Hekimli\u011fi Y\u00f6netmeli\u011fi protestosu: \u00c7\u00f6z\u00fcm de\u011fil, sorun","datePublished":"2024-11-06T11:41:35+00:00","mainEntityOfPage":{"@id":"http:\/\/denizcankizil.tr\/en\/haberler\/gundem\/burdurda-aile-hekimligi-yonetmeligi-protestosu-cozum-degil-sorun\/"},"wordCount":503,"commentCount":0,"publisher":{"@id":"https:\/\/denizcankizil.tr\/de\/#organization"},"articleSection":["G\u00fcndem","Uncategorized"],"inLanguage":"en-GB","potentialAction":[{"@type":"CommentAction","name":"Comment","target":["http:\/\/denizcankizil.tr\/en\/haberler\/gundem\/burdurda-aile-hekimligi-yonetmeligi-protestosu-cozum-degil-sorun\/#respond"]}]},{"@type":"WebPage","@id":"http:\/\/denizcankizil.tr\/en\/haberler\/gundem\/burdurda-aile-hekimligi-yonetmeligi-protestosu-cozum-degil-sorun\/","url":"http:\/\/denizcankizil.tr\/en\/haberler\/gundem\/burdurda-aile-hekimligi-yonetmeligi-protestosu-cozum-degil-sorun\/","name":"Burdur'da Aile Hekimli\u011fi Y\u00f6netmeli\u011fi protestosu: \u00c7\u00f6z\u00fcm de\u011fil, sorun - Av. Deniz Can K\u0131z\u0131l","isPartOf":{"@id":"https:\/\/denizcankizil.tr\/de\/#website"},"datePublished":"2024-11-06T11:41:35+00:00","breadcrumb":{"@id":"http:\/\/denizcankizil.tr\/en\/haberler\/gundem\/burdurda-aile-hekimligi-yonetmeligi-protestosu-cozum-degil-sorun\/#breadcrumb"},"inLanguage":"en-GB","potentialAction":[{"@type":"ReadAction","target":["http:\/\/denizcankizil.tr\/en\/haberler\/gundem\/burdurda-aile-hekimligi-yonetmeligi-protestosu-cozum-degil-sorun\/"]}]},{"@type":"BreadcrumbList","@id":"http:\/\/denizcankizil.tr\/en\/haberler\/gundem\/burdurda-aile-hekimligi-yonetmeligi-protestosu-cozum-degil-sorun\/#breadcrumb","itemListElement":[{"@type":"ListItem","position":1,"name":"Home","item":"https:\/\/denizcankizil.tr\/de\/"},{"@type":"ListItem","position":2,"name":"Burdur&#8217;da Aile Hekimli\u011fi Y\u00f6netmeli\u011fi protestosu: \u00c7\u00f6z\u00fcm de\u011fil, sorun"}]},{"@type":"WebSite","@id":"https:\/\/denizcankizil.tr\/de\/#website","url":"https:\/\/denizcankizil.tr\/de\/","name":"Av. Deniz Can K\u0131z\u0131l","description":"Avukat Deniz Can K\u0131z\u0131l Antalya Barosu","publisher":{"@id":"https:\/\/denizcankizil.tr\/de\/#organization"},"potentialAction":[{"@type":"SearchAction","target":{"@type":"EntryPoint","urlTemplate":"https:\/\/denizcankizil.tr\/de\/?s={search_term_string}"},"query-input":{"@type":"PropertyValueSpecification","valueRequired":true,"valueName":"search_term_string"}}],"inLanguage":"en-GB"},{"@type":"Organization","@id":"https:\/\/denizcankizil.tr\/de\/#organization","name":"Av. Deniz Can K\u0131z\u0131l","url":"https:\/\/denizcankizil.tr\/de\/","logo":{"@type":"ImageObject","inLanguage":"en-GB","@id":"https:\/\/denizcankizil.tr\/de\/#\/schema\/logo\/image\/","url":"http:\/\/denizcankizil.tr\/wp-content\/uploads\/2024\/10\/siyah-logo-svg.svg","contentUrl":"http:\/\/denizcankizil.tr\/wp-content\/uploads\/2024\/10\/siyah-logo-svg.svg","width":1080,"height":1080,"caption":"Av. Deniz Can K\u0131z\u0131l"},"image":{"@id":"https:\/\/denizcankizil.tr\/de\/#\/schema\/logo\/image\/"}}]}},"_links":{"self":[{"href":"http:\/\/denizcankizil.tr\/en\/wp-json\/wp\/v2\/posts\/13404","targetHints":{"allow":["GET"]}}],"collection":[{"href":"http:\/\/denizcankizil.tr\/en\/wp-json\/wp\/v2\/posts"}],"about":[{"href":"http:\/\/denizcankizil.tr\/en\/wp-json\/wp\/v2\/types\/post"}],"replies":[{"embeddable":true,"href":"http:\/\/denizcankizil.tr\/en\/wp-json\/wp\/v2\/comments?post=13404"}],"version-history":[{"count":0,"href":"http:\/\/denizcankizil.tr\/en\/wp-json\/wp\/v2\/posts\/13404\/revisions"}],"wp:attachment":[{"href":"http:\/\/denizcankizil.tr\/en\/wp-json\/wp\/v2\/media?parent=13404"}],"wp:term":[{"taxonomy":"category","embeddable":true,"href":"http:\/\/denizcankizil.tr\/en\/wp-json\/wp\/v2\/categories?post=13404"},{"taxonomy":"post_tag","embeddable":true,"href":"http:\/\/denizcankizil.tr\/en\/wp-json\/wp\/v2\/tags?post=13404"}],"curies":[{"name":"wp","href":"https:\/\/api.w.org\/{rel}","templated":true}]}}